{"id":89887,"date":"2024-08-29T12:50:44","date_gmt":"2024-08-29T19:50:44","guid":{"rendered":"https:\/\/fuentesfidedignas.com.mx\/?p=89887"},"modified":"2024-08-29T12:50:44","modified_gmt":"2024-08-29T19:50:44","slug":"con-aplanadora-de-morena-y-aliados-se-instala-66-legislatura-en-san-lazaro","status":"publish","type":"post","link":"https:\/\/fuentesfidedignas.com.mx\/index.php\/2024\/08\/29\/con-aplanadora-de-morena-y-aliados-se-instala-66-legislatura-en-san-lazaro\/","title":{"rendered":"Con \u2018aplanadora\u2019 de Morena y aliados, se instala 66 Legislatura en San L\u00e1zaro"},"content":{"rendered":"\n<p><strong><em>La nueva legislatura iniciar\u00e1 oficialmente el 1 de septiembre con 257 diputados de Morena; 71, del PAN; 60, del PVEM; 47, del PT; 36, del PRI; 27, de MC, una del PRD y una independiente<\/em><\/strong><\/p>\n\n\n\n<p>Ciudad de M\u00e9xico.- Con mayor\u00eda calificada de Morena y aliados, los integrantes de la 66 Legislatura de la C\u00e1mara de Diputados rindieron protesta hoy y eligieron por unanimidad, con 496 votos, la Mesa Directiva presidida por la morenista Ifigenia Mart\u00ednez, quien ser\u00e1 la encargada de entregar la banda presidencial a Claudia Sheinbaum el pr\u00f3ximo 1 de octubre.<\/p>\n\n\n\n<p><strong>La nueva legislatura iniciar\u00e1 oficialmente el 1 de septiembre con 257 diputados de Morena<\/strong>; 71, del PAN; 60, del PVEM; 47, del PT; 36, del PRI; 27, de MC, una del PRD y una independiente.<\/p>\n\n\n\n<p>Antes de la sesi\u00f3n constitutiva de la 66 Legislatura, 17 legisladores verdes y cuatro petistas se sumaron a Morena, con lo que la bancada guinda alcanz\u00f3 la mayor\u00eda absoluta y con ello presidir\u00e1 la Junta de Coordnaci\u00f3n Pol\u00edtica de la C\u00e1mara de Diputados.<\/p>\n\n\n\n<p>Los nuevos grupos parlamentarios de Morena y del PAN protagonizaron hoy su primera confrontaci\u00f3n a gritos en el pleno.<\/p>\n\n\n\n<p>Cuando la secretaria general de la C\u00e1mara de Diputados, Graciela B\u00e1ez, daba cuenta de la conformaci\u00f3n de la legislatura y confirmaba al PAN como segunda fuerza parlamentaria, los representantes del blanquiazul arengaron con la consigna \u201c\u00a1Resistencia!, \u00a1Resistencia!, \u00a1Resistencia!\u201d, pero la&nbsp;<em>aplanadora<\/em>&nbsp;de Morena respondi\u00f3 y acall\u00f3 a sus adversarios con el grito \u201c\u00a1Presidenta, Presidenta, Presidenta!\u201d.<\/p>\n\n\n\n<p>El pleno cameral aprob\u00f3 posteriormente la integraci\u00f3n de la Mesa Directiva para el primer a\u00f1o de la legislatura.<\/p>\n\n\n\n<p>Adem\u00e1s de la diputada presidenta Ifigenia Mart\u00ednez; el legislador morenista Sergio Guti\u00e9rrez, la panista Kenia L\u00f3pez y la ecologista Mar\u00eda del Carmen Pinete ocupar\u00e1n las vicepresidencias.<\/p>\n\n\n\n<p>Julieta Villalpando, de Morena; Alan Sahir M\u00e1rquez, del PAN; Nayeli Fern\u00e1ndez, del PVEM; Pedro V\u00e1zquez, del PT; Fuensanta Guerrero, del PRI, y Laura Ballesteros, de MC, ser\u00e1n los secretarios de la C\u00e1mara de Diputados.<\/p>\n\n\n\n<p>La Mesa Directiva convoc\u00f3 a sesi\u00f3n de Congreso General el pr\u00f3ximo domingo 1 de septiembre para abrir su primer periodo ordinario de sesiones y recibir el sexto y \u00faltimo informe de gobierno del presidente Andr\u00e9s Manuel L\u00f3pez Obrador.<\/p>\n","protected":false},"excerpt":{"rendered":"<p>La nueva legislatura iniciar\u00e1 oficialmente el 1 de septiembre con 257 diputados de Morena; 71, del PAN; 60, del PVEM; 47, del PT; 36, del PRI; 27, de MC, una del PRD y una independiente Ciudad de M\u00e9xico.- Con mayor\u00eda calificada de Morena y aliados, los integrantes de la 66 Legislatura de la C\u00e1mara de [&hellip;]<\/p>\n","protected":false},"author":9,"featured_media":89886,"comment_status":"closed","ping_status":"open","sticky":false,"template":"","format":"standard","meta":{"tdm_status":"","tdm_grid_status":"","footnotes":""},"categories":[39],"tags":[],"class_list":{"0":"post-89887","1":"post","2":"type-post","3":"status-publish","4":"format-standard","5":"has-post-thumbnail","7":"category-noticias-nacionales"},"yoast_head":"<!-- This site is optimized with the Yoast SEO plugin v27.5 - https:\/\/yoast.com\/product\/yoast-seo-wordpress\/ -->\n<title>Con \u2018aplanadora\u2019 de Morena y aliados, se instala 66 Legislatura en San L\u00e1zaro - Fuentes Fidedignas<\/title>\n<meta name=\"robots\" content=\"index, follow, max-snippet:-1, max-image-preview:large, max-video-preview:-1\" \/>\n<link rel=\"canonical\" href=\"https:\/\/fuentesfidedignas.com.mx\/index.php\/2024\/08\/29\/con-aplanadora-de-morena-y-aliados-se-instala-66-legislatura-en-san-lazaro\/\" \/>\n<meta property=\"og:locale\" content=\"es_MX\" \/>\n<meta property=\"og:type\" content=\"article\" \/>\n<meta property=\"og:title\" content=\"Con \u2018aplanadora\u2019 de Morena y aliados, se instala 66 Legislatura en San L\u00e1zaro - Fuentes Fidedignas\" \/>\n<meta property=\"og:description\" content=\"La nueva legislatura iniciar\u00e1 oficialmente el 1 de septiembre con 257 diputados de Morena; 71, del PAN; 60, del PVEM; 47, del PT; 36, del PRI; 27, de MC, una del PRD y una independiente Ciudad de M\u00e9xico.- Con mayor\u00eda calificada de Morena y aliados, los integrantes de la 66 Legislatura de la C\u00e1mara de [&hellip;]\" \/>\n<meta property=\"og:url\" content=\"https:\/\/fuentesfidedignas.com.mx\/index.php\/2024\/08\/29\/con-aplanadora-de-morena-y-aliados-se-instala-66-legislatura-en-san-lazaro\/\" \/>\n<meta property=\"og:site_name\" content=\"Fuentes Fidedignas\" \/>\n<meta property=\"article:publisher\" content=\"https:\/\/www.facebook.com\/Fuentes-Fidedignas-368234489921644\" \/>\n<meta property=\"article:published_time\" content=\"2024-08-29T19:50:44+00:00\" \/>\n<meta property=\"og:image\" content=\"https:\/\/fuentesfidedignas.com.mx\/wp-content\/uploads\/2024\/08\/img_5949-1.jpg\" \/>\n\t<meta property=\"og:image:width\" content=\"1536\" \/>\n\t<meta property=\"og:image:height\" content=\"1023\" \/>\n\t<meta property=\"og:image:type\" content=\"image\/jpeg\" \/>\n<meta name=\"author\" content=\"Milenio\" \/>\n<meta name=\"twitter:card\" content=\"summary_large_image\" \/>\n<meta name=\"twitter:creator\" content=\"@fidedignas\" \/>\n<meta name=\"twitter:site\" content=\"@fidedignas\" \/>\n<meta name=\"twitter:label1\" content=\"Escrito por\" \/>\n\t<meta name=\"twitter:data1\" content=\"Milenio\" \/>\n\t<meta name=\"twitter:label2\" content=\"Tiempo de lectura\" \/>\n\t<meta name=\"twitter:data2\" content=\"2 minutos\" \/>\n<script type=\"application\/ld+json\" class=\"yoast-schema-graph\">{\"@context\":\"https:\\\/\\\/schema.org\",\"@graph\":[{\"@type\":\"Article\",\"@id\":\"https:\\\/\\\/fuentesfidedignas.com.mx\\\/index.php\\\/2024\\\/08\\\/29\\\/con-aplanadora-de-morena-y-aliados-se-instala-66-legislatura-en-san-lazaro\\\/#article\",\"isPartOf\":{\"@id\":\"https:\\\/\\\/fuentesfidedignas.com.mx\\\/index.php\\\/2024\\\/08\\\/29\\\/con-aplanadora-de-morena-y-aliados-se-instala-66-legislatura-en-san-lazaro\\\/\"},\"author\":{\"name\":\"Milenio\",\"@id\":\"https:\\\/\\\/fuentesfidedignas.com.mx\\\/#\\\/schema\\\/person\\\/47ec0135738f4b0c7495f06a77a2c976\"},\"headline\":\"Con \u2018aplanadora\u2019 de Morena y aliados, se instala 66 Legislatura en San L\u00e1zaro\",\"datePublished\":\"2024-08-29T19:50:44+00:00\",\"mainEntityOfPage\":{\"@id\":\"https:\\\/\\\/fuentesfidedignas.com.mx\\\/index.php\\\/2024\\\/08\\\/29\\\/con-aplanadora-de-morena-y-aliados-se-instala-66-legislatura-en-san-lazaro\\\/\"},\"wordCount\":387,\"publisher\":{\"@id\":\"https:\\\/\\\/fuentesfidedignas.com.mx\\\/#organization\"},\"image\":{\"@id\":\"https:\\\/\\\/fuentesfidedignas.com.mx\\\/index.php\\\/2024\\\/08\\\/29\\\/con-aplanadora-de-morena-y-aliados-se-instala-66-legislatura-en-san-lazaro\\\/#primaryimage\"},\"thumbnailUrl\":\"https:\\\/\\\/fuentesfidedignas.com.mx\\\/wp-content\\\/uploads\\\/2024\\\/08\\\/img_5949-1.jpg\",\"articleSection\":[\"NOTICIAS NACIONALES\"],\"inLanguage\":\"es\"},{\"@type\":\"WebPage\",\"@id\":\"https:\\\/\\\/fuentesfidedignas.com.mx\\\/index.php\\\/2024\\\/08\\\/29\\\/con-aplanadora-de-morena-y-aliados-se-instala-66-legislatura-en-san-lazaro\\\/\",\"url\":\"https:\\\/\\\/fuentesfidedignas.com.mx\\\/index.php\\\/2024\\\/08\\\/29\\\/con-aplanadora-de-morena-y-aliados-se-instala-66-legislatura-en-san-lazaro\\\/\",\"name\":\"Con \u2018aplanadora\u2019 de Morena y aliados, se instala 66 Legislatura en San L\u00e1zaro - Fuentes Fidedignas\",\"isPartOf\":{\"@id\":\"https:\\\/\\\/fuentesfidedignas.com.mx\\\/#website\"},\"primaryImageOfPage\":{\"@id\":\"https:\\\/\\\/fuentesfidedignas.com.mx\\\/index.php\\\/2024\\\/08\\\/29\\\/con-aplanadora-de-morena-y-aliados-se-instala-66-legislatura-en-san-lazaro\\\/#primaryimage\"},\"image\":{\"@id\":\"https:\\\/\\\/fuentesfidedignas.com.mx\\\/index.php\\\/2024\\\/08\\\/29\\\/con-aplanadora-de-morena-y-aliados-se-instala-66-legislatura-en-san-lazaro\\\/#primaryimage\"},\"thumbnailUrl\":\"https:\\\/\\\/fuentesfidedignas.com.mx\\\/wp-content\\\/uploads\\\/2024\\\/08\\\/img_5949-1.jpg\",\"datePublished\":\"2024-08-29T19:50:44+00:00\",\"breadcrumb\":{\"@id\":\"https:\\\/\\\/fuentesfidedignas.com.mx\\\/index.php\\\/2024\\\/08\\\/29\\\/con-aplanadora-de-morena-y-aliados-se-instala-66-legislatura-en-san-lazaro\\\/#breadcrumb\"},\"inLanguage\":\"es\",\"potentialAction\":[{\"@type\":\"ReadAction\",\"target\":[\"https:\\\/\\\/fuentesfidedignas.com.mx\\\/index.php\\\/2024\\\/08\\\/29\\\/con-aplanadora-de-morena-y-aliados-se-instala-66-legislatura-en-san-lazaro\\\/\"]}]},{\"@type\":\"ImageObject\",\"inLanguage\":\"es\",\"@id\":\"https:\\\/\\\/fuentesfidedignas.com.mx\\\/index.php\\\/2024\\\/08\\\/29\\\/con-aplanadora-de-morena-y-aliados-se-instala-66-legislatura-en-san-lazaro\\\/#primaryimage\",\"url\":\"https:\\\/\\\/fuentesfidedignas.com.mx\\\/wp-content\\\/uploads\\\/2024\\\/08\\\/img_5949-1.jpg\",\"contentUrl\":\"https:\\\/\\\/fuentesfidedignas.com.mx\\\/wp-content\\\/uploads\\\/2024\\\/08\\\/img_5949-1.jpg\",\"width\":1536,\"height\":1023},{\"@type\":\"BreadcrumbList\",\"@id\":\"https:\\\/\\\/fuentesfidedignas.com.mx\\\/index.php\\\/2024\\\/08\\\/29\\\/con-aplanadora-de-morena-y-aliados-se-instala-66-legislatura-en-san-lazaro\\\/#breadcrumb\",\"itemListElement\":[{\"@type\":\"ListItem\",\"position\":1,\"name\":\"Inicio\",\"item\":\"https:\\\/\\\/fuentesfidedignas.com.mx\\\/\"},{\"@type\":\"ListItem\",\"position\":2,\"name\":\"Con \u2018aplanadora\u2019 de Morena y aliados, se instala 66 Legislatura en San L\u00e1zaro\"}]},{\"@type\":\"WebSite\",\"@id\":\"https:\\\/\\\/fuentesfidedignas.com.mx\\\/#website\",\"url\":\"https:\\\/\\\/fuentesfidedignas.com.mx\\\/\",\"name\":\"Fuentes Fidedignas\",\"description\":\"Otro sitio realizado con WordPress\",\"publisher\":{\"@id\":\"https:\\\/\\\/fuentesfidedignas.com.mx\\\/#organization\"},\"potentialAction\":[{\"@type\":\"SearchAction\",\"target\":{\"@type\":\"EntryPoint\",\"urlTemplate\":\"https:\\\/\\\/fuentesfidedignas.com.mx\\\/?s={search_term_string}\"},\"query-input\":{\"@type\":\"PropertyValueSpecification\",\"valueRequired\":true,\"valueName\":\"search_term_string\"}}],\"inLanguage\":\"es\"},{\"@type\":\"Organization\",\"@id\":\"https:\\\/\\\/fuentesfidedignas.com.mx\\\/#organization\",\"name\":\"Fuentes Fidedignas\",\"url\":\"https:\\\/\\\/fuentesfidedignas.com.mx\\\/\",\"logo\":{\"@type\":\"ImageObject\",\"inLanguage\":\"es\",\"@id\":\"https:\\\/\\\/fuentesfidedignas.com.mx\\\/#\\\/schema\\\/logo\\\/image\\\/\",\"url\":\"https:\\\/\\\/fuentesfidedignas.com.mx\\\/wp-content\\\/uploads\\\/2021\\\/04\\\/logo-retina.png\",\"contentUrl\":\"https:\\\/\\\/fuentesfidedignas.com.mx\\\/wp-content\\\/uploads\\\/2021\\\/04\\\/logo-retina.png\",\"width\":280,\"height\":51,\"caption\":\"Fuentes Fidedignas\"},\"image\":{\"@id\":\"https:\\\/\\\/fuentesfidedignas.com.mx\\\/#\\\/schema\\\/logo\\\/image\\\/\"},\"sameAs\":[\"https:\\\/\\\/www.facebook.com\\\/Fuentes-Fidedignas-368234489921644\",\"https:\\\/\\\/x.com\\\/fidedignas\"]},{\"@type\":\"Person\",\"@id\":\"https:\\\/\\\/fuentesfidedignas.com.mx\\\/#\\\/schema\\\/person\\\/47ec0135738f4b0c7495f06a77a2c976\",\"name\":\"Milenio\",\"image\":{\"@type\":\"ImageObject\",\"inLanguage\":\"es\",\"@id\":\"https:\\\/\\\/secure.gravatar.com\\\/avatar\\\/acabf7b54753e51c2c76457954577c236b3b764789b19879565769739d1e4a75?s=96&d=mm&r=g\",\"url\":\"https:\\\/\\\/secure.gravatar.com\\\/avatar\\\/acabf7b54753e51c2c76457954577c236b3b764789b19879565769739d1e4a75?s=96&d=mm&r=g\",\"contentUrl\":\"https:\\\/\\\/secure.gravatar.com\\\/avatar\\\/acabf7b54753e51c2c76457954577c236b3b764789b19879565769739d1e4a75?s=96&d=mm&r=g\",\"caption\":\"Milenio\"},\"url\":\"https:\\\/\\\/fuentesfidedignas.com.mx\\\/index.php\\\/author\\\/milenio\\\/\"}]}<\/script>\n<!-- \/ Yoast SEO plugin. -->","yoast_head_json":{"title":"Con \u2018aplanadora\u2019 de Morena y aliados, se instala 66 Legislatura en San L\u00e1zaro - Fuentes Fidedignas","robots":{"index":"index","follow":"follow","max-snippet":"max-snippet:-1","max-image-preview":"max-image-preview:large","max-video-preview":"max-video-preview:-1"},"canonical":"https:\/\/fuentesfidedignas.com.mx\/index.php\/2024\/08\/29\/con-aplanadora-de-morena-y-aliados-se-instala-66-legislatura-en-san-lazaro\/","og_locale":"es_MX","og_type":"article","og_title":"Con \u2018aplanadora\u2019 de Morena y aliados, se instala 66 Legislatura en San L\u00e1zaro - Fuentes Fidedignas","og_description":"La nueva legislatura iniciar\u00e1 oficialmente el 1 de septiembre con 257 diputados de Morena; 71, del PAN; 60, del PVEM; 47, del PT; 36, del PRI; 27, de MC, una del PRD y una independiente Ciudad de M\u00e9xico.- Con mayor\u00eda calificada de Morena y aliados, los integrantes de la 66 Legislatura de la C\u00e1mara de [&hellip;]","og_url":"https:\/\/fuentesfidedignas.com.mx\/index.php\/2024\/08\/29\/con-aplanadora-de-morena-y-aliados-se-instala-66-legislatura-en-san-lazaro\/","og_site_name":"Fuentes Fidedignas","article_publisher":"https:\/\/www.facebook.com\/Fuentes-Fidedignas-368234489921644","article_published_time":"2024-08-29T19:50:44+00:00","og_image":[{"width":1536,"height":1023,"url":"https:\/\/fuentesfidedignas.com.mx\/wp-content\/uploads\/2024\/08\/img_5949-1.jpg","type":"image\/jpeg"}],"author":"Milenio","twitter_card":"summary_large_image","twitter_creator":"@fidedignas","twitter_site":"@fidedignas","twitter_misc":{"Escrito por":"Milenio","Tiempo de lectura":"2 minutos"},"schema":{"@context":"https:\/\/schema.org","@graph":[{"@type":"Article","@id":"https:\/\/fuentesfidedignas.com.mx\/index.php\/2024\/08\/29\/con-aplanadora-de-morena-y-aliados-se-instala-66-legislatura-en-san-lazaro\/#article","isPartOf":{"@id":"https:\/\/fuentesfidedignas.com.mx\/index.php\/2024\/08\/29\/con-aplanadora-de-morena-y-aliados-se-instala-66-legislatura-en-san-lazaro\/"},"author":{"name":"Milenio","@id":"https:\/\/fuentesfidedignas.com.mx\/#\/schema\/person\/47ec0135738f4b0c7495f06a77a2c976"},"headline":"Con \u2018aplanadora\u2019 de Morena y aliados, se instala 66 Legislatura en San L\u00e1zaro","datePublished":"2024-08-29T19:50:44+00:00","mainEntityOfPage":{"@id":"https:\/\/fuentesfidedignas.com.mx\/index.php\/2024\/08\/29\/con-aplanadora-de-morena-y-aliados-se-instala-66-legislatura-en-san-lazaro\/"},"wordCount":387,"publisher":{"@id":"https:\/\/fuentesfidedignas.com.mx\/#organization"},"image":{"@id":"https:\/\/fuentesfidedignas.com.mx\/index.php\/2024\/08\/29\/con-aplanadora-de-morena-y-aliados-se-instala-66-legislatura-en-san-lazaro\/#primaryimage"},"thumbnailUrl":"https:\/\/fuentesfidedignas.com.mx\/wp-content\/uploads\/2024\/08\/img_5949-1.jpg","articleSection":["NOTICIAS NACIONALES"],"inLanguage":"es"},{"@type":"WebPage","@id":"https:\/\/fuentesfidedignas.com.mx\/index.php\/2024\/08\/29\/con-aplanadora-de-morena-y-aliados-se-instala-66-legislatura-en-san-lazaro\/","url":"https:\/\/fuentesfidedignas.com.mx\/index.php\/2024\/08\/29\/con-aplanadora-de-morena-y-aliados-se-instala-66-legislatura-en-san-lazaro\/","name":"Con \u2018aplanadora\u2019 de Morena y aliados, se instala 66 Legislatura en San L\u00e1zaro - Fuentes Fidedignas","isPartOf":{"@id":"https:\/\/fuentesfidedignas.com.mx\/#website"},"primaryImageOfPage":{"@id":"https:\/\/fuentesfidedignas.com.mx\/index.php\/2024\/08\/29\/con-aplanadora-de-morena-y-aliados-se-instala-66-legislatura-en-san-lazaro\/#primaryimage"},"image":{"@id":"https:\/\/fuentesfidedignas.com.mx\/index.php\/2024\/08\/29\/con-aplanadora-de-morena-y-aliados-se-instala-66-legislatura-en-san-lazaro\/#primaryimage"},"thumbnailUrl":"https:\/\/fuentesfidedignas.com.mx\/wp-content\/uploads\/2024\/08\/img_5949-1.jpg","datePublished":"2024-08-29T19:50:44+00:00","breadcrumb":{"@id":"https:\/\/fuentesfidedignas.com.mx\/index.php\/2024\/08\/29\/con-aplanadora-de-morena-y-aliados-se-instala-66-legislatura-en-san-lazaro\/#breadcrumb"},"inLanguage":"es","potentialAction":[{"@type":"ReadAction","target":["https:\/\/fuentesfidedignas.com.mx\/index.php\/2024\/08\/29\/con-aplanadora-de-morena-y-aliados-se-instala-66-legislatura-en-san-lazaro\/"]}]},{"@type":"ImageObject","inLanguage":"es","@id":"https:\/\/fuentesfidedignas.com.mx\/index.php\/2024\/08\/29\/con-aplanadora-de-morena-y-aliados-se-instala-66-legislatura-en-san-lazaro\/#primaryimage","url":"https:\/\/fuentesfidedignas.com.mx\/wp-content\/uploads\/2024\/08\/img_5949-1.jpg","contentUrl":"https:\/\/fuentesfidedignas.com.mx\/wp-content\/uploads\/2024\/08\/img_5949-1.jpg","width":1536,"height":1023},{"@type":"BreadcrumbList","@id":"https:\/\/fuentesfidedignas.com.mx\/index.php\/2024\/08\/29\/con-aplanadora-de-morena-y-aliados-se-instala-66-legislatura-en-san-lazaro\/#breadcrumb","itemListElement":[{"@type":"ListItem","position":1,"name":"Inicio","item":"https:\/\/fuentesfidedignas.com.mx\/"},{"@type":"ListItem","position":2,"name":"Con \u2018aplanadora\u2019 de Morena y aliados, se instala 66 Legislatura en San L\u00e1zaro"}]},{"@type":"WebSite","@id":"https:\/\/fuentesfidedignas.com.mx\/#website","url":"https:\/\/fuentesfidedignas.com.mx\/","name":"Fuentes Fidedignas","description":"Otro sitio realizado con WordPress","publisher":{"@id":"https:\/\/fuentesfidedignas.com.mx\/#organization"},"potentialAction":[{"@type":"SearchAction","target":{"@type":"EntryPoint","urlTemplate":"https:\/\/fuentesfidedignas.com.mx\/?s={search_term_string}"},"query-input":{"@type":"PropertyValueSpecification","valueRequired":true,"valueName":"search_term_string"}}],"inLanguage":"es"},{"@type":"Organization","@id":"https:\/\/fuentesfidedignas.com.mx\/#organization","name":"Fuentes Fidedignas","url":"https:\/\/fuentesfidedignas.com.mx\/","logo":{"@type":"ImageObject","inLanguage":"es","@id":"https:\/\/fuentesfidedignas.com.mx\/#\/schema\/logo\/image\/","url":"https:\/\/fuentesfidedignas.com.mx\/wp-content\/uploads\/2021\/04\/logo-retina.png","contentUrl":"https:\/\/fuentesfidedignas.com.mx\/wp-content\/uploads\/2021\/04\/logo-retina.png","width":280,"height":51,"caption":"Fuentes Fidedignas"},"image":{"@id":"https:\/\/fuentesfidedignas.com.mx\/#\/schema\/logo\/image\/"},"sameAs":["https:\/\/www.facebook.com\/Fuentes-Fidedignas-368234489921644","https:\/\/x.com\/fidedignas"]},{"@type":"Person","@id":"https:\/\/fuentesfidedignas.com.mx\/#\/schema\/person\/47ec0135738f4b0c7495f06a77a2c976","name":"Milenio","image":{"@type":"ImageObject","inLanguage":"es","@id":"https:\/\/secure.gravatar.com\/avatar\/acabf7b54753e51c2c76457954577c236b3b764789b19879565769739d1e4a75?s=96&d=mm&r=g","url":"https:\/\/secure.gravatar.com\/avatar\/acabf7b54753e51c2c76457954577c236b3b764789b19879565769739d1e4a75?s=96&d=mm&r=g","contentUrl":"https:\/\/secure.gravatar.com\/avatar\/acabf7b54753e51c2c76457954577c236b3b764789b19879565769739d1e4a75?s=96&d=mm&r=g","caption":"Milenio"},"url":"https:\/\/fuentesfidedignas.com.mx\/index.php\/author\/milenio\/"}]}},"_links":{"self":[{"href":"https:\/\/fuentesfidedignas.com.mx\/index.php\/wp-json\/wp\/v2\/posts\/89887","targetHints":{"allow":["GET"]}}],"collection":[{"href":"https:\/\/fuentesfidedignas.com.mx\/index.php\/wp-json\/wp\/v2\/posts"}],"about":[{"href":"https:\/\/fuentesfidedignas.com.mx\/index.php\/wp-json\/wp\/v2\/types\/post"}],"author":[{"embeddable":true,"href":"https:\/\/fuentesfidedignas.com.mx\/index.php\/wp-json\/wp\/v2\/users\/9"}],"replies":[{"embeddable":true,"href":"https:\/\/fuentesfidedignas.com.mx\/index.php\/wp-json\/wp\/v2\/comments?post=89887"}],"version-history":[{"count":1,"href":"https:\/\/fuentesfidedignas.com.mx\/index.php\/wp-json\/wp\/v2\/posts\/89887\/revisions"}],"predecessor-version":[{"id":89888,"href":"https:\/\/fuentesfidedignas.com.mx\/index.php\/wp-json\/wp\/v2\/posts\/89887\/revisions\/89888"}],"wp:featuredmedia":[{"embeddable":true,"href":"https:\/\/fuentesfidedignas.com.mx\/index.php\/wp-json\/wp\/v2\/media\/89886"}],"wp:attachment":[{"href":"https:\/\/fuentesfidedignas.com.mx\/index.php\/wp-json\/wp\/v2\/media?parent=89887"}],"wp:term":[{"taxonomy":"category","embeddable":true,"href":"https:\/\/fuentesfidedignas.com.mx\/index.php\/wp-json\/wp\/v2\/categories?post=89887"},{"taxonomy":"post_tag","embeddable":true,"href":"https:\/\/fuentesfidedignas.com.mx\/index.php\/wp-json\/wp\/v2\/tags?post=89887"}],"curies":[{"name":"wp","href":"https:\/\/api.w.org\/{rel}","templated":true}]}}