{"id":89847,"date":"2024-08-29T07:25:00","date_gmt":"2024-08-29T14:25:00","guid":{"rendered":"https:\/\/fuentesfidedignas.com.mx\/?p=89847"},"modified":"2024-08-29T06:48:20","modified_gmt":"2024-08-29T13:48:20","slug":"partido-verde-cede-15-de-sus-diputados-a-morena-para-que-conserve-la-jucopo","status":"publish","type":"post","link":"https:\/\/fuentesfidedignas.com.mx\/index.php\/2024\/08\/29\/partido-verde-cede-15-de-sus-diputados-a-morena-para-que-conserve-la-jucopo\/","title":{"rendered":"Partido Verde cede 15 de sus diputados a Morena para que conserve la Jucopo"},"content":{"rendered":"\n<p><strong><em>El Partido Verde cedi\u00f3 15 diputados Morena en la pr\u00f3xima legislatura para que presida la Junta de Coordinaci\u00f3n Pol\u00edtica (Jucopo)<\/em><\/strong><\/p>\n\n\n\n<p>El Partido Verde Ecologista de M\u00e9xico (PVEM) ceder\u00e1 15 de sus diputados a Morena de cara a la LXVI Legislatura, que dar\u00e1 inicio el 1 de septiembre.<\/p>\n\n\n\n<blockquote class=\"twitter-tweet\"><p lang=\"es\" dir=\"ltr\"><a href=\"https:\/\/twitter.com\/hashtag\/Comunicado?src=hash&amp;ref_src=twsrc%5Etfw\">#Comunicado<\/a>: Con el fin de apoyar a nuestros aliados del <a href=\"https:\/\/twitter.com\/PartidoMorenaMx?ref_src=twsrc%5Etfw\">@PartidoMorenaMx<\/a> en el Congreso de la Uni\u00f3n, as\u00ed como nuestras propuestas de Discapacidad y Medio Ambiente, hemos decidido ceder a 15 de nuestros legisladores para la LXVI Legislatura.<a href=\"https:\/\/t.co\/5F16aDB13J\">https:\/\/t.co\/5F16aDB13J<\/a> <a href=\"https:\/\/t.co\/NbQM5VtZfg\">pic.twitter.com\/NbQM5VtZfg<\/a><\/p>&mdash; Partido Verde (@partidoverdemex) <a href=\"https:\/\/twitter.com\/partidoverdemex\/status\/1829002825088516174?ref_src=twsrc%5Etfw\">August 29, 2024<\/a><\/blockquote> <script async src=\"https:\/\/platform.twitter.com\/widgets.js\" charset=\"utf-8\"><\/script>\n\n\n\n<p>De esta manera el partido guinda obtendr\u00eda un total de 251 diputaciones y podr\u00e1 conservar la coordinaci\u00f3n de la Junta de Coordinaci\u00f3n Pol\u00edtica (Jucopo) durante los pr\u00f3ximos tres a\u00f1os<\/p>\n\n\n\n<p>\u201cEl Partido Verde Ecologista de M\u00e9xico informa que, con la finalidad de apoyar a nuestros aliados del partido de Morena en el Congreso de la Uni\u00f3n, hemos decidido ceder a quince de nuestros integrantes de grupo parlamentario para la LXVI Legislatura, que habr\u00e1 de comenzar el pr\u00f3ximo 1 de septiembre\u201d, detall\u00f3 el comuinicado del Partido Verde.<\/p>\n\n\n\n<p>\u201cLo anterior, con la finalidad de apoyar a que el partido mayoritario pueda conservar la coordinaci\u00f3n de la Junta de Coordinaci\u00f3n Pol\u00edtica (Jucopo) durante los pr\u00f3ximos 3 a\u00f1os, y para apoyar las propuestas de medio ambiente y discapacidad del Partido Verde\u201d, puntualiz\u00f3.<\/p>\n\n\n\n<p>Se apunt\u00f3 que esta decisi\u00f3n fue tomada de com\u00fan acuerdo por su coordinador parlamentario, Carlos Puente, y su hom\u00f3logo morenista Ricardo Monreal.<\/p>\n\n\n\n<p>Los integrantes del Partido Verde que pasar\u00e1n a la bancada de Morena en la C\u00e1mara de Diputados son Alejandra Chedraui Peralta, Monserrat Ruiz P\u00e1ez, Marcela Michel L\u00f3pez, Mar\u00eda del Carmen Bautista Pel\u00e1ez, Gloria S\u00e1nchez L\u00f3pez, Santy Montemayor Castillo, Graciela Dom\u00ednguez Nava y Fel\u00edcita Pompa Robles.<\/p>\n\n\n\n<p>Tambi\u00e9n Carlos Enrique Cantuarosas Villarreal, Raymundo V\u00e1zquez Conchas, Magaly Armenta Oliveros, Elizabeth Cervantes de la Cruz, Jorge Luis S\u00e1nchez Reyes, Jazm\u00edn Yaneli Villanueva Moo y Julia Arcelia Olguin Serna.<\/p>\n","protected":false},"excerpt":{"rendered":"<p>El Partido Verde cedi\u00f3 15 diputados Morena en la pr\u00f3xima legislatura para que presida la Junta de Coordinaci\u00f3n Pol\u00edtica (Jucopo) El Partido Verde Ecologista de M\u00e9xico (PVEM) ceder\u00e1 15 de sus diputados a Morena de cara a la LXVI Legislatura, que dar\u00e1 inicio el 1 de septiembre. #Comunicado: Con el fin de apoyar a nuestros [&hellip;]<\/p>\n","protected":false},"author":47,"featured_media":28507,"comment_status":"open","ping_status":"open","sticky":false,"template":"","format":"standard","meta":{"tdm_status":"","tdm_grid_status":"","footnotes":""},"categories":[39],"tags":[],"class_list":{"0":"post-89847","1":"post","2":"type-post","3":"status-publish","4":"format-standard","5":"has-post-thumbnail","7":"category-noticias-nacionales"},"yoast_head":"<!-- This site is optimized with the Yoast SEO plugin v27.5 - https:\/\/yoast.com\/product\/yoast-seo-wordpress\/ -->\n<title>Partido Verde cede 15 de sus diputados a Morena para que conserve la Jucopo - Fuentes Fidedignas<\/title>\n<meta name=\"robots\" content=\"index, follow, max-snippet:-1, max-image-preview:large, max-video-preview:-1\" \/>\n<link rel=\"canonical\" href=\"https:\/\/fuentesfidedignas.com.mx\/index.php\/2024\/08\/29\/partido-verde-cede-15-de-sus-diputados-a-morena-para-que-conserve-la-jucopo\/\" \/>\n<meta property=\"og:locale\" content=\"es_MX\" \/>\n<meta property=\"og:type\" content=\"article\" \/>\n<meta property=\"og:title\" content=\"Partido Verde cede 15 de sus diputados a Morena para que conserve la Jucopo - Fuentes Fidedignas\" \/>\n<meta property=\"og:description\" content=\"El Partido Verde cedi\u00f3 15 diputados Morena en la pr\u00f3xima legislatura para que presida la Junta de Coordinaci\u00f3n Pol\u00edtica (Jucopo) El Partido Verde Ecologista de M\u00e9xico (PVEM) ceder\u00e1 15 de sus diputados a Morena de cara a la LXVI Legislatura, que dar\u00e1 inicio el 1 de septiembre. #Comunicado: Con el fin de apoyar a nuestros [&hellip;]\" \/>\n<meta property=\"og:url\" content=\"https:\/\/fuentesfidedignas.com.mx\/index.php\/2024\/08\/29\/partido-verde-cede-15-de-sus-diputados-a-morena-para-que-conserve-la-jucopo\/\" \/>\n<meta property=\"og:site_name\" content=\"Fuentes Fidedignas\" \/>\n<meta property=\"article:publisher\" content=\"https:\/\/www.facebook.com\/Fuentes-Fidedignas-368234489921644\" \/>\n<meta property=\"article:published_time\" content=\"2024-08-29T14:25:00+00:00\" \/>\n<meta property=\"og:image\" content=\"https:\/\/fuentesfidedignas.com.mx\/wp-content\/uploads\/2022\/04\/REFORMA_DIPUTADOS.jpeg\" \/>\n\t<meta property=\"og:image:width\" content=\"800\" \/>\n\t<meta property=\"og:image:height\" content=\"534\" \/>\n\t<meta property=\"og:image:type\" content=\"image\/jpeg\" \/>\n<meta name=\"author\" content=\"L\u00f3pez D\u00f3riga\" \/>\n<meta name=\"twitter:card\" content=\"summary_large_image\" \/>\n<meta name=\"twitter:creator\" content=\"@fidedignas\" \/>\n<meta name=\"twitter:site\" content=\"@fidedignas\" \/>\n<meta name=\"twitter:label1\" content=\"Escrito por\" \/>\n\t<meta name=\"twitter:data1\" content=\"L\u00f3pez D\u00f3riga\" \/>\n\t<meta name=\"twitter:label2\" content=\"Tiempo de lectura\" \/>\n\t<meta name=\"twitter:data2\" content=\"2 minutos\" \/>\n<script type=\"application\/ld+json\" class=\"yoast-schema-graph\">{\"@context\":\"https:\\\/\\\/schema.org\",\"@graph\":[{\"@type\":\"Article\",\"@id\":\"https:\\\/\\\/fuentesfidedignas.com.mx\\\/index.php\\\/2024\\\/08\\\/29\\\/partido-verde-cede-15-de-sus-diputados-a-morena-para-que-conserve-la-jucopo\\\/#article\",\"isPartOf\":{\"@id\":\"https:\\\/\\\/fuentesfidedignas.com.mx\\\/index.php\\\/2024\\\/08\\\/29\\\/partido-verde-cede-15-de-sus-diputados-a-morena-para-que-conserve-la-jucopo\\\/\"},\"author\":{\"name\":\"L\u00f3pez D\u00f3riga\",\"@id\":\"https:\\\/\\\/fuentesfidedignas.com.mx\\\/#\\\/schema\\\/person\\\/67d852f0557c8509146a4b9ddebd543a\"},\"headline\":\"Partido Verde cede 15 de sus diputados a Morena para que conserve la Jucopo\",\"datePublished\":\"2024-08-29T14:25:00+00:00\",\"mainEntityOfPage\":{\"@id\":\"https:\\\/\\\/fuentesfidedignas.com.mx\\\/index.php\\\/2024\\\/08\\\/29\\\/partido-verde-cede-15-de-sus-diputados-a-morena-para-que-conserve-la-jucopo\\\/\"},\"wordCount\":366,\"commentCount\":0,\"publisher\":{\"@id\":\"https:\\\/\\\/fuentesfidedignas.com.mx\\\/#organization\"},\"image\":{\"@id\":\"https:\\\/\\\/fuentesfidedignas.com.mx\\\/index.php\\\/2024\\\/08\\\/29\\\/partido-verde-cede-15-de-sus-diputados-a-morena-para-que-conserve-la-jucopo\\\/#primaryimage\"},\"thumbnailUrl\":\"https:\\\/\\\/fuentesfidedignas.com.mx\\\/wp-content\\\/uploads\\\/2022\\\/04\\\/REFORMA_DIPUTADOS.jpeg\",\"articleSection\":[\"NOTICIAS NACIONALES\"],\"inLanguage\":\"es\",\"potentialAction\":[{\"@type\":\"CommentAction\",\"name\":\"Comment\",\"target\":[\"https:\\\/\\\/fuentesfidedignas.com.mx\\\/index.php\\\/2024\\\/08\\\/29\\\/partido-verde-cede-15-de-sus-diputados-a-morena-para-que-conserve-la-jucopo\\\/#respond\"]}]},{\"@type\":\"WebPage\",\"@id\":\"https:\\\/\\\/fuentesfidedignas.com.mx\\\/index.php\\\/2024\\\/08\\\/29\\\/partido-verde-cede-15-de-sus-diputados-a-morena-para-que-conserve-la-jucopo\\\/\",\"url\":\"https:\\\/\\\/fuentesfidedignas.com.mx\\\/index.php\\\/2024\\\/08\\\/29\\\/partido-verde-cede-15-de-sus-diputados-a-morena-para-que-conserve-la-jucopo\\\/\",\"name\":\"Partido Verde cede 15 de sus diputados a Morena para que conserve la Jucopo - Fuentes Fidedignas\",\"isPartOf\":{\"@id\":\"https:\\\/\\\/fuentesfidedignas.com.mx\\\/#website\"},\"primaryImageOfPage\":{\"@id\":\"https:\\\/\\\/fuentesfidedignas.com.mx\\\/index.php\\\/2024\\\/08\\\/29\\\/partido-verde-cede-15-de-sus-diputados-a-morena-para-que-conserve-la-jucopo\\\/#primaryimage\"},\"image\":{\"@id\":\"https:\\\/\\\/fuentesfidedignas.com.mx\\\/index.php\\\/2024\\\/08\\\/29\\\/partido-verde-cede-15-de-sus-diputados-a-morena-para-que-conserve-la-jucopo\\\/#primaryimage\"},\"thumbnailUrl\":\"https:\\\/\\\/fuentesfidedignas.com.mx\\\/wp-content\\\/uploads\\\/2022\\\/04\\\/REFORMA_DIPUTADOS.jpeg\",\"datePublished\":\"2024-08-29T14:25:00+00:00\",\"breadcrumb\":{\"@id\":\"https:\\\/\\\/fuentesfidedignas.com.mx\\\/index.php\\\/2024\\\/08\\\/29\\\/partido-verde-cede-15-de-sus-diputados-a-morena-para-que-conserve-la-jucopo\\\/#breadcrumb\"},\"inLanguage\":\"es\",\"potentialAction\":[{\"@type\":\"ReadAction\",\"target\":[\"https:\\\/\\\/fuentesfidedignas.com.mx\\\/index.php\\\/2024\\\/08\\\/29\\\/partido-verde-cede-15-de-sus-diputados-a-morena-para-que-conserve-la-jucopo\\\/\"]}]},{\"@type\":\"ImageObject\",\"inLanguage\":\"es\",\"@id\":\"https:\\\/\\\/fuentesfidedignas.com.mx\\\/index.php\\\/2024\\\/08\\\/29\\\/partido-verde-cede-15-de-sus-diputados-a-morena-para-que-conserve-la-jucopo\\\/#primaryimage\",\"url\":\"https:\\\/\\\/fuentesfidedignas.com.mx\\\/wp-content\\\/uploads\\\/2022\\\/04\\\/REFORMA_DIPUTADOS.jpeg\",\"contentUrl\":\"https:\\\/\\\/fuentesfidedignas.com.mx\\\/wp-content\\\/uploads\\\/2022\\\/04\\\/REFORMA_DIPUTADOS.jpeg\",\"width\":800,\"height\":534},{\"@type\":\"BreadcrumbList\",\"@id\":\"https:\\\/\\\/fuentesfidedignas.com.mx\\\/index.php\\\/2024\\\/08\\\/29\\\/partido-verde-cede-15-de-sus-diputados-a-morena-para-que-conserve-la-jucopo\\\/#breadcrumb\",\"itemListElement\":[{\"@type\":\"ListItem\",\"position\":1,\"name\":\"Inicio\",\"item\":\"https:\\\/\\\/fuentesfidedignas.com.mx\\\/\"},{\"@type\":\"ListItem\",\"position\":2,\"name\":\"Partido Verde cede 15 de sus diputados a Morena para que conserve la Jucopo\"}]},{\"@type\":\"WebSite\",\"@id\":\"https:\\\/\\\/fuentesfidedignas.com.mx\\\/#website\",\"url\":\"https:\\\/\\\/fuentesfidedignas.com.mx\\\/\",\"name\":\"Fuentes Fidedignas\",\"description\":\"Otro sitio realizado con WordPress\",\"publisher\":{\"@id\":\"https:\\\/\\\/fuentesfidedignas.com.mx\\\/#organization\"},\"potentialAction\":[{\"@type\":\"SearchAction\",\"target\":{\"@type\":\"EntryPoint\",\"urlTemplate\":\"https:\\\/\\\/fuentesfidedignas.com.mx\\\/?s={search_term_string}\"},\"query-input\":{\"@type\":\"PropertyValueSpecification\",\"valueRequired\":true,\"valueName\":\"search_term_string\"}}],\"inLanguage\":\"es\"},{\"@type\":\"Organization\",\"@id\":\"https:\\\/\\\/fuentesfidedignas.com.mx\\\/#organization\",\"name\":\"Fuentes Fidedignas\",\"url\":\"https:\\\/\\\/fuentesfidedignas.com.mx\\\/\",\"logo\":{\"@type\":\"ImageObject\",\"inLanguage\":\"es\",\"@id\":\"https:\\\/\\\/fuentesfidedignas.com.mx\\\/#\\\/schema\\\/logo\\\/image\\\/\",\"url\":\"https:\\\/\\\/fuentesfidedignas.com.mx\\\/wp-content\\\/uploads\\\/2021\\\/04\\\/logo-retina.png\",\"contentUrl\":\"https:\\\/\\\/fuentesfidedignas.com.mx\\\/wp-content\\\/uploads\\\/2021\\\/04\\\/logo-retina.png\",\"width\":280,\"height\":51,\"caption\":\"Fuentes Fidedignas\"},\"image\":{\"@id\":\"https:\\\/\\\/fuentesfidedignas.com.mx\\\/#\\\/schema\\\/logo\\\/image\\\/\"},\"sameAs\":[\"https:\\\/\\\/www.facebook.com\\\/Fuentes-Fidedignas-368234489921644\",\"https:\\\/\\\/x.com\\\/fidedignas\"]},{\"@type\":\"Person\",\"@id\":\"https:\\\/\\\/fuentesfidedignas.com.mx\\\/#\\\/schema\\\/person\\\/67d852f0557c8509146a4b9ddebd543a\",\"name\":\"L\u00f3pez D\u00f3riga\",\"image\":{\"@type\":\"ImageObject\",\"inLanguage\":\"es\",\"@id\":\"https:\\\/\\\/secure.gravatar.com\\\/avatar\\\/e525b06574ca18b33cded59dfe5778d6c823b9513154eff47da551b0551bdd1e?s=96&d=mm&r=g\",\"url\":\"https:\\\/\\\/secure.gravatar.com\\\/avatar\\\/e525b06574ca18b33cded59dfe5778d6c823b9513154eff47da551b0551bdd1e?s=96&d=mm&r=g\",\"contentUrl\":\"https:\\\/\\\/secure.gravatar.com\\\/avatar\\\/e525b06574ca18b33cded59dfe5778d6c823b9513154eff47da551b0551bdd1e?s=96&d=mm&r=g\",\"caption\":\"L\u00f3pez D\u00f3riga\"},\"url\":\"https:\\\/\\\/fuentesfidedignas.com.mx\\\/index.php\\\/author\\\/doriga\\\/\"}]}<\/script>\n<!-- \/ Yoast SEO plugin. -->","yoast_head_json":{"title":"Partido Verde cede 15 de sus diputados a Morena para que conserve la Jucopo - Fuentes Fidedignas","robots":{"index":"index","follow":"follow","max-snippet":"max-snippet:-1","max-image-preview":"max-image-preview:large","max-video-preview":"max-video-preview:-1"},"canonical":"https:\/\/fuentesfidedignas.com.mx\/index.php\/2024\/08\/29\/partido-verde-cede-15-de-sus-diputados-a-morena-para-que-conserve-la-jucopo\/","og_locale":"es_MX","og_type":"article","og_title":"Partido Verde cede 15 de sus diputados a Morena para que conserve la Jucopo - Fuentes Fidedignas","og_description":"El Partido Verde cedi\u00f3 15 diputados Morena en la pr\u00f3xima legislatura para que presida la Junta de Coordinaci\u00f3n Pol\u00edtica (Jucopo) El Partido Verde Ecologista de M\u00e9xico (PVEM) ceder\u00e1 15 de sus diputados a Morena de cara a la LXVI Legislatura, que dar\u00e1 inicio el 1 de septiembre. #Comunicado: Con el fin de apoyar a nuestros [&hellip;]","og_url":"https:\/\/fuentesfidedignas.com.mx\/index.php\/2024\/08\/29\/partido-verde-cede-15-de-sus-diputados-a-morena-para-que-conserve-la-jucopo\/","og_site_name":"Fuentes Fidedignas","article_publisher":"https:\/\/www.facebook.com\/Fuentes-Fidedignas-368234489921644","article_published_time":"2024-08-29T14:25:00+00:00","og_image":[{"width":800,"height":534,"url":"https:\/\/fuentesfidedignas.com.mx\/wp-content\/uploads\/2022\/04\/REFORMA_DIPUTADOS.jpeg","type":"image\/jpeg"}],"author":"L\u00f3pez D\u00f3riga","twitter_card":"summary_large_image","twitter_creator":"@fidedignas","twitter_site":"@fidedignas","twitter_misc":{"Escrito por":"L\u00f3pez D\u00f3riga","Tiempo de lectura":"2 minutos"},"schema":{"@context":"https:\/\/schema.org","@graph":[{"@type":"Article","@id":"https:\/\/fuentesfidedignas.com.mx\/index.php\/2024\/08\/29\/partido-verde-cede-15-de-sus-diputados-a-morena-para-que-conserve-la-jucopo\/#article","isPartOf":{"@id":"https:\/\/fuentesfidedignas.com.mx\/index.php\/2024\/08\/29\/partido-verde-cede-15-de-sus-diputados-a-morena-para-que-conserve-la-jucopo\/"},"author":{"name":"L\u00f3pez D\u00f3riga","@id":"https:\/\/fuentesfidedignas.com.mx\/#\/schema\/person\/67d852f0557c8509146a4b9ddebd543a"},"headline":"Partido Verde cede 15 de sus diputados a Morena para que conserve la Jucopo","datePublished":"2024-08-29T14:25:00+00:00","mainEntityOfPage":{"@id":"https:\/\/fuentesfidedignas.com.mx\/index.php\/2024\/08\/29\/partido-verde-cede-15-de-sus-diputados-a-morena-para-que-conserve-la-jucopo\/"},"wordCount":366,"commentCount":0,"publisher":{"@id":"https:\/\/fuentesfidedignas.com.mx\/#organization"},"image":{"@id":"https:\/\/fuentesfidedignas.com.mx\/index.php\/2024\/08\/29\/partido-verde-cede-15-de-sus-diputados-a-morena-para-que-conserve-la-jucopo\/#primaryimage"},"thumbnailUrl":"https:\/\/fuentesfidedignas.com.mx\/wp-content\/uploads\/2022\/04\/REFORMA_DIPUTADOS.jpeg","articleSection":["NOTICIAS NACIONALES"],"inLanguage":"es","potentialAction":[{"@type":"CommentAction","name":"Comment","target":["https:\/\/fuentesfidedignas.com.mx\/index.php\/2024\/08\/29\/partido-verde-cede-15-de-sus-diputados-a-morena-para-que-conserve-la-jucopo\/#respond"]}]},{"@type":"WebPage","@id":"https:\/\/fuentesfidedignas.com.mx\/index.php\/2024\/08\/29\/partido-verde-cede-15-de-sus-diputados-a-morena-para-que-conserve-la-jucopo\/","url":"https:\/\/fuentesfidedignas.com.mx\/index.php\/2024\/08\/29\/partido-verde-cede-15-de-sus-diputados-a-morena-para-que-conserve-la-jucopo\/","name":"Partido Verde cede 15 de sus diputados a Morena para que conserve la Jucopo - Fuentes Fidedignas","isPartOf":{"@id":"https:\/\/fuentesfidedignas.com.mx\/#website"},"primaryImageOfPage":{"@id":"https:\/\/fuentesfidedignas.com.mx\/index.php\/2024\/08\/29\/partido-verde-cede-15-de-sus-diputados-a-morena-para-que-conserve-la-jucopo\/#primaryimage"},"image":{"@id":"https:\/\/fuentesfidedignas.com.mx\/index.php\/2024\/08\/29\/partido-verde-cede-15-de-sus-diputados-a-morena-para-que-conserve-la-jucopo\/#primaryimage"},"thumbnailUrl":"https:\/\/fuentesfidedignas.com.mx\/wp-content\/uploads\/2022\/04\/REFORMA_DIPUTADOS.jpeg","datePublished":"2024-08-29T14:25:00+00:00","breadcrumb":{"@id":"https:\/\/fuentesfidedignas.com.mx\/index.php\/2024\/08\/29\/partido-verde-cede-15-de-sus-diputados-a-morena-para-que-conserve-la-jucopo\/#breadcrumb"},"inLanguage":"es","potentialAction":[{"@type":"ReadAction","target":["https:\/\/fuentesfidedignas.com.mx\/index.php\/2024\/08\/29\/partido-verde-cede-15-de-sus-diputados-a-morena-para-que-conserve-la-jucopo\/"]}]},{"@type":"ImageObject","inLanguage":"es","@id":"https:\/\/fuentesfidedignas.com.mx\/index.php\/2024\/08\/29\/partido-verde-cede-15-de-sus-diputados-a-morena-para-que-conserve-la-jucopo\/#primaryimage","url":"https:\/\/fuentesfidedignas.com.mx\/wp-content\/uploads\/2022\/04\/REFORMA_DIPUTADOS.jpeg","contentUrl":"https:\/\/fuentesfidedignas.com.mx\/wp-content\/uploads\/2022\/04\/REFORMA_DIPUTADOS.jpeg","width":800,"height":534},{"@type":"BreadcrumbList","@id":"https:\/\/fuentesfidedignas.com.mx\/index.php\/2024\/08\/29\/partido-verde-cede-15-de-sus-diputados-a-morena-para-que-conserve-la-jucopo\/#breadcrumb","itemListElement":[{"@type":"ListItem","position":1,"name":"Inicio","item":"https:\/\/fuentesfidedignas.com.mx\/"},{"@type":"ListItem","position":2,"name":"Partido Verde cede 15 de sus diputados a Morena para que conserve la Jucopo"}]},{"@type":"WebSite","@id":"https:\/\/fuentesfidedignas.com.mx\/#website","url":"https:\/\/fuentesfidedignas.com.mx\/","name":"Fuentes Fidedignas","description":"Otro sitio realizado con WordPress","publisher":{"@id":"https:\/\/fuentesfidedignas.com.mx\/#organization"},"potentialAction":[{"@type":"SearchAction","target":{"@type":"EntryPoint","urlTemplate":"https:\/\/fuentesfidedignas.com.mx\/?s={search_term_string}"},"query-input":{"@type":"PropertyValueSpecification","valueRequired":true,"valueName":"search_term_string"}}],"inLanguage":"es"},{"@type":"Organization","@id":"https:\/\/fuentesfidedignas.com.mx\/#organization","name":"Fuentes Fidedignas","url":"https:\/\/fuentesfidedignas.com.mx\/","logo":{"@type":"ImageObject","inLanguage":"es","@id":"https:\/\/fuentesfidedignas.com.mx\/#\/schema\/logo\/image\/","url":"https:\/\/fuentesfidedignas.com.mx\/wp-content\/uploads\/2021\/04\/logo-retina.png","contentUrl":"https:\/\/fuentesfidedignas.com.mx\/wp-content\/uploads\/2021\/04\/logo-retina.png","width":280,"height":51,"caption":"Fuentes Fidedignas"},"image":{"@id":"https:\/\/fuentesfidedignas.com.mx\/#\/schema\/logo\/image\/"},"sameAs":["https:\/\/www.facebook.com\/Fuentes-Fidedignas-368234489921644","https:\/\/x.com\/fidedignas"]},{"@type":"Person","@id":"https:\/\/fuentesfidedignas.com.mx\/#\/schema\/person\/67d852f0557c8509146a4b9ddebd543a","name":"L\u00f3pez D\u00f3riga","image":{"@type":"ImageObject","inLanguage":"es","@id":"https:\/\/secure.gravatar.com\/avatar\/e525b06574ca18b33cded59dfe5778d6c823b9513154eff47da551b0551bdd1e?s=96&d=mm&r=g","url":"https:\/\/secure.gravatar.com\/avatar\/e525b06574ca18b33cded59dfe5778d6c823b9513154eff47da551b0551bdd1e?s=96&d=mm&r=g","contentUrl":"https:\/\/secure.gravatar.com\/avatar\/e525b06574ca18b33cded59dfe5778d6c823b9513154eff47da551b0551bdd1e?s=96&d=mm&r=g","caption":"L\u00f3pez D\u00f3riga"},"url":"https:\/\/fuentesfidedignas.com.mx\/index.php\/author\/doriga\/"}]}},"_links":{"self":[{"href":"https:\/\/fuentesfidedignas.com.mx\/index.php\/wp-json\/wp\/v2\/posts\/89847","targetHints":{"allow":["GET"]}}],"collection":[{"href":"https:\/\/fuentesfidedignas.com.mx\/index.php\/wp-json\/wp\/v2\/posts"}],"about":[{"href":"https:\/\/fuentesfidedignas.com.mx\/index.php\/wp-json\/wp\/v2\/types\/post"}],"author":[{"embeddable":true,"href":"https:\/\/fuentesfidedignas.com.mx\/index.php\/wp-json\/wp\/v2\/users\/47"}],"replies":[{"embeddable":true,"href":"https:\/\/fuentesfidedignas.com.mx\/index.php\/wp-json\/wp\/v2\/comments?post=89847"}],"version-history":[{"count":1,"href":"https:\/\/fuentesfidedignas.com.mx\/index.php\/wp-json\/wp\/v2\/posts\/89847\/revisions"}],"predecessor-version":[{"id":89848,"href":"https:\/\/fuentesfidedignas.com.mx\/index.php\/wp-json\/wp\/v2\/posts\/89847\/revisions\/89848"}],"wp:featuredmedia":[{"embeddable":true,"href":"https:\/\/fuentesfidedignas.com.mx\/index.php\/wp-json\/wp\/v2\/media\/28507"}],"wp:attachment":[{"href":"https:\/\/fuentesfidedignas.com.mx\/index.php\/wp-json\/wp\/v2\/media?parent=89847"}],"wp:term":[{"taxonomy":"category","embeddable":true,"href":"https:\/\/fuentesfidedignas.com.mx\/index.php\/wp-json\/wp\/v2\/categories?post=89847"},{"taxonomy":"post_tag","embeddable":true,"href":"https:\/\/fuentesfidedignas.com.mx\/index.php\/wp-json\/wp\/v2\/tags?post=89847"}],"curies":[{"name":"wp","href":"https:\/\/api.w.org\/{rel}","templated":true}]}}