{"id":89595,"date":"2024-08-26T07:03:40","date_gmt":"2024-08-26T14:03:40","guid":{"rendered":"https:\/\/fuentesfidedignas.com.mx\/?p=89595"},"modified":"2024-08-26T08:03:53","modified_gmt":"2024-08-26T15:03:53","slug":"oms-pide-ayuda-de-135-mdd-para-frenar-brotes-de-viruela-del-mono-en-africa","status":"publish","type":"post","link":"https:\/\/fuentesfidedignas.com.mx\/index.php\/2024\/08\/26\/oms-pide-ayuda-de-135-mdd-para-frenar-brotes-de-viruela-del-mono-en-africa\/","title":{"rendered":"OMS pide ayuda de 135 mdd para frenar brotes de viruela del mono en \u00c1frica"},"content":{"rendered":"\n<p><strong><em>Casi 21 mil 500 casos y 591 muertes por viruela del mono se han registrado en 13 pa\u00edses africanos en lo que va de 2024<\/em><\/strong><\/p>\n\n\n\n<p>El director general de la Organizaci\u00f3n Mundial de la Salud (OMS), Tedros Adhanom Ghebreyesus, afirm\u00f3 que el organismo elabor\u00f3 un plan para atajar los brotes de mpox, antes viruela del mono, en \u00c1frica, que requiere un ayuda de 135 millones de d\u00f3lares.<\/p>\n\n\n\n<p>\u201cJunto con nuestros socios, hemos elaborado un plan estrat\u00e9gico mundial de preparaci\u00f3n y respuesta frente a la mpox, que compartimos con todos los Estados miembros el viernes y que se public\u00f3 hoy\u201d, se\u00f1al\u00f3 Tedros en la capital de la Rep\u00fablica del Congo, Brazzaville, sobre esa enfermedad conocida antes como viruela del mono.<\/p>\n\n\n\n<p>\u201cEl plan requiere 135 millones de d\u00f3lares durante los pr\u00f3ximos seis meses para controlar estos brotes mediante una vigilancia y una respuesta integrales\u201d, subray\u00f3 en la apertura de la 74\u00aa sesi\u00f3n del Comit\u00e9 Regional para \u00c1frica de la OMS, y a la que asisten ministros de Salud de 47 pa\u00edses africanos.<\/p>\n\n\n\n<p>Ese plan, precis\u00f3, busca minimizar la transmisi\u00f3n zoon\u00f3tica, empoderar a las comunidades para que participen activamente en la prevenci\u00f3n y el control de los brotes y promover la investigaci\u00f3n y el acceso equitativo a las contramedidas m\u00e9dicas, incluidas las vacunas.<\/p>\n\n\n\n<p>\u201cSe trata de un panorama complejo y din\u00e1mico, y responder a cada uno de estos brotes y controlarlos requerir\u00e1 una respuesta internacional compleja, integral y coordinada. Por eso decid\u00ed declarar una emergencia de salud p\u00fablica de importancia internacional\u201d el pasado d\u00eda 14, enfatiz\u00f3 Tedros.<\/p>\n\n\n\n<p>El director general se declar\u00f3 \u201cseguro\u201d de que con el liderazgo de los pa\u00edses afectados, el apoyo de la OMS y otros organismos se podr\u00e1 \u201ccontrolar r\u00e1pidamente este brote\u201d.<\/p>\n\n\n\n<p>Casi 21 mil 500 casos de viruela del mono y 591 muertes a causa de esa enfermedad se han registrado en trece pa\u00edses africanos desde el pasado 1 de enero, indic\u00f3 el pasado viernes la agencia de salud de la Uni\u00f3n Africana (UA).<\/p>\n\n\n\n<p>En ese per\u00edodo se han detectado 21.466 casos (3.350 confirmados y 18.116 sospechosos) en Burundi, Camer\u00fan, Rep\u00fablica Centroafricana, Rep\u00fablica del Congo, Costa de Marfil, Rep\u00fablica Democr\u00e1tica del Congo, Gab\u00f3n, Liberia, Kenia, Nigeria, Ruanda, Sud\u00e1frica y Uganda, precis\u00f3 el director general de los Centros para el Control y Prevenci\u00f3n de Enfermedades de \u00c1frica (\u00c1frica CDC), Jean Kaseya.<\/p>\n\n\n\n<p>En una carta dirigida a los ministros de Sanidad del continente africano, Kaseya apunt\u00f3 que \u201c591 muertes por mpox se han reportado\u201d desde comienzos de 2024, con una tasa de letalidad del 2.9 por ciento.<\/p>\n\n\n\n<p>\u00c1frica CDC declar\u00f3 el pasado d\u00eda 13 la mpox como \u201cuna emergencia de salud p\u00fablica de seguridad continental\u201d.<\/p>\n\n\n\n<p>Un d\u00eda despu\u00e9s, la OMS declar\u00f3 el estado de alerta sanitaria a nivel internacional por la mpox, una enfermedad infecciosa que puede provocar inflamaci\u00f3n de los ganglios y erupciones cut\u00e1neas dolorosas o con picor, entre ellas granos o ampollas.<\/p>\n\n\n\n<p>El estado de alerta sanitaria de la OMS tiene que ver con la r\u00e1pida expansi\u00f3n y elevada mortalidad de la nueva varianted de mpox (clado 1b) en el continente africano y un primer caso en Suecia de un viajero que estuvo en una zona de \u00c1frica donde el virus circula con intensidad.<\/p>\n\n\n\n<p>Esa variante es diferente a la clado 2, que caus\u00f3 en 2022 un violento brote en \u00c1frica y cientos de casos en Europa, Norteam\u00e9rica y pa\u00edses de otras regiones, y ya indujo a la declaraci\u00f3n de la emergencia sanitaria de alcance internacional entre 2022 y 2023.<\/p>\n","protected":false},"excerpt":{"rendered":"<p>Casi 21 mil 500 casos y 591 muertes por viruela del mono se han registrado en 13 pa\u00edses africanos en lo que va de 2024 El director general de la Organizaci\u00f3n Mundial de la Salud (OMS), Tedros Adhanom Ghebreyesus, afirm\u00f3 que el organismo elabor\u00f3 un plan para atajar los brotes de mpox, antes viruela del [&hellip;]<\/p>\n","protected":false},"author":47,"featured_media":89596,"comment_status":"open","ping_status":"open","sticky":false,"template":"","format":"standard","meta":{"tdm_status":"","tdm_grid_status":"","footnotes":""},"categories":[39],"tags":[],"class_list":{"0":"post-89595","1":"post","2":"type-post","3":"status-publish","4":"format-standard","5":"has-post-thumbnail","7":"category-noticias-nacionales"},"yoast_head":"<!-- This site is optimized with the Yoast SEO plugin v27.5 - https:\/\/yoast.com\/product\/yoast-seo-wordpress\/ -->\n<title>OMS pide ayuda de 135 mdd para frenar brotes de viruela del mono en \u00c1frica - Fuentes Fidedignas<\/title>\n<meta name=\"robots\" content=\"index, follow, max-snippet:-1, max-image-preview:large, max-video-preview:-1\" \/>\n<link rel=\"canonical\" href=\"https:\/\/fuentesfidedignas.com.mx\/index.php\/2024\/08\/26\/oms-pide-ayuda-de-135-mdd-para-frenar-brotes-de-viruela-del-mono-en-africa\/\" \/>\n<meta property=\"og:locale\" content=\"es_MX\" \/>\n<meta property=\"og:type\" content=\"article\" \/>\n<meta property=\"og:title\" content=\"OMS pide ayuda de 135 mdd para frenar brotes de viruela del mono en \u00c1frica - Fuentes Fidedignas\" \/>\n<meta property=\"og:description\" content=\"Casi 21 mil 500 casos y 591 muertes por viruela del mono se han registrado en 13 pa\u00edses africanos en lo que va de 2024 El director general de la Organizaci\u00f3n Mundial de la Salud (OMS), Tedros Adhanom Ghebreyesus, afirm\u00f3 que el organismo elabor\u00f3 un plan para atajar los brotes de mpox, antes viruela del [&hellip;]\" \/>\n<meta property=\"og:url\" content=\"https:\/\/fuentesfidedignas.com.mx\/index.php\/2024\/08\/26\/oms-pide-ayuda-de-135-mdd-para-frenar-brotes-de-viruela-del-mono-en-africa\/\" \/>\n<meta property=\"og:site_name\" content=\"Fuentes Fidedignas\" \/>\n<meta property=\"article:publisher\" content=\"https:\/\/www.facebook.com\/Fuentes-Fidedignas-368234489921644\" \/>\n<meta property=\"article:published_time\" content=\"2024-08-26T14:03:40+00:00\" \/>\n<meta property=\"article:modified_time\" content=\"2024-08-26T15:03:53+00:00\" \/>\n<meta property=\"og:image\" content=\"https:\/\/fuentesfidedignas.com.mx\/wp-content\/uploads\/2024\/08\/persona-infectada-viruela-mono_98.jpg\" \/>\n\t<meta property=\"og:image:width\" content=\"650\" \/>\n\t<meta property=\"og:image:height\" content=\"365\" \/>\n\t<meta property=\"og:image:type\" content=\"image\/jpeg\" \/>\n<meta name=\"author\" content=\"L\u00f3pez D\u00f3riga\" \/>\n<meta name=\"twitter:card\" content=\"summary_large_image\" \/>\n<meta name=\"twitter:creator\" content=\"@fidedignas\" \/>\n<meta name=\"twitter:site\" content=\"@fidedignas\" \/>\n<meta name=\"twitter:label1\" content=\"Escrito por\" \/>\n\t<meta name=\"twitter:data1\" content=\"L\u00f3pez D\u00f3riga\" \/>\n\t<meta name=\"twitter:label2\" content=\"Tiempo de lectura\" \/>\n\t<meta name=\"twitter:data2\" content=\"3 minutos\" \/>\n<script type=\"application\/ld+json\" class=\"yoast-schema-graph\">{\"@context\":\"https:\\\/\\\/schema.org\",\"@graph\":[{\"@type\":\"Article\",\"@id\":\"https:\\\/\\\/fuentesfidedignas.com.mx\\\/index.php\\\/2024\\\/08\\\/26\\\/oms-pide-ayuda-de-135-mdd-para-frenar-brotes-de-viruela-del-mono-en-africa\\\/#article\",\"isPartOf\":{\"@id\":\"https:\\\/\\\/fuentesfidedignas.com.mx\\\/index.php\\\/2024\\\/08\\\/26\\\/oms-pide-ayuda-de-135-mdd-para-frenar-brotes-de-viruela-del-mono-en-africa\\\/\"},\"author\":{\"name\":\"L\u00f3pez D\u00f3riga\",\"@id\":\"https:\\\/\\\/fuentesfidedignas.com.mx\\\/#\\\/schema\\\/person\\\/67d852f0557c8509146a4b9ddebd543a\"},\"headline\":\"OMS pide ayuda de 135 mdd para frenar brotes de viruela del mono en \u00c1frica\",\"datePublished\":\"2024-08-26T14:03:40+00:00\",\"dateModified\":\"2024-08-26T15:03:53+00:00\",\"mainEntityOfPage\":{\"@id\":\"https:\\\/\\\/fuentesfidedignas.com.mx\\\/index.php\\\/2024\\\/08\\\/26\\\/oms-pide-ayuda-de-135-mdd-para-frenar-brotes-de-viruela-del-mono-en-africa\\\/\"},\"wordCount\":604,\"commentCount\":0,\"publisher\":{\"@id\":\"https:\\\/\\\/fuentesfidedignas.com.mx\\\/#organization\"},\"image\":{\"@id\":\"https:\\\/\\\/fuentesfidedignas.com.mx\\\/index.php\\\/2024\\\/08\\\/26\\\/oms-pide-ayuda-de-135-mdd-para-frenar-brotes-de-viruela-del-mono-en-africa\\\/#primaryimage\"},\"thumbnailUrl\":\"https:\\\/\\\/fuentesfidedignas.com.mx\\\/wp-content\\\/uploads\\\/2024\\\/08\\\/persona-infectada-viruela-mono_98.jpg\",\"articleSection\":[\"NOTICIAS NACIONALES\"],\"inLanguage\":\"es\",\"potentialAction\":[{\"@type\":\"CommentAction\",\"name\":\"Comment\",\"target\":[\"https:\\\/\\\/fuentesfidedignas.com.mx\\\/index.php\\\/2024\\\/08\\\/26\\\/oms-pide-ayuda-de-135-mdd-para-frenar-brotes-de-viruela-del-mono-en-africa\\\/#respond\"]}]},{\"@type\":\"WebPage\",\"@id\":\"https:\\\/\\\/fuentesfidedignas.com.mx\\\/index.php\\\/2024\\\/08\\\/26\\\/oms-pide-ayuda-de-135-mdd-para-frenar-brotes-de-viruela-del-mono-en-africa\\\/\",\"url\":\"https:\\\/\\\/fuentesfidedignas.com.mx\\\/index.php\\\/2024\\\/08\\\/26\\\/oms-pide-ayuda-de-135-mdd-para-frenar-brotes-de-viruela-del-mono-en-africa\\\/\",\"name\":\"OMS pide ayuda de 135 mdd para frenar brotes de viruela del mono en \u00c1frica - Fuentes Fidedignas\",\"isPartOf\":{\"@id\":\"https:\\\/\\\/fuentesfidedignas.com.mx\\\/#website\"},\"primaryImageOfPage\":{\"@id\":\"https:\\\/\\\/fuentesfidedignas.com.mx\\\/index.php\\\/2024\\\/08\\\/26\\\/oms-pide-ayuda-de-135-mdd-para-frenar-brotes-de-viruela-del-mono-en-africa\\\/#primaryimage\"},\"image\":{\"@id\":\"https:\\\/\\\/fuentesfidedignas.com.mx\\\/index.php\\\/2024\\\/08\\\/26\\\/oms-pide-ayuda-de-135-mdd-para-frenar-brotes-de-viruela-del-mono-en-africa\\\/#primaryimage\"},\"thumbnailUrl\":\"https:\\\/\\\/fuentesfidedignas.com.mx\\\/wp-content\\\/uploads\\\/2024\\\/08\\\/persona-infectada-viruela-mono_98.jpg\",\"datePublished\":\"2024-08-26T14:03:40+00:00\",\"dateModified\":\"2024-08-26T15:03:53+00:00\",\"breadcrumb\":{\"@id\":\"https:\\\/\\\/fuentesfidedignas.com.mx\\\/index.php\\\/2024\\\/08\\\/26\\\/oms-pide-ayuda-de-135-mdd-para-frenar-brotes-de-viruela-del-mono-en-africa\\\/#breadcrumb\"},\"inLanguage\":\"es\",\"potentialAction\":[{\"@type\":\"ReadAction\",\"target\":[\"https:\\\/\\\/fuentesfidedignas.com.mx\\\/index.php\\\/2024\\\/08\\\/26\\\/oms-pide-ayuda-de-135-mdd-para-frenar-brotes-de-viruela-del-mono-en-africa\\\/\"]}]},{\"@type\":\"ImageObject\",\"inLanguage\":\"es\",\"@id\":\"https:\\\/\\\/fuentesfidedignas.com.mx\\\/index.php\\\/2024\\\/08\\\/26\\\/oms-pide-ayuda-de-135-mdd-para-frenar-brotes-de-viruela-del-mono-en-africa\\\/#primaryimage\",\"url\":\"https:\\\/\\\/fuentesfidedignas.com.mx\\\/wp-content\\\/uploads\\\/2024\\\/08\\\/persona-infectada-viruela-mono_98.jpg\",\"contentUrl\":\"https:\\\/\\\/fuentesfidedignas.com.mx\\\/wp-content\\\/uploads\\\/2024\\\/08\\\/persona-infectada-viruela-mono_98.jpg\",\"width\":650,\"height\":365},{\"@type\":\"BreadcrumbList\",\"@id\":\"https:\\\/\\\/fuentesfidedignas.com.mx\\\/index.php\\\/2024\\\/08\\\/26\\\/oms-pide-ayuda-de-135-mdd-para-frenar-brotes-de-viruela-del-mono-en-africa\\\/#breadcrumb\",\"itemListElement\":[{\"@type\":\"ListItem\",\"position\":1,\"name\":\"Inicio\",\"item\":\"https:\\\/\\\/fuentesfidedignas.com.mx\\\/\"},{\"@type\":\"ListItem\",\"position\":2,\"name\":\"OMS pide ayuda de 135 mdd para frenar brotes de viruela del mono en \u00c1frica\"}]},{\"@type\":\"WebSite\",\"@id\":\"https:\\\/\\\/fuentesfidedignas.com.mx\\\/#website\",\"url\":\"https:\\\/\\\/fuentesfidedignas.com.mx\\\/\",\"name\":\"Fuentes Fidedignas\",\"description\":\"Otro sitio realizado con WordPress\",\"publisher\":{\"@id\":\"https:\\\/\\\/fuentesfidedignas.com.mx\\\/#organization\"},\"potentialAction\":[{\"@type\":\"SearchAction\",\"target\":{\"@type\":\"EntryPoint\",\"urlTemplate\":\"https:\\\/\\\/fuentesfidedignas.com.mx\\\/?s={search_term_string}\"},\"query-input\":{\"@type\":\"PropertyValueSpecification\",\"valueRequired\":true,\"valueName\":\"search_term_string\"}}],\"inLanguage\":\"es\"},{\"@type\":\"Organization\",\"@id\":\"https:\\\/\\\/fuentesfidedignas.com.mx\\\/#organization\",\"name\":\"Fuentes Fidedignas\",\"url\":\"https:\\\/\\\/fuentesfidedignas.com.mx\\\/\",\"logo\":{\"@type\":\"ImageObject\",\"inLanguage\":\"es\",\"@id\":\"https:\\\/\\\/fuentesfidedignas.com.mx\\\/#\\\/schema\\\/logo\\\/image\\\/\",\"url\":\"https:\\\/\\\/fuentesfidedignas.com.mx\\\/wp-content\\\/uploads\\\/2021\\\/04\\\/logo-retina.png\",\"contentUrl\":\"https:\\\/\\\/fuentesfidedignas.com.mx\\\/wp-content\\\/uploads\\\/2021\\\/04\\\/logo-retina.png\",\"width\":280,\"height\":51,\"caption\":\"Fuentes Fidedignas\"},\"image\":{\"@id\":\"https:\\\/\\\/fuentesfidedignas.com.mx\\\/#\\\/schema\\\/logo\\\/image\\\/\"},\"sameAs\":[\"https:\\\/\\\/www.facebook.com\\\/Fuentes-Fidedignas-368234489921644\",\"https:\\\/\\\/x.com\\\/fidedignas\"]},{\"@type\":\"Person\",\"@id\":\"https:\\\/\\\/fuentesfidedignas.com.mx\\\/#\\\/schema\\\/person\\\/67d852f0557c8509146a4b9ddebd543a\",\"name\":\"L\u00f3pez D\u00f3riga\",\"image\":{\"@type\":\"ImageObject\",\"inLanguage\":\"es\",\"@id\":\"https:\\\/\\\/secure.gravatar.com\\\/avatar\\\/e525b06574ca18b33cded59dfe5778d6c823b9513154eff47da551b0551bdd1e?s=96&d=mm&r=g\",\"url\":\"https:\\\/\\\/secure.gravatar.com\\\/avatar\\\/e525b06574ca18b33cded59dfe5778d6c823b9513154eff47da551b0551bdd1e?s=96&d=mm&r=g\",\"contentUrl\":\"https:\\\/\\\/secure.gravatar.com\\\/avatar\\\/e525b06574ca18b33cded59dfe5778d6c823b9513154eff47da551b0551bdd1e?s=96&d=mm&r=g\",\"caption\":\"L\u00f3pez D\u00f3riga\"},\"url\":\"https:\\\/\\\/fuentesfidedignas.com.mx\\\/index.php\\\/author\\\/doriga\\\/\"}]}<\/script>\n<!-- \/ Yoast SEO plugin. -->","yoast_head_json":{"title":"OMS pide ayuda de 135 mdd para frenar brotes de viruela del mono en \u00c1frica - Fuentes Fidedignas","robots":{"index":"index","follow":"follow","max-snippet":"max-snippet:-1","max-image-preview":"max-image-preview:large","max-video-preview":"max-video-preview:-1"},"canonical":"https:\/\/fuentesfidedignas.com.mx\/index.php\/2024\/08\/26\/oms-pide-ayuda-de-135-mdd-para-frenar-brotes-de-viruela-del-mono-en-africa\/","og_locale":"es_MX","og_type":"article","og_title":"OMS pide ayuda de 135 mdd para frenar brotes de viruela del mono en \u00c1frica - Fuentes Fidedignas","og_description":"Casi 21 mil 500 casos y 591 muertes por viruela del mono se han registrado en 13 pa\u00edses africanos en lo que va de 2024 El director general de la Organizaci\u00f3n Mundial de la Salud (OMS), Tedros Adhanom Ghebreyesus, afirm\u00f3 que el organismo elabor\u00f3 un plan para atajar los brotes de mpox, antes viruela del [&hellip;]","og_url":"https:\/\/fuentesfidedignas.com.mx\/index.php\/2024\/08\/26\/oms-pide-ayuda-de-135-mdd-para-frenar-brotes-de-viruela-del-mono-en-africa\/","og_site_name":"Fuentes Fidedignas","article_publisher":"https:\/\/www.facebook.com\/Fuentes-Fidedignas-368234489921644","article_published_time":"2024-08-26T14:03:40+00:00","article_modified_time":"2024-08-26T15:03:53+00:00","og_image":[{"width":650,"height":365,"url":"https:\/\/fuentesfidedignas.com.mx\/wp-content\/uploads\/2024\/08\/persona-infectada-viruela-mono_98.jpg","type":"image\/jpeg"}],"author":"L\u00f3pez D\u00f3riga","twitter_card":"summary_large_image","twitter_creator":"@fidedignas","twitter_site":"@fidedignas","twitter_misc":{"Escrito por":"L\u00f3pez D\u00f3riga","Tiempo de lectura":"3 minutos"},"schema":{"@context":"https:\/\/schema.org","@graph":[{"@type":"Article","@id":"https:\/\/fuentesfidedignas.com.mx\/index.php\/2024\/08\/26\/oms-pide-ayuda-de-135-mdd-para-frenar-brotes-de-viruela-del-mono-en-africa\/#article","isPartOf":{"@id":"https:\/\/fuentesfidedignas.com.mx\/index.php\/2024\/08\/26\/oms-pide-ayuda-de-135-mdd-para-frenar-brotes-de-viruela-del-mono-en-africa\/"},"author":{"name":"L\u00f3pez D\u00f3riga","@id":"https:\/\/fuentesfidedignas.com.mx\/#\/schema\/person\/67d852f0557c8509146a4b9ddebd543a"},"headline":"OMS pide ayuda de 135 mdd para frenar brotes de viruela del mono en \u00c1frica","datePublished":"2024-08-26T14:03:40+00:00","dateModified":"2024-08-26T15:03:53+00:00","mainEntityOfPage":{"@id":"https:\/\/fuentesfidedignas.com.mx\/index.php\/2024\/08\/26\/oms-pide-ayuda-de-135-mdd-para-frenar-brotes-de-viruela-del-mono-en-africa\/"},"wordCount":604,"commentCount":0,"publisher":{"@id":"https:\/\/fuentesfidedignas.com.mx\/#organization"},"image":{"@id":"https:\/\/fuentesfidedignas.com.mx\/index.php\/2024\/08\/26\/oms-pide-ayuda-de-135-mdd-para-frenar-brotes-de-viruela-del-mono-en-africa\/#primaryimage"},"thumbnailUrl":"https:\/\/fuentesfidedignas.com.mx\/wp-content\/uploads\/2024\/08\/persona-infectada-viruela-mono_98.jpg","articleSection":["NOTICIAS NACIONALES"],"inLanguage":"es","potentialAction":[{"@type":"CommentAction","name":"Comment","target":["https:\/\/fuentesfidedignas.com.mx\/index.php\/2024\/08\/26\/oms-pide-ayuda-de-135-mdd-para-frenar-brotes-de-viruela-del-mono-en-africa\/#respond"]}]},{"@type":"WebPage","@id":"https:\/\/fuentesfidedignas.com.mx\/index.php\/2024\/08\/26\/oms-pide-ayuda-de-135-mdd-para-frenar-brotes-de-viruela-del-mono-en-africa\/","url":"https:\/\/fuentesfidedignas.com.mx\/index.php\/2024\/08\/26\/oms-pide-ayuda-de-135-mdd-para-frenar-brotes-de-viruela-del-mono-en-africa\/","name":"OMS pide ayuda de 135 mdd para frenar brotes de viruela del mono en \u00c1frica - Fuentes Fidedignas","isPartOf":{"@id":"https:\/\/fuentesfidedignas.com.mx\/#website"},"primaryImageOfPage":{"@id":"https:\/\/fuentesfidedignas.com.mx\/index.php\/2024\/08\/26\/oms-pide-ayuda-de-135-mdd-para-frenar-brotes-de-viruela-del-mono-en-africa\/#primaryimage"},"image":{"@id":"https:\/\/fuentesfidedignas.com.mx\/index.php\/2024\/08\/26\/oms-pide-ayuda-de-135-mdd-para-frenar-brotes-de-viruela-del-mono-en-africa\/#primaryimage"},"thumbnailUrl":"https:\/\/fuentesfidedignas.com.mx\/wp-content\/uploads\/2024\/08\/persona-infectada-viruela-mono_98.jpg","datePublished":"2024-08-26T14:03:40+00:00","dateModified":"2024-08-26T15:03:53+00:00","breadcrumb":{"@id":"https:\/\/fuentesfidedignas.com.mx\/index.php\/2024\/08\/26\/oms-pide-ayuda-de-135-mdd-para-frenar-brotes-de-viruela-del-mono-en-africa\/#breadcrumb"},"inLanguage":"es","potentialAction":[{"@type":"ReadAction","target":["https:\/\/fuentesfidedignas.com.mx\/index.php\/2024\/08\/26\/oms-pide-ayuda-de-135-mdd-para-frenar-brotes-de-viruela-del-mono-en-africa\/"]}]},{"@type":"ImageObject","inLanguage":"es","@id":"https:\/\/fuentesfidedignas.com.mx\/index.php\/2024\/08\/26\/oms-pide-ayuda-de-135-mdd-para-frenar-brotes-de-viruela-del-mono-en-africa\/#primaryimage","url":"https:\/\/fuentesfidedignas.com.mx\/wp-content\/uploads\/2024\/08\/persona-infectada-viruela-mono_98.jpg","contentUrl":"https:\/\/fuentesfidedignas.com.mx\/wp-content\/uploads\/2024\/08\/persona-infectada-viruela-mono_98.jpg","width":650,"height":365},{"@type":"BreadcrumbList","@id":"https:\/\/fuentesfidedignas.com.mx\/index.php\/2024\/08\/26\/oms-pide-ayuda-de-135-mdd-para-frenar-brotes-de-viruela-del-mono-en-africa\/#breadcrumb","itemListElement":[{"@type":"ListItem","position":1,"name":"Inicio","item":"https:\/\/fuentesfidedignas.com.mx\/"},{"@type":"ListItem","position":2,"name":"OMS pide ayuda de 135 mdd para frenar brotes de viruela del mono en \u00c1frica"}]},{"@type":"WebSite","@id":"https:\/\/fuentesfidedignas.com.mx\/#website","url":"https:\/\/fuentesfidedignas.com.mx\/","name":"Fuentes Fidedignas","description":"Otro sitio realizado con WordPress","publisher":{"@id":"https:\/\/fuentesfidedignas.com.mx\/#organization"},"potentialAction":[{"@type":"SearchAction","target":{"@type":"EntryPoint","urlTemplate":"https:\/\/fuentesfidedignas.com.mx\/?s={search_term_string}"},"query-input":{"@type":"PropertyValueSpecification","valueRequired":true,"valueName":"search_term_string"}}],"inLanguage":"es"},{"@type":"Organization","@id":"https:\/\/fuentesfidedignas.com.mx\/#organization","name":"Fuentes Fidedignas","url":"https:\/\/fuentesfidedignas.com.mx\/","logo":{"@type":"ImageObject","inLanguage":"es","@id":"https:\/\/fuentesfidedignas.com.mx\/#\/schema\/logo\/image\/","url":"https:\/\/fuentesfidedignas.com.mx\/wp-content\/uploads\/2021\/04\/logo-retina.png","contentUrl":"https:\/\/fuentesfidedignas.com.mx\/wp-content\/uploads\/2021\/04\/logo-retina.png","width":280,"height":51,"caption":"Fuentes Fidedignas"},"image":{"@id":"https:\/\/fuentesfidedignas.com.mx\/#\/schema\/logo\/image\/"},"sameAs":["https:\/\/www.facebook.com\/Fuentes-Fidedignas-368234489921644","https:\/\/x.com\/fidedignas"]},{"@type":"Person","@id":"https:\/\/fuentesfidedignas.com.mx\/#\/schema\/person\/67d852f0557c8509146a4b9ddebd543a","name":"L\u00f3pez D\u00f3riga","image":{"@type":"ImageObject","inLanguage":"es","@id":"https:\/\/secure.gravatar.com\/avatar\/e525b06574ca18b33cded59dfe5778d6c823b9513154eff47da551b0551bdd1e?s=96&d=mm&r=g","url":"https:\/\/secure.gravatar.com\/avatar\/e525b06574ca18b33cded59dfe5778d6c823b9513154eff47da551b0551bdd1e?s=96&d=mm&r=g","contentUrl":"https:\/\/secure.gravatar.com\/avatar\/e525b06574ca18b33cded59dfe5778d6c823b9513154eff47da551b0551bdd1e?s=96&d=mm&r=g","caption":"L\u00f3pez D\u00f3riga"},"url":"https:\/\/fuentesfidedignas.com.mx\/index.php\/author\/doriga\/"}]}},"_links":{"self":[{"href":"https:\/\/fuentesfidedignas.com.mx\/index.php\/wp-json\/wp\/v2\/posts\/89595","targetHints":{"allow":["GET"]}}],"collection":[{"href":"https:\/\/fuentesfidedignas.com.mx\/index.php\/wp-json\/wp\/v2\/posts"}],"about":[{"href":"https:\/\/fuentesfidedignas.com.mx\/index.php\/wp-json\/wp\/v2\/types\/post"}],"author":[{"embeddable":true,"href":"https:\/\/fuentesfidedignas.com.mx\/index.php\/wp-json\/wp\/v2\/users\/47"}],"replies":[{"embeddable":true,"href":"https:\/\/fuentesfidedignas.com.mx\/index.php\/wp-json\/wp\/v2\/comments?post=89595"}],"version-history":[{"count":1,"href":"https:\/\/fuentesfidedignas.com.mx\/index.php\/wp-json\/wp\/v2\/posts\/89595\/revisions"}],"predecessor-version":[{"id":89597,"href":"https:\/\/fuentesfidedignas.com.mx\/index.php\/wp-json\/wp\/v2\/posts\/89595\/revisions\/89597"}],"wp:featuredmedia":[{"embeddable":true,"href":"https:\/\/fuentesfidedignas.com.mx\/index.php\/wp-json\/wp\/v2\/media\/89596"}],"wp:attachment":[{"href":"https:\/\/fuentesfidedignas.com.mx\/index.php\/wp-json\/wp\/v2\/media?parent=89595"}],"wp:term":[{"taxonomy":"category","embeddable":true,"href":"https:\/\/fuentesfidedignas.com.mx\/index.php\/wp-json\/wp\/v2\/categories?post=89595"},{"taxonomy":"post_tag","embeddable":true,"href":"https:\/\/fuentesfidedignas.com.mx\/index.php\/wp-json\/wp\/v2\/tags?post=89595"}],"curies":[{"name":"wp","href":"https:\/\/api.w.org\/{rel}","templated":true}]}}