{"id":89567,"date":"2024-08-25T15:43:25","date_gmt":"2024-08-25T22:43:25","guid":{"rendered":"https:\/\/fuentesfidedignas.com.mx\/?p=89567"},"modified":"2024-08-25T15:48:16","modified_gmt":"2024-08-25T22:48:16","slug":"reportan-nueve-muertos-y-seis-desaparecidos-tras-enfrentamientos-armados-en-michoacan","status":"publish","type":"post","link":"https:\/\/fuentesfidedignas.com.mx\/index.php\/2024\/08\/25\/reportan-nueve-muertos-y-seis-desaparecidos-tras-enfrentamientos-armados-en-michoacan\/","title":{"rendered":"Enfrentamiento en Coahuayana, Michoac\u00e1n, deja al menos ocho polic\u00edas comunitarios muertos"},"content":{"rendered":"\n<p><strong><em>El alcalde de Coahuayuna, Gildardo Ar\u00e9valo, confirm\u00f3 a MILENIO que 8 polic\u00edas comunitarios fueron asesinados.<\/em><\/strong><\/p>\n\n\n\n<p>Un saldo preliminar de nueve personas sin vida y seis m\u00e1s desaparecidas, dejaron los enfrentamientos recientes entre los l\u00edmites de Michoac\u00e1n y Colima, los cuales se extendieron al municipio de Aquila.<\/p>\n\n\n\n<p>En entrevista telef\u00f3nica con MILENIO, el alcalde de Coahuayuna, Gildardo Ar\u00e9valo, indic\u00f3 que al menos ocho polic\u00edas comunitarios perdieron la vida tras intentar detener la irrupci\u00f3n de un grupo armado proveniente de Colima.<\/p>\n\n\n\n<p>Sin apoyo de la Guardia Civil de Michoac\u00e1n, la cual &#8220;hasta ahorita no ha llegado&#8221;, dijo, se fren\u00f3 el avance de los sicarios.<\/p>\n\n\n\n<p>&#8220;Nos sorprendieron, esa es la parte que se est\u00e1 dando y se ha estado luchando para (evitar) entrar dentro de Coahuayana y Aquila con otro situaci\u00f3n similar en El Coire&#8221;, declar\u00f3.<br>Indic\u00f3 el presidente municipal que soldados del Ej\u00e9rcito Mexicano se han desplegado en la zona y de momento, se resguard\u00f3 el orden, aunque lament\u00f3 la p\u00e9rdida de vidas humanas.<\/p>\n\n\n\n<p>Por su parte, el edil de Aquila, Jos\u00e9 Mar\u00eda Valencia, tambi\u00e9n consultado v\u00eda telef\u00f3nica con MILENIO confirm\u00f3 que en la comunidad de El Coire se reportaron dos irrupciones de civiles armados.<\/p>\n\n\n\n<p>En un primer ataque, de manera preliminar report\u00f3 que una persona perdi\u00f3 la vida y tres m\u00e1s se encuentran en calidad de desaparecidos, mientras que en una segunda irrupci\u00f3n otros tres pobladores siguen sin ser localizados.<\/p>\n","protected":false},"excerpt":{"rendered":"<p>El alcalde de Coahuayuna, Gildardo Ar\u00e9valo, confirm\u00f3 a MILENIO que 8 polic\u00edas comunitarios fueron asesinados. Un saldo preliminar de nueve personas sin vida y seis m\u00e1s desaparecidas, dejaron los enfrentamientos recientes entre los l\u00edmites de Michoac\u00e1n y Colima, los cuales se extendieron al municipio de Aquila. En entrevista telef\u00f3nica con MILENIO, el alcalde de Coahuayuna, [&hellip;]<\/p>\n","protected":false},"author":9,"featured_media":14805,"comment_status":"open","ping_status":"open","sticky":false,"template":"","format":"standard","meta":{"tdm_status":"","tdm_grid_status":"","footnotes":""},"categories":[39],"tags":[],"class_list":{"0":"post-89567","1":"post","2":"type-post","3":"status-publish","4":"format-standard","5":"has-post-thumbnail","7":"category-noticias-nacionales"},"yoast_head":"<!-- This site is optimized with the Yoast SEO plugin v27.5 - https:\/\/yoast.com\/product\/yoast-seo-wordpress\/ -->\n<title>Enfrentamiento en Coahuayana, Michoac\u00e1n, deja al menos ocho polic\u00edas comunitarios muertos - Fuentes Fidedignas<\/title>\n<meta name=\"robots\" content=\"index, follow, max-snippet:-1, max-image-preview:large, max-video-preview:-1\" \/>\n<link rel=\"canonical\" href=\"https:\/\/fuentesfidedignas.com.mx\/index.php\/2024\/08\/25\/reportan-nueve-muertos-y-seis-desaparecidos-tras-enfrentamientos-armados-en-michoacan\/\" \/>\n<meta property=\"og:locale\" content=\"es_MX\" \/>\n<meta property=\"og:type\" content=\"article\" \/>\n<meta property=\"og:title\" content=\"Enfrentamiento en Coahuayana, Michoac\u00e1n, deja al menos ocho polic\u00edas comunitarios muertos - Fuentes Fidedignas\" \/>\n<meta property=\"og:description\" content=\"El alcalde de Coahuayuna, Gildardo Ar\u00e9valo, confirm\u00f3 a MILENIO que 8 polic\u00edas comunitarios fueron asesinados. Un saldo preliminar de nueve personas sin vida y seis m\u00e1s desaparecidas, dejaron los enfrentamientos recientes entre los l\u00edmites de Michoac\u00e1n y Colima, los cuales se extendieron al municipio de Aquila. En entrevista telef\u00f3nica con MILENIO, el alcalde de Coahuayuna, [&hellip;]\" \/>\n<meta property=\"og:url\" content=\"https:\/\/fuentesfidedignas.com.mx\/index.php\/2024\/08\/25\/reportan-nueve-muertos-y-seis-desaparecidos-tras-enfrentamientos-armados-en-michoacan\/\" \/>\n<meta property=\"og:site_name\" content=\"Fuentes Fidedignas\" \/>\n<meta property=\"article:publisher\" content=\"https:\/\/www.facebook.com\/Fuentes-Fidedignas-368234489921644\" \/>\n<meta property=\"article:published_time\" content=\"2024-08-25T22:43:25+00:00\" \/>\n<meta property=\"article:modified_time\" content=\"2024-08-25T22:48:16+00:00\" \/>\n<meta property=\"og:image\" content=\"https:\/\/fuentesfidedignas.com.mx\/wp-content\/uploads\/2021\/10\/casquillos.jpeg\" \/>\n\t<meta property=\"og:image:width\" content=\"1280\" \/>\n\t<meta property=\"og:image:height\" content=\"853\" \/>\n\t<meta property=\"og:image:type\" content=\"image\/jpeg\" \/>\n<meta name=\"author\" content=\"Milenio\" \/>\n<meta name=\"twitter:card\" content=\"summary_large_image\" \/>\n<meta name=\"twitter:creator\" content=\"@fidedignas\" \/>\n<meta name=\"twitter:site\" content=\"@fidedignas\" \/>\n<meta name=\"twitter:label1\" content=\"Escrito por\" \/>\n\t<meta name=\"twitter:data1\" content=\"Milenio\" \/>\n\t<meta name=\"twitter:label2\" content=\"Tiempo de lectura\" \/>\n\t<meta name=\"twitter:data2\" content=\"2 minutos\" \/>\n<script type=\"application\/ld+json\" class=\"yoast-schema-graph\">{\"@context\":\"https:\\\/\\\/schema.org\",\"@graph\":[{\"@type\":\"Article\",\"@id\":\"https:\\\/\\\/fuentesfidedignas.com.mx\\\/index.php\\\/2024\\\/08\\\/25\\\/reportan-nueve-muertos-y-seis-desaparecidos-tras-enfrentamientos-armados-en-michoacan\\\/#article\",\"isPartOf\":{\"@id\":\"https:\\\/\\\/fuentesfidedignas.com.mx\\\/index.php\\\/2024\\\/08\\\/25\\\/reportan-nueve-muertos-y-seis-desaparecidos-tras-enfrentamientos-armados-en-michoacan\\\/\"},\"author\":{\"name\":\"Milenio\",\"@id\":\"https:\\\/\\\/fuentesfidedignas.com.mx\\\/#\\\/schema\\\/person\\\/47ec0135738f4b0c7495f06a77a2c976\"},\"headline\":\"Enfrentamiento en Coahuayana, Michoac\u00e1n, deja al menos ocho polic\u00edas comunitarios muertos\",\"datePublished\":\"2024-08-25T22:43:25+00:00\",\"dateModified\":\"2024-08-25T22:48:16+00:00\",\"mainEntityOfPage\":{\"@id\":\"https:\\\/\\\/fuentesfidedignas.com.mx\\\/index.php\\\/2024\\\/08\\\/25\\\/reportan-nueve-muertos-y-seis-desaparecidos-tras-enfrentamientos-armados-en-michoacan\\\/\"},\"wordCount\":260,\"commentCount\":0,\"publisher\":{\"@id\":\"https:\\\/\\\/fuentesfidedignas.com.mx\\\/#organization\"},\"image\":{\"@id\":\"https:\\\/\\\/fuentesfidedignas.com.mx\\\/index.php\\\/2024\\\/08\\\/25\\\/reportan-nueve-muertos-y-seis-desaparecidos-tras-enfrentamientos-armados-en-michoacan\\\/#primaryimage\"},\"thumbnailUrl\":\"https:\\\/\\\/fuentesfidedignas.com.mx\\\/wp-content\\\/uploads\\\/2021\\\/10\\\/casquillos.jpeg\",\"articleSection\":[\"NOTICIAS NACIONALES\"],\"inLanguage\":\"es\",\"potentialAction\":[{\"@type\":\"CommentAction\",\"name\":\"Comment\",\"target\":[\"https:\\\/\\\/fuentesfidedignas.com.mx\\\/index.php\\\/2024\\\/08\\\/25\\\/reportan-nueve-muertos-y-seis-desaparecidos-tras-enfrentamientos-armados-en-michoacan\\\/#respond\"]}]},{\"@type\":\"WebPage\",\"@id\":\"https:\\\/\\\/fuentesfidedignas.com.mx\\\/index.php\\\/2024\\\/08\\\/25\\\/reportan-nueve-muertos-y-seis-desaparecidos-tras-enfrentamientos-armados-en-michoacan\\\/\",\"url\":\"https:\\\/\\\/fuentesfidedignas.com.mx\\\/index.php\\\/2024\\\/08\\\/25\\\/reportan-nueve-muertos-y-seis-desaparecidos-tras-enfrentamientos-armados-en-michoacan\\\/\",\"name\":\"Enfrentamiento en Coahuayana, Michoac\u00e1n, deja al menos ocho polic\u00edas comunitarios muertos - Fuentes Fidedignas\",\"isPartOf\":{\"@id\":\"https:\\\/\\\/fuentesfidedignas.com.mx\\\/#website\"},\"primaryImageOfPage\":{\"@id\":\"https:\\\/\\\/fuentesfidedignas.com.mx\\\/index.php\\\/2024\\\/08\\\/25\\\/reportan-nueve-muertos-y-seis-desaparecidos-tras-enfrentamientos-armados-en-michoacan\\\/#primaryimage\"},\"image\":{\"@id\":\"https:\\\/\\\/fuentesfidedignas.com.mx\\\/index.php\\\/2024\\\/08\\\/25\\\/reportan-nueve-muertos-y-seis-desaparecidos-tras-enfrentamientos-armados-en-michoacan\\\/#primaryimage\"},\"thumbnailUrl\":\"https:\\\/\\\/fuentesfidedignas.com.mx\\\/wp-content\\\/uploads\\\/2021\\\/10\\\/casquillos.jpeg\",\"datePublished\":\"2024-08-25T22:43:25+00:00\",\"dateModified\":\"2024-08-25T22:48:16+00:00\",\"breadcrumb\":{\"@id\":\"https:\\\/\\\/fuentesfidedignas.com.mx\\\/index.php\\\/2024\\\/08\\\/25\\\/reportan-nueve-muertos-y-seis-desaparecidos-tras-enfrentamientos-armados-en-michoacan\\\/#breadcrumb\"},\"inLanguage\":\"es\",\"potentialAction\":[{\"@type\":\"ReadAction\",\"target\":[\"https:\\\/\\\/fuentesfidedignas.com.mx\\\/index.php\\\/2024\\\/08\\\/25\\\/reportan-nueve-muertos-y-seis-desaparecidos-tras-enfrentamientos-armados-en-michoacan\\\/\"]}]},{\"@type\":\"ImageObject\",\"inLanguage\":\"es\",\"@id\":\"https:\\\/\\\/fuentesfidedignas.com.mx\\\/index.php\\\/2024\\\/08\\\/25\\\/reportan-nueve-muertos-y-seis-desaparecidos-tras-enfrentamientos-armados-en-michoacan\\\/#primaryimage\",\"url\":\"https:\\\/\\\/fuentesfidedignas.com.mx\\\/wp-content\\\/uploads\\\/2021\\\/10\\\/casquillos.jpeg\",\"contentUrl\":\"https:\\\/\\\/fuentesfidedignas.com.mx\\\/wp-content\\\/uploads\\\/2021\\\/10\\\/casquillos.jpeg\",\"width\":1280,\"height\":853},{\"@type\":\"BreadcrumbList\",\"@id\":\"https:\\\/\\\/fuentesfidedignas.com.mx\\\/index.php\\\/2024\\\/08\\\/25\\\/reportan-nueve-muertos-y-seis-desaparecidos-tras-enfrentamientos-armados-en-michoacan\\\/#breadcrumb\",\"itemListElement\":[{\"@type\":\"ListItem\",\"position\":1,\"name\":\"Inicio\",\"item\":\"https:\\\/\\\/fuentesfidedignas.com.mx\\\/\"},{\"@type\":\"ListItem\",\"position\":2,\"name\":\"Enfrentamiento en Coahuayana, Michoac\u00e1n, deja al menos ocho polic\u00edas comunitarios muertos\"}]},{\"@type\":\"WebSite\",\"@id\":\"https:\\\/\\\/fuentesfidedignas.com.mx\\\/#website\",\"url\":\"https:\\\/\\\/fuentesfidedignas.com.mx\\\/\",\"name\":\"Fuentes Fidedignas\",\"description\":\"Otro sitio realizado con WordPress\",\"publisher\":{\"@id\":\"https:\\\/\\\/fuentesfidedignas.com.mx\\\/#organization\"},\"potentialAction\":[{\"@type\":\"SearchAction\",\"target\":{\"@type\":\"EntryPoint\",\"urlTemplate\":\"https:\\\/\\\/fuentesfidedignas.com.mx\\\/?s={search_term_string}\"},\"query-input\":{\"@type\":\"PropertyValueSpecification\",\"valueRequired\":true,\"valueName\":\"search_term_string\"}}],\"inLanguage\":\"es\"},{\"@type\":\"Organization\",\"@id\":\"https:\\\/\\\/fuentesfidedignas.com.mx\\\/#organization\",\"name\":\"Fuentes Fidedignas\",\"url\":\"https:\\\/\\\/fuentesfidedignas.com.mx\\\/\",\"logo\":{\"@type\":\"ImageObject\",\"inLanguage\":\"es\",\"@id\":\"https:\\\/\\\/fuentesfidedignas.com.mx\\\/#\\\/schema\\\/logo\\\/image\\\/\",\"url\":\"https:\\\/\\\/fuentesfidedignas.com.mx\\\/wp-content\\\/uploads\\\/2021\\\/04\\\/logo-retina.png\",\"contentUrl\":\"https:\\\/\\\/fuentesfidedignas.com.mx\\\/wp-content\\\/uploads\\\/2021\\\/04\\\/logo-retina.png\",\"width\":280,\"height\":51,\"caption\":\"Fuentes Fidedignas\"},\"image\":{\"@id\":\"https:\\\/\\\/fuentesfidedignas.com.mx\\\/#\\\/schema\\\/logo\\\/image\\\/\"},\"sameAs\":[\"https:\\\/\\\/www.facebook.com\\\/Fuentes-Fidedignas-368234489921644\",\"https:\\\/\\\/x.com\\\/fidedignas\"]},{\"@type\":\"Person\",\"@id\":\"https:\\\/\\\/fuentesfidedignas.com.mx\\\/#\\\/schema\\\/person\\\/47ec0135738f4b0c7495f06a77a2c976\",\"name\":\"Milenio\",\"image\":{\"@type\":\"ImageObject\",\"inLanguage\":\"es\",\"@id\":\"https:\\\/\\\/secure.gravatar.com\\\/avatar\\\/acabf7b54753e51c2c76457954577c236b3b764789b19879565769739d1e4a75?s=96&d=mm&r=g\",\"url\":\"https:\\\/\\\/secure.gravatar.com\\\/avatar\\\/acabf7b54753e51c2c76457954577c236b3b764789b19879565769739d1e4a75?s=96&d=mm&r=g\",\"contentUrl\":\"https:\\\/\\\/secure.gravatar.com\\\/avatar\\\/acabf7b54753e51c2c76457954577c236b3b764789b19879565769739d1e4a75?s=96&d=mm&r=g\",\"caption\":\"Milenio\"},\"url\":\"https:\\\/\\\/fuentesfidedignas.com.mx\\\/index.php\\\/author\\\/milenio\\\/\"}]}<\/script>\n<!-- \/ Yoast SEO plugin. -->","yoast_head_json":{"title":"Enfrentamiento en Coahuayana, Michoac\u00e1n, deja al menos ocho polic\u00edas comunitarios muertos - Fuentes Fidedignas","robots":{"index":"index","follow":"follow","max-snippet":"max-snippet:-1","max-image-preview":"max-image-preview:large","max-video-preview":"max-video-preview:-1"},"canonical":"https:\/\/fuentesfidedignas.com.mx\/index.php\/2024\/08\/25\/reportan-nueve-muertos-y-seis-desaparecidos-tras-enfrentamientos-armados-en-michoacan\/","og_locale":"es_MX","og_type":"article","og_title":"Enfrentamiento en Coahuayana, Michoac\u00e1n, deja al menos ocho polic\u00edas comunitarios muertos - Fuentes Fidedignas","og_description":"El alcalde de Coahuayuna, Gildardo Ar\u00e9valo, confirm\u00f3 a MILENIO que 8 polic\u00edas comunitarios fueron asesinados. Un saldo preliminar de nueve personas sin vida y seis m\u00e1s desaparecidas, dejaron los enfrentamientos recientes entre los l\u00edmites de Michoac\u00e1n y Colima, los cuales se extendieron al municipio de Aquila. En entrevista telef\u00f3nica con MILENIO, el alcalde de Coahuayuna, [&hellip;]","og_url":"https:\/\/fuentesfidedignas.com.mx\/index.php\/2024\/08\/25\/reportan-nueve-muertos-y-seis-desaparecidos-tras-enfrentamientos-armados-en-michoacan\/","og_site_name":"Fuentes Fidedignas","article_publisher":"https:\/\/www.facebook.com\/Fuentes-Fidedignas-368234489921644","article_published_time":"2024-08-25T22:43:25+00:00","article_modified_time":"2024-08-25T22:48:16+00:00","og_image":[{"width":1280,"height":853,"url":"https:\/\/fuentesfidedignas.com.mx\/wp-content\/uploads\/2021\/10\/casquillos.jpeg","type":"image\/jpeg"}],"author":"Milenio","twitter_card":"summary_large_image","twitter_creator":"@fidedignas","twitter_site":"@fidedignas","twitter_misc":{"Escrito por":"Milenio","Tiempo de lectura":"2 minutos"},"schema":{"@context":"https:\/\/schema.org","@graph":[{"@type":"Article","@id":"https:\/\/fuentesfidedignas.com.mx\/index.php\/2024\/08\/25\/reportan-nueve-muertos-y-seis-desaparecidos-tras-enfrentamientos-armados-en-michoacan\/#article","isPartOf":{"@id":"https:\/\/fuentesfidedignas.com.mx\/index.php\/2024\/08\/25\/reportan-nueve-muertos-y-seis-desaparecidos-tras-enfrentamientos-armados-en-michoacan\/"},"author":{"name":"Milenio","@id":"https:\/\/fuentesfidedignas.com.mx\/#\/schema\/person\/47ec0135738f4b0c7495f06a77a2c976"},"headline":"Enfrentamiento en Coahuayana, Michoac\u00e1n, deja al menos ocho polic\u00edas comunitarios muertos","datePublished":"2024-08-25T22:43:25+00:00","dateModified":"2024-08-25T22:48:16+00:00","mainEntityOfPage":{"@id":"https:\/\/fuentesfidedignas.com.mx\/index.php\/2024\/08\/25\/reportan-nueve-muertos-y-seis-desaparecidos-tras-enfrentamientos-armados-en-michoacan\/"},"wordCount":260,"commentCount":0,"publisher":{"@id":"https:\/\/fuentesfidedignas.com.mx\/#organization"},"image":{"@id":"https:\/\/fuentesfidedignas.com.mx\/index.php\/2024\/08\/25\/reportan-nueve-muertos-y-seis-desaparecidos-tras-enfrentamientos-armados-en-michoacan\/#primaryimage"},"thumbnailUrl":"https:\/\/fuentesfidedignas.com.mx\/wp-content\/uploads\/2021\/10\/casquillos.jpeg","articleSection":["NOTICIAS NACIONALES"],"inLanguage":"es","potentialAction":[{"@type":"CommentAction","name":"Comment","target":["https:\/\/fuentesfidedignas.com.mx\/index.php\/2024\/08\/25\/reportan-nueve-muertos-y-seis-desaparecidos-tras-enfrentamientos-armados-en-michoacan\/#respond"]}]},{"@type":"WebPage","@id":"https:\/\/fuentesfidedignas.com.mx\/index.php\/2024\/08\/25\/reportan-nueve-muertos-y-seis-desaparecidos-tras-enfrentamientos-armados-en-michoacan\/","url":"https:\/\/fuentesfidedignas.com.mx\/index.php\/2024\/08\/25\/reportan-nueve-muertos-y-seis-desaparecidos-tras-enfrentamientos-armados-en-michoacan\/","name":"Enfrentamiento en Coahuayana, Michoac\u00e1n, deja al menos ocho polic\u00edas comunitarios muertos - Fuentes Fidedignas","isPartOf":{"@id":"https:\/\/fuentesfidedignas.com.mx\/#website"},"primaryImageOfPage":{"@id":"https:\/\/fuentesfidedignas.com.mx\/index.php\/2024\/08\/25\/reportan-nueve-muertos-y-seis-desaparecidos-tras-enfrentamientos-armados-en-michoacan\/#primaryimage"},"image":{"@id":"https:\/\/fuentesfidedignas.com.mx\/index.php\/2024\/08\/25\/reportan-nueve-muertos-y-seis-desaparecidos-tras-enfrentamientos-armados-en-michoacan\/#primaryimage"},"thumbnailUrl":"https:\/\/fuentesfidedignas.com.mx\/wp-content\/uploads\/2021\/10\/casquillos.jpeg","datePublished":"2024-08-25T22:43:25+00:00","dateModified":"2024-08-25T22:48:16+00:00","breadcrumb":{"@id":"https:\/\/fuentesfidedignas.com.mx\/index.php\/2024\/08\/25\/reportan-nueve-muertos-y-seis-desaparecidos-tras-enfrentamientos-armados-en-michoacan\/#breadcrumb"},"inLanguage":"es","potentialAction":[{"@type":"ReadAction","target":["https:\/\/fuentesfidedignas.com.mx\/index.php\/2024\/08\/25\/reportan-nueve-muertos-y-seis-desaparecidos-tras-enfrentamientos-armados-en-michoacan\/"]}]},{"@type":"ImageObject","inLanguage":"es","@id":"https:\/\/fuentesfidedignas.com.mx\/index.php\/2024\/08\/25\/reportan-nueve-muertos-y-seis-desaparecidos-tras-enfrentamientos-armados-en-michoacan\/#primaryimage","url":"https:\/\/fuentesfidedignas.com.mx\/wp-content\/uploads\/2021\/10\/casquillos.jpeg","contentUrl":"https:\/\/fuentesfidedignas.com.mx\/wp-content\/uploads\/2021\/10\/casquillos.jpeg","width":1280,"height":853},{"@type":"BreadcrumbList","@id":"https:\/\/fuentesfidedignas.com.mx\/index.php\/2024\/08\/25\/reportan-nueve-muertos-y-seis-desaparecidos-tras-enfrentamientos-armados-en-michoacan\/#breadcrumb","itemListElement":[{"@type":"ListItem","position":1,"name":"Inicio","item":"https:\/\/fuentesfidedignas.com.mx\/"},{"@type":"ListItem","position":2,"name":"Enfrentamiento en Coahuayana, Michoac\u00e1n, deja al menos ocho polic\u00edas comunitarios muertos"}]},{"@type":"WebSite","@id":"https:\/\/fuentesfidedignas.com.mx\/#website","url":"https:\/\/fuentesfidedignas.com.mx\/","name":"Fuentes Fidedignas","description":"Otro sitio realizado con WordPress","publisher":{"@id":"https:\/\/fuentesfidedignas.com.mx\/#organization"},"potentialAction":[{"@type":"SearchAction","target":{"@type":"EntryPoint","urlTemplate":"https:\/\/fuentesfidedignas.com.mx\/?s={search_term_string}"},"query-input":{"@type":"PropertyValueSpecification","valueRequired":true,"valueName":"search_term_string"}}],"inLanguage":"es"},{"@type":"Organization","@id":"https:\/\/fuentesfidedignas.com.mx\/#organization","name":"Fuentes Fidedignas","url":"https:\/\/fuentesfidedignas.com.mx\/","logo":{"@type":"ImageObject","inLanguage":"es","@id":"https:\/\/fuentesfidedignas.com.mx\/#\/schema\/logo\/image\/","url":"https:\/\/fuentesfidedignas.com.mx\/wp-content\/uploads\/2021\/04\/logo-retina.png","contentUrl":"https:\/\/fuentesfidedignas.com.mx\/wp-content\/uploads\/2021\/04\/logo-retina.png","width":280,"height":51,"caption":"Fuentes Fidedignas"},"image":{"@id":"https:\/\/fuentesfidedignas.com.mx\/#\/schema\/logo\/image\/"},"sameAs":["https:\/\/www.facebook.com\/Fuentes-Fidedignas-368234489921644","https:\/\/x.com\/fidedignas"]},{"@type":"Person","@id":"https:\/\/fuentesfidedignas.com.mx\/#\/schema\/person\/47ec0135738f4b0c7495f06a77a2c976","name":"Milenio","image":{"@type":"ImageObject","inLanguage":"es","@id":"https:\/\/secure.gravatar.com\/avatar\/acabf7b54753e51c2c76457954577c236b3b764789b19879565769739d1e4a75?s=96&d=mm&r=g","url":"https:\/\/secure.gravatar.com\/avatar\/acabf7b54753e51c2c76457954577c236b3b764789b19879565769739d1e4a75?s=96&d=mm&r=g","contentUrl":"https:\/\/secure.gravatar.com\/avatar\/acabf7b54753e51c2c76457954577c236b3b764789b19879565769739d1e4a75?s=96&d=mm&r=g","caption":"Milenio"},"url":"https:\/\/fuentesfidedignas.com.mx\/index.php\/author\/milenio\/"}]}},"_links":{"self":[{"href":"https:\/\/fuentesfidedignas.com.mx\/index.php\/wp-json\/wp\/v2\/posts\/89567","targetHints":{"allow":["GET"]}}],"collection":[{"href":"https:\/\/fuentesfidedignas.com.mx\/index.php\/wp-json\/wp\/v2\/posts"}],"about":[{"href":"https:\/\/fuentesfidedignas.com.mx\/index.php\/wp-json\/wp\/v2\/types\/post"}],"author":[{"embeddable":true,"href":"https:\/\/fuentesfidedignas.com.mx\/index.php\/wp-json\/wp\/v2\/users\/9"}],"replies":[{"embeddable":true,"href":"https:\/\/fuentesfidedignas.com.mx\/index.php\/wp-json\/wp\/v2\/comments?post=89567"}],"version-history":[{"count":2,"href":"https:\/\/fuentesfidedignas.com.mx\/index.php\/wp-json\/wp\/v2\/posts\/89567\/revisions"}],"predecessor-version":[{"id":89569,"href":"https:\/\/fuentesfidedignas.com.mx\/index.php\/wp-json\/wp\/v2\/posts\/89567\/revisions\/89569"}],"wp:featuredmedia":[{"embeddable":true,"href":"https:\/\/fuentesfidedignas.com.mx\/index.php\/wp-json\/wp\/v2\/media\/14805"}],"wp:attachment":[{"href":"https:\/\/fuentesfidedignas.com.mx\/index.php\/wp-json\/wp\/v2\/media?parent=89567"}],"wp:term":[{"taxonomy":"category","embeddable":true,"href":"https:\/\/fuentesfidedignas.com.mx\/index.php\/wp-json\/wp\/v2\/categories?post=89567"},{"taxonomy":"post_tag","embeddable":true,"href":"https:\/\/fuentesfidedignas.com.mx\/index.php\/wp-json\/wp\/v2\/tags?post=89567"}],"curies":[{"name":"wp","href":"https:\/\/api.w.org\/{rel}","templated":true}]}}