{"id":89530,"date":"2024-08-25T08:42:09","date_gmt":"2024-08-25T15:42:09","guid":{"rendered":"https:\/\/fuentesfidedignas.com.mx\/?p=89530"},"modified":"2024-08-25T08:42:29","modified_gmt":"2024-08-25T15:42:29","slug":"reportan-muerte-de-saul-granados-popular-cantante-de-corridos","status":"publish","type":"post","link":"https:\/\/fuentesfidedignas.com.mx\/index.php\/2024\/08\/25\/reportan-muerte-de-saul-granados-popular-cantante-de-corridos\/","title":{"rendered":"Reportan muerte de Sa\u00fal Granados, popular cantante de corridos"},"content":{"rendered":"\n<p><strong><em>En redes sociales, varios colegas y amigos del cantante, que la pr\u00f3xima semana ten\u00eda agendado un concierto en la Fenapo, lamentaron su deceso.<\/em><\/strong><\/p>\n\n\n\n<p>Este s\u00e1bado, se report\u00f3 la muerte de Sa\u00fal Granados, popular cantante de corridos en San Luis Potos\u00ed y estados aleda\u00f1os; en redes sociales, colegas y amigos compartieron mensajes para lamentar su deceso.<\/p>\n\n\n\n<p>Destaca que en sus \u00faltimas publicaciones de redes sociales, Granados promocion\u00f3 el concierto que dar\u00eda el pr\u00f3ximo jueves 29 de agosto en la\u00a0Plaza Del Mariachi, de la Feria Nacional Potosina (Fenapo), junto a Los Titanes de Durango.\u00a0<\/p>\n\n\n\n<p>La usuaria de Facebook Samantha GH, comparti\u00f3 una foto donde aparece con Sa\u00fal y el siguiente mensaje de despedida: &#8220;Yo no tengo m\u00e1s que cosas buenas que decir de ti, solo t\u00fa y yo sabremos por siempre todos los momentos que creamos juntos durante tanto tiempo, gracias por esta amistad tan bonita&#8221;.&nbsp;<\/p>\n\n\n\n<p>&#8220;Me dejas un dolorcito en el pecho que voy a traer eternamente conmigo, pero llevar\u00e9 por siempre el recuerdo del d\u00eda que te conoc\u00ed y el \u00faltimo d\u00eda que te vi. Te voy a extra\u00f1ar con el alma, pero s\u00e9 que siempre vas a estar conmigo, para siempre tu ni\u00f1a&#8221;, agreg\u00f3 la joven.<\/p>\n\n\n\n<figure class=\"wp-block-image size-full\"><img decoding=\"async\" width=\"618\" height=\"486\" src=\"https:\/\/fuentesfidedignas.com.mx\/wp-content\/uploads\/2024\/08\/image-2-1.jpg\" alt=\"\" class=\"wp-image-89531\" srcset=\"https:\/\/fuentesfidedignas.com.mx\/wp-content\/uploads\/2024\/08\/image-2-1.jpg 618w, https:\/\/fuentesfidedignas.com.mx\/wp-content\/uploads\/2024\/08\/image-2-1-300x236.jpg 300w, https:\/\/fuentesfidedignas.com.mx\/wp-content\/uploads\/2024\/08\/image-2-1-534x420.jpg 534w, https:\/\/fuentesfidedignas.com.mx\/wp-content\/uploads\/2024\/08\/image-2-1-600x472.jpg 600w\" sizes=\"(max-width: 618px) 100vw, 618px\" \/><\/figure>\n\n\n\n<p>Chuy Lechuga, l\u00edder de la banda Los Consagrados, tambi\u00e9n se pronunci\u00f3 por el deceso de su colega: &#8220;Descanse en paz el buen Sa\u00fal Granados&#8221;.<\/p>\n\n\n\n<figure class=\"wp-block-image size-full\"><img decoding=\"async\" width=\"618\" height=\"233\" src=\"https:\/\/fuentesfidedignas.com.mx\/wp-content\/uploads\/2024\/08\/image-2.png\" alt=\"\" class=\"wp-image-89532\" srcset=\"https:\/\/fuentesfidedignas.com.mx\/wp-content\/uploads\/2024\/08\/image-2.png 618w, https:\/\/fuentesfidedignas.com.mx\/wp-content\/uploads\/2024\/08\/image-2-300x113.png 300w, https:\/\/fuentesfidedignas.com.mx\/wp-content\/uploads\/2024\/08\/image-2-600x226.png 600w\" sizes=\"(max-width: 618px) 100vw, 618px\" \/><\/figure>\n\n\n\n<p>Hallan cuerpo en San Luis Potos\u00ed que ser\u00eda del cantante<br>La ma\u00f1ana de este s\u00e1bado fue localizado el cuerpo de una persona del sexo masculino con impactos de arma de fuego en la capital de San Luis Potos\u00ed.<\/p>\n\n\n\n<p>El cuerpo estaba en un camino cerca del perif\u00e9rico poniente a unos 300 metros aproximadamente, en la localidad de El Charquillo en la comunidad de Capulines.<\/p>\n\n\n\n<p>En un comunicado, la Fiscal\u00eda General del Estado inform\u00f3 que la persona del sexo masculino, estaba en calidad de no identificada, sin embargo trasciende que se trata del cantante de corridos Sa\u00fal Granados, versi\u00f3n que no ha sido desmentida por las autoridades.<\/p>\n\n\n\n<p>Su \u00faltima presentaci\u00f3n fue el pasado 15 de agosto en el Foro Teatro del Pueblo de la Fenapo 2024.<\/p>\n\n\n\n<blockquote class=\"twitter-tweet\"><p lang=\"es\" dir=\"ltr\"><a href=\"https:\/\/twitter.com\/hashtag\/FGESLP?src=hash&amp;ref_src=twsrc%5Etfw\">#FGESLP<\/a> | Unidad de homicidios de FGESLP investiga deceso de persona en la Capital potosina.<br>M\u00e1s informaci\u00f3n: <a href=\"https:\/\/t.co\/8Qll01wFFJ\">https:\/\/t.co\/8Qll01wFFJ<\/a> <a href=\"https:\/\/t.co\/kHyMMRuqFs\">pic.twitter.com\/kHyMMRuqFs<\/a><\/p>&mdash; Fiscal\u00eda San Luis Potos\u00ed (@FiscaliaSLP) <a href=\"https:\/\/twitter.com\/FiscaliaSLP\/status\/1827467785644978588?ref_src=twsrc%5Etfw\">August 24, 2024<\/a><\/blockquote> <script async src=\"https:\/\/platform.twitter.com\/widgets.js\" charset=\"utf-8\"><\/script>\n","protected":false},"excerpt":{"rendered":"<p>En redes sociales, varios colegas y amigos del cantante, que la pr\u00f3xima semana ten\u00eda agendado un concierto en la Fenapo, lamentaron su deceso. Este s\u00e1bado, se report\u00f3 la muerte de Sa\u00fal Granados, popular cantante de corridos en San Luis Potos\u00ed y estados aleda\u00f1os; en redes sociales, colegas y amigos compartieron mensajes para lamentar su deceso. [&hellip;]<\/p>\n","protected":false},"author":9,"featured_media":89533,"comment_status":"open","ping_status":"open","sticky":false,"template":"","format":"standard","meta":{"tdm_status":"","tdm_grid_status":"","footnotes":""},"categories":[39],"tags":[],"class_list":{"0":"post-89530","1":"post","2":"type-post","3":"status-publish","4":"format-standard","5":"has-post-thumbnail","7":"category-noticias-nacionales"},"yoast_head":"<!-- This site is optimized with the Yoast SEO plugin v27.5 - https:\/\/yoast.com\/product\/yoast-seo-wordpress\/ -->\n<title>Reportan muerte de Sa\u00fal Granados, popular cantante de corridos - Fuentes Fidedignas<\/title>\n<meta name=\"robots\" content=\"index, follow, max-snippet:-1, max-image-preview:large, max-video-preview:-1\" \/>\n<link rel=\"canonical\" href=\"https:\/\/fuentesfidedignas.com.mx\/index.php\/2024\/08\/25\/reportan-muerte-de-saul-granados-popular-cantante-de-corridos\/\" \/>\n<meta property=\"og:locale\" content=\"es_MX\" \/>\n<meta property=\"og:type\" content=\"article\" \/>\n<meta property=\"og:title\" content=\"Reportan muerte de Sa\u00fal Granados, popular cantante de corridos - Fuentes Fidedignas\" \/>\n<meta property=\"og:description\" content=\"En redes sociales, varios colegas y amigos del cantante, que la pr\u00f3xima semana ten\u00eda agendado un concierto en la Fenapo, lamentaron su deceso. Este s\u00e1bado, se report\u00f3 la muerte de Sa\u00fal Granados, popular cantante de corridos en San Luis Potos\u00ed y estados aleda\u00f1os; en redes sociales, colegas y amigos compartieron mensajes para lamentar su deceso. [&hellip;]\" \/>\n<meta property=\"og:url\" content=\"https:\/\/fuentesfidedignas.com.mx\/index.php\/2024\/08\/25\/reportan-muerte-de-saul-granados-popular-cantante-de-corridos\/\" \/>\n<meta property=\"og:site_name\" content=\"Fuentes Fidedignas\" \/>\n<meta property=\"article:publisher\" content=\"https:\/\/www.facebook.com\/Fuentes-Fidedignas-368234489921644\" \/>\n<meta property=\"article:published_time\" content=\"2024-08-25T15:42:09+00:00\" \/>\n<meta property=\"article:modified_time\" content=\"2024-08-25T15:42:29+00:00\" \/>\n<meta property=\"og:image\" content=\"https:\/\/fuentesfidedignas.com.mx\/wp-content\/uploads\/2024\/08\/saul-granados-cantante.jpg\" \/>\n\t<meta property=\"og:image:width\" content=\"640\" \/>\n\t<meta property=\"og:image:height\" content=\"360\" \/>\n\t<meta property=\"og:image:type\" content=\"image\/jpeg\" \/>\n<meta name=\"author\" content=\"Milenio\" \/>\n<meta name=\"twitter:card\" content=\"summary_large_image\" \/>\n<meta name=\"twitter:creator\" content=\"@fidedignas\" \/>\n<meta name=\"twitter:site\" content=\"@fidedignas\" \/>\n<meta name=\"twitter:label1\" content=\"Escrito por\" \/>\n\t<meta name=\"twitter:data1\" content=\"Milenio\" \/>\n\t<meta name=\"twitter:label2\" content=\"Tiempo de lectura\" \/>\n\t<meta name=\"twitter:data2\" content=\"3 minutos\" \/>\n<script type=\"application\/ld+json\" class=\"yoast-schema-graph\">{\"@context\":\"https:\\\/\\\/schema.org\",\"@graph\":[{\"@type\":\"Article\",\"@id\":\"https:\\\/\\\/fuentesfidedignas.com.mx\\\/index.php\\\/2024\\\/08\\\/25\\\/reportan-muerte-de-saul-granados-popular-cantante-de-corridos\\\/#article\",\"isPartOf\":{\"@id\":\"https:\\\/\\\/fuentesfidedignas.com.mx\\\/index.php\\\/2024\\\/08\\\/25\\\/reportan-muerte-de-saul-granados-popular-cantante-de-corridos\\\/\"},\"author\":{\"name\":\"Milenio\",\"@id\":\"https:\\\/\\\/fuentesfidedignas.com.mx\\\/#\\\/schema\\\/person\\\/47ec0135738f4b0c7495f06a77a2c976\"},\"headline\":\"Reportan muerte de Sa\u00fal Granados, popular cantante de corridos\",\"datePublished\":\"2024-08-25T15:42:09+00:00\",\"dateModified\":\"2024-08-25T15:42:29+00:00\",\"mainEntityOfPage\":{\"@id\":\"https:\\\/\\\/fuentesfidedignas.com.mx\\\/index.php\\\/2024\\\/08\\\/25\\\/reportan-muerte-de-saul-granados-popular-cantante-de-corridos\\\/\"},\"wordCount\":412,\"commentCount\":0,\"publisher\":{\"@id\":\"https:\\\/\\\/fuentesfidedignas.com.mx\\\/#organization\"},\"image\":{\"@id\":\"https:\\\/\\\/fuentesfidedignas.com.mx\\\/index.php\\\/2024\\\/08\\\/25\\\/reportan-muerte-de-saul-granados-popular-cantante-de-corridos\\\/#primaryimage\"},\"thumbnailUrl\":\"https:\\\/\\\/fuentesfidedignas.com.mx\\\/wp-content\\\/uploads\\\/2024\\\/08\\\/saul-granados-cantante.jpg\",\"articleSection\":[\"NOTICIAS NACIONALES\"],\"inLanguage\":\"es\",\"potentialAction\":[{\"@type\":\"CommentAction\",\"name\":\"Comment\",\"target\":[\"https:\\\/\\\/fuentesfidedignas.com.mx\\\/index.php\\\/2024\\\/08\\\/25\\\/reportan-muerte-de-saul-granados-popular-cantante-de-corridos\\\/#respond\"]}]},{\"@type\":\"WebPage\",\"@id\":\"https:\\\/\\\/fuentesfidedignas.com.mx\\\/index.php\\\/2024\\\/08\\\/25\\\/reportan-muerte-de-saul-granados-popular-cantante-de-corridos\\\/\",\"url\":\"https:\\\/\\\/fuentesfidedignas.com.mx\\\/index.php\\\/2024\\\/08\\\/25\\\/reportan-muerte-de-saul-granados-popular-cantante-de-corridos\\\/\",\"name\":\"Reportan muerte de Sa\u00fal Granados, popular cantante de corridos - Fuentes Fidedignas\",\"isPartOf\":{\"@id\":\"https:\\\/\\\/fuentesfidedignas.com.mx\\\/#website\"},\"primaryImageOfPage\":{\"@id\":\"https:\\\/\\\/fuentesfidedignas.com.mx\\\/index.php\\\/2024\\\/08\\\/25\\\/reportan-muerte-de-saul-granados-popular-cantante-de-corridos\\\/#primaryimage\"},\"image\":{\"@id\":\"https:\\\/\\\/fuentesfidedignas.com.mx\\\/index.php\\\/2024\\\/08\\\/25\\\/reportan-muerte-de-saul-granados-popular-cantante-de-corridos\\\/#primaryimage\"},\"thumbnailUrl\":\"https:\\\/\\\/fuentesfidedignas.com.mx\\\/wp-content\\\/uploads\\\/2024\\\/08\\\/saul-granados-cantante.jpg\",\"datePublished\":\"2024-08-25T15:42:09+00:00\",\"dateModified\":\"2024-08-25T15:42:29+00:00\",\"breadcrumb\":{\"@id\":\"https:\\\/\\\/fuentesfidedignas.com.mx\\\/index.php\\\/2024\\\/08\\\/25\\\/reportan-muerte-de-saul-granados-popular-cantante-de-corridos\\\/#breadcrumb\"},\"inLanguage\":\"es\",\"potentialAction\":[{\"@type\":\"ReadAction\",\"target\":[\"https:\\\/\\\/fuentesfidedignas.com.mx\\\/index.php\\\/2024\\\/08\\\/25\\\/reportan-muerte-de-saul-granados-popular-cantante-de-corridos\\\/\"]}]},{\"@type\":\"ImageObject\",\"inLanguage\":\"es\",\"@id\":\"https:\\\/\\\/fuentesfidedignas.com.mx\\\/index.php\\\/2024\\\/08\\\/25\\\/reportan-muerte-de-saul-granados-popular-cantante-de-corridos\\\/#primaryimage\",\"url\":\"https:\\\/\\\/fuentesfidedignas.com.mx\\\/wp-content\\\/uploads\\\/2024\\\/08\\\/saul-granados-cantante.jpg\",\"contentUrl\":\"https:\\\/\\\/fuentesfidedignas.com.mx\\\/wp-content\\\/uploads\\\/2024\\\/08\\\/saul-granados-cantante.jpg\",\"width\":640,\"height\":360},{\"@type\":\"BreadcrumbList\",\"@id\":\"https:\\\/\\\/fuentesfidedignas.com.mx\\\/index.php\\\/2024\\\/08\\\/25\\\/reportan-muerte-de-saul-granados-popular-cantante-de-corridos\\\/#breadcrumb\",\"itemListElement\":[{\"@type\":\"ListItem\",\"position\":1,\"name\":\"Inicio\",\"item\":\"https:\\\/\\\/fuentesfidedignas.com.mx\\\/\"},{\"@type\":\"ListItem\",\"position\":2,\"name\":\"Reportan muerte de Sa\u00fal Granados, popular cantante de corridos\"}]},{\"@type\":\"WebSite\",\"@id\":\"https:\\\/\\\/fuentesfidedignas.com.mx\\\/#website\",\"url\":\"https:\\\/\\\/fuentesfidedignas.com.mx\\\/\",\"name\":\"Fuentes Fidedignas\",\"description\":\"Otro sitio realizado con WordPress\",\"publisher\":{\"@id\":\"https:\\\/\\\/fuentesfidedignas.com.mx\\\/#organization\"},\"potentialAction\":[{\"@type\":\"SearchAction\",\"target\":{\"@type\":\"EntryPoint\",\"urlTemplate\":\"https:\\\/\\\/fuentesfidedignas.com.mx\\\/?s={search_term_string}\"},\"query-input\":{\"@type\":\"PropertyValueSpecification\",\"valueRequired\":true,\"valueName\":\"search_term_string\"}}],\"inLanguage\":\"es\"},{\"@type\":\"Organization\",\"@id\":\"https:\\\/\\\/fuentesfidedignas.com.mx\\\/#organization\",\"name\":\"Fuentes Fidedignas\",\"url\":\"https:\\\/\\\/fuentesfidedignas.com.mx\\\/\",\"logo\":{\"@type\":\"ImageObject\",\"inLanguage\":\"es\",\"@id\":\"https:\\\/\\\/fuentesfidedignas.com.mx\\\/#\\\/schema\\\/logo\\\/image\\\/\",\"url\":\"https:\\\/\\\/fuentesfidedignas.com.mx\\\/wp-content\\\/uploads\\\/2021\\\/04\\\/logo-retina.png\",\"contentUrl\":\"https:\\\/\\\/fuentesfidedignas.com.mx\\\/wp-content\\\/uploads\\\/2021\\\/04\\\/logo-retina.png\",\"width\":280,\"height\":51,\"caption\":\"Fuentes Fidedignas\"},\"image\":{\"@id\":\"https:\\\/\\\/fuentesfidedignas.com.mx\\\/#\\\/schema\\\/logo\\\/image\\\/\"},\"sameAs\":[\"https:\\\/\\\/www.facebook.com\\\/Fuentes-Fidedignas-368234489921644\",\"https:\\\/\\\/x.com\\\/fidedignas\"]},{\"@type\":\"Person\",\"@id\":\"https:\\\/\\\/fuentesfidedignas.com.mx\\\/#\\\/schema\\\/person\\\/47ec0135738f4b0c7495f06a77a2c976\",\"name\":\"Milenio\",\"image\":{\"@type\":\"ImageObject\",\"inLanguage\":\"es\",\"@id\":\"https:\\\/\\\/secure.gravatar.com\\\/avatar\\\/acabf7b54753e51c2c76457954577c236b3b764789b19879565769739d1e4a75?s=96&d=mm&r=g\",\"url\":\"https:\\\/\\\/secure.gravatar.com\\\/avatar\\\/acabf7b54753e51c2c76457954577c236b3b764789b19879565769739d1e4a75?s=96&d=mm&r=g\",\"contentUrl\":\"https:\\\/\\\/secure.gravatar.com\\\/avatar\\\/acabf7b54753e51c2c76457954577c236b3b764789b19879565769739d1e4a75?s=96&d=mm&r=g\",\"caption\":\"Milenio\"},\"url\":\"https:\\\/\\\/fuentesfidedignas.com.mx\\\/index.php\\\/author\\\/milenio\\\/\"}]}<\/script>\n<!-- \/ Yoast SEO plugin. -->","yoast_head_json":{"title":"Reportan muerte de Sa\u00fal Granados, popular cantante de corridos - Fuentes Fidedignas","robots":{"index":"index","follow":"follow","max-snippet":"max-snippet:-1","max-image-preview":"max-image-preview:large","max-video-preview":"max-video-preview:-1"},"canonical":"https:\/\/fuentesfidedignas.com.mx\/index.php\/2024\/08\/25\/reportan-muerte-de-saul-granados-popular-cantante-de-corridos\/","og_locale":"es_MX","og_type":"article","og_title":"Reportan muerte de Sa\u00fal Granados, popular cantante de corridos - Fuentes Fidedignas","og_description":"En redes sociales, varios colegas y amigos del cantante, que la pr\u00f3xima semana ten\u00eda agendado un concierto en la Fenapo, lamentaron su deceso. Este s\u00e1bado, se report\u00f3 la muerte de Sa\u00fal Granados, popular cantante de corridos en San Luis Potos\u00ed y estados aleda\u00f1os; en redes sociales, colegas y amigos compartieron mensajes para lamentar su deceso. [&hellip;]","og_url":"https:\/\/fuentesfidedignas.com.mx\/index.php\/2024\/08\/25\/reportan-muerte-de-saul-granados-popular-cantante-de-corridos\/","og_site_name":"Fuentes Fidedignas","article_publisher":"https:\/\/www.facebook.com\/Fuentes-Fidedignas-368234489921644","article_published_time":"2024-08-25T15:42:09+00:00","article_modified_time":"2024-08-25T15:42:29+00:00","og_image":[{"width":640,"height":360,"url":"https:\/\/fuentesfidedignas.com.mx\/wp-content\/uploads\/2024\/08\/saul-granados-cantante.jpg","type":"image\/jpeg"}],"author":"Milenio","twitter_card":"summary_large_image","twitter_creator":"@fidedignas","twitter_site":"@fidedignas","twitter_misc":{"Escrito por":"Milenio","Tiempo de lectura":"3 minutos"},"schema":{"@context":"https:\/\/schema.org","@graph":[{"@type":"Article","@id":"https:\/\/fuentesfidedignas.com.mx\/index.php\/2024\/08\/25\/reportan-muerte-de-saul-granados-popular-cantante-de-corridos\/#article","isPartOf":{"@id":"https:\/\/fuentesfidedignas.com.mx\/index.php\/2024\/08\/25\/reportan-muerte-de-saul-granados-popular-cantante-de-corridos\/"},"author":{"name":"Milenio","@id":"https:\/\/fuentesfidedignas.com.mx\/#\/schema\/person\/47ec0135738f4b0c7495f06a77a2c976"},"headline":"Reportan muerte de Sa\u00fal Granados, popular cantante de corridos","datePublished":"2024-08-25T15:42:09+00:00","dateModified":"2024-08-25T15:42:29+00:00","mainEntityOfPage":{"@id":"https:\/\/fuentesfidedignas.com.mx\/index.php\/2024\/08\/25\/reportan-muerte-de-saul-granados-popular-cantante-de-corridos\/"},"wordCount":412,"commentCount":0,"publisher":{"@id":"https:\/\/fuentesfidedignas.com.mx\/#organization"},"image":{"@id":"https:\/\/fuentesfidedignas.com.mx\/index.php\/2024\/08\/25\/reportan-muerte-de-saul-granados-popular-cantante-de-corridos\/#primaryimage"},"thumbnailUrl":"https:\/\/fuentesfidedignas.com.mx\/wp-content\/uploads\/2024\/08\/saul-granados-cantante.jpg","articleSection":["NOTICIAS NACIONALES"],"inLanguage":"es","potentialAction":[{"@type":"CommentAction","name":"Comment","target":["https:\/\/fuentesfidedignas.com.mx\/index.php\/2024\/08\/25\/reportan-muerte-de-saul-granados-popular-cantante-de-corridos\/#respond"]}]},{"@type":"WebPage","@id":"https:\/\/fuentesfidedignas.com.mx\/index.php\/2024\/08\/25\/reportan-muerte-de-saul-granados-popular-cantante-de-corridos\/","url":"https:\/\/fuentesfidedignas.com.mx\/index.php\/2024\/08\/25\/reportan-muerte-de-saul-granados-popular-cantante-de-corridos\/","name":"Reportan muerte de Sa\u00fal Granados, popular cantante de corridos - Fuentes Fidedignas","isPartOf":{"@id":"https:\/\/fuentesfidedignas.com.mx\/#website"},"primaryImageOfPage":{"@id":"https:\/\/fuentesfidedignas.com.mx\/index.php\/2024\/08\/25\/reportan-muerte-de-saul-granados-popular-cantante-de-corridos\/#primaryimage"},"image":{"@id":"https:\/\/fuentesfidedignas.com.mx\/index.php\/2024\/08\/25\/reportan-muerte-de-saul-granados-popular-cantante-de-corridos\/#primaryimage"},"thumbnailUrl":"https:\/\/fuentesfidedignas.com.mx\/wp-content\/uploads\/2024\/08\/saul-granados-cantante.jpg","datePublished":"2024-08-25T15:42:09+00:00","dateModified":"2024-08-25T15:42:29+00:00","breadcrumb":{"@id":"https:\/\/fuentesfidedignas.com.mx\/index.php\/2024\/08\/25\/reportan-muerte-de-saul-granados-popular-cantante-de-corridos\/#breadcrumb"},"inLanguage":"es","potentialAction":[{"@type":"ReadAction","target":["https:\/\/fuentesfidedignas.com.mx\/index.php\/2024\/08\/25\/reportan-muerte-de-saul-granados-popular-cantante-de-corridos\/"]}]},{"@type":"ImageObject","inLanguage":"es","@id":"https:\/\/fuentesfidedignas.com.mx\/index.php\/2024\/08\/25\/reportan-muerte-de-saul-granados-popular-cantante-de-corridos\/#primaryimage","url":"https:\/\/fuentesfidedignas.com.mx\/wp-content\/uploads\/2024\/08\/saul-granados-cantante.jpg","contentUrl":"https:\/\/fuentesfidedignas.com.mx\/wp-content\/uploads\/2024\/08\/saul-granados-cantante.jpg","width":640,"height":360},{"@type":"BreadcrumbList","@id":"https:\/\/fuentesfidedignas.com.mx\/index.php\/2024\/08\/25\/reportan-muerte-de-saul-granados-popular-cantante-de-corridos\/#breadcrumb","itemListElement":[{"@type":"ListItem","position":1,"name":"Inicio","item":"https:\/\/fuentesfidedignas.com.mx\/"},{"@type":"ListItem","position":2,"name":"Reportan muerte de Sa\u00fal Granados, popular cantante de corridos"}]},{"@type":"WebSite","@id":"https:\/\/fuentesfidedignas.com.mx\/#website","url":"https:\/\/fuentesfidedignas.com.mx\/","name":"Fuentes Fidedignas","description":"Otro sitio realizado con WordPress","publisher":{"@id":"https:\/\/fuentesfidedignas.com.mx\/#organization"},"potentialAction":[{"@type":"SearchAction","target":{"@type":"EntryPoint","urlTemplate":"https:\/\/fuentesfidedignas.com.mx\/?s={search_term_string}"},"query-input":{"@type":"PropertyValueSpecification","valueRequired":true,"valueName":"search_term_string"}}],"inLanguage":"es"},{"@type":"Organization","@id":"https:\/\/fuentesfidedignas.com.mx\/#organization","name":"Fuentes Fidedignas","url":"https:\/\/fuentesfidedignas.com.mx\/","logo":{"@type":"ImageObject","inLanguage":"es","@id":"https:\/\/fuentesfidedignas.com.mx\/#\/schema\/logo\/image\/","url":"https:\/\/fuentesfidedignas.com.mx\/wp-content\/uploads\/2021\/04\/logo-retina.png","contentUrl":"https:\/\/fuentesfidedignas.com.mx\/wp-content\/uploads\/2021\/04\/logo-retina.png","width":280,"height":51,"caption":"Fuentes Fidedignas"},"image":{"@id":"https:\/\/fuentesfidedignas.com.mx\/#\/schema\/logo\/image\/"},"sameAs":["https:\/\/www.facebook.com\/Fuentes-Fidedignas-368234489921644","https:\/\/x.com\/fidedignas"]},{"@type":"Person","@id":"https:\/\/fuentesfidedignas.com.mx\/#\/schema\/person\/47ec0135738f4b0c7495f06a77a2c976","name":"Milenio","image":{"@type":"ImageObject","inLanguage":"es","@id":"https:\/\/secure.gravatar.com\/avatar\/acabf7b54753e51c2c76457954577c236b3b764789b19879565769739d1e4a75?s=96&d=mm&r=g","url":"https:\/\/secure.gravatar.com\/avatar\/acabf7b54753e51c2c76457954577c236b3b764789b19879565769739d1e4a75?s=96&d=mm&r=g","contentUrl":"https:\/\/secure.gravatar.com\/avatar\/acabf7b54753e51c2c76457954577c236b3b764789b19879565769739d1e4a75?s=96&d=mm&r=g","caption":"Milenio"},"url":"https:\/\/fuentesfidedignas.com.mx\/index.php\/author\/milenio\/"}]}},"_links":{"self":[{"href":"https:\/\/fuentesfidedignas.com.mx\/index.php\/wp-json\/wp\/v2\/posts\/89530","targetHints":{"allow":["GET"]}}],"collection":[{"href":"https:\/\/fuentesfidedignas.com.mx\/index.php\/wp-json\/wp\/v2\/posts"}],"about":[{"href":"https:\/\/fuentesfidedignas.com.mx\/index.php\/wp-json\/wp\/v2\/types\/post"}],"author":[{"embeddable":true,"href":"https:\/\/fuentesfidedignas.com.mx\/index.php\/wp-json\/wp\/v2\/users\/9"}],"replies":[{"embeddable":true,"href":"https:\/\/fuentesfidedignas.com.mx\/index.php\/wp-json\/wp\/v2\/comments?post=89530"}],"version-history":[{"count":2,"href":"https:\/\/fuentesfidedignas.com.mx\/index.php\/wp-json\/wp\/v2\/posts\/89530\/revisions"}],"predecessor-version":[{"id":89535,"href":"https:\/\/fuentesfidedignas.com.mx\/index.php\/wp-json\/wp\/v2\/posts\/89530\/revisions\/89535"}],"wp:featuredmedia":[{"embeddable":true,"href":"https:\/\/fuentesfidedignas.com.mx\/index.php\/wp-json\/wp\/v2\/media\/89533"}],"wp:attachment":[{"href":"https:\/\/fuentesfidedignas.com.mx\/index.php\/wp-json\/wp\/v2\/media?parent=89530"}],"wp:term":[{"taxonomy":"category","embeddable":true,"href":"https:\/\/fuentesfidedignas.com.mx\/index.php\/wp-json\/wp\/v2\/categories?post=89530"},{"taxonomy":"post_tag","embeddable":true,"href":"https:\/\/fuentesfidedignas.com.mx\/index.php\/wp-json\/wp\/v2\/tags?post=89530"}],"curies":[{"name":"wp","href":"https:\/\/api.w.org\/{rel}","templated":true}]}}