{"id":89524,"date":"2024-08-25T06:44:00","date_gmt":"2024-08-25T13:44:00","guid":{"rendered":"https:\/\/fuentesfidedignas.com.mx\/?p=89524"},"modified":"2024-08-24T18:49:52","modified_gmt":"2024-08-25T01:49:52","slug":"video-senora-celebra-sus-50-anos-con-fiesta-tematica-de-quinceanera","status":"publish","type":"post","link":"https:\/\/fuentesfidedignas.com.mx\/index.php\/2024\/08\/25\/video-senora-celebra-sus-50-anos-con-fiesta-tematica-de-quinceanera\/","title":{"rendered":"VIDEO | Se\u00f1ora celebra sus 50 a\u00f1os con fiesta tem\u00e1tica de quincea\u00f1era"},"content":{"rendered":"\n<p><strong><em>Una mujer se volvi\u00f3 tendencia luego de darse a conocer videos donde la se\u00f1ora luce un espectacular vestido.<\/em><\/strong><\/p>\n\n\n\n<p>Las fiestas de XV a\u00f1os siempre son un recuerdo sumamente especial para las j\u00f3venes que viven tal experiencia, sin embargo, algunas no tienen la oportunidad por diversas razones y en ocasiones lo hacen m\u00e1s adelante.<\/p>\n\n\n\n<p>Aunque no hay certeza de que sea el caso de \u00e9sta mujer, lo cierto es que su festejo se volvi\u00f3 sumamente viral en redes sociales, pues celebr\u00f3 con gran orgullo su cumplea\u00f1os n\u00famero 50 con una gran reuni\u00f3n al estilo de una quincea\u00f1era.<\/p>\n\n\n\n<p>El video deja ver a la mujer en pleno vals con todo y sus chambelanes, quienes danzan con ella una melod\u00eda tranquila, mientras al fondo hay unos n\u00fameros en color blanco que revelan la edad de la festejada.<\/p>\n\n\n\n<p>Ella portaba un vestido de quincea\u00f1era, largo, con crinolinas, cors\u00e9 ataviado de brillos, todo en color rosa-dorado, aunado a esto su cabello fue arreglado con un peinado alto y una tiara para hacer lucir m\u00e1s espectacular a la festejada.<\/p>\n\n\n\n<p>Los invitados miraban atentos el momento especial de la mujer, ya que realizaba el cl\u00e1sico vals que toda jovencita en dicha fiesta hace, ya sea con los chambelanes que le acompa\u00f1an, o bien, con los padrinos o madrinas.<\/p>\n\n\n\n<p><strong>Redes &#8216;estallan&#8217; de ternura por quincea\u00f1era<\/strong><br>Todo el cuadro que fue captado por el metraje de un invitado, hizo que la audiencia enviara decenas de dulces mensajes hacia la mujer, pues -como se mencion\u00f3 anteriormente- muchos creen que tal vez no tuvo su celebraci\u00f3n y ahora lo hizo realidad.<\/p>\n\n\n\n<p>Otros m\u00e1s agradecieron que no recibiera &#8216;hate&#8217; por la tem\u00e1tica del cumplea\u00f1os, tanto entre los invitados como en los comentarios del video, ya que todos estaban de acuerdo en que luc\u00eda simplemente espectacular.<\/p>\n\n\n\n<p>El festejo llamaba la atenci\u00f3n porque era sumamente lujoso y con todos los detalles que conlleva hacer unos XV a\u00f1os, por lo cual apreciaron el esfuerzo de contar con cada detalle de esto.&nbsp;<\/p>\n\n\n\n<p><strong>XV a\u00f1os de mujer son virales<\/strong><\/p>\n\n\n\n<blockquote class=\"tiktok-embed\" cite=\"https:\/\/www.tiktok.com\/@mialma69\/video\/7405291117555551493\" data-video-id=\"7405291117555551493\" style=\"max-width: 605px;min-width: 325px;\" > <section> <a target=\"_blank\" title=\"@mialma69\" href=\"https:\/\/www.tiktok.com\/@mialma69?refer=embed\" rel=\"noopener\">@mialma69<\/a> My Sweet 50!\ud83c\udf82\ud83c\udf89\u2665\ufe0f\ud83c\udf81 Quien dijo que la edad es un impedimento de cumplir tus mas lindos sue\u00f1os ? <a title=\"50a\u00f1os\" target=\"_blank\" href=\"https:\/\/www.tiktok.com\/tag\/50a%C3%B1os?refer=embed\" rel=\"noopener\">#50a\u00f1os<\/a> <a title=\"xv50\" target=\"_blank\" href=\"https:\/\/www.tiktok.com\/tag\/xv50?refer=embed\" rel=\"noopener\">#xv50<\/a>  <a title=\"cumplea\u00f1os\" target=\"_blank\" href=\"https:\/\/www.tiktok.com\/tag\/cumplea%C3%B1os?refer=embed\" rel=\"noopener\">#cumplea\u00f1os<\/a> <a title=\"vals\" target=\"_blank\" href=\"https:\/\/www.tiktok.com\/tag\/vals?refer=embed\" rel=\"noopener\">#vals<\/a> <a title=\"xv\" target=\"_blank\" href=\"https:\/\/www.tiktok.com\/tag\/xv?refer=embed\" rel=\"noopener\">#xv<\/a> <a target=\"_blank\" title=\"\u266c sonido original - Leonardo Mialma\" href=\"https:\/\/www.tiktok.com\/music\/sonido-original-7405291419525876486?refer=embed\" rel=\"noopener\">\u266c sonido original &#8211; Leonardo Mialma<\/a> <\/section> <\/blockquote> <script async src=\"https:\/\/www.tiktok.com\/embed.js\"><\/script>\n","protected":false},"excerpt":{"rendered":"<p>Una mujer se volvi\u00f3 tendencia luego de darse a conocer videos donde la se\u00f1ora luce un espectacular vestido. Las fiestas de XV a\u00f1os siempre son un recuerdo sumamente especial para las j\u00f3venes que viven tal experiencia, sin embargo, algunas no tienen la oportunidad por diversas razones y en ocasiones lo hacen m\u00e1s adelante. Aunque no [&hellip;]<\/p>\n","protected":false},"author":9,"featured_media":89525,"comment_status":"open","ping_status":"open","sticky":false,"template":"","format":"standard","meta":{"tdm_status":"","tdm_grid_status":"","footnotes":""},"categories":[40],"tags":[],"class_list":{"0":"post-89524","1":"post","2":"type-post","3":"status-publish","4":"format-standard","5":"has-post-thumbnail","7":"category-las-asombrosas"},"yoast_head":"<!-- This site is optimized with the Yoast SEO plugin v27.5 - https:\/\/yoast.com\/product\/yoast-seo-wordpress\/ -->\n<title>VIDEO | Se\u00f1ora celebra sus 50 a\u00f1os con fiesta tem\u00e1tica de quincea\u00f1era - Fuentes Fidedignas<\/title>\n<meta name=\"robots\" content=\"index, follow, max-snippet:-1, max-image-preview:large, max-video-preview:-1\" \/>\n<link rel=\"canonical\" href=\"https:\/\/fuentesfidedignas.com.mx\/index.php\/2024\/08\/25\/video-senora-celebra-sus-50-anos-con-fiesta-tematica-de-quinceanera\/\" \/>\n<meta property=\"og:locale\" content=\"es_MX\" \/>\n<meta property=\"og:type\" content=\"article\" \/>\n<meta property=\"og:title\" content=\"VIDEO | Se\u00f1ora celebra sus 50 a\u00f1os con fiesta tem\u00e1tica de quincea\u00f1era - Fuentes Fidedignas\" \/>\n<meta property=\"og:description\" content=\"Una mujer se volvi\u00f3 tendencia luego de darse a conocer videos donde la se\u00f1ora luce un espectacular vestido. Las fiestas de XV a\u00f1os siempre son un recuerdo sumamente especial para las j\u00f3venes que viven tal experiencia, sin embargo, algunas no tienen la oportunidad por diversas razones y en ocasiones lo hacen m\u00e1s adelante. Aunque no [&hellip;]\" \/>\n<meta property=\"og:url\" content=\"https:\/\/fuentesfidedignas.com.mx\/index.php\/2024\/08\/25\/video-senora-celebra-sus-50-anos-con-fiesta-tematica-de-quinceanera\/\" \/>\n<meta property=\"og:site_name\" content=\"Fuentes Fidedignas\" \/>\n<meta property=\"article:publisher\" content=\"https:\/\/www.facebook.com\/Fuentes-Fidedignas-368234489921644\" \/>\n<meta property=\"article:published_time\" content=\"2024-08-25T13:44:00+00:00\" \/>\n<meta property=\"og:image\" content=\"https:\/\/fuentesfidedignas.com.mx\/wp-content\/uploads\/2024\/08\/SRA_XVANERA.jpg\" \/>\n\t<meta property=\"og:image:width\" content=\"650\" \/>\n\t<meta property=\"og:image:height\" content=\"402\" \/>\n\t<meta property=\"og:image:type\" content=\"image\/jpeg\" \/>\n<meta name=\"author\" content=\"Milenio\" \/>\n<meta name=\"twitter:card\" content=\"summary_large_image\" \/>\n<meta name=\"twitter:creator\" content=\"@fidedignas\" \/>\n<meta name=\"twitter:site\" content=\"@fidedignas\" \/>\n<meta name=\"twitter:label1\" content=\"Escrito por\" \/>\n\t<meta name=\"twitter:data1\" content=\"Milenio\" \/>\n\t<meta name=\"twitter:label2\" content=\"Tiempo de lectura\" \/>\n\t<meta name=\"twitter:data2\" content=\"2 minutos\" \/>\n<script type=\"application\/ld+json\" class=\"yoast-schema-graph\">{\"@context\":\"https:\\\/\\\/schema.org\",\"@graph\":[{\"@type\":\"Article\",\"@id\":\"https:\\\/\\\/fuentesfidedignas.com.mx\\\/index.php\\\/2024\\\/08\\\/25\\\/video-senora-celebra-sus-50-anos-con-fiesta-tematica-de-quinceanera\\\/#article\",\"isPartOf\":{\"@id\":\"https:\\\/\\\/fuentesfidedignas.com.mx\\\/index.php\\\/2024\\\/08\\\/25\\\/video-senora-celebra-sus-50-anos-con-fiesta-tematica-de-quinceanera\\\/\"},\"author\":{\"name\":\"Milenio\",\"@id\":\"https:\\\/\\\/fuentesfidedignas.com.mx\\\/#\\\/schema\\\/person\\\/47ec0135738f4b0c7495f06a77a2c976\"},\"headline\":\"VIDEO | Se\u00f1ora celebra sus 50 a\u00f1os con fiesta tem\u00e1tica de quincea\u00f1era\",\"datePublished\":\"2024-08-25T13:44:00+00:00\",\"mainEntityOfPage\":{\"@id\":\"https:\\\/\\\/fuentesfidedignas.com.mx\\\/index.php\\\/2024\\\/08\\\/25\\\/video-senora-celebra-sus-50-anos-con-fiesta-tematica-de-quinceanera\\\/\"},\"wordCount\":399,\"commentCount\":0,\"publisher\":{\"@id\":\"https:\\\/\\\/fuentesfidedignas.com.mx\\\/#organization\"},\"image\":{\"@id\":\"https:\\\/\\\/fuentesfidedignas.com.mx\\\/index.php\\\/2024\\\/08\\\/25\\\/video-senora-celebra-sus-50-anos-con-fiesta-tematica-de-quinceanera\\\/#primaryimage\"},\"thumbnailUrl\":\"https:\\\/\\\/fuentesfidedignas.com.mx\\\/wp-content\\\/uploads\\\/2024\\\/08\\\/SRA_XVANERA.jpg\",\"articleSection\":[\"LAS ASOMBROSAS\"],\"inLanguage\":\"es\",\"potentialAction\":[{\"@type\":\"CommentAction\",\"name\":\"Comment\",\"target\":[\"https:\\\/\\\/fuentesfidedignas.com.mx\\\/index.php\\\/2024\\\/08\\\/25\\\/video-senora-celebra-sus-50-anos-con-fiesta-tematica-de-quinceanera\\\/#respond\"]}]},{\"@type\":\"WebPage\",\"@id\":\"https:\\\/\\\/fuentesfidedignas.com.mx\\\/index.php\\\/2024\\\/08\\\/25\\\/video-senora-celebra-sus-50-anos-con-fiesta-tematica-de-quinceanera\\\/\",\"url\":\"https:\\\/\\\/fuentesfidedignas.com.mx\\\/index.php\\\/2024\\\/08\\\/25\\\/video-senora-celebra-sus-50-anos-con-fiesta-tematica-de-quinceanera\\\/\",\"name\":\"VIDEO | Se\u00f1ora celebra sus 50 a\u00f1os con fiesta tem\u00e1tica de quincea\u00f1era - Fuentes Fidedignas\",\"isPartOf\":{\"@id\":\"https:\\\/\\\/fuentesfidedignas.com.mx\\\/#website\"},\"primaryImageOfPage\":{\"@id\":\"https:\\\/\\\/fuentesfidedignas.com.mx\\\/index.php\\\/2024\\\/08\\\/25\\\/video-senora-celebra-sus-50-anos-con-fiesta-tematica-de-quinceanera\\\/#primaryimage\"},\"image\":{\"@id\":\"https:\\\/\\\/fuentesfidedignas.com.mx\\\/index.php\\\/2024\\\/08\\\/25\\\/video-senora-celebra-sus-50-anos-con-fiesta-tematica-de-quinceanera\\\/#primaryimage\"},\"thumbnailUrl\":\"https:\\\/\\\/fuentesfidedignas.com.mx\\\/wp-content\\\/uploads\\\/2024\\\/08\\\/SRA_XVANERA.jpg\",\"datePublished\":\"2024-08-25T13:44:00+00:00\",\"breadcrumb\":{\"@id\":\"https:\\\/\\\/fuentesfidedignas.com.mx\\\/index.php\\\/2024\\\/08\\\/25\\\/video-senora-celebra-sus-50-anos-con-fiesta-tematica-de-quinceanera\\\/#breadcrumb\"},\"inLanguage\":\"es\",\"potentialAction\":[{\"@type\":\"ReadAction\",\"target\":[\"https:\\\/\\\/fuentesfidedignas.com.mx\\\/index.php\\\/2024\\\/08\\\/25\\\/video-senora-celebra-sus-50-anos-con-fiesta-tematica-de-quinceanera\\\/\"]}]},{\"@type\":\"ImageObject\",\"inLanguage\":\"es\",\"@id\":\"https:\\\/\\\/fuentesfidedignas.com.mx\\\/index.php\\\/2024\\\/08\\\/25\\\/video-senora-celebra-sus-50-anos-con-fiesta-tematica-de-quinceanera\\\/#primaryimage\",\"url\":\"https:\\\/\\\/fuentesfidedignas.com.mx\\\/wp-content\\\/uploads\\\/2024\\\/08\\\/SRA_XVANERA.jpg\",\"contentUrl\":\"https:\\\/\\\/fuentesfidedignas.com.mx\\\/wp-content\\\/uploads\\\/2024\\\/08\\\/SRA_XVANERA.jpg\",\"width\":650,\"height\":402},{\"@type\":\"BreadcrumbList\",\"@id\":\"https:\\\/\\\/fuentesfidedignas.com.mx\\\/index.php\\\/2024\\\/08\\\/25\\\/video-senora-celebra-sus-50-anos-con-fiesta-tematica-de-quinceanera\\\/#breadcrumb\",\"itemListElement\":[{\"@type\":\"ListItem\",\"position\":1,\"name\":\"Inicio\",\"item\":\"https:\\\/\\\/fuentesfidedignas.com.mx\\\/\"},{\"@type\":\"ListItem\",\"position\":2,\"name\":\"VIDEO | Se\u00f1ora celebra sus 50 a\u00f1os con fiesta tem\u00e1tica de quincea\u00f1era\"}]},{\"@type\":\"WebSite\",\"@id\":\"https:\\\/\\\/fuentesfidedignas.com.mx\\\/#website\",\"url\":\"https:\\\/\\\/fuentesfidedignas.com.mx\\\/\",\"name\":\"Fuentes Fidedignas\",\"description\":\"Otro sitio realizado con WordPress\",\"publisher\":{\"@id\":\"https:\\\/\\\/fuentesfidedignas.com.mx\\\/#organization\"},\"potentialAction\":[{\"@type\":\"SearchAction\",\"target\":{\"@type\":\"EntryPoint\",\"urlTemplate\":\"https:\\\/\\\/fuentesfidedignas.com.mx\\\/?s={search_term_string}\"},\"query-input\":{\"@type\":\"PropertyValueSpecification\",\"valueRequired\":true,\"valueName\":\"search_term_string\"}}],\"inLanguage\":\"es\"},{\"@type\":\"Organization\",\"@id\":\"https:\\\/\\\/fuentesfidedignas.com.mx\\\/#organization\",\"name\":\"Fuentes Fidedignas\",\"url\":\"https:\\\/\\\/fuentesfidedignas.com.mx\\\/\",\"logo\":{\"@type\":\"ImageObject\",\"inLanguage\":\"es\",\"@id\":\"https:\\\/\\\/fuentesfidedignas.com.mx\\\/#\\\/schema\\\/logo\\\/image\\\/\",\"url\":\"https:\\\/\\\/fuentesfidedignas.com.mx\\\/wp-content\\\/uploads\\\/2021\\\/04\\\/logo-retina.png\",\"contentUrl\":\"https:\\\/\\\/fuentesfidedignas.com.mx\\\/wp-content\\\/uploads\\\/2021\\\/04\\\/logo-retina.png\",\"width\":280,\"height\":51,\"caption\":\"Fuentes Fidedignas\"},\"image\":{\"@id\":\"https:\\\/\\\/fuentesfidedignas.com.mx\\\/#\\\/schema\\\/logo\\\/image\\\/\"},\"sameAs\":[\"https:\\\/\\\/www.facebook.com\\\/Fuentes-Fidedignas-368234489921644\",\"https:\\\/\\\/x.com\\\/fidedignas\"]},{\"@type\":\"Person\",\"@id\":\"https:\\\/\\\/fuentesfidedignas.com.mx\\\/#\\\/schema\\\/person\\\/47ec0135738f4b0c7495f06a77a2c976\",\"name\":\"Milenio\",\"image\":{\"@type\":\"ImageObject\",\"inLanguage\":\"es\",\"@id\":\"https:\\\/\\\/secure.gravatar.com\\\/avatar\\\/acabf7b54753e51c2c76457954577c236b3b764789b19879565769739d1e4a75?s=96&d=mm&r=g\",\"url\":\"https:\\\/\\\/secure.gravatar.com\\\/avatar\\\/acabf7b54753e51c2c76457954577c236b3b764789b19879565769739d1e4a75?s=96&d=mm&r=g\",\"contentUrl\":\"https:\\\/\\\/secure.gravatar.com\\\/avatar\\\/acabf7b54753e51c2c76457954577c236b3b764789b19879565769739d1e4a75?s=96&d=mm&r=g\",\"caption\":\"Milenio\"},\"url\":\"https:\\\/\\\/fuentesfidedignas.com.mx\\\/index.php\\\/author\\\/milenio\\\/\"}]}<\/script>\n<!-- \/ Yoast SEO plugin. -->","yoast_head_json":{"title":"VIDEO | Se\u00f1ora celebra sus 50 a\u00f1os con fiesta tem\u00e1tica de quincea\u00f1era - Fuentes Fidedignas","robots":{"index":"index","follow":"follow","max-snippet":"max-snippet:-1","max-image-preview":"max-image-preview:large","max-video-preview":"max-video-preview:-1"},"canonical":"https:\/\/fuentesfidedignas.com.mx\/index.php\/2024\/08\/25\/video-senora-celebra-sus-50-anos-con-fiesta-tematica-de-quinceanera\/","og_locale":"es_MX","og_type":"article","og_title":"VIDEO | Se\u00f1ora celebra sus 50 a\u00f1os con fiesta tem\u00e1tica de quincea\u00f1era - Fuentes Fidedignas","og_description":"Una mujer se volvi\u00f3 tendencia luego de darse a conocer videos donde la se\u00f1ora luce un espectacular vestido. Las fiestas de XV a\u00f1os siempre son un recuerdo sumamente especial para las j\u00f3venes que viven tal experiencia, sin embargo, algunas no tienen la oportunidad por diversas razones y en ocasiones lo hacen m\u00e1s adelante. Aunque no [&hellip;]","og_url":"https:\/\/fuentesfidedignas.com.mx\/index.php\/2024\/08\/25\/video-senora-celebra-sus-50-anos-con-fiesta-tematica-de-quinceanera\/","og_site_name":"Fuentes Fidedignas","article_publisher":"https:\/\/www.facebook.com\/Fuentes-Fidedignas-368234489921644","article_published_time":"2024-08-25T13:44:00+00:00","og_image":[{"width":650,"height":402,"url":"https:\/\/fuentesfidedignas.com.mx\/wp-content\/uploads\/2024\/08\/SRA_XVANERA.jpg","type":"image\/jpeg"}],"author":"Milenio","twitter_card":"summary_large_image","twitter_creator":"@fidedignas","twitter_site":"@fidedignas","twitter_misc":{"Escrito por":"Milenio","Tiempo de lectura":"2 minutos"},"schema":{"@context":"https:\/\/schema.org","@graph":[{"@type":"Article","@id":"https:\/\/fuentesfidedignas.com.mx\/index.php\/2024\/08\/25\/video-senora-celebra-sus-50-anos-con-fiesta-tematica-de-quinceanera\/#article","isPartOf":{"@id":"https:\/\/fuentesfidedignas.com.mx\/index.php\/2024\/08\/25\/video-senora-celebra-sus-50-anos-con-fiesta-tematica-de-quinceanera\/"},"author":{"name":"Milenio","@id":"https:\/\/fuentesfidedignas.com.mx\/#\/schema\/person\/47ec0135738f4b0c7495f06a77a2c976"},"headline":"VIDEO | Se\u00f1ora celebra sus 50 a\u00f1os con fiesta tem\u00e1tica de quincea\u00f1era","datePublished":"2024-08-25T13:44:00+00:00","mainEntityOfPage":{"@id":"https:\/\/fuentesfidedignas.com.mx\/index.php\/2024\/08\/25\/video-senora-celebra-sus-50-anos-con-fiesta-tematica-de-quinceanera\/"},"wordCount":399,"commentCount":0,"publisher":{"@id":"https:\/\/fuentesfidedignas.com.mx\/#organization"},"image":{"@id":"https:\/\/fuentesfidedignas.com.mx\/index.php\/2024\/08\/25\/video-senora-celebra-sus-50-anos-con-fiesta-tematica-de-quinceanera\/#primaryimage"},"thumbnailUrl":"https:\/\/fuentesfidedignas.com.mx\/wp-content\/uploads\/2024\/08\/SRA_XVANERA.jpg","articleSection":["LAS ASOMBROSAS"],"inLanguage":"es","potentialAction":[{"@type":"CommentAction","name":"Comment","target":["https:\/\/fuentesfidedignas.com.mx\/index.php\/2024\/08\/25\/video-senora-celebra-sus-50-anos-con-fiesta-tematica-de-quinceanera\/#respond"]}]},{"@type":"WebPage","@id":"https:\/\/fuentesfidedignas.com.mx\/index.php\/2024\/08\/25\/video-senora-celebra-sus-50-anos-con-fiesta-tematica-de-quinceanera\/","url":"https:\/\/fuentesfidedignas.com.mx\/index.php\/2024\/08\/25\/video-senora-celebra-sus-50-anos-con-fiesta-tematica-de-quinceanera\/","name":"VIDEO | Se\u00f1ora celebra sus 50 a\u00f1os con fiesta tem\u00e1tica de quincea\u00f1era - Fuentes Fidedignas","isPartOf":{"@id":"https:\/\/fuentesfidedignas.com.mx\/#website"},"primaryImageOfPage":{"@id":"https:\/\/fuentesfidedignas.com.mx\/index.php\/2024\/08\/25\/video-senora-celebra-sus-50-anos-con-fiesta-tematica-de-quinceanera\/#primaryimage"},"image":{"@id":"https:\/\/fuentesfidedignas.com.mx\/index.php\/2024\/08\/25\/video-senora-celebra-sus-50-anos-con-fiesta-tematica-de-quinceanera\/#primaryimage"},"thumbnailUrl":"https:\/\/fuentesfidedignas.com.mx\/wp-content\/uploads\/2024\/08\/SRA_XVANERA.jpg","datePublished":"2024-08-25T13:44:00+00:00","breadcrumb":{"@id":"https:\/\/fuentesfidedignas.com.mx\/index.php\/2024\/08\/25\/video-senora-celebra-sus-50-anos-con-fiesta-tematica-de-quinceanera\/#breadcrumb"},"inLanguage":"es","potentialAction":[{"@type":"ReadAction","target":["https:\/\/fuentesfidedignas.com.mx\/index.php\/2024\/08\/25\/video-senora-celebra-sus-50-anos-con-fiesta-tematica-de-quinceanera\/"]}]},{"@type":"ImageObject","inLanguage":"es","@id":"https:\/\/fuentesfidedignas.com.mx\/index.php\/2024\/08\/25\/video-senora-celebra-sus-50-anos-con-fiesta-tematica-de-quinceanera\/#primaryimage","url":"https:\/\/fuentesfidedignas.com.mx\/wp-content\/uploads\/2024\/08\/SRA_XVANERA.jpg","contentUrl":"https:\/\/fuentesfidedignas.com.mx\/wp-content\/uploads\/2024\/08\/SRA_XVANERA.jpg","width":650,"height":402},{"@type":"BreadcrumbList","@id":"https:\/\/fuentesfidedignas.com.mx\/index.php\/2024\/08\/25\/video-senora-celebra-sus-50-anos-con-fiesta-tematica-de-quinceanera\/#breadcrumb","itemListElement":[{"@type":"ListItem","position":1,"name":"Inicio","item":"https:\/\/fuentesfidedignas.com.mx\/"},{"@type":"ListItem","position":2,"name":"VIDEO | Se\u00f1ora celebra sus 50 a\u00f1os con fiesta tem\u00e1tica de quincea\u00f1era"}]},{"@type":"WebSite","@id":"https:\/\/fuentesfidedignas.com.mx\/#website","url":"https:\/\/fuentesfidedignas.com.mx\/","name":"Fuentes Fidedignas","description":"Otro sitio realizado con WordPress","publisher":{"@id":"https:\/\/fuentesfidedignas.com.mx\/#organization"},"potentialAction":[{"@type":"SearchAction","target":{"@type":"EntryPoint","urlTemplate":"https:\/\/fuentesfidedignas.com.mx\/?s={search_term_string}"},"query-input":{"@type":"PropertyValueSpecification","valueRequired":true,"valueName":"search_term_string"}}],"inLanguage":"es"},{"@type":"Organization","@id":"https:\/\/fuentesfidedignas.com.mx\/#organization","name":"Fuentes Fidedignas","url":"https:\/\/fuentesfidedignas.com.mx\/","logo":{"@type":"ImageObject","inLanguage":"es","@id":"https:\/\/fuentesfidedignas.com.mx\/#\/schema\/logo\/image\/","url":"https:\/\/fuentesfidedignas.com.mx\/wp-content\/uploads\/2021\/04\/logo-retina.png","contentUrl":"https:\/\/fuentesfidedignas.com.mx\/wp-content\/uploads\/2021\/04\/logo-retina.png","width":280,"height":51,"caption":"Fuentes Fidedignas"},"image":{"@id":"https:\/\/fuentesfidedignas.com.mx\/#\/schema\/logo\/image\/"},"sameAs":["https:\/\/www.facebook.com\/Fuentes-Fidedignas-368234489921644","https:\/\/x.com\/fidedignas"]},{"@type":"Person","@id":"https:\/\/fuentesfidedignas.com.mx\/#\/schema\/person\/47ec0135738f4b0c7495f06a77a2c976","name":"Milenio","image":{"@type":"ImageObject","inLanguage":"es","@id":"https:\/\/secure.gravatar.com\/avatar\/acabf7b54753e51c2c76457954577c236b3b764789b19879565769739d1e4a75?s=96&d=mm&r=g","url":"https:\/\/secure.gravatar.com\/avatar\/acabf7b54753e51c2c76457954577c236b3b764789b19879565769739d1e4a75?s=96&d=mm&r=g","contentUrl":"https:\/\/secure.gravatar.com\/avatar\/acabf7b54753e51c2c76457954577c236b3b764789b19879565769739d1e4a75?s=96&d=mm&r=g","caption":"Milenio"},"url":"https:\/\/fuentesfidedignas.com.mx\/index.php\/author\/milenio\/"}]}},"_links":{"self":[{"href":"https:\/\/fuentesfidedignas.com.mx\/index.php\/wp-json\/wp\/v2\/posts\/89524","targetHints":{"allow":["GET"]}}],"collection":[{"href":"https:\/\/fuentesfidedignas.com.mx\/index.php\/wp-json\/wp\/v2\/posts"}],"about":[{"href":"https:\/\/fuentesfidedignas.com.mx\/index.php\/wp-json\/wp\/v2\/types\/post"}],"author":[{"embeddable":true,"href":"https:\/\/fuentesfidedignas.com.mx\/index.php\/wp-json\/wp\/v2\/users\/9"}],"replies":[{"embeddable":true,"href":"https:\/\/fuentesfidedignas.com.mx\/index.php\/wp-json\/wp\/v2\/comments?post=89524"}],"version-history":[{"count":1,"href":"https:\/\/fuentesfidedignas.com.mx\/index.php\/wp-json\/wp\/v2\/posts\/89524\/revisions"}],"predecessor-version":[{"id":89526,"href":"https:\/\/fuentesfidedignas.com.mx\/index.php\/wp-json\/wp\/v2\/posts\/89524\/revisions\/89526"}],"wp:featuredmedia":[{"embeddable":true,"href":"https:\/\/fuentesfidedignas.com.mx\/index.php\/wp-json\/wp\/v2\/media\/89525"}],"wp:attachment":[{"href":"https:\/\/fuentesfidedignas.com.mx\/index.php\/wp-json\/wp\/v2\/media?parent=89524"}],"wp:term":[{"taxonomy":"category","embeddable":true,"href":"https:\/\/fuentesfidedignas.com.mx\/index.php\/wp-json\/wp\/v2\/categories?post=89524"},{"taxonomy":"post_tag","embeddable":true,"href":"https:\/\/fuentesfidedignas.com.mx\/index.php\/wp-json\/wp\/v2\/tags?post=89524"}],"curies":[{"name":"wp","href":"https:\/\/api.w.org\/{rel}","templated":true}]}}