{"id":89490,"date":"2024-08-24T10:16:00","date_gmt":"2024-08-24T17:16:00","guid":{"rendered":"https:\/\/fuentesfidedignas.com.mx\/?p=89490"},"modified":"2024-08-24T10:01:31","modified_gmt":"2024-08-24T17:01:31","slug":"asesinan-a-dos-mujeres-procedentes-de-arizona-en-ataque-armado-en-sonora","status":"publish","type":"post","link":"https:\/\/fuentesfidedignas.com.mx\/index.php\/2024\/08\/24\/asesinan-a-dos-mujeres-procedentes-de-arizona-en-ataque-armado-en-sonora\/","title":{"rendered":"Asesinan a dos mujeres procedentes de Arizona en ataque armado en Sonora"},"content":{"rendered":"\n<p><strong><em>Dos mujeres procedentes de Arizona fueron asesinadas cuando se dirig\u00edan a Caborca, Sonora, tras el ataque de sujetos armados<\/em><\/strong><\/p>\n\n\n\n<p>Dos mujeres, procedentes de Arizona que viajaban a Caborca, murieron tras el ataque al veh\u00edculo en el que viajaban en Sonora.<\/p>\n\n\n\n<p>La Fiscal\u00eda General de Justicia del Estado de Sonora se\u00f1al\u00f3 que los hechos ocurrieron en la carretera Sonoyta-Caborca donde se localizaron los cuerpos de dos mujeres que se dirig\u00edan hacia Caborca, identificadas como Enedina \u2018N\u2019, de 72 a\u00f1os, y Ubaldina \u2018N\u2019, de 82, en el interior de un veh\u00edculo Nissan Pathfinder color blanco, el cual presentaba impactos de bala y hab\u00eda volcado a la altura del kil\u00f3metro 221+500 de la mencionada v\u00eda.<\/p>\n\n\n\n<blockquote class=\"twitter-tweet\"><p lang=\"es\" dir=\"ltr\">Avanza investigaci\u00f3n de ataque armado en carretera Sonoyta-Caborca; asegurados veh\u00edculo, armas y cartuchos tras operativo de b\u00fasqueda de los responsables<br><br>General Plutarco El\u00edas Calles, Sonora, 23 de agosto de 2024.- Derivado de un reporte generado en la carretera\u2026 <a href=\"https:\/\/t.co\/KyDQLL9k7F\">pic.twitter.com\/KyDQLL9k7F<\/a><\/p>&mdash; Fiscal\u00eda de Sonora (@fgjesonora) <a href=\"https:\/\/twitter.com\/fgjesonora\/status\/1827160548821364966?ref_src=twsrc%5Etfw\">August 24, 2024<\/a><\/blockquote> <script async src=\"https:\/\/platform.twitter.com\/widgets.js\" charset=\"utf-8\"><\/script>\n\n\n\n<p>Las autoridades se\u00f1alaron que tras un operativo de b\u00fasqueda de los responsables, donde las fuerzas de seguridad del Estado aseguraron el veh\u00edculo de los probables criminales, as\u00ed como armas de fuego y cartuchos.<\/p>\n\n\n\n<p>Elementos de seguridad de los tres niveles de gobierno implementaron de inmediato un operativo de localizaci\u00f3n para la detenci\u00f3n del grupo criminal responsable, contando con el apoyo de fuerzas especializadas tanto a\u00e9reas como terrestres.<\/p>\n\n\n\n<p>Como resultado de estos operativos, efectivos de la Sedena y la Guardia Nacional localizaron, en las inmediaciones del poblado Quitovac, municipio General Plutarco El\u00edas Calles, un veh\u00edculo Ford F150 color azul marino, modelo 2023, con reporte de robo; adem\u00e1s, se aseguraron 90 cartuchos \u00fatiles calibre 7.62\u00d739, tres cargadores para calibre 7.62\u00d739, 22 cargadores para arma larga, tres chalecos bal\u00edsticos y cuatro fusiles AK-47 calibre 7.62\u00d739.<\/p>\n","protected":false},"excerpt":{"rendered":"<p>Dos mujeres procedentes de Arizona fueron asesinadas cuando se dirig\u00edan a Caborca, Sonora, tras el ataque de sujetos armados Dos mujeres, procedentes de Arizona que viajaban a Caborca, murieron tras el ataque al veh\u00edculo en el que viajaban en Sonora. La Fiscal\u00eda General de Justicia del Estado de Sonora se\u00f1al\u00f3 que los hechos ocurrieron en [&hellip;]<\/p>\n","protected":false},"author":47,"featured_media":89491,"comment_status":"open","ping_status":"open","sticky":false,"template":"","format":"standard","meta":{"tdm_status":"","tdm_grid_status":"","footnotes":""},"categories":[39],"tags":[],"class_list":{"0":"post-89490","1":"post","2":"type-post","3":"status-publish","4":"format-standard","5":"has-post-thumbnail","7":"category-noticias-nacionales"},"yoast_head":"<!-- This site is optimized with the Yoast SEO plugin v27.5 - https:\/\/yoast.com\/product\/yoast-seo-wordpress\/ -->\n<title>Asesinan a dos mujeres procedentes de Arizona en ataque armado en Sonora - Fuentes Fidedignas<\/title>\n<meta name=\"robots\" content=\"index, follow, max-snippet:-1, max-image-preview:large, max-video-preview:-1\" \/>\n<link rel=\"canonical\" href=\"https:\/\/fuentesfidedignas.com.mx\/index.php\/2024\/08\/24\/asesinan-a-dos-mujeres-procedentes-de-arizona-en-ataque-armado-en-sonora\/\" \/>\n<meta property=\"og:locale\" content=\"es_MX\" \/>\n<meta property=\"og:type\" content=\"article\" \/>\n<meta property=\"og:title\" content=\"Asesinan a dos mujeres procedentes de Arizona en ataque armado en Sonora - Fuentes Fidedignas\" \/>\n<meta property=\"og:description\" content=\"Dos mujeres procedentes de Arizona fueron asesinadas cuando se dirig\u00edan a Caborca, Sonora, tras el ataque de sujetos armados Dos mujeres, procedentes de Arizona que viajaban a Caborca, murieron tras el ataque al veh\u00edculo en el que viajaban en Sonora. La Fiscal\u00eda General de Justicia del Estado de Sonora se\u00f1al\u00f3 que los hechos ocurrieron en [&hellip;]\" \/>\n<meta property=\"og:url\" content=\"https:\/\/fuentesfidedignas.com.mx\/index.php\/2024\/08\/24\/asesinan-a-dos-mujeres-procedentes-de-arizona-en-ataque-armado-en-sonora\/\" \/>\n<meta property=\"og:site_name\" content=\"Fuentes Fidedignas\" \/>\n<meta property=\"article:publisher\" content=\"https:\/\/www.facebook.com\/Fuentes-Fidedignas-368234489921644\" \/>\n<meta property=\"article:published_time\" content=\"2024-08-24T17:16:00+00:00\" \/>\n<meta property=\"og:image\" content=\"https:\/\/fuentesfidedignas.com.mx\/wp-content\/uploads\/2024\/08\/mujeres-asesinadas-en-sonora.jpg\" \/>\n\t<meta property=\"og:image:width\" content=\"650\" \/>\n\t<meta property=\"og:image:height\" content=\"447\" \/>\n\t<meta property=\"og:image:type\" content=\"image\/jpeg\" \/>\n<meta name=\"author\" content=\"L\u00f3pez D\u00f3riga\" \/>\n<meta name=\"twitter:card\" content=\"summary_large_image\" \/>\n<meta name=\"twitter:creator\" content=\"@fidedignas\" \/>\n<meta name=\"twitter:site\" content=\"@fidedignas\" \/>\n<meta name=\"twitter:label1\" content=\"Escrito por\" \/>\n\t<meta name=\"twitter:data1\" content=\"L\u00f3pez D\u00f3riga\" \/>\n\t<meta name=\"twitter:label2\" content=\"Tiempo de lectura\" \/>\n\t<meta name=\"twitter:data2\" content=\"2 minutos\" \/>\n<script type=\"application\/ld+json\" class=\"yoast-schema-graph\">{\"@context\":\"https:\\\/\\\/schema.org\",\"@graph\":[{\"@type\":\"Article\",\"@id\":\"https:\\\/\\\/fuentesfidedignas.com.mx\\\/index.php\\\/2024\\\/08\\\/24\\\/asesinan-a-dos-mujeres-procedentes-de-arizona-en-ataque-armado-en-sonora\\\/#article\",\"isPartOf\":{\"@id\":\"https:\\\/\\\/fuentesfidedignas.com.mx\\\/index.php\\\/2024\\\/08\\\/24\\\/asesinan-a-dos-mujeres-procedentes-de-arizona-en-ataque-armado-en-sonora\\\/\"},\"author\":{\"name\":\"L\u00f3pez D\u00f3riga\",\"@id\":\"https:\\\/\\\/fuentesfidedignas.com.mx\\\/#\\\/schema\\\/person\\\/67d852f0557c8509146a4b9ddebd543a\"},\"headline\":\"Asesinan a dos mujeres procedentes de Arizona en ataque armado en Sonora\",\"datePublished\":\"2024-08-24T17:16:00+00:00\",\"mainEntityOfPage\":{\"@id\":\"https:\\\/\\\/fuentesfidedignas.com.mx\\\/index.php\\\/2024\\\/08\\\/24\\\/asesinan-a-dos-mujeres-procedentes-de-arizona-en-ataque-armado-en-sonora\\\/\"},\"wordCount\":321,\"commentCount\":0,\"publisher\":{\"@id\":\"https:\\\/\\\/fuentesfidedignas.com.mx\\\/#organization\"},\"image\":{\"@id\":\"https:\\\/\\\/fuentesfidedignas.com.mx\\\/index.php\\\/2024\\\/08\\\/24\\\/asesinan-a-dos-mujeres-procedentes-de-arizona-en-ataque-armado-en-sonora\\\/#primaryimage\"},\"thumbnailUrl\":\"https:\\\/\\\/fuentesfidedignas.com.mx\\\/wp-content\\\/uploads\\\/2024\\\/08\\\/mujeres-asesinadas-en-sonora.jpg\",\"articleSection\":[\"NOTICIAS NACIONALES\"],\"inLanguage\":\"es\",\"potentialAction\":[{\"@type\":\"CommentAction\",\"name\":\"Comment\",\"target\":[\"https:\\\/\\\/fuentesfidedignas.com.mx\\\/index.php\\\/2024\\\/08\\\/24\\\/asesinan-a-dos-mujeres-procedentes-de-arizona-en-ataque-armado-en-sonora\\\/#respond\"]}]},{\"@type\":\"WebPage\",\"@id\":\"https:\\\/\\\/fuentesfidedignas.com.mx\\\/index.php\\\/2024\\\/08\\\/24\\\/asesinan-a-dos-mujeres-procedentes-de-arizona-en-ataque-armado-en-sonora\\\/\",\"url\":\"https:\\\/\\\/fuentesfidedignas.com.mx\\\/index.php\\\/2024\\\/08\\\/24\\\/asesinan-a-dos-mujeres-procedentes-de-arizona-en-ataque-armado-en-sonora\\\/\",\"name\":\"Asesinan a dos mujeres procedentes de Arizona en ataque armado en Sonora - Fuentes Fidedignas\",\"isPartOf\":{\"@id\":\"https:\\\/\\\/fuentesfidedignas.com.mx\\\/#website\"},\"primaryImageOfPage\":{\"@id\":\"https:\\\/\\\/fuentesfidedignas.com.mx\\\/index.php\\\/2024\\\/08\\\/24\\\/asesinan-a-dos-mujeres-procedentes-de-arizona-en-ataque-armado-en-sonora\\\/#primaryimage\"},\"image\":{\"@id\":\"https:\\\/\\\/fuentesfidedignas.com.mx\\\/index.php\\\/2024\\\/08\\\/24\\\/asesinan-a-dos-mujeres-procedentes-de-arizona-en-ataque-armado-en-sonora\\\/#primaryimage\"},\"thumbnailUrl\":\"https:\\\/\\\/fuentesfidedignas.com.mx\\\/wp-content\\\/uploads\\\/2024\\\/08\\\/mujeres-asesinadas-en-sonora.jpg\",\"datePublished\":\"2024-08-24T17:16:00+00:00\",\"breadcrumb\":{\"@id\":\"https:\\\/\\\/fuentesfidedignas.com.mx\\\/index.php\\\/2024\\\/08\\\/24\\\/asesinan-a-dos-mujeres-procedentes-de-arizona-en-ataque-armado-en-sonora\\\/#breadcrumb\"},\"inLanguage\":\"es\",\"potentialAction\":[{\"@type\":\"ReadAction\",\"target\":[\"https:\\\/\\\/fuentesfidedignas.com.mx\\\/index.php\\\/2024\\\/08\\\/24\\\/asesinan-a-dos-mujeres-procedentes-de-arizona-en-ataque-armado-en-sonora\\\/\"]}]},{\"@type\":\"ImageObject\",\"inLanguage\":\"es\",\"@id\":\"https:\\\/\\\/fuentesfidedignas.com.mx\\\/index.php\\\/2024\\\/08\\\/24\\\/asesinan-a-dos-mujeres-procedentes-de-arizona-en-ataque-armado-en-sonora\\\/#primaryimage\",\"url\":\"https:\\\/\\\/fuentesfidedignas.com.mx\\\/wp-content\\\/uploads\\\/2024\\\/08\\\/mujeres-asesinadas-en-sonora.jpg\",\"contentUrl\":\"https:\\\/\\\/fuentesfidedignas.com.mx\\\/wp-content\\\/uploads\\\/2024\\\/08\\\/mujeres-asesinadas-en-sonora.jpg\",\"width\":650,\"height\":447},{\"@type\":\"BreadcrumbList\",\"@id\":\"https:\\\/\\\/fuentesfidedignas.com.mx\\\/index.php\\\/2024\\\/08\\\/24\\\/asesinan-a-dos-mujeres-procedentes-de-arizona-en-ataque-armado-en-sonora\\\/#breadcrumb\",\"itemListElement\":[{\"@type\":\"ListItem\",\"position\":1,\"name\":\"Inicio\",\"item\":\"https:\\\/\\\/fuentesfidedignas.com.mx\\\/\"},{\"@type\":\"ListItem\",\"position\":2,\"name\":\"Asesinan a dos mujeres procedentes de Arizona en ataque armado en Sonora\"}]},{\"@type\":\"WebSite\",\"@id\":\"https:\\\/\\\/fuentesfidedignas.com.mx\\\/#website\",\"url\":\"https:\\\/\\\/fuentesfidedignas.com.mx\\\/\",\"name\":\"Fuentes Fidedignas\",\"description\":\"Otro sitio realizado con WordPress\",\"publisher\":{\"@id\":\"https:\\\/\\\/fuentesfidedignas.com.mx\\\/#organization\"},\"potentialAction\":[{\"@type\":\"SearchAction\",\"target\":{\"@type\":\"EntryPoint\",\"urlTemplate\":\"https:\\\/\\\/fuentesfidedignas.com.mx\\\/?s={search_term_string}\"},\"query-input\":{\"@type\":\"PropertyValueSpecification\",\"valueRequired\":true,\"valueName\":\"search_term_string\"}}],\"inLanguage\":\"es\"},{\"@type\":\"Organization\",\"@id\":\"https:\\\/\\\/fuentesfidedignas.com.mx\\\/#organization\",\"name\":\"Fuentes Fidedignas\",\"url\":\"https:\\\/\\\/fuentesfidedignas.com.mx\\\/\",\"logo\":{\"@type\":\"ImageObject\",\"inLanguage\":\"es\",\"@id\":\"https:\\\/\\\/fuentesfidedignas.com.mx\\\/#\\\/schema\\\/logo\\\/image\\\/\",\"url\":\"https:\\\/\\\/fuentesfidedignas.com.mx\\\/wp-content\\\/uploads\\\/2021\\\/04\\\/logo-retina.png\",\"contentUrl\":\"https:\\\/\\\/fuentesfidedignas.com.mx\\\/wp-content\\\/uploads\\\/2021\\\/04\\\/logo-retina.png\",\"width\":280,\"height\":51,\"caption\":\"Fuentes Fidedignas\"},\"image\":{\"@id\":\"https:\\\/\\\/fuentesfidedignas.com.mx\\\/#\\\/schema\\\/logo\\\/image\\\/\"},\"sameAs\":[\"https:\\\/\\\/www.facebook.com\\\/Fuentes-Fidedignas-368234489921644\",\"https:\\\/\\\/x.com\\\/fidedignas\"]},{\"@type\":\"Person\",\"@id\":\"https:\\\/\\\/fuentesfidedignas.com.mx\\\/#\\\/schema\\\/person\\\/67d852f0557c8509146a4b9ddebd543a\",\"name\":\"L\u00f3pez D\u00f3riga\",\"image\":{\"@type\":\"ImageObject\",\"inLanguage\":\"es\",\"@id\":\"https:\\\/\\\/secure.gravatar.com\\\/avatar\\\/e525b06574ca18b33cded59dfe5778d6c823b9513154eff47da551b0551bdd1e?s=96&d=mm&r=g\",\"url\":\"https:\\\/\\\/secure.gravatar.com\\\/avatar\\\/e525b06574ca18b33cded59dfe5778d6c823b9513154eff47da551b0551bdd1e?s=96&d=mm&r=g\",\"contentUrl\":\"https:\\\/\\\/secure.gravatar.com\\\/avatar\\\/e525b06574ca18b33cded59dfe5778d6c823b9513154eff47da551b0551bdd1e?s=96&d=mm&r=g\",\"caption\":\"L\u00f3pez D\u00f3riga\"},\"url\":\"https:\\\/\\\/fuentesfidedignas.com.mx\\\/index.php\\\/author\\\/doriga\\\/\"}]}<\/script>\n<!-- \/ Yoast SEO plugin. -->","yoast_head_json":{"title":"Asesinan a dos mujeres procedentes de Arizona en ataque armado en Sonora - Fuentes Fidedignas","robots":{"index":"index","follow":"follow","max-snippet":"max-snippet:-1","max-image-preview":"max-image-preview:large","max-video-preview":"max-video-preview:-1"},"canonical":"https:\/\/fuentesfidedignas.com.mx\/index.php\/2024\/08\/24\/asesinan-a-dos-mujeres-procedentes-de-arizona-en-ataque-armado-en-sonora\/","og_locale":"es_MX","og_type":"article","og_title":"Asesinan a dos mujeres procedentes de Arizona en ataque armado en Sonora - Fuentes Fidedignas","og_description":"Dos mujeres procedentes de Arizona fueron asesinadas cuando se dirig\u00edan a Caborca, Sonora, tras el ataque de sujetos armados Dos mujeres, procedentes de Arizona que viajaban a Caborca, murieron tras el ataque al veh\u00edculo en el que viajaban en Sonora. La Fiscal\u00eda General de Justicia del Estado de Sonora se\u00f1al\u00f3 que los hechos ocurrieron en [&hellip;]","og_url":"https:\/\/fuentesfidedignas.com.mx\/index.php\/2024\/08\/24\/asesinan-a-dos-mujeres-procedentes-de-arizona-en-ataque-armado-en-sonora\/","og_site_name":"Fuentes Fidedignas","article_publisher":"https:\/\/www.facebook.com\/Fuentes-Fidedignas-368234489921644","article_published_time":"2024-08-24T17:16:00+00:00","og_image":[{"width":650,"height":447,"url":"https:\/\/fuentesfidedignas.com.mx\/wp-content\/uploads\/2024\/08\/mujeres-asesinadas-en-sonora.jpg","type":"image\/jpeg"}],"author":"L\u00f3pez D\u00f3riga","twitter_card":"summary_large_image","twitter_creator":"@fidedignas","twitter_site":"@fidedignas","twitter_misc":{"Escrito por":"L\u00f3pez D\u00f3riga","Tiempo de lectura":"2 minutos"},"schema":{"@context":"https:\/\/schema.org","@graph":[{"@type":"Article","@id":"https:\/\/fuentesfidedignas.com.mx\/index.php\/2024\/08\/24\/asesinan-a-dos-mujeres-procedentes-de-arizona-en-ataque-armado-en-sonora\/#article","isPartOf":{"@id":"https:\/\/fuentesfidedignas.com.mx\/index.php\/2024\/08\/24\/asesinan-a-dos-mujeres-procedentes-de-arizona-en-ataque-armado-en-sonora\/"},"author":{"name":"L\u00f3pez D\u00f3riga","@id":"https:\/\/fuentesfidedignas.com.mx\/#\/schema\/person\/67d852f0557c8509146a4b9ddebd543a"},"headline":"Asesinan a dos mujeres procedentes de Arizona en ataque armado en Sonora","datePublished":"2024-08-24T17:16:00+00:00","mainEntityOfPage":{"@id":"https:\/\/fuentesfidedignas.com.mx\/index.php\/2024\/08\/24\/asesinan-a-dos-mujeres-procedentes-de-arizona-en-ataque-armado-en-sonora\/"},"wordCount":321,"commentCount":0,"publisher":{"@id":"https:\/\/fuentesfidedignas.com.mx\/#organization"},"image":{"@id":"https:\/\/fuentesfidedignas.com.mx\/index.php\/2024\/08\/24\/asesinan-a-dos-mujeres-procedentes-de-arizona-en-ataque-armado-en-sonora\/#primaryimage"},"thumbnailUrl":"https:\/\/fuentesfidedignas.com.mx\/wp-content\/uploads\/2024\/08\/mujeres-asesinadas-en-sonora.jpg","articleSection":["NOTICIAS NACIONALES"],"inLanguage":"es","potentialAction":[{"@type":"CommentAction","name":"Comment","target":["https:\/\/fuentesfidedignas.com.mx\/index.php\/2024\/08\/24\/asesinan-a-dos-mujeres-procedentes-de-arizona-en-ataque-armado-en-sonora\/#respond"]}]},{"@type":"WebPage","@id":"https:\/\/fuentesfidedignas.com.mx\/index.php\/2024\/08\/24\/asesinan-a-dos-mujeres-procedentes-de-arizona-en-ataque-armado-en-sonora\/","url":"https:\/\/fuentesfidedignas.com.mx\/index.php\/2024\/08\/24\/asesinan-a-dos-mujeres-procedentes-de-arizona-en-ataque-armado-en-sonora\/","name":"Asesinan a dos mujeres procedentes de Arizona en ataque armado en Sonora - Fuentes Fidedignas","isPartOf":{"@id":"https:\/\/fuentesfidedignas.com.mx\/#website"},"primaryImageOfPage":{"@id":"https:\/\/fuentesfidedignas.com.mx\/index.php\/2024\/08\/24\/asesinan-a-dos-mujeres-procedentes-de-arizona-en-ataque-armado-en-sonora\/#primaryimage"},"image":{"@id":"https:\/\/fuentesfidedignas.com.mx\/index.php\/2024\/08\/24\/asesinan-a-dos-mujeres-procedentes-de-arizona-en-ataque-armado-en-sonora\/#primaryimage"},"thumbnailUrl":"https:\/\/fuentesfidedignas.com.mx\/wp-content\/uploads\/2024\/08\/mujeres-asesinadas-en-sonora.jpg","datePublished":"2024-08-24T17:16:00+00:00","breadcrumb":{"@id":"https:\/\/fuentesfidedignas.com.mx\/index.php\/2024\/08\/24\/asesinan-a-dos-mujeres-procedentes-de-arizona-en-ataque-armado-en-sonora\/#breadcrumb"},"inLanguage":"es","potentialAction":[{"@type":"ReadAction","target":["https:\/\/fuentesfidedignas.com.mx\/index.php\/2024\/08\/24\/asesinan-a-dos-mujeres-procedentes-de-arizona-en-ataque-armado-en-sonora\/"]}]},{"@type":"ImageObject","inLanguage":"es","@id":"https:\/\/fuentesfidedignas.com.mx\/index.php\/2024\/08\/24\/asesinan-a-dos-mujeres-procedentes-de-arizona-en-ataque-armado-en-sonora\/#primaryimage","url":"https:\/\/fuentesfidedignas.com.mx\/wp-content\/uploads\/2024\/08\/mujeres-asesinadas-en-sonora.jpg","contentUrl":"https:\/\/fuentesfidedignas.com.mx\/wp-content\/uploads\/2024\/08\/mujeres-asesinadas-en-sonora.jpg","width":650,"height":447},{"@type":"BreadcrumbList","@id":"https:\/\/fuentesfidedignas.com.mx\/index.php\/2024\/08\/24\/asesinan-a-dos-mujeres-procedentes-de-arizona-en-ataque-armado-en-sonora\/#breadcrumb","itemListElement":[{"@type":"ListItem","position":1,"name":"Inicio","item":"https:\/\/fuentesfidedignas.com.mx\/"},{"@type":"ListItem","position":2,"name":"Asesinan a dos mujeres procedentes de Arizona en ataque armado en Sonora"}]},{"@type":"WebSite","@id":"https:\/\/fuentesfidedignas.com.mx\/#website","url":"https:\/\/fuentesfidedignas.com.mx\/","name":"Fuentes Fidedignas","description":"Otro sitio realizado con WordPress","publisher":{"@id":"https:\/\/fuentesfidedignas.com.mx\/#organization"},"potentialAction":[{"@type":"SearchAction","target":{"@type":"EntryPoint","urlTemplate":"https:\/\/fuentesfidedignas.com.mx\/?s={search_term_string}"},"query-input":{"@type":"PropertyValueSpecification","valueRequired":true,"valueName":"search_term_string"}}],"inLanguage":"es"},{"@type":"Organization","@id":"https:\/\/fuentesfidedignas.com.mx\/#organization","name":"Fuentes Fidedignas","url":"https:\/\/fuentesfidedignas.com.mx\/","logo":{"@type":"ImageObject","inLanguage":"es","@id":"https:\/\/fuentesfidedignas.com.mx\/#\/schema\/logo\/image\/","url":"https:\/\/fuentesfidedignas.com.mx\/wp-content\/uploads\/2021\/04\/logo-retina.png","contentUrl":"https:\/\/fuentesfidedignas.com.mx\/wp-content\/uploads\/2021\/04\/logo-retina.png","width":280,"height":51,"caption":"Fuentes Fidedignas"},"image":{"@id":"https:\/\/fuentesfidedignas.com.mx\/#\/schema\/logo\/image\/"},"sameAs":["https:\/\/www.facebook.com\/Fuentes-Fidedignas-368234489921644","https:\/\/x.com\/fidedignas"]},{"@type":"Person","@id":"https:\/\/fuentesfidedignas.com.mx\/#\/schema\/person\/67d852f0557c8509146a4b9ddebd543a","name":"L\u00f3pez D\u00f3riga","image":{"@type":"ImageObject","inLanguage":"es","@id":"https:\/\/secure.gravatar.com\/avatar\/e525b06574ca18b33cded59dfe5778d6c823b9513154eff47da551b0551bdd1e?s=96&d=mm&r=g","url":"https:\/\/secure.gravatar.com\/avatar\/e525b06574ca18b33cded59dfe5778d6c823b9513154eff47da551b0551bdd1e?s=96&d=mm&r=g","contentUrl":"https:\/\/secure.gravatar.com\/avatar\/e525b06574ca18b33cded59dfe5778d6c823b9513154eff47da551b0551bdd1e?s=96&d=mm&r=g","caption":"L\u00f3pez D\u00f3riga"},"url":"https:\/\/fuentesfidedignas.com.mx\/index.php\/author\/doriga\/"}]}},"_links":{"self":[{"href":"https:\/\/fuentesfidedignas.com.mx\/index.php\/wp-json\/wp\/v2\/posts\/89490","targetHints":{"allow":["GET"]}}],"collection":[{"href":"https:\/\/fuentesfidedignas.com.mx\/index.php\/wp-json\/wp\/v2\/posts"}],"about":[{"href":"https:\/\/fuentesfidedignas.com.mx\/index.php\/wp-json\/wp\/v2\/types\/post"}],"author":[{"embeddable":true,"href":"https:\/\/fuentesfidedignas.com.mx\/index.php\/wp-json\/wp\/v2\/users\/47"}],"replies":[{"embeddable":true,"href":"https:\/\/fuentesfidedignas.com.mx\/index.php\/wp-json\/wp\/v2\/comments?post=89490"}],"version-history":[{"count":1,"href":"https:\/\/fuentesfidedignas.com.mx\/index.php\/wp-json\/wp\/v2\/posts\/89490\/revisions"}],"predecessor-version":[{"id":89492,"href":"https:\/\/fuentesfidedignas.com.mx\/index.php\/wp-json\/wp\/v2\/posts\/89490\/revisions\/89492"}],"wp:featuredmedia":[{"embeddable":true,"href":"https:\/\/fuentesfidedignas.com.mx\/index.php\/wp-json\/wp\/v2\/media\/89491"}],"wp:attachment":[{"href":"https:\/\/fuentesfidedignas.com.mx\/index.php\/wp-json\/wp\/v2\/media?parent=89490"}],"wp:term":[{"taxonomy":"category","embeddable":true,"href":"https:\/\/fuentesfidedignas.com.mx\/index.php\/wp-json\/wp\/v2\/categories?post=89490"},{"taxonomy":"post_tag","embeddable":true,"href":"https:\/\/fuentesfidedignas.com.mx\/index.php\/wp-json\/wp\/v2\/tags?post=89490"}],"curies":[{"name":"wp","href":"https:\/\/api.w.org\/{rel}","templated":true}]}}