{"id":89483,"date":"2024-08-24T08:54:22","date_gmt":"2024-08-24T15:54:22","guid":{"rendered":"https:\/\/fuentesfidedignas.com.mx\/?p=89483"},"modified":"2024-08-24T08:54:56","modified_gmt":"2024-08-24T15:54:56","slug":"testigo-presencial-origino-la-primera-version-del-homicidio-de-cuen-aclara-encargado-de-la-fge","status":"publish","type":"post","link":"https:\/\/fuentesfidedignas.com.mx\/index.php\/2024\/08\/24\/testigo-presencial-origino-la-primera-version-del-homicidio-de-cuen-aclara-encargado-de-la-fge\/","title":{"rendered":"Testigo presencial origin\u00f3 la primera versi\u00f3n del homicidio de Cu\u00e9n, aclara encargado de la FGE"},"content":{"rendered":"\n<p><strong><em>D\u00e1maso Castro Saavedra, vicefiscal y actual encargado del despacho de la FGE, neg\u00f3 estar siendo investigado por la FGR.<\/em><\/strong><\/p>\n\n\n\n<p>Culiac\u00e1n, Sin.- El vicefiscal general, encargado del despacho y aspirante a la titularidad de la Fiscal\u00eda de Sinaloa (FGE), D\u00e1maso Castro Saavedra, se enfrent\u00f3 a un interrogatorio durante su comparecencia ante el Consejo Estatal de Seguridad P\u00fablica (CESP).\u00a0<\/p>\n\n\n\n<p>Los cuestionamientos giraron alrededor del asesinato de H\u00e9ctor Melesio Cu\u00e9n Ojeda, ex rector de la Universidad Aut\u00f3noma de Sinaloa.<\/p>\n\n\n\n<p>Lo que inicialmente se esperaba que fuera un tr\u00e1mite rutinario en su proceso de selecci\u00f3n, se transform\u00f3 en una sesi\u00f3n cargada de cuestionamientos sobre las aparentes inconsistencias en la investigaci\u00f3n.<\/p>\n\n\n\n<p>El titular del CESP, Miguel Calder\u00f3n, lider\u00f3 las preguntas incisivas hacia Castro Saavedra, enfoc\u00e1ndose en las m\u00faltiples versiones que circulan sobre el asesinato de Cu\u00e9n Ojeda.&nbsp;<\/p>\n\n\n\n<p>Entre las interrogantes m\u00e1s cr\u00edticas, Calder\u00f3n abord\u00f3 las supuestas irregularidades detectadas en la investigaci\u00f3n y la posibilidad de que Castro Saavedra sea imputado por la Fiscal\u00eda General de la Rep\u00fablica (FGR).&nbsp;<\/p>\n\n\n\n<p>A estas inquietudes, el vicefiscal respondi\u00f3 negando cualquier posibilidad de imputaci\u00f3n en su contra.<\/p>\n\n\n\n<p>&#8220;\u2026No veo el porqu\u00e9, considero que no hay ninguna raz\u00f3n en relaci\u00f3n a esa posible consecuencia&#8221;, declar\u00f3.<br>Sin embargo, uno de los puntos m\u00e1s relevantes de su intervenci\u00f3n fue la aclaraci\u00f3n sobre la fuente de la primera versi\u00f3n del homicidio de Cu\u00e9n Ojeda.&nbsp;<\/p>\n\n\n\n<p>Castro Saavedra revel\u00f3 que dicha versi\u00f3n, que hab\u00eda sido inicialmente atribuida a la ex fiscal Sara Bruna Qui\u00f1\u00f3nez Estrada, en realidad se bas\u00f3 en el testimonio de Fausto Ernesto Corrales, testigo presencial del ataque.&nbsp;<\/p>\n\n\n\n<p>Adem\u00e1s, el vicefiscal neg\u00f3 rotundamente estar siendo investigado por la FGR.<\/p>\n\n\n\n<p>\u201cSe le dio seguimiento para efecto de verificar o confirmar una informaci\u00f3n que se estaba dando por una persona que a lo que dec\u00eda ten\u00eda cercan\u00eda en demas\u00eda con la v\u00edctima; en el camino fueron surgiendo situaciones que incluso cuando se mand\u00f3 el expediente que se ten\u00eda&#8221;.<\/p>\n\n\n\n<p>&#8220;Ya hab\u00eda una informaci\u00f3n diversa a la versi\u00f3n original, pero no es una versi\u00f3n de Fiscal\u00eda, nunca ha sido una versi\u00f3n de la fiscal, es un tema que todav\u00eda forma parte de la investigaci\u00f3n, en ese sentido y hasta ah\u00ed lo entiendo, el trabajo que se hizo por el personal a cargo es dar seguimiento e ir realizando los actos que correspond\u00eda realizar conforme a la informaci\u00f3n que se ten\u00eda en ese momento\u201d, dijo.<\/p>\n\n\n\n<p><strong>Renuncia de la fiscal Sara Bruna Qui\u00f1\u00f3nez<\/strong><br>La pol\u00e9mica en torno a la investigaci\u00f3n del asesinato de Cu\u00e9n Ojeda cobr\u00f3 una nueva dimensi\u00f3n cuando la fiscal de Sinaloa, Sara Bruna Qui\u00f1\u00f3nez Estrada, present\u00f3 su renuncia voluntaria ante el Congreso local.\u00a0<\/p>\n\n\n\n<p>La renuncia de Qui\u00f1\u00f3nez Estrada, quien hab\u00eda asumido la titularidad de la Fiscal\u00eda el 11 de noviembre de 2021, se produjo en medio de crecientes cr\u00edticas por las irregularidades detectadas en el informe del organismo sobre el caso.<\/p>\n\n\n\n<p>De acuerdo con el gobernador de Sinaloa, Rub\u00e9n Rocha Moya, a trav\u00e9s de redes sociales, la ex fiscal habr\u00eda tomado esta decisi\u00f3n &#8220;para que se atiendan a plenitud las observaciones que la Fiscal\u00eda General de la Rep\u00fablica formul\u00f3, en relaci\u00f3n a la investigaci\u00f3n del caso del homicidio del ex rector H\u00e9ctor Cu\u00e9n&#8221;.<\/p>\n\n\n\n<p>Por su parte, Qui\u00f1\u00f3nez Estrada asegur\u00f3 que su renuncia buscaba evitar cualquier interferencia en la investigaci\u00f3n y sostuvo que &#8220;se hicieron las cosas bien durante mi gesti\u00f3n&#8221;.<\/p>\n\n\n\n<p><strong>Inconsistencias en la investigaci\u00f3n<\/strong><br>La FGR detect\u00f3 m\u00faltiples inconsistencias en el informe presentado por la Fiscal\u00eda de Sinaloa sobre el asesinato de Cu\u00e9n Ojeda.\u00a0<\/p>\n\n\n\n<p>Entre las irregularidades m\u00e1s destacadas se encuentra la incorrecta documentaci\u00f3n de los signos cadav\u00e9ricos inmediatos en la necropsia, un elemento clave para esclarecer las circunstancias de la muerte del ex rector.\u00a0<\/p>\n\n\n\n<p>Adem\u00e1s, la FGR critic\u00f3 la decisi\u00f3n de permitir la incineraci\u00f3n del cuerpo, una acci\u00f3n contraria a las pr\u00e1cticas criminal\u00edsticas est\u00e1ndar en investigaciones de homicidios.<\/p>\n\n\n\n<p><strong>Reacciones del Presidente y del gobernador de Sinaloa<\/strong><br>El presidente Andr\u00e9s Manuel L\u00f3pez Obrador se pronunci\u00f3 sobre el caso durante su conferencia ma\u00f1anera, pidiendo a la FGR una investigaci\u00f3n exhaustiva que aclare las inconsistencias detectadas.\u00a0<\/p>\n\n\n\n<p>L\u00f3pez Obrador consider\u00f3 que la intervenci\u00f3n de la FGR es un acierto, ya que permite que se conozcan las contradicciones presentes en la indagatoria.<\/p>\n\n\n\n<p>Por su parte, el gobernador de Sinaloa, Rub\u00e9n Rocha Moya, expres\u00f3 su plena confianza en la FGR para llevar a cabo la investigaci\u00f3n y resalt\u00f3 la importancia de que esta se realice de manera independiente y sin influencias externas.<\/p>\n\n\n\n<p><strong>Futuro de la Fiscal\u00eda de Sinaloa<\/strong><br>La renuncia de Sara Bruna Qui\u00f1\u00f3nez dej\u00f3 un vac\u00edo en la titularidad de la Fiscal\u00eda General del Estado, abriendo un nuevo cap\u00edtulo en la instituci\u00f3n en medio de uno de los desaf\u00edos m\u00e1s grandes que ha enfrentado.\u00a0<\/p>\n\n\n\n<p>La investigaci\u00f3n del caso Cu\u00e9n Ojeda sigue siendo un tema de inter\u00e9s p\u00fablico, y el proceso de selecci\u00f3n del nuevo fiscal se desarrolla bajo una fuerte presi\u00f3n por garantizar la transparencia y justicia.<\/p>\n\n\n\n<p>En los primeros d\u00edas de recepci\u00f3n de documentos para aspirantes al cargo de fiscal general, se registraron cuatro candidatos, entre ellos\u00a0D\u00e1maso Castro Saavedra.<\/p>\n","protected":false},"excerpt":{"rendered":"<p>D\u00e1maso Castro Saavedra, vicefiscal y actual encargado del despacho de la FGE, neg\u00f3 estar siendo investigado por la FGR. Culiac\u00e1n, Sin.- El vicefiscal general, encargado del despacho y aspirante a la titularidad de la Fiscal\u00eda de Sinaloa (FGE), D\u00e1maso Castro Saavedra, se enfrent\u00f3 a un interrogatorio durante su comparecencia ante el Consejo Estatal de Seguridad [&hellip;]<\/p>\n","protected":false},"author":9,"featured_media":89484,"comment_status":"open","ping_status":"open","sticky":false,"template":"","format":"standard","meta":{"tdm_status":"","tdm_grid_status":"","footnotes":""},"categories":[37],"tags":[],"class_list":{"0":"post-89483","1":"post","2":"type-post","3":"status-publish","4":"format-standard","5":"has-post-thumbnail","7":"category-nota-principal"},"yoast_head":"<!-- This site is optimized with the Yoast SEO plugin v27.5 - https:\/\/yoast.com\/product\/yoast-seo-wordpress\/ -->\n<title>Testigo presencial origin\u00f3 la primera versi\u00f3n del homicidio de Cu\u00e9n, aclara encargado de la FGE - Fuentes Fidedignas<\/title>\n<meta name=\"robots\" content=\"index, follow, max-snippet:-1, max-image-preview:large, max-video-preview:-1\" \/>\n<link rel=\"canonical\" href=\"https:\/\/fuentesfidedignas.com.mx\/index.php\/2024\/08\/24\/testigo-presencial-origino-la-primera-version-del-homicidio-de-cuen-aclara-encargado-de-la-fge\/\" \/>\n<meta property=\"og:locale\" content=\"es_MX\" \/>\n<meta property=\"og:type\" content=\"article\" \/>\n<meta property=\"og:title\" content=\"Testigo presencial origin\u00f3 la primera versi\u00f3n del homicidio de Cu\u00e9n, aclara encargado de la FGE - Fuentes Fidedignas\" \/>\n<meta property=\"og:description\" content=\"D\u00e1maso Castro Saavedra, vicefiscal y actual encargado del despacho de la FGE, neg\u00f3 estar siendo investigado por la FGR. Culiac\u00e1n, Sin.- El vicefiscal general, encargado del despacho y aspirante a la titularidad de la Fiscal\u00eda de Sinaloa (FGE), D\u00e1maso Castro Saavedra, se enfrent\u00f3 a un interrogatorio durante su comparecencia ante el Consejo Estatal de Seguridad [&hellip;]\" \/>\n<meta property=\"og:url\" content=\"https:\/\/fuentesfidedignas.com.mx\/index.php\/2024\/08\/24\/testigo-presencial-origino-la-primera-version-del-homicidio-de-cuen-aclara-encargado-de-la-fge\/\" \/>\n<meta property=\"og:site_name\" content=\"Fuentes Fidedignas\" \/>\n<meta property=\"article:publisher\" content=\"https:\/\/www.facebook.com\/Fuentes-Fidedignas-368234489921644\" \/>\n<meta property=\"article:published_time\" content=\"2024-08-24T15:54:22+00:00\" \/>\n<meta property=\"article:modified_time\" content=\"2024-08-24T15:54:56+00:00\" \/>\n<meta property=\"og:image\" content=\"https:\/\/fuentesfidedignas.com.mx\/wp-content\/uploads\/2024\/08\/cuen-fiscalia.jpg\" \/>\n\t<meta property=\"og:image:width\" content=\"650\" \/>\n\t<meta property=\"og:image:height\" content=\"406\" \/>\n\t<meta property=\"og:image:type\" content=\"image\/jpeg\" \/>\n<meta name=\"author\" content=\"Milenio\" \/>\n<meta name=\"twitter:card\" content=\"summary_large_image\" \/>\n<meta name=\"twitter:creator\" content=\"@fidedignas\" \/>\n<meta name=\"twitter:site\" content=\"@fidedignas\" \/>\n<meta name=\"twitter:label1\" content=\"Escrito por\" \/>\n\t<meta name=\"twitter:data1\" content=\"Milenio\" \/>\n\t<meta name=\"twitter:label2\" content=\"Tiempo de lectura\" \/>\n\t<meta name=\"twitter:data2\" content=\"4 minutos\" \/>\n<script type=\"application\/ld+json\" class=\"yoast-schema-graph\">{\"@context\":\"https:\\\/\\\/schema.org\",\"@graph\":[{\"@type\":\"Article\",\"@id\":\"https:\\\/\\\/fuentesfidedignas.com.mx\\\/index.php\\\/2024\\\/08\\\/24\\\/testigo-presencial-origino-la-primera-version-del-homicidio-de-cuen-aclara-encargado-de-la-fge\\\/#article\",\"isPartOf\":{\"@id\":\"https:\\\/\\\/fuentesfidedignas.com.mx\\\/index.php\\\/2024\\\/08\\\/24\\\/testigo-presencial-origino-la-primera-version-del-homicidio-de-cuen-aclara-encargado-de-la-fge\\\/\"},\"author\":{\"name\":\"Milenio\",\"@id\":\"https:\\\/\\\/fuentesfidedignas.com.mx\\\/#\\\/schema\\\/person\\\/47ec0135738f4b0c7495f06a77a2c976\"},\"headline\":\"Testigo presencial origin\u00f3 la primera versi\u00f3n del homicidio de Cu\u00e9n, aclara encargado de la FGE\",\"datePublished\":\"2024-08-24T15:54:22+00:00\",\"dateModified\":\"2024-08-24T15:54:56+00:00\",\"mainEntityOfPage\":{\"@id\":\"https:\\\/\\\/fuentesfidedignas.com.mx\\\/index.php\\\/2024\\\/08\\\/24\\\/testigo-presencial-origino-la-primera-version-del-homicidio-de-cuen-aclara-encargado-de-la-fge\\\/\"},\"wordCount\":954,\"commentCount\":0,\"publisher\":{\"@id\":\"https:\\\/\\\/fuentesfidedignas.com.mx\\\/#organization\"},\"image\":{\"@id\":\"https:\\\/\\\/fuentesfidedignas.com.mx\\\/index.php\\\/2024\\\/08\\\/24\\\/testigo-presencial-origino-la-primera-version-del-homicidio-de-cuen-aclara-encargado-de-la-fge\\\/#primaryimage\"},\"thumbnailUrl\":\"https:\\\/\\\/fuentesfidedignas.com.mx\\\/wp-content\\\/uploads\\\/2024\\\/08\\\/cuen-fiscalia.jpg\",\"articleSection\":[\"NOTA PRINCIPAL\"],\"inLanguage\":\"es\",\"potentialAction\":[{\"@type\":\"CommentAction\",\"name\":\"Comment\",\"target\":[\"https:\\\/\\\/fuentesfidedignas.com.mx\\\/index.php\\\/2024\\\/08\\\/24\\\/testigo-presencial-origino-la-primera-version-del-homicidio-de-cuen-aclara-encargado-de-la-fge\\\/#respond\"]}]},{\"@type\":\"WebPage\",\"@id\":\"https:\\\/\\\/fuentesfidedignas.com.mx\\\/index.php\\\/2024\\\/08\\\/24\\\/testigo-presencial-origino-la-primera-version-del-homicidio-de-cuen-aclara-encargado-de-la-fge\\\/\",\"url\":\"https:\\\/\\\/fuentesfidedignas.com.mx\\\/index.php\\\/2024\\\/08\\\/24\\\/testigo-presencial-origino-la-primera-version-del-homicidio-de-cuen-aclara-encargado-de-la-fge\\\/\",\"name\":\"Testigo presencial origin\u00f3 la primera versi\u00f3n del homicidio de Cu\u00e9n, aclara encargado de la FGE - Fuentes Fidedignas\",\"isPartOf\":{\"@id\":\"https:\\\/\\\/fuentesfidedignas.com.mx\\\/#website\"},\"primaryImageOfPage\":{\"@id\":\"https:\\\/\\\/fuentesfidedignas.com.mx\\\/index.php\\\/2024\\\/08\\\/24\\\/testigo-presencial-origino-la-primera-version-del-homicidio-de-cuen-aclara-encargado-de-la-fge\\\/#primaryimage\"},\"image\":{\"@id\":\"https:\\\/\\\/fuentesfidedignas.com.mx\\\/index.php\\\/2024\\\/08\\\/24\\\/testigo-presencial-origino-la-primera-version-del-homicidio-de-cuen-aclara-encargado-de-la-fge\\\/#primaryimage\"},\"thumbnailUrl\":\"https:\\\/\\\/fuentesfidedignas.com.mx\\\/wp-content\\\/uploads\\\/2024\\\/08\\\/cuen-fiscalia.jpg\",\"datePublished\":\"2024-08-24T15:54:22+00:00\",\"dateModified\":\"2024-08-24T15:54:56+00:00\",\"breadcrumb\":{\"@id\":\"https:\\\/\\\/fuentesfidedignas.com.mx\\\/index.php\\\/2024\\\/08\\\/24\\\/testigo-presencial-origino-la-primera-version-del-homicidio-de-cuen-aclara-encargado-de-la-fge\\\/#breadcrumb\"},\"inLanguage\":\"es\",\"potentialAction\":[{\"@type\":\"ReadAction\",\"target\":[\"https:\\\/\\\/fuentesfidedignas.com.mx\\\/index.php\\\/2024\\\/08\\\/24\\\/testigo-presencial-origino-la-primera-version-del-homicidio-de-cuen-aclara-encargado-de-la-fge\\\/\"]}]},{\"@type\":\"ImageObject\",\"inLanguage\":\"es\",\"@id\":\"https:\\\/\\\/fuentesfidedignas.com.mx\\\/index.php\\\/2024\\\/08\\\/24\\\/testigo-presencial-origino-la-primera-version-del-homicidio-de-cuen-aclara-encargado-de-la-fge\\\/#primaryimage\",\"url\":\"https:\\\/\\\/fuentesfidedignas.com.mx\\\/wp-content\\\/uploads\\\/2024\\\/08\\\/cuen-fiscalia.jpg\",\"contentUrl\":\"https:\\\/\\\/fuentesfidedignas.com.mx\\\/wp-content\\\/uploads\\\/2024\\\/08\\\/cuen-fiscalia.jpg\",\"width\":650,\"height\":406},{\"@type\":\"BreadcrumbList\",\"@id\":\"https:\\\/\\\/fuentesfidedignas.com.mx\\\/index.php\\\/2024\\\/08\\\/24\\\/testigo-presencial-origino-la-primera-version-del-homicidio-de-cuen-aclara-encargado-de-la-fge\\\/#breadcrumb\",\"itemListElement\":[{\"@type\":\"ListItem\",\"position\":1,\"name\":\"Inicio\",\"item\":\"https:\\\/\\\/fuentesfidedignas.com.mx\\\/\"},{\"@type\":\"ListItem\",\"position\":2,\"name\":\"Testigo presencial origin\u00f3 la primera versi\u00f3n del homicidio de Cu\u00e9n, aclara encargado de la FGE\"}]},{\"@type\":\"WebSite\",\"@id\":\"https:\\\/\\\/fuentesfidedignas.com.mx\\\/#website\",\"url\":\"https:\\\/\\\/fuentesfidedignas.com.mx\\\/\",\"name\":\"Fuentes Fidedignas\",\"description\":\"Otro sitio realizado con WordPress\",\"publisher\":{\"@id\":\"https:\\\/\\\/fuentesfidedignas.com.mx\\\/#organization\"},\"potentialAction\":[{\"@type\":\"SearchAction\",\"target\":{\"@type\":\"EntryPoint\",\"urlTemplate\":\"https:\\\/\\\/fuentesfidedignas.com.mx\\\/?s={search_term_string}\"},\"query-input\":{\"@type\":\"PropertyValueSpecification\",\"valueRequired\":true,\"valueName\":\"search_term_string\"}}],\"inLanguage\":\"es\"},{\"@type\":\"Organization\",\"@id\":\"https:\\\/\\\/fuentesfidedignas.com.mx\\\/#organization\",\"name\":\"Fuentes Fidedignas\",\"url\":\"https:\\\/\\\/fuentesfidedignas.com.mx\\\/\",\"logo\":{\"@type\":\"ImageObject\",\"inLanguage\":\"es\",\"@id\":\"https:\\\/\\\/fuentesfidedignas.com.mx\\\/#\\\/schema\\\/logo\\\/image\\\/\",\"url\":\"https:\\\/\\\/fuentesfidedignas.com.mx\\\/wp-content\\\/uploads\\\/2021\\\/04\\\/logo-retina.png\",\"contentUrl\":\"https:\\\/\\\/fuentesfidedignas.com.mx\\\/wp-content\\\/uploads\\\/2021\\\/04\\\/logo-retina.png\",\"width\":280,\"height\":51,\"caption\":\"Fuentes Fidedignas\"},\"image\":{\"@id\":\"https:\\\/\\\/fuentesfidedignas.com.mx\\\/#\\\/schema\\\/logo\\\/image\\\/\"},\"sameAs\":[\"https:\\\/\\\/www.facebook.com\\\/Fuentes-Fidedignas-368234489921644\",\"https:\\\/\\\/x.com\\\/fidedignas\"]},{\"@type\":\"Person\",\"@id\":\"https:\\\/\\\/fuentesfidedignas.com.mx\\\/#\\\/schema\\\/person\\\/47ec0135738f4b0c7495f06a77a2c976\",\"name\":\"Milenio\",\"image\":{\"@type\":\"ImageObject\",\"inLanguage\":\"es\",\"@id\":\"https:\\\/\\\/secure.gravatar.com\\\/avatar\\\/acabf7b54753e51c2c76457954577c236b3b764789b19879565769739d1e4a75?s=96&d=mm&r=g\",\"url\":\"https:\\\/\\\/secure.gravatar.com\\\/avatar\\\/acabf7b54753e51c2c76457954577c236b3b764789b19879565769739d1e4a75?s=96&d=mm&r=g\",\"contentUrl\":\"https:\\\/\\\/secure.gravatar.com\\\/avatar\\\/acabf7b54753e51c2c76457954577c236b3b764789b19879565769739d1e4a75?s=96&d=mm&r=g\",\"caption\":\"Milenio\"},\"url\":\"https:\\\/\\\/fuentesfidedignas.com.mx\\\/index.php\\\/author\\\/milenio\\\/\"}]}<\/script>\n<!-- \/ Yoast SEO plugin. -->","yoast_head_json":{"title":"Testigo presencial origin\u00f3 la primera versi\u00f3n del homicidio de Cu\u00e9n, aclara encargado de la FGE - Fuentes Fidedignas","robots":{"index":"index","follow":"follow","max-snippet":"max-snippet:-1","max-image-preview":"max-image-preview:large","max-video-preview":"max-video-preview:-1"},"canonical":"https:\/\/fuentesfidedignas.com.mx\/index.php\/2024\/08\/24\/testigo-presencial-origino-la-primera-version-del-homicidio-de-cuen-aclara-encargado-de-la-fge\/","og_locale":"es_MX","og_type":"article","og_title":"Testigo presencial origin\u00f3 la primera versi\u00f3n del homicidio de Cu\u00e9n, aclara encargado de la FGE - Fuentes Fidedignas","og_description":"D\u00e1maso Castro Saavedra, vicefiscal y actual encargado del despacho de la FGE, neg\u00f3 estar siendo investigado por la FGR. Culiac\u00e1n, Sin.- El vicefiscal general, encargado del despacho y aspirante a la titularidad de la Fiscal\u00eda de Sinaloa (FGE), D\u00e1maso Castro Saavedra, se enfrent\u00f3 a un interrogatorio durante su comparecencia ante el Consejo Estatal de Seguridad [&hellip;]","og_url":"https:\/\/fuentesfidedignas.com.mx\/index.php\/2024\/08\/24\/testigo-presencial-origino-la-primera-version-del-homicidio-de-cuen-aclara-encargado-de-la-fge\/","og_site_name":"Fuentes Fidedignas","article_publisher":"https:\/\/www.facebook.com\/Fuentes-Fidedignas-368234489921644","article_published_time":"2024-08-24T15:54:22+00:00","article_modified_time":"2024-08-24T15:54:56+00:00","og_image":[{"width":650,"height":406,"url":"https:\/\/fuentesfidedignas.com.mx\/wp-content\/uploads\/2024\/08\/cuen-fiscalia.jpg","type":"image\/jpeg"}],"author":"Milenio","twitter_card":"summary_large_image","twitter_creator":"@fidedignas","twitter_site":"@fidedignas","twitter_misc":{"Escrito por":"Milenio","Tiempo de lectura":"4 minutos"},"schema":{"@context":"https:\/\/schema.org","@graph":[{"@type":"Article","@id":"https:\/\/fuentesfidedignas.com.mx\/index.php\/2024\/08\/24\/testigo-presencial-origino-la-primera-version-del-homicidio-de-cuen-aclara-encargado-de-la-fge\/#article","isPartOf":{"@id":"https:\/\/fuentesfidedignas.com.mx\/index.php\/2024\/08\/24\/testigo-presencial-origino-la-primera-version-del-homicidio-de-cuen-aclara-encargado-de-la-fge\/"},"author":{"name":"Milenio","@id":"https:\/\/fuentesfidedignas.com.mx\/#\/schema\/person\/47ec0135738f4b0c7495f06a77a2c976"},"headline":"Testigo presencial origin\u00f3 la primera versi\u00f3n del homicidio de Cu\u00e9n, aclara encargado de la FGE","datePublished":"2024-08-24T15:54:22+00:00","dateModified":"2024-08-24T15:54:56+00:00","mainEntityOfPage":{"@id":"https:\/\/fuentesfidedignas.com.mx\/index.php\/2024\/08\/24\/testigo-presencial-origino-la-primera-version-del-homicidio-de-cuen-aclara-encargado-de-la-fge\/"},"wordCount":954,"commentCount":0,"publisher":{"@id":"https:\/\/fuentesfidedignas.com.mx\/#organization"},"image":{"@id":"https:\/\/fuentesfidedignas.com.mx\/index.php\/2024\/08\/24\/testigo-presencial-origino-la-primera-version-del-homicidio-de-cuen-aclara-encargado-de-la-fge\/#primaryimage"},"thumbnailUrl":"https:\/\/fuentesfidedignas.com.mx\/wp-content\/uploads\/2024\/08\/cuen-fiscalia.jpg","articleSection":["NOTA PRINCIPAL"],"inLanguage":"es","potentialAction":[{"@type":"CommentAction","name":"Comment","target":["https:\/\/fuentesfidedignas.com.mx\/index.php\/2024\/08\/24\/testigo-presencial-origino-la-primera-version-del-homicidio-de-cuen-aclara-encargado-de-la-fge\/#respond"]}]},{"@type":"WebPage","@id":"https:\/\/fuentesfidedignas.com.mx\/index.php\/2024\/08\/24\/testigo-presencial-origino-la-primera-version-del-homicidio-de-cuen-aclara-encargado-de-la-fge\/","url":"https:\/\/fuentesfidedignas.com.mx\/index.php\/2024\/08\/24\/testigo-presencial-origino-la-primera-version-del-homicidio-de-cuen-aclara-encargado-de-la-fge\/","name":"Testigo presencial origin\u00f3 la primera versi\u00f3n del homicidio de Cu\u00e9n, aclara encargado de la FGE - Fuentes Fidedignas","isPartOf":{"@id":"https:\/\/fuentesfidedignas.com.mx\/#website"},"primaryImageOfPage":{"@id":"https:\/\/fuentesfidedignas.com.mx\/index.php\/2024\/08\/24\/testigo-presencial-origino-la-primera-version-del-homicidio-de-cuen-aclara-encargado-de-la-fge\/#primaryimage"},"image":{"@id":"https:\/\/fuentesfidedignas.com.mx\/index.php\/2024\/08\/24\/testigo-presencial-origino-la-primera-version-del-homicidio-de-cuen-aclara-encargado-de-la-fge\/#primaryimage"},"thumbnailUrl":"https:\/\/fuentesfidedignas.com.mx\/wp-content\/uploads\/2024\/08\/cuen-fiscalia.jpg","datePublished":"2024-08-24T15:54:22+00:00","dateModified":"2024-08-24T15:54:56+00:00","breadcrumb":{"@id":"https:\/\/fuentesfidedignas.com.mx\/index.php\/2024\/08\/24\/testigo-presencial-origino-la-primera-version-del-homicidio-de-cuen-aclara-encargado-de-la-fge\/#breadcrumb"},"inLanguage":"es","potentialAction":[{"@type":"ReadAction","target":["https:\/\/fuentesfidedignas.com.mx\/index.php\/2024\/08\/24\/testigo-presencial-origino-la-primera-version-del-homicidio-de-cuen-aclara-encargado-de-la-fge\/"]}]},{"@type":"ImageObject","inLanguage":"es","@id":"https:\/\/fuentesfidedignas.com.mx\/index.php\/2024\/08\/24\/testigo-presencial-origino-la-primera-version-del-homicidio-de-cuen-aclara-encargado-de-la-fge\/#primaryimage","url":"https:\/\/fuentesfidedignas.com.mx\/wp-content\/uploads\/2024\/08\/cuen-fiscalia.jpg","contentUrl":"https:\/\/fuentesfidedignas.com.mx\/wp-content\/uploads\/2024\/08\/cuen-fiscalia.jpg","width":650,"height":406},{"@type":"BreadcrumbList","@id":"https:\/\/fuentesfidedignas.com.mx\/index.php\/2024\/08\/24\/testigo-presencial-origino-la-primera-version-del-homicidio-de-cuen-aclara-encargado-de-la-fge\/#breadcrumb","itemListElement":[{"@type":"ListItem","position":1,"name":"Inicio","item":"https:\/\/fuentesfidedignas.com.mx\/"},{"@type":"ListItem","position":2,"name":"Testigo presencial origin\u00f3 la primera versi\u00f3n del homicidio de Cu\u00e9n, aclara encargado de la FGE"}]},{"@type":"WebSite","@id":"https:\/\/fuentesfidedignas.com.mx\/#website","url":"https:\/\/fuentesfidedignas.com.mx\/","name":"Fuentes Fidedignas","description":"Otro sitio realizado con WordPress","publisher":{"@id":"https:\/\/fuentesfidedignas.com.mx\/#organization"},"potentialAction":[{"@type":"SearchAction","target":{"@type":"EntryPoint","urlTemplate":"https:\/\/fuentesfidedignas.com.mx\/?s={search_term_string}"},"query-input":{"@type":"PropertyValueSpecification","valueRequired":true,"valueName":"search_term_string"}}],"inLanguage":"es"},{"@type":"Organization","@id":"https:\/\/fuentesfidedignas.com.mx\/#organization","name":"Fuentes Fidedignas","url":"https:\/\/fuentesfidedignas.com.mx\/","logo":{"@type":"ImageObject","inLanguage":"es","@id":"https:\/\/fuentesfidedignas.com.mx\/#\/schema\/logo\/image\/","url":"https:\/\/fuentesfidedignas.com.mx\/wp-content\/uploads\/2021\/04\/logo-retina.png","contentUrl":"https:\/\/fuentesfidedignas.com.mx\/wp-content\/uploads\/2021\/04\/logo-retina.png","width":280,"height":51,"caption":"Fuentes Fidedignas"},"image":{"@id":"https:\/\/fuentesfidedignas.com.mx\/#\/schema\/logo\/image\/"},"sameAs":["https:\/\/www.facebook.com\/Fuentes-Fidedignas-368234489921644","https:\/\/x.com\/fidedignas"]},{"@type":"Person","@id":"https:\/\/fuentesfidedignas.com.mx\/#\/schema\/person\/47ec0135738f4b0c7495f06a77a2c976","name":"Milenio","image":{"@type":"ImageObject","inLanguage":"es","@id":"https:\/\/secure.gravatar.com\/avatar\/acabf7b54753e51c2c76457954577c236b3b764789b19879565769739d1e4a75?s=96&d=mm&r=g","url":"https:\/\/secure.gravatar.com\/avatar\/acabf7b54753e51c2c76457954577c236b3b764789b19879565769739d1e4a75?s=96&d=mm&r=g","contentUrl":"https:\/\/secure.gravatar.com\/avatar\/acabf7b54753e51c2c76457954577c236b3b764789b19879565769739d1e4a75?s=96&d=mm&r=g","caption":"Milenio"},"url":"https:\/\/fuentesfidedignas.com.mx\/index.php\/author\/milenio\/"}]}},"_links":{"self":[{"href":"https:\/\/fuentesfidedignas.com.mx\/index.php\/wp-json\/wp\/v2\/posts\/89483","targetHints":{"allow":["GET"]}}],"collection":[{"href":"https:\/\/fuentesfidedignas.com.mx\/index.php\/wp-json\/wp\/v2\/posts"}],"about":[{"href":"https:\/\/fuentesfidedignas.com.mx\/index.php\/wp-json\/wp\/v2\/types\/post"}],"author":[{"embeddable":true,"href":"https:\/\/fuentesfidedignas.com.mx\/index.php\/wp-json\/wp\/v2\/users\/9"}],"replies":[{"embeddable":true,"href":"https:\/\/fuentesfidedignas.com.mx\/index.php\/wp-json\/wp\/v2\/comments?post=89483"}],"version-history":[{"count":2,"href":"https:\/\/fuentesfidedignas.com.mx\/index.php\/wp-json\/wp\/v2\/posts\/89483\/revisions"}],"predecessor-version":[{"id":89486,"href":"https:\/\/fuentesfidedignas.com.mx\/index.php\/wp-json\/wp\/v2\/posts\/89483\/revisions\/89486"}],"wp:featuredmedia":[{"embeddable":true,"href":"https:\/\/fuentesfidedignas.com.mx\/index.php\/wp-json\/wp\/v2\/media\/89484"}],"wp:attachment":[{"href":"https:\/\/fuentesfidedignas.com.mx\/index.php\/wp-json\/wp\/v2\/media?parent=89483"}],"wp:term":[{"taxonomy":"category","embeddable":true,"href":"https:\/\/fuentesfidedignas.com.mx\/index.php\/wp-json\/wp\/v2\/categories?post=89483"},{"taxonomy":"post_tag","embeddable":true,"href":"https:\/\/fuentesfidedignas.com.mx\/index.php\/wp-json\/wp\/v2\/tags?post=89483"}],"curies":[{"name":"wp","href":"https:\/\/api.w.org\/{rel}","templated":true}]}}