{"id":89450,"date":"2024-08-23T17:09:21","date_gmt":"2024-08-24T00:09:21","guid":{"rendered":"https:\/\/fuentesfidedignas.com.mx\/?p=89450"},"modified":"2024-08-23T17:09:27","modified_gmt":"2024-08-24T00:09:27","slug":"avanza-en-comision-de-camara-de-diputados-eliminacion-de-organos-autonomos","status":"publish","type":"post","link":"https:\/\/fuentesfidedignas.com.mx\/index.php\/2024\/08\/23\/avanza-en-comision-de-camara-de-diputados-eliminacion-de-organos-autonomos\/","title":{"rendered":"Avanza en comisi\u00f3n de C\u00e1mara de Diputados eliminaci\u00f3n de \u00f3rganos aut\u00f3nomos"},"content":{"rendered":"\n<p><strong><em>El dictamen que elimina a \u00f3rganos aut\u00f3nomos fue aprobado este viernes con 22 votos a favor, 17 en contra y cero abstenciones<\/em><\/strong><\/p>\n\n\n\n<p>La Comisi\u00f3n de Puntos Constitucionales en la C\u00e1mara de Diputados aprob\u00f3 en lo general la eliminaci\u00f3n de \u00f3rganos aut\u00f3nomos.<\/p>\n\n\n\n<figure class=\"wp-block-embed is-type-video is-provider-youtube wp-block-embed-youtube wp-embed-aspect-16-9 wp-has-aspect-ratio\"><div class=\"wp-block-embed__wrapper\">\n<iframe loading=\"lazy\" title=\"EN VIVO \/ Reuni\u00f3n Ordinaria de la Comisi\u00f3n de Puntos Constitucionales\" width=\"696\" height=\"392\" src=\"https:\/\/www.youtube.com\/embed\/jdZX88bA2dg?feature=oembed\" frameborder=\"0\" allow=\"accelerometer; autoplay; clipboard-write; encrypted-media; gyroscope; picture-in-picture; web-share\" referrerpolicy=\"strict-origin-when-cross-origin\" allowfullscreen><\/iframe>\n<\/div><\/figure>\n\n\n\n<p>En sesi\u00f3n este viernes, dicho dictamen fue aprobado con 22 votos a favor, 17 en contra y cero abstenciones.<\/p>\n\n\n\n<p>Ahora, los diputados llevar\u00e1n a cabo la discusi\u00f3n en lo particular, en donde se discutir\u00e1n 57 reservas en las pr\u00f3ximas horas.<\/p>\n\n\n\n<p>Este proyecto forma parte del Plan C enviado por el presidente Andr\u00e9s Manuel L\u00f3pez Obrador en febrero pasado.<\/p>\n\n\n\n<p>Entre los \u00f3rganos aut\u00f3nomos que ser\u00e1n eliminados ser\u00edan el Instituto Federal de Telecomunicaciones (IFT),Instituto Nacional de Transparencia y Acceso a la Informaci\u00f3n (INAI) y organismos estatales, Comisi\u00f3n Federal de Competencia Econ\u00f3mica (Cofece), Comisi\u00f3n Reguladora de Energ\u00eda (CRE), Comisi\u00f3n Nacional de Hidrocarburos (CNH), entre otros.<\/p>\n\n\n\n<p>Tambi\u00e9n se prev\u00e9 la eliminaci\u00f3n de Comisi\u00f3n Nacional para la Mejora Continua de la Educaci\u00f3n (Mejoredu), Consejo Nacional de Evaluaci\u00f3n de la Pol\u00edtica de Desarrollo Social (Coneval) y el Sistema Nacional de Mejora Continua de la Educaci\u00f3n.<\/p>\n","protected":false},"excerpt":{"rendered":"<p>El dictamen que elimina a \u00f3rganos aut\u00f3nomos fue aprobado este viernes con 22 votos a favor, 17 en contra y cero abstenciones La Comisi\u00f3n de Puntos Constitucionales en la C\u00e1mara de Diputados aprob\u00f3 en lo general la eliminaci\u00f3n de \u00f3rganos aut\u00f3nomos. En sesi\u00f3n este viernes, dicho dictamen fue aprobado con 22 votos a favor, 17 [&hellip;]<\/p>\n","protected":false},"author":47,"featured_media":64512,"comment_status":"open","ping_status":"open","sticky":false,"template":"","format":"standard","meta":{"tdm_status":"","tdm_grid_status":"","footnotes":""},"categories":[39],"tags":[],"class_list":{"0":"post-89450","1":"post","2":"type-post","3":"status-publish","4":"format-standard","5":"has-post-thumbnail","7":"category-noticias-nacionales"},"yoast_head":"<!-- This site is optimized with the Yoast SEO plugin v27.5 - https:\/\/yoast.com\/product\/yoast-seo-wordpress\/ -->\n<title>Avanza en comisi\u00f3n de C\u00e1mara de Diputados eliminaci\u00f3n de \u00f3rganos aut\u00f3nomos - Fuentes Fidedignas<\/title>\n<meta name=\"robots\" content=\"index, follow, max-snippet:-1, max-image-preview:large, max-video-preview:-1\" \/>\n<link rel=\"canonical\" href=\"https:\/\/fuentesfidedignas.com.mx\/index.php\/2024\/08\/23\/avanza-en-comision-de-camara-de-diputados-eliminacion-de-organos-autonomos\/\" \/>\n<meta property=\"og:locale\" content=\"es_MX\" \/>\n<meta property=\"og:type\" content=\"article\" \/>\n<meta property=\"og:title\" content=\"Avanza en comisi\u00f3n de C\u00e1mara de Diputados eliminaci\u00f3n de \u00f3rganos aut\u00f3nomos - Fuentes Fidedignas\" \/>\n<meta property=\"og:description\" content=\"El dictamen que elimina a \u00f3rganos aut\u00f3nomos fue aprobado este viernes con 22 votos a favor, 17 en contra y cero abstenciones La Comisi\u00f3n de Puntos Constitucionales en la C\u00e1mara de Diputados aprob\u00f3 en lo general la eliminaci\u00f3n de \u00f3rganos aut\u00f3nomos. En sesi\u00f3n este viernes, dicho dictamen fue aprobado con 22 votos a favor, 17 [&hellip;]\" \/>\n<meta property=\"og:url\" content=\"https:\/\/fuentesfidedignas.com.mx\/index.php\/2024\/08\/23\/avanza-en-comision-de-camara-de-diputados-eliminacion-de-organos-autonomos\/\" \/>\n<meta property=\"og:site_name\" content=\"Fuentes Fidedignas\" \/>\n<meta property=\"article:publisher\" content=\"https:\/\/www.facebook.com\/Fuentes-Fidedignas-368234489921644\" \/>\n<meta property=\"article:published_time\" content=\"2024-08-24T00:09:21+00:00\" \/>\n<meta property=\"article:modified_time\" content=\"2024-08-24T00:09:27+00:00\" \/>\n<meta property=\"og:image\" content=\"https:\/\/fuentesfidedignas.com.mx\/wp-content\/uploads\/2023\/11\/pleno-de-la-camara-de-diputados.jpeg\" \/>\n\t<meta property=\"og:image:width\" content=\"1024\" \/>\n\t<meta property=\"og:image:height\" content=\"682\" \/>\n\t<meta property=\"og:image:type\" content=\"image\/jpeg\" \/>\n<meta name=\"author\" content=\"L\u00f3pez D\u00f3riga\" \/>\n<meta name=\"twitter:card\" content=\"summary_large_image\" \/>\n<meta name=\"twitter:creator\" content=\"@fidedignas\" \/>\n<meta name=\"twitter:site\" content=\"@fidedignas\" \/>\n<meta name=\"twitter:label1\" content=\"Escrito por\" \/>\n\t<meta name=\"twitter:data1\" content=\"L\u00f3pez D\u00f3riga\" \/>\n\t<meta name=\"twitter:label2\" content=\"Tiempo de lectura\" \/>\n\t<meta name=\"twitter:data2\" content=\"2 minutos\" \/>\n<script type=\"application\/ld+json\" class=\"yoast-schema-graph\">{\"@context\":\"https:\\\/\\\/schema.org\",\"@graph\":[{\"@type\":\"Article\",\"@id\":\"https:\\\/\\\/fuentesfidedignas.com.mx\\\/index.php\\\/2024\\\/08\\\/23\\\/avanza-en-comision-de-camara-de-diputados-eliminacion-de-organos-autonomos\\\/#article\",\"isPartOf\":{\"@id\":\"https:\\\/\\\/fuentesfidedignas.com.mx\\\/index.php\\\/2024\\\/08\\\/23\\\/avanza-en-comision-de-camara-de-diputados-eliminacion-de-organos-autonomos\\\/\"},\"author\":{\"name\":\"L\u00f3pez D\u00f3riga\",\"@id\":\"https:\\\/\\\/fuentesfidedignas.com.mx\\\/#\\\/schema\\\/person\\\/67d852f0557c8509146a4b9ddebd543a\"},\"headline\":\"Avanza en comisi\u00f3n de C\u00e1mara de Diputados eliminaci\u00f3n de \u00f3rganos aut\u00f3nomos\",\"datePublished\":\"2024-08-24T00:09:21+00:00\",\"dateModified\":\"2024-08-24T00:09:27+00:00\",\"mainEntityOfPage\":{\"@id\":\"https:\\\/\\\/fuentesfidedignas.com.mx\\\/index.php\\\/2024\\\/08\\\/23\\\/avanza-en-comision-de-camara-de-diputados-eliminacion-de-organos-autonomos\\\/\"},\"wordCount\":225,\"commentCount\":0,\"publisher\":{\"@id\":\"https:\\\/\\\/fuentesfidedignas.com.mx\\\/#organization\"},\"image\":{\"@id\":\"https:\\\/\\\/fuentesfidedignas.com.mx\\\/index.php\\\/2024\\\/08\\\/23\\\/avanza-en-comision-de-camara-de-diputados-eliminacion-de-organos-autonomos\\\/#primaryimage\"},\"thumbnailUrl\":\"https:\\\/\\\/fuentesfidedignas.com.mx\\\/wp-content\\\/uploads\\\/2023\\\/11\\\/pleno-de-la-camara-de-diputados.jpeg\",\"articleSection\":[\"NOTICIAS NACIONALES\"],\"inLanguage\":\"es\",\"potentialAction\":[{\"@type\":\"CommentAction\",\"name\":\"Comment\",\"target\":[\"https:\\\/\\\/fuentesfidedignas.com.mx\\\/index.php\\\/2024\\\/08\\\/23\\\/avanza-en-comision-de-camara-de-diputados-eliminacion-de-organos-autonomos\\\/#respond\"]}]},{\"@type\":\"WebPage\",\"@id\":\"https:\\\/\\\/fuentesfidedignas.com.mx\\\/index.php\\\/2024\\\/08\\\/23\\\/avanza-en-comision-de-camara-de-diputados-eliminacion-de-organos-autonomos\\\/\",\"url\":\"https:\\\/\\\/fuentesfidedignas.com.mx\\\/index.php\\\/2024\\\/08\\\/23\\\/avanza-en-comision-de-camara-de-diputados-eliminacion-de-organos-autonomos\\\/\",\"name\":\"Avanza en comisi\u00f3n de C\u00e1mara de Diputados eliminaci\u00f3n de \u00f3rganos aut\u00f3nomos - Fuentes Fidedignas\",\"isPartOf\":{\"@id\":\"https:\\\/\\\/fuentesfidedignas.com.mx\\\/#website\"},\"primaryImageOfPage\":{\"@id\":\"https:\\\/\\\/fuentesfidedignas.com.mx\\\/index.php\\\/2024\\\/08\\\/23\\\/avanza-en-comision-de-camara-de-diputados-eliminacion-de-organos-autonomos\\\/#primaryimage\"},\"image\":{\"@id\":\"https:\\\/\\\/fuentesfidedignas.com.mx\\\/index.php\\\/2024\\\/08\\\/23\\\/avanza-en-comision-de-camara-de-diputados-eliminacion-de-organos-autonomos\\\/#primaryimage\"},\"thumbnailUrl\":\"https:\\\/\\\/fuentesfidedignas.com.mx\\\/wp-content\\\/uploads\\\/2023\\\/11\\\/pleno-de-la-camara-de-diputados.jpeg\",\"datePublished\":\"2024-08-24T00:09:21+00:00\",\"dateModified\":\"2024-08-24T00:09:27+00:00\",\"breadcrumb\":{\"@id\":\"https:\\\/\\\/fuentesfidedignas.com.mx\\\/index.php\\\/2024\\\/08\\\/23\\\/avanza-en-comision-de-camara-de-diputados-eliminacion-de-organos-autonomos\\\/#breadcrumb\"},\"inLanguage\":\"es\",\"potentialAction\":[{\"@type\":\"ReadAction\",\"target\":[\"https:\\\/\\\/fuentesfidedignas.com.mx\\\/index.php\\\/2024\\\/08\\\/23\\\/avanza-en-comision-de-camara-de-diputados-eliminacion-de-organos-autonomos\\\/\"]}]},{\"@type\":\"ImageObject\",\"inLanguage\":\"es\",\"@id\":\"https:\\\/\\\/fuentesfidedignas.com.mx\\\/index.php\\\/2024\\\/08\\\/23\\\/avanza-en-comision-de-camara-de-diputados-eliminacion-de-organos-autonomos\\\/#primaryimage\",\"url\":\"https:\\\/\\\/fuentesfidedignas.com.mx\\\/wp-content\\\/uploads\\\/2023\\\/11\\\/pleno-de-la-camara-de-diputados.jpeg\",\"contentUrl\":\"https:\\\/\\\/fuentesfidedignas.com.mx\\\/wp-content\\\/uploads\\\/2023\\\/11\\\/pleno-de-la-camara-de-diputados.jpeg\",\"width\":1024,\"height\":682},{\"@type\":\"BreadcrumbList\",\"@id\":\"https:\\\/\\\/fuentesfidedignas.com.mx\\\/index.php\\\/2024\\\/08\\\/23\\\/avanza-en-comision-de-camara-de-diputados-eliminacion-de-organos-autonomos\\\/#breadcrumb\",\"itemListElement\":[{\"@type\":\"ListItem\",\"position\":1,\"name\":\"Inicio\",\"item\":\"https:\\\/\\\/fuentesfidedignas.com.mx\\\/\"},{\"@type\":\"ListItem\",\"position\":2,\"name\":\"Avanza en comisi\u00f3n de C\u00e1mara de Diputados eliminaci\u00f3n de \u00f3rganos aut\u00f3nomos\"}]},{\"@type\":\"WebSite\",\"@id\":\"https:\\\/\\\/fuentesfidedignas.com.mx\\\/#website\",\"url\":\"https:\\\/\\\/fuentesfidedignas.com.mx\\\/\",\"name\":\"Fuentes Fidedignas\",\"description\":\"Otro sitio realizado con WordPress\",\"publisher\":{\"@id\":\"https:\\\/\\\/fuentesfidedignas.com.mx\\\/#organization\"},\"potentialAction\":[{\"@type\":\"SearchAction\",\"target\":{\"@type\":\"EntryPoint\",\"urlTemplate\":\"https:\\\/\\\/fuentesfidedignas.com.mx\\\/?s={search_term_string}\"},\"query-input\":{\"@type\":\"PropertyValueSpecification\",\"valueRequired\":true,\"valueName\":\"search_term_string\"}}],\"inLanguage\":\"es\"},{\"@type\":\"Organization\",\"@id\":\"https:\\\/\\\/fuentesfidedignas.com.mx\\\/#organization\",\"name\":\"Fuentes Fidedignas\",\"url\":\"https:\\\/\\\/fuentesfidedignas.com.mx\\\/\",\"logo\":{\"@type\":\"ImageObject\",\"inLanguage\":\"es\",\"@id\":\"https:\\\/\\\/fuentesfidedignas.com.mx\\\/#\\\/schema\\\/logo\\\/image\\\/\",\"url\":\"https:\\\/\\\/fuentesfidedignas.com.mx\\\/wp-content\\\/uploads\\\/2021\\\/04\\\/logo-retina.png\",\"contentUrl\":\"https:\\\/\\\/fuentesfidedignas.com.mx\\\/wp-content\\\/uploads\\\/2021\\\/04\\\/logo-retina.png\",\"width\":280,\"height\":51,\"caption\":\"Fuentes Fidedignas\"},\"image\":{\"@id\":\"https:\\\/\\\/fuentesfidedignas.com.mx\\\/#\\\/schema\\\/logo\\\/image\\\/\"},\"sameAs\":[\"https:\\\/\\\/www.facebook.com\\\/Fuentes-Fidedignas-368234489921644\",\"https:\\\/\\\/x.com\\\/fidedignas\"]},{\"@type\":\"Person\",\"@id\":\"https:\\\/\\\/fuentesfidedignas.com.mx\\\/#\\\/schema\\\/person\\\/67d852f0557c8509146a4b9ddebd543a\",\"name\":\"L\u00f3pez D\u00f3riga\",\"image\":{\"@type\":\"ImageObject\",\"inLanguage\":\"es\",\"@id\":\"https:\\\/\\\/secure.gravatar.com\\\/avatar\\\/e525b06574ca18b33cded59dfe5778d6c823b9513154eff47da551b0551bdd1e?s=96&d=mm&r=g\",\"url\":\"https:\\\/\\\/secure.gravatar.com\\\/avatar\\\/e525b06574ca18b33cded59dfe5778d6c823b9513154eff47da551b0551bdd1e?s=96&d=mm&r=g\",\"contentUrl\":\"https:\\\/\\\/secure.gravatar.com\\\/avatar\\\/e525b06574ca18b33cded59dfe5778d6c823b9513154eff47da551b0551bdd1e?s=96&d=mm&r=g\",\"caption\":\"L\u00f3pez D\u00f3riga\"},\"url\":\"https:\\\/\\\/fuentesfidedignas.com.mx\\\/index.php\\\/author\\\/doriga\\\/\"}]}<\/script>\n<!-- \/ Yoast SEO plugin. -->","yoast_head_json":{"title":"Avanza en comisi\u00f3n de C\u00e1mara de Diputados eliminaci\u00f3n de \u00f3rganos aut\u00f3nomos - Fuentes Fidedignas","robots":{"index":"index","follow":"follow","max-snippet":"max-snippet:-1","max-image-preview":"max-image-preview:large","max-video-preview":"max-video-preview:-1"},"canonical":"https:\/\/fuentesfidedignas.com.mx\/index.php\/2024\/08\/23\/avanza-en-comision-de-camara-de-diputados-eliminacion-de-organos-autonomos\/","og_locale":"es_MX","og_type":"article","og_title":"Avanza en comisi\u00f3n de C\u00e1mara de Diputados eliminaci\u00f3n de \u00f3rganos aut\u00f3nomos - Fuentes Fidedignas","og_description":"El dictamen que elimina a \u00f3rganos aut\u00f3nomos fue aprobado este viernes con 22 votos a favor, 17 en contra y cero abstenciones La Comisi\u00f3n de Puntos Constitucionales en la C\u00e1mara de Diputados aprob\u00f3 en lo general la eliminaci\u00f3n de \u00f3rganos aut\u00f3nomos. En sesi\u00f3n este viernes, dicho dictamen fue aprobado con 22 votos a favor, 17 [&hellip;]","og_url":"https:\/\/fuentesfidedignas.com.mx\/index.php\/2024\/08\/23\/avanza-en-comision-de-camara-de-diputados-eliminacion-de-organos-autonomos\/","og_site_name":"Fuentes Fidedignas","article_publisher":"https:\/\/www.facebook.com\/Fuentes-Fidedignas-368234489921644","article_published_time":"2024-08-24T00:09:21+00:00","article_modified_time":"2024-08-24T00:09:27+00:00","og_image":[{"width":1024,"height":682,"url":"https:\/\/fuentesfidedignas.com.mx\/wp-content\/uploads\/2023\/11\/pleno-de-la-camara-de-diputados.jpeg","type":"image\/jpeg"}],"author":"L\u00f3pez D\u00f3riga","twitter_card":"summary_large_image","twitter_creator":"@fidedignas","twitter_site":"@fidedignas","twitter_misc":{"Escrito por":"L\u00f3pez D\u00f3riga","Tiempo de lectura":"2 minutos"},"schema":{"@context":"https:\/\/schema.org","@graph":[{"@type":"Article","@id":"https:\/\/fuentesfidedignas.com.mx\/index.php\/2024\/08\/23\/avanza-en-comision-de-camara-de-diputados-eliminacion-de-organos-autonomos\/#article","isPartOf":{"@id":"https:\/\/fuentesfidedignas.com.mx\/index.php\/2024\/08\/23\/avanza-en-comision-de-camara-de-diputados-eliminacion-de-organos-autonomos\/"},"author":{"name":"L\u00f3pez D\u00f3riga","@id":"https:\/\/fuentesfidedignas.com.mx\/#\/schema\/person\/67d852f0557c8509146a4b9ddebd543a"},"headline":"Avanza en comisi\u00f3n de C\u00e1mara de Diputados eliminaci\u00f3n de \u00f3rganos aut\u00f3nomos","datePublished":"2024-08-24T00:09:21+00:00","dateModified":"2024-08-24T00:09:27+00:00","mainEntityOfPage":{"@id":"https:\/\/fuentesfidedignas.com.mx\/index.php\/2024\/08\/23\/avanza-en-comision-de-camara-de-diputados-eliminacion-de-organos-autonomos\/"},"wordCount":225,"commentCount":0,"publisher":{"@id":"https:\/\/fuentesfidedignas.com.mx\/#organization"},"image":{"@id":"https:\/\/fuentesfidedignas.com.mx\/index.php\/2024\/08\/23\/avanza-en-comision-de-camara-de-diputados-eliminacion-de-organos-autonomos\/#primaryimage"},"thumbnailUrl":"https:\/\/fuentesfidedignas.com.mx\/wp-content\/uploads\/2023\/11\/pleno-de-la-camara-de-diputados.jpeg","articleSection":["NOTICIAS NACIONALES"],"inLanguage":"es","potentialAction":[{"@type":"CommentAction","name":"Comment","target":["https:\/\/fuentesfidedignas.com.mx\/index.php\/2024\/08\/23\/avanza-en-comision-de-camara-de-diputados-eliminacion-de-organos-autonomos\/#respond"]}]},{"@type":"WebPage","@id":"https:\/\/fuentesfidedignas.com.mx\/index.php\/2024\/08\/23\/avanza-en-comision-de-camara-de-diputados-eliminacion-de-organos-autonomos\/","url":"https:\/\/fuentesfidedignas.com.mx\/index.php\/2024\/08\/23\/avanza-en-comision-de-camara-de-diputados-eliminacion-de-organos-autonomos\/","name":"Avanza en comisi\u00f3n de C\u00e1mara de Diputados eliminaci\u00f3n de \u00f3rganos aut\u00f3nomos - Fuentes Fidedignas","isPartOf":{"@id":"https:\/\/fuentesfidedignas.com.mx\/#website"},"primaryImageOfPage":{"@id":"https:\/\/fuentesfidedignas.com.mx\/index.php\/2024\/08\/23\/avanza-en-comision-de-camara-de-diputados-eliminacion-de-organos-autonomos\/#primaryimage"},"image":{"@id":"https:\/\/fuentesfidedignas.com.mx\/index.php\/2024\/08\/23\/avanza-en-comision-de-camara-de-diputados-eliminacion-de-organos-autonomos\/#primaryimage"},"thumbnailUrl":"https:\/\/fuentesfidedignas.com.mx\/wp-content\/uploads\/2023\/11\/pleno-de-la-camara-de-diputados.jpeg","datePublished":"2024-08-24T00:09:21+00:00","dateModified":"2024-08-24T00:09:27+00:00","breadcrumb":{"@id":"https:\/\/fuentesfidedignas.com.mx\/index.php\/2024\/08\/23\/avanza-en-comision-de-camara-de-diputados-eliminacion-de-organos-autonomos\/#breadcrumb"},"inLanguage":"es","potentialAction":[{"@type":"ReadAction","target":["https:\/\/fuentesfidedignas.com.mx\/index.php\/2024\/08\/23\/avanza-en-comision-de-camara-de-diputados-eliminacion-de-organos-autonomos\/"]}]},{"@type":"ImageObject","inLanguage":"es","@id":"https:\/\/fuentesfidedignas.com.mx\/index.php\/2024\/08\/23\/avanza-en-comision-de-camara-de-diputados-eliminacion-de-organos-autonomos\/#primaryimage","url":"https:\/\/fuentesfidedignas.com.mx\/wp-content\/uploads\/2023\/11\/pleno-de-la-camara-de-diputados.jpeg","contentUrl":"https:\/\/fuentesfidedignas.com.mx\/wp-content\/uploads\/2023\/11\/pleno-de-la-camara-de-diputados.jpeg","width":1024,"height":682},{"@type":"BreadcrumbList","@id":"https:\/\/fuentesfidedignas.com.mx\/index.php\/2024\/08\/23\/avanza-en-comision-de-camara-de-diputados-eliminacion-de-organos-autonomos\/#breadcrumb","itemListElement":[{"@type":"ListItem","position":1,"name":"Inicio","item":"https:\/\/fuentesfidedignas.com.mx\/"},{"@type":"ListItem","position":2,"name":"Avanza en comisi\u00f3n de C\u00e1mara de Diputados eliminaci\u00f3n de \u00f3rganos aut\u00f3nomos"}]},{"@type":"WebSite","@id":"https:\/\/fuentesfidedignas.com.mx\/#website","url":"https:\/\/fuentesfidedignas.com.mx\/","name":"Fuentes Fidedignas","description":"Otro sitio realizado con WordPress","publisher":{"@id":"https:\/\/fuentesfidedignas.com.mx\/#organization"},"potentialAction":[{"@type":"SearchAction","target":{"@type":"EntryPoint","urlTemplate":"https:\/\/fuentesfidedignas.com.mx\/?s={search_term_string}"},"query-input":{"@type":"PropertyValueSpecification","valueRequired":true,"valueName":"search_term_string"}}],"inLanguage":"es"},{"@type":"Organization","@id":"https:\/\/fuentesfidedignas.com.mx\/#organization","name":"Fuentes Fidedignas","url":"https:\/\/fuentesfidedignas.com.mx\/","logo":{"@type":"ImageObject","inLanguage":"es","@id":"https:\/\/fuentesfidedignas.com.mx\/#\/schema\/logo\/image\/","url":"https:\/\/fuentesfidedignas.com.mx\/wp-content\/uploads\/2021\/04\/logo-retina.png","contentUrl":"https:\/\/fuentesfidedignas.com.mx\/wp-content\/uploads\/2021\/04\/logo-retina.png","width":280,"height":51,"caption":"Fuentes Fidedignas"},"image":{"@id":"https:\/\/fuentesfidedignas.com.mx\/#\/schema\/logo\/image\/"},"sameAs":["https:\/\/www.facebook.com\/Fuentes-Fidedignas-368234489921644","https:\/\/x.com\/fidedignas"]},{"@type":"Person","@id":"https:\/\/fuentesfidedignas.com.mx\/#\/schema\/person\/67d852f0557c8509146a4b9ddebd543a","name":"L\u00f3pez D\u00f3riga","image":{"@type":"ImageObject","inLanguage":"es","@id":"https:\/\/secure.gravatar.com\/avatar\/e525b06574ca18b33cded59dfe5778d6c823b9513154eff47da551b0551bdd1e?s=96&d=mm&r=g","url":"https:\/\/secure.gravatar.com\/avatar\/e525b06574ca18b33cded59dfe5778d6c823b9513154eff47da551b0551bdd1e?s=96&d=mm&r=g","contentUrl":"https:\/\/secure.gravatar.com\/avatar\/e525b06574ca18b33cded59dfe5778d6c823b9513154eff47da551b0551bdd1e?s=96&d=mm&r=g","caption":"L\u00f3pez D\u00f3riga"},"url":"https:\/\/fuentesfidedignas.com.mx\/index.php\/author\/doriga\/"}]}},"_links":{"self":[{"href":"https:\/\/fuentesfidedignas.com.mx\/index.php\/wp-json\/wp\/v2\/posts\/89450","targetHints":{"allow":["GET"]}}],"collection":[{"href":"https:\/\/fuentesfidedignas.com.mx\/index.php\/wp-json\/wp\/v2\/posts"}],"about":[{"href":"https:\/\/fuentesfidedignas.com.mx\/index.php\/wp-json\/wp\/v2\/types\/post"}],"author":[{"embeddable":true,"href":"https:\/\/fuentesfidedignas.com.mx\/index.php\/wp-json\/wp\/v2\/users\/47"}],"replies":[{"embeddable":true,"href":"https:\/\/fuentesfidedignas.com.mx\/index.php\/wp-json\/wp\/v2\/comments?post=89450"}],"version-history":[{"count":1,"href":"https:\/\/fuentesfidedignas.com.mx\/index.php\/wp-json\/wp\/v2\/posts\/89450\/revisions"}],"predecessor-version":[{"id":89452,"href":"https:\/\/fuentesfidedignas.com.mx\/index.php\/wp-json\/wp\/v2\/posts\/89450\/revisions\/89452"}],"wp:featuredmedia":[{"embeddable":true,"href":"https:\/\/fuentesfidedignas.com.mx\/index.php\/wp-json\/wp\/v2\/media\/64512"}],"wp:attachment":[{"href":"https:\/\/fuentesfidedignas.com.mx\/index.php\/wp-json\/wp\/v2\/media?parent=89450"}],"wp:term":[{"taxonomy":"category","embeddable":true,"href":"https:\/\/fuentesfidedignas.com.mx\/index.php\/wp-json\/wp\/v2\/categories?post=89450"},{"taxonomy":"post_tag","embeddable":true,"href":"https:\/\/fuentesfidedignas.com.mx\/index.php\/wp-json\/wp\/v2\/tags?post=89450"}],"curies":[{"name":"wp","href":"https:\/\/api.w.org\/{rel}","templated":true}]}}