{"id":89442,"date":"2024-08-23T14:17:37","date_gmt":"2024-08-23T21:17:37","guid":{"rendered":"https:\/\/fuentesfidedignas.com.mx\/?p=89442"},"modified":"2024-08-23T14:17:39","modified_gmt":"2024-08-23T21:17:39","slug":"ismael-el-mayo-zambada-se-opone-a-ser-transferido-a-corte-de-nueva-york","status":"publish","type":"post","link":"https:\/\/fuentesfidedignas.com.mx\/index.php\/2024\/08\/23\/ismael-el-mayo-zambada-se-opone-a-ser-transferido-a-corte-de-nueva-york\/","title":{"rendered":"Ismael &#8216;El Mayo&#8217; Zambada se opone a ser transferido a Corte de Nueva York"},"content":{"rendered":"\n<p><strong><em>El fundador del C\u00e1rtel de Sinaloa acusa que no se actu\u00f3 bajo el debido proceso tras su detenci\u00f3n.<\/em><\/strong><\/p>\n\n\n\n<p>Ismael Zambada Garc\u00eda ha presentado su oposici\u00f3n a su transferencia a la Corte de Distrito Este de Nueva York para enfrentar acusaciones de narcotr\u00e1fico, como lo ha solicitado la fiscal\u00eda estadunidense.<\/p>\n\n\n\n<p>En una moci\u00f3n presentada en la Corte de Distrito Oeste de Texas, ante la cual se desarrollan acusaciones en contra del mexicano, la defensa de El Mayo solicit\u00f3 que no se lleve a cabo la audiencia inicial de transferencia porque el gobierno de Estados Unidos no actu\u00f3 bajo el debido proceso y no ha explicado por qu\u00e9 las acusaciones en Nueva York tienen prioridad.<\/p>\n\n\n\n<p>\u201cLa Corte de Distrito Este de Nueva York no present\u00f3 una solicitud o acusaci\u00f3n a la Corte de Distrito Oeste hasta el 14 de agosto de 2024, y solicit\u00f3 una audiencia inicial aproximadamente 3 semanas despu\u00e9s del arresto (\u2026) espec\u00edficamente, (la fiscal\u00eda) no intenta explicar por qu\u00e9 el se\u00f1or Zambada Garc\u00eda deber\u00eda ser removido de la Corte de Distrito Oeste de Texas, cuando su caso ya ha avanzado, y ser transferido a la Corte de Distrito Este de Nueva York\u201d, se lee en la moci\u00f3n.<\/p>\n\n\n\n<p>En el texto, presentado por el abogado Frank P\u00e9rez, adem\u00e1s se denuncia que la fiscal\u00eda estadunidense habr\u00eda fallado en el principio de presentar o solicitar la presentaci\u00f3n del acusado en Nueva York sin ning\u00fan retraso innecesario, es decir, un mes despu\u00e9s de su arresto.<\/p>\n\n\n\n<p>Zambada Garc\u00eda fue presentado en la Corte de Distrito Oeste de Texas el 26 de julio, un d\u00eda despu\u00e9s de su detenci\u00f3n en Nuevo M\u00e9xico. Cuenta con varias acusaciones en estados como: Nueva York, California e Illinois.&nbsp;<\/p>\n\n\n\n<p>Sin embrago, en Nueva York, se encuentran las oficinas m\u00e1s experimentadas y agresivas de agencias de seguridad como Investigaciones de Seguridad Interna (HSI), el Bur\u00f3 Federal de Investigaciones (FBI) y la Administraci\u00f3n para el Control de Drogas (DEA), todas interesadas en ver a Zambada Garc\u00eda declarado culpable y tras las rejas.<\/p>\n","protected":false},"excerpt":{"rendered":"<p>El fundador del C\u00e1rtel de Sinaloa acusa que no se actu\u00f3 bajo el debido proceso tras su detenci\u00f3n. Ismael Zambada Garc\u00eda ha presentado su oposici\u00f3n a su transferencia a la Corte de Distrito Este de Nueva York para enfrentar acusaciones de narcotr\u00e1fico, como lo ha solicitado la fiscal\u00eda estadunidense. En una moci\u00f3n presentada en la [&hellip;]<\/p>\n","protected":false},"author":9,"featured_media":88463,"comment_status":"open","ping_status":"open","sticky":false,"template":"","format":"standard","meta":{"tdm_status":"","tdm_grid_status":"","footnotes":""},"categories":[39],"tags":[],"class_list":{"0":"post-89442","1":"post","2":"type-post","3":"status-publish","4":"format-standard","5":"has-post-thumbnail","7":"category-noticias-nacionales"},"yoast_head":"<!-- This site is optimized with the Yoast SEO plugin v27.5 - https:\/\/yoast.com\/product\/yoast-seo-wordpress\/ -->\n<title>Ismael &#039;El Mayo&#039; Zambada se opone a ser transferido a Corte de Nueva York - Fuentes Fidedignas<\/title>\n<meta name=\"robots\" content=\"index, follow, max-snippet:-1, max-image-preview:large, max-video-preview:-1\" \/>\n<link rel=\"canonical\" href=\"https:\/\/fuentesfidedignas.com.mx\/index.php\/2024\/08\/23\/ismael-el-mayo-zambada-se-opone-a-ser-transferido-a-corte-de-nueva-york\/\" \/>\n<meta property=\"og:locale\" content=\"es_MX\" \/>\n<meta property=\"og:type\" content=\"article\" \/>\n<meta property=\"og:title\" content=\"Ismael &#039;El Mayo&#039; Zambada se opone a ser transferido a Corte de Nueva York - Fuentes Fidedignas\" \/>\n<meta property=\"og:description\" content=\"El fundador del C\u00e1rtel de Sinaloa acusa que no se actu\u00f3 bajo el debido proceso tras su detenci\u00f3n. Ismael Zambada Garc\u00eda ha presentado su oposici\u00f3n a su transferencia a la Corte de Distrito Este de Nueva York para enfrentar acusaciones de narcotr\u00e1fico, como lo ha solicitado la fiscal\u00eda estadunidense. En una moci\u00f3n presentada en la [&hellip;]\" \/>\n<meta property=\"og:url\" content=\"https:\/\/fuentesfidedignas.com.mx\/index.php\/2024\/08\/23\/ismael-el-mayo-zambada-se-opone-a-ser-transferido-a-corte-de-nueva-york\/\" \/>\n<meta property=\"og:site_name\" content=\"Fuentes Fidedignas\" \/>\n<meta property=\"article:publisher\" content=\"https:\/\/www.facebook.com\/Fuentes-Fidedignas-368234489921644\" \/>\n<meta property=\"article:published_time\" content=\"2024-08-23T21:17:37+00:00\" \/>\n<meta property=\"article:modified_time\" content=\"2024-08-23T21:17:39+00:00\" \/>\n<meta property=\"og:image\" content=\"https:\/\/fuentesfidedignas.com.mx\/wp-content\/uploads\/2024\/08\/mayo_zambada.jpg\" \/>\n\t<meta property=\"og:image:width\" content=\"929\" \/>\n\t<meta property=\"og:image:height\" content=\"580\" \/>\n\t<meta property=\"og:image:type\" content=\"image\/jpeg\" \/>\n<meta name=\"author\" content=\"Milenio\" \/>\n<meta name=\"twitter:card\" content=\"summary_large_image\" \/>\n<meta name=\"twitter:creator\" content=\"@fidedignas\" \/>\n<meta name=\"twitter:site\" content=\"@fidedignas\" \/>\n<meta name=\"twitter:label1\" content=\"Escrito por\" \/>\n\t<meta name=\"twitter:data1\" content=\"Milenio\" \/>\n\t<meta name=\"twitter:label2\" content=\"Tiempo de lectura\" \/>\n\t<meta name=\"twitter:data2\" content=\"2 minutos\" \/>\n<script type=\"application\/ld+json\" class=\"yoast-schema-graph\">{\"@context\":\"https:\\\/\\\/schema.org\",\"@graph\":[{\"@type\":\"Article\",\"@id\":\"https:\\\/\\\/fuentesfidedignas.com.mx\\\/index.php\\\/2024\\\/08\\\/23\\\/ismael-el-mayo-zambada-se-opone-a-ser-transferido-a-corte-de-nueva-york\\\/#article\",\"isPartOf\":{\"@id\":\"https:\\\/\\\/fuentesfidedignas.com.mx\\\/index.php\\\/2024\\\/08\\\/23\\\/ismael-el-mayo-zambada-se-opone-a-ser-transferido-a-corte-de-nueva-york\\\/\"},\"author\":{\"name\":\"Milenio\",\"@id\":\"https:\\\/\\\/fuentesfidedignas.com.mx\\\/#\\\/schema\\\/person\\\/47ec0135738f4b0c7495f06a77a2c976\"},\"headline\":\"Ismael &#8216;El Mayo&#8217; Zambada se opone a ser transferido a Corte de Nueva York\",\"datePublished\":\"2024-08-23T21:17:37+00:00\",\"dateModified\":\"2024-08-23T21:17:39+00:00\",\"mainEntityOfPage\":{\"@id\":\"https:\\\/\\\/fuentesfidedignas.com.mx\\\/index.php\\\/2024\\\/08\\\/23\\\/ismael-el-mayo-zambada-se-opone-a-ser-transferido-a-corte-de-nueva-york\\\/\"},\"wordCount\":370,\"commentCount\":0,\"publisher\":{\"@id\":\"https:\\\/\\\/fuentesfidedignas.com.mx\\\/#organization\"},\"image\":{\"@id\":\"https:\\\/\\\/fuentesfidedignas.com.mx\\\/index.php\\\/2024\\\/08\\\/23\\\/ismael-el-mayo-zambada-se-opone-a-ser-transferido-a-corte-de-nueva-york\\\/#primaryimage\"},\"thumbnailUrl\":\"https:\\\/\\\/fuentesfidedignas.com.mx\\\/wp-content\\\/uploads\\\/2024\\\/08\\\/mayo_zambada.jpg\",\"articleSection\":[\"NOTICIAS NACIONALES\"],\"inLanguage\":\"es\",\"potentialAction\":[{\"@type\":\"CommentAction\",\"name\":\"Comment\",\"target\":[\"https:\\\/\\\/fuentesfidedignas.com.mx\\\/index.php\\\/2024\\\/08\\\/23\\\/ismael-el-mayo-zambada-se-opone-a-ser-transferido-a-corte-de-nueva-york\\\/#respond\"]}]},{\"@type\":\"WebPage\",\"@id\":\"https:\\\/\\\/fuentesfidedignas.com.mx\\\/index.php\\\/2024\\\/08\\\/23\\\/ismael-el-mayo-zambada-se-opone-a-ser-transferido-a-corte-de-nueva-york\\\/\",\"url\":\"https:\\\/\\\/fuentesfidedignas.com.mx\\\/index.php\\\/2024\\\/08\\\/23\\\/ismael-el-mayo-zambada-se-opone-a-ser-transferido-a-corte-de-nueva-york\\\/\",\"name\":\"Ismael 'El Mayo' Zambada se opone a ser transferido a Corte de Nueva York - Fuentes Fidedignas\",\"isPartOf\":{\"@id\":\"https:\\\/\\\/fuentesfidedignas.com.mx\\\/#website\"},\"primaryImageOfPage\":{\"@id\":\"https:\\\/\\\/fuentesfidedignas.com.mx\\\/index.php\\\/2024\\\/08\\\/23\\\/ismael-el-mayo-zambada-se-opone-a-ser-transferido-a-corte-de-nueva-york\\\/#primaryimage\"},\"image\":{\"@id\":\"https:\\\/\\\/fuentesfidedignas.com.mx\\\/index.php\\\/2024\\\/08\\\/23\\\/ismael-el-mayo-zambada-se-opone-a-ser-transferido-a-corte-de-nueva-york\\\/#primaryimage\"},\"thumbnailUrl\":\"https:\\\/\\\/fuentesfidedignas.com.mx\\\/wp-content\\\/uploads\\\/2024\\\/08\\\/mayo_zambada.jpg\",\"datePublished\":\"2024-08-23T21:17:37+00:00\",\"dateModified\":\"2024-08-23T21:17:39+00:00\",\"breadcrumb\":{\"@id\":\"https:\\\/\\\/fuentesfidedignas.com.mx\\\/index.php\\\/2024\\\/08\\\/23\\\/ismael-el-mayo-zambada-se-opone-a-ser-transferido-a-corte-de-nueva-york\\\/#breadcrumb\"},\"inLanguage\":\"es\",\"potentialAction\":[{\"@type\":\"ReadAction\",\"target\":[\"https:\\\/\\\/fuentesfidedignas.com.mx\\\/index.php\\\/2024\\\/08\\\/23\\\/ismael-el-mayo-zambada-se-opone-a-ser-transferido-a-corte-de-nueva-york\\\/\"]}]},{\"@type\":\"ImageObject\",\"inLanguage\":\"es\",\"@id\":\"https:\\\/\\\/fuentesfidedignas.com.mx\\\/index.php\\\/2024\\\/08\\\/23\\\/ismael-el-mayo-zambada-se-opone-a-ser-transferido-a-corte-de-nueva-york\\\/#primaryimage\",\"url\":\"https:\\\/\\\/fuentesfidedignas.com.mx\\\/wp-content\\\/uploads\\\/2024\\\/08\\\/mayo_zambada.jpg\",\"contentUrl\":\"https:\\\/\\\/fuentesfidedignas.com.mx\\\/wp-content\\\/uploads\\\/2024\\\/08\\\/mayo_zambada.jpg\",\"width\":929,\"height\":580},{\"@type\":\"BreadcrumbList\",\"@id\":\"https:\\\/\\\/fuentesfidedignas.com.mx\\\/index.php\\\/2024\\\/08\\\/23\\\/ismael-el-mayo-zambada-se-opone-a-ser-transferido-a-corte-de-nueva-york\\\/#breadcrumb\",\"itemListElement\":[{\"@type\":\"ListItem\",\"position\":1,\"name\":\"Inicio\",\"item\":\"https:\\\/\\\/fuentesfidedignas.com.mx\\\/\"},{\"@type\":\"ListItem\",\"position\":2,\"name\":\"Ismael &#8216;El Mayo&#8217; Zambada se opone a ser transferido a Corte de Nueva York\"}]},{\"@type\":\"WebSite\",\"@id\":\"https:\\\/\\\/fuentesfidedignas.com.mx\\\/#website\",\"url\":\"https:\\\/\\\/fuentesfidedignas.com.mx\\\/\",\"name\":\"Fuentes Fidedignas\",\"description\":\"Otro sitio realizado con WordPress\",\"publisher\":{\"@id\":\"https:\\\/\\\/fuentesfidedignas.com.mx\\\/#organization\"},\"potentialAction\":[{\"@type\":\"SearchAction\",\"target\":{\"@type\":\"EntryPoint\",\"urlTemplate\":\"https:\\\/\\\/fuentesfidedignas.com.mx\\\/?s={search_term_string}\"},\"query-input\":{\"@type\":\"PropertyValueSpecification\",\"valueRequired\":true,\"valueName\":\"search_term_string\"}}],\"inLanguage\":\"es\"},{\"@type\":\"Organization\",\"@id\":\"https:\\\/\\\/fuentesfidedignas.com.mx\\\/#organization\",\"name\":\"Fuentes Fidedignas\",\"url\":\"https:\\\/\\\/fuentesfidedignas.com.mx\\\/\",\"logo\":{\"@type\":\"ImageObject\",\"inLanguage\":\"es\",\"@id\":\"https:\\\/\\\/fuentesfidedignas.com.mx\\\/#\\\/schema\\\/logo\\\/image\\\/\",\"url\":\"https:\\\/\\\/fuentesfidedignas.com.mx\\\/wp-content\\\/uploads\\\/2021\\\/04\\\/logo-retina.png\",\"contentUrl\":\"https:\\\/\\\/fuentesfidedignas.com.mx\\\/wp-content\\\/uploads\\\/2021\\\/04\\\/logo-retina.png\",\"width\":280,\"height\":51,\"caption\":\"Fuentes Fidedignas\"},\"image\":{\"@id\":\"https:\\\/\\\/fuentesfidedignas.com.mx\\\/#\\\/schema\\\/logo\\\/image\\\/\"},\"sameAs\":[\"https:\\\/\\\/www.facebook.com\\\/Fuentes-Fidedignas-368234489921644\",\"https:\\\/\\\/x.com\\\/fidedignas\"]},{\"@type\":\"Person\",\"@id\":\"https:\\\/\\\/fuentesfidedignas.com.mx\\\/#\\\/schema\\\/person\\\/47ec0135738f4b0c7495f06a77a2c976\",\"name\":\"Milenio\",\"image\":{\"@type\":\"ImageObject\",\"inLanguage\":\"es\",\"@id\":\"https:\\\/\\\/secure.gravatar.com\\\/avatar\\\/acabf7b54753e51c2c76457954577c236b3b764789b19879565769739d1e4a75?s=96&d=mm&r=g\",\"url\":\"https:\\\/\\\/secure.gravatar.com\\\/avatar\\\/acabf7b54753e51c2c76457954577c236b3b764789b19879565769739d1e4a75?s=96&d=mm&r=g\",\"contentUrl\":\"https:\\\/\\\/secure.gravatar.com\\\/avatar\\\/acabf7b54753e51c2c76457954577c236b3b764789b19879565769739d1e4a75?s=96&d=mm&r=g\",\"caption\":\"Milenio\"},\"url\":\"https:\\\/\\\/fuentesfidedignas.com.mx\\\/index.php\\\/author\\\/milenio\\\/\"}]}<\/script>\n<!-- \/ Yoast SEO plugin. -->","yoast_head_json":{"title":"Ismael 'El Mayo' Zambada se opone a ser transferido a Corte de Nueva York - Fuentes Fidedignas","robots":{"index":"index","follow":"follow","max-snippet":"max-snippet:-1","max-image-preview":"max-image-preview:large","max-video-preview":"max-video-preview:-1"},"canonical":"https:\/\/fuentesfidedignas.com.mx\/index.php\/2024\/08\/23\/ismael-el-mayo-zambada-se-opone-a-ser-transferido-a-corte-de-nueva-york\/","og_locale":"es_MX","og_type":"article","og_title":"Ismael 'El Mayo' Zambada se opone a ser transferido a Corte de Nueva York - Fuentes Fidedignas","og_description":"El fundador del C\u00e1rtel de Sinaloa acusa que no se actu\u00f3 bajo el debido proceso tras su detenci\u00f3n. Ismael Zambada Garc\u00eda ha presentado su oposici\u00f3n a su transferencia a la Corte de Distrito Este de Nueva York para enfrentar acusaciones de narcotr\u00e1fico, como lo ha solicitado la fiscal\u00eda estadunidense. En una moci\u00f3n presentada en la [&hellip;]","og_url":"https:\/\/fuentesfidedignas.com.mx\/index.php\/2024\/08\/23\/ismael-el-mayo-zambada-se-opone-a-ser-transferido-a-corte-de-nueva-york\/","og_site_name":"Fuentes Fidedignas","article_publisher":"https:\/\/www.facebook.com\/Fuentes-Fidedignas-368234489921644","article_published_time":"2024-08-23T21:17:37+00:00","article_modified_time":"2024-08-23T21:17:39+00:00","og_image":[{"width":929,"height":580,"url":"https:\/\/fuentesfidedignas.com.mx\/wp-content\/uploads\/2024\/08\/mayo_zambada.jpg","type":"image\/jpeg"}],"author":"Milenio","twitter_card":"summary_large_image","twitter_creator":"@fidedignas","twitter_site":"@fidedignas","twitter_misc":{"Escrito por":"Milenio","Tiempo de lectura":"2 minutos"},"schema":{"@context":"https:\/\/schema.org","@graph":[{"@type":"Article","@id":"https:\/\/fuentesfidedignas.com.mx\/index.php\/2024\/08\/23\/ismael-el-mayo-zambada-se-opone-a-ser-transferido-a-corte-de-nueva-york\/#article","isPartOf":{"@id":"https:\/\/fuentesfidedignas.com.mx\/index.php\/2024\/08\/23\/ismael-el-mayo-zambada-se-opone-a-ser-transferido-a-corte-de-nueva-york\/"},"author":{"name":"Milenio","@id":"https:\/\/fuentesfidedignas.com.mx\/#\/schema\/person\/47ec0135738f4b0c7495f06a77a2c976"},"headline":"Ismael &#8216;El Mayo&#8217; Zambada se opone a ser transferido a Corte de Nueva York","datePublished":"2024-08-23T21:17:37+00:00","dateModified":"2024-08-23T21:17:39+00:00","mainEntityOfPage":{"@id":"https:\/\/fuentesfidedignas.com.mx\/index.php\/2024\/08\/23\/ismael-el-mayo-zambada-se-opone-a-ser-transferido-a-corte-de-nueva-york\/"},"wordCount":370,"commentCount":0,"publisher":{"@id":"https:\/\/fuentesfidedignas.com.mx\/#organization"},"image":{"@id":"https:\/\/fuentesfidedignas.com.mx\/index.php\/2024\/08\/23\/ismael-el-mayo-zambada-se-opone-a-ser-transferido-a-corte-de-nueva-york\/#primaryimage"},"thumbnailUrl":"https:\/\/fuentesfidedignas.com.mx\/wp-content\/uploads\/2024\/08\/mayo_zambada.jpg","articleSection":["NOTICIAS NACIONALES"],"inLanguage":"es","potentialAction":[{"@type":"CommentAction","name":"Comment","target":["https:\/\/fuentesfidedignas.com.mx\/index.php\/2024\/08\/23\/ismael-el-mayo-zambada-se-opone-a-ser-transferido-a-corte-de-nueva-york\/#respond"]}]},{"@type":"WebPage","@id":"https:\/\/fuentesfidedignas.com.mx\/index.php\/2024\/08\/23\/ismael-el-mayo-zambada-se-opone-a-ser-transferido-a-corte-de-nueva-york\/","url":"https:\/\/fuentesfidedignas.com.mx\/index.php\/2024\/08\/23\/ismael-el-mayo-zambada-se-opone-a-ser-transferido-a-corte-de-nueva-york\/","name":"Ismael 'El Mayo' Zambada se opone a ser transferido a Corte de Nueva York - Fuentes Fidedignas","isPartOf":{"@id":"https:\/\/fuentesfidedignas.com.mx\/#website"},"primaryImageOfPage":{"@id":"https:\/\/fuentesfidedignas.com.mx\/index.php\/2024\/08\/23\/ismael-el-mayo-zambada-se-opone-a-ser-transferido-a-corte-de-nueva-york\/#primaryimage"},"image":{"@id":"https:\/\/fuentesfidedignas.com.mx\/index.php\/2024\/08\/23\/ismael-el-mayo-zambada-se-opone-a-ser-transferido-a-corte-de-nueva-york\/#primaryimage"},"thumbnailUrl":"https:\/\/fuentesfidedignas.com.mx\/wp-content\/uploads\/2024\/08\/mayo_zambada.jpg","datePublished":"2024-08-23T21:17:37+00:00","dateModified":"2024-08-23T21:17:39+00:00","breadcrumb":{"@id":"https:\/\/fuentesfidedignas.com.mx\/index.php\/2024\/08\/23\/ismael-el-mayo-zambada-se-opone-a-ser-transferido-a-corte-de-nueva-york\/#breadcrumb"},"inLanguage":"es","potentialAction":[{"@type":"ReadAction","target":["https:\/\/fuentesfidedignas.com.mx\/index.php\/2024\/08\/23\/ismael-el-mayo-zambada-se-opone-a-ser-transferido-a-corte-de-nueva-york\/"]}]},{"@type":"ImageObject","inLanguage":"es","@id":"https:\/\/fuentesfidedignas.com.mx\/index.php\/2024\/08\/23\/ismael-el-mayo-zambada-se-opone-a-ser-transferido-a-corte-de-nueva-york\/#primaryimage","url":"https:\/\/fuentesfidedignas.com.mx\/wp-content\/uploads\/2024\/08\/mayo_zambada.jpg","contentUrl":"https:\/\/fuentesfidedignas.com.mx\/wp-content\/uploads\/2024\/08\/mayo_zambada.jpg","width":929,"height":580},{"@type":"BreadcrumbList","@id":"https:\/\/fuentesfidedignas.com.mx\/index.php\/2024\/08\/23\/ismael-el-mayo-zambada-se-opone-a-ser-transferido-a-corte-de-nueva-york\/#breadcrumb","itemListElement":[{"@type":"ListItem","position":1,"name":"Inicio","item":"https:\/\/fuentesfidedignas.com.mx\/"},{"@type":"ListItem","position":2,"name":"Ismael &#8216;El Mayo&#8217; Zambada se opone a ser transferido a Corte de Nueva York"}]},{"@type":"WebSite","@id":"https:\/\/fuentesfidedignas.com.mx\/#website","url":"https:\/\/fuentesfidedignas.com.mx\/","name":"Fuentes Fidedignas","description":"Otro sitio realizado con WordPress","publisher":{"@id":"https:\/\/fuentesfidedignas.com.mx\/#organization"},"potentialAction":[{"@type":"SearchAction","target":{"@type":"EntryPoint","urlTemplate":"https:\/\/fuentesfidedignas.com.mx\/?s={search_term_string}"},"query-input":{"@type":"PropertyValueSpecification","valueRequired":true,"valueName":"search_term_string"}}],"inLanguage":"es"},{"@type":"Organization","@id":"https:\/\/fuentesfidedignas.com.mx\/#organization","name":"Fuentes Fidedignas","url":"https:\/\/fuentesfidedignas.com.mx\/","logo":{"@type":"ImageObject","inLanguage":"es","@id":"https:\/\/fuentesfidedignas.com.mx\/#\/schema\/logo\/image\/","url":"https:\/\/fuentesfidedignas.com.mx\/wp-content\/uploads\/2021\/04\/logo-retina.png","contentUrl":"https:\/\/fuentesfidedignas.com.mx\/wp-content\/uploads\/2021\/04\/logo-retina.png","width":280,"height":51,"caption":"Fuentes Fidedignas"},"image":{"@id":"https:\/\/fuentesfidedignas.com.mx\/#\/schema\/logo\/image\/"},"sameAs":["https:\/\/www.facebook.com\/Fuentes-Fidedignas-368234489921644","https:\/\/x.com\/fidedignas"]},{"@type":"Person","@id":"https:\/\/fuentesfidedignas.com.mx\/#\/schema\/person\/47ec0135738f4b0c7495f06a77a2c976","name":"Milenio","image":{"@type":"ImageObject","inLanguage":"es","@id":"https:\/\/secure.gravatar.com\/avatar\/acabf7b54753e51c2c76457954577c236b3b764789b19879565769739d1e4a75?s=96&d=mm&r=g","url":"https:\/\/secure.gravatar.com\/avatar\/acabf7b54753e51c2c76457954577c236b3b764789b19879565769739d1e4a75?s=96&d=mm&r=g","contentUrl":"https:\/\/secure.gravatar.com\/avatar\/acabf7b54753e51c2c76457954577c236b3b764789b19879565769739d1e4a75?s=96&d=mm&r=g","caption":"Milenio"},"url":"https:\/\/fuentesfidedignas.com.mx\/index.php\/author\/milenio\/"}]}},"_links":{"self":[{"href":"https:\/\/fuentesfidedignas.com.mx\/index.php\/wp-json\/wp\/v2\/posts\/89442","targetHints":{"allow":["GET"]}}],"collection":[{"href":"https:\/\/fuentesfidedignas.com.mx\/index.php\/wp-json\/wp\/v2\/posts"}],"about":[{"href":"https:\/\/fuentesfidedignas.com.mx\/index.php\/wp-json\/wp\/v2\/types\/post"}],"author":[{"embeddable":true,"href":"https:\/\/fuentesfidedignas.com.mx\/index.php\/wp-json\/wp\/v2\/users\/9"}],"replies":[{"embeddable":true,"href":"https:\/\/fuentesfidedignas.com.mx\/index.php\/wp-json\/wp\/v2\/comments?post=89442"}],"version-history":[{"count":1,"href":"https:\/\/fuentesfidedignas.com.mx\/index.php\/wp-json\/wp\/v2\/posts\/89442\/revisions"}],"predecessor-version":[{"id":89443,"href":"https:\/\/fuentesfidedignas.com.mx\/index.php\/wp-json\/wp\/v2\/posts\/89442\/revisions\/89443"}],"wp:featuredmedia":[{"embeddable":true,"href":"https:\/\/fuentesfidedignas.com.mx\/index.php\/wp-json\/wp\/v2\/media\/88463"}],"wp:attachment":[{"href":"https:\/\/fuentesfidedignas.com.mx\/index.php\/wp-json\/wp\/v2\/media?parent=89442"}],"wp:term":[{"taxonomy":"category","embeddable":true,"href":"https:\/\/fuentesfidedignas.com.mx\/index.php\/wp-json\/wp\/v2\/categories?post=89442"},{"taxonomy":"post_tag","embeddable":true,"href":"https:\/\/fuentesfidedignas.com.mx\/index.php\/wp-json\/wp\/v2\/tags?post=89442"}],"curies":[{"name":"wp","href":"https:\/\/api.w.org\/{rel}","templated":true}]}}