{"id":89419,"date":"2024-08-23T11:00:58","date_gmt":"2024-08-23T18:00:58","guid":{"rendered":"https:\/\/fuentesfidedignas.com.mx\/?p=89419"},"modified":"2024-08-23T11:01:34","modified_gmt":"2024-08-23T18:01:34","slug":"fiscal-de-sinaloa-podria-ser-acusada-de-varios-delitos-en-investigacion-del-asesinato-de-hector-cuen-expertos","status":"publish","type":"post","link":"https:\/\/fuentesfidedignas.com.mx\/index.php\/2024\/08\/23\/fiscal-de-sinaloa-podria-ser-acusada-de-varios-delitos-en-investigacion-del-asesinato-de-hector-cuen-expertos\/","title":{"rendered":"Fiscal de Sinaloa podr\u00eda ser acusada de varios delitos en investigaci\u00f3n del caso Cu\u00e9n: expertos"},"content":{"rendered":"\n<p><strong><em>Sara Bruna Qui\u00f1\u00f3nez Estrada renunci\u00f3 antes de que la FGR negara los hechos difundidos por la FGE de Sinaloa, esto podr\u00eda pasar.<\/em><\/strong><\/p>\n\n\n\n<p>Diversos delitos en administraci\u00f3n de la justicia, entre los que se encuentra el desviar u obstaculizar una investigaci\u00f3n, son los cargos que podr\u00eda enfrentar la ex fiscal general de Sinaloa, Sara Bruna Qui\u00f1\u00f3nez Estrada, despu\u00e9s de las irregularidades halladas en la investigaci\u00f3n inicial por el homicidio del ex rector de la Universidad Aut\u00f3noma de Sinaloa (UAS), H\u00e9ctor Cu\u00e9n Ojeda.<\/p>\n\n\n\n<p>Especialistas consultados por MILENIO coincidieron que las inconsistencias encontradas por la Fiscal\u00eda General de la Rep\u00fablica (FGR) podr\u00edan representar una eventual acusaci\u00f3n contra la funcionaria por diferentes il\u00edcitos, pero que esto depender\u00e1 de los hallazgos de la instituci\u00f3n federal.<\/p>\n\n\n\n<p><strong>\u00bfQu\u00e9 dicen los especialistas?\u00a0<\/strong><br>Samuel Gonz\u00e1lez Ruiz, ex director de la Unidad Especializada en Delincuencia Organizada de la entonces PGR, se\u00f1al\u00f3 que la ex fiscal estatal podr\u00eda ser acusada por generar pruebas falsas para la carpeta de investigaci\u00f3n y desviar el curso de las indagatorias, entre otras conductas.<\/p>\n\n\n\n<p>\u201cSi la pregunta es \u00bfqu\u00e9 delitos pudo haber incurrido? Pues varios de los delitos contra la administraci\u00f3n de justicia: afirmar cosas falsas en una carpeta de investigaci\u00f3n, generar pruebas que no son las correctas y obviamente desviar el curso de las investigaciones\u201d, plante\u00f3.<\/p>\n\n\n\n<p>\u201cHay una gama muy amplia, el ejercicio il\u00edcito del servicio p\u00fablico es para todos los funcionarios p\u00fablicos, pero los delitos contra la administraci\u00f3n de justicia son los espec\u00edficos para los jueces, ministerios p\u00fablicos, para los abogados. Hay una gama de delitos muy amplia\u201d.<\/p>\n\n\n\n<p>En el mismo sentido, el abogado penalista H\u00e9ctor P\u00e9rez Rivera coincidi\u00f3 en que, dependiendo de los hallazgos de la FGR, la ex funcionaria podr\u00eda ser imputada por diversos delitos, pero que antes se tiene que comprobar su participaci\u00f3n y si a ella se le reportaban los actos de investigaci\u00f3n realizados por el personal ministerial y pericial.<\/p>\n\n\n\n<p>\u201cPueden imputarle todos los delitos asociados a la obstrucci\u00f3n de la procuraci\u00f3n justicia. Es un caso similar, podemos llamarlo as\u00ed, aldel fiscal de Morelos, Uriel Carmona\u00a0, en la que la falta de la debida realizaci\u00f3n de los dict\u00e1menes periciales y el posible ocultamiento de evidencia se trasciende al fondo del asunto. Entonces eso pudiera ser, pero se tiene que demostrar el nexo de causalidad, es decir, \u00bfqu\u00e9 es esto? Que ella ten\u00eda conocimiento directo de dicha informaci\u00f3n y que incluso da la instrucci\u00f3n de que se oculte dicha informaci\u00f3n\u201d, dijo en entrevista.<\/p>\n\n\n\n<p>De acuerdo con el C\u00f3digo Penal Federal, los delitos contra la administraci\u00f3n de la justicia van desde \u201cretardar o entorpecer maliciosamente o por negligencia la administraci\u00f3n de la justicia\u201d hasta \u201cdesviar u obstaculizar la investigaci\u00f3n del hecho delictuoso de qu\u00e9 se trate o favorecer que le imputados se sustraiga a la acci\u00f3n de la justicia\u201d.<\/p>\n\n\n\n<p>El art\u00edculo 225 sobre delitos contra la administraci\u00f3n de justicia, para los 37 tipos penales que contempla, las sanciones van de tres a ocho a\u00f1os de c\u00e1rcel y 30 a mil 100 d\u00edas de multa, as\u00ed como cuatro a diez a\u00f1os de prisi\u00f3n y de 100 a 150 d\u00edas de multa.<\/p>\n\n\n\n<p>Sara Bruna Qui\u00f1\u00f3nez Estrada renunci\u00f3 como titular de la Fiscal\u00eda General del Estado (FGE) de Sinaloa, despu\u00e9s de dos a\u00f1os y nueve meses de asumir el cargo, luego de las irregularidades encontradas en el informe de su instituci\u00f3n como parte de las indagatorias para esclarecer el asesinato del ex rector de la universidad aut\u00f3noma de aquella entidad, H\u00e9ctor Cu\u00e9n.<\/p>\n","protected":false},"excerpt":{"rendered":"<p>Sara Bruna Qui\u00f1\u00f3nez Estrada renunci\u00f3 antes de que la FGR negara los hechos difundidos por la FGE de Sinaloa, esto podr\u00eda pasar. Diversos delitos en administraci\u00f3n de la justicia, entre los que se encuentra el desviar u obstaculizar una investigaci\u00f3n, son los cargos que podr\u00eda enfrentar la ex fiscal general de Sinaloa, Sara Bruna Qui\u00f1\u00f3nez [&hellip;]<\/p>\n","protected":false},"author":9,"featured_media":44346,"comment_status":"open","ping_status":"open","sticky":false,"template":"","format":"standard","meta":{"tdm_status":"","tdm_grid_status":"","footnotes":""},"categories":[37],"tags":[],"class_list":{"0":"post-89419","1":"post","2":"type-post","3":"status-publish","4":"format-standard","5":"has-post-thumbnail","7":"category-nota-principal"},"yoast_head":"<!-- This site is optimized with the Yoast SEO plugin v27.5 - https:\/\/yoast.com\/product\/yoast-seo-wordpress\/ -->\n<title>Fiscal de Sinaloa podr\u00eda ser acusada de varios delitos en investigaci\u00f3n del caso Cu\u00e9n: expertos - Fuentes Fidedignas<\/title>\n<meta name=\"robots\" content=\"index, follow, max-snippet:-1, max-image-preview:large, max-video-preview:-1\" \/>\n<link rel=\"canonical\" href=\"https:\/\/fuentesfidedignas.com.mx\/index.php\/2024\/08\/23\/fiscal-de-sinaloa-podria-ser-acusada-de-varios-delitos-en-investigacion-del-asesinato-de-hector-cuen-expertos\/\" \/>\n<meta property=\"og:locale\" content=\"es_MX\" \/>\n<meta property=\"og:type\" content=\"article\" \/>\n<meta property=\"og:title\" content=\"Fiscal de Sinaloa podr\u00eda ser acusada de varios delitos en investigaci\u00f3n del caso Cu\u00e9n: expertos - Fuentes Fidedignas\" \/>\n<meta property=\"og:description\" content=\"Sara Bruna Qui\u00f1\u00f3nez Estrada renunci\u00f3 antes de que la FGR negara los hechos difundidos por la FGE de Sinaloa, esto podr\u00eda pasar. Diversos delitos en administraci\u00f3n de la justicia, entre los que se encuentra el desviar u obstaculizar una investigaci\u00f3n, son los cargos que podr\u00eda enfrentar la ex fiscal general de Sinaloa, Sara Bruna Qui\u00f1\u00f3nez [&hellip;]\" \/>\n<meta property=\"og:url\" content=\"https:\/\/fuentesfidedignas.com.mx\/index.php\/2024\/08\/23\/fiscal-de-sinaloa-podria-ser-acusada-de-varios-delitos-en-investigacion-del-asesinato-de-hector-cuen-expertos\/\" \/>\n<meta property=\"og:site_name\" content=\"Fuentes Fidedignas\" \/>\n<meta property=\"article:publisher\" content=\"https:\/\/www.facebook.com\/Fuentes-Fidedignas-368234489921644\" \/>\n<meta property=\"article:published_time\" content=\"2024-08-23T18:00:58+00:00\" \/>\n<meta property=\"article:modified_time\" content=\"2024-08-23T18:01:34+00:00\" \/>\n<meta property=\"og:image\" content=\"https:\/\/fuentesfidedignas.com.mx\/wp-content\/uploads\/2023\/04\/Sara-Bruna-Quinonez-Estrada-1.jpeg\" \/>\n\t<meta property=\"og:image:width\" content=\"1600\" \/>\n\t<meta property=\"og:image:height\" content=\"1064\" \/>\n\t<meta property=\"og:image:type\" content=\"image\/jpeg\" \/>\n<meta name=\"author\" content=\"Milenio\" \/>\n<meta name=\"twitter:card\" content=\"summary_large_image\" \/>\n<meta name=\"twitter:creator\" content=\"@fidedignas\" \/>\n<meta name=\"twitter:site\" content=\"@fidedignas\" \/>\n<meta name=\"twitter:label1\" content=\"Escrito por\" \/>\n\t<meta name=\"twitter:data1\" content=\"Milenio\" \/>\n\t<meta name=\"twitter:label2\" content=\"Tiempo de lectura\" \/>\n\t<meta name=\"twitter:data2\" content=\"3 minutos\" \/>\n<script type=\"application\/ld+json\" class=\"yoast-schema-graph\">{\"@context\":\"https:\\\/\\\/schema.org\",\"@graph\":[{\"@type\":\"Article\",\"@id\":\"https:\\\/\\\/fuentesfidedignas.com.mx\\\/index.php\\\/2024\\\/08\\\/23\\\/fiscal-de-sinaloa-podria-ser-acusada-de-varios-delitos-en-investigacion-del-asesinato-de-hector-cuen-expertos\\\/#article\",\"isPartOf\":{\"@id\":\"https:\\\/\\\/fuentesfidedignas.com.mx\\\/index.php\\\/2024\\\/08\\\/23\\\/fiscal-de-sinaloa-podria-ser-acusada-de-varios-delitos-en-investigacion-del-asesinato-de-hector-cuen-expertos\\\/\"},\"author\":{\"name\":\"Milenio\",\"@id\":\"https:\\\/\\\/fuentesfidedignas.com.mx\\\/#\\\/schema\\\/person\\\/47ec0135738f4b0c7495f06a77a2c976\"},\"headline\":\"Fiscal de Sinaloa podr\u00eda ser acusada de varios delitos en investigaci\u00f3n del caso Cu\u00e9n: expertos\",\"datePublished\":\"2024-08-23T18:00:58+00:00\",\"dateModified\":\"2024-08-23T18:01:34+00:00\",\"mainEntityOfPage\":{\"@id\":\"https:\\\/\\\/fuentesfidedignas.com.mx\\\/index.php\\\/2024\\\/08\\\/23\\\/fiscal-de-sinaloa-podria-ser-acusada-de-varios-delitos-en-investigacion-del-asesinato-de-hector-cuen-expertos\\\/\"},\"wordCount\":642,\"commentCount\":0,\"publisher\":{\"@id\":\"https:\\\/\\\/fuentesfidedignas.com.mx\\\/#organization\"},\"image\":{\"@id\":\"https:\\\/\\\/fuentesfidedignas.com.mx\\\/index.php\\\/2024\\\/08\\\/23\\\/fiscal-de-sinaloa-podria-ser-acusada-de-varios-delitos-en-investigacion-del-asesinato-de-hector-cuen-expertos\\\/#primaryimage\"},\"thumbnailUrl\":\"https:\\\/\\\/fuentesfidedignas.com.mx\\\/wp-content\\\/uploads\\\/2023\\\/04\\\/Sara-Bruna-Quinonez-Estrada-1.jpeg\",\"articleSection\":[\"NOTA PRINCIPAL\"],\"inLanguage\":\"es\",\"potentialAction\":[{\"@type\":\"CommentAction\",\"name\":\"Comment\",\"target\":[\"https:\\\/\\\/fuentesfidedignas.com.mx\\\/index.php\\\/2024\\\/08\\\/23\\\/fiscal-de-sinaloa-podria-ser-acusada-de-varios-delitos-en-investigacion-del-asesinato-de-hector-cuen-expertos\\\/#respond\"]}]},{\"@type\":\"WebPage\",\"@id\":\"https:\\\/\\\/fuentesfidedignas.com.mx\\\/index.php\\\/2024\\\/08\\\/23\\\/fiscal-de-sinaloa-podria-ser-acusada-de-varios-delitos-en-investigacion-del-asesinato-de-hector-cuen-expertos\\\/\",\"url\":\"https:\\\/\\\/fuentesfidedignas.com.mx\\\/index.php\\\/2024\\\/08\\\/23\\\/fiscal-de-sinaloa-podria-ser-acusada-de-varios-delitos-en-investigacion-del-asesinato-de-hector-cuen-expertos\\\/\",\"name\":\"Fiscal de Sinaloa podr\u00eda ser acusada de varios delitos en investigaci\u00f3n del caso Cu\u00e9n: expertos - Fuentes Fidedignas\",\"isPartOf\":{\"@id\":\"https:\\\/\\\/fuentesfidedignas.com.mx\\\/#website\"},\"primaryImageOfPage\":{\"@id\":\"https:\\\/\\\/fuentesfidedignas.com.mx\\\/index.php\\\/2024\\\/08\\\/23\\\/fiscal-de-sinaloa-podria-ser-acusada-de-varios-delitos-en-investigacion-del-asesinato-de-hector-cuen-expertos\\\/#primaryimage\"},\"image\":{\"@id\":\"https:\\\/\\\/fuentesfidedignas.com.mx\\\/index.php\\\/2024\\\/08\\\/23\\\/fiscal-de-sinaloa-podria-ser-acusada-de-varios-delitos-en-investigacion-del-asesinato-de-hector-cuen-expertos\\\/#primaryimage\"},\"thumbnailUrl\":\"https:\\\/\\\/fuentesfidedignas.com.mx\\\/wp-content\\\/uploads\\\/2023\\\/04\\\/Sara-Bruna-Quinonez-Estrada-1.jpeg\",\"datePublished\":\"2024-08-23T18:00:58+00:00\",\"dateModified\":\"2024-08-23T18:01:34+00:00\",\"breadcrumb\":{\"@id\":\"https:\\\/\\\/fuentesfidedignas.com.mx\\\/index.php\\\/2024\\\/08\\\/23\\\/fiscal-de-sinaloa-podria-ser-acusada-de-varios-delitos-en-investigacion-del-asesinato-de-hector-cuen-expertos\\\/#breadcrumb\"},\"inLanguage\":\"es\",\"potentialAction\":[{\"@type\":\"ReadAction\",\"target\":[\"https:\\\/\\\/fuentesfidedignas.com.mx\\\/index.php\\\/2024\\\/08\\\/23\\\/fiscal-de-sinaloa-podria-ser-acusada-de-varios-delitos-en-investigacion-del-asesinato-de-hector-cuen-expertos\\\/\"]}]},{\"@type\":\"ImageObject\",\"inLanguage\":\"es\",\"@id\":\"https:\\\/\\\/fuentesfidedignas.com.mx\\\/index.php\\\/2024\\\/08\\\/23\\\/fiscal-de-sinaloa-podria-ser-acusada-de-varios-delitos-en-investigacion-del-asesinato-de-hector-cuen-expertos\\\/#primaryimage\",\"url\":\"https:\\\/\\\/fuentesfidedignas.com.mx\\\/wp-content\\\/uploads\\\/2023\\\/04\\\/Sara-Bruna-Quinonez-Estrada-1.jpeg\",\"contentUrl\":\"https:\\\/\\\/fuentesfidedignas.com.mx\\\/wp-content\\\/uploads\\\/2023\\\/04\\\/Sara-Bruna-Quinonez-Estrada-1.jpeg\",\"width\":1600,\"height\":1064},{\"@type\":\"BreadcrumbList\",\"@id\":\"https:\\\/\\\/fuentesfidedignas.com.mx\\\/index.php\\\/2024\\\/08\\\/23\\\/fiscal-de-sinaloa-podria-ser-acusada-de-varios-delitos-en-investigacion-del-asesinato-de-hector-cuen-expertos\\\/#breadcrumb\",\"itemListElement\":[{\"@type\":\"ListItem\",\"position\":1,\"name\":\"Inicio\",\"item\":\"https:\\\/\\\/fuentesfidedignas.com.mx\\\/\"},{\"@type\":\"ListItem\",\"position\":2,\"name\":\"Fiscal de Sinaloa podr\u00eda ser acusada de varios delitos en investigaci\u00f3n del caso Cu\u00e9n: expertos\"}]},{\"@type\":\"WebSite\",\"@id\":\"https:\\\/\\\/fuentesfidedignas.com.mx\\\/#website\",\"url\":\"https:\\\/\\\/fuentesfidedignas.com.mx\\\/\",\"name\":\"Fuentes Fidedignas\",\"description\":\"Otro sitio realizado con WordPress\",\"publisher\":{\"@id\":\"https:\\\/\\\/fuentesfidedignas.com.mx\\\/#organization\"},\"potentialAction\":[{\"@type\":\"SearchAction\",\"target\":{\"@type\":\"EntryPoint\",\"urlTemplate\":\"https:\\\/\\\/fuentesfidedignas.com.mx\\\/?s={search_term_string}\"},\"query-input\":{\"@type\":\"PropertyValueSpecification\",\"valueRequired\":true,\"valueName\":\"search_term_string\"}}],\"inLanguage\":\"es\"},{\"@type\":\"Organization\",\"@id\":\"https:\\\/\\\/fuentesfidedignas.com.mx\\\/#organization\",\"name\":\"Fuentes Fidedignas\",\"url\":\"https:\\\/\\\/fuentesfidedignas.com.mx\\\/\",\"logo\":{\"@type\":\"ImageObject\",\"inLanguage\":\"es\",\"@id\":\"https:\\\/\\\/fuentesfidedignas.com.mx\\\/#\\\/schema\\\/logo\\\/image\\\/\",\"url\":\"https:\\\/\\\/fuentesfidedignas.com.mx\\\/wp-content\\\/uploads\\\/2021\\\/04\\\/logo-retina.png\",\"contentUrl\":\"https:\\\/\\\/fuentesfidedignas.com.mx\\\/wp-content\\\/uploads\\\/2021\\\/04\\\/logo-retina.png\",\"width\":280,\"height\":51,\"caption\":\"Fuentes Fidedignas\"},\"image\":{\"@id\":\"https:\\\/\\\/fuentesfidedignas.com.mx\\\/#\\\/schema\\\/logo\\\/image\\\/\"},\"sameAs\":[\"https:\\\/\\\/www.facebook.com\\\/Fuentes-Fidedignas-368234489921644\",\"https:\\\/\\\/x.com\\\/fidedignas\"]},{\"@type\":\"Person\",\"@id\":\"https:\\\/\\\/fuentesfidedignas.com.mx\\\/#\\\/schema\\\/person\\\/47ec0135738f4b0c7495f06a77a2c976\",\"name\":\"Milenio\",\"image\":{\"@type\":\"ImageObject\",\"inLanguage\":\"es\",\"@id\":\"https:\\\/\\\/secure.gravatar.com\\\/avatar\\\/acabf7b54753e51c2c76457954577c236b3b764789b19879565769739d1e4a75?s=96&d=mm&r=g\",\"url\":\"https:\\\/\\\/secure.gravatar.com\\\/avatar\\\/acabf7b54753e51c2c76457954577c236b3b764789b19879565769739d1e4a75?s=96&d=mm&r=g\",\"contentUrl\":\"https:\\\/\\\/secure.gravatar.com\\\/avatar\\\/acabf7b54753e51c2c76457954577c236b3b764789b19879565769739d1e4a75?s=96&d=mm&r=g\",\"caption\":\"Milenio\"},\"url\":\"https:\\\/\\\/fuentesfidedignas.com.mx\\\/index.php\\\/author\\\/milenio\\\/\"}]}<\/script>\n<!-- \/ Yoast SEO plugin. -->","yoast_head_json":{"title":"Fiscal de Sinaloa podr\u00eda ser acusada de varios delitos en investigaci\u00f3n del caso Cu\u00e9n: expertos - Fuentes Fidedignas","robots":{"index":"index","follow":"follow","max-snippet":"max-snippet:-1","max-image-preview":"max-image-preview:large","max-video-preview":"max-video-preview:-1"},"canonical":"https:\/\/fuentesfidedignas.com.mx\/index.php\/2024\/08\/23\/fiscal-de-sinaloa-podria-ser-acusada-de-varios-delitos-en-investigacion-del-asesinato-de-hector-cuen-expertos\/","og_locale":"es_MX","og_type":"article","og_title":"Fiscal de Sinaloa podr\u00eda ser acusada de varios delitos en investigaci\u00f3n del caso Cu\u00e9n: expertos - Fuentes Fidedignas","og_description":"Sara Bruna Qui\u00f1\u00f3nez Estrada renunci\u00f3 antes de que la FGR negara los hechos difundidos por la FGE de Sinaloa, esto podr\u00eda pasar. Diversos delitos en administraci\u00f3n de la justicia, entre los que se encuentra el desviar u obstaculizar una investigaci\u00f3n, son los cargos que podr\u00eda enfrentar la ex fiscal general de Sinaloa, Sara Bruna Qui\u00f1\u00f3nez [&hellip;]","og_url":"https:\/\/fuentesfidedignas.com.mx\/index.php\/2024\/08\/23\/fiscal-de-sinaloa-podria-ser-acusada-de-varios-delitos-en-investigacion-del-asesinato-de-hector-cuen-expertos\/","og_site_name":"Fuentes Fidedignas","article_publisher":"https:\/\/www.facebook.com\/Fuentes-Fidedignas-368234489921644","article_published_time":"2024-08-23T18:00:58+00:00","article_modified_time":"2024-08-23T18:01:34+00:00","og_image":[{"width":1600,"height":1064,"url":"https:\/\/fuentesfidedignas.com.mx\/wp-content\/uploads\/2023\/04\/Sara-Bruna-Quinonez-Estrada-1.jpeg","type":"image\/jpeg"}],"author":"Milenio","twitter_card":"summary_large_image","twitter_creator":"@fidedignas","twitter_site":"@fidedignas","twitter_misc":{"Escrito por":"Milenio","Tiempo de lectura":"3 minutos"},"schema":{"@context":"https:\/\/schema.org","@graph":[{"@type":"Article","@id":"https:\/\/fuentesfidedignas.com.mx\/index.php\/2024\/08\/23\/fiscal-de-sinaloa-podria-ser-acusada-de-varios-delitos-en-investigacion-del-asesinato-de-hector-cuen-expertos\/#article","isPartOf":{"@id":"https:\/\/fuentesfidedignas.com.mx\/index.php\/2024\/08\/23\/fiscal-de-sinaloa-podria-ser-acusada-de-varios-delitos-en-investigacion-del-asesinato-de-hector-cuen-expertos\/"},"author":{"name":"Milenio","@id":"https:\/\/fuentesfidedignas.com.mx\/#\/schema\/person\/47ec0135738f4b0c7495f06a77a2c976"},"headline":"Fiscal de Sinaloa podr\u00eda ser acusada de varios delitos en investigaci\u00f3n del caso Cu\u00e9n: expertos","datePublished":"2024-08-23T18:00:58+00:00","dateModified":"2024-08-23T18:01:34+00:00","mainEntityOfPage":{"@id":"https:\/\/fuentesfidedignas.com.mx\/index.php\/2024\/08\/23\/fiscal-de-sinaloa-podria-ser-acusada-de-varios-delitos-en-investigacion-del-asesinato-de-hector-cuen-expertos\/"},"wordCount":642,"commentCount":0,"publisher":{"@id":"https:\/\/fuentesfidedignas.com.mx\/#organization"},"image":{"@id":"https:\/\/fuentesfidedignas.com.mx\/index.php\/2024\/08\/23\/fiscal-de-sinaloa-podria-ser-acusada-de-varios-delitos-en-investigacion-del-asesinato-de-hector-cuen-expertos\/#primaryimage"},"thumbnailUrl":"https:\/\/fuentesfidedignas.com.mx\/wp-content\/uploads\/2023\/04\/Sara-Bruna-Quinonez-Estrada-1.jpeg","articleSection":["NOTA PRINCIPAL"],"inLanguage":"es","potentialAction":[{"@type":"CommentAction","name":"Comment","target":["https:\/\/fuentesfidedignas.com.mx\/index.php\/2024\/08\/23\/fiscal-de-sinaloa-podria-ser-acusada-de-varios-delitos-en-investigacion-del-asesinato-de-hector-cuen-expertos\/#respond"]}]},{"@type":"WebPage","@id":"https:\/\/fuentesfidedignas.com.mx\/index.php\/2024\/08\/23\/fiscal-de-sinaloa-podria-ser-acusada-de-varios-delitos-en-investigacion-del-asesinato-de-hector-cuen-expertos\/","url":"https:\/\/fuentesfidedignas.com.mx\/index.php\/2024\/08\/23\/fiscal-de-sinaloa-podria-ser-acusada-de-varios-delitos-en-investigacion-del-asesinato-de-hector-cuen-expertos\/","name":"Fiscal de Sinaloa podr\u00eda ser acusada de varios delitos en investigaci\u00f3n del caso Cu\u00e9n: expertos - Fuentes Fidedignas","isPartOf":{"@id":"https:\/\/fuentesfidedignas.com.mx\/#website"},"primaryImageOfPage":{"@id":"https:\/\/fuentesfidedignas.com.mx\/index.php\/2024\/08\/23\/fiscal-de-sinaloa-podria-ser-acusada-de-varios-delitos-en-investigacion-del-asesinato-de-hector-cuen-expertos\/#primaryimage"},"image":{"@id":"https:\/\/fuentesfidedignas.com.mx\/index.php\/2024\/08\/23\/fiscal-de-sinaloa-podria-ser-acusada-de-varios-delitos-en-investigacion-del-asesinato-de-hector-cuen-expertos\/#primaryimage"},"thumbnailUrl":"https:\/\/fuentesfidedignas.com.mx\/wp-content\/uploads\/2023\/04\/Sara-Bruna-Quinonez-Estrada-1.jpeg","datePublished":"2024-08-23T18:00:58+00:00","dateModified":"2024-08-23T18:01:34+00:00","breadcrumb":{"@id":"https:\/\/fuentesfidedignas.com.mx\/index.php\/2024\/08\/23\/fiscal-de-sinaloa-podria-ser-acusada-de-varios-delitos-en-investigacion-del-asesinato-de-hector-cuen-expertos\/#breadcrumb"},"inLanguage":"es","potentialAction":[{"@type":"ReadAction","target":["https:\/\/fuentesfidedignas.com.mx\/index.php\/2024\/08\/23\/fiscal-de-sinaloa-podria-ser-acusada-de-varios-delitos-en-investigacion-del-asesinato-de-hector-cuen-expertos\/"]}]},{"@type":"ImageObject","inLanguage":"es","@id":"https:\/\/fuentesfidedignas.com.mx\/index.php\/2024\/08\/23\/fiscal-de-sinaloa-podria-ser-acusada-de-varios-delitos-en-investigacion-del-asesinato-de-hector-cuen-expertos\/#primaryimage","url":"https:\/\/fuentesfidedignas.com.mx\/wp-content\/uploads\/2023\/04\/Sara-Bruna-Quinonez-Estrada-1.jpeg","contentUrl":"https:\/\/fuentesfidedignas.com.mx\/wp-content\/uploads\/2023\/04\/Sara-Bruna-Quinonez-Estrada-1.jpeg","width":1600,"height":1064},{"@type":"BreadcrumbList","@id":"https:\/\/fuentesfidedignas.com.mx\/index.php\/2024\/08\/23\/fiscal-de-sinaloa-podria-ser-acusada-de-varios-delitos-en-investigacion-del-asesinato-de-hector-cuen-expertos\/#breadcrumb","itemListElement":[{"@type":"ListItem","position":1,"name":"Inicio","item":"https:\/\/fuentesfidedignas.com.mx\/"},{"@type":"ListItem","position":2,"name":"Fiscal de Sinaloa podr\u00eda ser acusada de varios delitos en investigaci\u00f3n del caso Cu\u00e9n: expertos"}]},{"@type":"WebSite","@id":"https:\/\/fuentesfidedignas.com.mx\/#website","url":"https:\/\/fuentesfidedignas.com.mx\/","name":"Fuentes Fidedignas","description":"Otro sitio realizado con WordPress","publisher":{"@id":"https:\/\/fuentesfidedignas.com.mx\/#organization"},"potentialAction":[{"@type":"SearchAction","target":{"@type":"EntryPoint","urlTemplate":"https:\/\/fuentesfidedignas.com.mx\/?s={search_term_string}"},"query-input":{"@type":"PropertyValueSpecification","valueRequired":true,"valueName":"search_term_string"}}],"inLanguage":"es"},{"@type":"Organization","@id":"https:\/\/fuentesfidedignas.com.mx\/#organization","name":"Fuentes Fidedignas","url":"https:\/\/fuentesfidedignas.com.mx\/","logo":{"@type":"ImageObject","inLanguage":"es","@id":"https:\/\/fuentesfidedignas.com.mx\/#\/schema\/logo\/image\/","url":"https:\/\/fuentesfidedignas.com.mx\/wp-content\/uploads\/2021\/04\/logo-retina.png","contentUrl":"https:\/\/fuentesfidedignas.com.mx\/wp-content\/uploads\/2021\/04\/logo-retina.png","width":280,"height":51,"caption":"Fuentes Fidedignas"},"image":{"@id":"https:\/\/fuentesfidedignas.com.mx\/#\/schema\/logo\/image\/"},"sameAs":["https:\/\/www.facebook.com\/Fuentes-Fidedignas-368234489921644","https:\/\/x.com\/fidedignas"]},{"@type":"Person","@id":"https:\/\/fuentesfidedignas.com.mx\/#\/schema\/person\/47ec0135738f4b0c7495f06a77a2c976","name":"Milenio","image":{"@type":"ImageObject","inLanguage":"es","@id":"https:\/\/secure.gravatar.com\/avatar\/acabf7b54753e51c2c76457954577c236b3b764789b19879565769739d1e4a75?s=96&d=mm&r=g","url":"https:\/\/secure.gravatar.com\/avatar\/acabf7b54753e51c2c76457954577c236b3b764789b19879565769739d1e4a75?s=96&d=mm&r=g","contentUrl":"https:\/\/secure.gravatar.com\/avatar\/acabf7b54753e51c2c76457954577c236b3b764789b19879565769739d1e4a75?s=96&d=mm&r=g","caption":"Milenio"},"url":"https:\/\/fuentesfidedignas.com.mx\/index.php\/author\/milenio\/"}]}},"_links":{"self":[{"href":"https:\/\/fuentesfidedignas.com.mx\/index.php\/wp-json\/wp\/v2\/posts\/89419","targetHints":{"allow":["GET"]}}],"collection":[{"href":"https:\/\/fuentesfidedignas.com.mx\/index.php\/wp-json\/wp\/v2\/posts"}],"about":[{"href":"https:\/\/fuentesfidedignas.com.mx\/index.php\/wp-json\/wp\/v2\/types\/post"}],"author":[{"embeddable":true,"href":"https:\/\/fuentesfidedignas.com.mx\/index.php\/wp-json\/wp\/v2\/users\/9"}],"replies":[{"embeddable":true,"href":"https:\/\/fuentesfidedignas.com.mx\/index.php\/wp-json\/wp\/v2\/comments?post=89419"}],"version-history":[{"count":2,"href":"https:\/\/fuentesfidedignas.com.mx\/index.php\/wp-json\/wp\/v2\/posts\/89419\/revisions"}],"predecessor-version":[{"id":89421,"href":"https:\/\/fuentesfidedignas.com.mx\/index.php\/wp-json\/wp\/v2\/posts\/89419\/revisions\/89421"}],"wp:featuredmedia":[{"embeddable":true,"href":"https:\/\/fuentesfidedignas.com.mx\/index.php\/wp-json\/wp\/v2\/media\/44346"}],"wp:attachment":[{"href":"https:\/\/fuentesfidedignas.com.mx\/index.php\/wp-json\/wp\/v2\/media?parent=89419"}],"wp:term":[{"taxonomy":"category","embeddable":true,"href":"https:\/\/fuentesfidedignas.com.mx\/index.php\/wp-json\/wp\/v2\/categories?post=89419"},{"taxonomy":"post_tag","embeddable":true,"href":"https:\/\/fuentesfidedignas.com.mx\/index.php\/wp-json\/wp\/v2\/tags?post=89419"}],"curies":[{"name":"wp","href":"https:\/\/api.w.org\/{rel}","templated":true}]}}