{"id":8941,"date":"2021-08-04T11:14:29","date_gmt":"2021-08-04T18:14:29","guid":{"rendered":"https:\/\/fuentesfidedignas.com.mx\/?p=8941"},"modified":"2021-08-04T11:14:31","modified_gmt":"2021-08-04T18:14:31","slug":"mexico-inicia-batalla-legal-contra-fabricantes-de-armas-en-eu-por-trafico-ilegal","status":"publish","type":"post","link":"https:\/\/fuentesfidedignas.com.mx\/index.php\/2021\/08\/04\/mexico-inicia-batalla-legal-contra-fabricantes-de-armas-en-eu-por-trafico-ilegal\/","title":{"rendered":"M\u00e9xico inicia batalla legal contra fabricantes de armas en EU por tr\u00e1fico ilegal"},"content":{"rendered":"\n<p><strong><em>Marcelo Ebrard, indic\u00f3 que desde la canciller\u00eda se ha trabajado este tema durante al menos dos a\u00f1os<\/em><\/strong><\/p>\n\n\n\n<p>Ciudad de M\u00e9xico.- Con el prop\u00f3sito de frenar el tr\u00e1fico ilegal de armas al pa\u00eds, el gobierno del presidente Andr\u00e9s Manuel L\u00f3pez Obrador inici\u00f3 una batalla legal en los tribunales contra las empresas fabricantes de armas de Estados Unidos.<\/p>\n\n\n\n<p>Seg\u00fan la informaci\u00f3n difundida por la agencia Reuters, las autoridades mexicanas interpusieron una demanda formal en una Corte de ese pa\u00eds por incurrir en pr\u00e1cticas negligentes a sabiendas de que sus armas son introducidas ilegalmente al pa\u00eds.<\/p>\n\n\n\n<p>M\u00e9xico busca una compensaci\u00f3n de Smith &amp; Wesson; Barret Firearms; Colt\u00b4s Manufacturing Company; Glock Inc; Sturnm, Ruger &amp; Co, Inc., entre otras empresas fabricantes.<\/p>\n\n\n\n<p>Alejandro Celorio Alc\u00e1ntara, consultor jur\u00eddico de M\u00e9xico, dijo que se trata de un litigio estrat\u00e9gico, y que ya se preparan para responder las defensas legales que puedan presentar los demandados.<\/p>\n\n\n\n<p>Adem\u00e1s, se\u00f1al\u00f3 que la demanda se realiz\u00f3 en territorio estadunidense, para que las compa\u00f1\u00edas se puedan defender en su propio idioma y bajo su legislaci\u00f3n.<\/p>\n\n\n\n<p>\u201cEs un ejemplo de pr\u00e1ctica negligente, es un derecho constitucional de los estadunidenses poseer y comprar armas, pero hablamos de da\u00f1os en el territorio mexicanos, que tiene un estricto control de su compa, sino es con la autorizaci\u00f3n de las autoridades correspondientes\u201d, explic\u00f3.<\/p>\n\n\n\n<p>Para el legislador morenista, Ricardo Monreal, la demanda en materia civil en una corte de Boston, Massachussets es \u201ccorrecta, oportuna, valiente y justa\u201d, al tratarse de un hecho sin precedentes. \u201cM\u00e9xico no puede mantenerse ya callado o silencioso\u201d ante dicha problem\u00e1tica.<\/p>\n\n\n\n<p><strong>Demanda civil, no contra el gobierno<\/strong><\/p>\n\n\n\n<p>La demanda, que fue presentada ante una corte federal en Boston, Massachusetts, no es en contra del gobierno de ese pa\u00eds, explicaron los funcionarios, por lo que no debe ser considerada como un litigio diplom\u00e1tico, insistieron.<\/p>\n\n\n\n<p>El titular de la Secretar\u00eda de Relaciones Exteriores, Marcelo Ebrard, indic\u00f3 que desde la canciller\u00eda se ha trabajado este tema durante al menos dos a\u00f1os, desde que se propuso iniciar una acci\u00f3n legal exitosa, factible, en el vecino del norte, en contra de los productores de armas, \u201c\u00edntimamente vinculadas a la violencia que se vive en M\u00e9xico\u201d, indic\u00f3.<\/p>\n\n\n\n<p>El canciller explic\u00f3 que lo que presentan es una demanda civil de da\u00f1os, con la que se busca que las empresas apuntadas compensen al gobierno de M\u00e9xico por el da\u00f1o causado por sus pr\u00e1cticas negligentes. Tambi\u00e9n que impongan est\u00e1ndares para monitorear y en su caso disciplinar a sus clientes \u201cporque las empresas lo saben\u201d.<\/p>\n\n\n\n<p>Y es que Ebrard asegur\u00f3 que esas compa\u00f1\u00edas incluso fabrican modelos de armas espec\u00edficamente para el narcotr\u00e1fico, que tienen distintas caracter\u00edsticas, \u201cson m\u00e1s valiosas\u201d. Por ese motivo, insisti\u00f3, las empresas demandadas deben incorporar mecanismos de seguridad en las armas, para poder rastrearlas. \u201cQue las empresas cesen de inmediato las pr\u00e1cticas negligentes que ocasionan muertes en M\u00e9xico\u201d, subray\u00f3.<\/p>\n\n\n\n<p>Eso s\u00ed, reconoci\u00f3 que del lado mexicano de la frontera tambi\u00e9n queda un largo camino por recorrer en el tema, que esta demanda no es que sustituya el deber de M\u00e9xico, pero, dijo, es de gran avance. \u201cVamos a ganar el juicio y vamos a reducir el tr\u00e1fico de armas a M\u00e9xico que no puede seguir impune&#8221;. <\/p>\n","protected":false},"excerpt":{"rendered":"<p>Marcelo Ebrard, indic\u00f3 que desde la canciller\u00eda se ha trabajado este tema durante al menos dos a\u00f1os Ciudad de M\u00e9xico.- Con el prop\u00f3sito de frenar el tr\u00e1fico ilegal de armas al pa\u00eds, el gobierno del presidente Andr\u00e9s Manuel L\u00f3pez Obrador inici\u00f3 una batalla legal en los tribunales contra las empresas fabricantes de armas de Estados [&hellip;]<\/p>\n","protected":false},"author":50,"featured_media":8942,"comment_status":"open","ping_status":"open","sticky":false,"template":"","format":"standard","meta":{"tdm_status":"","tdm_grid_status":"","footnotes":""},"categories":[39],"tags":[],"class_list":{"0":"post-8941","1":"post","2":"type-post","3":"status-publish","4":"format-standard","5":"has-post-thumbnail","7":"category-noticias-nacionales"},"yoast_head":"<!-- This site is optimized with the Yoast SEO plugin v27.5 - https:\/\/yoast.com\/product\/yoast-seo-wordpress\/ -->\n<title>M\u00e9xico inicia batalla legal contra fabricantes de armas en EU por tr\u00e1fico ilegal - Fuentes Fidedignas<\/title>\n<meta name=\"robots\" content=\"index, follow, max-snippet:-1, max-image-preview:large, max-video-preview:-1\" \/>\n<link rel=\"canonical\" href=\"https:\/\/fuentesfidedignas.com.mx\/index.php\/2021\/08\/04\/mexico-inicia-batalla-legal-contra-fabricantes-de-armas-en-eu-por-trafico-ilegal\/\" \/>\n<meta property=\"og:locale\" content=\"es_MX\" \/>\n<meta property=\"og:type\" content=\"article\" \/>\n<meta property=\"og:title\" content=\"M\u00e9xico inicia batalla legal contra fabricantes de armas en EU por tr\u00e1fico ilegal - Fuentes Fidedignas\" \/>\n<meta property=\"og:description\" content=\"Marcelo Ebrard, indic\u00f3 que desde la canciller\u00eda se ha trabajado este tema durante al menos dos a\u00f1os Ciudad de M\u00e9xico.- Con el prop\u00f3sito de frenar el tr\u00e1fico ilegal de armas al pa\u00eds, el gobierno del presidente Andr\u00e9s Manuel L\u00f3pez Obrador inici\u00f3 una batalla legal en los tribunales contra las empresas fabricantes de armas de Estados [&hellip;]\" \/>\n<meta property=\"og:url\" content=\"https:\/\/fuentesfidedignas.com.mx\/index.php\/2021\/08\/04\/mexico-inicia-batalla-legal-contra-fabricantes-de-armas-en-eu-por-trafico-ilegal\/\" \/>\n<meta property=\"og:site_name\" content=\"Fuentes Fidedignas\" \/>\n<meta property=\"article:publisher\" content=\"https:\/\/www.facebook.com\/Fuentes-Fidedignas-368234489921644\" \/>\n<meta property=\"article:published_time\" content=\"2021-08-04T18:14:29+00:00\" \/>\n<meta property=\"article:modified_time\" content=\"2021-08-04T18:14:31+00:00\" \/>\n<meta property=\"og:image\" content=\"https:\/\/fuentesfidedignas.com.mx\/wp-content\/uploads\/2021\/08\/f608x342-140168_169891_15.jpg\" \/>\n\t<meta property=\"og:image:width\" content=\"608\" \/>\n\t<meta property=\"og:image:height\" content=\"342\" \/>\n\t<meta property=\"og:image:type\" content=\"image\/jpeg\" \/>\n<meta name=\"author\" content=\"Proceso\" \/>\n<meta name=\"twitter:card\" content=\"summary_large_image\" \/>\n<meta name=\"twitter:creator\" content=\"@fidedignas\" \/>\n<meta name=\"twitter:site\" content=\"@fidedignas\" \/>\n<meta name=\"twitter:label1\" content=\"Escrito por\" \/>\n\t<meta name=\"twitter:data1\" content=\"Proceso\" \/>\n\t<meta name=\"twitter:label2\" content=\"Tiempo de lectura\" \/>\n\t<meta name=\"twitter:data2\" content=\"3 minutos\" \/>\n<script type=\"application\/ld+json\" class=\"yoast-schema-graph\">{\"@context\":\"https:\\\/\\\/schema.org\",\"@graph\":[{\"@type\":\"Article\",\"@id\":\"https:\\\/\\\/fuentesfidedignas.com.mx\\\/index.php\\\/2021\\\/08\\\/04\\\/mexico-inicia-batalla-legal-contra-fabricantes-de-armas-en-eu-por-trafico-ilegal\\\/#article\",\"isPartOf\":{\"@id\":\"https:\\\/\\\/fuentesfidedignas.com.mx\\\/index.php\\\/2021\\\/08\\\/04\\\/mexico-inicia-batalla-legal-contra-fabricantes-de-armas-en-eu-por-trafico-ilegal\\\/\"},\"author\":{\"name\":\"Proceso\",\"@id\":\"https:\\\/\\\/fuentesfidedignas.com.mx\\\/#\\\/schema\\\/person\\\/eb72247ff123b3ce5e4cadc7f50ae372\"},\"headline\":\"M\u00e9xico inicia batalla legal contra fabricantes de armas en EU por tr\u00e1fico ilegal\",\"datePublished\":\"2021-08-04T18:14:29+00:00\",\"dateModified\":\"2021-08-04T18:14:31+00:00\",\"mainEntityOfPage\":{\"@id\":\"https:\\\/\\\/fuentesfidedignas.com.mx\\\/index.php\\\/2021\\\/08\\\/04\\\/mexico-inicia-batalla-legal-contra-fabricantes-de-armas-en-eu-por-trafico-ilegal\\\/\"},\"wordCount\":593,\"commentCount\":0,\"publisher\":{\"@id\":\"https:\\\/\\\/fuentesfidedignas.com.mx\\\/#organization\"},\"image\":{\"@id\":\"https:\\\/\\\/fuentesfidedignas.com.mx\\\/index.php\\\/2021\\\/08\\\/04\\\/mexico-inicia-batalla-legal-contra-fabricantes-de-armas-en-eu-por-trafico-ilegal\\\/#primaryimage\"},\"thumbnailUrl\":\"https:\\\/\\\/fuentesfidedignas.com.mx\\\/wp-content\\\/uploads\\\/2021\\\/08\\\/f608x342-140168_169891_15.jpg\",\"articleSection\":[\"NOTICIAS NACIONALES\"],\"inLanguage\":\"es\",\"potentialAction\":[{\"@type\":\"CommentAction\",\"name\":\"Comment\",\"target\":[\"https:\\\/\\\/fuentesfidedignas.com.mx\\\/index.php\\\/2021\\\/08\\\/04\\\/mexico-inicia-batalla-legal-contra-fabricantes-de-armas-en-eu-por-trafico-ilegal\\\/#respond\"]}]},{\"@type\":\"WebPage\",\"@id\":\"https:\\\/\\\/fuentesfidedignas.com.mx\\\/index.php\\\/2021\\\/08\\\/04\\\/mexico-inicia-batalla-legal-contra-fabricantes-de-armas-en-eu-por-trafico-ilegal\\\/\",\"url\":\"https:\\\/\\\/fuentesfidedignas.com.mx\\\/index.php\\\/2021\\\/08\\\/04\\\/mexico-inicia-batalla-legal-contra-fabricantes-de-armas-en-eu-por-trafico-ilegal\\\/\",\"name\":\"M\u00e9xico inicia batalla legal contra fabricantes de armas en EU por tr\u00e1fico ilegal - Fuentes Fidedignas\",\"isPartOf\":{\"@id\":\"https:\\\/\\\/fuentesfidedignas.com.mx\\\/#website\"},\"primaryImageOfPage\":{\"@id\":\"https:\\\/\\\/fuentesfidedignas.com.mx\\\/index.php\\\/2021\\\/08\\\/04\\\/mexico-inicia-batalla-legal-contra-fabricantes-de-armas-en-eu-por-trafico-ilegal\\\/#primaryimage\"},\"image\":{\"@id\":\"https:\\\/\\\/fuentesfidedignas.com.mx\\\/index.php\\\/2021\\\/08\\\/04\\\/mexico-inicia-batalla-legal-contra-fabricantes-de-armas-en-eu-por-trafico-ilegal\\\/#primaryimage\"},\"thumbnailUrl\":\"https:\\\/\\\/fuentesfidedignas.com.mx\\\/wp-content\\\/uploads\\\/2021\\\/08\\\/f608x342-140168_169891_15.jpg\",\"datePublished\":\"2021-08-04T18:14:29+00:00\",\"dateModified\":\"2021-08-04T18:14:31+00:00\",\"breadcrumb\":{\"@id\":\"https:\\\/\\\/fuentesfidedignas.com.mx\\\/index.php\\\/2021\\\/08\\\/04\\\/mexico-inicia-batalla-legal-contra-fabricantes-de-armas-en-eu-por-trafico-ilegal\\\/#breadcrumb\"},\"inLanguage\":\"es\",\"potentialAction\":[{\"@type\":\"ReadAction\",\"target\":[\"https:\\\/\\\/fuentesfidedignas.com.mx\\\/index.php\\\/2021\\\/08\\\/04\\\/mexico-inicia-batalla-legal-contra-fabricantes-de-armas-en-eu-por-trafico-ilegal\\\/\"]}]},{\"@type\":\"ImageObject\",\"inLanguage\":\"es\",\"@id\":\"https:\\\/\\\/fuentesfidedignas.com.mx\\\/index.php\\\/2021\\\/08\\\/04\\\/mexico-inicia-batalla-legal-contra-fabricantes-de-armas-en-eu-por-trafico-ilegal\\\/#primaryimage\",\"url\":\"https:\\\/\\\/fuentesfidedignas.com.mx\\\/wp-content\\\/uploads\\\/2021\\\/08\\\/f608x342-140168_169891_15.jpg\",\"contentUrl\":\"https:\\\/\\\/fuentesfidedignas.com.mx\\\/wp-content\\\/uploads\\\/2021\\\/08\\\/f608x342-140168_169891_15.jpg\",\"width\":608,\"height\":342},{\"@type\":\"BreadcrumbList\",\"@id\":\"https:\\\/\\\/fuentesfidedignas.com.mx\\\/index.php\\\/2021\\\/08\\\/04\\\/mexico-inicia-batalla-legal-contra-fabricantes-de-armas-en-eu-por-trafico-ilegal\\\/#breadcrumb\",\"itemListElement\":[{\"@type\":\"ListItem\",\"position\":1,\"name\":\"Inicio\",\"item\":\"https:\\\/\\\/fuentesfidedignas.com.mx\\\/\"},{\"@type\":\"ListItem\",\"position\":2,\"name\":\"M\u00e9xico inicia batalla legal contra fabricantes de armas en EU por tr\u00e1fico ilegal\"}]},{\"@type\":\"WebSite\",\"@id\":\"https:\\\/\\\/fuentesfidedignas.com.mx\\\/#website\",\"url\":\"https:\\\/\\\/fuentesfidedignas.com.mx\\\/\",\"name\":\"Fuentes Fidedignas\",\"description\":\"Otro sitio realizado con WordPress\",\"publisher\":{\"@id\":\"https:\\\/\\\/fuentesfidedignas.com.mx\\\/#organization\"},\"potentialAction\":[{\"@type\":\"SearchAction\",\"target\":{\"@type\":\"EntryPoint\",\"urlTemplate\":\"https:\\\/\\\/fuentesfidedignas.com.mx\\\/?s={search_term_string}\"},\"query-input\":{\"@type\":\"PropertyValueSpecification\",\"valueRequired\":true,\"valueName\":\"search_term_string\"}}],\"inLanguage\":\"es\"},{\"@type\":\"Organization\",\"@id\":\"https:\\\/\\\/fuentesfidedignas.com.mx\\\/#organization\",\"name\":\"Fuentes Fidedignas\",\"url\":\"https:\\\/\\\/fuentesfidedignas.com.mx\\\/\",\"logo\":{\"@type\":\"ImageObject\",\"inLanguage\":\"es\",\"@id\":\"https:\\\/\\\/fuentesfidedignas.com.mx\\\/#\\\/schema\\\/logo\\\/image\\\/\",\"url\":\"https:\\\/\\\/fuentesfidedignas.com.mx\\\/wp-content\\\/uploads\\\/2021\\\/04\\\/logo-retina.png\",\"contentUrl\":\"https:\\\/\\\/fuentesfidedignas.com.mx\\\/wp-content\\\/uploads\\\/2021\\\/04\\\/logo-retina.png\",\"width\":280,\"height\":51,\"caption\":\"Fuentes Fidedignas\"},\"image\":{\"@id\":\"https:\\\/\\\/fuentesfidedignas.com.mx\\\/#\\\/schema\\\/logo\\\/image\\\/\"},\"sameAs\":[\"https:\\\/\\\/www.facebook.com\\\/Fuentes-Fidedignas-368234489921644\",\"https:\\\/\\\/x.com\\\/fidedignas\"]},{\"@type\":\"Person\",\"@id\":\"https:\\\/\\\/fuentesfidedignas.com.mx\\\/#\\\/schema\\\/person\\\/eb72247ff123b3ce5e4cadc7f50ae372\",\"name\":\"Proceso\",\"image\":{\"@type\":\"ImageObject\",\"inLanguage\":\"es\",\"@id\":\"https:\\\/\\\/secure.gravatar.com\\\/avatar\\\/0bb01ecb091d50a46122cbe5cc32ffea15a000f83628f1e40458e669d38ff2cd?s=96&d=mm&r=g\",\"url\":\"https:\\\/\\\/secure.gravatar.com\\\/avatar\\\/0bb01ecb091d50a46122cbe5cc32ffea15a000f83628f1e40458e669d38ff2cd?s=96&d=mm&r=g\",\"contentUrl\":\"https:\\\/\\\/secure.gravatar.com\\\/avatar\\\/0bb01ecb091d50a46122cbe5cc32ffea15a000f83628f1e40458e669d38ff2cd?s=96&d=mm&r=g\",\"caption\":\"Proceso\"},\"url\":\"https:\\\/\\\/fuentesfidedignas.com.mx\\\/index.php\\\/author\\\/proceso\\\/\"}]}<\/script>\n<!-- \/ Yoast SEO plugin. -->","yoast_head_json":{"title":"M\u00e9xico inicia batalla legal contra fabricantes de armas en EU por tr\u00e1fico ilegal - Fuentes Fidedignas","robots":{"index":"index","follow":"follow","max-snippet":"max-snippet:-1","max-image-preview":"max-image-preview:large","max-video-preview":"max-video-preview:-1"},"canonical":"https:\/\/fuentesfidedignas.com.mx\/index.php\/2021\/08\/04\/mexico-inicia-batalla-legal-contra-fabricantes-de-armas-en-eu-por-trafico-ilegal\/","og_locale":"es_MX","og_type":"article","og_title":"M\u00e9xico inicia batalla legal contra fabricantes de armas en EU por tr\u00e1fico ilegal - Fuentes Fidedignas","og_description":"Marcelo Ebrard, indic\u00f3 que desde la canciller\u00eda se ha trabajado este tema durante al menos dos a\u00f1os Ciudad de M\u00e9xico.- Con el prop\u00f3sito de frenar el tr\u00e1fico ilegal de armas al pa\u00eds, el gobierno del presidente Andr\u00e9s Manuel L\u00f3pez Obrador inici\u00f3 una batalla legal en los tribunales contra las empresas fabricantes de armas de Estados [&hellip;]","og_url":"https:\/\/fuentesfidedignas.com.mx\/index.php\/2021\/08\/04\/mexico-inicia-batalla-legal-contra-fabricantes-de-armas-en-eu-por-trafico-ilegal\/","og_site_name":"Fuentes Fidedignas","article_publisher":"https:\/\/www.facebook.com\/Fuentes-Fidedignas-368234489921644","article_published_time":"2021-08-04T18:14:29+00:00","article_modified_time":"2021-08-04T18:14:31+00:00","og_image":[{"width":608,"height":342,"url":"https:\/\/fuentesfidedignas.com.mx\/wp-content\/uploads\/2021\/08\/f608x342-140168_169891_15.jpg","type":"image\/jpeg"}],"author":"Proceso","twitter_card":"summary_large_image","twitter_creator":"@fidedignas","twitter_site":"@fidedignas","twitter_misc":{"Escrito por":"Proceso","Tiempo de lectura":"3 minutos"},"schema":{"@context":"https:\/\/schema.org","@graph":[{"@type":"Article","@id":"https:\/\/fuentesfidedignas.com.mx\/index.php\/2021\/08\/04\/mexico-inicia-batalla-legal-contra-fabricantes-de-armas-en-eu-por-trafico-ilegal\/#article","isPartOf":{"@id":"https:\/\/fuentesfidedignas.com.mx\/index.php\/2021\/08\/04\/mexico-inicia-batalla-legal-contra-fabricantes-de-armas-en-eu-por-trafico-ilegal\/"},"author":{"name":"Proceso","@id":"https:\/\/fuentesfidedignas.com.mx\/#\/schema\/person\/eb72247ff123b3ce5e4cadc7f50ae372"},"headline":"M\u00e9xico inicia batalla legal contra fabricantes de armas en EU por tr\u00e1fico ilegal","datePublished":"2021-08-04T18:14:29+00:00","dateModified":"2021-08-04T18:14:31+00:00","mainEntityOfPage":{"@id":"https:\/\/fuentesfidedignas.com.mx\/index.php\/2021\/08\/04\/mexico-inicia-batalla-legal-contra-fabricantes-de-armas-en-eu-por-trafico-ilegal\/"},"wordCount":593,"commentCount":0,"publisher":{"@id":"https:\/\/fuentesfidedignas.com.mx\/#organization"},"image":{"@id":"https:\/\/fuentesfidedignas.com.mx\/index.php\/2021\/08\/04\/mexico-inicia-batalla-legal-contra-fabricantes-de-armas-en-eu-por-trafico-ilegal\/#primaryimage"},"thumbnailUrl":"https:\/\/fuentesfidedignas.com.mx\/wp-content\/uploads\/2021\/08\/f608x342-140168_169891_15.jpg","articleSection":["NOTICIAS NACIONALES"],"inLanguage":"es","potentialAction":[{"@type":"CommentAction","name":"Comment","target":["https:\/\/fuentesfidedignas.com.mx\/index.php\/2021\/08\/04\/mexico-inicia-batalla-legal-contra-fabricantes-de-armas-en-eu-por-trafico-ilegal\/#respond"]}]},{"@type":"WebPage","@id":"https:\/\/fuentesfidedignas.com.mx\/index.php\/2021\/08\/04\/mexico-inicia-batalla-legal-contra-fabricantes-de-armas-en-eu-por-trafico-ilegal\/","url":"https:\/\/fuentesfidedignas.com.mx\/index.php\/2021\/08\/04\/mexico-inicia-batalla-legal-contra-fabricantes-de-armas-en-eu-por-trafico-ilegal\/","name":"M\u00e9xico inicia batalla legal contra fabricantes de armas en EU por tr\u00e1fico ilegal - Fuentes Fidedignas","isPartOf":{"@id":"https:\/\/fuentesfidedignas.com.mx\/#website"},"primaryImageOfPage":{"@id":"https:\/\/fuentesfidedignas.com.mx\/index.php\/2021\/08\/04\/mexico-inicia-batalla-legal-contra-fabricantes-de-armas-en-eu-por-trafico-ilegal\/#primaryimage"},"image":{"@id":"https:\/\/fuentesfidedignas.com.mx\/index.php\/2021\/08\/04\/mexico-inicia-batalla-legal-contra-fabricantes-de-armas-en-eu-por-trafico-ilegal\/#primaryimage"},"thumbnailUrl":"https:\/\/fuentesfidedignas.com.mx\/wp-content\/uploads\/2021\/08\/f608x342-140168_169891_15.jpg","datePublished":"2021-08-04T18:14:29+00:00","dateModified":"2021-08-04T18:14:31+00:00","breadcrumb":{"@id":"https:\/\/fuentesfidedignas.com.mx\/index.php\/2021\/08\/04\/mexico-inicia-batalla-legal-contra-fabricantes-de-armas-en-eu-por-trafico-ilegal\/#breadcrumb"},"inLanguage":"es","potentialAction":[{"@type":"ReadAction","target":["https:\/\/fuentesfidedignas.com.mx\/index.php\/2021\/08\/04\/mexico-inicia-batalla-legal-contra-fabricantes-de-armas-en-eu-por-trafico-ilegal\/"]}]},{"@type":"ImageObject","inLanguage":"es","@id":"https:\/\/fuentesfidedignas.com.mx\/index.php\/2021\/08\/04\/mexico-inicia-batalla-legal-contra-fabricantes-de-armas-en-eu-por-trafico-ilegal\/#primaryimage","url":"https:\/\/fuentesfidedignas.com.mx\/wp-content\/uploads\/2021\/08\/f608x342-140168_169891_15.jpg","contentUrl":"https:\/\/fuentesfidedignas.com.mx\/wp-content\/uploads\/2021\/08\/f608x342-140168_169891_15.jpg","width":608,"height":342},{"@type":"BreadcrumbList","@id":"https:\/\/fuentesfidedignas.com.mx\/index.php\/2021\/08\/04\/mexico-inicia-batalla-legal-contra-fabricantes-de-armas-en-eu-por-trafico-ilegal\/#breadcrumb","itemListElement":[{"@type":"ListItem","position":1,"name":"Inicio","item":"https:\/\/fuentesfidedignas.com.mx\/"},{"@type":"ListItem","position":2,"name":"M\u00e9xico inicia batalla legal contra fabricantes de armas en EU por tr\u00e1fico ilegal"}]},{"@type":"WebSite","@id":"https:\/\/fuentesfidedignas.com.mx\/#website","url":"https:\/\/fuentesfidedignas.com.mx\/","name":"Fuentes Fidedignas","description":"Otro sitio realizado con WordPress","publisher":{"@id":"https:\/\/fuentesfidedignas.com.mx\/#organization"},"potentialAction":[{"@type":"SearchAction","target":{"@type":"EntryPoint","urlTemplate":"https:\/\/fuentesfidedignas.com.mx\/?s={search_term_string}"},"query-input":{"@type":"PropertyValueSpecification","valueRequired":true,"valueName":"search_term_string"}}],"inLanguage":"es"},{"@type":"Organization","@id":"https:\/\/fuentesfidedignas.com.mx\/#organization","name":"Fuentes Fidedignas","url":"https:\/\/fuentesfidedignas.com.mx\/","logo":{"@type":"ImageObject","inLanguage":"es","@id":"https:\/\/fuentesfidedignas.com.mx\/#\/schema\/logo\/image\/","url":"https:\/\/fuentesfidedignas.com.mx\/wp-content\/uploads\/2021\/04\/logo-retina.png","contentUrl":"https:\/\/fuentesfidedignas.com.mx\/wp-content\/uploads\/2021\/04\/logo-retina.png","width":280,"height":51,"caption":"Fuentes Fidedignas"},"image":{"@id":"https:\/\/fuentesfidedignas.com.mx\/#\/schema\/logo\/image\/"},"sameAs":["https:\/\/www.facebook.com\/Fuentes-Fidedignas-368234489921644","https:\/\/x.com\/fidedignas"]},{"@type":"Person","@id":"https:\/\/fuentesfidedignas.com.mx\/#\/schema\/person\/eb72247ff123b3ce5e4cadc7f50ae372","name":"Proceso","image":{"@type":"ImageObject","inLanguage":"es","@id":"https:\/\/secure.gravatar.com\/avatar\/0bb01ecb091d50a46122cbe5cc32ffea15a000f83628f1e40458e669d38ff2cd?s=96&d=mm&r=g","url":"https:\/\/secure.gravatar.com\/avatar\/0bb01ecb091d50a46122cbe5cc32ffea15a000f83628f1e40458e669d38ff2cd?s=96&d=mm&r=g","contentUrl":"https:\/\/secure.gravatar.com\/avatar\/0bb01ecb091d50a46122cbe5cc32ffea15a000f83628f1e40458e669d38ff2cd?s=96&d=mm&r=g","caption":"Proceso"},"url":"https:\/\/fuentesfidedignas.com.mx\/index.php\/author\/proceso\/"}]}},"_links":{"self":[{"href":"https:\/\/fuentesfidedignas.com.mx\/index.php\/wp-json\/wp\/v2\/posts\/8941","targetHints":{"allow":["GET"]}}],"collection":[{"href":"https:\/\/fuentesfidedignas.com.mx\/index.php\/wp-json\/wp\/v2\/posts"}],"about":[{"href":"https:\/\/fuentesfidedignas.com.mx\/index.php\/wp-json\/wp\/v2\/types\/post"}],"author":[{"embeddable":true,"href":"https:\/\/fuentesfidedignas.com.mx\/index.php\/wp-json\/wp\/v2\/users\/50"}],"replies":[{"embeddable":true,"href":"https:\/\/fuentesfidedignas.com.mx\/index.php\/wp-json\/wp\/v2\/comments?post=8941"}],"version-history":[{"count":1,"href":"https:\/\/fuentesfidedignas.com.mx\/index.php\/wp-json\/wp\/v2\/posts\/8941\/revisions"}],"predecessor-version":[{"id":8943,"href":"https:\/\/fuentesfidedignas.com.mx\/index.php\/wp-json\/wp\/v2\/posts\/8941\/revisions\/8943"}],"wp:featuredmedia":[{"embeddable":true,"href":"https:\/\/fuentesfidedignas.com.mx\/index.php\/wp-json\/wp\/v2\/media\/8942"}],"wp:attachment":[{"href":"https:\/\/fuentesfidedignas.com.mx\/index.php\/wp-json\/wp\/v2\/media?parent=8941"}],"wp:term":[{"taxonomy":"category","embeddable":true,"href":"https:\/\/fuentesfidedignas.com.mx\/index.php\/wp-json\/wp\/v2\/categories?post=8941"},{"taxonomy":"post_tag","embeddable":true,"href":"https:\/\/fuentesfidedignas.com.mx\/index.php\/wp-json\/wp\/v2\/tags?post=8941"}],"curies":[{"name":"wp","href":"https:\/\/api.w.org\/{rel}","templated":true}]}}