{"id":89315,"date":"2024-08-22T06:12:21","date_gmt":"2024-08-22T13:12:21","guid":{"rendered":"https:\/\/fuentesfidedignas.com.mx\/?p=89315"},"modified":"2024-08-22T06:18:53","modified_gmt":"2024-08-22T13:18:53","slug":"inflacion-se-ubica-en-5-16-en-primera-quincena-de-agosto","status":"publish","type":"post","link":"https:\/\/fuentesfidedignas.com.mx\/index.php\/2024\/08\/22\/inflacion-se-ubica-en-5-16-en-primera-quincena-de-agosto\/","title":{"rendered":"Inflaci\u00f3n se ubica en 5.16% en primera quincena de agosto"},"content":{"rendered":"\n<p><strong><em>El Inegi revel\u00f3 hoy que la inflaci\u00f3n general anual en M\u00e9xico se ubic\u00f3 en 5.16 por ciento durante la primera quincena de agosto<\/em><\/strong><\/p>\n\n\n\n<figure class=\"wp-block-embed is-type-rich is-provider-twitter wp-block-embed-twitter\"><div class=\"wp-block-embed__wrapper\">\n<blockquote class=\"twitter-tweet\" data-width=\"550\" data-dnt=\"true\"><p lang=\"es\" dir=\"ltr\">En la primera quincena de agosto 2024, la <a href=\"https:\/\/twitter.com\/hashtag\/inflaci%C3%B3n?src=hash&amp;ref_src=twsrc%5Etfw\">#inflaci\u00f3n<\/a> general anual se ubic\u00f3 en 5.16%. El \u00cdndice Nacional de Precios al Consumidor <a href=\"https:\/\/twitter.com\/hashtag\/INPC?src=hash&amp;ref_src=twsrc%5Etfw\">#INPC<\/a> disminuy\u00f3 0.03% a tasa quincenal.<br><br>Por componente, la inflaci\u00f3n anual fue la siguiente:<br>\ud83d\udd39 3.98%, Subyacente<br>\ud83d\udd39 8.80%, No subyacente<br><br>\ud83d\udcc4\u2026 <a href=\"https:\/\/t.co\/WIhs06a8Gc\">pic.twitter.com\/WIhs06a8Gc<\/a><\/p>&mdash; INEGI INFORMA (@INEGI_INFORMA) <a href=\"https:\/\/twitter.com\/INEGI_INFORMA\/status\/1826591284280144072?ref_src=twsrc%5Etfw\">August 22, 2024<\/a><\/blockquote><script async src=\"https:\/\/platform.twitter.com\/widgets.js\" charset=\"utf-8\"><\/script>\n<\/div><\/figure>\n\n\n\n<p>En un comunicado hoy, se explic\u00f3 que el \u00cdndice Nacional de Precios al Consumidor (INPC) tuvo una disminuci\u00f3n de 0.03 por ciento respecto a la quincena anterior. En la misma quincena de 2023, la inflaci\u00f3n quincenal fue de 0.32 % y la anual, de 4.67 por ciento.<\/p>\n\n\n\n<p>El \u00edndice de precios subyacente, considerado un mejor par\u00e1metro para medir la carest\u00eda general porque elimina art\u00edculos de alta volatilidad, aument\u00f3 0.10 por ciento a tasa quincenal y 3.98 % a tasa anual..<\/p>\n\n\n\n<p>En el mismo periodo, el \u00edndice de precios no subyacente registr\u00f3 una variaci\u00f3n de -0.46 por ciento quincenal y de 8.80 % anual.<\/p>\n\n\n\n<p>Al interior del \u00edndice subyacente, a tasa quincenal, los precios de las mercanc\u00edas incrementaron 0.14 % y los de servicios, 0.07 por ciento.<\/p>\n\n\n\n<p>Dentro del \u00edndice no subyacente, a tasa quincenal, los precios de los productos agropecuarios retrocedieron 1.30 % y los de energ\u00e9ticos y tarifas autorizadas por el gobierno subieron 0.25 por ciento.<\/p>\n\n\n\n<p>El \u00edndice de precios de la canasta de consumo m\u00ednimo, conformada por 176 productos y servicios, registr\u00f3 una variaci\u00f3n de 0.07 por ciento quincenal y de 5.27 % a tasa anual. En el mismo periodo de 2023, aument\u00f3 0.46 y 4.17 por ciento, en ese orden.<\/p>\n\n\n\n<p>Los precios al consumidor cerraron en 2023 con una subida del 4.66 por ciento en M\u00e9xico, tras la tasa de 7,82 % en 2022, el mayor nivel de 22 a\u00f1os y el siglo para un fin de a\u00f1o.<\/p>\n","protected":false},"excerpt":{"rendered":"<p>El Inegi revel\u00f3 hoy que la inflaci\u00f3n general anual en M\u00e9xico se ubic\u00f3 en 5.16 por ciento durante la primera quincena de agosto En un comunicado hoy, se explic\u00f3 que el \u00cdndice Nacional de Precios al Consumidor (INPC) tuvo una disminuci\u00f3n de 0.03 por ciento respecto a la quincena anterior. En la misma quincena de [&hellip;]<\/p>\n","protected":false},"author":47,"featured_media":26930,"comment_status":"closed","ping_status":"open","sticky":false,"template":"","format":"standard","meta":{"tdm_status":"","tdm_grid_status":"","footnotes":""},"categories":[39],"tags":[],"class_list":{"0":"post-89315","1":"post","2":"type-post","3":"status-publish","4":"format-standard","5":"has-post-thumbnail","7":"category-noticias-nacionales"},"yoast_head":"<!-- This site is optimized with the Yoast SEO plugin v27.5 - https:\/\/yoast.com\/product\/yoast-seo-wordpress\/ -->\n<title>Inflaci\u00f3n se ubica en 5.16% en primera quincena de agosto - Fuentes Fidedignas<\/title>\n<meta name=\"robots\" content=\"index, follow, max-snippet:-1, max-image-preview:large, max-video-preview:-1\" \/>\n<link rel=\"canonical\" href=\"https:\/\/fuentesfidedignas.com.mx\/index.php\/2024\/08\/22\/inflacion-se-ubica-en-5-16-en-primera-quincena-de-agosto\/\" \/>\n<meta property=\"og:locale\" content=\"es_MX\" \/>\n<meta property=\"og:type\" content=\"article\" \/>\n<meta property=\"og:title\" content=\"Inflaci\u00f3n se ubica en 5.16% en primera quincena de agosto - Fuentes Fidedignas\" \/>\n<meta property=\"og:description\" content=\"El Inegi revel\u00f3 hoy que la inflaci\u00f3n general anual en M\u00e9xico se ubic\u00f3 en 5.16 por ciento durante la primera quincena de agosto En un comunicado hoy, se explic\u00f3 que el \u00cdndice Nacional de Precios al Consumidor (INPC) tuvo una disminuci\u00f3n de 0.03 por ciento respecto a la quincena anterior. En la misma quincena de [&hellip;]\" \/>\n<meta property=\"og:url\" content=\"https:\/\/fuentesfidedignas.com.mx\/index.php\/2024\/08\/22\/inflacion-se-ubica-en-5-16-en-primera-quincena-de-agosto\/\" \/>\n<meta property=\"og:site_name\" content=\"Fuentes Fidedignas\" \/>\n<meta property=\"article:publisher\" content=\"https:\/\/www.facebook.com\/Fuentes-Fidedignas-368234489921644\" \/>\n<meta property=\"article:published_time\" content=\"2024-08-22T13:12:21+00:00\" \/>\n<meta property=\"article:modified_time\" content=\"2024-08-22T13:18:53+00:00\" \/>\n<meta property=\"og:image\" content=\"https:\/\/fuentesfidedignas.com.mx\/wp-content\/uploads\/2022\/03\/inflacion-en-mexico.jpeg\" \/>\n\t<meta property=\"og:image:width\" content=\"1536\" \/>\n\t<meta property=\"og:image:height\" content=\"1024\" \/>\n\t<meta property=\"og:image:type\" content=\"image\/jpeg\" \/>\n<meta name=\"author\" content=\"L\u00f3pez D\u00f3riga\" \/>\n<meta name=\"twitter:card\" content=\"summary_large_image\" \/>\n<meta name=\"twitter:creator\" content=\"@fidedignas\" \/>\n<meta name=\"twitter:site\" content=\"@fidedignas\" \/>\n<meta name=\"twitter:label1\" content=\"Escrito por\" \/>\n\t<meta name=\"twitter:data1\" content=\"L\u00f3pez D\u00f3riga\" \/>\n\t<meta name=\"twitter:label2\" content=\"Tiempo de lectura\" \/>\n\t<meta name=\"twitter:data2\" content=\"2 minutos\" \/>\n<script type=\"application\/ld+json\" class=\"yoast-schema-graph\">{\"@context\":\"https:\\\/\\\/schema.org\",\"@graph\":[{\"@type\":\"Article\",\"@id\":\"https:\\\/\\\/fuentesfidedignas.com.mx\\\/index.php\\\/2024\\\/08\\\/22\\\/inflacion-se-ubica-en-5-16-en-primera-quincena-de-agosto\\\/#article\",\"isPartOf\":{\"@id\":\"https:\\\/\\\/fuentesfidedignas.com.mx\\\/index.php\\\/2024\\\/08\\\/22\\\/inflacion-se-ubica-en-5-16-en-primera-quincena-de-agosto\\\/\"},\"author\":{\"name\":\"L\u00f3pez D\u00f3riga\",\"@id\":\"https:\\\/\\\/fuentesfidedignas.com.mx\\\/#\\\/schema\\\/person\\\/67d852f0557c8509146a4b9ddebd543a\"},\"headline\":\"Inflaci\u00f3n se ubica en 5.16% en primera quincena de agosto\",\"datePublished\":\"2024-08-22T13:12:21+00:00\",\"dateModified\":\"2024-08-22T13:18:53+00:00\",\"mainEntityOfPage\":{\"@id\":\"https:\\\/\\\/fuentesfidedignas.com.mx\\\/index.php\\\/2024\\\/08\\\/22\\\/inflacion-se-ubica-en-5-16-en-primera-quincena-de-agosto\\\/\"},\"wordCount\":265,\"publisher\":{\"@id\":\"https:\\\/\\\/fuentesfidedignas.com.mx\\\/#organization\"},\"image\":{\"@id\":\"https:\\\/\\\/fuentesfidedignas.com.mx\\\/index.php\\\/2024\\\/08\\\/22\\\/inflacion-se-ubica-en-5-16-en-primera-quincena-de-agosto\\\/#primaryimage\"},\"thumbnailUrl\":\"https:\\\/\\\/fuentesfidedignas.com.mx\\\/wp-content\\\/uploads\\\/2022\\\/03\\\/inflacion-en-mexico.jpeg\",\"articleSection\":[\"NOTICIAS NACIONALES\"],\"inLanguage\":\"es\"},{\"@type\":\"WebPage\",\"@id\":\"https:\\\/\\\/fuentesfidedignas.com.mx\\\/index.php\\\/2024\\\/08\\\/22\\\/inflacion-se-ubica-en-5-16-en-primera-quincena-de-agosto\\\/\",\"url\":\"https:\\\/\\\/fuentesfidedignas.com.mx\\\/index.php\\\/2024\\\/08\\\/22\\\/inflacion-se-ubica-en-5-16-en-primera-quincena-de-agosto\\\/\",\"name\":\"Inflaci\u00f3n se ubica en 5.16% en primera quincena de agosto - Fuentes Fidedignas\",\"isPartOf\":{\"@id\":\"https:\\\/\\\/fuentesfidedignas.com.mx\\\/#website\"},\"primaryImageOfPage\":{\"@id\":\"https:\\\/\\\/fuentesfidedignas.com.mx\\\/index.php\\\/2024\\\/08\\\/22\\\/inflacion-se-ubica-en-5-16-en-primera-quincena-de-agosto\\\/#primaryimage\"},\"image\":{\"@id\":\"https:\\\/\\\/fuentesfidedignas.com.mx\\\/index.php\\\/2024\\\/08\\\/22\\\/inflacion-se-ubica-en-5-16-en-primera-quincena-de-agosto\\\/#primaryimage\"},\"thumbnailUrl\":\"https:\\\/\\\/fuentesfidedignas.com.mx\\\/wp-content\\\/uploads\\\/2022\\\/03\\\/inflacion-en-mexico.jpeg\",\"datePublished\":\"2024-08-22T13:12:21+00:00\",\"dateModified\":\"2024-08-22T13:18:53+00:00\",\"breadcrumb\":{\"@id\":\"https:\\\/\\\/fuentesfidedignas.com.mx\\\/index.php\\\/2024\\\/08\\\/22\\\/inflacion-se-ubica-en-5-16-en-primera-quincena-de-agosto\\\/#breadcrumb\"},\"inLanguage\":\"es\",\"potentialAction\":[{\"@type\":\"ReadAction\",\"target\":[\"https:\\\/\\\/fuentesfidedignas.com.mx\\\/index.php\\\/2024\\\/08\\\/22\\\/inflacion-se-ubica-en-5-16-en-primera-quincena-de-agosto\\\/\"]}]},{\"@type\":\"ImageObject\",\"inLanguage\":\"es\",\"@id\":\"https:\\\/\\\/fuentesfidedignas.com.mx\\\/index.php\\\/2024\\\/08\\\/22\\\/inflacion-se-ubica-en-5-16-en-primera-quincena-de-agosto\\\/#primaryimage\",\"url\":\"https:\\\/\\\/fuentesfidedignas.com.mx\\\/wp-content\\\/uploads\\\/2022\\\/03\\\/inflacion-en-mexico.jpeg\",\"contentUrl\":\"https:\\\/\\\/fuentesfidedignas.com.mx\\\/wp-content\\\/uploads\\\/2022\\\/03\\\/inflacion-en-mexico.jpeg\",\"width\":1536,\"height\":1024},{\"@type\":\"BreadcrumbList\",\"@id\":\"https:\\\/\\\/fuentesfidedignas.com.mx\\\/index.php\\\/2024\\\/08\\\/22\\\/inflacion-se-ubica-en-5-16-en-primera-quincena-de-agosto\\\/#breadcrumb\",\"itemListElement\":[{\"@type\":\"ListItem\",\"position\":1,\"name\":\"Inicio\",\"item\":\"https:\\\/\\\/fuentesfidedignas.com.mx\\\/\"},{\"@type\":\"ListItem\",\"position\":2,\"name\":\"Inflaci\u00f3n se ubica en 5.16% en primera quincena de agosto\"}]},{\"@type\":\"WebSite\",\"@id\":\"https:\\\/\\\/fuentesfidedignas.com.mx\\\/#website\",\"url\":\"https:\\\/\\\/fuentesfidedignas.com.mx\\\/\",\"name\":\"Fuentes Fidedignas\",\"description\":\"Otro sitio realizado con WordPress\",\"publisher\":{\"@id\":\"https:\\\/\\\/fuentesfidedignas.com.mx\\\/#organization\"},\"potentialAction\":[{\"@type\":\"SearchAction\",\"target\":{\"@type\":\"EntryPoint\",\"urlTemplate\":\"https:\\\/\\\/fuentesfidedignas.com.mx\\\/?s={search_term_string}\"},\"query-input\":{\"@type\":\"PropertyValueSpecification\",\"valueRequired\":true,\"valueName\":\"search_term_string\"}}],\"inLanguage\":\"es\"},{\"@type\":\"Organization\",\"@id\":\"https:\\\/\\\/fuentesfidedignas.com.mx\\\/#organization\",\"name\":\"Fuentes Fidedignas\",\"url\":\"https:\\\/\\\/fuentesfidedignas.com.mx\\\/\",\"logo\":{\"@type\":\"ImageObject\",\"inLanguage\":\"es\",\"@id\":\"https:\\\/\\\/fuentesfidedignas.com.mx\\\/#\\\/schema\\\/logo\\\/image\\\/\",\"url\":\"https:\\\/\\\/fuentesfidedignas.com.mx\\\/wp-content\\\/uploads\\\/2021\\\/04\\\/logo-retina.png\",\"contentUrl\":\"https:\\\/\\\/fuentesfidedignas.com.mx\\\/wp-content\\\/uploads\\\/2021\\\/04\\\/logo-retina.png\",\"width\":280,\"height\":51,\"caption\":\"Fuentes Fidedignas\"},\"image\":{\"@id\":\"https:\\\/\\\/fuentesfidedignas.com.mx\\\/#\\\/schema\\\/logo\\\/image\\\/\"},\"sameAs\":[\"https:\\\/\\\/www.facebook.com\\\/Fuentes-Fidedignas-368234489921644\",\"https:\\\/\\\/x.com\\\/fidedignas\"]},{\"@type\":\"Person\",\"@id\":\"https:\\\/\\\/fuentesfidedignas.com.mx\\\/#\\\/schema\\\/person\\\/67d852f0557c8509146a4b9ddebd543a\",\"name\":\"L\u00f3pez D\u00f3riga\",\"image\":{\"@type\":\"ImageObject\",\"inLanguage\":\"es\",\"@id\":\"https:\\\/\\\/secure.gravatar.com\\\/avatar\\\/e525b06574ca18b33cded59dfe5778d6c823b9513154eff47da551b0551bdd1e?s=96&d=mm&r=g\",\"url\":\"https:\\\/\\\/secure.gravatar.com\\\/avatar\\\/e525b06574ca18b33cded59dfe5778d6c823b9513154eff47da551b0551bdd1e?s=96&d=mm&r=g\",\"contentUrl\":\"https:\\\/\\\/secure.gravatar.com\\\/avatar\\\/e525b06574ca18b33cded59dfe5778d6c823b9513154eff47da551b0551bdd1e?s=96&d=mm&r=g\",\"caption\":\"L\u00f3pez D\u00f3riga\"},\"url\":\"https:\\\/\\\/fuentesfidedignas.com.mx\\\/index.php\\\/author\\\/doriga\\\/\"}]}<\/script>\n<!-- \/ Yoast SEO plugin. -->","yoast_head_json":{"title":"Inflaci\u00f3n se ubica en 5.16% en primera quincena de agosto - Fuentes Fidedignas","robots":{"index":"index","follow":"follow","max-snippet":"max-snippet:-1","max-image-preview":"max-image-preview:large","max-video-preview":"max-video-preview:-1"},"canonical":"https:\/\/fuentesfidedignas.com.mx\/index.php\/2024\/08\/22\/inflacion-se-ubica-en-5-16-en-primera-quincena-de-agosto\/","og_locale":"es_MX","og_type":"article","og_title":"Inflaci\u00f3n se ubica en 5.16% en primera quincena de agosto - Fuentes Fidedignas","og_description":"El Inegi revel\u00f3 hoy que la inflaci\u00f3n general anual en M\u00e9xico se ubic\u00f3 en 5.16 por ciento durante la primera quincena de agosto En un comunicado hoy, se explic\u00f3 que el \u00cdndice Nacional de Precios al Consumidor (INPC) tuvo una disminuci\u00f3n de 0.03 por ciento respecto a la quincena anterior. En la misma quincena de [&hellip;]","og_url":"https:\/\/fuentesfidedignas.com.mx\/index.php\/2024\/08\/22\/inflacion-se-ubica-en-5-16-en-primera-quincena-de-agosto\/","og_site_name":"Fuentes Fidedignas","article_publisher":"https:\/\/www.facebook.com\/Fuentes-Fidedignas-368234489921644","article_published_time":"2024-08-22T13:12:21+00:00","article_modified_time":"2024-08-22T13:18:53+00:00","og_image":[{"width":1536,"height":1024,"url":"https:\/\/fuentesfidedignas.com.mx\/wp-content\/uploads\/2022\/03\/inflacion-en-mexico.jpeg","type":"image\/jpeg"}],"author":"L\u00f3pez D\u00f3riga","twitter_card":"summary_large_image","twitter_creator":"@fidedignas","twitter_site":"@fidedignas","twitter_misc":{"Escrito por":"L\u00f3pez D\u00f3riga","Tiempo de lectura":"2 minutos"},"schema":{"@context":"https:\/\/schema.org","@graph":[{"@type":"Article","@id":"https:\/\/fuentesfidedignas.com.mx\/index.php\/2024\/08\/22\/inflacion-se-ubica-en-5-16-en-primera-quincena-de-agosto\/#article","isPartOf":{"@id":"https:\/\/fuentesfidedignas.com.mx\/index.php\/2024\/08\/22\/inflacion-se-ubica-en-5-16-en-primera-quincena-de-agosto\/"},"author":{"name":"L\u00f3pez D\u00f3riga","@id":"https:\/\/fuentesfidedignas.com.mx\/#\/schema\/person\/67d852f0557c8509146a4b9ddebd543a"},"headline":"Inflaci\u00f3n se ubica en 5.16% en primera quincena de agosto","datePublished":"2024-08-22T13:12:21+00:00","dateModified":"2024-08-22T13:18:53+00:00","mainEntityOfPage":{"@id":"https:\/\/fuentesfidedignas.com.mx\/index.php\/2024\/08\/22\/inflacion-se-ubica-en-5-16-en-primera-quincena-de-agosto\/"},"wordCount":265,"publisher":{"@id":"https:\/\/fuentesfidedignas.com.mx\/#organization"},"image":{"@id":"https:\/\/fuentesfidedignas.com.mx\/index.php\/2024\/08\/22\/inflacion-se-ubica-en-5-16-en-primera-quincena-de-agosto\/#primaryimage"},"thumbnailUrl":"https:\/\/fuentesfidedignas.com.mx\/wp-content\/uploads\/2022\/03\/inflacion-en-mexico.jpeg","articleSection":["NOTICIAS NACIONALES"],"inLanguage":"es"},{"@type":"WebPage","@id":"https:\/\/fuentesfidedignas.com.mx\/index.php\/2024\/08\/22\/inflacion-se-ubica-en-5-16-en-primera-quincena-de-agosto\/","url":"https:\/\/fuentesfidedignas.com.mx\/index.php\/2024\/08\/22\/inflacion-se-ubica-en-5-16-en-primera-quincena-de-agosto\/","name":"Inflaci\u00f3n se ubica en 5.16% en primera quincena de agosto - Fuentes Fidedignas","isPartOf":{"@id":"https:\/\/fuentesfidedignas.com.mx\/#website"},"primaryImageOfPage":{"@id":"https:\/\/fuentesfidedignas.com.mx\/index.php\/2024\/08\/22\/inflacion-se-ubica-en-5-16-en-primera-quincena-de-agosto\/#primaryimage"},"image":{"@id":"https:\/\/fuentesfidedignas.com.mx\/index.php\/2024\/08\/22\/inflacion-se-ubica-en-5-16-en-primera-quincena-de-agosto\/#primaryimage"},"thumbnailUrl":"https:\/\/fuentesfidedignas.com.mx\/wp-content\/uploads\/2022\/03\/inflacion-en-mexico.jpeg","datePublished":"2024-08-22T13:12:21+00:00","dateModified":"2024-08-22T13:18:53+00:00","breadcrumb":{"@id":"https:\/\/fuentesfidedignas.com.mx\/index.php\/2024\/08\/22\/inflacion-se-ubica-en-5-16-en-primera-quincena-de-agosto\/#breadcrumb"},"inLanguage":"es","potentialAction":[{"@type":"ReadAction","target":["https:\/\/fuentesfidedignas.com.mx\/index.php\/2024\/08\/22\/inflacion-se-ubica-en-5-16-en-primera-quincena-de-agosto\/"]}]},{"@type":"ImageObject","inLanguage":"es","@id":"https:\/\/fuentesfidedignas.com.mx\/index.php\/2024\/08\/22\/inflacion-se-ubica-en-5-16-en-primera-quincena-de-agosto\/#primaryimage","url":"https:\/\/fuentesfidedignas.com.mx\/wp-content\/uploads\/2022\/03\/inflacion-en-mexico.jpeg","contentUrl":"https:\/\/fuentesfidedignas.com.mx\/wp-content\/uploads\/2022\/03\/inflacion-en-mexico.jpeg","width":1536,"height":1024},{"@type":"BreadcrumbList","@id":"https:\/\/fuentesfidedignas.com.mx\/index.php\/2024\/08\/22\/inflacion-se-ubica-en-5-16-en-primera-quincena-de-agosto\/#breadcrumb","itemListElement":[{"@type":"ListItem","position":1,"name":"Inicio","item":"https:\/\/fuentesfidedignas.com.mx\/"},{"@type":"ListItem","position":2,"name":"Inflaci\u00f3n se ubica en 5.16% en primera quincena de agosto"}]},{"@type":"WebSite","@id":"https:\/\/fuentesfidedignas.com.mx\/#website","url":"https:\/\/fuentesfidedignas.com.mx\/","name":"Fuentes Fidedignas","description":"Otro sitio realizado con WordPress","publisher":{"@id":"https:\/\/fuentesfidedignas.com.mx\/#organization"},"potentialAction":[{"@type":"SearchAction","target":{"@type":"EntryPoint","urlTemplate":"https:\/\/fuentesfidedignas.com.mx\/?s={search_term_string}"},"query-input":{"@type":"PropertyValueSpecification","valueRequired":true,"valueName":"search_term_string"}}],"inLanguage":"es"},{"@type":"Organization","@id":"https:\/\/fuentesfidedignas.com.mx\/#organization","name":"Fuentes Fidedignas","url":"https:\/\/fuentesfidedignas.com.mx\/","logo":{"@type":"ImageObject","inLanguage":"es","@id":"https:\/\/fuentesfidedignas.com.mx\/#\/schema\/logo\/image\/","url":"https:\/\/fuentesfidedignas.com.mx\/wp-content\/uploads\/2021\/04\/logo-retina.png","contentUrl":"https:\/\/fuentesfidedignas.com.mx\/wp-content\/uploads\/2021\/04\/logo-retina.png","width":280,"height":51,"caption":"Fuentes Fidedignas"},"image":{"@id":"https:\/\/fuentesfidedignas.com.mx\/#\/schema\/logo\/image\/"},"sameAs":["https:\/\/www.facebook.com\/Fuentes-Fidedignas-368234489921644","https:\/\/x.com\/fidedignas"]},{"@type":"Person","@id":"https:\/\/fuentesfidedignas.com.mx\/#\/schema\/person\/67d852f0557c8509146a4b9ddebd543a","name":"L\u00f3pez D\u00f3riga","image":{"@type":"ImageObject","inLanguage":"es","@id":"https:\/\/secure.gravatar.com\/avatar\/e525b06574ca18b33cded59dfe5778d6c823b9513154eff47da551b0551bdd1e?s=96&d=mm&r=g","url":"https:\/\/secure.gravatar.com\/avatar\/e525b06574ca18b33cded59dfe5778d6c823b9513154eff47da551b0551bdd1e?s=96&d=mm&r=g","contentUrl":"https:\/\/secure.gravatar.com\/avatar\/e525b06574ca18b33cded59dfe5778d6c823b9513154eff47da551b0551bdd1e?s=96&d=mm&r=g","caption":"L\u00f3pez D\u00f3riga"},"url":"https:\/\/fuentesfidedignas.com.mx\/index.php\/author\/doriga\/"}]}},"_links":{"self":[{"href":"https:\/\/fuentesfidedignas.com.mx\/index.php\/wp-json\/wp\/v2\/posts\/89315","targetHints":{"allow":["GET"]}}],"collection":[{"href":"https:\/\/fuentesfidedignas.com.mx\/index.php\/wp-json\/wp\/v2\/posts"}],"about":[{"href":"https:\/\/fuentesfidedignas.com.mx\/index.php\/wp-json\/wp\/v2\/types\/post"}],"author":[{"embeddable":true,"href":"https:\/\/fuentesfidedignas.com.mx\/index.php\/wp-json\/wp\/v2\/users\/47"}],"replies":[{"embeddable":true,"href":"https:\/\/fuentesfidedignas.com.mx\/index.php\/wp-json\/wp\/v2\/comments?post=89315"}],"version-history":[{"count":2,"href":"https:\/\/fuentesfidedignas.com.mx\/index.php\/wp-json\/wp\/v2\/posts\/89315\/revisions"}],"predecessor-version":[{"id":89320,"href":"https:\/\/fuentesfidedignas.com.mx\/index.php\/wp-json\/wp\/v2\/posts\/89315\/revisions\/89320"}],"wp:featuredmedia":[{"embeddable":true,"href":"https:\/\/fuentesfidedignas.com.mx\/index.php\/wp-json\/wp\/v2\/media\/26930"}],"wp:attachment":[{"href":"https:\/\/fuentesfidedignas.com.mx\/index.php\/wp-json\/wp\/v2\/media?parent=89315"}],"wp:term":[{"taxonomy":"category","embeddable":true,"href":"https:\/\/fuentesfidedignas.com.mx\/index.php\/wp-json\/wp\/v2\/categories?post=89315"},{"taxonomy":"post_tag","embeddable":true,"href":"https:\/\/fuentesfidedignas.com.mx\/index.php\/wp-json\/wp\/v2\/tags?post=89315"}],"curies":[{"name":"wp","href":"https:\/\/api.w.org\/{rel}","templated":true}]}}