{"id":89309,"date":"2024-08-22T03:45:00","date_gmt":"2024-08-22T10:45:00","guid":{"rendered":"https:\/\/fuentesfidedignas.com.mx\/?p=89309"},"modified":"2024-08-21T23:46:33","modified_gmt":"2024-08-22T06:46:33","slug":"lo-amarraron-al-poste-pobladores-de-veracruz-exigen-a-la-cfe-que-brinde-bien-su-servicio","status":"publish","type":"post","link":"https:\/\/fuentesfidedignas.com.mx\/index.php\/2024\/08\/22\/lo-amarraron-al-poste-pobladores-de-veracruz-exigen-a-la-cfe-que-brinde-bien-su-servicio\/","title":{"rendered":"\u00a1Lo amarraron al poste! Pobladores  exigen a la CFE que brinde bien su servicio"},"content":{"rendered":"\n<p><strong><em>La comunidad de Nuevo Progreso, ha estado lidiando con constantes \u201capagones\u201d y una respuesta lenta por parte de la CFE<\/em><\/strong><\/p>\n\n\n\n<p class=\"ei-articleBody__StyledText-sc-1wmd47a-1 bbbVrh body-paragraph ei-article-body-text\">En la comunidad de&nbsp;Nuevo Progreso,&nbsp;Veracruz, los pobladores han llegado al l\u00edmite de su paciencia ante las constantes interrupciones en el servicio de energ\u00eda el\u00e9ctrica. Como muestra de su frustraci\u00f3n, retuvieron a un trabajador de la&nbsp;Comisi\u00f3n Federal de Electricidad (CFE)&nbsp;y lo amarraron a un poste en plena v\u00eda p\u00fablica.<\/p>\n\n\n\n<p class=\"ei-articleBody__StyledText-sc-1wmd47a-1 bbbVrh body-paragraph ei-article-body-text\">Este incidente, que ha generado gran controversia, fue captado en un video que circula en&nbsp;<strong>redes sociales<\/strong>, donde se puede observar al trabajador inmovilizado y rodeado por los habitantes de la localidad. Seg\u00fan los testimonios recogidos en el video, los pobladores decidieron tomar esta dr\u00e1stica medida para exigir justicia y mejoras en el suministro el\u00e9ctrico, adem\u00e1s de expresar su descontento por lo que consideran cobros excesivos por un&nbsp;<strong>servicio deficiente.<\/strong><\/p>\n\n\n\n<p class=\"ei-articleBody__StyledText-sc-1wmd47a-1 bbbVrh body-paragraph ei-article-body-text\"><strong>La comunidad de Nuevo Progreso, perteneciente al municipio de Jes\u00fas Carranza, ha estado lidiando con constantes \u201capagones\u201d y una respuesta lenta por parte de la CFE.&nbsp;<\/strong>A pesar de las repetidas quejas y reportes sobre las fallas en el servicio, los habitantes aseguran que la situaci\u00f3n no ha mejorado.&nbsp;<strong>Esto los llev\u00f3 a tomar la decisi\u00f3n de retener al empleado de la CFE, quien se encontraba en la localidad para entregar los recibos de cobro.<\/strong><\/p>\n\n\n\n<figure class=\"wp-block-embed is-type-rich is-provider-twitter wp-block-embed-twitter\"><div class=\"wp-block-embed__wrapper\">\n<blockquote class=\"twitter-tweet\" data-width=\"550\" data-dnt=\"true\"><p lang=\"es\" dir=\"ltr\">Pobladores del municipio rural &#39;Jes\u00fas Carranza&quot;, al sur del estado de <a href=\"https:\/\/twitter.com\/hashtag\/Veracruz?src=hash&amp;ref_src=twsrc%5Etfw\">#Veracruz<\/a>, privaron de la libertad y amarraron a un trabajador de la CFE, &quot;para que les dejen de cobrar cara la luz&quot;, esa zona es basti\u00f3n de Morena en la entidad <a href=\"https:\/\/t.co\/0BHKVvfA36\">pic.twitter.com\/0BHKVvfA36<\/a><\/p>&mdash; Urbis Veracruz (@UrbisVeracruz) <a href=\"https:\/\/twitter.com\/UrbisVeracruz\/status\/1826345323767497155?ref_src=twsrc%5Etfw\">August 21, 2024<\/a><\/blockquote><script async src=\"https:\/\/platform.twitter.com\/widgets.js\" charset=\"utf-8\"><\/script>\n<\/div><\/figure>\n","protected":false},"excerpt":{"rendered":"<p>La comunidad de Nuevo Progreso, ha estado lidiando con constantes \u201capagones\u201d y una respuesta lenta por parte de la CFE En la comunidad de&nbsp;Nuevo Progreso,&nbsp;Veracruz, los pobladores han llegado al l\u00edmite de su paciencia ante las constantes interrupciones en el servicio de energ\u00eda el\u00e9ctrica. Como muestra de su frustraci\u00f3n, retuvieron a un trabajador de la&nbsp;Comisi\u00f3n [&hellip;]<\/p>\n","protected":false},"author":40,"featured_media":89308,"comment_status":"closed","ping_status":"open","sticky":false,"template":"","format":"standard","meta":{"tdm_status":"","tdm_grid_status":"","footnotes":""},"categories":[40],"tags":[],"class_list":{"0":"post-89309","1":"post","2":"type-post","3":"status-publish","4":"format-standard","5":"has-post-thumbnail","7":"category-las-asombrosas"},"yoast_head":"<!-- This site is optimized with the Yoast SEO plugin v27.5 - https:\/\/yoast.com\/product\/yoast-seo-wordpress\/ -->\n<title>\u00a1Lo amarraron al poste! Pobladores exigen a la CFE que brinde bien su servicio - Fuentes Fidedignas<\/title>\n<meta name=\"robots\" content=\"index, follow, max-snippet:-1, max-image-preview:large, max-video-preview:-1\" \/>\n<link rel=\"canonical\" href=\"https:\/\/fuentesfidedignas.com.mx\/index.php\/2024\/08\/22\/lo-amarraron-al-poste-pobladores-de-veracruz-exigen-a-la-cfe-que-brinde-bien-su-servicio\/\" \/>\n<meta property=\"og:locale\" content=\"es_MX\" \/>\n<meta property=\"og:type\" content=\"article\" \/>\n<meta property=\"og:title\" content=\"\u00a1Lo amarraron al poste! Pobladores exigen a la CFE que brinde bien su servicio - Fuentes Fidedignas\" \/>\n<meta property=\"og:description\" content=\"La comunidad de Nuevo Progreso, ha estado lidiando con constantes \u201capagones\u201d y una respuesta lenta por parte de la CFE En la comunidad de&nbsp;Nuevo Progreso,&nbsp;Veracruz, los pobladores han llegado al l\u00edmite de su paciencia ante las constantes interrupciones en el servicio de energ\u00eda el\u00e9ctrica. Como muestra de su frustraci\u00f3n, retuvieron a un trabajador de la&nbsp;Comisi\u00f3n [&hellip;]\" \/>\n<meta property=\"og:url\" content=\"https:\/\/fuentesfidedignas.com.mx\/index.php\/2024\/08\/22\/lo-amarraron-al-poste-pobladores-de-veracruz-exigen-a-la-cfe-que-brinde-bien-su-servicio\/\" \/>\n<meta property=\"og:site_name\" content=\"Fuentes Fidedignas\" \/>\n<meta property=\"article:publisher\" content=\"https:\/\/www.facebook.com\/Fuentes-Fidedignas-368234489921644\" \/>\n<meta property=\"article:published_time\" content=\"2024-08-22T10:45:00+00:00\" \/>\n<meta property=\"og:image\" content=\"https:\/\/fuentesfidedignas.com.mx\/wp-content\/uploads\/2024\/08\/img_4864.jpg\" \/>\n\t<meta property=\"og:image:width\" content=\"768\" \/>\n\t<meta property=\"og:image:height\" content=\"512\" \/>\n\t<meta property=\"og:image:type\" content=\"image\/jpeg\" \/>\n<meta name=\"author\" content=\"El Imparcial\" \/>\n<meta name=\"twitter:card\" content=\"summary_large_image\" \/>\n<meta name=\"twitter:creator\" content=\"@fidedignas\" \/>\n<meta name=\"twitter:site\" content=\"@fidedignas\" \/>\n<meta name=\"twitter:label1\" content=\"Escrito por\" \/>\n\t<meta name=\"twitter:data1\" content=\"El Imparcial\" \/>\n\t<meta name=\"twitter:label2\" content=\"Tiempo de lectura\" \/>\n\t<meta name=\"twitter:data2\" content=\"2 minutos\" \/>\n<script type=\"application\/ld+json\" class=\"yoast-schema-graph\">{\"@context\":\"https:\\\/\\\/schema.org\",\"@graph\":[{\"@type\":\"Article\",\"@id\":\"https:\\\/\\\/fuentesfidedignas.com.mx\\\/index.php\\\/2024\\\/08\\\/22\\\/lo-amarraron-al-poste-pobladores-de-veracruz-exigen-a-la-cfe-que-brinde-bien-su-servicio\\\/#article\",\"isPartOf\":{\"@id\":\"https:\\\/\\\/fuentesfidedignas.com.mx\\\/index.php\\\/2024\\\/08\\\/22\\\/lo-amarraron-al-poste-pobladores-de-veracruz-exigen-a-la-cfe-que-brinde-bien-su-servicio\\\/\"},\"author\":{\"name\":\"El Imparcial\",\"@id\":\"https:\\\/\\\/fuentesfidedignas.com.mx\\\/#\\\/schema\\\/person\\\/ff4db17f8fd9c584e0cfc2a0c436b8a1\"},\"headline\":\"\u00a1Lo amarraron al poste! Pobladores exigen a la CFE que brinde bien su servicio\",\"datePublished\":\"2024-08-22T10:45:00+00:00\",\"mainEntityOfPage\":{\"@id\":\"https:\\\/\\\/fuentesfidedignas.com.mx\\\/index.php\\\/2024\\\/08\\\/22\\\/lo-amarraron-al-poste-pobladores-de-veracruz-exigen-a-la-cfe-que-brinde-bien-su-servicio\\\/\"},\"wordCount\":258,\"publisher\":{\"@id\":\"https:\\\/\\\/fuentesfidedignas.com.mx\\\/#organization\"},\"image\":{\"@id\":\"https:\\\/\\\/fuentesfidedignas.com.mx\\\/index.php\\\/2024\\\/08\\\/22\\\/lo-amarraron-al-poste-pobladores-de-veracruz-exigen-a-la-cfe-que-brinde-bien-su-servicio\\\/#primaryimage\"},\"thumbnailUrl\":\"https:\\\/\\\/fuentesfidedignas.com.mx\\\/wp-content\\\/uploads\\\/2024\\\/08\\\/img_4864.jpg\",\"articleSection\":[\"LAS ASOMBROSAS\"],\"inLanguage\":\"es\"},{\"@type\":\"WebPage\",\"@id\":\"https:\\\/\\\/fuentesfidedignas.com.mx\\\/index.php\\\/2024\\\/08\\\/22\\\/lo-amarraron-al-poste-pobladores-de-veracruz-exigen-a-la-cfe-que-brinde-bien-su-servicio\\\/\",\"url\":\"https:\\\/\\\/fuentesfidedignas.com.mx\\\/index.php\\\/2024\\\/08\\\/22\\\/lo-amarraron-al-poste-pobladores-de-veracruz-exigen-a-la-cfe-que-brinde-bien-su-servicio\\\/\",\"name\":\"\u00a1Lo amarraron al poste! Pobladores exigen a la CFE que brinde bien su servicio - Fuentes Fidedignas\",\"isPartOf\":{\"@id\":\"https:\\\/\\\/fuentesfidedignas.com.mx\\\/#website\"},\"primaryImageOfPage\":{\"@id\":\"https:\\\/\\\/fuentesfidedignas.com.mx\\\/index.php\\\/2024\\\/08\\\/22\\\/lo-amarraron-al-poste-pobladores-de-veracruz-exigen-a-la-cfe-que-brinde-bien-su-servicio\\\/#primaryimage\"},\"image\":{\"@id\":\"https:\\\/\\\/fuentesfidedignas.com.mx\\\/index.php\\\/2024\\\/08\\\/22\\\/lo-amarraron-al-poste-pobladores-de-veracruz-exigen-a-la-cfe-que-brinde-bien-su-servicio\\\/#primaryimage\"},\"thumbnailUrl\":\"https:\\\/\\\/fuentesfidedignas.com.mx\\\/wp-content\\\/uploads\\\/2024\\\/08\\\/img_4864.jpg\",\"datePublished\":\"2024-08-22T10:45:00+00:00\",\"breadcrumb\":{\"@id\":\"https:\\\/\\\/fuentesfidedignas.com.mx\\\/index.php\\\/2024\\\/08\\\/22\\\/lo-amarraron-al-poste-pobladores-de-veracruz-exigen-a-la-cfe-que-brinde-bien-su-servicio\\\/#breadcrumb\"},\"inLanguage\":\"es\",\"potentialAction\":[{\"@type\":\"ReadAction\",\"target\":[\"https:\\\/\\\/fuentesfidedignas.com.mx\\\/index.php\\\/2024\\\/08\\\/22\\\/lo-amarraron-al-poste-pobladores-de-veracruz-exigen-a-la-cfe-que-brinde-bien-su-servicio\\\/\"]}]},{\"@type\":\"ImageObject\",\"inLanguage\":\"es\",\"@id\":\"https:\\\/\\\/fuentesfidedignas.com.mx\\\/index.php\\\/2024\\\/08\\\/22\\\/lo-amarraron-al-poste-pobladores-de-veracruz-exigen-a-la-cfe-que-brinde-bien-su-servicio\\\/#primaryimage\",\"url\":\"https:\\\/\\\/fuentesfidedignas.com.mx\\\/wp-content\\\/uploads\\\/2024\\\/08\\\/img_4864.jpg\",\"contentUrl\":\"https:\\\/\\\/fuentesfidedignas.com.mx\\\/wp-content\\\/uploads\\\/2024\\\/08\\\/img_4864.jpg\",\"width\":768,\"height\":512},{\"@type\":\"BreadcrumbList\",\"@id\":\"https:\\\/\\\/fuentesfidedignas.com.mx\\\/index.php\\\/2024\\\/08\\\/22\\\/lo-amarraron-al-poste-pobladores-de-veracruz-exigen-a-la-cfe-que-brinde-bien-su-servicio\\\/#breadcrumb\",\"itemListElement\":[{\"@type\":\"ListItem\",\"position\":1,\"name\":\"Inicio\",\"item\":\"https:\\\/\\\/fuentesfidedignas.com.mx\\\/\"},{\"@type\":\"ListItem\",\"position\":2,\"name\":\"\u00a1Lo amarraron al poste! Pobladores exigen a la CFE que brinde bien su servicio\"}]},{\"@type\":\"WebSite\",\"@id\":\"https:\\\/\\\/fuentesfidedignas.com.mx\\\/#website\",\"url\":\"https:\\\/\\\/fuentesfidedignas.com.mx\\\/\",\"name\":\"Fuentes Fidedignas\",\"description\":\"Otro sitio realizado con WordPress\",\"publisher\":{\"@id\":\"https:\\\/\\\/fuentesfidedignas.com.mx\\\/#organization\"},\"potentialAction\":[{\"@type\":\"SearchAction\",\"target\":{\"@type\":\"EntryPoint\",\"urlTemplate\":\"https:\\\/\\\/fuentesfidedignas.com.mx\\\/?s={search_term_string}\"},\"query-input\":{\"@type\":\"PropertyValueSpecification\",\"valueRequired\":true,\"valueName\":\"search_term_string\"}}],\"inLanguage\":\"es\"},{\"@type\":\"Organization\",\"@id\":\"https:\\\/\\\/fuentesfidedignas.com.mx\\\/#organization\",\"name\":\"Fuentes Fidedignas\",\"url\":\"https:\\\/\\\/fuentesfidedignas.com.mx\\\/\",\"logo\":{\"@type\":\"ImageObject\",\"inLanguage\":\"es\",\"@id\":\"https:\\\/\\\/fuentesfidedignas.com.mx\\\/#\\\/schema\\\/logo\\\/image\\\/\",\"url\":\"https:\\\/\\\/fuentesfidedignas.com.mx\\\/wp-content\\\/uploads\\\/2021\\\/04\\\/logo-retina.png\",\"contentUrl\":\"https:\\\/\\\/fuentesfidedignas.com.mx\\\/wp-content\\\/uploads\\\/2021\\\/04\\\/logo-retina.png\",\"width\":280,\"height\":51,\"caption\":\"Fuentes Fidedignas\"},\"image\":{\"@id\":\"https:\\\/\\\/fuentesfidedignas.com.mx\\\/#\\\/schema\\\/logo\\\/image\\\/\"},\"sameAs\":[\"https:\\\/\\\/www.facebook.com\\\/Fuentes-Fidedignas-368234489921644\",\"https:\\\/\\\/x.com\\\/fidedignas\"]},{\"@type\":\"Person\",\"@id\":\"https:\\\/\\\/fuentesfidedignas.com.mx\\\/#\\\/schema\\\/person\\\/ff4db17f8fd9c584e0cfc2a0c436b8a1\",\"name\":\"El Imparcial\",\"image\":{\"@type\":\"ImageObject\",\"inLanguage\":\"es\",\"@id\":\"https:\\\/\\\/secure.gravatar.com\\\/avatar\\\/accd6807585a75316c237ee783498317be6f66ab34c47c940966f26a3f613161?s=96&d=mm&r=g\",\"url\":\"https:\\\/\\\/secure.gravatar.com\\\/avatar\\\/accd6807585a75316c237ee783498317be6f66ab34c47c940966f26a3f613161?s=96&d=mm&r=g\",\"contentUrl\":\"https:\\\/\\\/secure.gravatar.com\\\/avatar\\\/accd6807585a75316c237ee783498317be6f66ab34c47c940966f26a3f613161?s=96&d=mm&r=g\",\"caption\":\"El Imparcial\"},\"url\":\"https:\\\/\\\/fuentesfidedignas.com.mx\\\/index.php\\\/author\\\/imparcial\\\/\"}]}<\/script>\n<!-- \/ Yoast SEO plugin. -->","yoast_head_json":{"title":"\u00a1Lo amarraron al poste! Pobladores exigen a la CFE que brinde bien su servicio - Fuentes Fidedignas","robots":{"index":"index","follow":"follow","max-snippet":"max-snippet:-1","max-image-preview":"max-image-preview:large","max-video-preview":"max-video-preview:-1"},"canonical":"https:\/\/fuentesfidedignas.com.mx\/index.php\/2024\/08\/22\/lo-amarraron-al-poste-pobladores-de-veracruz-exigen-a-la-cfe-que-brinde-bien-su-servicio\/","og_locale":"es_MX","og_type":"article","og_title":"\u00a1Lo amarraron al poste! Pobladores exigen a la CFE que brinde bien su servicio - Fuentes Fidedignas","og_description":"La comunidad de Nuevo Progreso, ha estado lidiando con constantes \u201capagones\u201d y una respuesta lenta por parte de la CFE En la comunidad de&nbsp;Nuevo Progreso,&nbsp;Veracruz, los pobladores han llegado al l\u00edmite de su paciencia ante las constantes interrupciones en el servicio de energ\u00eda el\u00e9ctrica. Como muestra de su frustraci\u00f3n, retuvieron a un trabajador de la&nbsp;Comisi\u00f3n [&hellip;]","og_url":"https:\/\/fuentesfidedignas.com.mx\/index.php\/2024\/08\/22\/lo-amarraron-al-poste-pobladores-de-veracruz-exigen-a-la-cfe-que-brinde-bien-su-servicio\/","og_site_name":"Fuentes Fidedignas","article_publisher":"https:\/\/www.facebook.com\/Fuentes-Fidedignas-368234489921644","article_published_time":"2024-08-22T10:45:00+00:00","og_image":[{"width":768,"height":512,"url":"https:\/\/fuentesfidedignas.com.mx\/wp-content\/uploads\/2024\/08\/img_4864.jpg","type":"image\/jpeg"}],"author":"El Imparcial","twitter_card":"summary_large_image","twitter_creator":"@fidedignas","twitter_site":"@fidedignas","twitter_misc":{"Escrito por":"El Imparcial","Tiempo de lectura":"2 minutos"},"schema":{"@context":"https:\/\/schema.org","@graph":[{"@type":"Article","@id":"https:\/\/fuentesfidedignas.com.mx\/index.php\/2024\/08\/22\/lo-amarraron-al-poste-pobladores-de-veracruz-exigen-a-la-cfe-que-brinde-bien-su-servicio\/#article","isPartOf":{"@id":"https:\/\/fuentesfidedignas.com.mx\/index.php\/2024\/08\/22\/lo-amarraron-al-poste-pobladores-de-veracruz-exigen-a-la-cfe-que-brinde-bien-su-servicio\/"},"author":{"name":"El Imparcial","@id":"https:\/\/fuentesfidedignas.com.mx\/#\/schema\/person\/ff4db17f8fd9c584e0cfc2a0c436b8a1"},"headline":"\u00a1Lo amarraron al poste! Pobladores exigen a la CFE que brinde bien su servicio","datePublished":"2024-08-22T10:45:00+00:00","mainEntityOfPage":{"@id":"https:\/\/fuentesfidedignas.com.mx\/index.php\/2024\/08\/22\/lo-amarraron-al-poste-pobladores-de-veracruz-exigen-a-la-cfe-que-brinde-bien-su-servicio\/"},"wordCount":258,"publisher":{"@id":"https:\/\/fuentesfidedignas.com.mx\/#organization"},"image":{"@id":"https:\/\/fuentesfidedignas.com.mx\/index.php\/2024\/08\/22\/lo-amarraron-al-poste-pobladores-de-veracruz-exigen-a-la-cfe-que-brinde-bien-su-servicio\/#primaryimage"},"thumbnailUrl":"https:\/\/fuentesfidedignas.com.mx\/wp-content\/uploads\/2024\/08\/img_4864.jpg","articleSection":["LAS ASOMBROSAS"],"inLanguage":"es"},{"@type":"WebPage","@id":"https:\/\/fuentesfidedignas.com.mx\/index.php\/2024\/08\/22\/lo-amarraron-al-poste-pobladores-de-veracruz-exigen-a-la-cfe-que-brinde-bien-su-servicio\/","url":"https:\/\/fuentesfidedignas.com.mx\/index.php\/2024\/08\/22\/lo-amarraron-al-poste-pobladores-de-veracruz-exigen-a-la-cfe-que-brinde-bien-su-servicio\/","name":"\u00a1Lo amarraron al poste! Pobladores exigen a la CFE que brinde bien su servicio - Fuentes Fidedignas","isPartOf":{"@id":"https:\/\/fuentesfidedignas.com.mx\/#website"},"primaryImageOfPage":{"@id":"https:\/\/fuentesfidedignas.com.mx\/index.php\/2024\/08\/22\/lo-amarraron-al-poste-pobladores-de-veracruz-exigen-a-la-cfe-que-brinde-bien-su-servicio\/#primaryimage"},"image":{"@id":"https:\/\/fuentesfidedignas.com.mx\/index.php\/2024\/08\/22\/lo-amarraron-al-poste-pobladores-de-veracruz-exigen-a-la-cfe-que-brinde-bien-su-servicio\/#primaryimage"},"thumbnailUrl":"https:\/\/fuentesfidedignas.com.mx\/wp-content\/uploads\/2024\/08\/img_4864.jpg","datePublished":"2024-08-22T10:45:00+00:00","breadcrumb":{"@id":"https:\/\/fuentesfidedignas.com.mx\/index.php\/2024\/08\/22\/lo-amarraron-al-poste-pobladores-de-veracruz-exigen-a-la-cfe-que-brinde-bien-su-servicio\/#breadcrumb"},"inLanguage":"es","potentialAction":[{"@type":"ReadAction","target":["https:\/\/fuentesfidedignas.com.mx\/index.php\/2024\/08\/22\/lo-amarraron-al-poste-pobladores-de-veracruz-exigen-a-la-cfe-que-brinde-bien-su-servicio\/"]}]},{"@type":"ImageObject","inLanguage":"es","@id":"https:\/\/fuentesfidedignas.com.mx\/index.php\/2024\/08\/22\/lo-amarraron-al-poste-pobladores-de-veracruz-exigen-a-la-cfe-que-brinde-bien-su-servicio\/#primaryimage","url":"https:\/\/fuentesfidedignas.com.mx\/wp-content\/uploads\/2024\/08\/img_4864.jpg","contentUrl":"https:\/\/fuentesfidedignas.com.mx\/wp-content\/uploads\/2024\/08\/img_4864.jpg","width":768,"height":512},{"@type":"BreadcrumbList","@id":"https:\/\/fuentesfidedignas.com.mx\/index.php\/2024\/08\/22\/lo-amarraron-al-poste-pobladores-de-veracruz-exigen-a-la-cfe-que-brinde-bien-su-servicio\/#breadcrumb","itemListElement":[{"@type":"ListItem","position":1,"name":"Inicio","item":"https:\/\/fuentesfidedignas.com.mx\/"},{"@type":"ListItem","position":2,"name":"\u00a1Lo amarraron al poste! Pobladores exigen a la CFE que brinde bien su servicio"}]},{"@type":"WebSite","@id":"https:\/\/fuentesfidedignas.com.mx\/#website","url":"https:\/\/fuentesfidedignas.com.mx\/","name":"Fuentes Fidedignas","description":"Otro sitio realizado con WordPress","publisher":{"@id":"https:\/\/fuentesfidedignas.com.mx\/#organization"},"potentialAction":[{"@type":"SearchAction","target":{"@type":"EntryPoint","urlTemplate":"https:\/\/fuentesfidedignas.com.mx\/?s={search_term_string}"},"query-input":{"@type":"PropertyValueSpecification","valueRequired":true,"valueName":"search_term_string"}}],"inLanguage":"es"},{"@type":"Organization","@id":"https:\/\/fuentesfidedignas.com.mx\/#organization","name":"Fuentes Fidedignas","url":"https:\/\/fuentesfidedignas.com.mx\/","logo":{"@type":"ImageObject","inLanguage":"es","@id":"https:\/\/fuentesfidedignas.com.mx\/#\/schema\/logo\/image\/","url":"https:\/\/fuentesfidedignas.com.mx\/wp-content\/uploads\/2021\/04\/logo-retina.png","contentUrl":"https:\/\/fuentesfidedignas.com.mx\/wp-content\/uploads\/2021\/04\/logo-retina.png","width":280,"height":51,"caption":"Fuentes Fidedignas"},"image":{"@id":"https:\/\/fuentesfidedignas.com.mx\/#\/schema\/logo\/image\/"},"sameAs":["https:\/\/www.facebook.com\/Fuentes-Fidedignas-368234489921644","https:\/\/x.com\/fidedignas"]},{"@type":"Person","@id":"https:\/\/fuentesfidedignas.com.mx\/#\/schema\/person\/ff4db17f8fd9c584e0cfc2a0c436b8a1","name":"El Imparcial","image":{"@type":"ImageObject","inLanguage":"es","@id":"https:\/\/secure.gravatar.com\/avatar\/accd6807585a75316c237ee783498317be6f66ab34c47c940966f26a3f613161?s=96&d=mm&r=g","url":"https:\/\/secure.gravatar.com\/avatar\/accd6807585a75316c237ee783498317be6f66ab34c47c940966f26a3f613161?s=96&d=mm&r=g","contentUrl":"https:\/\/secure.gravatar.com\/avatar\/accd6807585a75316c237ee783498317be6f66ab34c47c940966f26a3f613161?s=96&d=mm&r=g","caption":"El Imparcial"},"url":"https:\/\/fuentesfidedignas.com.mx\/index.php\/author\/imparcial\/"}]}},"_links":{"self":[{"href":"https:\/\/fuentesfidedignas.com.mx\/index.php\/wp-json\/wp\/v2\/posts\/89309","targetHints":{"allow":["GET"]}}],"collection":[{"href":"https:\/\/fuentesfidedignas.com.mx\/index.php\/wp-json\/wp\/v2\/posts"}],"about":[{"href":"https:\/\/fuentesfidedignas.com.mx\/index.php\/wp-json\/wp\/v2\/types\/post"}],"author":[{"embeddable":true,"href":"https:\/\/fuentesfidedignas.com.mx\/index.php\/wp-json\/wp\/v2\/users\/40"}],"replies":[{"embeddable":true,"href":"https:\/\/fuentesfidedignas.com.mx\/index.php\/wp-json\/wp\/v2\/comments?post=89309"}],"version-history":[{"count":2,"href":"https:\/\/fuentesfidedignas.com.mx\/index.php\/wp-json\/wp\/v2\/posts\/89309\/revisions"}],"predecessor-version":[{"id":89311,"href":"https:\/\/fuentesfidedignas.com.mx\/index.php\/wp-json\/wp\/v2\/posts\/89309\/revisions\/89311"}],"wp:featuredmedia":[{"embeddable":true,"href":"https:\/\/fuentesfidedignas.com.mx\/index.php\/wp-json\/wp\/v2\/media\/89308"}],"wp:attachment":[{"href":"https:\/\/fuentesfidedignas.com.mx\/index.php\/wp-json\/wp\/v2\/media?parent=89309"}],"wp:term":[{"taxonomy":"category","embeddable":true,"href":"https:\/\/fuentesfidedignas.com.mx\/index.php\/wp-json\/wp\/v2\/categories?post=89309"},{"taxonomy":"post_tag","embeddable":true,"href":"https:\/\/fuentesfidedignas.com.mx\/index.php\/wp-json\/wp\/v2\/tags?post=89309"}],"curies":[{"name":"wp","href":"https:\/\/api.w.org\/{rel}","templated":true}]}}