{"id":89292,"date":"2024-08-21T18:46:23","date_gmt":"2024-08-22T01:46:23","guid":{"rendered":"https:\/\/fuentesfidedignas.com.mx\/?p=89292"},"modified":"2024-08-23T08:23:56","modified_gmt":"2024-08-23T15:23:56","slug":"version-sobre-asalto-contra-cuen-no-es-aceptable-ni-tiene-sustento-fgr","status":"publish","type":"post","link":"https:\/\/fuentesfidedignas.com.mx\/index.php\/2024\/08\/21\/version-sobre-asalto-contra-cuen-no-es-aceptable-ni-tiene-sustento-fgr\/","title":{"rendered":"Versi\u00f3n sobre asalto contra Cu\u00e9n no es \u201caceptable\u201d ni tiene sustento: FGR"},"content":{"rendered":"\n<p><strong><em>Avanza FGR en investigaci\u00f3n sobre presunto secuestro de \u2018El Mayo\u2019 Zambada y asesinato de H\u00e9ctor Cu\u00e9n<\/em><\/strong><\/p>\n\n\n\n<p><strong><em>Dicho lugar ya se encuentra resguardado por la Agencia de Investigaci\u00f3n Criminal (AIC)<\/em><\/strong><\/p>\n\n\n\n<p>Culiac\u00e1n, Sin.- La&nbsp;<strong>Fiscal\u00eda General de la Rep\u00fablica&nbsp;<\/strong>(<strong>FGR<\/strong>) inform\u00f3 este mi\u00e9rcoles que en la investigaci\u00f3n sobre la detenci\u00f3n de&nbsp;<strong>Ismael<\/strong>&nbsp;\u2018<strong>El Mayo<\/strong>\u2018&nbsp;<strong>Zambada<\/strong>&nbsp;y&nbsp;<strong>Joaqu\u00edn Guzm\u00e1n L\u00f3pez&nbsp;<\/strong>se logr\u00f3 establecer, con toda precisi\u00f3n, la pista de donde despeg\u00f3 el avi\u00f3n utilizado para trasladar a ambos narcotraficantes a Estados Unidos.<\/p>\n\n\n\n<p>Por medio de un comunicado, la autoridad expuso que tambi\u00e9n se localiz\u00f3 el inmueble donde \u201cse llevaron a cabo los probables delitos de privaci\u00f3n ilegal de la libertad, homicidios, lesiones y actos vinculados con desaparici\u00f3n forzada, en los cuales est\u00e1 vinculada la agresi\u00f3n que llev\u00f3 a la muerte a&nbsp;<strong>H\u00e9ctor<\/strong>&nbsp;(<strong>Cu\u00e9n<\/strong>) \u2018N&#8217;\u201d.<\/p>\n\n\n\n<figure class=\"wp-block-embed is-type-rich is-provider-twitter wp-block-embed-twitter\"><div class=\"wp-block-embed__wrapper\">\n<blockquote class=\"twitter-tweet\" data-width=\"550\" data-dnt=\"true\"><p lang=\"es\" dir=\"ltr\">La FGR revela fotograf\u00edas del lugar donde presuntamente privaron de su libertad a \u201cEl Mayo\u201d y se dieron los supuestos hechos que culminaron en la muerte de H\u00e9ctor Melesio Cu\u00e9n Ojeda.<br>El inmueble que ya fue asegurado por las autoridades federales. <a href=\"https:\/\/t.co\/TUWevnrUX6\">pic.twitter.com\/TUWevnrUX6<\/a><\/p>&mdash; Fuentes Fidedignas (@Fidedignas) <a href=\"https:\/\/twitter.com\/Fidedignas\/status\/1826444587600413169?ref_src=twsrc%5Etfw\">August 22, 2024<\/a><\/blockquote><script async src=\"https:\/\/platform.twitter.com\/widgets.js\" charset=\"utf-8\"><\/script>\n<\/div><\/figure>\n\n\n\n<p>Dicho lugar ya se encuentra resguardado por la Agencia de Investigaci\u00f3n Criminal (AIC).<\/p>\n\n\n\n<p>Adem\u00e1s, se identificaron los veh\u00edculos que fueron utilizados para la comisi\u00f3n del posible secuestro de \u2018El Mayo\u2019.<\/p>\n\n\n\n<blockquote class=\"wp-block-quote is-layout-flow wp-block-quote-is-layout-flow\">\n<p>Los&nbsp;<strong>datos pertinentes<\/strong>&nbsp;ser\u00e1n sometidos, mediante&nbsp;<strong>debido proceso<\/strong>, a las autoridades&nbsp;<strong>judiciales federales<\/strong>&nbsp;cuando estas reanuden sus labores. Independientemente de ello, las&nbsp;<strong>investigaciones ministeriales<\/strong>&nbsp;y&nbsp;<strong>policiales<\/strong>&nbsp;de car\u00e1cter federal, seguir\u00e1n adelante hasta integrar debidamente los expedientes correspondientes\u201d, inform\u00f3 la instituci\u00f3n.<\/p>\n<\/blockquote>\n\n\n\n<p>Por otra parte, la FGR estableci\u00f3 que la versi\u00f3n de la&nbsp;<strong>Fiscal\u00eda de Sinaloa<\/strong>&nbsp;sobre que H\u00e9ctor Cu\u00e9n fue asesinado en una gasolinera \u201cno es aceptable, ni cuenta con los elementos fidedignos de prueba que permitan tomarla en cuenta, en la forma en que fue planteada\u201d.<\/p>\n\n\n\n<p>Adem\u00e1s, se tiene preparada la solicitud de orden de aprehensi\u00f3n por&nbsp;<strong>secuestro<\/strong>&nbsp;y&nbsp;<strong>traici\u00f3n a la patria<\/strong>(<strong>privaci\u00f3n ilegal de la libertad<\/strong>&nbsp;de una persona en territorio nacional para entregarla a las autoridades de otro pa\u00eds, traslad\u00e1ndola fuera de M\u00e9xico con tal prop\u00f3sito) contra Joaqu\u00edn Guzm\u00e1n L\u00f3pez.<\/p>\n","protected":false},"excerpt":{"rendered":"<p>Avanza FGR en investigaci\u00f3n sobre presunto secuestro de \u2018El Mayo\u2019 Zambada y asesinato de H\u00e9ctor Cu\u00e9n Dicho lugar ya se encuentra resguardado por la Agencia de Investigaci\u00f3n Criminal (AIC) Culiac\u00e1n, Sin.- La&nbsp;Fiscal\u00eda General de la Rep\u00fablica&nbsp;(FGR) inform\u00f3 este mi\u00e9rcoles que en la investigaci\u00f3n sobre la detenci\u00f3n de&nbsp;Ismael&nbsp;\u2018El Mayo\u2018&nbsp;Zambada&nbsp;y&nbsp;Joaqu\u00edn Guzm\u00e1n L\u00f3pez&nbsp;se logr\u00f3 establecer, con toda precisi\u00f3n, [&hellip;]<\/p>\n","protected":false},"author":47,"featured_media":73976,"comment_status":"closed","ping_status":"open","sticky":false,"template":"","format":"standard","meta":{"tdm_status":"","tdm_grid_status":"","footnotes":""},"categories":[38],"tags":[],"class_list":{"0":"post-89292","1":"post","2":"type-post","3":"status-publish","4":"format-standard","5":"has-post-thumbnail","7":"category-noticias-locales"},"yoast_head":"<!-- This site is optimized with the Yoast SEO plugin v27.5 - https:\/\/yoast.com\/product\/yoast-seo-wordpress\/ -->\n<title>Versi\u00f3n sobre asalto contra Cu\u00e9n no es \u201caceptable\u201d ni tiene sustento: FGR - Fuentes Fidedignas<\/title>\n<meta name=\"robots\" content=\"index, follow, max-snippet:-1, max-image-preview:large, max-video-preview:-1\" \/>\n<link rel=\"canonical\" href=\"https:\/\/fuentesfidedignas.com.mx\/index.php\/2024\/08\/21\/version-sobre-asalto-contra-cuen-no-es-aceptable-ni-tiene-sustento-fgr\/\" \/>\n<meta property=\"og:locale\" content=\"es_MX\" \/>\n<meta property=\"og:type\" content=\"article\" \/>\n<meta property=\"og:title\" content=\"Versi\u00f3n sobre asalto contra Cu\u00e9n no es \u201caceptable\u201d ni tiene sustento: FGR - Fuentes Fidedignas\" \/>\n<meta property=\"og:description\" content=\"Avanza FGR en investigaci\u00f3n sobre presunto secuestro de \u2018El Mayo\u2019 Zambada y asesinato de H\u00e9ctor Cu\u00e9n Dicho lugar ya se encuentra resguardado por la Agencia de Investigaci\u00f3n Criminal (AIC) Culiac\u00e1n, Sin.- La&nbsp;Fiscal\u00eda General de la Rep\u00fablica&nbsp;(FGR) inform\u00f3 este mi\u00e9rcoles que en la investigaci\u00f3n sobre la detenci\u00f3n de&nbsp;Ismael&nbsp;\u2018El Mayo\u2018&nbsp;Zambada&nbsp;y&nbsp;Joaqu\u00edn Guzm\u00e1n L\u00f3pez&nbsp;se logr\u00f3 establecer, con toda precisi\u00f3n, [&hellip;]\" \/>\n<meta property=\"og:url\" content=\"https:\/\/fuentesfidedignas.com.mx\/index.php\/2024\/08\/21\/version-sobre-asalto-contra-cuen-no-es-aceptable-ni-tiene-sustento-fgr\/\" \/>\n<meta property=\"og:site_name\" content=\"Fuentes Fidedignas\" \/>\n<meta property=\"article:publisher\" content=\"https:\/\/www.facebook.com\/Fuentes-Fidedignas-368234489921644\" \/>\n<meta property=\"article:published_time\" content=\"2024-08-22T01:46:23+00:00\" \/>\n<meta property=\"article:modified_time\" content=\"2024-08-23T15:23:56+00:00\" \/>\n<meta property=\"og:image\" content=\"https:\/\/fuentesfidedignas.com.mx\/wp-content\/uploads\/2024\/02\/CUEN.jpg\" \/>\n\t<meta property=\"og:image:width\" content=\"974\" \/>\n\t<meta property=\"og:image:height\" content=\"741\" \/>\n\t<meta property=\"og:image:type\" content=\"image\/jpeg\" \/>\n<meta name=\"author\" content=\"L\u00f3pez D\u00f3riga\" \/>\n<meta name=\"twitter:card\" content=\"summary_large_image\" \/>\n<meta name=\"twitter:creator\" content=\"@fidedignas\" \/>\n<meta name=\"twitter:site\" content=\"@fidedignas\" \/>\n<meta name=\"twitter:label1\" content=\"Escrito por\" \/>\n\t<meta name=\"twitter:data1\" content=\"L\u00f3pez D\u00f3riga\" \/>\n\t<meta name=\"twitter:label2\" content=\"Tiempo de lectura\" \/>\n\t<meta name=\"twitter:data2\" content=\"2 minutos\" \/>\n<script type=\"application\/ld+json\" class=\"yoast-schema-graph\">{\"@context\":\"https:\\\/\\\/schema.org\",\"@graph\":[{\"@type\":\"Article\",\"@id\":\"https:\\\/\\\/fuentesfidedignas.com.mx\\\/index.php\\\/2024\\\/08\\\/21\\\/version-sobre-asalto-contra-cuen-no-es-aceptable-ni-tiene-sustento-fgr\\\/#article\",\"isPartOf\":{\"@id\":\"https:\\\/\\\/fuentesfidedignas.com.mx\\\/index.php\\\/2024\\\/08\\\/21\\\/version-sobre-asalto-contra-cuen-no-es-aceptable-ni-tiene-sustento-fgr\\\/\"},\"author\":{\"name\":\"L\u00f3pez D\u00f3riga\",\"@id\":\"https:\\\/\\\/fuentesfidedignas.com.mx\\\/#\\\/schema\\\/person\\\/67d852f0557c8509146a4b9ddebd543a\"},\"headline\":\"Versi\u00f3n sobre asalto contra Cu\u00e9n no es \u201caceptable\u201d ni tiene sustento: FGR\",\"datePublished\":\"2024-08-22T01:46:23+00:00\",\"dateModified\":\"2024-08-23T15:23:56+00:00\",\"mainEntityOfPage\":{\"@id\":\"https:\\\/\\\/fuentesfidedignas.com.mx\\\/index.php\\\/2024\\\/08\\\/21\\\/version-sobre-asalto-contra-cuen-no-es-aceptable-ni-tiene-sustento-fgr\\\/\"},\"wordCount\":383,\"publisher\":{\"@id\":\"https:\\\/\\\/fuentesfidedignas.com.mx\\\/#organization\"},\"image\":{\"@id\":\"https:\\\/\\\/fuentesfidedignas.com.mx\\\/index.php\\\/2024\\\/08\\\/21\\\/version-sobre-asalto-contra-cuen-no-es-aceptable-ni-tiene-sustento-fgr\\\/#primaryimage\"},\"thumbnailUrl\":\"https:\\\/\\\/fuentesfidedignas.com.mx\\\/wp-content\\\/uploads\\\/2024\\\/02\\\/CUEN.jpg\",\"articleSection\":[\"NOTICIAS LOCALES\"],\"inLanguage\":\"es\"},{\"@type\":\"WebPage\",\"@id\":\"https:\\\/\\\/fuentesfidedignas.com.mx\\\/index.php\\\/2024\\\/08\\\/21\\\/version-sobre-asalto-contra-cuen-no-es-aceptable-ni-tiene-sustento-fgr\\\/\",\"url\":\"https:\\\/\\\/fuentesfidedignas.com.mx\\\/index.php\\\/2024\\\/08\\\/21\\\/version-sobre-asalto-contra-cuen-no-es-aceptable-ni-tiene-sustento-fgr\\\/\",\"name\":\"Versi\u00f3n sobre asalto contra Cu\u00e9n no es \u201caceptable\u201d ni tiene sustento: FGR - Fuentes Fidedignas\",\"isPartOf\":{\"@id\":\"https:\\\/\\\/fuentesfidedignas.com.mx\\\/#website\"},\"primaryImageOfPage\":{\"@id\":\"https:\\\/\\\/fuentesfidedignas.com.mx\\\/index.php\\\/2024\\\/08\\\/21\\\/version-sobre-asalto-contra-cuen-no-es-aceptable-ni-tiene-sustento-fgr\\\/#primaryimage\"},\"image\":{\"@id\":\"https:\\\/\\\/fuentesfidedignas.com.mx\\\/index.php\\\/2024\\\/08\\\/21\\\/version-sobre-asalto-contra-cuen-no-es-aceptable-ni-tiene-sustento-fgr\\\/#primaryimage\"},\"thumbnailUrl\":\"https:\\\/\\\/fuentesfidedignas.com.mx\\\/wp-content\\\/uploads\\\/2024\\\/02\\\/CUEN.jpg\",\"datePublished\":\"2024-08-22T01:46:23+00:00\",\"dateModified\":\"2024-08-23T15:23:56+00:00\",\"breadcrumb\":{\"@id\":\"https:\\\/\\\/fuentesfidedignas.com.mx\\\/index.php\\\/2024\\\/08\\\/21\\\/version-sobre-asalto-contra-cuen-no-es-aceptable-ni-tiene-sustento-fgr\\\/#breadcrumb\"},\"inLanguage\":\"es\",\"potentialAction\":[{\"@type\":\"ReadAction\",\"target\":[\"https:\\\/\\\/fuentesfidedignas.com.mx\\\/index.php\\\/2024\\\/08\\\/21\\\/version-sobre-asalto-contra-cuen-no-es-aceptable-ni-tiene-sustento-fgr\\\/\"]}]},{\"@type\":\"ImageObject\",\"inLanguage\":\"es\",\"@id\":\"https:\\\/\\\/fuentesfidedignas.com.mx\\\/index.php\\\/2024\\\/08\\\/21\\\/version-sobre-asalto-contra-cuen-no-es-aceptable-ni-tiene-sustento-fgr\\\/#primaryimage\",\"url\":\"https:\\\/\\\/fuentesfidedignas.com.mx\\\/wp-content\\\/uploads\\\/2024\\\/02\\\/CUEN.jpg\",\"contentUrl\":\"https:\\\/\\\/fuentesfidedignas.com.mx\\\/wp-content\\\/uploads\\\/2024\\\/02\\\/CUEN.jpg\",\"width\":974,\"height\":741},{\"@type\":\"BreadcrumbList\",\"@id\":\"https:\\\/\\\/fuentesfidedignas.com.mx\\\/index.php\\\/2024\\\/08\\\/21\\\/version-sobre-asalto-contra-cuen-no-es-aceptable-ni-tiene-sustento-fgr\\\/#breadcrumb\",\"itemListElement\":[{\"@type\":\"ListItem\",\"position\":1,\"name\":\"Inicio\",\"item\":\"https:\\\/\\\/fuentesfidedignas.com.mx\\\/\"},{\"@type\":\"ListItem\",\"position\":2,\"name\":\"Versi\u00f3n sobre asalto contra Cu\u00e9n no es \u201caceptable\u201d ni tiene sustento: FGR\"}]},{\"@type\":\"WebSite\",\"@id\":\"https:\\\/\\\/fuentesfidedignas.com.mx\\\/#website\",\"url\":\"https:\\\/\\\/fuentesfidedignas.com.mx\\\/\",\"name\":\"Fuentes Fidedignas\",\"description\":\"Otro sitio realizado con WordPress\",\"publisher\":{\"@id\":\"https:\\\/\\\/fuentesfidedignas.com.mx\\\/#organization\"},\"potentialAction\":[{\"@type\":\"SearchAction\",\"target\":{\"@type\":\"EntryPoint\",\"urlTemplate\":\"https:\\\/\\\/fuentesfidedignas.com.mx\\\/?s={search_term_string}\"},\"query-input\":{\"@type\":\"PropertyValueSpecification\",\"valueRequired\":true,\"valueName\":\"search_term_string\"}}],\"inLanguage\":\"es\"},{\"@type\":\"Organization\",\"@id\":\"https:\\\/\\\/fuentesfidedignas.com.mx\\\/#organization\",\"name\":\"Fuentes Fidedignas\",\"url\":\"https:\\\/\\\/fuentesfidedignas.com.mx\\\/\",\"logo\":{\"@type\":\"ImageObject\",\"inLanguage\":\"es\",\"@id\":\"https:\\\/\\\/fuentesfidedignas.com.mx\\\/#\\\/schema\\\/logo\\\/image\\\/\",\"url\":\"https:\\\/\\\/fuentesfidedignas.com.mx\\\/wp-content\\\/uploads\\\/2021\\\/04\\\/logo-retina.png\",\"contentUrl\":\"https:\\\/\\\/fuentesfidedignas.com.mx\\\/wp-content\\\/uploads\\\/2021\\\/04\\\/logo-retina.png\",\"width\":280,\"height\":51,\"caption\":\"Fuentes Fidedignas\"},\"image\":{\"@id\":\"https:\\\/\\\/fuentesfidedignas.com.mx\\\/#\\\/schema\\\/logo\\\/image\\\/\"},\"sameAs\":[\"https:\\\/\\\/www.facebook.com\\\/Fuentes-Fidedignas-368234489921644\",\"https:\\\/\\\/x.com\\\/fidedignas\"]},{\"@type\":\"Person\",\"@id\":\"https:\\\/\\\/fuentesfidedignas.com.mx\\\/#\\\/schema\\\/person\\\/67d852f0557c8509146a4b9ddebd543a\",\"name\":\"L\u00f3pez D\u00f3riga\",\"image\":{\"@type\":\"ImageObject\",\"inLanguage\":\"es\",\"@id\":\"https:\\\/\\\/secure.gravatar.com\\\/avatar\\\/e525b06574ca18b33cded59dfe5778d6c823b9513154eff47da551b0551bdd1e?s=96&d=mm&r=g\",\"url\":\"https:\\\/\\\/secure.gravatar.com\\\/avatar\\\/e525b06574ca18b33cded59dfe5778d6c823b9513154eff47da551b0551bdd1e?s=96&d=mm&r=g\",\"contentUrl\":\"https:\\\/\\\/secure.gravatar.com\\\/avatar\\\/e525b06574ca18b33cded59dfe5778d6c823b9513154eff47da551b0551bdd1e?s=96&d=mm&r=g\",\"caption\":\"L\u00f3pez D\u00f3riga\"},\"url\":\"https:\\\/\\\/fuentesfidedignas.com.mx\\\/index.php\\\/author\\\/doriga\\\/\"}]}<\/script>\n<!-- \/ Yoast SEO plugin. -->","yoast_head_json":{"title":"Versi\u00f3n sobre asalto contra Cu\u00e9n no es \u201caceptable\u201d ni tiene sustento: FGR - Fuentes Fidedignas","robots":{"index":"index","follow":"follow","max-snippet":"max-snippet:-1","max-image-preview":"max-image-preview:large","max-video-preview":"max-video-preview:-1"},"canonical":"https:\/\/fuentesfidedignas.com.mx\/index.php\/2024\/08\/21\/version-sobre-asalto-contra-cuen-no-es-aceptable-ni-tiene-sustento-fgr\/","og_locale":"es_MX","og_type":"article","og_title":"Versi\u00f3n sobre asalto contra Cu\u00e9n no es \u201caceptable\u201d ni tiene sustento: FGR - Fuentes Fidedignas","og_description":"Avanza FGR en investigaci\u00f3n sobre presunto secuestro de \u2018El Mayo\u2019 Zambada y asesinato de H\u00e9ctor Cu\u00e9n Dicho lugar ya se encuentra resguardado por la Agencia de Investigaci\u00f3n Criminal (AIC) Culiac\u00e1n, Sin.- La&nbsp;Fiscal\u00eda General de la Rep\u00fablica&nbsp;(FGR) inform\u00f3 este mi\u00e9rcoles que en la investigaci\u00f3n sobre la detenci\u00f3n de&nbsp;Ismael&nbsp;\u2018El Mayo\u2018&nbsp;Zambada&nbsp;y&nbsp;Joaqu\u00edn Guzm\u00e1n L\u00f3pez&nbsp;se logr\u00f3 establecer, con toda precisi\u00f3n, [&hellip;]","og_url":"https:\/\/fuentesfidedignas.com.mx\/index.php\/2024\/08\/21\/version-sobre-asalto-contra-cuen-no-es-aceptable-ni-tiene-sustento-fgr\/","og_site_name":"Fuentes Fidedignas","article_publisher":"https:\/\/www.facebook.com\/Fuentes-Fidedignas-368234489921644","article_published_time":"2024-08-22T01:46:23+00:00","article_modified_time":"2024-08-23T15:23:56+00:00","og_image":[{"width":974,"height":741,"url":"https:\/\/fuentesfidedignas.com.mx\/wp-content\/uploads\/2024\/02\/CUEN.jpg","type":"image\/jpeg"}],"author":"L\u00f3pez D\u00f3riga","twitter_card":"summary_large_image","twitter_creator":"@fidedignas","twitter_site":"@fidedignas","twitter_misc":{"Escrito por":"L\u00f3pez D\u00f3riga","Tiempo de lectura":"2 minutos"},"schema":{"@context":"https:\/\/schema.org","@graph":[{"@type":"Article","@id":"https:\/\/fuentesfidedignas.com.mx\/index.php\/2024\/08\/21\/version-sobre-asalto-contra-cuen-no-es-aceptable-ni-tiene-sustento-fgr\/#article","isPartOf":{"@id":"https:\/\/fuentesfidedignas.com.mx\/index.php\/2024\/08\/21\/version-sobre-asalto-contra-cuen-no-es-aceptable-ni-tiene-sustento-fgr\/"},"author":{"name":"L\u00f3pez D\u00f3riga","@id":"https:\/\/fuentesfidedignas.com.mx\/#\/schema\/person\/67d852f0557c8509146a4b9ddebd543a"},"headline":"Versi\u00f3n sobre asalto contra Cu\u00e9n no es \u201caceptable\u201d ni tiene sustento: FGR","datePublished":"2024-08-22T01:46:23+00:00","dateModified":"2024-08-23T15:23:56+00:00","mainEntityOfPage":{"@id":"https:\/\/fuentesfidedignas.com.mx\/index.php\/2024\/08\/21\/version-sobre-asalto-contra-cuen-no-es-aceptable-ni-tiene-sustento-fgr\/"},"wordCount":383,"publisher":{"@id":"https:\/\/fuentesfidedignas.com.mx\/#organization"},"image":{"@id":"https:\/\/fuentesfidedignas.com.mx\/index.php\/2024\/08\/21\/version-sobre-asalto-contra-cuen-no-es-aceptable-ni-tiene-sustento-fgr\/#primaryimage"},"thumbnailUrl":"https:\/\/fuentesfidedignas.com.mx\/wp-content\/uploads\/2024\/02\/CUEN.jpg","articleSection":["NOTICIAS LOCALES"],"inLanguage":"es"},{"@type":"WebPage","@id":"https:\/\/fuentesfidedignas.com.mx\/index.php\/2024\/08\/21\/version-sobre-asalto-contra-cuen-no-es-aceptable-ni-tiene-sustento-fgr\/","url":"https:\/\/fuentesfidedignas.com.mx\/index.php\/2024\/08\/21\/version-sobre-asalto-contra-cuen-no-es-aceptable-ni-tiene-sustento-fgr\/","name":"Versi\u00f3n sobre asalto contra Cu\u00e9n no es \u201caceptable\u201d ni tiene sustento: FGR - Fuentes Fidedignas","isPartOf":{"@id":"https:\/\/fuentesfidedignas.com.mx\/#website"},"primaryImageOfPage":{"@id":"https:\/\/fuentesfidedignas.com.mx\/index.php\/2024\/08\/21\/version-sobre-asalto-contra-cuen-no-es-aceptable-ni-tiene-sustento-fgr\/#primaryimage"},"image":{"@id":"https:\/\/fuentesfidedignas.com.mx\/index.php\/2024\/08\/21\/version-sobre-asalto-contra-cuen-no-es-aceptable-ni-tiene-sustento-fgr\/#primaryimage"},"thumbnailUrl":"https:\/\/fuentesfidedignas.com.mx\/wp-content\/uploads\/2024\/02\/CUEN.jpg","datePublished":"2024-08-22T01:46:23+00:00","dateModified":"2024-08-23T15:23:56+00:00","breadcrumb":{"@id":"https:\/\/fuentesfidedignas.com.mx\/index.php\/2024\/08\/21\/version-sobre-asalto-contra-cuen-no-es-aceptable-ni-tiene-sustento-fgr\/#breadcrumb"},"inLanguage":"es","potentialAction":[{"@type":"ReadAction","target":["https:\/\/fuentesfidedignas.com.mx\/index.php\/2024\/08\/21\/version-sobre-asalto-contra-cuen-no-es-aceptable-ni-tiene-sustento-fgr\/"]}]},{"@type":"ImageObject","inLanguage":"es","@id":"https:\/\/fuentesfidedignas.com.mx\/index.php\/2024\/08\/21\/version-sobre-asalto-contra-cuen-no-es-aceptable-ni-tiene-sustento-fgr\/#primaryimage","url":"https:\/\/fuentesfidedignas.com.mx\/wp-content\/uploads\/2024\/02\/CUEN.jpg","contentUrl":"https:\/\/fuentesfidedignas.com.mx\/wp-content\/uploads\/2024\/02\/CUEN.jpg","width":974,"height":741},{"@type":"BreadcrumbList","@id":"https:\/\/fuentesfidedignas.com.mx\/index.php\/2024\/08\/21\/version-sobre-asalto-contra-cuen-no-es-aceptable-ni-tiene-sustento-fgr\/#breadcrumb","itemListElement":[{"@type":"ListItem","position":1,"name":"Inicio","item":"https:\/\/fuentesfidedignas.com.mx\/"},{"@type":"ListItem","position":2,"name":"Versi\u00f3n sobre asalto contra Cu\u00e9n no es \u201caceptable\u201d ni tiene sustento: FGR"}]},{"@type":"WebSite","@id":"https:\/\/fuentesfidedignas.com.mx\/#website","url":"https:\/\/fuentesfidedignas.com.mx\/","name":"Fuentes Fidedignas","description":"Otro sitio realizado con WordPress","publisher":{"@id":"https:\/\/fuentesfidedignas.com.mx\/#organization"},"potentialAction":[{"@type":"SearchAction","target":{"@type":"EntryPoint","urlTemplate":"https:\/\/fuentesfidedignas.com.mx\/?s={search_term_string}"},"query-input":{"@type":"PropertyValueSpecification","valueRequired":true,"valueName":"search_term_string"}}],"inLanguage":"es"},{"@type":"Organization","@id":"https:\/\/fuentesfidedignas.com.mx\/#organization","name":"Fuentes Fidedignas","url":"https:\/\/fuentesfidedignas.com.mx\/","logo":{"@type":"ImageObject","inLanguage":"es","@id":"https:\/\/fuentesfidedignas.com.mx\/#\/schema\/logo\/image\/","url":"https:\/\/fuentesfidedignas.com.mx\/wp-content\/uploads\/2021\/04\/logo-retina.png","contentUrl":"https:\/\/fuentesfidedignas.com.mx\/wp-content\/uploads\/2021\/04\/logo-retina.png","width":280,"height":51,"caption":"Fuentes Fidedignas"},"image":{"@id":"https:\/\/fuentesfidedignas.com.mx\/#\/schema\/logo\/image\/"},"sameAs":["https:\/\/www.facebook.com\/Fuentes-Fidedignas-368234489921644","https:\/\/x.com\/fidedignas"]},{"@type":"Person","@id":"https:\/\/fuentesfidedignas.com.mx\/#\/schema\/person\/67d852f0557c8509146a4b9ddebd543a","name":"L\u00f3pez D\u00f3riga","image":{"@type":"ImageObject","inLanguage":"es","@id":"https:\/\/secure.gravatar.com\/avatar\/e525b06574ca18b33cded59dfe5778d6c823b9513154eff47da551b0551bdd1e?s=96&d=mm&r=g","url":"https:\/\/secure.gravatar.com\/avatar\/e525b06574ca18b33cded59dfe5778d6c823b9513154eff47da551b0551bdd1e?s=96&d=mm&r=g","contentUrl":"https:\/\/secure.gravatar.com\/avatar\/e525b06574ca18b33cded59dfe5778d6c823b9513154eff47da551b0551bdd1e?s=96&d=mm&r=g","caption":"L\u00f3pez D\u00f3riga"},"url":"https:\/\/fuentesfidedignas.com.mx\/index.php\/author\/doriga\/"}]}},"_links":{"self":[{"href":"https:\/\/fuentesfidedignas.com.mx\/index.php\/wp-json\/wp\/v2\/posts\/89292","targetHints":{"allow":["GET"]}}],"collection":[{"href":"https:\/\/fuentesfidedignas.com.mx\/index.php\/wp-json\/wp\/v2\/posts"}],"about":[{"href":"https:\/\/fuentesfidedignas.com.mx\/index.php\/wp-json\/wp\/v2\/types\/post"}],"author":[{"embeddable":true,"href":"https:\/\/fuentesfidedignas.com.mx\/index.php\/wp-json\/wp\/v2\/users\/47"}],"replies":[{"embeddable":true,"href":"https:\/\/fuentesfidedignas.com.mx\/index.php\/wp-json\/wp\/v2\/comments?post=89292"}],"version-history":[{"count":2,"href":"https:\/\/fuentesfidedignas.com.mx\/index.php\/wp-json\/wp\/v2\/posts\/89292\/revisions"}],"predecessor-version":[{"id":89294,"href":"https:\/\/fuentesfidedignas.com.mx\/index.php\/wp-json\/wp\/v2\/posts\/89292\/revisions\/89294"}],"wp:featuredmedia":[{"embeddable":true,"href":"https:\/\/fuentesfidedignas.com.mx\/index.php\/wp-json\/wp\/v2\/media\/73976"}],"wp:attachment":[{"href":"https:\/\/fuentesfidedignas.com.mx\/index.php\/wp-json\/wp\/v2\/media?parent=89292"}],"wp:term":[{"taxonomy":"category","embeddable":true,"href":"https:\/\/fuentesfidedignas.com.mx\/index.php\/wp-json\/wp\/v2\/categories?post=89292"},{"taxonomy":"post_tag","embeddable":true,"href":"https:\/\/fuentesfidedignas.com.mx\/index.php\/wp-json\/wp\/v2\/tags?post=89292"}],"curies":[{"name":"wp","href":"https:\/\/api.w.org\/{rel}","templated":true}]}}