{"id":89287,"date":"2024-08-21T16:14:00","date_gmt":"2024-08-21T23:14:00","guid":{"rendered":"https:\/\/fuentesfidedignas.com.mx\/?p=89287"},"modified":"2024-08-21T16:14:00","modified_gmt":"2024-08-21T23:14:00","slug":"tiroteo-en-escuela-deja-3-muertos-en-bosnia-fue-el-conserje","status":"publish","type":"post","link":"https:\/\/fuentesfidedignas.com.mx\/index.php\/2024\/08\/21\/tiroteo-en-escuela-deja-3-muertos-en-bosnia-fue-el-conserje\/","title":{"rendered":"Tiroteo en escuela deja 3 muertos en Bosnia; fue el conserje"},"content":{"rendered":"\n<p><strong><em>Las v\u00edctimas del ataque fueron: el director de la escuela, una secretaria y una profesora de ingl\u00e9s<\/em><\/strong><\/p>\n\n\n\n<p>Bosnia.- Tres empleados de una escuela en Sanski Most, en el noroeste de Bosnia, murieron el mi\u00e9rcoles por disparos de un colega, que abri\u00f3 fuego con un fusil autom\u00e1tico en las instalaciones del centro antes de intentar suicidarse, inform\u00f3 la polic\u00eda local.<\/p>\n\n\n\n<p>&#8220;El hombre utiliz\u00f3 un arma militar, un fusil autom\u00e1tico, mat\u00f3 a tres empleados de la escuela y trat\u00f3 de suicidarse&#8221; en el lugar, declar\u00f3 un portavoz de la polic\u00eda cantonal, Adnan Beganovic, a AFP.<\/p>\n\n\n\n<p>Las v\u00edctimas del ataque, que se produjo poco despu\u00e9s de las 10 horas, son el &#8220;director de la escuela, una secretaria y una profesora de ingl\u00e9s&#8221;, a\u00f1adi\u00f3 la misma fuente.<\/p>\n\n\n\n<p>El atacante, gravemente herido, fue trasladado a un hospital de Banja Luka, a\u00f1adi\u00f3 Beganovic. El hospital indic\u00f3 que estaba consciente pero tendr\u00eda que ser operado de heridas en el torax.<\/p>\n\n\n\n<p class=\"amp-sc__font-paragraph\">Seg\u00fan medios de comunicaci\u00f3n locales, el&nbsp;<strong>atacante ser\u00eda un conserje&nbsp;<\/strong>de la escuela que estaba siendo objeto de un procedimiento disciplinario y que habr\u00eda disparado contra sus compa\u00f1eros durante una reuni\u00f3n para preparar el inicio del nuevo curso escolar.<\/p>\n\n\n\n<p class=\"amp-sc__font-paragraph\">La polic\u00eda no ha confirmado estas informaciones.<\/p>\n","protected":false},"excerpt":{"rendered":"<p>Las v\u00edctimas del ataque fueron: el director de la escuela, una secretaria y una profesora de ingl\u00e9s Bosnia.- Tres empleados de una escuela en Sanski Most, en el noroeste de Bosnia, murieron el mi\u00e9rcoles por disparos de un colega, que abri\u00f3 fuego con un fusil autom\u00e1tico en las instalaciones del centro antes de intentar suicidarse, [&hellip;]<\/p>\n","protected":false},"author":12,"featured_media":89286,"comment_status":"closed","ping_status":"open","sticky":false,"template":"","format":"standard","meta":{"tdm_status":"","tdm_grid_status":"","footnotes":""},"categories":[39],"tags":[],"class_list":{"0":"post-89287","1":"post","2":"type-post","3":"status-publish","4":"format-standard","5":"has-post-thumbnail","7":"category-noticias-nacionales"},"yoast_head":"<!-- This site is optimized with the Yoast SEO plugin v27.5 - https:\/\/yoast.com\/product\/yoast-seo-wordpress\/ -->\n<title>Tiroteo en escuela deja 3 muertos en Bosnia; fue el conserje - Fuentes Fidedignas<\/title>\n<meta name=\"robots\" content=\"index, follow, max-snippet:-1, max-image-preview:large, max-video-preview:-1\" \/>\n<link rel=\"canonical\" href=\"https:\/\/fuentesfidedignas.com.mx\/index.php\/2024\/08\/21\/tiroteo-en-escuela-deja-3-muertos-en-bosnia-fue-el-conserje\/\" \/>\n<meta property=\"og:locale\" content=\"es_MX\" \/>\n<meta property=\"og:type\" content=\"article\" \/>\n<meta property=\"og:title\" content=\"Tiroteo en escuela deja 3 muertos en Bosnia; fue el conserje - Fuentes Fidedignas\" \/>\n<meta property=\"og:description\" content=\"Las v\u00edctimas del ataque fueron: el director de la escuela, una secretaria y una profesora de ingl\u00e9s Bosnia.- Tres empleados de una escuela en Sanski Most, en el noroeste de Bosnia, murieron el mi\u00e9rcoles por disparos de un colega, que abri\u00f3 fuego con un fusil autom\u00e1tico en las instalaciones del centro antes de intentar suicidarse, [&hellip;]\" \/>\n<meta property=\"og:url\" content=\"https:\/\/fuentesfidedignas.com.mx\/index.php\/2024\/08\/21\/tiroteo-en-escuela-deja-3-muertos-en-bosnia-fue-el-conserje\/\" \/>\n<meta property=\"og:site_name\" content=\"Fuentes Fidedignas\" \/>\n<meta property=\"article:publisher\" content=\"https:\/\/www.facebook.com\/Fuentes-Fidedignas-368234489921644\" \/>\n<meta property=\"article:published_time\" content=\"2024-08-21T23:14:00+00:00\" \/>\n<meta property=\"og:image\" content=\"https:\/\/fuentesfidedignas.com.mx\/wp-content\/uploads\/2024\/08\/img_4809-1.png\" \/>\n\t<meta property=\"og:image:width\" content=\"400\" \/>\n\t<meta property=\"og:image:height\" content=\"242\" \/>\n\t<meta property=\"og:image:type\" content=\"image\/png\" \/>\n<meta name=\"author\" content=\"AFP\" \/>\n<meta name=\"twitter:card\" content=\"summary_large_image\" \/>\n<meta name=\"twitter:creator\" content=\"@fidedignas\" \/>\n<meta name=\"twitter:site\" content=\"@fidedignas\" \/>\n<meta name=\"twitter:label1\" content=\"Escrito por\" \/>\n\t<meta name=\"twitter:data1\" content=\"AFP\" \/>\n\t<meta name=\"twitter:label2\" content=\"Tiempo de lectura\" \/>\n\t<meta name=\"twitter:data2\" content=\"1 minuto\" \/>\n<script type=\"application\/ld+json\" class=\"yoast-schema-graph\">{\"@context\":\"https:\\\/\\\/schema.org\",\"@graph\":[{\"@type\":\"Article\",\"@id\":\"https:\\\/\\\/fuentesfidedignas.com.mx\\\/index.php\\\/2024\\\/08\\\/21\\\/tiroteo-en-escuela-deja-3-muertos-en-bosnia-fue-el-conserje\\\/#article\",\"isPartOf\":{\"@id\":\"https:\\\/\\\/fuentesfidedignas.com.mx\\\/index.php\\\/2024\\\/08\\\/21\\\/tiroteo-en-escuela-deja-3-muertos-en-bosnia-fue-el-conserje\\\/\"},\"author\":{\"name\":\"AFP\",\"@id\":\"https:\\\/\\\/fuentesfidedignas.com.mx\\\/#\\\/schema\\\/person\\\/1827b38c6cf89e1d6cc7d78ca3fae732\"},\"headline\":\"Tiroteo en escuela deja 3 muertos en Bosnia; fue el conserje\",\"datePublished\":\"2024-08-21T23:14:00+00:00\",\"mainEntityOfPage\":{\"@id\":\"https:\\\/\\\/fuentesfidedignas.com.mx\\\/index.php\\\/2024\\\/08\\\/21\\\/tiroteo-en-escuela-deja-3-muertos-en-bosnia-fue-el-conserje\\\/\"},\"wordCount\":231,\"publisher\":{\"@id\":\"https:\\\/\\\/fuentesfidedignas.com.mx\\\/#organization\"},\"image\":{\"@id\":\"https:\\\/\\\/fuentesfidedignas.com.mx\\\/index.php\\\/2024\\\/08\\\/21\\\/tiroteo-en-escuela-deja-3-muertos-en-bosnia-fue-el-conserje\\\/#primaryimage\"},\"thumbnailUrl\":\"https:\\\/\\\/fuentesfidedignas.com.mx\\\/wp-content\\\/uploads\\\/2024\\\/08\\\/img_4809-1.png\",\"articleSection\":[\"NOTICIAS NACIONALES\"],\"inLanguage\":\"es\"},{\"@type\":\"WebPage\",\"@id\":\"https:\\\/\\\/fuentesfidedignas.com.mx\\\/index.php\\\/2024\\\/08\\\/21\\\/tiroteo-en-escuela-deja-3-muertos-en-bosnia-fue-el-conserje\\\/\",\"url\":\"https:\\\/\\\/fuentesfidedignas.com.mx\\\/index.php\\\/2024\\\/08\\\/21\\\/tiroteo-en-escuela-deja-3-muertos-en-bosnia-fue-el-conserje\\\/\",\"name\":\"Tiroteo en escuela deja 3 muertos en Bosnia; fue el conserje - Fuentes Fidedignas\",\"isPartOf\":{\"@id\":\"https:\\\/\\\/fuentesfidedignas.com.mx\\\/#website\"},\"primaryImageOfPage\":{\"@id\":\"https:\\\/\\\/fuentesfidedignas.com.mx\\\/index.php\\\/2024\\\/08\\\/21\\\/tiroteo-en-escuela-deja-3-muertos-en-bosnia-fue-el-conserje\\\/#primaryimage\"},\"image\":{\"@id\":\"https:\\\/\\\/fuentesfidedignas.com.mx\\\/index.php\\\/2024\\\/08\\\/21\\\/tiroteo-en-escuela-deja-3-muertos-en-bosnia-fue-el-conserje\\\/#primaryimage\"},\"thumbnailUrl\":\"https:\\\/\\\/fuentesfidedignas.com.mx\\\/wp-content\\\/uploads\\\/2024\\\/08\\\/img_4809-1.png\",\"datePublished\":\"2024-08-21T23:14:00+00:00\",\"breadcrumb\":{\"@id\":\"https:\\\/\\\/fuentesfidedignas.com.mx\\\/index.php\\\/2024\\\/08\\\/21\\\/tiroteo-en-escuela-deja-3-muertos-en-bosnia-fue-el-conserje\\\/#breadcrumb\"},\"inLanguage\":\"es\",\"potentialAction\":[{\"@type\":\"ReadAction\",\"target\":[\"https:\\\/\\\/fuentesfidedignas.com.mx\\\/index.php\\\/2024\\\/08\\\/21\\\/tiroteo-en-escuela-deja-3-muertos-en-bosnia-fue-el-conserje\\\/\"]}]},{\"@type\":\"ImageObject\",\"inLanguage\":\"es\",\"@id\":\"https:\\\/\\\/fuentesfidedignas.com.mx\\\/index.php\\\/2024\\\/08\\\/21\\\/tiroteo-en-escuela-deja-3-muertos-en-bosnia-fue-el-conserje\\\/#primaryimage\",\"url\":\"https:\\\/\\\/fuentesfidedignas.com.mx\\\/wp-content\\\/uploads\\\/2024\\\/08\\\/img_4809-1.png\",\"contentUrl\":\"https:\\\/\\\/fuentesfidedignas.com.mx\\\/wp-content\\\/uploads\\\/2024\\\/08\\\/img_4809-1.png\",\"width\":400,\"height\":242},{\"@type\":\"BreadcrumbList\",\"@id\":\"https:\\\/\\\/fuentesfidedignas.com.mx\\\/index.php\\\/2024\\\/08\\\/21\\\/tiroteo-en-escuela-deja-3-muertos-en-bosnia-fue-el-conserje\\\/#breadcrumb\",\"itemListElement\":[{\"@type\":\"ListItem\",\"position\":1,\"name\":\"Inicio\",\"item\":\"https:\\\/\\\/fuentesfidedignas.com.mx\\\/\"},{\"@type\":\"ListItem\",\"position\":2,\"name\":\"Tiroteo en escuela deja 3 muertos en Bosnia; fue el conserje\"}]},{\"@type\":\"WebSite\",\"@id\":\"https:\\\/\\\/fuentesfidedignas.com.mx\\\/#website\",\"url\":\"https:\\\/\\\/fuentesfidedignas.com.mx\\\/\",\"name\":\"Fuentes Fidedignas\",\"description\":\"Otro sitio realizado con WordPress\",\"publisher\":{\"@id\":\"https:\\\/\\\/fuentesfidedignas.com.mx\\\/#organization\"},\"potentialAction\":[{\"@type\":\"SearchAction\",\"target\":{\"@type\":\"EntryPoint\",\"urlTemplate\":\"https:\\\/\\\/fuentesfidedignas.com.mx\\\/?s={search_term_string}\"},\"query-input\":{\"@type\":\"PropertyValueSpecification\",\"valueRequired\":true,\"valueName\":\"search_term_string\"}}],\"inLanguage\":\"es\"},{\"@type\":\"Organization\",\"@id\":\"https:\\\/\\\/fuentesfidedignas.com.mx\\\/#organization\",\"name\":\"Fuentes Fidedignas\",\"url\":\"https:\\\/\\\/fuentesfidedignas.com.mx\\\/\",\"logo\":{\"@type\":\"ImageObject\",\"inLanguage\":\"es\",\"@id\":\"https:\\\/\\\/fuentesfidedignas.com.mx\\\/#\\\/schema\\\/logo\\\/image\\\/\",\"url\":\"https:\\\/\\\/fuentesfidedignas.com.mx\\\/wp-content\\\/uploads\\\/2021\\\/04\\\/logo-retina.png\",\"contentUrl\":\"https:\\\/\\\/fuentesfidedignas.com.mx\\\/wp-content\\\/uploads\\\/2021\\\/04\\\/logo-retina.png\",\"width\":280,\"height\":51,\"caption\":\"Fuentes Fidedignas\"},\"image\":{\"@id\":\"https:\\\/\\\/fuentesfidedignas.com.mx\\\/#\\\/schema\\\/logo\\\/image\\\/\"},\"sameAs\":[\"https:\\\/\\\/www.facebook.com\\\/Fuentes-Fidedignas-368234489921644\",\"https:\\\/\\\/x.com\\\/fidedignas\"]},{\"@type\":\"Person\",\"@id\":\"https:\\\/\\\/fuentesfidedignas.com.mx\\\/#\\\/schema\\\/person\\\/1827b38c6cf89e1d6cc7d78ca3fae732\",\"name\":\"AFP\",\"image\":{\"@type\":\"ImageObject\",\"inLanguage\":\"es\",\"@id\":\"https:\\\/\\\/secure.gravatar.com\\\/avatar\\\/236827d2ee9bf15e1ea99e0c1cd1b467cffa55e324d177638d0f8de7950cbae6?s=96&d=mm&r=g\",\"url\":\"https:\\\/\\\/secure.gravatar.com\\\/avatar\\\/236827d2ee9bf15e1ea99e0c1cd1b467cffa55e324d177638d0f8de7950cbae6?s=96&d=mm&r=g\",\"contentUrl\":\"https:\\\/\\\/secure.gravatar.com\\\/avatar\\\/236827d2ee9bf15e1ea99e0c1cd1b467cffa55e324d177638d0f8de7950cbae6?s=96&d=mm&r=g\",\"caption\":\"AFP\"},\"url\":\"https:\\\/\\\/fuentesfidedignas.com.mx\\\/index.php\\\/author\\\/afp\\\/\"}]}<\/script>\n<!-- \/ Yoast SEO plugin. -->","yoast_head_json":{"title":"Tiroteo en escuela deja 3 muertos en Bosnia; fue el conserje - Fuentes Fidedignas","robots":{"index":"index","follow":"follow","max-snippet":"max-snippet:-1","max-image-preview":"max-image-preview:large","max-video-preview":"max-video-preview:-1"},"canonical":"https:\/\/fuentesfidedignas.com.mx\/index.php\/2024\/08\/21\/tiroteo-en-escuela-deja-3-muertos-en-bosnia-fue-el-conserje\/","og_locale":"es_MX","og_type":"article","og_title":"Tiroteo en escuela deja 3 muertos en Bosnia; fue el conserje - Fuentes Fidedignas","og_description":"Las v\u00edctimas del ataque fueron: el director de la escuela, una secretaria y una profesora de ingl\u00e9s Bosnia.- Tres empleados de una escuela en Sanski Most, en el noroeste de Bosnia, murieron el mi\u00e9rcoles por disparos de un colega, que abri\u00f3 fuego con un fusil autom\u00e1tico en las instalaciones del centro antes de intentar suicidarse, [&hellip;]","og_url":"https:\/\/fuentesfidedignas.com.mx\/index.php\/2024\/08\/21\/tiroteo-en-escuela-deja-3-muertos-en-bosnia-fue-el-conserje\/","og_site_name":"Fuentes Fidedignas","article_publisher":"https:\/\/www.facebook.com\/Fuentes-Fidedignas-368234489921644","article_published_time":"2024-08-21T23:14:00+00:00","og_image":[{"width":400,"height":242,"url":"https:\/\/fuentesfidedignas.com.mx\/wp-content\/uploads\/2024\/08\/img_4809-1.png","type":"image\/png"}],"author":"AFP","twitter_card":"summary_large_image","twitter_creator":"@fidedignas","twitter_site":"@fidedignas","twitter_misc":{"Escrito por":"AFP","Tiempo de lectura":"1 minuto"},"schema":{"@context":"https:\/\/schema.org","@graph":[{"@type":"Article","@id":"https:\/\/fuentesfidedignas.com.mx\/index.php\/2024\/08\/21\/tiroteo-en-escuela-deja-3-muertos-en-bosnia-fue-el-conserje\/#article","isPartOf":{"@id":"https:\/\/fuentesfidedignas.com.mx\/index.php\/2024\/08\/21\/tiroteo-en-escuela-deja-3-muertos-en-bosnia-fue-el-conserje\/"},"author":{"name":"AFP","@id":"https:\/\/fuentesfidedignas.com.mx\/#\/schema\/person\/1827b38c6cf89e1d6cc7d78ca3fae732"},"headline":"Tiroteo en escuela deja 3 muertos en Bosnia; fue el conserje","datePublished":"2024-08-21T23:14:00+00:00","mainEntityOfPage":{"@id":"https:\/\/fuentesfidedignas.com.mx\/index.php\/2024\/08\/21\/tiroteo-en-escuela-deja-3-muertos-en-bosnia-fue-el-conserje\/"},"wordCount":231,"publisher":{"@id":"https:\/\/fuentesfidedignas.com.mx\/#organization"},"image":{"@id":"https:\/\/fuentesfidedignas.com.mx\/index.php\/2024\/08\/21\/tiroteo-en-escuela-deja-3-muertos-en-bosnia-fue-el-conserje\/#primaryimage"},"thumbnailUrl":"https:\/\/fuentesfidedignas.com.mx\/wp-content\/uploads\/2024\/08\/img_4809-1.png","articleSection":["NOTICIAS NACIONALES"],"inLanguage":"es"},{"@type":"WebPage","@id":"https:\/\/fuentesfidedignas.com.mx\/index.php\/2024\/08\/21\/tiroteo-en-escuela-deja-3-muertos-en-bosnia-fue-el-conserje\/","url":"https:\/\/fuentesfidedignas.com.mx\/index.php\/2024\/08\/21\/tiroteo-en-escuela-deja-3-muertos-en-bosnia-fue-el-conserje\/","name":"Tiroteo en escuela deja 3 muertos en Bosnia; fue el conserje - Fuentes Fidedignas","isPartOf":{"@id":"https:\/\/fuentesfidedignas.com.mx\/#website"},"primaryImageOfPage":{"@id":"https:\/\/fuentesfidedignas.com.mx\/index.php\/2024\/08\/21\/tiroteo-en-escuela-deja-3-muertos-en-bosnia-fue-el-conserje\/#primaryimage"},"image":{"@id":"https:\/\/fuentesfidedignas.com.mx\/index.php\/2024\/08\/21\/tiroteo-en-escuela-deja-3-muertos-en-bosnia-fue-el-conserje\/#primaryimage"},"thumbnailUrl":"https:\/\/fuentesfidedignas.com.mx\/wp-content\/uploads\/2024\/08\/img_4809-1.png","datePublished":"2024-08-21T23:14:00+00:00","breadcrumb":{"@id":"https:\/\/fuentesfidedignas.com.mx\/index.php\/2024\/08\/21\/tiroteo-en-escuela-deja-3-muertos-en-bosnia-fue-el-conserje\/#breadcrumb"},"inLanguage":"es","potentialAction":[{"@type":"ReadAction","target":["https:\/\/fuentesfidedignas.com.mx\/index.php\/2024\/08\/21\/tiroteo-en-escuela-deja-3-muertos-en-bosnia-fue-el-conserje\/"]}]},{"@type":"ImageObject","inLanguage":"es","@id":"https:\/\/fuentesfidedignas.com.mx\/index.php\/2024\/08\/21\/tiroteo-en-escuela-deja-3-muertos-en-bosnia-fue-el-conserje\/#primaryimage","url":"https:\/\/fuentesfidedignas.com.mx\/wp-content\/uploads\/2024\/08\/img_4809-1.png","contentUrl":"https:\/\/fuentesfidedignas.com.mx\/wp-content\/uploads\/2024\/08\/img_4809-1.png","width":400,"height":242},{"@type":"BreadcrumbList","@id":"https:\/\/fuentesfidedignas.com.mx\/index.php\/2024\/08\/21\/tiroteo-en-escuela-deja-3-muertos-en-bosnia-fue-el-conserje\/#breadcrumb","itemListElement":[{"@type":"ListItem","position":1,"name":"Inicio","item":"https:\/\/fuentesfidedignas.com.mx\/"},{"@type":"ListItem","position":2,"name":"Tiroteo en escuela deja 3 muertos en Bosnia; fue el conserje"}]},{"@type":"WebSite","@id":"https:\/\/fuentesfidedignas.com.mx\/#website","url":"https:\/\/fuentesfidedignas.com.mx\/","name":"Fuentes Fidedignas","description":"Otro sitio realizado con WordPress","publisher":{"@id":"https:\/\/fuentesfidedignas.com.mx\/#organization"},"potentialAction":[{"@type":"SearchAction","target":{"@type":"EntryPoint","urlTemplate":"https:\/\/fuentesfidedignas.com.mx\/?s={search_term_string}"},"query-input":{"@type":"PropertyValueSpecification","valueRequired":true,"valueName":"search_term_string"}}],"inLanguage":"es"},{"@type":"Organization","@id":"https:\/\/fuentesfidedignas.com.mx\/#organization","name":"Fuentes Fidedignas","url":"https:\/\/fuentesfidedignas.com.mx\/","logo":{"@type":"ImageObject","inLanguage":"es","@id":"https:\/\/fuentesfidedignas.com.mx\/#\/schema\/logo\/image\/","url":"https:\/\/fuentesfidedignas.com.mx\/wp-content\/uploads\/2021\/04\/logo-retina.png","contentUrl":"https:\/\/fuentesfidedignas.com.mx\/wp-content\/uploads\/2021\/04\/logo-retina.png","width":280,"height":51,"caption":"Fuentes Fidedignas"},"image":{"@id":"https:\/\/fuentesfidedignas.com.mx\/#\/schema\/logo\/image\/"},"sameAs":["https:\/\/www.facebook.com\/Fuentes-Fidedignas-368234489921644","https:\/\/x.com\/fidedignas"]},{"@type":"Person","@id":"https:\/\/fuentesfidedignas.com.mx\/#\/schema\/person\/1827b38c6cf89e1d6cc7d78ca3fae732","name":"AFP","image":{"@type":"ImageObject","inLanguage":"es","@id":"https:\/\/secure.gravatar.com\/avatar\/236827d2ee9bf15e1ea99e0c1cd1b467cffa55e324d177638d0f8de7950cbae6?s=96&d=mm&r=g","url":"https:\/\/secure.gravatar.com\/avatar\/236827d2ee9bf15e1ea99e0c1cd1b467cffa55e324d177638d0f8de7950cbae6?s=96&d=mm&r=g","contentUrl":"https:\/\/secure.gravatar.com\/avatar\/236827d2ee9bf15e1ea99e0c1cd1b467cffa55e324d177638d0f8de7950cbae6?s=96&d=mm&r=g","caption":"AFP"},"url":"https:\/\/fuentesfidedignas.com.mx\/index.php\/author\/afp\/"}]}},"_links":{"self":[{"href":"https:\/\/fuentesfidedignas.com.mx\/index.php\/wp-json\/wp\/v2\/posts\/89287","targetHints":{"allow":["GET"]}}],"collection":[{"href":"https:\/\/fuentesfidedignas.com.mx\/index.php\/wp-json\/wp\/v2\/posts"}],"about":[{"href":"https:\/\/fuentesfidedignas.com.mx\/index.php\/wp-json\/wp\/v2\/types\/post"}],"author":[{"embeddable":true,"href":"https:\/\/fuentesfidedignas.com.mx\/index.php\/wp-json\/wp\/v2\/users\/12"}],"replies":[{"embeddable":true,"href":"https:\/\/fuentesfidedignas.com.mx\/index.php\/wp-json\/wp\/v2\/comments?post=89287"}],"version-history":[{"count":1,"href":"https:\/\/fuentesfidedignas.com.mx\/index.php\/wp-json\/wp\/v2\/posts\/89287\/revisions"}],"predecessor-version":[{"id":89288,"href":"https:\/\/fuentesfidedignas.com.mx\/index.php\/wp-json\/wp\/v2\/posts\/89287\/revisions\/89288"}],"wp:featuredmedia":[{"embeddable":true,"href":"https:\/\/fuentesfidedignas.com.mx\/index.php\/wp-json\/wp\/v2\/media\/89286"}],"wp:attachment":[{"href":"https:\/\/fuentesfidedignas.com.mx\/index.php\/wp-json\/wp\/v2\/media?parent=89287"}],"wp:term":[{"taxonomy":"category","embeddable":true,"href":"https:\/\/fuentesfidedignas.com.mx\/index.php\/wp-json\/wp\/v2\/categories?post=89287"},{"taxonomy":"post_tag","embeddable":true,"href":"https:\/\/fuentesfidedignas.com.mx\/index.php\/wp-json\/wp\/v2\/tags?post=89287"}],"curies":[{"name":"wp","href":"https:\/\/api.w.org\/{rel}","templated":true}]}}