{"id":89243,"date":"2024-08-21T10:26:52","date_gmt":"2024-08-21T17:26:52","guid":{"rendered":"https:\/\/fuentesfidedignas.com.mx\/?p=89243"},"modified":"2024-08-21T10:29:14","modified_gmt":"2024-08-21T17:29:14","slug":"fractura-entre-los-chapitos-y-los-mayos-mantiene-a-sinaloa-sumergido-en-violencia-y-divisionismo","status":"publish","type":"post","link":"https:\/\/fuentesfidedignas.com.mx\/index.php\/2024\/08\/21\/fractura-entre-los-chapitos-y-los-mayos-mantiene-a-sinaloa-sumergido-en-violencia-y-divisionismo\/","title":{"rendered":"Fractura entre &#8216;Los Chapitos&#8217; y &#8216;Los Mayos&#8217; tiene a Sinaloa sumergido en violencia y divisionismo"},"content":{"rendered":"\n<p><strong><em>Tras la detenci\u00f3n de El Mayo Zambada se han reportado 10 asesinatos ligados al c\u00e1rtel de Sinaloa.<\/em><\/strong><\/p>\n\n\n\n<p>Recientemente, la violencia en Sinaloa ha aumentado significativamente, especialmente tras la detenci\u00f3n de Ismael El Mayo Zambada y Joaqu\u00edn Guzm\u00e1n L\u00f3pez, hijo de El Chapo Guzm\u00e1n; que durante el fin de semana pasado dejar\u00eda a 10 personas ejecutadas, siete de la facci\u00f3n de Los Mayos y tres de Los Chapitos.<\/p>\n\n\n\n<p>Entre los casos m\u00e1s destacados se encuentran dos incidentes relevantes; principalmente el de Mart\u00edn Garc\u00eda Corrales, a quien EUA ofrec\u00eda una recompensa de 5 millones de d\u00f3lares y se le asocia como un hombre cercano a El Mayo, junto a sus hermanos, sin embargo, estas v\u00edctimas mortales formar\u00edan parte de\u00a0Los Chapitos.\u00a0<\/p>\n\n\n\n<p>\u200bEl gobernador de Sinaloa, Rub\u00e9n Rocha Moya, ha reportado que al menos 10 personas han perdido la vida en incidentes vinculados a la disputa por el control del c\u00e1rtel de Sinaloa, pero la informaci\u00f3n sobre estos eventos sigue siendo limitada; una fractura que ha venido a recrudecer el divisionismo del c\u00e1rtel entre las facciones de Los Chapos y Los Mayos.<\/p>\n\n\n\n<p>\u200b\u00bfAmbas facciones del c\u00e1rtel, tanto de La Mayiza, como de Los Chapitos se han dedicado a reclutar y adquirir armamento tras la captura, seg\u00fan lo confirm\u00f3 el Wall Street Journal.&nbsp;<\/p>\n\n\n\n<p>Y en redes sociales ya se percibe una reorganizaci\u00f3n, as\u00ed como traiciones, aunque todav\u00eda no se tenga confirmada una implosi\u00f3n dentro del c\u00e1rtel; aunque esto, seg\u00fan especialistas consultados, s\u00f3lo dejar\u00eda el camino libre a la competencia al c\u00e1rtel Jalisco Nueva Generaci\u00f3n (CJNG).<\/p>\n\n\n\n<p>\u201cNormalmente, cuando matan a un l\u00edder de un c\u00e1rtel o se captura, se fragmentan los c\u00e1rteles quiere tomar control y entran a un conflicto interno, pero hasta el momento no hay indicaciones de violencia. Yo creo que el c\u00e1rtel de Sinaloa entra a una guerra interna, pues los \u00fanicos que se van a beneficiar van a ser sus rivales principales que es el cartel Jalisco Nueva Generaci\u00f3n&#8221;, explic\u00f3 a MILENIO Mike Vigil, quien fuera ex agente de la DEA.<\/p>\n\n\n\n<p>En el mismo sentido, David Saucedo, Consultor en Seguridad, explic\u00f3 que El Mayo s\u00ed alcanz\u00f3 a operar internamente. Y hasta lo que se sabe, sus hijos varones han asumido el mando, no desde ahorita, si no desde hace meses pareciera que \u00e9l tom\u00f3 previsiones al respecto.<\/p>\n\n\n\n<p>Adem\u00e1s de que Los Chapitos, por lo que se alcanza a ver no declararon la guerra al El Mayo Zambada, quiz\u00e1 con la experiencia previa, ya que el beneficiado ser\u00eda Nemesio Oseguera&nbsp;El Mencho&nbsp;, l\u00edder del CJNG.<\/p>\n\n\n\n<p><strong>Confusi\u00f3n de las v\u00edctimas mortales en Elota<\/strong><br>Entre los casos m\u00e1s destacados se encuentran dos incidentes relevantes; principalmente el de Mart\u00edn Garc\u00eda Corrales, a quien EUA ofrec\u00eda una recompensa de 5 millones de d\u00f3lares y se le asocia como un hombre cercano a Ismael Zambada, junto a sus hermanos.<\/p>\n\n\n\n<p>Sin embargo, dicha facci\u00f3n del c\u00e1rtel de Sinaloa ser\u00eda el brazo armado en la regi\u00f3n de Elota que le ayud\u00f3 a D\u00e1maso L\u00f3pez a librar la guerra contra Los Beltr\u00e1n Leyva y actualmente ser\u00edan gente de Los Chapitos, hijos den El Chapo Guzm\u00e1n, y su asesinato est\u00e1 relacionado con la venta de fentanilo, la cual el c\u00e1rtel est\u00e1 prohibiendo estrictamente.<\/p>\n\n\n\n<p>En este incidente, se ha mencionado que Mart\u00edn Corrales, una de las v\u00edctimas, podr\u00eda tener conexiones con El Mayo Zambada. Mart\u00edn era hermano de Jos\u00e9 Ricardo y t\u00edo de Francisco Javier, los tres encontrados sin vida en Elota y sumados a la lista de ejecuciones ligadas a la detenci\u00f3n de los capos sinaloenses.<\/p>\n\n\n\n<p>Mart\u00edn tambi\u00e9n ser\u00eda hermano de Leobardo, a quien se le se\u00f1ala como el lugarteniente en la regi\u00f3n de Elota, y de Sonia Estela, presidente del Partido Sinaloense en el mismo municipio; de ah\u00ed la probable confusi\u00f3n de relacionar a los hermanos Garc\u00eda Corrales con Cu\u00e9n Ojeda, fundador del partido, y a este a su vez con El Mayo Zambada.<\/p>\n\n\n\n<p>Fuentes de seguridad consultadas por MILENIO indican que, Mart\u00edn y sus hermanos han estado involucrados en el tr\u00e1fico de mariguana hacia Estados Unidos y fueron parte del brazo armado de D\u00e1maso L\u00f3pez, conocido como El Licenciado. Este grupo combati\u00f3 al c\u00e1rtel de Los Beltr\u00e1n Leyva tras la ruptura con el c\u00e1rtel de Sinaloa y actualmente &#8220;seguir\u00edan firmes&#8221; con Los Chapitos.<\/p>\n\n\n\n<p><strong>Las otras ejecuciones<\/strong><br>El s\u00e1bado 17 de agosto, seg\u00fan lo que dijo el gobernador de Sinaloa, ser\u00edan seis personas encontradas sin vida; adem\u00e1s de las v\u00edctimas mortales en Elota. Dos cuerpos sin vida fueron encontrados sobre el arroyo El Piojo, a aproximadamente 300 metros al norte de las \u00faltimas viviendas del fraccionamiento Montesierra, ubicado en las cercan\u00edas de la colonia El Mirador y al norte de Culiac\u00e1n.<\/p>\n\n\n\n<p>A simple vista, se apreciaba que estaban tirados boca abajo y semi sepultados de manera clandestina con piedras y rocas de entre 15 y 30 cent\u00edmetros de di\u00e1metro; a\u00fan no se han identificado.<\/p>\n\n\n\n<p>El sexto hombre asesinado pudiera tratarse del hombre ejecutado en la playa detr\u00e1s del hotel Marriot en Mazatl\u00e1n, identificado como Alejandro, de 20 a\u00f1os de edad, originario de P\u00e1ramo, California, ya que el gobierno de Sinaloa no ha especificado la lista de las v\u00edctimas.<\/p>\n\n\n\n<p>Cabe resaltar que, desde la captura de los capos sinaloenses, se han presentado levantones y muertes en otros municipios, sin confirmar si est\u00e1n relacionados o no con dicha captura.<\/p>\n\n\n\n<p>El viernes, 16 de agosto, Emmanuel &#8216;N&#8217;, de 40 a\u00f1os de edad, residente de la colonia 5 de El Mayo de Culiac\u00e1n, fue hallado sin vida a balazos cerca del Congreso de Culiac\u00e1n. La v\u00edctima hab\u00eda sido secuestrada dos d\u00edas antes, el mi\u00e9rcoles 14 de agosto, cuando fue &#8220;levantado&#8221; por los ocupantes de una camioneta Dodge Durango blanca mientras conversaba con un amigo en las afueras de la plaza Forum.<\/p>\n\n\n\n<p>Dos hombres fueron encontrados asesinados a tiros tras haber sido emboscados mientras circulaban en un veh\u00edculo todoterreno sobre la carretera Internacional M\u00e9xico 15 libre, en la frontera entre los municipios de Culiac\u00e1n y Mocorito. El incidente ocurri\u00f3 en la ma\u00f1ana del jueves 15 de agosto.<\/p>\n\n\n\n<p>Se trata de Iv\u00e1n Onofre, de 40 a\u00f1os de edad, y Juan Carlos, El Vampi, de 45 a\u00f1os. Ambos eran originarios del municipio de Badiraguato, aunque resid\u00edan en la ciudad de Culiac\u00e1n y estaban relacionados con la facci\u00f3n de Zambada en el c\u00e1rtel de Sinaloa.<\/p>\n\n\n\n<p>En la sindicatura de El Espinal se encontraron tres cuerpos sin vida que estaban tirados uno junto al otro sobre una brecha que comunica de la carretera Internacional M\u00e9xico 15 libre a unas tierras ejidales, a la altura del kil\u00f3metro 113 y aproximadamente a 2 kil\u00f3metros al norte de la comunidad de El Aguaje.<\/p>\n\n\n\n<p>Las v\u00edctimas viajaban a bordo de una camioneta Jeep Rubic\u00f3n, color blanco, modelo reciente con capota negra, en la cual viajaban cuando fueron rafagueados de carro a carro.<\/p>\n\n\n\n<p>Un hombre a\u00fan no identificado fue atacado a balazos la tarde del mismo viernes mientras circulaba en una camioneta Toyota Tacoma blanca, modelo 2014, en la colonia Infonavit Ca\u00f1adas, al sur de Culiac\u00e1n.<\/p>\n\n\n\n<p>El ataque, ocurrido en la esquina de la calle Cerro del Toro y el andador Sierra Picachos, se llev\u00f3 a cabo de carro a carro. El hombre, de aproximadamente 30 a 40 a\u00f1os, fue hallado con al menos 10 impactos de bala en el cuerpo y el cr\u00e1neo, y muri\u00f3 en el hospital mientras recib\u00eda atenci\u00f3n m\u00e9dica.<\/p>\n\n\n\n<p>La camioneta presentaba alrededor de 30 balazos en la carrocer\u00eda y los cristales del lado del conductor.<\/p>\n\n\n\n<p><strong>Divisiones territoriales del c\u00e1rtel<\/strong><br>La divisi\u00f3n del c\u00e1rtel de Sinaloa, ahora entre los grupos liderados por los hijos de\u00a0El Chapo Guzm\u00e1n\u00a0 y la facci\u00f3n de Zambada, ha creado una l\u00ednea divisoria a lo largo de la carretera federal M\u00e9xico 15 libre. Los Chapitos controlan la regi\u00f3n hacia la costa, mientras que la facci\u00f3n de Zambada domina la sierra.<\/p>\n\n\n\n<p>Las fuentes de seguridad advierten que la ola de violencia en Sinaloa podr\u00eda continuar en los pr\u00f3ximos d\u00edas y semanas. La detenci\u00f3n de Ismael Zambada ha exacerbado la lucha por el poder entre estas facciones, y la falta de un liderazgo claro en la facci\u00f3n de El Mayo podr\u00eda intensificar los conflictos.<\/p>\n\n\n\n<p>A esto, deber\u00edamos agregar que, el c\u00e1rtel de Los Beltr\u00e1n Leyva, liderado por El M\u00fasico e Isidro Meza Flores, tiene el control en los municipios de Guasave y Sinaloa, y una presencia dividida con Los Chapitos y Los Mayos en la ciudad de Los Mochis, Ahome.<\/p>\n\n\n\n<p>La costa sinaloense ser\u00eda importante para los c\u00e1rteles debido al tr\u00e1fico de drogas, mientras que la sierra es relevante para la elaboraci\u00f3n de las mismas en laboratorios clandestinos. Sobre la capital sinaloense, Culiac\u00e1n, se dice que el control est\u00e1 a cargo de Los Menores, quienes no solo dominan la venta de drogas, sino tambi\u00e9n la venta ilegal de cigarros piratas, aguajes de cerveza, cigarrillos electr\u00f3nicos y m\u00e1quinas de juegos de apuestas.<\/p>\n\n\n\n<p>La situaci\u00f3n se mantiene con incertidumbre sobre qui\u00e9n asumir\u00e1 el liderazgo y cu\u00e1l ser\u00e1 la magnitud de la respuesta violenta de la facci\u00f3n afectada.<\/p>\n","protected":false},"excerpt":{"rendered":"<p>Tras la detenci\u00f3n de El Mayo Zambada se han reportado 10 asesinatos ligados al c\u00e1rtel de Sinaloa. Recientemente, la violencia en Sinaloa ha aumentado significativamente, especialmente tras la detenci\u00f3n de Ismael El Mayo Zambada y Joaqu\u00edn Guzm\u00e1n L\u00f3pez, hijo de El Chapo Guzm\u00e1n; que durante el fin de semana pasado dejar\u00eda a 10 personas ejecutadas, [&hellip;]<\/p>\n","protected":false},"author":9,"featured_media":89244,"comment_status":"open","ping_status":"open","sticky":false,"template":"","format":"standard","meta":{"tdm_status":"","tdm_grid_status":"","footnotes":""},"categories":[37],"tags":[],"class_list":{"0":"post-89243","1":"post","2":"type-post","3":"status-publish","4":"format-standard","5":"has-post-thumbnail","7":"category-nota-principal"},"yoast_head":"<!-- This site is optimized with the Yoast SEO plugin v27.5 - https:\/\/yoast.com\/product\/yoast-seo-wordpress\/ -->\n<title>Fractura entre &#039;Los Chapitos&#039; y &#039;Los Mayos&#039; tiene a Sinaloa sumergido en violencia y divisionismo - Fuentes Fidedignas<\/title>\n<meta name=\"robots\" content=\"index, follow, max-snippet:-1, max-image-preview:large, max-video-preview:-1\" \/>\n<link rel=\"canonical\" href=\"https:\/\/fuentesfidedignas.com.mx\/index.php\/2024\/08\/21\/fractura-entre-los-chapitos-y-los-mayos-mantiene-a-sinaloa-sumergido-en-violencia-y-divisionismo\/\" \/>\n<meta property=\"og:locale\" content=\"es_MX\" \/>\n<meta property=\"og:type\" content=\"article\" \/>\n<meta property=\"og:title\" content=\"Fractura entre &#039;Los Chapitos&#039; y &#039;Los Mayos&#039; tiene a Sinaloa sumergido en violencia y divisionismo - Fuentes Fidedignas\" \/>\n<meta property=\"og:description\" content=\"Tras la detenci\u00f3n de El Mayo Zambada se han reportado 10 asesinatos ligados al c\u00e1rtel de Sinaloa. Recientemente, la violencia en Sinaloa ha aumentado significativamente, especialmente tras la detenci\u00f3n de Ismael El Mayo Zambada y Joaqu\u00edn Guzm\u00e1n L\u00f3pez, hijo de El Chapo Guzm\u00e1n; que durante el fin de semana pasado dejar\u00eda a 10 personas ejecutadas, [&hellip;]\" \/>\n<meta property=\"og:url\" content=\"https:\/\/fuentesfidedignas.com.mx\/index.php\/2024\/08\/21\/fractura-entre-los-chapitos-y-los-mayos-mantiene-a-sinaloa-sumergido-en-violencia-y-divisionismo\/\" \/>\n<meta property=\"og:site_name\" content=\"Fuentes Fidedignas\" \/>\n<meta property=\"article:publisher\" content=\"https:\/\/www.facebook.com\/Fuentes-Fidedignas-368234489921644\" \/>\n<meta property=\"article:published_time\" content=\"2024-08-21T17:26:52+00:00\" \/>\n<meta property=\"article:modified_time\" content=\"2024-08-21T17:29:14+00:00\" \/>\n<meta property=\"og:image\" content=\"https:\/\/fuentesfidedignas.com.mx\/wp-content\/uploads\/2024\/08\/mayitos-chapitos.jpg\" \/>\n\t<meta property=\"og:image:width\" content=\"826\" \/>\n\t<meta property=\"og:image:height\" content=\"526\" \/>\n\t<meta property=\"og:image:type\" content=\"image\/jpeg\" \/>\n<meta name=\"author\" content=\"Milenio\" \/>\n<meta name=\"twitter:card\" content=\"summary_large_image\" \/>\n<meta name=\"twitter:creator\" content=\"@fidedignas\" \/>\n<meta name=\"twitter:site\" content=\"@fidedignas\" \/>\n<meta name=\"twitter:label1\" content=\"Escrito por\" \/>\n\t<meta name=\"twitter:data1\" content=\"Milenio\" \/>\n\t<meta name=\"twitter:label2\" content=\"Tiempo de lectura\" \/>\n\t<meta name=\"twitter:data2\" content=\"7 minutos\" \/>\n<script type=\"application\/ld+json\" class=\"yoast-schema-graph\">{\"@context\":\"https:\\\/\\\/schema.org\",\"@graph\":[{\"@type\":\"Article\",\"@id\":\"https:\\\/\\\/fuentesfidedignas.com.mx\\\/index.php\\\/2024\\\/08\\\/21\\\/fractura-entre-los-chapitos-y-los-mayos-mantiene-a-sinaloa-sumergido-en-violencia-y-divisionismo\\\/#article\",\"isPartOf\":{\"@id\":\"https:\\\/\\\/fuentesfidedignas.com.mx\\\/index.php\\\/2024\\\/08\\\/21\\\/fractura-entre-los-chapitos-y-los-mayos-mantiene-a-sinaloa-sumergido-en-violencia-y-divisionismo\\\/\"},\"author\":{\"name\":\"Milenio\",\"@id\":\"https:\\\/\\\/fuentesfidedignas.com.mx\\\/#\\\/schema\\\/person\\\/47ec0135738f4b0c7495f06a77a2c976\"},\"headline\":\"Fractura entre &#8216;Los Chapitos&#8217; y &#8216;Los Mayos&#8217; tiene a Sinaloa sumergido en violencia y divisionismo\",\"datePublished\":\"2024-08-21T17:26:52+00:00\",\"dateModified\":\"2024-08-21T17:29:14+00:00\",\"mainEntityOfPage\":{\"@id\":\"https:\\\/\\\/fuentesfidedignas.com.mx\\\/index.php\\\/2024\\\/08\\\/21\\\/fractura-entre-los-chapitos-y-los-mayos-mantiene-a-sinaloa-sumergido-en-violencia-y-divisionismo\\\/\"},\"wordCount\":1616,\"commentCount\":0,\"publisher\":{\"@id\":\"https:\\\/\\\/fuentesfidedignas.com.mx\\\/#organization\"},\"image\":{\"@id\":\"https:\\\/\\\/fuentesfidedignas.com.mx\\\/index.php\\\/2024\\\/08\\\/21\\\/fractura-entre-los-chapitos-y-los-mayos-mantiene-a-sinaloa-sumergido-en-violencia-y-divisionismo\\\/#primaryimage\"},\"thumbnailUrl\":\"https:\\\/\\\/fuentesfidedignas.com.mx\\\/wp-content\\\/uploads\\\/2024\\\/08\\\/mayitos-chapitos.jpg\",\"articleSection\":[\"NOTA PRINCIPAL\"],\"inLanguage\":\"es\",\"potentialAction\":[{\"@type\":\"CommentAction\",\"name\":\"Comment\",\"target\":[\"https:\\\/\\\/fuentesfidedignas.com.mx\\\/index.php\\\/2024\\\/08\\\/21\\\/fractura-entre-los-chapitos-y-los-mayos-mantiene-a-sinaloa-sumergido-en-violencia-y-divisionismo\\\/#respond\"]}]},{\"@type\":\"WebPage\",\"@id\":\"https:\\\/\\\/fuentesfidedignas.com.mx\\\/index.php\\\/2024\\\/08\\\/21\\\/fractura-entre-los-chapitos-y-los-mayos-mantiene-a-sinaloa-sumergido-en-violencia-y-divisionismo\\\/\",\"url\":\"https:\\\/\\\/fuentesfidedignas.com.mx\\\/index.php\\\/2024\\\/08\\\/21\\\/fractura-entre-los-chapitos-y-los-mayos-mantiene-a-sinaloa-sumergido-en-violencia-y-divisionismo\\\/\",\"name\":\"Fractura entre 'Los Chapitos' y 'Los Mayos' tiene a Sinaloa sumergido en violencia y divisionismo - Fuentes Fidedignas\",\"isPartOf\":{\"@id\":\"https:\\\/\\\/fuentesfidedignas.com.mx\\\/#website\"},\"primaryImageOfPage\":{\"@id\":\"https:\\\/\\\/fuentesfidedignas.com.mx\\\/index.php\\\/2024\\\/08\\\/21\\\/fractura-entre-los-chapitos-y-los-mayos-mantiene-a-sinaloa-sumergido-en-violencia-y-divisionismo\\\/#primaryimage\"},\"image\":{\"@id\":\"https:\\\/\\\/fuentesfidedignas.com.mx\\\/index.php\\\/2024\\\/08\\\/21\\\/fractura-entre-los-chapitos-y-los-mayos-mantiene-a-sinaloa-sumergido-en-violencia-y-divisionismo\\\/#primaryimage\"},\"thumbnailUrl\":\"https:\\\/\\\/fuentesfidedignas.com.mx\\\/wp-content\\\/uploads\\\/2024\\\/08\\\/mayitos-chapitos.jpg\",\"datePublished\":\"2024-08-21T17:26:52+00:00\",\"dateModified\":\"2024-08-21T17:29:14+00:00\",\"breadcrumb\":{\"@id\":\"https:\\\/\\\/fuentesfidedignas.com.mx\\\/index.php\\\/2024\\\/08\\\/21\\\/fractura-entre-los-chapitos-y-los-mayos-mantiene-a-sinaloa-sumergido-en-violencia-y-divisionismo\\\/#breadcrumb\"},\"inLanguage\":\"es\",\"potentialAction\":[{\"@type\":\"ReadAction\",\"target\":[\"https:\\\/\\\/fuentesfidedignas.com.mx\\\/index.php\\\/2024\\\/08\\\/21\\\/fractura-entre-los-chapitos-y-los-mayos-mantiene-a-sinaloa-sumergido-en-violencia-y-divisionismo\\\/\"]}]},{\"@type\":\"ImageObject\",\"inLanguage\":\"es\",\"@id\":\"https:\\\/\\\/fuentesfidedignas.com.mx\\\/index.php\\\/2024\\\/08\\\/21\\\/fractura-entre-los-chapitos-y-los-mayos-mantiene-a-sinaloa-sumergido-en-violencia-y-divisionismo\\\/#primaryimage\",\"url\":\"https:\\\/\\\/fuentesfidedignas.com.mx\\\/wp-content\\\/uploads\\\/2024\\\/08\\\/mayitos-chapitos.jpg\",\"contentUrl\":\"https:\\\/\\\/fuentesfidedignas.com.mx\\\/wp-content\\\/uploads\\\/2024\\\/08\\\/mayitos-chapitos.jpg\",\"width\":826,\"height\":526},{\"@type\":\"BreadcrumbList\",\"@id\":\"https:\\\/\\\/fuentesfidedignas.com.mx\\\/index.php\\\/2024\\\/08\\\/21\\\/fractura-entre-los-chapitos-y-los-mayos-mantiene-a-sinaloa-sumergido-en-violencia-y-divisionismo\\\/#breadcrumb\",\"itemListElement\":[{\"@type\":\"ListItem\",\"position\":1,\"name\":\"Inicio\",\"item\":\"https:\\\/\\\/fuentesfidedignas.com.mx\\\/\"},{\"@type\":\"ListItem\",\"position\":2,\"name\":\"Fractura entre &#8216;Los Chapitos&#8217; y &#8216;Los Mayos&#8217; tiene a Sinaloa sumergido en violencia y divisionismo\"}]},{\"@type\":\"WebSite\",\"@id\":\"https:\\\/\\\/fuentesfidedignas.com.mx\\\/#website\",\"url\":\"https:\\\/\\\/fuentesfidedignas.com.mx\\\/\",\"name\":\"Fuentes Fidedignas\",\"description\":\"Otro sitio realizado con WordPress\",\"publisher\":{\"@id\":\"https:\\\/\\\/fuentesfidedignas.com.mx\\\/#organization\"},\"potentialAction\":[{\"@type\":\"SearchAction\",\"target\":{\"@type\":\"EntryPoint\",\"urlTemplate\":\"https:\\\/\\\/fuentesfidedignas.com.mx\\\/?s={search_term_string}\"},\"query-input\":{\"@type\":\"PropertyValueSpecification\",\"valueRequired\":true,\"valueName\":\"search_term_string\"}}],\"inLanguage\":\"es\"},{\"@type\":\"Organization\",\"@id\":\"https:\\\/\\\/fuentesfidedignas.com.mx\\\/#organization\",\"name\":\"Fuentes Fidedignas\",\"url\":\"https:\\\/\\\/fuentesfidedignas.com.mx\\\/\",\"logo\":{\"@type\":\"ImageObject\",\"inLanguage\":\"es\",\"@id\":\"https:\\\/\\\/fuentesfidedignas.com.mx\\\/#\\\/schema\\\/logo\\\/image\\\/\",\"url\":\"https:\\\/\\\/fuentesfidedignas.com.mx\\\/wp-content\\\/uploads\\\/2021\\\/04\\\/logo-retina.png\",\"contentUrl\":\"https:\\\/\\\/fuentesfidedignas.com.mx\\\/wp-content\\\/uploads\\\/2021\\\/04\\\/logo-retina.png\",\"width\":280,\"height\":51,\"caption\":\"Fuentes Fidedignas\"},\"image\":{\"@id\":\"https:\\\/\\\/fuentesfidedignas.com.mx\\\/#\\\/schema\\\/logo\\\/image\\\/\"},\"sameAs\":[\"https:\\\/\\\/www.facebook.com\\\/Fuentes-Fidedignas-368234489921644\",\"https:\\\/\\\/x.com\\\/fidedignas\"]},{\"@type\":\"Person\",\"@id\":\"https:\\\/\\\/fuentesfidedignas.com.mx\\\/#\\\/schema\\\/person\\\/47ec0135738f4b0c7495f06a77a2c976\",\"name\":\"Milenio\",\"image\":{\"@type\":\"ImageObject\",\"inLanguage\":\"es\",\"@id\":\"https:\\\/\\\/secure.gravatar.com\\\/avatar\\\/acabf7b54753e51c2c76457954577c236b3b764789b19879565769739d1e4a75?s=96&d=mm&r=g\",\"url\":\"https:\\\/\\\/secure.gravatar.com\\\/avatar\\\/acabf7b54753e51c2c76457954577c236b3b764789b19879565769739d1e4a75?s=96&d=mm&r=g\",\"contentUrl\":\"https:\\\/\\\/secure.gravatar.com\\\/avatar\\\/acabf7b54753e51c2c76457954577c236b3b764789b19879565769739d1e4a75?s=96&d=mm&r=g\",\"caption\":\"Milenio\"},\"url\":\"https:\\\/\\\/fuentesfidedignas.com.mx\\\/index.php\\\/author\\\/milenio\\\/\"}]}<\/script>\n<!-- \/ Yoast SEO plugin. -->","yoast_head_json":{"title":"Fractura entre 'Los Chapitos' y 'Los Mayos' tiene a Sinaloa sumergido en violencia y divisionismo - Fuentes Fidedignas","robots":{"index":"index","follow":"follow","max-snippet":"max-snippet:-1","max-image-preview":"max-image-preview:large","max-video-preview":"max-video-preview:-1"},"canonical":"https:\/\/fuentesfidedignas.com.mx\/index.php\/2024\/08\/21\/fractura-entre-los-chapitos-y-los-mayos-mantiene-a-sinaloa-sumergido-en-violencia-y-divisionismo\/","og_locale":"es_MX","og_type":"article","og_title":"Fractura entre 'Los Chapitos' y 'Los Mayos' tiene a Sinaloa sumergido en violencia y divisionismo - Fuentes Fidedignas","og_description":"Tras la detenci\u00f3n de El Mayo Zambada se han reportado 10 asesinatos ligados al c\u00e1rtel de Sinaloa. Recientemente, la violencia en Sinaloa ha aumentado significativamente, especialmente tras la detenci\u00f3n de Ismael El Mayo Zambada y Joaqu\u00edn Guzm\u00e1n L\u00f3pez, hijo de El Chapo Guzm\u00e1n; que durante el fin de semana pasado dejar\u00eda a 10 personas ejecutadas, [&hellip;]","og_url":"https:\/\/fuentesfidedignas.com.mx\/index.php\/2024\/08\/21\/fractura-entre-los-chapitos-y-los-mayos-mantiene-a-sinaloa-sumergido-en-violencia-y-divisionismo\/","og_site_name":"Fuentes Fidedignas","article_publisher":"https:\/\/www.facebook.com\/Fuentes-Fidedignas-368234489921644","article_published_time":"2024-08-21T17:26:52+00:00","article_modified_time":"2024-08-21T17:29:14+00:00","og_image":[{"width":826,"height":526,"url":"https:\/\/fuentesfidedignas.com.mx\/wp-content\/uploads\/2024\/08\/mayitos-chapitos.jpg","type":"image\/jpeg"}],"author":"Milenio","twitter_card":"summary_large_image","twitter_creator":"@fidedignas","twitter_site":"@fidedignas","twitter_misc":{"Escrito por":"Milenio","Tiempo de lectura":"7 minutos"},"schema":{"@context":"https:\/\/schema.org","@graph":[{"@type":"Article","@id":"https:\/\/fuentesfidedignas.com.mx\/index.php\/2024\/08\/21\/fractura-entre-los-chapitos-y-los-mayos-mantiene-a-sinaloa-sumergido-en-violencia-y-divisionismo\/#article","isPartOf":{"@id":"https:\/\/fuentesfidedignas.com.mx\/index.php\/2024\/08\/21\/fractura-entre-los-chapitos-y-los-mayos-mantiene-a-sinaloa-sumergido-en-violencia-y-divisionismo\/"},"author":{"name":"Milenio","@id":"https:\/\/fuentesfidedignas.com.mx\/#\/schema\/person\/47ec0135738f4b0c7495f06a77a2c976"},"headline":"Fractura entre &#8216;Los Chapitos&#8217; y &#8216;Los Mayos&#8217; tiene a Sinaloa sumergido en violencia y divisionismo","datePublished":"2024-08-21T17:26:52+00:00","dateModified":"2024-08-21T17:29:14+00:00","mainEntityOfPage":{"@id":"https:\/\/fuentesfidedignas.com.mx\/index.php\/2024\/08\/21\/fractura-entre-los-chapitos-y-los-mayos-mantiene-a-sinaloa-sumergido-en-violencia-y-divisionismo\/"},"wordCount":1616,"commentCount":0,"publisher":{"@id":"https:\/\/fuentesfidedignas.com.mx\/#organization"},"image":{"@id":"https:\/\/fuentesfidedignas.com.mx\/index.php\/2024\/08\/21\/fractura-entre-los-chapitos-y-los-mayos-mantiene-a-sinaloa-sumergido-en-violencia-y-divisionismo\/#primaryimage"},"thumbnailUrl":"https:\/\/fuentesfidedignas.com.mx\/wp-content\/uploads\/2024\/08\/mayitos-chapitos.jpg","articleSection":["NOTA PRINCIPAL"],"inLanguage":"es","potentialAction":[{"@type":"CommentAction","name":"Comment","target":["https:\/\/fuentesfidedignas.com.mx\/index.php\/2024\/08\/21\/fractura-entre-los-chapitos-y-los-mayos-mantiene-a-sinaloa-sumergido-en-violencia-y-divisionismo\/#respond"]}]},{"@type":"WebPage","@id":"https:\/\/fuentesfidedignas.com.mx\/index.php\/2024\/08\/21\/fractura-entre-los-chapitos-y-los-mayos-mantiene-a-sinaloa-sumergido-en-violencia-y-divisionismo\/","url":"https:\/\/fuentesfidedignas.com.mx\/index.php\/2024\/08\/21\/fractura-entre-los-chapitos-y-los-mayos-mantiene-a-sinaloa-sumergido-en-violencia-y-divisionismo\/","name":"Fractura entre 'Los Chapitos' y 'Los Mayos' tiene a Sinaloa sumergido en violencia y divisionismo - Fuentes Fidedignas","isPartOf":{"@id":"https:\/\/fuentesfidedignas.com.mx\/#website"},"primaryImageOfPage":{"@id":"https:\/\/fuentesfidedignas.com.mx\/index.php\/2024\/08\/21\/fractura-entre-los-chapitos-y-los-mayos-mantiene-a-sinaloa-sumergido-en-violencia-y-divisionismo\/#primaryimage"},"image":{"@id":"https:\/\/fuentesfidedignas.com.mx\/index.php\/2024\/08\/21\/fractura-entre-los-chapitos-y-los-mayos-mantiene-a-sinaloa-sumergido-en-violencia-y-divisionismo\/#primaryimage"},"thumbnailUrl":"https:\/\/fuentesfidedignas.com.mx\/wp-content\/uploads\/2024\/08\/mayitos-chapitos.jpg","datePublished":"2024-08-21T17:26:52+00:00","dateModified":"2024-08-21T17:29:14+00:00","breadcrumb":{"@id":"https:\/\/fuentesfidedignas.com.mx\/index.php\/2024\/08\/21\/fractura-entre-los-chapitos-y-los-mayos-mantiene-a-sinaloa-sumergido-en-violencia-y-divisionismo\/#breadcrumb"},"inLanguage":"es","potentialAction":[{"@type":"ReadAction","target":["https:\/\/fuentesfidedignas.com.mx\/index.php\/2024\/08\/21\/fractura-entre-los-chapitos-y-los-mayos-mantiene-a-sinaloa-sumergido-en-violencia-y-divisionismo\/"]}]},{"@type":"ImageObject","inLanguage":"es","@id":"https:\/\/fuentesfidedignas.com.mx\/index.php\/2024\/08\/21\/fractura-entre-los-chapitos-y-los-mayos-mantiene-a-sinaloa-sumergido-en-violencia-y-divisionismo\/#primaryimage","url":"https:\/\/fuentesfidedignas.com.mx\/wp-content\/uploads\/2024\/08\/mayitos-chapitos.jpg","contentUrl":"https:\/\/fuentesfidedignas.com.mx\/wp-content\/uploads\/2024\/08\/mayitos-chapitos.jpg","width":826,"height":526},{"@type":"BreadcrumbList","@id":"https:\/\/fuentesfidedignas.com.mx\/index.php\/2024\/08\/21\/fractura-entre-los-chapitos-y-los-mayos-mantiene-a-sinaloa-sumergido-en-violencia-y-divisionismo\/#breadcrumb","itemListElement":[{"@type":"ListItem","position":1,"name":"Inicio","item":"https:\/\/fuentesfidedignas.com.mx\/"},{"@type":"ListItem","position":2,"name":"Fractura entre &#8216;Los Chapitos&#8217; y &#8216;Los Mayos&#8217; tiene a Sinaloa sumergido en violencia y divisionismo"}]},{"@type":"WebSite","@id":"https:\/\/fuentesfidedignas.com.mx\/#website","url":"https:\/\/fuentesfidedignas.com.mx\/","name":"Fuentes Fidedignas","description":"Otro sitio realizado con WordPress","publisher":{"@id":"https:\/\/fuentesfidedignas.com.mx\/#organization"},"potentialAction":[{"@type":"SearchAction","target":{"@type":"EntryPoint","urlTemplate":"https:\/\/fuentesfidedignas.com.mx\/?s={search_term_string}"},"query-input":{"@type":"PropertyValueSpecification","valueRequired":true,"valueName":"search_term_string"}}],"inLanguage":"es"},{"@type":"Organization","@id":"https:\/\/fuentesfidedignas.com.mx\/#organization","name":"Fuentes Fidedignas","url":"https:\/\/fuentesfidedignas.com.mx\/","logo":{"@type":"ImageObject","inLanguage":"es","@id":"https:\/\/fuentesfidedignas.com.mx\/#\/schema\/logo\/image\/","url":"https:\/\/fuentesfidedignas.com.mx\/wp-content\/uploads\/2021\/04\/logo-retina.png","contentUrl":"https:\/\/fuentesfidedignas.com.mx\/wp-content\/uploads\/2021\/04\/logo-retina.png","width":280,"height":51,"caption":"Fuentes Fidedignas"},"image":{"@id":"https:\/\/fuentesfidedignas.com.mx\/#\/schema\/logo\/image\/"},"sameAs":["https:\/\/www.facebook.com\/Fuentes-Fidedignas-368234489921644","https:\/\/x.com\/fidedignas"]},{"@type":"Person","@id":"https:\/\/fuentesfidedignas.com.mx\/#\/schema\/person\/47ec0135738f4b0c7495f06a77a2c976","name":"Milenio","image":{"@type":"ImageObject","inLanguage":"es","@id":"https:\/\/secure.gravatar.com\/avatar\/acabf7b54753e51c2c76457954577c236b3b764789b19879565769739d1e4a75?s=96&d=mm&r=g","url":"https:\/\/secure.gravatar.com\/avatar\/acabf7b54753e51c2c76457954577c236b3b764789b19879565769739d1e4a75?s=96&d=mm&r=g","contentUrl":"https:\/\/secure.gravatar.com\/avatar\/acabf7b54753e51c2c76457954577c236b3b764789b19879565769739d1e4a75?s=96&d=mm&r=g","caption":"Milenio"},"url":"https:\/\/fuentesfidedignas.com.mx\/index.php\/author\/milenio\/"}]}},"_links":{"self":[{"href":"https:\/\/fuentesfidedignas.com.mx\/index.php\/wp-json\/wp\/v2\/posts\/89243","targetHints":{"allow":["GET"]}}],"collection":[{"href":"https:\/\/fuentesfidedignas.com.mx\/index.php\/wp-json\/wp\/v2\/posts"}],"about":[{"href":"https:\/\/fuentesfidedignas.com.mx\/index.php\/wp-json\/wp\/v2\/types\/post"}],"author":[{"embeddable":true,"href":"https:\/\/fuentesfidedignas.com.mx\/index.php\/wp-json\/wp\/v2\/users\/9"}],"replies":[{"embeddable":true,"href":"https:\/\/fuentesfidedignas.com.mx\/index.php\/wp-json\/wp\/v2\/comments?post=89243"}],"version-history":[{"count":3,"href":"https:\/\/fuentesfidedignas.com.mx\/index.php\/wp-json\/wp\/v2\/posts\/89243\/revisions"}],"predecessor-version":[{"id":89247,"href":"https:\/\/fuentesfidedignas.com.mx\/index.php\/wp-json\/wp\/v2\/posts\/89243\/revisions\/89247"}],"wp:featuredmedia":[{"embeddable":true,"href":"https:\/\/fuentesfidedignas.com.mx\/index.php\/wp-json\/wp\/v2\/media\/89244"}],"wp:attachment":[{"href":"https:\/\/fuentesfidedignas.com.mx\/index.php\/wp-json\/wp\/v2\/media?parent=89243"}],"wp:term":[{"taxonomy":"category","embeddable":true,"href":"https:\/\/fuentesfidedignas.com.mx\/index.php\/wp-json\/wp\/v2\/categories?post=89243"},{"taxonomy":"post_tag","embeddable":true,"href":"https:\/\/fuentesfidedignas.com.mx\/index.php\/wp-json\/wp\/v2\/tags?post=89243"}],"curies":[{"name":"wp","href":"https:\/\/api.w.org\/{rel}","templated":true}]}}