{"id":89202,"date":"2024-08-20T18:24:00","date_gmt":"2024-08-21T01:24:00","guid":{"rendered":"https:\/\/fuentesfidedignas.com.mx\/?p=89202"},"modified":"2024-08-20T17:29:04","modified_gmt":"2024-08-21T00:29:04","slug":"cuantos-anos-podria-pasar-en-prision-natanael-cano-por-cohecho-en-sonora","status":"publish","type":"post","link":"https:\/\/fuentesfidedignas.com.mx\/index.php\/2024\/08\/20\/cuantos-anos-podria-pasar-en-prision-natanael-cano-por-cohecho-en-sonora\/","title":{"rendered":"\u00bfCu\u00e1ntos a\u00f1os podr\u00eda pasar en prisi\u00f3n Natanael Cano por cohecho en Sonora?"},"content":{"rendered":"\n<p><strong><em>El cantante de corridos tumbados tendr\u00e1 su audiencia inicial el pr\u00f3ximo mes.<\/em><\/strong><\/p>\n\n\n\n<p>Durante la noche del lunes 19 de agosto se dio a conocer que el famoso cantante de corridos tumbados, Natanael Cano, fue vinculado a proceso por el delito de cohecho&nbsp;en Hermosillo, Sonora.<\/p>\n\n\n\n<p>Seg\u00fan apuntaron las autoridades, el cantante intent\u00f3 sobornar a polic\u00edas municipales de Hermosillo mientras celebraba su cumplea\u00f1os el 29 de marzo.\u00a0<\/p>\n\n\n\n<p><strong>\u00bfCu\u00e1ntos a\u00f1os podr\u00eda pasar el cantante en prisi\u00f3n?\u00a0<\/strong><br>Natanael podr\u00eda pasar hasta dos a\u00f1os en prisi\u00f3n. Al respecto, Ram\u00f3n Tadeo Gradillas Enr\u00edquez, vicefiscal de control de Procesos de la Fiscal\u00eda General del Estado (FGE) de Sonora, explic\u00f3 que est\u00e1 por definir la fecha para una pr\u00f3xima audiencia.<\/p>\n\n\n\n<p>\u201cEl juez determin\u00f3 vincular a proceso por dichos tipos penales e imponer las medidas cautelares consistentes en exhibici\u00f3n econ\u00f3mica, la prohibici\u00f3n de salir del pa\u00eds sin autorizaci\u00f3n judicial y la presentaci\u00f3n peri\u00f3dica\u201d, dijo.<\/p>\n\n\n\n<p>\u201cPuede alcanzar la imposici\u00f3n de una pena de prisi\u00f3n que va desde los seis meses a los dos a\u00f1os\u201d, anot\u00f3.<\/p>\n\n\n\n<p>Gradillas Enr\u00edquez explic\u00f3 que el 10 de septiembre realizar\u00e1n la audiencia inicial para los dos polic\u00edas que le recibieron dinero, cuando el cantante los soborn\u00f3 para poder seguir conduciendo su veh\u00edculo a exceso de velocidad.<\/p>\n\n\n\n<p><strong>\u00bfCu\u00e1l es el delito por el que acusan a Natanael?\u00a0<\/strong><br>En marzo Natanael Cano\u00a0celebraba su cumplea\u00f1os bajo los efectos del alcohol y conduciendo a alta velocidad. En ese momento un polic\u00eda le indic\u00f3 el alto y \u00e9l presuntamente intent\u00f3 sobornarlo y lo agredi\u00f3 verbalmente.<\/p>\n\n\n\n<p>De acuerdo con una publicaci\u00f3n en redes de la Fiscal\u00eda, Natanael conduc\u00eda un Dodge Charger de color rojo y modelo reciente, sin placas, por el bulevar Jos\u00e9 Mar\u00eda Morelos de Hermosillo, Sonora.<\/p>\n\n\n\n<p><strong>Natanael Cano discute con polic\u00edas\u00a0<\/strong><\/p>\n\n\n\n<figure class=\"wp-block-embed is-type-rich is-provider-twitter wp-block-embed-twitter\"><div class=\"wp-block-embed__wrapper\">\n<blockquote class=\"twitter-tweet\" data-width=\"550\" data-dnt=\"true\"><p lang=\"es\" dir=\"ltr\">Natanael cano discutiendo con policias, mientras les recalca que les dio dinero y se puede ver al final como los policias recogen el dinero del piso.<br><br>Ya no vuelvas a eso nata \ud83e\udd26 <a href=\"https:\/\/t.co\/K3yVQx5O64\">pic.twitter.com\/K3yVQx5O64<\/a><\/p>&mdash; Nahuelista (@Nahuelista_01) <a href=\"https:\/\/twitter.com\/Nahuelista_01\/status\/1773773829585723565?ref_src=twsrc%5Etfw\">March 29, 2024<\/a><\/blockquote><script async src=\"https:\/\/platform.twitter.com\/widgets.js\" charset=\"utf-8\"><\/script>\n<\/div><\/figure>\n\n\n\n<p>Posteriormente, Natanael Cano presuntamente entreg\u00f3 dinero a manera de soborno para que los oficiales no le levantaran alguna infracci\u00f3n o para que no fuera detenido. Esto dio paso a una persecuci\u00f3n que termin\u00f3 hasta que el cantante detuvo su marcha sin que los agentes hicieran algo al respecto.&nbsp;<\/p>\n\n\n\n<p>\u201cNatanael Rub\u00e9n \u201cN\u201d se present\u00f3 en la audiencia convocada por el Juez, protegido por un amparo que impide que se le prive de la libertad, no obstante fue vinculado a proceso, deber\u00e1 firmar cada dos meses en un Juzgado y no puede salir del pa\u00eds a menos que obtenga una orden del Juez\u201d, indicaron.<\/p>\n\n\n\n<p><strong>Natanael Cano document\u00f3 el soborno<\/strong><br>Fue en ese mes cuando a trav\u00e9s de su cuenta de Instagram, y \u00fanicamente para sus &#8220;close friends&#8221; cuando Natanael Cano comparti\u00f3 el video del momento cuando presuntamente le habr\u00eda dado el soborno a los oficiales.\u00a0<\/p>\n\n\n\n<p>Derivado de estas acciones, el jefe de la Polic\u00eda de Hermosillo asegur\u00f3 que los oficiales involucrados fueron retirados de sus cargos.&nbsp;<\/p>\n\n\n\n<p>&#8220;En relaci\u00f3n a [un] video que circula en redes sociales en donde una persona conduce a exceso de velocidad y se aprecia un probable acto ilegal, los agentes involucrados fueron retirados del \u00e1rea operativa&#8221;, inform\u00f3 el comisario.<\/p>\n","protected":false},"excerpt":{"rendered":"<p>El cantante de corridos tumbados tendr\u00e1 su audiencia inicial el pr\u00f3ximo mes. Durante la noche del lunes 19 de agosto se dio a conocer que el famoso cantante de corridos tumbados, Natanael Cano, fue vinculado a proceso por el delito de cohecho&nbsp;en Hermosillo, Sonora. Seg\u00fan apuntaron las autoridades, el cantante intent\u00f3 sobornar a polic\u00edas municipales [&hellip;]<\/p>\n","protected":false},"author":9,"featured_media":89203,"comment_status":"open","ping_status":"open","sticky":false,"template":"","format":"standard","meta":{"tdm_status":"","tdm_grid_status":"","footnotes":""},"categories":[39],"tags":[],"class_list":{"0":"post-89202","1":"post","2":"type-post","3":"status-publish","4":"format-standard","5":"has-post-thumbnail","7":"category-noticias-nacionales"},"yoast_head":"<!-- This site is optimized with the Yoast SEO plugin v27.5 - https:\/\/yoast.com\/product\/yoast-seo-wordpress\/ -->\n<title>\u00bfCu\u00e1ntos a\u00f1os podr\u00eda pasar en prisi\u00f3n Natanael Cano por cohecho en Sonora? - Fuentes Fidedignas<\/title>\n<meta name=\"robots\" content=\"index, follow, max-snippet:-1, max-image-preview:large, max-video-preview:-1\" \/>\n<link rel=\"canonical\" href=\"https:\/\/fuentesfidedignas.com.mx\/index.php\/2024\/08\/20\/cuantos-anos-podria-pasar-en-prision-natanael-cano-por-cohecho-en-sonora\/\" \/>\n<meta property=\"og:locale\" content=\"es_MX\" \/>\n<meta property=\"og:type\" content=\"article\" \/>\n<meta property=\"og:title\" content=\"\u00bfCu\u00e1ntos a\u00f1os podr\u00eda pasar en prisi\u00f3n Natanael Cano por cohecho en Sonora? - Fuentes Fidedignas\" \/>\n<meta property=\"og:description\" content=\"El cantante de corridos tumbados tendr\u00e1 su audiencia inicial el pr\u00f3ximo mes. Durante la noche del lunes 19 de agosto se dio a conocer que el famoso cantante de corridos tumbados, Natanael Cano, fue vinculado a proceso por el delito de cohecho&nbsp;en Hermosillo, Sonora. Seg\u00fan apuntaron las autoridades, el cantante intent\u00f3 sobornar a polic\u00edas municipales [&hellip;]\" \/>\n<meta property=\"og:url\" content=\"https:\/\/fuentesfidedignas.com.mx\/index.php\/2024\/08\/20\/cuantos-anos-podria-pasar-en-prision-natanael-cano-por-cohecho-en-sonora\/\" \/>\n<meta property=\"og:site_name\" content=\"Fuentes Fidedignas\" \/>\n<meta property=\"article:publisher\" content=\"https:\/\/www.facebook.com\/Fuentes-Fidedignas-368234489921644\" \/>\n<meta property=\"article:published_time\" content=\"2024-08-21T01:24:00+00:00\" \/>\n<meta property=\"og:image\" content=\"https:\/\/fuentesfidedignas.com.mx\/wp-content\/uploads\/2024\/08\/natanael-cano.jpg\" \/>\n\t<meta property=\"og:image:width\" content=\"650\" \/>\n\t<meta property=\"og:image:height\" content=\"363\" \/>\n\t<meta property=\"og:image:type\" content=\"image\/jpeg\" \/>\n<meta name=\"author\" content=\"Milenio\" \/>\n<meta name=\"twitter:card\" content=\"summary_large_image\" \/>\n<meta name=\"twitter:creator\" content=\"@fidedignas\" \/>\n<meta name=\"twitter:site\" content=\"@fidedignas\" \/>\n<meta name=\"twitter:label1\" content=\"Escrito por\" \/>\n\t<meta name=\"twitter:data1\" content=\"Milenio\" \/>\n\t<meta name=\"twitter:label2\" content=\"Tiempo de lectura\" \/>\n\t<meta name=\"twitter:data2\" content=\"3 minutos\" \/>\n<script type=\"application\/ld+json\" class=\"yoast-schema-graph\">{\"@context\":\"https:\\\/\\\/schema.org\",\"@graph\":[{\"@type\":\"Article\",\"@id\":\"https:\\\/\\\/fuentesfidedignas.com.mx\\\/index.php\\\/2024\\\/08\\\/20\\\/cuantos-anos-podria-pasar-en-prision-natanael-cano-por-cohecho-en-sonora\\\/#article\",\"isPartOf\":{\"@id\":\"https:\\\/\\\/fuentesfidedignas.com.mx\\\/index.php\\\/2024\\\/08\\\/20\\\/cuantos-anos-podria-pasar-en-prision-natanael-cano-por-cohecho-en-sonora\\\/\"},\"author\":{\"name\":\"Milenio\",\"@id\":\"https:\\\/\\\/fuentesfidedignas.com.mx\\\/#\\\/schema\\\/person\\\/47ec0135738f4b0c7495f06a77a2c976\"},\"headline\":\"\u00bfCu\u00e1ntos a\u00f1os podr\u00eda pasar en prisi\u00f3n Natanael Cano por cohecho en Sonora?\",\"datePublished\":\"2024-08-21T01:24:00+00:00\",\"mainEntityOfPage\":{\"@id\":\"https:\\\/\\\/fuentesfidedignas.com.mx\\\/index.php\\\/2024\\\/08\\\/20\\\/cuantos-anos-podria-pasar-en-prision-natanael-cano-por-cohecho-en-sonora\\\/\"},\"wordCount\":550,\"commentCount\":0,\"publisher\":{\"@id\":\"https:\\\/\\\/fuentesfidedignas.com.mx\\\/#organization\"},\"image\":{\"@id\":\"https:\\\/\\\/fuentesfidedignas.com.mx\\\/index.php\\\/2024\\\/08\\\/20\\\/cuantos-anos-podria-pasar-en-prision-natanael-cano-por-cohecho-en-sonora\\\/#primaryimage\"},\"thumbnailUrl\":\"https:\\\/\\\/fuentesfidedignas.com.mx\\\/wp-content\\\/uploads\\\/2024\\\/08\\\/natanael-cano.jpg\",\"articleSection\":[\"NOTICIAS NACIONALES\"],\"inLanguage\":\"es\",\"potentialAction\":[{\"@type\":\"CommentAction\",\"name\":\"Comment\",\"target\":[\"https:\\\/\\\/fuentesfidedignas.com.mx\\\/index.php\\\/2024\\\/08\\\/20\\\/cuantos-anos-podria-pasar-en-prision-natanael-cano-por-cohecho-en-sonora\\\/#respond\"]}]},{\"@type\":\"WebPage\",\"@id\":\"https:\\\/\\\/fuentesfidedignas.com.mx\\\/index.php\\\/2024\\\/08\\\/20\\\/cuantos-anos-podria-pasar-en-prision-natanael-cano-por-cohecho-en-sonora\\\/\",\"url\":\"https:\\\/\\\/fuentesfidedignas.com.mx\\\/index.php\\\/2024\\\/08\\\/20\\\/cuantos-anos-podria-pasar-en-prision-natanael-cano-por-cohecho-en-sonora\\\/\",\"name\":\"\u00bfCu\u00e1ntos a\u00f1os podr\u00eda pasar en prisi\u00f3n Natanael Cano por cohecho en Sonora? - Fuentes Fidedignas\",\"isPartOf\":{\"@id\":\"https:\\\/\\\/fuentesfidedignas.com.mx\\\/#website\"},\"primaryImageOfPage\":{\"@id\":\"https:\\\/\\\/fuentesfidedignas.com.mx\\\/index.php\\\/2024\\\/08\\\/20\\\/cuantos-anos-podria-pasar-en-prision-natanael-cano-por-cohecho-en-sonora\\\/#primaryimage\"},\"image\":{\"@id\":\"https:\\\/\\\/fuentesfidedignas.com.mx\\\/index.php\\\/2024\\\/08\\\/20\\\/cuantos-anos-podria-pasar-en-prision-natanael-cano-por-cohecho-en-sonora\\\/#primaryimage\"},\"thumbnailUrl\":\"https:\\\/\\\/fuentesfidedignas.com.mx\\\/wp-content\\\/uploads\\\/2024\\\/08\\\/natanael-cano.jpg\",\"datePublished\":\"2024-08-21T01:24:00+00:00\",\"breadcrumb\":{\"@id\":\"https:\\\/\\\/fuentesfidedignas.com.mx\\\/index.php\\\/2024\\\/08\\\/20\\\/cuantos-anos-podria-pasar-en-prision-natanael-cano-por-cohecho-en-sonora\\\/#breadcrumb\"},\"inLanguage\":\"es\",\"potentialAction\":[{\"@type\":\"ReadAction\",\"target\":[\"https:\\\/\\\/fuentesfidedignas.com.mx\\\/index.php\\\/2024\\\/08\\\/20\\\/cuantos-anos-podria-pasar-en-prision-natanael-cano-por-cohecho-en-sonora\\\/\"]}]},{\"@type\":\"ImageObject\",\"inLanguage\":\"es\",\"@id\":\"https:\\\/\\\/fuentesfidedignas.com.mx\\\/index.php\\\/2024\\\/08\\\/20\\\/cuantos-anos-podria-pasar-en-prision-natanael-cano-por-cohecho-en-sonora\\\/#primaryimage\",\"url\":\"https:\\\/\\\/fuentesfidedignas.com.mx\\\/wp-content\\\/uploads\\\/2024\\\/08\\\/natanael-cano.jpg\",\"contentUrl\":\"https:\\\/\\\/fuentesfidedignas.com.mx\\\/wp-content\\\/uploads\\\/2024\\\/08\\\/natanael-cano.jpg\",\"width\":650,\"height\":363},{\"@type\":\"BreadcrumbList\",\"@id\":\"https:\\\/\\\/fuentesfidedignas.com.mx\\\/index.php\\\/2024\\\/08\\\/20\\\/cuantos-anos-podria-pasar-en-prision-natanael-cano-por-cohecho-en-sonora\\\/#breadcrumb\",\"itemListElement\":[{\"@type\":\"ListItem\",\"position\":1,\"name\":\"Inicio\",\"item\":\"https:\\\/\\\/fuentesfidedignas.com.mx\\\/\"},{\"@type\":\"ListItem\",\"position\":2,\"name\":\"\u00bfCu\u00e1ntos a\u00f1os podr\u00eda pasar en prisi\u00f3n Natanael Cano por cohecho en Sonora?\"}]},{\"@type\":\"WebSite\",\"@id\":\"https:\\\/\\\/fuentesfidedignas.com.mx\\\/#website\",\"url\":\"https:\\\/\\\/fuentesfidedignas.com.mx\\\/\",\"name\":\"Fuentes Fidedignas\",\"description\":\"Otro sitio realizado con WordPress\",\"publisher\":{\"@id\":\"https:\\\/\\\/fuentesfidedignas.com.mx\\\/#organization\"},\"potentialAction\":[{\"@type\":\"SearchAction\",\"target\":{\"@type\":\"EntryPoint\",\"urlTemplate\":\"https:\\\/\\\/fuentesfidedignas.com.mx\\\/?s={search_term_string}\"},\"query-input\":{\"@type\":\"PropertyValueSpecification\",\"valueRequired\":true,\"valueName\":\"search_term_string\"}}],\"inLanguage\":\"es\"},{\"@type\":\"Organization\",\"@id\":\"https:\\\/\\\/fuentesfidedignas.com.mx\\\/#organization\",\"name\":\"Fuentes Fidedignas\",\"url\":\"https:\\\/\\\/fuentesfidedignas.com.mx\\\/\",\"logo\":{\"@type\":\"ImageObject\",\"inLanguage\":\"es\",\"@id\":\"https:\\\/\\\/fuentesfidedignas.com.mx\\\/#\\\/schema\\\/logo\\\/image\\\/\",\"url\":\"https:\\\/\\\/fuentesfidedignas.com.mx\\\/wp-content\\\/uploads\\\/2021\\\/04\\\/logo-retina.png\",\"contentUrl\":\"https:\\\/\\\/fuentesfidedignas.com.mx\\\/wp-content\\\/uploads\\\/2021\\\/04\\\/logo-retina.png\",\"width\":280,\"height\":51,\"caption\":\"Fuentes Fidedignas\"},\"image\":{\"@id\":\"https:\\\/\\\/fuentesfidedignas.com.mx\\\/#\\\/schema\\\/logo\\\/image\\\/\"},\"sameAs\":[\"https:\\\/\\\/www.facebook.com\\\/Fuentes-Fidedignas-368234489921644\",\"https:\\\/\\\/x.com\\\/fidedignas\"]},{\"@type\":\"Person\",\"@id\":\"https:\\\/\\\/fuentesfidedignas.com.mx\\\/#\\\/schema\\\/person\\\/47ec0135738f4b0c7495f06a77a2c976\",\"name\":\"Milenio\",\"image\":{\"@type\":\"ImageObject\",\"inLanguage\":\"es\",\"@id\":\"https:\\\/\\\/secure.gravatar.com\\\/avatar\\\/acabf7b54753e51c2c76457954577c236b3b764789b19879565769739d1e4a75?s=96&d=mm&r=g\",\"url\":\"https:\\\/\\\/secure.gravatar.com\\\/avatar\\\/acabf7b54753e51c2c76457954577c236b3b764789b19879565769739d1e4a75?s=96&d=mm&r=g\",\"contentUrl\":\"https:\\\/\\\/secure.gravatar.com\\\/avatar\\\/acabf7b54753e51c2c76457954577c236b3b764789b19879565769739d1e4a75?s=96&d=mm&r=g\",\"caption\":\"Milenio\"},\"url\":\"https:\\\/\\\/fuentesfidedignas.com.mx\\\/index.php\\\/author\\\/milenio\\\/\"}]}<\/script>\n<!-- \/ Yoast SEO plugin. -->","yoast_head_json":{"title":"\u00bfCu\u00e1ntos a\u00f1os podr\u00eda pasar en prisi\u00f3n Natanael Cano por cohecho en Sonora? - Fuentes Fidedignas","robots":{"index":"index","follow":"follow","max-snippet":"max-snippet:-1","max-image-preview":"max-image-preview:large","max-video-preview":"max-video-preview:-1"},"canonical":"https:\/\/fuentesfidedignas.com.mx\/index.php\/2024\/08\/20\/cuantos-anos-podria-pasar-en-prision-natanael-cano-por-cohecho-en-sonora\/","og_locale":"es_MX","og_type":"article","og_title":"\u00bfCu\u00e1ntos a\u00f1os podr\u00eda pasar en prisi\u00f3n Natanael Cano por cohecho en Sonora? - Fuentes Fidedignas","og_description":"El cantante de corridos tumbados tendr\u00e1 su audiencia inicial el pr\u00f3ximo mes. Durante la noche del lunes 19 de agosto se dio a conocer que el famoso cantante de corridos tumbados, Natanael Cano, fue vinculado a proceso por el delito de cohecho&nbsp;en Hermosillo, Sonora. Seg\u00fan apuntaron las autoridades, el cantante intent\u00f3 sobornar a polic\u00edas municipales [&hellip;]","og_url":"https:\/\/fuentesfidedignas.com.mx\/index.php\/2024\/08\/20\/cuantos-anos-podria-pasar-en-prision-natanael-cano-por-cohecho-en-sonora\/","og_site_name":"Fuentes Fidedignas","article_publisher":"https:\/\/www.facebook.com\/Fuentes-Fidedignas-368234489921644","article_published_time":"2024-08-21T01:24:00+00:00","og_image":[{"width":650,"height":363,"url":"https:\/\/fuentesfidedignas.com.mx\/wp-content\/uploads\/2024\/08\/natanael-cano.jpg","type":"image\/jpeg"}],"author":"Milenio","twitter_card":"summary_large_image","twitter_creator":"@fidedignas","twitter_site":"@fidedignas","twitter_misc":{"Escrito por":"Milenio","Tiempo de lectura":"3 minutos"},"schema":{"@context":"https:\/\/schema.org","@graph":[{"@type":"Article","@id":"https:\/\/fuentesfidedignas.com.mx\/index.php\/2024\/08\/20\/cuantos-anos-podria-pasar-en-prision-natanael-cano-por-cohecho-en-sonora\/#article","isPartOf":{"@id":"https:\/\/fuentesfidedignas.com.mx\/index.php\/2024\/08\/20\/cuantos-anos-podria-pasar-en-prision-natanael-cano-por-cohecho-en-sonora\/"},"author":{"name":"Milenio","@id":"https:\/\/fuentesfidedignas.com.mx\/#\/schema\/person\/47ec0135738f4b0c7495f06a77a2c976"},"headline":"\u00bfCu\u00e1ntos a\u00f1os podr\u00eda pasar en prisi\u00f3n Natanael Cano por cohecho en Sonora?","datePublished":"2024-08-21T01:24:00+00:00","mainEntityOfPage":{"@id":"https:\/\/fuentesfidedignas.com.mx\/index.php\/2024\/08\/20\/cuantos-anos-podria-pasar-en-prision-natanael-cano-por-cohecho-en-sonora\/"},"wordCount":550,"commentCount":0,"publisher":{"@id":"https:\/\/fuentesfidedignas.com.mx\/#organization"},"image":{"@id":"https:\/\/fuentesfidedignas.com.mx\/index.php\/2024\/08\/20\/cuantos-anos-podria-pasar-en-prision-natanael-cano-por-cohecho-en-sonora\/#primaryimage"},"thumbnailUrl":"https:\/\/fuentesfidedignas.com.mx\/wp-content\/uploads\/2024\/08\/natanael-cano.jpg","articleSection":["NOTICIAS NACIONALES"],"inLanguage":"es","potentialAction":[{"@type":"CommentAction","name":"Comment","target":["https:\/\/fuentesfidedignas.com.mx\/index.php\/2024\/08\/20\/cuantos-anos-podria-pasar-en-prision-natanael-cano-por-cohecho-en-sonora\/#respond"]}]},{"@type":"WebPage","@id":"https:\/\/fuentesfidedignas.com.mx\/index.php\/2024\/08\/20\/cuantos-anos-podria-pasar-en-prision-natanael-cano-por-cohecho-en-sonora\/","url":"https:\/\/fuentesfidedignas.com.mx\/index.php\/2024\/08\/20\/cuantos-anos-podria-pasar-en-prision-natanael-cano-por-cohecho-en-sonora\/","name":"\u00bfCu\u00e1ntos a\u00f1os podr\u00eda pasar en prisi\u00f3n Natanael Cano por cohecho en Sonora? - Fuentes Fidedignas","isPartOf":{"@id":"https:\/\/fuentesfidedignas.com.mx\/#website"},"primaryImageOfPage":{"@id":"https:\/\/fuentesfidedignas.com.mx\/index.php\/2024\/08\/20\/cuantos-anos-podria-pasar-en-prision-natanael-cano-por-cohecho-en-sonora\/#primaryimage"},"image":{"@id":"https:\/\/fuentesfidedignas.com.mx\/index.php\/2024\/08\/20\/cuantos-anos-podria-pasar-en-prision-natanael-cano-por-cohecho-en-sonora\/#primaryimage"},"thumbnailUrl":"https:\/\/fuentesfidedignas.com.mx\/wp-content\/uploads\/2024\/08\/natanael-cano.jpg","datePublished":"2024-08-21T01:24:00+00:00","breadcrumb":{"@id":"https:\/\/fuentesfidedignas.com.mx\/index.php\/2024\/08\/20\/cuantos-anos-podria-pasar-en-prision-natanael-cano-por-cohecho-en-sonora\/#breadcrumb"},"inLanguage":"es","potentialAction":[{"@type":"ReadAction","target":["https:\/\/fuentesfidedignas.com.mx\/index.php\/2024\/08\/20\/cuantos-anos-podria-pasar-en-prision-natanael-cano-por-cohecho-en-sonora\/"]}]},{"@type":"ImageObject","inLanguage":"es","@id":"https:\/\/fuentesfidedignas.com.mx\/index.php\/2024\/08\/20\/cuantos-anos-podria-pasar-en-prision-natanael-cano-por-cohecho-en-sonora\/#primaryimage","url":"https:\/\/fuentesfidedignas.com.mx\/wp-content\/uploads\/2024\/08\/natanael-cano.jpg","contentUrl":"https:\/\/fuentesfidedignas.com.mx\/wp-content\/uploads\/2024\/08\/natanael-cano.jpg","width":650,"height":363},{"@type":"BreadcrumbList","@id":"https:\/\/fuentesfidedignas.com.mx\/index.php\/2024\/08\/20\/cuantos-anos-podria-pasar-en-prision-natanael-cano-por-cohecho-en-sonora\/#breadcrumb","itemListElement":[{"@type":"ListItem","position":1,"name":"Inicio","item":"https:\/\/fuentesfidedignas.com.mx\/"},{"@type":"ListItem","position":2,"name":"\u00bfCu\u00e1ntos a\u00f1os podr\u00eda pasar en prisi\u00f3n Natanael Cano por cohecho en Sonora?"}]},{"@type":"WebSite","@id":"https:\/\/fuentesfidedignas.com.mx\/#website","url":"https:\/\/fuentesfidedignas.com.mx\/","name":"Fuentes Fidedignas","description":"Otro sitio realizado con WordPress","publisher":{"@id":"https:\/\/fuentesfidedignas.com.mx\/#organization"},"potentialAction":[{"@type":"SearchAction","target":{"@type":"EntryPoint","urlTemplate":"https:\/\/fuentesfidedignas.com.mx\/?s={search_term_string}"},"query-input":{"@type":"PropertyValueSpecification","valueRequired":true,"valueName":"search_term_string"}}],"inLanguage":"es"},{"@type":"Organization","@id":"https:\/\/fuentesfidedignas.com.mx\/#organization","name":"Fuentes Fidedignas","url":"https:\/\/fuentesfidedignas.com.mx\/","logo":{"@type":"ImageObject","inLanguage":"es","@id":"https:\/\/fuentesfidedignas.com.mx\/#\/schema\/logo\/image\/","url":"https:\/\/fuentesfidedignas.com.mx\/wp-content\/uploads\/2021\/04\/logo-retina.png","contentUrl":"https:\/\/fuentesfidedignas.com.mx\/wp-content\/uploads\/2021\/04\/logo-retina.png","width":280,"height":51,"caption":"Fuentes Fidedignas"},"image":{"@id":"https:\/\/fuentesfidedignas.com.mx\/#\/schema\/logo\/image\/"},"sameAs":["https:\/\/www.facebook.com\/Fuentes-Fidedignas-368234489921644","https:\/\/x.com\/fidedignas"]},{"@type":"Person","@id":"https:\/\/fuentesfidedignas.com.mx\/#\/schema\/person\/47ec0135738f4b0c7495f06a77a2c976","name":"Milenio","image":{"@type":"ImageObject","inLanguage":"es","@id":"https:\/\/secure.gravatar.com\/avatar\/acabf7b54753e51c2c76457954577c236b3b764789b19879565769739d1e4a75?s=96&d=mm&r=g","url":"https:\/\/secure.gravatar.com\/avatar\/acabf7b54753e51c2c76457954577c236b3b764789b19879565769739d1e4a75?s=96&d=mm&r=g","contentUrl":"https:\/\/secure.gravatar.com\/avatar\/acabf7b54753e51c2c76457954577c236b3b764789b19879565769739d1e4a75?s=96&d=mm&r=g","caption":"Milenio"},"url":"https:\/\/fuentesfidedignas.com.mx\/index.php\/author\/milenio\/"}]}},"_links":{"self":[{"href":"https:\/\/fuentesfidedignas.com.mx\/index.php\/wp-json\/wp\/v2\/posts\/89202","targetHints":{"allow":["GET"]}}],"collection":[{"href":"https:\/\/fuentesfidedignas.com.mx\/index.php\/wp-json\/wp\/v2\/posts"}],"about":[{"href":"https:\/\/fuentesfidedignas.com.mx\/index.php\/wp-json\/wp\/v2\/types\/post"}],"author":[{"embeddable":true,"href":"https:\/\/fuentesfidedignas.com.mx\/index.php\/wp-json\/wp\/v2\/users\/9"}],"replies":[{"embeddable":true,"href":"https:\/\/fuentesfidedignas.com.mx\/index.php\/wp-json\/wp\/v2\/comments?post=89202"}],"version-history":[{"count":1,"href":"https:\/\/fuentesfidedignas.com.mx\/index.php\/wp-json\/wp\/v2\/posts\/89202\/revisions"}],"predecessor-version":[{"id":89204,"href":"https:\/\/fuentesfidedignas.com.mx\/index.php\/wp-json\/wp\/v2\/posts\/89202\/revisions\/89204"}],"wp:featuredmedia":[{"embeddable":true,"href":"https:\/\/fuentesfidedignas.com.mx\/index.php\/wp-json\/wp\/v2\/media\/89203"}],"wp:attachment":[{"href":"https:\/\/fuentesfidedignas.com.mx\/index.php\/wp-json\/wp\/v2\/media?parent=89202"}],"wp:term":[{"taxonomy":"category","embeddable":true,"href":"https:\/\/fuentesfidedignas.com.mx\/index.php\/wp-json\/wp\/v2\/categories?post=89202"},{"taxonomy":"post_tag","embeddable":true,"href":"https:\/\/fuentesfidedignas.com.mx\/index.php\/wp-json\/wp\/v2\/tags?post=89202"}],"curies":[{"name":"wp","href":"https:\/\/api.w.org\/{rel}","templated":true}]}}