{"id":89172,"date":"2024-08-20T14:36:59","date_gmt":"2024-08-20T21:36:59","guid":{"rendered":"https:\/\/fuentesfidedignas.com.mx\/?p=89172"},"modified":"2024-08-20T14:55:22","modified_gmt":"2024-08-20T21:55:22","slug":"denuncian-ante-fgr-a-exfiscal-y-gobernador-de-sinaloa-por-caso-de-el-mayoy-cuen-ojeda","status":"publish","type":"post","link":"https:\/\/fuentesfidedignas.com.mx\/index.php\/2024\/08\/20\/denuncian-ante-fgr-a-exfiscal-y-gobernador-de-sinaloa-por-caso-de-el-mayoy-cuen-ojeda\/","title":{"rendered":"Denuncian ante FGR a exfiscal de Sinaloa y Rocha Moya por caso de &#8220;El Mayo&#8221; y H\u00e9ctor Cu\u00e9n Ojeda"},"content":{"rendered":"\n<p><strong><em>A casi un mes de los hechos, las autoridades federales confirmaron que hubo inconsistencias en la investigaci\u00f3n de la fiscal\u00eda estatal<\/em><\/strong><\/p>\n\n\n\n<p>Ciudad de M\u00e9xico.- La ma\u00f1ana del 20 de agosto, tres legisladores del Partido Acci\u00f3n Nacional (PAN) presentaron una denuncia de car\u00e1cter penal en contra del gobernador de Sinaloa, Rub\u00e9n Rocha Moya, y la exfiscal Sara Bruna Qui\u00f1\u00f3nez, derivado de las irregularidades en las investigaciones sobre el asesinato de H\u00e9ctor Melesio Cu\u00e9n Ojeda y la detenci\u00f3n de Ismael \u2018El Mayo\u2019 Zambada.<\/p>\n\n\n\n<p>Federico D\u00f6ring \u2014coordinador del PAN en el Congreso de la Ciudad de M\u00e9xico\u2014, Ernesto S\u00e1nchez Rodr\u00edguez y H\u00e9ctor Sa\u00fal T\u00e9llez \u2014ambos diputados federales electos\u2014 acudieron a las oficinas de la Fiscal\u00eda General de la Rep\u00fablica (FGR) en la capital del pa\u00eds para exigir el inicio de acciones legales en contra del mandatario y la exfuncionaria.<\/p>\n\n\n\n<p>Lo anterior, debido a que la FGR concluy\u00f3, en d\u00edas pasados, que las indagatorias de la Fiscal\u00eda General del Estado (FGE) de Sinaloa en el caso hab\u00edan sido inconsistentes.<\/p>\n\n\n\n<p>\u201cHemos presentado una denuncia para que no queden en la impunidad las fechor\u00edas y delitos cometidos por quien encabez\u00f3 la Fiscal\u00eda en Sinaloa. No basta con su renuncia, que aqu\u00ed le finquen una responsabilidad\u201d, expres\u00f3 D\u00f6ring en un video publicado en su cuenta oficial de X.<\/p>\n\n\n\n<p>La primera hip\u00f3tesis que plante\u00f3 la Fiscal\u00eda de Sinaloa sobre el homicidio de Melesio Cu\u00e9n fue un supuesto intento de robo. Para sustentar su versi\u00f3n, la ahora exfiscal hizo p\u00fablico un video que capt\u00f3 el momento de la supuesta agresi\u00f3n que le habr\u00eda quitado la vida al exrector de la Universidad Aut\u00f3noma de Sinaloa (UAS). No obstante, la grabaci\u00f3n provoc\u00f3 m\u00e1s dudas que certezas.<\/p>\n\n\n\n<p>Posteriormente, la FGR concluy\u00f3 que la grabaci\u00f3n contradec\u00eda los dict\u00e1menes de la Fiscal\u00eda de Sinaloa, pues no se percibieron los cuatro disparos que declar\u00f3 previamente la corporaci\u00f3n. A esta discrepancia se sumaron otras irregularidades, como la cremaci\u00f3n del cuerpo del exrector y la ignorada presencia de sangre humana en la parte trasera de su camioneta.<\/p>\n\n\n\n<p>\u201cDeterminaron que manipul\u00f3 la evidencia, ocult\u00f3 informaci\u00f3n e indebidamente cremaron el cuerpo de Melesio Cu\u00e9n\u201d, asever\u00f3 D\u00f6ring al dar a conocer la denuncia.<\/p>\n\n\n\n<p>En este mismo sentido, los legisladores del partido blanquiazul solicitaron que Rub\u00e9n Rocha fuera llamado a declarar. \u201cEl gobernador tiene que separarse inmediatamente del cargo para dejar de seguir manipulando y encubriendo los hechos cometidos en Sinaloa\u201d, manifest\u00f3 el coordinador de la bancada panista en la CDMX.<\/p>\n\n\n\n<p>A ra\u00edz de las omisiones denunciadas por la FGR, Sara Bruna Qui\u00f1\u00f3nez present\u00f3 su renuncia al cargo como fiscal de Sinaloa, la cual fue aprobada por el Congreso del Estado. Se espera que en pr\u00f3ximos d\u00edas se presenten avances en el proceso para designar a su relevo.<\/p>\n\n\n\n<p>Por su parte, Rocha Moya dijo en su conferencia semanal que la FGR es la \u00fanica instancia que podr\u00e1 determinar si procede en contra de alguna de las personas involucradas en la integraci\u00f3n de la carpeta de investigaci\u00f3n por el homicidio de Cu\u00e9n Ojeda.<\/p>\n","protected":false},"excerpt":{"rendered":"<p>A casi un mes de los hechos, las autoridades federales confirmaron que hubo inconsistencias en la investigaci\u00f3n de la fiscal\u00eda estatal Ciudad de M\u00e9xico.- La ma\u00f1ana del 20 de agosto, tres legisladores del Partido Acci\u00f3n Nacional (PAN) presentaron una denuncia de car\u00e1cter penal en contra del gobernador de Sinaloa, Rub\u00e9n Rocha Moya, y la exfiscal [&hellip;]<\/p>\n","protected":false},"author":41,"featured_media":89173,"comment_status":"open","ping_status":"open","sticky":false,"template":"","format":"standard","meta":{"tdm_status":"","tdm_grid_status":"","footnotes":""},"categories":[37],"tags":[],"class_list":{"0":"post-89172","1":"post","2":"type-post","3":"status-publish","4":"format-standard","5":"has-post-thumbnail","7":"category-nota-principal"},"yoast_head":"<!-- This site is optimized with the Yoast SEO plugin v27.4 - https:\/\/yoast.com\/product\/yoast-seo-wordpress\/ -->\n<title>Denuncian ante FGR a exfiscal de Sinaloa y Rocha Moya por caso de &quot;El Mayo&quot; y H\u00e9ctor Cu\u00e9n Ojeda - Fuentes Fidedignas<\/title>\n<meta name=\"robots\" content=\"index, follow, max-snippet:-1, max-image-preview:large, max-video-preview:-1\" \/>\n<link rel=\"canonical\" href=\"https:\/\/fuentesfidedignas.com.mx\/index.php\/2024\/08\/20\/denuncian-ante-fgr-a-exfiscal-y-gobernador-de-sinaloa-por-caso-de-el-mayoy-cuen-ojeda\/\" \/>\n<meta property=\"og:locale\" content=\"es_MX\" \/>\n<meta property=\"og:type\" content=\"article\" \/>\n<meta property=\"og:title\" content=\"Denuncian ante FGR a exfiscal de Sinaloa y Rocha Moya por caso de &quot;El Mayo&quot; y H\u00e9ctor Cu\u00e9n Ojeda - Fuentes Fidedignas\" \/>\n<meta property=\"og:description\" content=\"A casi un mes de los hechos, las autoridades federales confirmaron que hubo inconsistencias en la investigaci\u00f3n de la fiscal\u00eda estatal Ciudad de M\u00e9xico.- La ma\u00f1ana del 20 de agosto, tres legisladores del Partido Acci\u00f3n Nacional (PAN) presentaron una denuncia de car\u00e1cter penal en contra del gobernador de Sinaloa, Rub\u00e9n Rocha Moya, y la exfiscal [&hellip;]\" \/>\n<meta property=\"og:url\" content=\"https:\/\/fuentesfidedignas.com.mx\/index.php\/2024\/08\/20\/denuncian-ante-fgr-a-exfiscal-y-gobernador-de-sinaloa-por-caso-de-el-mayoy-cuen-ojeda\/\" \/>\n<meta property=\"og:site_name\" content=\"Fuentes Fidedignas\" \/>\n<meta property=\"article:publisher\" content=\"https:\/\/www.facebook.com\/Fuentes-Fidedignas-368234489921644\" \/>\n<meta property=\"article:published_time\" content=\"2024-08-20T21:36:59+00:00\" \/>\n<meta property=\"article:modified_time\" content=\"2024-08-20T21:55:22+00:00\" \/>\n<meta property=\"og:image\" content=\"https:\/\/fuentesfidedignas.com.mx\/wp-content\/uploads\/2024\/08\/rocha-sara.jpg\" \/>\n\t<meta property=\"og:image:width\" content=\"650\" \/>\n\t<meta property=\"og:image:height\" content=\"359\" \/>\n\t<meta property=\"og:image:type\" content=\"image\/jpeg\" \/>\n<meta name=\"author\" content=\"Infobae\" \/>\n<meta name=\"twitter:card\" content=\"summary_large_image\" \/>\n<meta name=\"twitter:creator\" content=\"@fidedignas\" \/>\n<meta name=\"twitter:site\" content=\"@fidedignas\" \/>\n<meta name=\"twitter:label1\" content=\"Escrito por\" \/>\n\t<meta name=\"twitter:data1\" content=\"Infobae\" \/>\n\t<meta name=\"twitter:label2\" content=\"Tiempo de lectura\" \/>\n\t<meta name=\"twitter:data2\" content=\"3 minutos\" \/>\n<script type=\"application\/ld+json\" class=\"yoast-schema-graph\">{\"@context\":\"https:\\\/\\\/schema.org\",\"@graph\":[{\"@type\":\"Article\",\"@id\":\"https:\\\/\\\/fuentesfidedignas.com.mx\\\/index.php\\\/2024\\\/08\\\/20\\\/denuncian-ante-fgr-a-exfiscal-y-gobernador-de-sinaloa-por-caso-de-el-mayoy-cuen-ojeda\\\/#article\",\"isPartOf\":{\"@id\":\"https:\\\/\\\/fuentesfidedignas.com.mx\\\/index.php\\\/2024\\\/08\\\/20\\\/denuncian-ante-fgr-a-exfiscal-y-gobernador-de-sinaloa-por-caso-de-el-mayoy-cuen-ojeda\\\/\"},\"author\":{\"name\":\"Infobae\",\"@id\":\"https:\\\/\\\/fuentesfidedignas.com.mx\\\/#\\\/schema\\\/person\\\/8575896a7c1067d352f6c1cd6582c389\"},\"headline\":\"Denuncian ante FGR a exfiscal de Sinaloa y Rocha Moya por caso de &#8220;El Mayo&#8221; y H\u00e9ctor Cu\u00e9n Ojeda\",\"datePublished\":\"2024-08-20T21:36:59+00:00\",\"dateModified\":\"2024-08-20T21:55:22+00:00\",\"mainEntityOfPage\":{\"@id\":\"https:\\\/\\\/fuentesfidedignas.com.mx\\\/index.php\\\/2024\\\/08\\\/20\\\/denuncian-ante-fgr-a-exfiscal-y-gobernador-de-sinaloa-por-caso-de-el-mayoy-cuen-ojeda\\\/\"},\"wordCount\":566,\"commentCount\":0,\"publisher\":{\"@id\":\"https:\\\/\\\/fuentesfidedignas.com.mx\\\/#organization\"},\"image\":{\"@id\":\"https:\\\/\\\/fuentesfidedignas.com.mx\\\/index.php\\\/2024\\\/08\\\/20\\\/denuncian-ante-fgr-a-exfiscal-y-gobernador-de-sinaloa-por-caso-de-el-mayoy-cuen-ojeda\\\/#primaryimage\"},\"thumbnailUrl\":\"https:\\\/\\\/fuentesfidedignas.com.mx\\\/wp-content\\\/uploads\\\/2024\\\/08\\\/rocha-sara.jpg\",\"articleSection\":[\"NOTA PRINCIPAL\"],\"inLanguage\":\"es\",\"potentialAction\":[{\"@type\":\"CommentAction\",\"name\":\"Comment\",\"target\":[\"https:\\\/\\\/fuentesfidedignas.com.mx\\\/index.php\\\/2024\\\/08\\\/20\\\/denuncian-ante-fgr-a-exfiscal-y-gobernador-de-sinaloa-por-caso-de-el-mayoy-cuen-ojeda\\\/#respond\"]}]},{\"@type\":\"WebPage\",\"@id\":\"https:\\\/\\\/fuentesfidedignas.com.mx\\\/index.php\\\/2024\\\/08\\\/20\\\/denuncian-ante-fgr-a-exfiscal-y-gobernador-de-sinaloa-por-caso-de-el-mayoy-cuen-ojeda\\\/\",\"url\":\"https:\\\/\\\/fuentesfidedignas.com.mx\\\/index.php\\\/2024\\\/08\\\/20\\\/denuncian-ante-fgr-a-exfiscal-y-gobernador-de-sinaloa-por-caso-de-el-mayoy-cuen-ojeda\\\/\",\"name\":\"Denuncian ante FGR a exfiscal de Sinaloa y Rocha Moya por caso de \\\"El Mayo\\\" y H\u00e9ctor Cu\u00e9n Ojeda - Fuentes Fidedignas\",\"isPartOf\":{\"@id\":\"https:\\\/\\\/fuentesfidedignas.com.mx\\\/#website\"},\"primaryImageOfPage\":{\"@id\":\"https:\\\/\\\/fuentesfidedignas.com.mx\\\/index.php\\\/2024\\\/08\\\/20\\\/denuncian-ante-fgr-a-exfiscal-y-gobernador-de-sinaloa-por-caso-de-el-mayoy-cuen-ojeda\\\/#primaryimage\"},\"image\":{\"@id\":\"https:\\\/\\\/fuentesfidedignas.com.mx\\\/index.php\\\/2024\\\/08\\\/20\\\/denuncian-ante-fgr-a-exfiscal-y-gobernador-de-sinaloa-por-caso-de-el-mayoy-cuen-ojeda\\\/#primaryimage\"},\"thumbnailUrl\":\"https:\\\/\\\/fuentesfidedignas.com.mx\\\/wp-content\\\/uploads\\\/2024\\\/08\\\/rocha-sara.jpg\",\"datePublished\":\"2024-08-20T21:36:59+00:00\",\"dateModified\":\"2024-08-20T21:55:22+00:00\",\"breadcrumb\":{\"@id\":\"https:\\\/\\\/fuentesfidedignas.com.mx\\\/index.php\\\/2024\\\/08\\\/20\\\/denuncian-ante-fgr-a-exfiscal-y-gobernador-de-sinaloa-por-caso-de-el-mayoy-cuen-ojeda\\\/#breadcrumb\"},\"inLanguage\":\"es\",\"potentialAction\":[{\"@type\":\"ReadAction\",\"target\":[\"https:\\\/\\\/fuentesfidedignas.com.mx\\\/index.php\\\/2024\\\/08\\\/20\\\/denuncian-ante-fgr-a-exfiscal-y-gobernador-de-sinaloa-por-caso-de-el-mayoy-cuen-ojeda\\\/\"]}]},{\"@type\":\"ImageObject\",\"inLanguage\":\"es\",\"@id\":\"https:\\\/\\\/fuentesfidedignas.com.mx\\\/index.php\\\/2024\\\/08\\\/20\\\/denuncian-ante-fgr-a-exfiscal-y-gobernador-de-sinaloa-por-caso-de-el-mayoy-cuen-ojeda\\\/#primaryimage\",\"url\":\"https:\\\/\\\/fuentesfidedignas.com.mx\\\/wp-content\\\/uploads\\\/2024\\\/08\\\/rocha-sara.jpg\",\"contentUrl\":\"https:\\\/\\\/fuentesfidedignas.com.mx\\\/wp-content\\\/uploads\\\/2024\\\/08\\\/rocha-sara.jpg\",\"width\":650,\"height\":359},{\"@type\":\"BreadcrumbList\",\"@id\":\"https:\\\/\\\/fuentesfidedignas.com.mx\\\/index.php\\\/2024\\\/08\\\/20\\\/denuncian-ante-fgr-a-exfiscal-y-gobernador-de-sinaloa-por-caso-de-el-mayoy-cuen-ojeda\\\/#breadcrumb\",\"itemListElement\":[{\"@type\":\"ListItem\",\"position\":1,\"name\":\"Inicio\",\"item\":\"https:\\\/\\\/fuentesfidedignas.com.mx\\\/\"},{\"@type\":\"ListItem\",\"position\":2,\"name\":\"Denuncian ante FGR a exfiscal de Sinaloa y Rocha Moya por caso de &#8220;El Mayo&#8221; y H\u00e9ctor Cu\u00e9n Ojeda\"}]},{\"@type\":\"WebSite\",\"@id\":\"https:\\\/\\\/fuentesfidedignas.com.mx\\\/#website\",\"url\":\"https:\\\/\\\/fuentesfidedignas.com.mx\\\/\",\"name\":\"Fuentes Fidedignas\",\"description\":\"Otro sitio realizado con WordPress\",\"publisher\":{\"@id\":\"https:\\\/\\\/fuentesfidedignas.com.mx\\\/#organization\"},\"potentialAction\":[{\"@type\":\"SearchAction\",\"target\":{\"@type\":\"EntryPoint\",\"urlTemplate\":\"https:\\\/\\\/fuentesfidedignas.com.mx\\\/?s={search_term_string}\"},\"query-input\":{\"@type\":\"PropertyValueSpecification\",\"valueRequired\":true,\"valueName\":\"search_term_string\"}}],\"inLanguage\":\"es\"},{\"@type\":\"Organization\",\"@id\":\"https:\\\/\\\/fuentesfidedignas.com.mx\\\/#organization\",\"name\":\"Fuentes Fidedignas\",\"url\":\"https:\\\/\\\/fuentesfidedignas.com.mx\\\/\",\"logo\":{\"@type\":\"ImageObject\",\"inLanguage\":\"es\",\"@id\":\"https:\\\/\\\/fuentesfidedignas.com.mx\\\/#\\\/schema\\\/logo\\\/image\\\/\",\"url\":\"https:\\\/\\\/fuentesfidedignas.com.mx\\\/wp-content\\\/uploads\\\/2021\\\/04\\\/logo-retina.png\",\"contentUrl\":\"https:\\\/\\\/fuentesfidedignas.com.mx\\\/wp-content\\\/uploads\\\/2021\\\/04\\\/logo-retina.png\",\"width\":280,\"height\":51,\"caption\":\"Fuentes Fidedignas\"},\"image\":{\"@id\":\"https:\\\/\\\/fuentesfidedignas.com.mx\\\/#\\\/schema\\\/logo\\\/image\\\/\"},\"sameAs\":[\"https:\\\/\\\/www.facebook.com\\\/Fuentes-Fidedignas-368234489921644\",\"https:\\\/\\\/x.com\\\/fidedignas\"]},{\"@type\":\"Person\",\"@id\":\"https:\\\/\\\/fuentesfidedignas.com.mx\\\/#\\\/schema\\\/person\\\/8575896a7c1067d352f6c1cd6582c389\",\"name\":\"Infobae\",\"image\":{\"@type\":\"ImageObject\",\"inLanguage\":\"es\",\"@id\":\"https:\\\/\\\/secure.gravatar.com\\\/avatar\\\/e4ec95706f8d1670343f6526fdcec45474bab17475a851434a64ca12b5acba1c?s=96&d=mm&r=g\",\"url\":\"https:\\\/\\\/secure.gravatar.com\\\/avatar\\\/e4ec95706f8d1670343f6526fdcec45474bab17475a851434a64ca12b5acba1c?s=96&d=mm&r=g\",\"contentUrl\":\"https:\\\/\\\/secure.gravatar.com\\\/avatar\\\/e4ec95706f8d1670343f6526fdcec45474bab17475a851434a64ca12b5acba1c?s=96&d=mm&r=g\",\"caption\":\"Infobae\"},\"url\":\"https:\\\/\\\/fuentesfidedignas.com.mx\\\/index.php\\\/author\\\/infobae\\\/\"}]}<\/script>\n<!-- \/ Yoast SEO plugin. -->","yoast_head_json":{"title":"Denuncian ante FGR a exfiscal de Sinaloa y Rocha Moya por caso de \"El Mayo\" y H\u00e9ctor Cu\u00e9n Ojeda - Fuentes Fidedignas","robots":{"index":"index","follow":"follow","max-snippet":"max-snippet:-1","max-image-preview":"max-image-preview:large","max-video-preview":"max-video-preview:-1"},"canonical":"https:\/\/fuentesfidedignas.com.mx\/index.php\/2024\/08\/20\/denuncian-ante-fgr-a-exfiscal-y-gobernador-de-sinaloa-por-caso-de-el-mayoy-cuen-ojeda\/","og_locale":"es_MX","og_type":"article","og_title":"Denuncian ante FGR a exfiscal de Sinaloa y Rocha Moya por caso de \"El Mayo\" y H\u00e9ctor Cu\u00e9n Ojeda - Fuentes Fidedignas","og_description":"A casi un mes de los hechos, las autoridades federales confirmaron que hubo inconsistencias en la investigaci\u00f3n de la fiscal\u00eda estatal Ciudad de M\u00e9xico.- La ma\u00f1ana del 20 de agosto, tres legisladores del Partido Acci\u00f3n Nacional (PAN) presentaron una denuncia de car\u00e1cter penal en contra del gobernador de Sinaloa, Rub\u00e9n Rocha Moya, y la exfiscal [&hellip;]","og_url":"https:\/\/fuentesfidedignas.com.mx\/index.php\/2024\/08\/20\/denuncian-ante-fgr-a-exfiscal-y-gobernador-de-sinaloa-por-caso-de-el-mayoy-cuen-ojeda\/","og_site_name":"Fuentes Fidedignas","article_publisher":"https:\/\/www.facebook.com\/Fuentes-Fidedignas-368234489921644","article_published_time":"2024-08-20T21:36:59+00:00","article_modified_time":"2024-08-20T21:55:22+00:00","og_image":[{"width":650,"height":359,"url":"https:\/\/fuentesfidedignas.com.mx\/wp-content\/uploads\/2024\/08\/rocha-sara.jpg","type":"image\/jpeg"}],"author":"Infobae","twitter_card":"summary_large_image","twitter_creator":"@fidedignas","twitter_site":"@fidedignas","twitter_misc":{"Escrito por":"Infobae","Tiempo de lectura":"3 minutos"},"schema":{"@context":"https:\/\/schema.org","@graph":[{"@type":"Article","@id":"https:\/\/fuentesfidedignas.com.mx\/index.php\/2024\/08\/20\/denuncian-ante-fgr-a-exfiscal-y-gobernador-de-sinaloa-por-caso-de-el-mayoy-cuen-ojeda\/#article","isPartOf":{"@id":"https:\/\/fuentesfidedignas.com.mx\/index.php\/2024\/08\/20\/denuncian-ante-fgr-a-exfiscal-y-gobernador-de-sinaloa-por-caso-de-el-mayoy-cuen-ojeda\/"},"author":{"name":"Infobae","@id":"https:\/\/fuentesfidedignas.com.mx\/#\/schema\/person\/8575896a7c1067d352f6c1cd6582c389"},"headline":"Denuncian ante FGR a exfiscal de Sinaloa y Rocha Moya por caso de &#8220;El Mayo&#8221; y H\u00e9ctor Cu\u00e9n Ojeda","datePublished":"2024-08-20T21:36:59+00:00","dateModified":"2024-08-20T21:55:22+00:00","mainEntityOfPage":{"@id":"https:\/\/fuentesfidedignas.com.mx\/index.php\/2024\/08\/20\/denuncian-ante-fgr-a-exfiscal-y-gobernador-de-sinaloa-por-caso-de-el-mayoy-cuen-ojeda\/"},"wordCount":566,"commentCount":0,"publisher":{"@id":"https:\/\/fuentesfidedignas.com.mx\/#organization"},"image":{"@id":"https:\/\/fuentesfidedignas.com.mx\/index.php\/2024\/08\/20\/denuncian-ante-fgr-a-exfiscal-y-gobernador-de-sinaloa-por-caso-de-el-mayoy-cuen-ojeda\/#primaryimage"},"thumbnailUrl":"https:\/\/fuentesfidedignas.com.mx\/wp-content\/uploads\/2024\/08\/rocha-sara.jpg","articleSection":["NOTA PRINCIPAL"],"inLanguage":"es","potentialAction":[{"@type":"CommentAction","name":"Comment","target":["https:\/\/fuentesfidedignas.com.mx\/index.php\/2024\/08\/20\/denuncian-ante-fgr-a-exfiscal-y-gobernador-de-sinaloa-por-caso-de-el-mayoy-cuen-ojeda\/#respond"]}]},{"@type":"WebPage","@id":"https:\/\/fuentesfidedignas.com.mx\/index.php\/2024\/08\/20\/denuncian-ante-fgr-a-exfiscal-y-gobernador-de-sinaloa-por-caso-de-el-mayoy-cuen-ojeda\/","url":"https:\/\/fuentesfidedignas.com.mx\/index.php\/2024\/08\/20\/denuncian-ante-fgr-a-exfiscal-y-gobernador-de-sinaloa-por-caso-de-el-mayoy-cuen-ojeda\/","name":"Denuncian ante FGR a exfiscal de Sinaloa y Rocha Moya por caso de \"El Mayo\" y H\u00e9ctor Cu\u00e9n Ojeda - Fuentes Fidedignas","isPartOf":{"@id":"https:\/\/fuentesfidedignas.com.mx\/#website"},"primaryImageOfPage":{"@id":"https:\/\/fuentesfidedignas.com.mx\/index.php\/2024\/08\/20\/denuncian-ante-fgr-a-exfiscal-y-gobernador-de-sinaloa-por-caso-de-el-mayoy-cuen-ojeda\/#primaryimage"},"image":{"@id":"https:\/\/fuentesfidedignas.com.mx\/index.php\/2024\/08\/20\/denuncian-ante-fgr-a-exfiscal-y-gobernador-de-sinaloa-por-caso-de-el-mayoy-cuen-ojeda\/#primaryimage"},"thumbnailUrl":"https:\/\/fuentesfidedignas.com.mx\/wp-content\/uploads\/2024\/08\/rocha-sara.jpg","datePublished":"2024-08-20T21:36:59+00:00","dateModified":"2024-08-20T21:55:22+00:00","breadcrumb":{"@id":"https:\/\/fuentesfidedignas.com.mx\/index.php\/2024\/08\/20\/denuncian-ante-fgr-a-exfiscal-y-gobernador-de-sinaloa-por-caso-de-el-mayoy-cuen-ojeda\/#breadcrumb"},"inLanguage":"es","potentialAction":[{"@type":"ReadAction","target":["https:\/\/fuentesfidedignas.com.mx\/index.php\/2024\/08\/20\/denuncian-ante-fgr-a-exfiscal-y-gobernador-de-sinaloa-por-caso-de-el-mayoy-cuen-ojeda\/"]}]},{"@type":"ImageObject","inLanguage":"es","@id":"https:\/\/fuentesfidedignas.com.mx\/index.php\/2024\/08\/20\/denuncian-ante-fgr-a-exfiscal-y-gobernador-de-sinaloa-por-caso-de-el-mayoy-cuen-ojeda\/#primaryimage","url":"https:\/\/fuentesfidedignas.com.mx\/wp-content\/uploads\/2024\/08\/rocha-sara.jpg","contentUrl":"https:\/\/fuentesfidedignas.com.mx\/wp-content\/uploads\/2024\/08\/rocha-sara.jpg","width":650,"height":359},{"@type":"BreadcrumbList","@id":"https:\/\/fuentesfidedignas.com.mx\/index.php\/2024\/08\/20\/denuncian-ante-fgr-a-exfiscal-y-gobernador-de-sinaloa-por-caso-de-el-mayoy-cuen-ojeda\/#breadcrumb","itemListElement":[{"@type":"ListItem","position":1,"name":"Inicio","item":"https:\/\/fuentesfidedignas.com.mx\/"},{"@type":"ListItem","position":2,"name":"Denuncian ante FGR a exfiscal de Sinaloa y Rocha Moya por caso de &#8220;El Mayo&#8221; y H\u00e9ctor Cu\u00e9n Ojeda"}]},{"@type":"WebSite","@id":"https:\/\/fuentesfidedignas.com.mx\/#website","url":"https:\/\/fuentesfidedignas.com.mx\/","name":"Fuentes Fidedignas","description":"Otro sitio realizado con WordPress","publisher":{"@id":"https:\/\/fuentesfidedignas.com.mx\/#organization"},"potentialAction":[{"@type":"SearchAction","target":{"@type":"EntryPoint","urlTemplate":"https:\/\/fuentesfidedignas.com.mx\/?s={search_term_string}"},"query-input":{"@type":"PropertyValueSpecification","valueRequired":true,"valueName":"search_term_string"}}],"inLanguage":"es"},{"@type":"Organization","@id":"https:\/\/fuentesfidedignas.com.mx\/#organization","name":"Fuentes Fidedignas","url":"https:\/\/fuentesfidedignas.com.mx\/","logo":{"@type":"ImageObject","inLanguage":"es","@id":"https:\/\/fuentesfidedignas.com.mx\/#\/schema\/logo\/image\/","url":"https:\/\/fuentesfidedignas.com.mx\/wp-content\/uploads\/2021\/04\/logo-retina.png","contentUrl":"https:\/\/fuentesfidedignas.com.mx\/wp-content\/uploads\/2021\/04\/logo-retina.png","width":280,"height":51,"caption":"Fuentes Fidedignas"},"image":{"@id":"https:\/\/fuentesfidedignas.com.mx\/#\/schema\/logo\/image\/"},"sameAs":["https:\/\/www.facebook.com\/Fuentes-Fidedignas-368234489921644","https:\/\/x.com\/fidedignas"]},{"@type":"Person","@id":"https:\/\/fuentesfidedignas.com.mx\/#\/schema\/person\/8575896a7c1067d352f6c1cd6582c389","name":"Infobae","image":{"@type":"ImageObject","inLanguage":"es","@id":"https:\/\/secure.gravatar.com\/avatar\/e4ec95706f8d1670343f6526fdcec45474bab17475a851434a64ca12b5acba1c?s=96&d=mm&r=g","url":"https:\/\/secure.gravatar.com\/avatar\/e4ec95706f8d1670343f6526fdcec45474bab17475a851434a64ca12b5acba1c?s=96&d=mm&r=g","contentUrl":"https:\/\/secure.gravatar.com\/avatar\/e4ec95706f8d1670343f6526fdcec45474bab17475a851434a64ca12b5acba1c?s=96&d=mm&r=g","caption":"Infobae"},"url":"https:\/\/fuentesfidedignas.com.mx\/index.php\/author\/infobae\/"}]}},"_links":{"self":[{"href":"https:\/\/fuentesfidedignas.com.mx\/index.php\/wp-json\/wp\/v2\/posts\/89172","targetHints":{"allow":["GET"]}}],"collection":[{"href":"https:\/\/fuentesfidedignas.com.mx\/index.php\/wp-json\/wp\/v2\/posts"}],"about":[{"href":"https:\/\/fuentesfidedignas.com.mx\/index.php\/wp-json\/wp\/v2\/types\/post"}],"author":[{"embeddable":true,"href":"https:\/\/fuentesfidedignas.com.mx\/index.php\/wp-json\/wp\/v2\/users\/41"}],"replies":[{"embeddable":true,"href":"https:\/\/fuentesfidedignas.com.mx\/index.php\/wp-json\/wp\/v2\/comments?post=89172"}],"version-history":[{"count":3,"href":"https:\/\/fuentesfidedignas.com.mx\/index.php\/wp-json\/wp\/v2\/posts\/89172\/revisions"}],"predecessor-version":[{"id":89183,"href":"https:\/\/fuentesfidedignas.com.mx\/index.php\/wp-json\/wp\/v2\/posts\/89172\/revisions\/89183"}],"wp:featuredmedia":[{"embeddable":true,"href":"https:\/\/fuentesfidedignas.com.mx\/index.php\/wp-json\/wp\/v2\/media\/89173"}],"wp:attachment":[{"href":"https:\/\/fuentesfidedignas.com.mx\/index.php\/wp-json\/wp\/v2\/media?parent=89172"}],"wp:term":[{"taxonomy":"category","embeddable":true,"href":"https:\/\/fuentesfidedignas.com.mx\/index.php\/wp-json\/wp\/v2\/categories?post=89172"},{"taxonomy":"post_tag","embeddable":true,"href":"https:\/\/fuentesfidedignas.com.mx\/index.php\/wp-json\/wp\/v2\/tags?post=89172"}],"curies":[{"name":"wp","href":"https:\/\/api.w.org\/{rel}","templated":true}]}}