{"id":89103,"date":"2024-08-19T19:17:13","date_gmt":"2024-08-20T02:17:13","guid":{"rendered":"https:\/\/fuentesfidedignas.com.mx\/?p=89103"},"modified":"2024-08-19T19:17:13","modified_gmt":"2024-08-20T02:17:13","slug":"nadie-nos-presiona-para-hacer-el-paro-no-somos-paleros-vocera-de-trabajadores-del-poder-judicial","status":"publish","type":"post","link":"https:\/\/fuentesfidedignas.com.mx\/index.php\/2024\/08\/19\/nadie-nos-presiona-para-hacer-el-paro-no-somos-paleros-vocera-de-trabajadores-del-poder-judicial\/","title":{"rendered":"\u201cNadie nos presiona para hacer el paro, no somos paleros\u201d: vocera de trabajadores del Poder Judicial"},"content":{"rendered":"\n<p><strong><em>Patricia Aguayo Bernal dej\u00f3 en claro que ning\u00fan juez, magistrado o ministro los presiona para realizar el paro de labores en contra de la reforma judicial<\/em><\/strong><\/p>\n\n\n\n<p>Ciudad de M\u00e9xico.- Patricia Aguayo Bernal, vocera de los&nbsp;trabajadores&nbsp;del&nbsp;Poder Judicial de la Federaci\u00f3n&nbsp;(PJF), y secretaria del D\u00e9cimo Tribunal Colegiado en Materia de Trabajo del Primer Circuito, dej\u00f3 en claro que ning\u00fan juez, magistrado o ministro los presiona para realizar el&nbsp;paro de labores&nbsp;en contra de la&nbsp;reforma judicial&nbsp;que impulsa el presidente&nbsp;Andr\u00e9s Manuel L\u00f3pez Obrador.<\/p>\n\n\n\n<p class=\"p1\">Aguayo Bernal, quien tiene 22 a\u00f1os de carrera en el Poder Judicial de la Federaci\u00f3n, asegur\u00f3 en entrevista con&nbsp;<strong>Joaqu\u00edn L\u00f3pez-D\u00f3riga<\/strong>&nbsp;para su espacio en&nbsp;<strong>Radio F\u00f3rmula<\/strong>&nbsp;que est\u00e1n plenamente convencidos de realizar esta acci\u00f3n para defender sus derechos contra la iniciativa de L\u00f3pez Obrador.<\/p>\n\n\n\n<p>\u201cEscuch\u00e9 su mensaje, nos dice paleros, y nosotros no estamos siendo presionados, obligados ni manipulados ni por ministros, jueces o magistrados. Todos los trabajadores del Poder Judicial de la Federaci\u00f3n estamos llevando a cabo esta actividad de manera convencida, por nuestro propio criterio, y es algo que estamos preparado desde hace tiempo\u201d, se\u00f1al\u00f3.<\/p>\n\n\n\n<blockquote class=\"wp-block-quote is-layout-flow wp-block-quote-is-layout-flow\">\n<p>La hemos analizado a profundidad, no es necesario que ning\u00fan juez magistrado o ministro nos abra los ojos como para que nos oriente o nos exija de alguna manera a hacer algo para defender nuestra integridad laboral o institucional\u201d, dijo.<\/p>\n<\/blockquote>\n\n\n\n<p>\u201cHoy hemos salido a protestar por lo que justamente ya se conoce: la reforma al PJF, por la afectaci\u00f3n a nuestros derechos laborales y porque consideramos que esta reforma lejos de beneficiara la impartici\u00f3n de justicia en M\u00e9xico, no va a resolver ninguno de los problemas que se tienen hasta hoy\u201d, expres\u00f3.<\/p>\n\n\n\n<p>Hasta el momento,<strong><a href=\"https:\/\/lopezdoriga.com\/nacional\/trabajadores-poder-judicial-van-paro-labores-16-estados-contra-reforma-amlo\/\" target=\"_blank\" rel=\"noreferrer noopener\">&nbsp;16 estados<\/a><\/strong>&nbsp;se han sumado al&nbsp;<strong>paro de labores<\/strong>&nbsp;en el&nbsp;<strong>Poder Judicial<\/strong>, en respuesta a la iniciativa de reforma a dicho sector que impulsa el presidente&nbsp;<strong>Andr\u00e9s Manuel L\u00f3pez Obrador<\/strong>&nbsp;en el Congreso.<\/p>\n\n\n\n<p>La Asociaci\u00f3n Nacional de Magistrados de Circuito y Jueces de Distrito del Poder Judicial de la Federaci\u00f3n (Jufed) realiza en este momento la votaci\u00f3n para realizar este paro de labores a partir del primer minuto del mi\u00e9rcoles 21 de agosto en protesta por la reforma judicial.<\/p>\n\n\n\n<p>El mandatario mexicano afirm\u00f3 esta ma\u00f1ana que los trabajadores del Poder Judicial que se unan a dicho paro est\u00e1n en su derecho a hacerlo, pero les acus\u00f3 de servir de \u201cpaleros\u201d (aquellos que ayudan a hacer trampas o acciones fraudulentas) de quienes forman parte de la corrupci\u00f3n y est\u00e1n en contra de su reforma judicial.<\/p>\n\n\n\n<p>Preguntado sobre el paro que algunos trabajadores estatales comenzaron en el primer minuto de este lunes, y que el mi\u00e9rcoles podr\u00eda ser nacional, en respuesta a la reforma para elegir a jueces por voto popular, afirm\u00f3 que existe desinformaci\u00f3n sobre la iniciativa y dijo que se informar\u00e1 al respecto.<\/p>\n\n\n\n<p>\u201cSi teniendo esa informaci\u00f3n, que la tienen ellos, deciden ir a huelga, tambi\u00e9n est\u00e1n en su derecho, nada m\u00e1s que van a servir de paleros a quienes forman parte la corrupci\u00f3n en el Poder Judicial\u201d, indic\u00f3.<\/p>\n\n\n\n<p>Patricia Aguayo afirm\u00f3 que el presidente L\u00f3pez Obrador ha tenido un mensaje de odio en contra de los integrantes del Poder Judicial, los cuales pueden derivar en agresiones a jueces, magistrados y ministros de la Suprema Corte.<\/p>\n\n\n\n<p>\u201cEs un mensaje de odio que no se ha cansado de decir durante estos seis a\u00f1os, pero hasta hoy no hay ninguna carpeta de investigaci\u00f3n abierta en contra de alg\u00fan juez, magistrado o ministro, ning\u00fan tipo de pruebas que avalen los dichos del se\u00f1or presidente. Todo lo que \u00e9l afirma no es verdadero\u201d, manifest\u00f3.<\/p>\n\n\n\n<p>\u201cNo hay un solo acto de corrupci\u00f3n que se haya demostrado hasta este momento, no niego que puedan existir, pero de verdad que&nbsp; lo prueben, que se logre acreditar que hay gente corrupta, porque aqu\u00ed generalizan: todo el Poder Judicial de la Federaci\u00f3n es corrupto, y eso es una gran mentira\u201d, reiter\u00f3.<\/p>\n\n\n\n<blockquote class=\"wp-block-quote is-layout-flow wp-block-quote-is-layout-flow\">\n<p>Esos son los calificativos que recibimos durante seis a\u00f1os, un mensaje de odio, abonado con videos en parques p\u00fablicos, agrediendo a un juez, avent\u00e1ndole pelotas, que si un d\u00eda de estos las personas de morena llevan a cabo algo as\u00ed y cambian las pelotas por piedras o por balas imag\u00ednate la tragedia\u201d, asever\u00f3.<\/p>\n<\/blockquote>\n","protected":false},"excerpt":{"rendered":"<p>Patricia Aguayo Bernal dej\u00f3 en claro que ning\u00fan juez, magistrado o ministro los presiona para realizar el paro de labores en contra de la reforma judicial Ciudad de M\u00e9xico.- Patricia Aguayo Bernal, vocera de los&nbsp;trabajadores&nbsp;del&nbsp;Poder Judicial de la Federaci\u00f3n&nbsp;(PJF), y secretaria del D\u00e9cimo Tribunal Colegiado en Materia de Trabajo del Primer Circuito, dej\u00f3 en claro [&hellip;]<\/p>\n","protected":false},"author":47,"featured_media":89102,"comment_status":"closed","ping_status":"open","sticky":false,"template":"","format":"standard","meta":{"tdm_status":"","tdm_grid_status":"","footnotes":""},"categories":[39],"tags":[],"class_list":{"0":"post-89103","1":"post","2":"type-post","3":"status-publish","4":"format-standard","5":"has-post-thumbnail","7":"category-noticias-nacionales"},"yoast_head":"<!-- This site is optimized with the Yoast SEO plugin v27.5 - https:\/\/yoast.com\/product\/yoast-seo-wordpress\/ -->\n<title>\u201cNadie nos presiona para hacer el paro, no somos paleros\u201d: vocera de trabajadores del Poder Judicial - Fuentes Fidedignas<\/title>\n<meta name=\"robots\" content=\"index, follow, max-snippet:-1, max-image-preview:large, max-video-preview:-1\" \/>\n<link rel=\"canonical\" href=\"https:\/\/fuentesfidedignas.com.mx\/index.php\/2024\/08\/19\/nadie-nos-presiona-para-hacer-el-paro-no-somos-paleros-vocera-de-trabajadores-del-poder-judicial\/\" \/>\n<meta property=\"og:locale\" content=\"es_MX\" \/>\n<meta property=\"og:type\" content=\"article\" \/>\n<meta property=\"og:title\" content=\"\u201cNadie nos presiona para hacer el paro, no somos paleros\u201d: vocera de trabajadores del Poder Judicial - Fuentes Fidedignas\" \/>\n<meta property=\"og:description\" content=\"Patricia Aguayo Bernal dej\u00f3 en claro que ning\u00fan juez, magistrado o ministro los presiona para realizar el paro de labores en contra de la reforma judicial Ciudad de M\u00e9xico.- Patricia Aguayo Bernal, vocera de los&nbsp;trabajadores&nbsp;del&nbsp;Poder Judicial de la Federaci\u00f3n&nbsp;(PJF), y secretaria del D\u00e9cimo Tribunal Colegiado en Materia de Trabajo del Primer Circuito, dej\u00f3 en claro [&hellip;]\" \/>\n<meta property=\"og:url\" content=\"https:\/\/fuentesfidedignas.com.mx\/index.php\/2024\/08\/19\/nadie-nos-presiona-para-hacer-el-paro-no-somos-paleros-vocera-de-trabajadores-del-poder-judicial\/\" \/>\n<meta property=\"og:site_name\" content=\"Fuentes Fidedignas\" \/>\n<meta property=\"article:publisher\" content=\"https:\/\/www.facebook.com\/Fuentes-Fidedignas-368234489921644\" \/>\n<meta property=\"article:published_time\" content=\"2024-08-20T02:17:13+00:00\" \/>\n<meta property=\"og:image\" content=\"https:\/\/fuentesfidedignas.com.mx\/wp-content\/uploads\/2024\/08\/img_4477-1.jpg\" \/>\n\t<meta property=\"og:image:width\" content=\"1536\" \/>\n\t<meta property=\"og:image:height\" content=\"1024\" \/>\n\t<meta property=\"og:image:type\" content=\"image\/jpeg\" \/>\n<meta name=\"author\" content=\"L\u00f3pez D\u00f3riga\" \/>\n<meta name=\"twitter:card\" content=\"summary_large_image\" \/>\n<meta name=\"twitter:creator\" content=\"@fidedignas\" \/>\n<meta name=\"twitter:site\" content=\"@fidedignas\" \/>\n<meta name=\"twitter:label1\" content=\"Escrito por\" \/>\n\t<meta name=\"twitter:data1\" content=\"L\u00f3pez D\u00f3riga\" \/>\n\t<meta name=\"twitter:label2\" content=\"Tiempo de lectura\" \/>\n\t<meta name=\"twitter:data2\" content=\"4 minutos\" \/>\n<script type=\"application\/ld+json\" class=\"yoast-schema-graph\">{\"@context\":\"https:\\\/\\\/schema.org\",\"@graph\":[{\"@type\":\"Article\",\"@id\":\"https:\\\/\\\/fuentesfidedignas.com.mx\\\/index.php\\\/2024\\\/08\\\/19\\\/nadie-nos-presiona-para-hacer-el-paro-no-somos-paleros-vocera-de-trabajadores-del-poder-judicial\\\/#article\",\"isPartOf\":{\"@id\":\"https:\\\/\\\/fuentesfidedignas.com.mx\\\/index.php\\\/2024\\\/08\\\/19\\\/nadie-nos-presiona-para-hacer-el-paro-no-somos-paleros-vocera-de-trabajadores-del-poder-judicial\\\/\"},\"author\":{\"name\":\"L\u00f3pez D\u00f3riga\",\"@id\":\"https:\\\/\\\/fuentesfidedignas.com.mx\\\/#\\\/schema\\\/person\\\/67d852f0557c8509146a4b9ddebd543a\"},\"headline\":\"\u201cNadie nos presiona para hacer el paro, no somos paleros\u201d: vocera de trabajadores del Poder Judicial\",\"datePublished\":\"2024-08-20T02:17:13+00:00\",\"mainEntityOfPage\":{\"@id\":\"https:\\\/\\\/fuentesfidedignas.com.mx\\\/index.php\\\/2024\\\/08\\\/19\\\/nadie-nos-presiona-para-hacer-el-paro-no-somos-paleros-vocera-de-trabajadores-del-poder-judicial\\\/\"},\"wordCount\":784,\"publisher\":{\"@id\":\"https:\\\/\\\/fuentesfidedignas.com.mx\\\/#organization\"},\"image\":{\"@id\":\"https:\\\/\\\/fuentesfidedignas.com.mx\\\/index.php\\\/2024\\\/08\\\/19\\\/nadie-nos-presiona-para-hacer-el-paro-no-somos-paleros-vocera-de-trabajadores-del-poder-judicial\\\/#primaryimage\"},\"thumbnailUrl\":\"https:\\\/\\\/fuentesfidedignas.com.mx\\\/wp-content\\\/uploads\\\/2024\\\/08\\\/img_4477-1.jpg\",\"articleSection\":[\"NOTICIAS NACIONALES\"],\"inLanguage\":\"es\"},{\"@type\":\"WebPage\",\"@id\":\"https:\\\/\\\/fuentesfidedignas.com.mx\\\/index.php\\\/2024\\\/08\\\/19\\\/nadie-nos-presiona-para-hacer-el-paro-no-somos-paleros-vocera-de-trabajadores-del-poder-judicial\\\/\",\"url\":\"https:\\\/\\\/fuentesfidedignas.com.mx\\\/index.php\\\/2024\\\/08\\\/19\\\/nadie-nos-presiona-para-hacer-el-paro-no-somos-paleros-vocera-de-trabajadores-del-poder-judicial\\\/\",\"name\":\"\u201cNadie nos presiona para hacer el paro, no somos paleros\u201d: vocera de trabajadores del Poder Judicial - Fuentes Fidedignas\",\"isPartOf\":{\"@id\":\"https:\\\/\\\/fuentesfidedignas.com.mx\\\/#website\"},\"primaryImageOfPage\":{\"@id\":\"https:\\\/\\\/fuentesfidedignas.com.mx\\\/index.php\\\/2024\\\/08\\\/19\\\/nadie-nos-presiona-para-hacer-el-paro-no-somos-paleros-vocera-de-trabajadores-del-poder-judicial\\\/#primaryimage\"},\"image\":{\"@id\":\"https:\\\/\\\/fuentesfidedignas.com.mx\\\/index.php\\\/2024\\\/08\\\/19\\\/nadie-nos-presiona-para-hacer-el-paro-no-somos-paleros-vocera-de-trabajadores-del-poder-judicial\\\/#primaryimage\"},\"thumbnailUrl\":\"https:\\\/\\\/fuentesfidedignas.com.mx\\\/wp-content\\\/uploads\\\/2024\\\/08\\\/img_4477-1.jpg\",\"datePublished\":\"2024-08-20T02:17:13+00:00\",\"breadcrumb\":{\"@id\":\"https:\\\/\\\/fuentesfidedignas.com.mx\\\/index.php\\\/2024\\\/08\\\/19\\\/nadie-nos-presiona-para-hacer-el-paro-no-somos-paleros-vocera-de-trabajadores-del-poder-judicial\\\/#breadcrumb\"},\"inLanguage\":\"es\",\"potentialAction\":[{\"@type\":\"ReadAction\",\"target\":[\"https:\\\/\\\/fuentesfidedignas.com.mx\\\/index.php\\\/2024\\\/08\\\/19\\\/nadie-nos-presiona-para-hacer-el-paro-no-somos-paleros-vocera-de-trabajadores-del-poder-judicial\\\/\"]}]},{\"@type\":\"ImageObject\",\"inLanguage\":\"es\",\"@id\":\"https:\\\/\\\/fuentesfidedignas.com.mx\\\/index.php\\\/2024\\\/08\\\/19\\\/nadie-nos-presiona-para-hacer-el-paro-no-somos-paleros-vocera-de-trabajadores-del-poder-judicial\\\/#primaryimage\",\"url\":\"https:\\\/\\\/fuentesfidedignas.com.mx\\\/wp-content\\\/uploads\\\/2024\\\/08\\\/img_4477-1.jpg\",\"contentUrl\":\"https:\\\/\\\/fuentesfidedignas.com.mx\\\/wp-content\\\/uploads\\\/2024\\\/08\\\/img_4477-1.jpg\",\"width\":1536,\"height\":1024},{\"@type\":\"BreadcrumbList\",\"@id\":\"https:\\\/\\\/fuentesfidedignas.com.mx\\\/index.php\\\/2024\\\/08\\\/19\\\/nadie-nos-presiona-para-hacer-el-paro-no-somos-paleros-vocera-de-trabajadores-del-poder-judicial\\\/#breadcrumb\",\"itemListElement\":[{\"@type\":\"ListItem\",\"position\":1,\"name\":\"Inicio\",\"item\":\"https:\\\/\\\/fuentesfidedignas.com.mx\\\/\"},{\"@type\":\"ListItem\",\"position\":2,\"name\":\"\u201cNadie nos presiona para hacer el paro, no somos paleros\u201d: vocera de trabajadores del Poder Judicial\"}]},{\"@type\":\"WebSite\",\"@id\":\"https:\\\/\\\/fuentesfidedignas.com.mx\\\/#website\",\"url\":\"https:\\\/\\\/fuentesfidedignas.com.mx\\\/\",\"name\":\"Fuentes Fidedignas\",\"description\":\"Otro sitio realizado con WordPress\",\"publisher\":{\"@id\":\"https:\\\/\\\/fuentesfidedignas.com.mx\\\/#organization\"},\"potentialAction\":[{\"@type\":\"SearchAction\",\"target\":{\"@type\":\"EntryPoint\",\"urlTemplate\":\"https:\\\/\\\/fuentesfidedignas.com.mx\\\/?s={search_term_string}\"},\"query-input\":{\"@type\":\"PropertyValueSpecification\",\"valueRequired\":true,\"valueName\":\"search_term_string\"}}],\"inLanguage\":\"es\"},{\"@type\":\"Organization\",\"@id\":\"https:\\\/\\\/fuentesfidedignas.com.mx\\\/#organization\",\"name\":\"Fuentes Fidedignas\",\"url\":\"https:\\\/\\\/fuentesfidedignas.com.mx\\\/\",\"logo\":{\"@type\":\"ImageObject\",\"inLanguage\":\"es\",\"@id\":\"https:\\\/\\\/fuentesfidedignas.com.mx\\\/#\\\/schema\\\/logo\\\/image\\\/\",\"url\":\"https:\\\/\\\/fuentesfidedignas.com.mx\\\/wp-content\\\/uploads\\\/2021\\\/04\\\/logo-retina.png\",\"contentUrl\":\"https:\\\/\\\/fuentesfidedignas.com.mx\\\/wp-content\\\/uploads\\\/2021\\\/04\\\/logo-retina.png\",\"width\":280,\"height\":51,\"caption\":\"Fuentes Fidedignas\"},\"image\":{\"@id\":\"https:\\\/\\\/fuentesfidedignas.com.mx\\\/#\\\/schema\\\/logo\\\/image\\\/\"},\"sameAs\":[\"https:\\\/\\\/www.facebook.com\\\/Fuentes-Fidedignas-368234489921644\",\"https:\\\/\\\/x.com\\\/fidedignas\"]},{\"@type\":\"Person\",\"@id\":\"https:\\\/\\\/fuentesfidedignas.com.mx\\\/#\\\/schema\\\/person\\\/67d852f0557c8509146a4b9ddebd543a\",\"name\":\"L\u00f3pez D\u00f3riga\",\"image\":{\"@type\":\"ImageObject\",\"inLanguage\":\"es\",\"@id\":\"https:\\\/\\\/secure.gravatar.com\\\/avatar\\\/e525b06574ca18b33cded59dfe5778d6c823b9513154eff47da551b0551bdd1e?s=96&d=mm&r=g\",\"url\":\"https:\\\/\\\/secure.gravatar.com\\\/avatar\\\/e525b06574ca18b33cded59dfe5778d6c823b9513154eff47da551b0551bdd1e?s=96&d=mm&r=g\",\"contentUrl\":\"https:\\\/\\\/secure.gravatar.com\\\/avatar\\\/e525b06574ca18b33cded59dfe5778d6c823b9513154eff47da551b0551bdd1e?s=96&d=mm&r=g\",\"caption\":\"L\u00f3pez D\u00f3riga\"},\"url\":\"https:\\\/\\\/fuentesfidedignas.com.mx\\\/index.php\\\/author\\\/doriga\\\/\"}]}<\/script>\n<!-- \/ Yoast SEO plugin. -->","yoast_head_json":{"title":"\u201cNadie nos presiona para hacer el paro, no somos paleros\u201d: vocera de trabajadores del Poder Judicial - Fuentes Fidedignas","robots":{"index":"index","follow":"follow","max-snippet":"max-snippet:-1","max-image-preview":"max-image-preview:large","max-video-preview":"max-video-preview:-1"},"canonical":"https:\/\/fuentesfidedignas.com.mx\/index.php\/2024\/08\/19\/nadie-nos-presiona-para-hacer-el-paro-no-somos-paleros-vocera-de-trabajadores-del-poder-judicial\/","og_locale":"es_MX","og_type":"article","og_title":"\u201cNadie nos presiona para hacer el paro, no somos paleros\u201d: vocera de trabajadores del Poder Judicial - Fuentes Fidedignas","og_description":"Patricia Aguayo Bernal dej\u00f3 en claro que ning\u00fan juez, magistrado o ministro los presiona para realizar el paro de labores en contra de la reforma judicial Ciudad de M\u00e9xico.- Patricia Aguayo Bernal, vocera de los&nbsp;trabajadores&nbsp;del&nbsp;Poder Judicial de la Federaci\u00f3n&nbsp;(PJF), y secretaria del D\u00e9cimo Tribunal Colegiado en Materia de Trabajo del Primer Circuito, dej\u00f3 en claro [&hellip;]","og_url":"https:\/\/fuentesfidedignas.com.mx\/index.php\/2024\/08\/19\/nadie-nos-presiona-para-hacer-el-paro-no-somos-paleros-vocera-de-trabajadores-del-poder-judicial\/","og_site_name":"Fuentes Fidedignas","article_publisher":"https:\/\/www.facebook.com\/Fuentes-Fidedignas-368234489921644","article_published_time":"2024-08-20T02:17:13+00:00","og_image":[{"width":1536,"height":1024,"url":"https:\/\/fuentesfidedignas.com.mx\/wp-content\/uploads\/2024\/08\/img_4477-1.jpg","type":"image\/jpeg"}],"author":"L\u00f3pez D\u00f3riga","twitter_card":"summary_large_image","twitter_creator":"@fidedignas","twitter_site":"@fidedignas","twitter_misc":{"Escrito por":"L\u00f3pez D\u00f3riga","Tiempo de lectura":"4 minutos"},"schema":{"@context":"https:\/\/schema.org","@graph":[{"@type":"Article","@id":"https:\/\/fuentesfidedignas.com.mx\/index.php\/2024\/08\/19\/nadie-nos-presiona-para-hacer-el-paro-no-somos-paleros-vocera-de-trabajadores-del-poder-judicial\/#article","isPartOf":{"@id":"https:\/\/fuentesfidedignas.com.mx\/index.php\/2024\/08\/19\/nadie-nos-presiona-para-hacer-el-paro-no-somos-paleros-vocera-de-trabajadores-del-poder-judicial\/"},"author":{"name":"L\u00f3pez D\u00f3riga","@id":"https:\/\/fuentesfidedignas.com.mx\/#\/schema\/person\/67d852f0557c8509146a4b9ddebd543a"},"headline":"\u201cNadie nos presiona para hacer el paro, no somos paleros\u201d: vocera de trabajadores del Poder Judicial","datePublished":"2024-08-20T02:17:13+00:00","mainEntityOfPage":{"@id":"https:\/\/fuentesfidedignas.com.mx\/index.php\/2024\/08\/19\/nadie-nos-presiona-para-hacer-el-paro-no-somos-paleros-vocera-de-trabajadores-del-poder-judicial\/"},"wordCount":784,"publisher":{"@id":"https:\/\/fuentesfidedignas.com.mx\/#organization"},"image":{"@id":"https:\/\/fuentesfidedignas.com.mx\/index.php\/2024\/08\/19\/nadie-nos-presiona-para-hacer-el-paro-no-somos-paleros-vocera-de-trabajadores-del-poder-judicial\/#primaryimage"},"thumbnailUrl":"https:\/\/fuentesfidedignas.com.mx\/wp-content\/uploads\/2024\/08\/img_4477-1.jpg","articleSection":["NOTICIAS NACIONALES"],"inLanguage":"es"},{"@type":"WebPage","@id":"https:\/\/fuentesfidedignas.com.mx\/index.php\/2024\/08\/19\/nadie-nos-presiona-para-hacer-el-paro-no-somos-paleros-vocera-de-trabajadores-del-poder-judicial\/","url":"https:\/\/fuentesfidedignas.com.mx\/index.php\/2024\/08\/19\/nadie-nos-presiona-para-hacer-el-paro-no-somos-paleros-vocera-de-trabajadores-del-poder-judicial\/","name":"\u201cNadie nos presiona para hacer el paro, no somos paleros\u201d: vocera de trabajadores del Poder Judicial - Fuentes Fidedignas","isPartOf":{"@id":"https:\/\/fuentesfidedignas.com.mx\/#website"},"primaryImageOfPage":{"@id":"https:\/\/fuentesfidedignas.com.mx\/index.php\/2024\/08\/19\/nadie-nos-presiona-para-hacer-el-paro-no-somos-paleros-vocera-de-trabajadores-del-poder-judicial\/#primaryimage"},"image":{"@id":"https:\/\/fuentesfidedignas.com.mx\/index.php\/2024\/08\/19\/nadie-nos-presiona-para-hacer-el-paro-no-somos-paleros-vocera-de-trabajadores-del-poder-judicial\/#primaryimage"},"thumbnailUrl":"https:\/\/fuentesfidedignas.com.mx\/wp-content\/uploads\/2024\/08\/img_4477-1.jpg","datePublished":"2024-08-20T02:17:13+00:00","breadcrumb":{"@id":"https:\/\/fuentesfidedignas.com.mx\/index.php\/2024\/08\/19\/nadie-nos-presiona-para-hacer-el-paro-no-somos-paleros-vocera-de-trabajadores-del-poder-judicial\/#breadcrumb"},"inLanguage":"es","potentialAction":[{"@type":"ReadAction","target":["https:\/\/fuentesfidedignas.com.mx\/index.php\/2024\/08\/19\/nadie-nos-presiona-para-hacer-el-paro-no-somos-paleros-vocera-de-trabajadores-del-poder-judicial\/"]}]},{"@type":"ImageObject","inLanguage":"es","@id":"https:\/\/fuentesfidedignas.com.mx\/index.php\/2024\/08\/19\/nadie-nos-presiona-para-hacer-el-paro-no-somos-paleros-vocera-de-trabajadores-del-poder-judicial\/#primaryimage","url":"https:\/\/fuentesfidedignas.com.mx\/wp-content\/uploads\/2024\/08\/img_4477-1.jpg","contentUrl":"https:\/\/fuentesfidedignas.com.mx\/wp-content\/uploads\/2024\/08\/img_4477-1.jpg","width":1536,"height":1024},{"@type":"BreadcrumbList","@id":"https:\/\/fuentesfidedignas.com.mx\/index.php\/2024\/08\/19\/nadie-nos-presiona-para-hacer-el-paro-no-somos-paleros-vocera-de-trabajadores-del-poder-judicial\/#breadcrumb","itemListElement":[{"@type":"ListItem","position":1,"name":"Inicio","item":"https:\/\/fuentesfidedignas.com.mx\/"},{"@type":"ListItem","position":2,"name":"\u201cNadie nos presiona para hacer el paro, no somos paleros\u201d: vocera de trabajadores del Poder Judicial"}]},{"@type":"WebSite","@id":"https:\/\/fuentesfidedignas.com.mx\/#website","url":"https:\/\/fuentesfidedignas.com.mx\/","name":"Fuentes Fidedignas","description":"Otro sitio realizado con WordPress","publisher":{"@id":"https:\/\/fuentesfidedignas.com.mx\/#organization"},"potentialAction":[{"@type":"SearchAction","target":{"@type":"EntryPoint","urlTemplate":"https:\/\/fuentesfidedignas.com.mx\/?s={search_term_string}"},"query-input":{"@type":"PropertyValueSpecification","valueRequired":true,"valueName":"search_term_string"}}],"inLanguage":"es"},{"@type":"Organization","@id":"https:\/\/fuentesfidedignas.com.mx\/#organization","name":"Fuentes Fidedignas","url":"https:\/\/fuentesfidedignas.com.mx\/","logo":{"@type":"ImageObject","inLanguage":"es","@id":"https:\/\/fuentesfidedignas.com.mx\/#\/schema\/logo\/image\/","url":"https:\/\/fuentesfidedignas.com.mx\/wp-content\/uploads\/2021\/04\/logo-retina.png","contentUrl":"https:\/\/fuentesfidedignas.com.mx\/wp-content\/uploads\/2021\/04\/logo-retina.png","width":280,"height":51,"caption":"Fuentes Fidedignas"},"image":{"@id":"https:\/\/fuentesfidedignas.com.mx\/#\/schema\/logo\/image\/"},"sameAs":["https:\/\/www.facebook.com\/Fuentes-Fidedignas-368234489921644","https:\/\/x.com\/fidedignas"]},{"@type":"Person","@id":"https:\/\/fuentesfidedignas.com.mx\/#\/schema\/person\/67d852f0557c8509146a4b9ddebd543a","name":"L\u00f3pez D\u00f3riga","image":{"@type":"ImageObject","inLanguage":"es","@id":"https:\/\/secure.gravatar.com\/avatar\/e525b06574ca18b33cded59dfe5778d6c823b9513154eff47da551b0551bdd1e?s=96&d=mm&r=g","url":"https:\/\/secure.gravatar.com\/avatar\/e525b06574ca18b33cded59dfe5778d6c823b9513154eff47da551b0551bdd1e?s=96&d=mm&r=g","contentUrl":"https:\/\/secure.gravatar.com\/avatar\/e525b06574ca18b33cded59dfe5778d6c823b9513154eff47da551b0551bdd1e?s=96&d=mm&r=g","caption":"L\u00f3pez D\u00f3riga"},"url":"https:\/\/fuentesfidedignas.com.mx\/index.php\/author\/doriga\/"}]}},"_links":{"self":[{"href":"https:\/\/fuentesfidedignas.com.mx\/index.php\/wp-json\/wp\/v2\/posts\/89103","targetHints":{"allow":["GET"]}}],"collection":[{"href":"https:\/\/fuentesfidedignas.com.mx\/index.php\/wp-json\/wp\/v2\/posts"}],"about":[{"href":"https:\/\/fuentesfidedignas.com.mx\/index.php\/wp-json\/wp\/v2\/types\/post"}],"author":[{"embeddable":true,"href":"https:\/\/fuentesfidedignas.com.mx\/index.php\/wp-json\/wp\/v2\/users\/47"}],"replies":[{"embeddable":true,"href":"https:\/\/fuentesfidedignas.com.mx\/index.php\/wp-json\/wp\/v2\/comments?post=89103"}],"version-history":[{"count":1,"href":"https:\/\/fuentesfidedignas.com.mx\/index.php\/wp-json\/wp\/v2\/posts\/89103\/revisions"}],"predecessor-version":[{"id":89104,"href":"https:\/\/fuentesfidedignas.com.mx\/index.php\/wp-json\/wp\/v2\/posts\/89103\/revisions\/89104"}],"wp:featuredmedia":[{"embeddable":true,"href":"https:\/\/fuentesfidedignas.com.mx\/index.php\/wp-json\/wp\/v2\/media\/89102"}],"wp:attachment":[{"href":"https:\/\/fuentesfidedignas.com.mx\/index.php\/wp-json\/wp\/v2\/media?parent=89103"}],"wp:term":[{"taxonomy":"category","embeddable":true,"href":"https:\/\/fuentesfidedignas.com.mx\/index.php\/wp-json\/wp\/v2\/categories?post=89103"},{"taxonomy":"post_tag","embeddable":true,"href":"https:\/\/fuentesfidedignas.com.mx\/index.php\/wp-json\/wp\/v2\/tags?post=89103"}],"curies":[{"name":"wp","href":"https:\/\/api.w.org\/{rel}","templated":true}]}}