{"id":89033,"date":"2024-08-18T15:58:38","date_gmt":"2024-08-18T22:58:38","guid":{"rendered":"https:\/\/fuentesfidedignas.com.mx\/?p=89033"},"modified":"2024-08-19T06:10:39","modified_gmt":"2024-08-19T13:10:39","slug":"desaparece-sacerdote-isaias-ramirez-en-jalisco","status":"publish","type":"post","link":"https:\/\/fuentesfidedignas.com.mx\/index.php\/2024\/08\/18\/desaparece-sacerdote-isaias-ramirez-en-jalisco\/","title":{"rendered":"Desaparece sacerdote Isa\u00edas Ram\u00edrez en Jalisco"},"content":{"rendered":"\n<p><strong><em>El sacerdote Isa\u00edas Ram\u00edrez Gonz\u00e1lez fue visto por \u00faltima el 15 de agosto, \u201cy aparentemente no se encontraba bien de salud\u201d<\/em><\/strong><\/p>\n\n\n\n<p>La Fiscal\u00eda de Jalisco inform\u00f3 que ya investiga la desaparici\u00f3n del sacerdote Isa\u00edas Ram\u00edrez Gonz\u00e1lez.<\/p>\n\n\n\n<figure class=\"wp-block-embed is-type-rich is-provider-twitter wp-block-embed-twitter\"><div class=\"wp-block-embed__wrapper\">\n<blockquote class=\"twitter-tweet\" data-width=\"550\" data-dnt=\"true\"><p lang=\"es\" dir=\"ltr\">La Fiscal\u00eda Especial en Personas Desaparecidas  realiza trabajos de investigaci\u00f3n que permitan la localizaci\u00f3n del sacerdote Isa\u00edas Ram\u00edrez Gonz\u00e1lez, quien el d\u00eda de hoy fue denunciado como desaparecido.<br><br>La informaci\u00f3n \u27a1\ufe0f <a href=\"https:\/\/t.co\/yRR93vVKpb\">https:\/\/t.co\/yRR93vVKpb<\/a> <a href=\"https:\/\/t.co\/hZX7CDGMq0\">pic.twitter.com\/hZX7CDGMq0<\/a><\/p>&mdash; Fiscal\u00eda del Estado de Jalisco (@FiscaliaJal) <a href=\"https:\/\/twitter.com\/FiscaliaJal\/status\/1824916168202957186?ref_src=twsrc%5Etfw\">August 17, 2024<\/a><\/blockquote><script async src=\"https:\/\/platform.twitter.com\/widgets.js\" charset=\"utf-8\"><\/script>\n<\/div><\/figure>\n\n\n\n<p>Por medio de un comunicado en redes sociales, la autoridad de Jalisco expuso que el sacerdote Ram\u00edrez Gonz\u00e1lez fue visto por \u00faltima vez el jueves 15 de agosto en Guadalajara, \u201cy aparentemente no se encontraba bien de salud\u201d.<\/p>\n\n\n\n<p>La Fiscal\u00eda estatal tom\u00f3 conocimiento del caso y apunt\u00f3 que el agente del Ministerio P\u00fablico inici\u00f3 una carpeta de investigaci\u00f3n para que de manera coordinada se desplegar\u00e1n los operativos de b\u00fasqueda en diversas partes del \u00e1rea metropolitana, as\u00ed como en las inmediaciones donde radica la v\u00edctima.<\/p>\n\n\n\n<p>Se apunt\u00f3 que elementos de la Comisar\u00eda de Zapotlanejo y personal de Bomberos y Protecci\u00f3n Civil de Zapotlanejo localizaron la camioneta del sacerdote \u201csin huellas de violencia\u201d en las inmediaciones del Puente de San Fernando.<\/p>\n\n\n\n<p>Debido a lo anterior, grupos de b\u00fasqueda rondan la zona donde fue encontrado el veh\u00ecculo para la localizaci\u00f3n del presb\u00edtero.<\/p>\n\n\n\n<p>Isa\u00edas Ram\u00edrez Gonz\u00e1lez oficia misas en la colonia Jardines de los Poetas, en Guadalajara.<\/p>\n\n\n\n<iframe loading=\"lazy\" src=\"https:\/\/www.facebook.com\/plugins\/post.php?href=https%3A%2F%2Fwww.facebook.com%2Fpermalink.php%3Fstory_fbid%3Dpfbid021cwARDm6fYbhdBoQzPMViJ5ZPN3utWc1pSGGygys58U6Bzeben34x4NcKd6H49sl%26id%3D100064151576891&#038;show_text=true&#038;width=500\" width=\"500\" height=\"250\" style=\"border:none;overflow:hidden\" scrolling=\"no\" frameborder=\"0\" allowfullscreen=\"true\" allow=\"autoplay; clipboard-write; encrypted-media; picture-in-picture; web-share\"><\/iframe>\n\n\n\n<p>Por medio de redes sociales, el Templo Josefino de San Jos\u00e9 de los Poetas pidi\u00f3 difundir la fotograf\u00eda del sacerdote para su pronta localizaci\u00f3n.<\/p>\n\n\n\n<p>\u201cEl Pbro. Isa\u00edas no se encuentra bien de salud, lo que hace su desaparici\u00f3n a\u00fan m\u00e1s preocupante para todos nosotros. Su ausencia es profundamente sentida por sus familiares y por toda la comunidad Josefina, quienes estamos sumidos en la angustia y la incertidumbre\u201d, se apunt\u00f3 en redes sociales.<\/p>\n","protected":false},"excerpt":{"rendered":"<p>El sacerdote Isa\u00edas Ram\u00edrez Gonz\u00e1lez fue visto por \u00faltima el 15 de agosto, \u201cy aparentemente no se encontraba bien de salud\u201d La Fiscal\u00eda de Jalisco inform\u00f3 que ya investiga la desaparici\u00f3n del sacerdote Isa\u00edas Ram\u00edrez Gonz\u00e1lez. Por medio de un comunicado en redes sociales, la autoridad de Jalisco expuso que el sacerdote Ram\u00edrez Gonz\u00e1lez fue [&hellip;]<\/p>\n","protected":false},"author":47,"featured_media":89034,"comment_status":"open","ping_status":"open","sticky":false,"template":"","format":"standard","meta":{"tdm_status":"","tdm_grid_status":"","footnotes":""},"categories":[39],"tags":[],"class_list":{"0":"post-89033","1":"post","2":"type-post","3":"status-publish","4":"format-standard","5":"has-post-thumbnail","7":"category-noticias-nacionales"},"yoast_head":"<!-- This site is optimized with the Yoast SEO plugin v27.5 - https:\/\/yoast.com\/product\/yoast-seo-wordpress\/ -->\n<title>Desaparece sacerdote Isa\u00edas Ram\u00edrez en Jalisco - Fuentes Fidedignas<\/title>\n<meta name=\"robots\" content=\"index, follow, max-snippet:-1, max-image-preview:large, max-video-preview:-1\" \/>\n<link rel=\"canonical\" href=\"https:\/\/fuentesfidedignas.com.mx\/index.php\/2024\/08\/18\/desaparece-sacerdote-isaias-ramirez-en-jalisco\/\" \/>\n<meta property=\"og:locale\" content=\"es_MX\" \/>\n<meta property=\"og:type\" content=\"article\" \/>\n<meta property=\"og:title\" content=\"Desaparece sacerdote Isa\u00edas Ram\u00edrez en Jalisco - Fuentes Fidedignas\" \/>\n<meta property=\"og:description\" content=\"El sacerdote Isa\u00edas Ram\u00edrez Gonz\u00e1lez fue visto por \u00faltima el 15 de agosto, \u201cy aparentemente no se encontraba bien de salud\u201d La Fiscal\u00eda de Jalisco inform\u00f3 que ya investiga la desaparici\u00f3n del sacerdote Isa\u00edas Ram\u00edrez Gonz\u00e1lez. Por medio de un comunicado en redes sociales, la autoridad de Jalisco expuso que el sacerdote Ram\u00edrez Gonz\u00e1lez fue [&hellip;]\" \/>\n<meta property=\"og:url\" content=\"https:\/\/fuentesfidedignas.com.mx\/index.php\/2024\/08\/18\/desaparece-sacerdote-isaias-ramirez-en-jalisco\/\" \/>\n<meta property=\"og:site_name\" content=\"Fuentes Fidedignas\" \/>\n<meta property=\"article:publisher\" content=\"https:\/\/www.facebook.com\/Fuentes-Fidedignas-368234489921644\" \/>\n<meta property=\"article:published_time\" content=\"2024-08-18T22:58:38+00:00\" \/>\n<meta property=\"article:modified_time\" content=\"2024-08-19T13:10:39+00:00\" \/>\n<meta property=\"og:image\" content=\"https:\/\/fuentesfidedignas.com.mx\/wp-content\/uploads\/2024\/08\/sacerdote-isaias-ramirez-jalisco-1.jpg\" \/>\n\t<meta property=\"og:image:width\" content=\"650\" \/>\n\t<meta property=\"og:image:height\" content=\"433\" \/>\n\t<meta property=\"og:image:type\" content=\"image\/jpeg\" \/>\n<meta name=\"author\" content=\"L\u00f3pez D\u00f3riga\" \/>\n<meta name=\"twitter:card\" content=\"summary_large_image\" \/>\n<meta name=\"twitter:creator\" content=\"@fidedignas\" \/>\n<meta name=\"twitter:site\" content=\"@fidedignas\" \/>\n<meta name=\"twitter:label1\" content=\"Escrito por\" \/>\n\t<meta name=\"twitter:data1\" content=\"L\u00f3pez D\u00f3riga\" \/>\n\t<meta name=\"twitter:label2\" content=\"Tiempo de lectura\" \/>\n\t<meta name=\"twitter:data2\" content=\"2 minutos\" \/>\n<script type=\"application\/ld+json\" class=\"yoast-schema-graph\">{\"@context\":\"https:\\\/\\\/schema.org\",\"@graph\":[{\"@type\":\"Article\",\"@id\":\"https:\\\/\\\/fuentesfidedignas.com.mx\\\/index.php\\\/2024\\\/08\\\/18\\\/desaparece-sacerdote-isaias-ramirez-en-jalisco\\\/#article\",\"isPartOf\":{\"@id\":\"https:\\\/\\\/fuentesfidedignas.com.mx\\\/index.php\\\/2024\\\/08\\\/18\\\/desaparece-sacerdote-isaias-ramirez-en-jalisco\\\/\"},\"author\":{\"name\":\"L\u00f3pez D\u00f3riga\",\"@id\":\"https:\\\/\\\/fuentesfidedignas.com.mx\\\/#\\\/schema\\\/person\\\/67d852f0557c8509146a4b9ddebd543a\"},\"headline\":\"Desaparece sacerdote Isa\u00edas Ram\u00edrez en Jalisco\",\"datePublished\":\"2024-08-18T22:58:38+00:00\",\"dateModified\":\"2024-08-19T13:10:39+00:00\",\"mainEntityOfPage\":{\"@id\":\"https:\\\/\\\/fuentesfidedignas.com.mx\\\/index.php\\\/2024\\\/08\\\/18\\\/desaparece-sacerdote-isaias-ramirez-en-jalisco\\\/\"},\"wordCount\":303,\"commentCount\":0,\"publisher\":{\"@id\":\"https:\\\/\\\/fuentesfidedignas.com.mx\\\/#organization\"},\"image\":{\"@id\":\"https:\\\/\\\/fuentesfidedignas.com.mx\\\/index.php\\\/2024\\\/08\\\/18\\\/desaparece-sacerdote-isaias-ramirez-en-jalisco\\\/#primaryimage\"},\"thumbnailUrl\":\"https:\\\/\\\/fuentesfidedignas.com.mx\\\/wp-content\\\/uploads\\\/2024\\\/08\\\/sacerdote-isaias-ramirez-jalisco-1.jpg\",\"articleSection\":[\"NOTICIAS NACIONALES\"],\"inLanguage\":\"es\",\"potentialAction\":[{\"@type\":\"CommentAction\",\"name\":\"Comment\",\"target\":[\"https:\\\/\\\/fuentesfidedignas.com.mx\\\/index.php\\\/2024\\\/08\\\/18\\\/desaparece-sacerdote-isaias-ramirez-en-jalisco\\\/#respond\"]}]},{\"@type\":\"WebPage\",\"@id\":\"https:\\\/\\\/fuentesfidedignas.com.mx\\\/index.php\\\/2024\\\/08\\\/18\\\/desaparece-sacerdote-isaias-ramirez-en-jalisco\\\/\",\"url\":\"https:\\\/\\\/fuentesfidedignas.com.mx\\\/index.php\\\/2024\\\/08\\\/18\\\/desaparece-sacerdote-isaias-ramirez-en-jalisco\\\/\",\"name\":\"Desaparece sacerdote Isa\u00edas Ram\u00edrez en Jalisco - Fuentes Fidedignas\",\"isPartOf\":{\"@id\":\"https:\\\/\\\/fuentesfidedignas.com.mx\\\/#website\"},\"primaryImageOfPage\":{\"@id\":\"https:\\\/\\\/fuentesfidedignas.com.mx\\\/index.php\\\/2024\\\/08\\\/18\\\/desaparece-sacerdote-isaias-ramirez-en-jalisco\\\/#primaryimage\"},\"image\":{\"@id\":\"https:\\\/\\\/fuentesfidedignas.com.mx\\\/index.php\\\/2024\\\/08\\\/18\\\/desaparece-sacerdote-isaias-ramirez-en-jalisco\\\/#primaryimage\"},\"thumbnailUrl\":\"https:\\\/\\\/fuentesfidedignas.com.mx\\\/wp-content\\\/uploads\\\/2024\\\/08\\\/sacerdote-isaias-ramirez-jalisco-1.jpg\",\"datePublished\":\"2024-08-18T22:58:38+00:00\",\"dateModified\":\"2024-08-19T13:10:39+00:00\",\"breadcrumb\":{\"@id\":\"https:\\\/\\\/fuentesfidedignas.com.mx\\\/index.php\\\/2024\\\/08\\\/18\\\/desaparece-sacerdote-isaias-ramirez-en-jalisco\\\/#breadcrumb\"},\"inLanguage\":\"es\",\"potentialAction\":[{\"@type\":\"ReadAction\",\"target\":[\"https:\\\/\\\/fuentesfidedignas.com.mx\\\/index.php\\\/2024\\\/08\\\/18\\\/desaparece-sacerdote-isaias-ramirez-en-jalisco\\\/\"]}]},{\"@type\":\"ImageObject\",\"inLanguage\":\"es\",\"@id\":\"https:\\\/\\\/fuentesfidedignas.com.mx\\\/index.php\\\/2024\\\/08\\\/18\\\/desaparece-sacerdote-isaias-ramirez-en-jalisco\\\/#primaryimage\",\"url\":\"https:\\\/\\\/fuentesfidedignas.com.mx\\\/wp-content\\\/uploads\\\/2024\\\/08\\\/sacerdote-isaias-ramirez-jalisco-1.jpg\",\"contentUrl\":\"https:\\\/\\\/fuentesfidedignas.com.mx\\\/wp-content\\\/uploads\\\/2024\\\/08\\\/sacerdote-isaias-ramirez-jalisco-1.jpg\",\"width\":650,\"height\":433},{\"@type\":\"BreadcrumbList\",\"@id\":\"https:\\\/\\\/fuentesfidedignas.com.mx\\\/index.php\\\/2024\\\/08\\\/18\\\/desaparece-sacerdote-isaias-ramirez-en-jalisco\\\/#breadcrumb\",\"itemListElement\":[{\"@type\":\"ListItem\",\"position\":1,\"name\":\"Inicio\",\"item\":\"https:\\\/\\\/fuentesfidedignas.com.mx\\\/\"},{\"@type\":\"ListItem\",\"position\":2,\"name\":\"Desaparece sacerdote Isa\u00edas Ram\u00edrez en Jalisco\"}]},{\"@type\":\"WebSite\",\"@id\":\"https:\\\/\\\/fuentesfidedignas.com.mx\\\/#website\",\"url\":\"https:\\\/\\\/fuentesfidedignas.com.mx\\\/\",\"name\":\"Fuentes Fidedignas\",\"description\":\"Otro sitio realizado con WordPress\",\"publisher\":{\"@id\":\"https:\\\/\\\/fuentesfidedignas.com.mx\\\/#organization\"},\"potentialAction\":[{\"@type\":\"SearchAction\",\"target\":{\"@type\":\"EntryPoint\",\"urlTemplate\":\"https:\\\/\\\/fuentesfidedignas.com.mx\\\/?s={search_term_string}\"},\"query-input\":{\"@type\":\"PropertyValueSpecification\",\"valueRequired\":true,\"valueName\":\"search_term_string\"}}],\"inLanguage\":\"es\"},{\"@type\":\"Organization\",\"@id\":\"https:\\\/\\\/fuentesfidedignas.com.mx\\\/#organization\",\"name\":\"Fuentes Fidedignas\",\"url\":\"https:\\\/\\\/fuentesfidedignas.com.mx\\\/\",\"logo\":{\"@type\":\"ImageObject\",\"inLanguage\":\"es\",\"@id\":\"https:\\\/\\\/fuentesfidedignas.com.mx\\\/#\\\/schema\\\/logo\\\/image\\\/\",\"url\":\"https:\\\/\\\/fuentesfidedignas.com.mx\\\/wp-content\\\/uploads\\\/2021\\\/04\\\/logo-retina.png\",\"contentUrl\":\"https:\\\/\\\/fuentesfidedignas.com.mx\\\/wp-content\\\/uploads\\\/2021\\\/04\\\/logo-retina.png\",\"width\":280,\"height\":51,\"caption\":\"Fuentes Fidedignas\"},\"image\":{\"@id\":\"https:\\\/\\\/fuentesfidedignas.com.mx\\\/#\\\/schema\\\/logo\\\/image\\\/\"},\"sameAs\":[\"https:\\\/\\\/www.facebook.com\\\/Fuentes-Fidedignas-368234489921644\",\"https:\\\/\\\/x.com\\\/fidedignas\"]},{\"@type\":\"Person\",\"@id\":\"https:\\\/\\\/fuentesfidedignas.com.mx\\\/#\\\/schema\\\/person\\\/67d852f0557c8509146a4b9ddebd543a\",\"name\":\"L\u00f3pez D\u00f3riga\",\"image\":{\"@type\":\"ImageObject\",\"inLanguage\":\"es\",\"@id\":\"https:\\\/\\\/secure.gravatar.com\\\/avatar\\\/e525b06574ca18b33cded59dfe5778d6c823b9513154eff47da551b0551bdd1e?s=96&d=mm&r=g\",\"url\":\"https:\\\/\\\/secure.gravatar.com\\\/avatar\\\/e525b06574ca18b33cded59dfe5778d6c823b9513154eff47da551b0551bdd1e?s=96&d=mm&r=g\",\"contentUrl\":\"https:\\\/\\\/secure.gravatar.com\\\/avatar\\\/e525b06574ca18b33cded59dfe5778d6c823b9513154eff47da551b0551bdd1e?s=96&d=mm&r=g\",\"caption\":\"L\u00f3pez D\u00f3riga\"},\"url\":\"https:\\\/\\\/fuentesfidedignas.com.mx\\\/index.php\\\/author\\\/doriga\\\/\"}]}<\/script>\n<!-- \/ Yoast SEO plugin. -->","yoast_head_json":{"title":"Desaparece sacerdote Isa\u00edas Ram\u00edrez en Jalisco - Fuentes Fidedignas","robots":{"index":"index","follow":"follow","max-snippet":"max-snippet:-1","max-image-preview":"max-image-preview:large","max-video-preview":"max-video-preview:-1"},"canonical":"https:\/\/fuentesfidedignas.com.mx\/index.php\/2024\/08\/18\/desaparece-sacerdote-isaias-ramirez-en-jalisco\/","og_locale":"es_MX","og_type":"article","og_title":"Desaparece sacerdote Isa\u00edas Ram\u00edrez en Jalisco - Fuentes Fidedignas","og_description":"El sacerdote Isa\u00edas Ram\u00edrez Gonz\u00e1lez fue visto por \u00faltima el 15 de agosto, \u201cy aparentemente no se encontraba bien de salud\u201d La Fiscal\u00eda de Jalisco inform\u00f3 que ya investiga la desaparici\u00f3n del sacerdote Isa\u00edas Ram\u00edrez Gonz\u00e1lez. Por medio de un comunicado en redes sociales, la autoridad de Jalisco expuso que el sacerdote Ram\u00edrez Gonz\u00e1lez fue [&hellip;]","og_url":"https:\/\/fuentesfidedignas.com.mx\/index.php\/2024\/08\/18\/desaparece-sacerdote-isaias-ramirez-en-jalisco\/","og_site_name":"Fuentes Fidedignas","article_publisher":"https:\/\/www.facebook.com\/Fuentes-Fidedignas-368234489921644","article_published_time":"2024-08-18T22:58:38+00:00","article_modified_time":"2024-08-19T13:10:39+00:00","og_image":[{"width":650,"height":433,"url":"https:\/\/fuentesfidedignas.com.mx\/wp-content\/uploads\/2024\/08\/sacerdote-isaias-ramirez-jalisco-1.jpg","type":"image\/jpeg"}],"author":"L\u00f3pez D\u00f3riga","twitter_card":"summary_large_image","twitter_creator":"@fidedignas","twitter_site":"@fidedignas","twitter_misc":{"Escrito por":"L\u00f3pez D\u00f3riga","Tiempo de lectura":"2 minutos"},"schema":{"@context":"https:\/\/schema.org","@graph":[{"@type":"Article","@id":"https:\/\/fuentesfidedignas.com.mx\/index.php\/2024\/08\/18\/desaparece-sacerdote-isaias-ramirez-en-jalisco\/#article","isPartOf":{"@id":"https:\/\/fuentesfidedignas.com.mx\/index.php\/2024\/08\/18\/desaparece-sacerdote-isaias-ramirez-en-jalisco\/"},"author":{"name":"L\u00f3pez D\u00f3riga","@id":"https:\/\/fuentesfidedignas.com.mx\/#\/schema\/person\/67d852f0557c8509146a4b9ddebd543a"},"headline":"Desaparece sacerdote Isa\u00edas Ram\u00edrez en Jalisco","datePublished":"2024-08-18T22:58:38+00:00","dateModified":"2024-08-19T13:10:39+00:00","mainEntityOfPage":{"@id":"https:\/\/fuentesfidedignas.com.mx\/index.php\/2024\/08\/18\/desaparece-sacerdote-isaias-ramirez-en-jalisco\/"},"wordCount":303,"commentCount":0,"publisher":{"@id":"https:\/\/fuentesfidedignas.com.mx\/#organization"},"image":{"@id":"https:\/\/fuentesfidedignas.com.mx\/index.php\/2024\/08\/18\/desaparece-sacerdote-isaias-ramirez-en-jalisco\/#primaryimage"},"thumbnailUrl":"https:\/\/fuentesfidedignas.com.mx\/wp-content\/uploads\/2024\/08\/sacerdote-isaias-ramirez-jalisco-1.jpg","articleSection":["NOTICIAS NACIONALES"],"inLanguage":"es","potentialAction":[{"@type":"CommentAction","name":"Comment","target":["https:\/\/fuentesfidedignas.com.mx\/index.php\/2024\/08\/18\/desaparece-sacerdote-isaias-ramirez-en-jalisco\/#respond"]}]},{"@type":"WebPage","@id":"https:\/\/fuentesfidedignas.com.mx\/index.php\/2024\/08\/18\/desaparece-sacerdote-isaias-ramirez-en-jalisco\/","url":"https:\/\/fuentesfidedignas.com.mx\/index.php\/2024\/08\/18\/desaparece-sacerdote-isaias-ramirez-en-jalisco\/","name":"Desaparece sacerdote Isa\u00edas Ram\u00edrez en Jalisco - Fuentes Fidedignas","isPartOf":{"@id":"https:\/\/fuentesfidedignas.com.mx\/#website"},"primaryImageOfPage":{"@id":"https:\/\/fuentesfidedignas.com.mx\/index.php\/2024\/08\/18\/desaparece-sacerdote-isaias-ramirez-en-jalisco\/#primaryimage"},"image":{"@id":"https:\/\/fuentesfidedignas.com.mx\/index.php\/2024\/08\/18\/desaparece-sacerdote-isaias-ramirez-en-jalisco\/#primaryimage"},"thumbnailUrl":"https:\/\/fuentesfidedignas.com.mx\/wp-content\/uploads\/2024\/08\/sacerdote-isaias-ramirez-jalisco-1.jpg","datePublished":"2024-08-18T22:58:38+00:00","dateModified":"2024-08-19T13:10:39+00:00","breadcrumb":{"@id":"https:\/\/fuentesfidedignas.com.mx\/index.php\/2024\/08\/18\/desaparece-sacerdote-isaias-ramirez-en-jalisco\/#breadcrumb"},"inLanguage":"es","potentialAction":[{"@type":"ReadAction","target":["https:\/\/fuentesfidedignas.com.mx\/index.php\/2024\/08\/18\/desaparece-sacerdote-isaias-ramirez-en-jalisco\/"]}]},{"@type":"ImageObject","inLanguage":"es","@id":"https:\/\/fuentesfidedignas.com.mx\/index.php\/2024\/08\/18\/desaparece-sacerdote-isaias-ramirez-en-jalisco\/#primaryimage","url":"https:\/\/fuentesfidedignas.com.mx\/wp-content\/uploads\/2024\/08\/sacerdote-isaias-ramirez-jalisco-1.jpg","contentUrl":"https:\/\/fuentesfidedignas.com.mx\/wp-content\/uploads\/2024\/08\/sacerdote-isaias-ramirez-jalisco-1.jpg","width":650,"height":433},{"@type":"BreadcrumbList","@id":"https:\/\/fuentesfidedignas.com.mx\/index.php\/2024\/08\/18\/desaparece-sacerdote-isaias-ramirez-en-jalisco\/#breadcrumb","itemListElement":[{"@type":"ListItem","position":1,"name":"Inicio","item":"https:\/\/fuentesfidedignas.com.mx\/"},{"@type":"ListItem","position":2,"name":"Desaparece sacerdote Isa\u00edas Ram\u00edrez en Jalisco"}]},{"@type":"WebSite","@id":"https:\/\/fuentesfidedignas.com.mx\/#website","url":"https:\/\/fuentesfidedignas.com.mx\/","name":"Fuentes Fidedignas","description":"Otro sitio realizado con WordPress","publisher":{"@id":"https:\/\/fuentesfidedignas.com.mx\/#organization"},"potentialAction":[{"@type":"SearchAction","target":{"@type":"EntryPoint","urlTemplate":"https:\/\/fuentesfidedignas.com.mx\/?s={search_term_string}"},"query-input":{"@type":"PropertyValueSpecification","valueRequired":true,"valueName":"search_term_string"}}],"inLanguage":"es"},{"@type":"Organization","@id":"https:\/\/fuentesfidedignas.com.mx\/#organization","name":"Fuentes Fidedignas","url":"https:\/\/fuentesfidedignas.com.mx\/","logo":{"@type":"ImageObject","inLanguage":"es","@id":"https:\/\/fuentesfidedignas.com.mx\/#\/schema\/logo\/image\/","url":"https:\/\/fuentesfidedignas.com.mx\/wp-content\/uploads\/2021\/04\/logo-retina.png","contentUrl":"https:\/\/fuentesfidedignas.com.mx\/wp-content\/uploads\/2021\/04\/logo-retina.png","width":280,"height":51,"caption":"Fuentes Fidedignas"},"image":{"@id":"https:\/\/fuentesfidedignas.com.mx\/#\/schema\/logo\/image\/"},"sameAs":["https:\/\/www.facebook.com\/Fuentes-Fidedignas-368234489921644","https:\/\/x.com\/fidedignas"]},{"@type":"Person","@id":"https:\/\/fuentesfidedignas.com.mx\/#\/schema\/person\/67d852f0557c8509146a4b9ddebd543a","name":"L\u00f3pez D\u00f3riga","image":{"@type":"ImageObject","inLanguage":"es","@id":"https:\/\/secure.gravatar.com\/avatar\/e525b06574ca18b33cded59dfe5778d6c823b9513154eff47da551b0551bdd1e?s=96&d=mm&r=g","url":"https:\/\/secure.gravatar.com\/avatar\/e525b06574ca18b33cded59dfe5778d6c823b9513154eff47da551b0551bdd1e?s=96&d=mm&r=g","contentUrl":"https:\/\/secure.gravatar.com\/avatar\/e525b06574ca18b33cded59dfe5778d6c823b9513154eff47da551b0551bdd1e?s=96&d=mm&r=g","caption":"L\u00f3pez D\u00f3riga"},"url":"https:\/\/fuentesfidedignas.com.mx\/index.php\/author\/doriga\/"}]}},"_links":{"self":[{"href":"https:\/\/fuentesfidedignas.com.mx\/index.php\/wp-json\/wp\/v2\/posts\/89033","targetHints":{"allow":["GET"]}}],"collection":[{"href":"https:\/\/fuentesfidedignas.com.mx\/index.php\/wp-json\/wp\/v2\/posts"}],"about":[{"href":"https:\/\/fuentesfidedignas.com.mx\/index.php\/wp-json\/wp\/v2\/types\/post"}],"author":[{"embeddable":true,"href":"https:\/\/fuentesfidedignas.com.mx\/index.php\/wp-json\/wp\/v2\/users\/47"}],"replies":[{"embeddable":true,"href":"https:\/\/fuentesfidedignas.com.mx\/index.php\/wp-json\/wp\/v2\/comments?post=89033"}],"version-history":[{"count":1,"href":"https:\/\/fuentesfidedignas.com.mx\/index.php\/wp-json\/wp\/v2\/posts\/89033\/revisions"}],"predecessor-version":[{"id":89035,"href":"https:\/\/fuentesfidedignas.com.mx\/index.php\/wp-json\/wp\/v2\/posts\/89033\/revisions\/89035"}],"wp:featuredmedia":[{"embeddable":true,"href":"https:\/\/fuentesfidedignas.com.mx\/index.php\/wp-json\/wp\/v2\/media\/89034"}],"wp:attachment":[{"href":"https:\/\/fuentesfidedignas.com.mx\/index.php\/wp-json\/wp\/v2\/media?parent=89033"}],"wp:term":[{"taxonomy":"category","embeddable":true,"href":"https:\/\/fuentesfidedignas.com.mx\/index.php\/wp-json\/wp\/v2\/categories?post=89033"},{"taxonomy":"post_tag","embeddable":true,"href":"https:\/\/fuentesfidedignas.com.mx\/index.php\/wp-json\/wp\/v2\/tags?post=89033"}],"curies":[{"name":"wp","href":"https:\/\/api.w.org\/{rel}","templated":true}]}}