{"id":89003,"date":"2024-08-18T10:59:44","date_gmt":"2024-08-18T17:59:44","guid":{"rendered":"https:\/\/fuentesfidedignas.com.mx\/?p=89003"},"modified":"2024-08-18T10:59:46","modified_gmt":"2024-08-18T17:59:46","slug":"video-se-incendia-rueda-de-la-fortuna-y-65-personas-resultan-heridas-en-alemania","status":"publish","type":"post","link":"https:\/\/fuentesfidedignas.com.mx\/index.php\/2024\/08\/18\/video-se-incendia-rueda-de-la-fortuna-y-65-personas-resultan-heridas-en-alemania\/","title":{"rendered":"VIDEO | Se incendia rueda de la fortuna y 65 personas resultan heridas en Alemania"},"content":{"rendered":"\n<p><strong>La atracci\u00f3n se incendi\u00f3 por motivos a\u00fan no identificados.<\/strong><\/p>\n\n\n\n<p>La polic\u00eda de Sajonia, estado federado del este alem\u00e1n, inform\u00f3 que un total de 65 personas necesitaron atenci\u00f3n m\u00e9dica en la noche del s\u00e1bado por culpa de un incendio de una rueda de la fortuna de 38 metros de altura en un festival celebrado en el municipio de Gro\u00dfp\u00f6sna, cerca de la ciudad de Leipzig.<\/p>\n\n\n\n<p>De esas 65 personas, 16 quedaron heridas y fueron transportadas desde el lugar de los hechos a varios hospitales, seg\u00fan un comunicado policial, que asegur\u00f3 que no se teme por la vida de ninguno de los heridos.<\/p>\n\n\n\n<p>Trump asegura que Biden &#8220;odia&#8221; a Kamala Harris; intenta dividir a dem\u00f3cratas<br>El fuego pudo ser extinguido gracias a las labores de los bomberos, mientras que a cuatro heridos hubo que atenderles por quemaduras mientras que otra persona sufri\u00f3 lesiones por una ca\u00edda.<\/p>\n\n\n\n<p>Entre los heridos, los hubo que recibieron cuidados m\u00e9dicos por haber estado en contacto con el humo del incendio, seg\u00fan un comunicado policial.<\/p>\n\n\n\n<p>As\u00ed comenz\u00f3 el incendio:<\/p>\n\n\n\n<figure class=\"wp-block-embed is-type-rich is-provider-twitter wp-block-embed-twitter\"><div class=\"wp-block-embed__wrapper\">\n<blockquote class=\"twitter-tweet\" data-width=\"550\" data-dnt=\"true\"><p lang=\"en\" dir=\"ltr\">\ud83c\udde9\ud83c\uddeaFERRIS WHEEL FIRE ROCKS GERMAN MUSIC FESTIVAL<a href=\"https:\/\/twitter.com\/hashtag\/Germany?src=hash&amp;ref_src=twsrc%5Etfw\">#Germany<\/a><br><br>HIGHFIELD MUSIC FESTIVAL ABLAZE<br><br>&#8211; Shocking inferno engulfs multiple cabins on festival Ferris wheel<br>&#8211; Over 20 people injured, with many more shaken<br>&#8211; Investigators scramble to determine cause of devastating blaze<br><br>CHAOS\u2026 <a href=\"https:\/\/t.co\/ZuT75rtYE8\">pic.twitter.com\/ZuT75rtYE8<\/a><\/p>&mdash; Weather monitor (@Weathermonitors) <a href=\"https:\/\/twitter.com\/Weathermonitors\/status\/1825170368924934200?ref_src=twsrc%5Etfw\">August 18, 2024<\/a><\/blockquote><script async src=\"https:\/\/platform.twitter.com\/widgets.js\" charset=\"utf-8\"><\/script>\n<\/div><\/figure>\n\n\n\n<p>El suceso se produjo durante la tarde del s\u00e1bado y afect\u00f3 principalmente a dos cabinas de las 24 que compon\u00edan la noria, tras incendiarse primero el material situado bajo la rueda de la fortuna por motivos que se desconocen a\u00fan.<\/p>\n\n\n\n<p>El accidente ocurri\u00f3 en el Highfield Festival en el lago Stoermthaler, cerca de Leipzig. La polic\u00eda sigue investigando qu\u00e9 provoc\u00f3 el incendio.<\/p>\n\n\n\n<p>As\u00ed se vivi\u00f3 el siniestro:<\/p>\n\n\n\n<blockquote class=\"twitter-tweet\"><p lang=\"de\" dir=\"ltr\">\u2757\ud83c\udfa1 Riesenrad-Brand in Leipzig \u2013 Dutzende Verletzte<br><br>Bei einem Brand auf dem Highfield-Festival bei Leipzig sind am Samstagabend etwa 30 Menschen verletzt worden. Darunter seien auch vier Polizisten, berichten Medien. Wie es zu dem Brand kommen konnte, war zun\u00e4chst unklar. Zwei\u2026 <a href=\"https:\/\/t.co\/FcoiSIacib\">pic.twitter.com\/FcoiSIacib<\/a><\/p>&mdash; Chrissy (@Kampfzwerg280) <a href=\"https:\/\/twitter.com\/Kampfzwerg280\/status\/1825089890431771049?ref_src=twsrc%5Etfw\">August 18, 2024<\/a><\/blockquote> <script async src=\"https:\/\/platform.twitter.com\/widgets.js\" charset=\"utf-8\"><\/script>\n\n\n\n<blockquote class=\"twitter-tweet\"><p lang=\"de\" dir=\"ltr\">\u2757\ud83c\udfa1 Riesenrad-Brand in Leipzig \u2013 Dutzende Verletzte<br><br>Bei einem Brand auf dem Highfield-Festival bei Leipzig sind am Samstagabend etwa 30 Menschen verletzt worden. Darunter seien auch vier Polizisten, berichten Medien. Wie es zu dem Brand kommen konnte, war zun\u00e4chst unklar. Zwei\u2026 <a href=\"https:\/\/t.co\/FcoiSIacib\">pic.twitter.com\/FcoiSIacib<\/a><\/p>&mdash; Chrissy (@Kampfzwerg280) <a href=\"https:\/\/twitter.com\/Kampfzwerg280\/status\/1825089890431771049?ref_src=twsrc%5Etfw\">August 18, 2024<\/a><\/blockquote> <script async src=\"https:\/\/platform.twitter.com\/widgets.js\" charset=\"utf-8\"><\/script>\n","protected":false},"excerpt":{"rendered":"<p>La atracci\u00f3n se incendi\u00f3 por motivos a\u00fan no identificados. La polic\u00eda de Sajonia, estado federado del este alem\u00e1n, inform\u00f3 que un total de 65 personas necesitaron atenci\u00f3n m\u00e9dica en la noche del s\u00e1bado por culpa de un incendio de una rueda de la fortuna de 38 metros de altura en un festival celebrado en el [&hellip;]<\/p>\n","protected":false},"author":9,"featured_media":89004,"comment_status":"open","ping_status":"open","sticky":false,"template":"","format":"standard","meta":{"tdm_status":"","tdm_grid_status":"","footnotes":""},"categories":[39],"tags":[],"class_list":{"0":"post-89003","1":"post","2":"type-post","3":"status-publish","4":"format-standard","5":"has-post-thumbnail","7":"category-noticias-nacionales"},"yoast_head":"<!-- This site is optimized with the Yoast SEO plugin v27.5 - https:\/\/yoast.com\/product\/yoast-seo-wordpress\/ -->\n<title>VIDEO | Se incendia rueda de la fortuna y 65 personas resultan heridas en Alemania - Fuentes Fidedignas<\/title>\n<meta name=\"robots\" content=\"index, follow, max-snippet:-1, max-image-preview:large, max-video-preview:-1\" \/>\n<link rel=\"canonical\" href=\"https:\/\/fuentesfidedignas.com.mx\/index.php\/2024\/08\/18\/video-se-incendia-rueda-de-la-fortuna-y-65-personas-resultan-heridas-en-alemania\/\" \/>\n<meta property=\"og:locale\" content=\"es_MX\" \/>\n<meta property=\"og:type\" content=\"article\" \/>\n<meta property=\"og:title\" content=\"VIDEO | Se incendia rueda de la fortuna y 65 personas resultan heridas en Alemania - Fuentes Fidedignas\" \/>\n<meta property=\"og:description\" content=\"La atracci\u00f3n se incendi\u00f3 por motivos a\u00fan no identificados. La polic\u00eda de Sajonia, estado federado del este alem\u00e1n, inform\u00f3 que un total de 65 personas necesitaron atenci\u00f3n m\u00e9dica en la noche del s\u00e1bado por culpa de un incendio de una rueda de la fortuna de 38 metros de altura en un festival celebrado en el [&hellip;]\" \/>\n<meta property=\"og:url\" content=\"https:\/\/fuentesfidedignas.com.mx\/index.php\/2024\/08\/18\/video-se-incendia-rueda-de-la-fortuna-y-65-personas-resultan-heridas-en-alemania\/\" \/>\n<meta property=\"og:site_name\" content=\"Fuentes Fidedignas\" \/>\n<meta property=\"article:publisher\" content=\"https:\/\/www.facebook.com\/Fuentes-Fidedignas-368234489921644\" \/>\n<meta property=\"article:published_time\" content=\"2024-08-18T17:59:44+00:00\" \/>\n<meta property=\"article:modified_time\" content=\"2024-08-18T17:59:46+00:00\" \/>\n<meta property=\"og:image\" content=\"https:\/\/fuentesfidedignas.com.mx\/wp-content\/uploads\/2024\/08\/rueda-de-la-fortuna.jpg\" \/>\n\t<meta property=\"og:image:width\" content=\"650\" \/>\n\t<meta property=\"og:image:height\" content=\"415\" \/>\n\t<meta property=\"og:image:type\" content=\"image\/jpeg\" \/>\n<meta name=\"author\" content=\"Milenio\" \/>\n<meta name=\"twitter:card\" content=\"summary_large_image\" \/>\n<meta name=\"twitter:creator\" content=\"@fidedignas\" \/>\n<meta name=\"twitter:site\" content=\"@fidedignas\" \/>\n<meta name=\"twitter:label1\" content=\"Escrito por\" \/>\n\t<meta name=\"twitter:data1\" content=\"Milenio\" \/>\n\t<meta name=\"twitter:label2\" content=\"Tiempo de lectura\" \/>\n\t<meta name=\"twitter:data2\" content=\"2 minutos\" \/>\n<script type=\"application\/ld+json\" class=\"yoast-schema-graph\">{\"@context\":\"https:\\\/\\\/schema.org\",\"@graph\":[{\"@type\":\"Article\",\"@id\":\"https:\\\/\\\/fuentesfidedignas.com.mx\\\/index.php\\\/2024\\\/08\\\/18\\\/video-se-incendia-rueda-de-la-fortuna-y-65-personas-resultan-heridas-en-alemania\\\/#article\",\"isPartOf\":{\"@id\":\"https:\\\/\\\/fuentesfidedignas.com.mx\\\/index.php\\\/2024\\\/08\\\/18\\\/video-se-incendia-rueda-de-la-fortuna-y-65-personas-resultan-heridas-en-alemania\\\/\"},\"author\":{\"name\":\"Milenio\",\"@id\":\"https:\\\/\\\/fuentesfidedignas.com.mx\\\/#\\\/schema\\\/person\\\/47ec0135738f4b0c7495f06a77a2c976\"},\"headline\":\"VIDEO | Se incendia rueda de la fortuna y 65 personas resultan heridas en Alemania\",\"datePublished\":\"2024-08-18T17:59:44+00:00\",\"dateModified\":\"2024-08-18T17:59:46+00:00\",\"mainEntityOfPage\":{\"@id\":\"https:\\\/\\\/fuentesfidedignas.com.mx\\\/index.php\\\/2024\\\/08\\\/18\\\/video-se-incendia-rueda-de-la-fortuna-y-65-personas-resultan-heridas-en-alemania\\\/\"},\"wordCount\":362,\"commentCount\":0,\"publisher\":{\"@id\":\"https:\\\/\\\/fuentesfidedignas.com.mx\\\/#organization\"},\"image\":{\"@id\":\"https:\\\/\\\/fuentesfidedignas.com.mx\\\/index.php\\\/2024\\\/08\\\/18\\\/video-se-incendia-rueda-de-la-fortuna-y-65-personas-resultan-heridas-en-alemania\\\/#primaryimage\"},\"thumbnailUrl\":\"https:\\\/\\\/fuentesfidedignas.com.mx\\\/wp-content\\\/uploads\\\/2024\\\/08\\\/rueda-de-la-fortuna.jpg\",\"articleSection\":[\"NOTICIAS NACIONALES\"],\"inLanguage\":\"es\",\"potentialAction\":[{\"@type\":\"CommentAction\",\"name\":\"Comment\",\"target\":[\"https:\\\/\\\/fuentesfidedignas.com.mx\\\/index.php\\\/2024\\\/08\\\/18\\\/video-se-incendia-rueda-de-la-fortuna-y-65-personas-resultan-heridas-en-alemania\\\/#respond\"]}]},{\"@type\":\"WebPage\",\"@id\":\"https:\\\/\\\/fuentesfidedignas.com.mx\\\/index.php\\\/2024\\\/08\\\/18\\\/video-se-incendia-rueda-de-la-fortuna-y-65-personas-resultan-heridas-en-alemania\\\/\",\"url\":\"https:\\\/\\\/fuentesfidedignas.com.mx\\\/index.php\\\/2024\\\/08\\\/18\\\/video-se-incendia-rueda-de-la-fortuna-y-65-personas-resultan-heridas-en-alemania\\\/\",\"name\":\"VIDEO | Se incendia rueda de la fortuna y 65 personas resultan heridas en Alemania - Fuentes Fidedignas\",\"isPartOf\":{\"@id\":\"https:\\\/\\\/fuentesfidedignas.com.mx\\\/#website\"},\"primaryImageOfPage\":{\"@id\":\"https:\\\/\\\/fuentesfidedignas.com.mx\\\/index.php\\\/2024\\\/08\\\/18\\\/video-se-incendia-rueda-de-la-fortuna-y-65-personas-resultan-heridas-en-alemania\\\/#primaryimage\"},\"image\":{\"@id\":\"https:\\\/\\\/fuentesfidedignas.com.mx\\\/index.php\\\/2024\\\/08\\\/18\\\/video-se-incendia-rueda-de-la-fortuna-y-65-personas-resultan-heridas-en-alemania\\\/#primaryimage\"},\"thumbnailUrl\":\"https:\\\/\\\/fuentesfidedignas.com.mx\\\/wp-content\\\/uploads\\\/2024\\\/08\\\/rueda-de-la-fortuna.jpg\",\"datePublished\":\"2024-08-18T17:59:44+00:00\",\"dateModified\":\"2024-08-18T17:59:46+00:00\",\"breadcrumb\":{\"@id\":\"https:\\\/\\\/fuentesfidedignas.com.mx\\\/index.php\\\/2024\\\/08\\\/18\\\/video-se-incendia-rueda-de-la-fortuna-y-65-personas-resultan-heridas-en-alemania\\\/#breadcrumb\"},\"inLanguage\":\"es\",\"potentialAction\":[{\"@type\":\"ReadAction\",\"target\":[\"https:\\\/\\\/fuentesfidedignas.com.mx\\\/index.php\\\/2024\\\/08\\\/18\\\/video-se-incendia-rueda-de-la-fortuna-y-65-personas-resultan-heridas-en-alemania\\\/\"]}]},{\"@type\":\"ImageObject\",\"inLanguage\":\"es\",\"@id\":\"https:\\\/\\\/fuentesfidedignas.com.mx\\\/index.php\\\/2024\\\/08\\\/18\\\/video-se-incendia-rueda-de-la-fortuna-y-65-personas-resultan-heridas-en-alemania\\\/#primaryimage\",\"url\":\"https:\\\/\\\/fuentesfidedignas.com.mx\\\/wp-content\\\/uploads\\\/2024\\\/08\\\/rueda-de-la-fortuna.jpg\",\"contentUrl\":\"https:\\\/\\\/fuentesfidedignas.com.mx\\\/wp-content\\\/uploads\\\/2024\\\/08\\\/rueda-de-la-fortuna.jpg\",\"width\":650,\"height\":415},{\"@type\":\"BreadcrumbList\",\"@id\":\"https:\\\/\\\/fuentesfidedignas.com.mx\\\/index.php\\\/2024\\\/08\\\/18\\\/video-se-incendia-rueda-de-la-fortuna-y-65-personas-resultan-heridas-en-alemania\\\/#breadcrumb\",\"itemListElement\":[{\"@type\":\"ListItem\",\"position\":1,\"name\":\"Inicio\",\"item\":\"https:\\\/\\\/fuentesfidedignas.com.mx\\\/\"},{\"@type\":\"ListItem\",\"position\":2,\"name\":\"VIDEO | Se incendia rueda de la fortuna y 65 personas resultan heridas en Alemania\"}]},{\"@type\":\"WebSite\",\"@id\":\"https:\\\/\\\/fuentesfidedignas.com.mx\\\/#website\",\"url\":\"https:\\\/\\\/fuentesfidedignas.com.mx\\\/\",\"name\":\"Fuentes Fidedignas\",\"description\":\"Otro sitio realizado con WordPress\",\"publisher\":{\"@id\":\"https:\\\/\\\/fuentesfidedignas.com.mx\\\/#organization\"},\"potentialAction\":[{\"@type\":\"SearchAction\",\"target\":{\"@type\":\"EntryPoint\",\"urlTemplate\":\"https:\\\/\\\/fuentesfidedignas.com.mx\\\/?s={search_term_string}\"},\"query-input\":{\"@type\":\"PropertyValueSpecification\",\"valueRequired\":true,\"valueName\":\"search_term_string\"}}],\"inLanguage\":\"es\"},{\"@type\":\"Organization\",\"@id\":\"https:\\\/\\\/fuentesfidedignas.com.mx\\\/#organization\",\"name\":\"Fuentes Fidedignas\",\"url\":\"https:\\\/\\\/fuentesfidedignas.com.mx\\\/\",\"logo\":{\"@type\":\"ImageObject\",\"inLanguage\":\"es\",\"@id\":\"https:\\\/\\\/fuentesfidedignas.com.mx\\\/#\\\/schema\\\/logo\\\/image\\\/\",\"url\":\"https:\\\/\\\/fuentesfidedignas.com.mx\\\/wp-content\\\/uploads\\\/2021\\\/04\\\/logo-retina.png\",\"contentUrl\":\"https:\\\/\\\/fuentesfidedignas.com.mx\\\/wp-content\\\/uploads\\\/2021\\\/04\\\/logo-retina.png\",\"width\":280,\"height\":51,\"caption\":\"Fuentes Fidedignas\"},\"image\":{\"@id\":\"https:\\\/\\\/fuentesfidedignas.com.mx\\\/#\\\/schema\\\/logo\\\/image\\\/\"},\"sameAs\":[\"https:\\\/\\\/www.facebook.com\\\/Fuentes-Fidedignas-368234489921644\",\"https:\\\/\\\/x.com\\\/fidedignas\"]},{\"@type\":\"Person\",\"@id\":\"https:\\\/\\\/fuentesfidedignas.com.mx\\\/#\\\/schema\\\/person\\\/47ec0135738f4b0c7495f06a77a2c976\",\"name\":\"Milenio\",\"image\":{\"@type\":\"ImageObject\",\"inLanguage\":\"es\",\"@id\":\"https:\\\/\\\/secure.gravatar.com\\\/avatar\\\/acabf7b54753e51c2c76457954577c236b3b764789b19879565769739d1e4a75?s=96&d=mm&r=g\",\"url\":\"https:\\\/\\\/secure.gravatar.com\\\/avatar\\\/acabf7b54753e51c2c76457954577c236b3b764789b19879565769739d1e4a75?s=96&d=mm&r=g\",\"contentUrl\":\"https:\\\/\\\/secure.gravatar.com\\\/avatar\\\/acabf7b54753e51c2c76457954577c236b3b764789b19879565769739d1e4a75?s=96&d=mm&r=g\",\"caption\":\"Milenio\"},\"url\":\"https:\\\/\\\/fuentesfidedignas.com.mx\\\/index.php\\\/author\\\/milenio\\\/\"}]}<\/script>\n<!-- \/ Yoast SEO plugin. -->","yoast_head_json":{"title":"VIDEO | Se incendia rueda de la fortuna y 65 personas resultan heridas en Alemania - Fuentes Fidedignas","robots":{"index":"index","follow":"follow","max-snippet":"max-snippet:-1","max-image-preview":"max-image-preview:large","max-video-preview":"max-video-preview:-1"},"canonical":"https:\/\/fuentesfidedignas.com.mx\/index.php\/2024\/08\/18\/video-se-incendia-rueda-de-la-fortuna-y-65-personas-resultan-heridas-en-alemania\/","og_locale":"es_MX","og_type":"article","og_title":"VIDEO | Se incendia rueda de la fortuna y 65 personas resultan heridas en Alemania - Fuentes Fidedignas","og_description":"La atracci\u00f3n se incendi\u00f3 por motivos a\u00fan no identificados. La polic\u00eda de Sajonia, estado federado del este alem\u00e1n, inform\u00f3 que un total de 65 personas necesitaron atenci\u00f3n m\u00e9dica en la noche del s\u00e1bado por culpa de un incendio de una rueda de la fortuna de 38 metros de altura en un festival celebrado en el [&hellip;]","og_url":"https:\/\/fuentesfidedignas.com.mx\/index.php\/2024\/08\/18\/video-se-incendia-rueda-de-la-fortuna-y-65-personas-resultan-heridas-en-alemania\/","og_site_name":"Fuentes Fidedignas","article_publisher":"https:\/\/www.facebook.com\/Fuentes-Fidedignas-368234489921644","article_published_time":"2024-08-18T17:59:44+00:00","article_modified_time":"2024-08-18T17:59:46+00:00","og_image":[{"width":650,"height":415,"url":"https:\/\/fuentesfidedignas.com.mx\/wp-content\/uploads\/2024\/08\/rueda-de-la-fortuna.jpg","type":"image\/jpeg"}],"author":"Milenio","twitter_card":"summary_large_image","twitter_creator":"@fidedignas","twitter_site":"@fidedignas","twitter_misc":{"Escrito por":"Milenio","Tiempo de lectura":"2 minutos"},"schema":{"@context":"https:\/\/schema.org","@graph":[{"@type":"Article","@id":"https:\/\/fuentesfidedignas.com.mx\/index.php\/2024\/08\/18\/video-se-incendia-rueda-de-la-fortuna-y-65-personas-resultan-heridas-en-alemania\/#article","isPartOf":{"@id":"https:\/\/fuentesfidedignas.com.mx\/index.php\/2024\/08\/18\/video-se-incendia-rueda-de-la-fortuna-y-65-personas-resultan-heridas-en-alemania\/"},"author":{"name":"Milenio","@id":"https:\/\/fuentesfidedignas.com.mx\/#\/schema\/person\/47ec0135738f4b0c7495f06a77a2c976"},"headline":"VIDEO | Se incendia rueda de la fortuna y 65 personas resultan heridas en Alemania","datePublished":"2024-08-18T17:59:44+00:00","dateModified":"2024-08-18T17:59:46+00:00","mainEntityOfPage":{"@id":"https:\/\/fuentesfidedignas.com.mx\/index.php\/2024\/08\/18\/video-se-incendia-rueda-de-la-fortuna-y-65-personas-resultan-heridas-en-alemania\/"},"wordCount":362,"commentCount":0,"publisher":{"@id":"https:\/\/fuentesfidedignas.com.mx\/#organization"},"image":{"@id":"https:\/\/fuentesfidedignas.com.mx\/index.php\/2024\/08\/18\/video-se-incendia-rueda-de-la-fortuna-y-65-personas-resultan-heridas-en-alemania\/#primaryimage"},"thumbnailUrl":"https:\/\/fuentesfidedignas.com.mx\/wp-content\/uploads\/2024\/08\/rueda-de-la-fortuna.jpg","articleSection":["NOTICIAS NACIONALES"],"inLanguage":"es","potentialAction":[{"@type":"CommentAction","name":"Comment","target":["https:\/\/fuentesfidedignas.com.mx\/index.php\/2024\/08\/18\/video-se-incendia-rueda-de-la-fortuna-y-65-personas-resultan-heridas-en-alemania\/#respond"]}]},{"@type":"WebPage","@id":"https:\/\/fuentesfidedignas.com.mx\/index.php\/2024\/08\/18\/video-se-incendia-rueda-de-la-fortuna-y-65-personas-resultan-heridas-en-alemania\/","url":"https:\/\/fuentesfidedignas.com.mx\/index.php\/2024\/08\/18\/video-se-incendia-rueda-de-la-fortuna-y-65-personas-resultan-heridas-en-alemania\/","name":"VIDEO | Se incendia rueda de la fortuna y 65 personas resultan heridas en Alemania - Fuentes Fidedignas","isPartOf":{"@id":"https:\/\/fuentesfidedignas.com.mx\/#website"},"primaryImageOfPage":{"@id":"https:\/\/fuentesfidedignas.com.mx\/index.php\/2024\/08\/18\/video-se-incendia-rueda-de-la-fortuna-y-65-personas-resultan-heridas-en-alemania\/#primaryimage"},"image":{"@id":"https:\/\/fuentesfidedignas.com.mx\/index.php\/2024\/08\/18\/video-se-incendia-rueda-de-la-fortuna-y-65-personas-resultan-heridas-en-alemania\/#primaryimage"},"thumbnailUrl":"https:\/\/fuentesfidedignas.com.mx\/wp-content\/uploads\/2024\/08\/rueda-de-la-fortuna.jpg","datePublished":"2024-08-18T17:59:44+00:00","dateModified":"2024-08-18T17:59:46+00:00","breadcrumb":{"@id":"https:\/\/fuentesfidedignas.com.mx\/index.php\/2024\/08\/18\/video-se-incendia-rueda-de-la-fortuna-y-65-personas-resultan-heridas-en-alemania\/#breadcrumb"},"inLanguage":"es","potentialAction":[{"@type":"ReadAction","target":["https:\/\/fuentesfidedignas.com.mx\/index.php\/2024\/08\/18\/video-se-incendia-rueda-de-la-fortuna-y-65-personas-resultan-heridas-en-alemania\/"]}]},{"@type":"ImageObject","inLanguage":"es","@id":"https:\/\/fuentesfidedignas.com.mx\/index.php\/2024\/08\/18\/video-se-incendia-rueda-de-la-fortuna-y-65-personas-resultan-heridas-en-alemania\/#primaryimage","url":"https:\/\/fuentesfidedignas.com.mx\/wp-content\/uploads\/2024\/08\/rueda-de-la-fortuna.jpg","contentUrl":"https:\/\/fuentesfidedignas.com.mx\/wp-content\/uploads\/2024\/08\/rueda-de-la-fortuna.jpg","width":650,"height":415},{"@type":"BreadcrumbList","@id":"https:\/\/fuentesfidedignas.com.mx\/index.php\/2024\/08\/18\/video-se-incendia-rueda-de-la-fortuna-y-65-personas-resultan-heridas-en-alemania\/#breadcrumb","itemListElement":[{"@type":"ListItem","position":1,"name":"Inicio","item":"https:\/\/fuentesfidedignas.com.mx\/"},{"@type":"ListItem","position":2,"name":"VIDEO | Se incendia rueda de la fortuna y 65 personas resultan heridas en Alemania"}]},{"@type":"WebSite","@id":"https:\/\/fuentesfidedignas.com.mx\/#website","url":"https:\/\/fuentesfidedignas.com.mx\/","name":"Fuentes Fidedignas","description":"Otro sitio realizado con WordPress","publisher":{"@id":"https:\/\/fuentesfidedignas.com.mx\/#organization"},"potentialAction":[{"@type":"SearchAction","target":{"@type":"EntryPoint","urlTemplate":"https:\/\/fuentesfidedignas.com.mx\/?s={search_term_string}"},"query-input":{"@type":"PropertyValueSpecification","valueRequired":true,"valueName":"search_term_string"}}],"inLanguage":"es"},{"@type":"Organization","@id":"https:\/\/fuentesfidedignas.com.mx\/#organization","name":"Fuentes Fidedignas","url":"https:\/\/fuentesfidedignas.com.mx\/","logo":{"@type":"ImageObject","inLanguage":"es","@id":"https:\/\/fuentesfidedignas.com.mx\/#\/schema\/logo\/image\/","url":"https:\/\/fuentesfidedignas.com.mx\/wp-content\/uploads\/2021\/04\/logo-retina.png","contentUrl":"https:\/\/fuentesfidedignas.com.mx\/wp-content\/uploads\/2021\/04\/logo-retina.png","width":280,"height":51,"caption":"Fuentes Fidedignas"},"image":{"@id":"https:\/\/fuentesfidedignas.com.mx\/#\/schema\/logo\/image\/"},"sameAs":["https:\/\/www.facebook.com\/Fuentes-Fidedignas-368234489921644","https:\/\/x.com\/fidedignas"]},{"@type":"Person","@id":"https:\/\/fuentesfidedignas.com.mx\/#\/schema\/person\/47ec0135738f4b0c7495f06a77a2c976","name":"Milenio","image":{"@type":"ImageObject","inLanguage":"es","@id":"https:\/\/secure.gravatar.com\/avatar\/acabf7b54753e51c2c76457954577c236b3b764789b19879565769739d1e4a75?s=96&d=mm&r=g","url":"https:\/\/secure.gravatar.com\/avatar\/acabf7b54753e51c2c76457954577c236b3b764789b19879565769739d1e4a75?s=96&d=mm&r=g","contentUrl":"https:\/\/secure.gravatar.com\/avatar\/acabf7b54753e51c2c76457954577c236b3b764789b19879565769739d1e4a75?s=96&d=mm&r=g","caption":"Milenio"},"url":"https:\/\/fuentesfidedignas.com.mx\/index.php\/author\/milenio\/"}]}},"_links":{"self":[{"href":"https:\/\/fuentesfidedignas.com.mx\/index.php\/wp-json\/wp\/v2\/posts\/89003","targetHints":{"allow":["GET"]}}],"collection":[{"href":"https:\/\/fuentesfidedignas.com.mx\/index.php\/wp-json\/wp\/v2\/posts"}],"about":[{"href":"https:\/\/fuentesfidedignas.com.mx\/index.php\/wp-json\/wp\/v2\/types\/post"}],"author":[{"embeddable":true,"href":"https:\/\/fuentesfidedignas.com.mx\/index.php\/wp-json\/wp\/v2\/users\/9"}],"replies":[{"embeddable":true,"href":"https:\/\/fuentesfidedignas.com.mx\/index.php\/wp-json\/wp\/v2\/comments?post=89003"}],"version-history":[{"count":1,"href":"https:\/\/fuentesfidedignas.com.mx\/index.php\/wp-json\/wp\/v2\/posts\/89003\/revisions"}],"predecessor-version":[{"id":89005,"href":"https:\/\/fuentesfidedignas.com.mx\/index.php\/wp-json\/wp\/v2\/posts\/89003\/revisions\/89005"}],"wp:featuredmedia":[{"embeddable":true,"href":"https:\/\/fuentesfidedignas.com.mx\/index.php\/wp-json\/wp\/v2\/media\/89004"}],"wp:attachment":[{"href":"https:\/\/fuentesfidedignas.com.mx\/index.php\/wp-json\/wp\/v2\/media?parent=89003"}],"wp:term":[{"taxonomy":"category","embeddable":true,"href":"https:\/\/fuentesfidedignas.com.mx\/index.php\/wp-json\/wp\/v2\/categories?post=89003"},{"taxonomy":"post_tag","embeddable":true,"href":"https:\/\/fuentesfidedignas.com.mx\/index.php\/wp-json\/wp\/v2\/tags?post=89003"}],"curies":[{"name":"wp","href":"https:\/\/api.w.org\/{rel}","templated":true}]}}