{"id":88968,"date":"2024-08-17T16:01:06","date_gmt":"2024-08-17T23:01:06","guid":{"rendered":"https:\/\/fuentesfidedignas.com.mx\/?p=88968"},"modified":"2024-08-17T16:01:06","modified_gmt":"2024-08-17T23:01:06","slug":"mexico-votaria-por-la-suprema-corte-y-el-50-por-ciento-de-los-jueces-en-2025","status":"publish","type":"post","link":"https:\/\/fuentesfidedignas.com.mx\/index.php\/2024\/08\/17\/mexico-votaria-por-la-suprema-corte-y-el-50-por-ciento-de-los-jueces-en-2025\/","title":{"rendered":"M\u00e9xico votar\u00eda por la Suprema Corte y el 50 por ciento de los jueces en 2025"},"content":{"rendered":"\n<p><strong><em>La propuesta de Reforma al Poder Judicial perfila elegir en 2025 a los miembros de la Corte y al 50 por ciento de los jueces, seg\u00fan anunciaron legisladores<\/em><\/strong><\/p>\n\n\n\n<p>El Congreso mexicano alista la propuesta de Reforma al Poder Judicial, con algunos cambios tras los foros al respecto, con la que el pa\u00eds se perfila para elegir en 2025 a los miembros de la Suprema Corte y al 50 por ciento de los jueces, seg\u00fan anunciaron legisladores del oficialismo.<\/p>\n\n\n\n<p>Ignacio Mier, coordinador del grupo parlamentario del partido Movimiento de Regeneraci\u00f3n Nacional (Morena), expuso en una conferencia de prensa que las discusiones de las \u00faltimas semanas llevaron a \u201cm\u00e1s de 100 modificaciones a la iniciativa que present\u00f3 el presidente\u201d Andr\u00e9s Manuel L\u00f3pez Obrador en febrero pasado.<\/p>\n\n\n\n<p>Entre estas modificaciones, se\u00f1al\u00f3&nbsp;<strong>Mier<\/strong>, \u201cse establecen con precisi\u00f3n cu\u00e1les son los requisitos t\u00e9cnicos, profesionales, de experiencia, de desempe\u00f1o y evaluaci\u00f3n social y profesional de quienes sean postulados por parte de los comit\u00e9s de evaluaci\u00f3n\u201d, y se garantiza la paridad, \u201ciniciando siempre por darle el primer espacio a mujeres\u201d.<\/p>\n\n\n\n<p>Mier puntualiz\u00f3 que la elecci\u00f3n \u201cva a ser&nbsp;<strong>gradual<\/strong>, por escalonamiento\u201d, es decir, habr\u00e1 una elecci\u00f3n extraordinaria para 2025 y otra elecci\u00f3n \u201cya ordinaria&nbsp;<strong>concurrente<\/strong>&nbsp;para la&nbsp;<strong>elecci\u00f3n<\/strong>&nbsp;<strong>federal<\/strong>&nbsp;en el 2027\u2033.<\/p>\n\n\n\n<p>\u201cVa a ser en el mismo d\u00eda en el 2025 la elecci\u00f3n para la totalidad de los ministros de la&nbsp;<strong>Corte,<\/strong>&nbsp;para el 50 por ciento de&nbsp;<strong>magistrados<\/strong>&nbsp;y para todas las&nbsp;<strong>vacantes<\/strong>, cesant\u00edas, preretiros, prejubilaciones de jueces\u201d, apunt\u00f3&nbsp;<strong>Mier<\/strong>, y agreg\u00f3 que el n\u00famero exacto de postulaciones ser\u00eda determinado a trav\u00e9s de un informe que emita la Judicatura Federal al Senado.<\/p>\n","protected":false},"excerpt":{"rendered":"<p>La propuesta de Reforma al Poder Judicial perfila elegir en 2025 a los miembros de la Corte y al 50 por ciento de los jueces, seg\u00fan anunciaron legisladores El Congreso mexicano alista la propuesta de Reforma al Poder Judicial, con algunos cambios tras los foros al respecto, con la que el pa\u00eds se perfila para [&hellip;]<\/p>\n","protected":false},"author":47,"featured_media":88967,"comment_status":"closed","ping_status":"open","sticky":false,"template":"","format":"standard","meta":{"tdm_status":"","tdm_grid_status":"","footnotes":""},"categories":[39],"tags":[],"class_list":{"0":"post-88968","1":"post","2":"type-post","3":"status-publish","4":"format-standard","5":"has-post-thumbnail","7":"category-noticias-nacionales"},"yoast_head":"<!-- This site is optimized with the Yoast SEO plugin v27.5 - https:\/\/yoast.com\/product\/yoast-seo-wordpress\/ -->\n<title>M\u00e9xico votar\u00eda por la Suprema Corte y el 50 por ciento de los jueces en 2025 - Fuentes Fidedignas<\/title>\n<meta name=\"robots\" content=\"index, follow, max-snippet:-1, max-image-preview:large, max-video-preview:-1\" \/>\n<link rel=\"canonical\" href=\"https:\/\/fuentesfidedignas.com.mx\/index.php\/2024\/08\/17\/mexico-votaria-por-la-suprema-corte-y-el-50-por-ciento-de-los-jueces-en-2025\/\" \/>\n<meta property=\"og:locale\" content=\"es_MX\" \/>\n<meta property=\"og:type\" content=\"article\" \/>\n<meta property=\"og:title\" content=\"M\u00e9xico votar\u00eda por la Suprema Corte y el 50 por ciento de los jueces en 2025 - Fuentes Fidedignas\" \/>\n<meta property=\"og:description\" content=\"La propuesta de Reforma al Poder Judicial perfila elegir en 2025 a los miembros de la Corte y al 50 por ciento de los jueces, seg\u00fan anunciaron legisladores El Congreso mexicano alista la propuesta de Reforma al Poder Judicial, con algunos cambios tras los foros al respecto, con la que el pa\u00eds se perfila para [&hellip;]\" \/>\n<meta property=\"og:url\" content=\"https:\/\/fuentesfidedignas.com.mx\/index.php\/2024\/08\/17\/mexico-votaria-por-la-suprema-corte-y-el-50-por-ciento-de-los-jueces-en-2025\/\" \/>\n<meta property=\"og:site_name\" content=\"Fuentes Fidedignas\" \/>\n<meta property=\"article:publisher\" content=\"https:\/\/www.facebook.com\/Fuentes-Fidedignas-368234489921644\" \/>\n<meta property=\"article:published_time\" content=\"2024-08-17T23:01:06+00:00\" \/>\n<meta property=\"og:image\" content=\"https:\/\/fuentesfidedignas.com.mx\/wp-content\/uploads\/2024\/08\/img_4388-1.jpg\" \/>\n\t<meta property=\"og:image:width\" content=\"1000\" \/>\n\t<meta property=\"og:image:height\" content=\"563\" \/>\n\t<meta property=\"og:image:type\" content=\"image\/jpeg\" \/>\n<meta name=\"author\" content=\"L\u00f3pez D\u00f3riga\" \/>\n<meta name=\"twitter:card\" content=\"summary_large_image\" \/>\n<meta name=\"twitter:creator\" content=\"@fidedignas\" \/>\n<meta name=\"twitter:site\" content=\"@fidedignas\" \/>\n<meta name=\"twitter:label1\" content=\"Escrito por\" \/>\n\t<meta name=\"twitter:data1\" content=\"L\u00f3pez D\u00f3riga\" \/>\n\t<meta name=\"twitter:label2\" content=\"Tiempo de lectura\" \/>\n\t<meta name=\"twitter:data2\" content=\"1 minuto\" \/>\n<script type=\"application\/ld+json\" class=\"yoast-schema-graph\">{\"@context\":\"https:\\\/\\\/schema.org\",\"@graph\":[{\"@type\":\"Article\",\"@id\":\"https:\\\/\\\/fuentesfidedignas.com.mx\\\/index.php\\\/2024\\\/08\\\/17\\\/mexico-votaria-por-la-suprema-corte-y-el-50-por-ciento-de-los-jueces-en-2025\\\/#article\",\"isPartOf\":{\"@id\":\"https:\\\/\\\/fuentesfidedignas.com.mx\\\/index.php\\\/2024\\\/08\\\/17\\\/mexico-votaria-por-la-suprema-corte-y-el-50-por-ciento-de-los-jueces-en-2025\\\/\"},\"author\":{\"name\":\"L\u00f3pez D\u00f3riga\",\"@id\":\"https:\\\/\\\/fuentesfidedignas.com.mx\\\/#\\\/schema\\\/person\\\/67d852f0557c8509146a4b9ddebd543a\"},\"headline\":\"M\u00e9xico votar\u00eda por la Suprema Corte y el 50 por ciento de los jueces en 2025\",\"datePublished\":\"2024-08-17T23:01:06+00:00\",\"mainEntityOfPage\":{\"@id\":\"https:\\\/\\\/fuentesfidedignas.com.mx\\\/index.php\\\/2024\\\/08\\\/17\\\/mexico-votaria-por-la-suprema-corte-y-el-50-por-ciento-de-los-jueces-en-2025\\\/\"},\"wordCount\":312,\"publisher\":{\"@id\":\"https:\\\/\\\/fuentesfidedignas.com.mx\\\/#organization\"},\"image\":{\"@id\":\"https:\\\/\\\/fuentesfidedignas.com.mx\\\/index.php\\\/2024\\\/08\\\/17\\\/mexico-votaria-por-la-suprema-corte-y-el-50-por-ciento-de-los-jueces-en-2025\\\/#primaryimage\"},\"thumbnailUrl\":\"https:\\\/\\\/fuentesfidedignas.com.mx\\\/wp-content\\\/uploads\\\/2024\\\/08\\\/img_4388-1.jpg\",\"articleSection\":[\"NOTICIAS NACIONALES\"],\"inLanguage\":\"es\"},{\"@type\":\"WebPage\",\"@id\":\"https:\\\/\\\/fuentesfidedignas.com.mx\\\/index.php\\\/2024\\\/08\\\/17\\\/mexico-votaria-por-la-suprema-corte-y-el-50-por-ciento-de-los-jueces-en-2025\\\/\",\"url\":\"https:\\\/\\\/fuentesfidedignas.com.mx\\\/index.php\\\/2024\\\/08\\\/17\\\/mexico-votaria-por-la-suprema-corte-y-el-50-por-ciento-de-los-jueces-en-2025\\\/\",\"name\":\"M\u00e9xico votar\u00eda por la Suprema Corte y el 50 por ciento de los jueces en 2025 - Fuentes Fidedignas\",\"isPartOf\":{\"@id\":\"https:\\\/\\\/fuentesfidedignas.com.mx\\\/#website\"},\"primaryImageOfPage\":{\"@id\":\"https:\\\/\\\/fuentesfidedignas.com.mx\\\/index.php\\\/2024\\\/08\\\/17\\\/mexico-votaria-por-la-suprema-corte-y-el-50-por-ciento-de-los-jueces-en-2025\\\/#primaryimage\"},\"image\":{\"@id\":\"https:\\\/\\\/fuentesfidedignas.com.mx\\\/index.php\\\/2024\\\/08\\\/17\\\/mexico-votaria-por-la-suprema-corte-y-el-50-por-ciento-de-los-jueces-en-2025\\\/#primaryimage\"},\"thumbnailUrl\":\"https:\\\/\\\/fuentesfidedignas.com.mx\\\/wp-content\\\/uploads\\\/2024\\\/08\\\/img_4388-1.jpg\",\"datePublished\":\"2024-08-17T23:01:06+00:00\",\"breadcrumb\":{\"@id\":\"https:\\\/\\\/fuentesfidedignas.com.mx\\\/index.php\\\/2024\\\/08\\\/17\\\/mexico-votaria-por-la-suprema-corte-y-el-50-por-ciento-de-los-jueces-en-2025\\\/#breadcrumb\"},\"inLanguage\":\"es\",\"potentialAction\":[{\"@type\":\"ReadAction\",\"target\":[\"https:\\\/\\\/fuentesfidedignas.com.mx\\\/index.php\\\/2024\\\/08\\\/17\\\/mexico-votaria-por-la-suprema-corte-y-el-50-por-ciento-de-los-jueces-en-2025\\\/\"]}]},{\"@type\":\"ImageObject\",\"inLanguage\":\"es\",\"@id\":\"https:\\\/\\\/fuentesfidedignas.com.mx\\\/index.php\\\/2024\\\/08\\\/17\\\/mexico-votaria-por-la-suprema-corte-y-el-50-por-ciento-de-los-jueces-en-2025\\\/#primaryimage\",\"url\":\"https:\\\/\\\/fuentesfidedignas.com.mx\\\/wp-content\\\/uploads\\\/2024\\\/08\\\/img_4388-1.jpg\",\"contentUrl\":\"https:\\\/\\\/fuentesfidedignas.com.mx\\\/wp-content\\\/uploads\\\/2024\\\/08\\\/img_4388-1.jpg\",\"width\":1000,\"height\":563},{\"@type\":\"BreadcrumbList\",\"@id\":\"https:\\\/\\\/fuentesfidedignas.com.mx\\\/index.php\\\/2024\\\/08\\\/17\\\/mexico-votaria-por-la-suprema-corte-y-el-50-por-ciento-de-los-jueces-en-2025\\\/#breadcrumb\",\"itemListElement\":[{\"@type\":\"ListItem\",\"position\":1,\"name\":\"Inicio\",\"item\":\"https:\\\/\\\/fuentesfidedignas.com.mx\\\/\"},{\"@type\":\"ListItem\",\"position\":2,\"name\":\"M\u00e9xico votar\u00eda por la Suprema Corte y el 50 por ciento de los jueces en 2025\"}]},{\"@type\":\"WebSite\",\"@id\":\"https:\\\/\\\/fuentesfidedignas.com.mx\\\/#website\",\"url\":\"https:\\\/\\\/fuentesfidedignas.com.mx\\\/\",\"name\":\"Fuentes Fidedignas\",\"description\":\"Otro sitio realizado con WordPress\",\"publisher\":{\"@id\":\"https:\\\/\\\/fuentesfidedignas.com.mx\\\/#organization\"},\"potentialAction\":[{\"@type\":\"SearchAction\",\"target\":{\"@type\":\"EntryPoint\",\"urlTemplate\":\"https:\\\/\\\/fuentesfidedignas.com.mx\\\/?s={search_term_string}\"},\"query-input\":{\"@type\":\"PropertyValueSpecification\",\"valueRequired\":true,\"valueName\":\"search_term_string\"}}],\"inLanguage\":\"es\"},{\"@type\":\"Organization\",\"@id\":\"https:\\\/\\\/fuentesfidedignas.com.mx\\\/#organization\",\"name\":\"Fuentes Fidedignas\",\"url\":\"https:\\\/\\\/fuentesfidedignas.com.mx\\\/\",\"logo\":{\"@type\":\"ImageObject\",\"inLanguage\":\"es\",\"@id\":\"https:\\\/\\\/fuentesfidedignas.com.mx\\\/#\\\/schema\\\/logo\\\/image\\\/\",\"url\":\"https:\\\/\\\/fuentesfidedignas.com.mx\\\/wp-content\\\/uploads\\\/2021\\\/04\\\/logo-retina.png\",\"contentUrl\":\"https:\\\/\\\/fuentesfidedignas.com.mx\\\/wp-content\\\/uploads\\\/2021\\\/04\\\/logo-retina.png\",\"width\":280,\"height\":51,\"caption\":\"Fuentes Fidedignas\"},\"image\":{\"@id\":\"https:\\\/\\\/fuentesfidedignas.com.mx\\\/#\\\/schema\\\/logo\\\/image\\\/\"},\"sameAs\":[\"https:\\\/\\\/www.facebook.com\\\/Fuentes-Fidedignas-368234489921644\",\"https:\\\/\\\/x.com\\\/fidedignas\"]},{\"@type\":\"Person\",\"@id\":\"https:\\\/\\\/fuentesfidedignas.com.mx\\\/#\\\/schema\\\/person\\\/67d852f0557c8509146a4b9ddebd543a\",\"name\":\"L\u00f3pez D\u00f3riga\",\"image\":{\"@type\":\"ImageObject\",\"inLanguage\":\"es\",\"@id\":\"https:\\\/\\\/secure.gravatar.com\\\/avatar\\\/e525b06574ca18b33cded59dfe5778d6c823b9513154eff47da551b0551bdd1e?s=96&d=mm&r=g\",\"url\":\"https:\\\/\\\/secure.gravatar.com\\\/avatar\\\/e525b06574ca18b33cded59dfe5778d6c823b9513154eff47da551b0551bdd1e?s=96&d=mm&r=g\",\"contentUrl\":\"https:\\\/\\\/secure.gravatar.com\\\/avatar\\\/e525b06574ca18b33cded59dfe5778d6c823b9513154eff47da551b0551bdd1e?s=96&d=mm&r=g\",\"caption\":\"L\u00f3pez D\u00f3riga\"},\"url\":\"https:\\\/\\\/fuentesfidedignas.com.mx\\\/index.php\\\/author\\\/doriga\\\/\"}]}<\/script>\n<!-- \/ Yoast SEO plugin. -->","yoast_head_json":{"title":"M\u00e9xico votar\u00eda por la Suprema Corte y el 50 por ciento de los jueces en 2025 - Fuentes Fidedignas","robots":{"index":"index","follow":"follow","max-snippet":"max-snippet:-1","max-image-preview":"max-image-preview:large","max-video-preview":"max-video-preview:-1"},"canonical":"https:\/\/fuentesfidedignas.com.mx\/index.php\/2024\/08\/17\/mexico-votaria-por-la-suprema-corte-y-el-50-por-ciento-de-los-jueces-en-2025\/","og_locale":"es_MX","og_type":"article","og_title":"M\u00e9xico votar\u00eda por la Suprema Corte y el 50 por ciento de los jueces en 2025 - Fuentes Fidedignas","og_description":"La propuesta de Reforma al Poder Judicial perfila elegir en 2025 a los miembros de la Corte y al 50 por ciento de los jueces, seg\u00fan anunciaron legisladores El Congreso mexicano alista la propuesta de Reforma al Poder Judicial, con algunos cambios tras los foros al respecto, con la que el pa\u00eds se perfila para [&hellip;]","og_url":"https:\/\/fuentesfidedignas.com.mx\/index.php\/2024\/08\/17\/mexico-votaria-por-la-suprema-corte-y-el-50-por-ciento-de-los-jueces-en-2025\/","og_site_name":"Fuentes Fidedignas","article_publisher":"https:\/\/www.facebook.com\/Fuentes-Fidedignas-368234489921644","article_published_time":"2024-08-17T23:01:06+00:00","og_image":[{"width":1000,"height":563,"url":"https:\/\/fuentesfidedignas.com.mx\/wp-content\/uploads\/2024\/08\/img_4388-1.jpg","type":"image\/jpeg"}],"author":"L\u00f3pez D\u00f3riga","twitter_card":"summary_large_image","twitter_creator":"@fidedignas","twitter_site":"@fidedignas","twitter_misc":{"Escrito por":"L\u00f3pez D\u00f3riga","Tiempo de lectura":"1 minuto"},"schema":{"@context":"https:\/\/schema.org","@graph":[{"@type":"Article","@id":"https:\/\/fuentesfidedignas.com.mx\/index.php\/2024\/08\/17\/mexico-votaria-por-la-suprema-corte-y-el-50-por-ciento-de-los-jueces-en-2025\/#article","isPartOf":{"@id":"https:\/\/fuentesfidedignas.com.mx\/index.php\/2024\/08\/17\/mexico-votaria-por-la-suprema-corte-y-el-50-por-ciento-de-los-jueces-en-2025\/"},"author":{"name":"L\u00f3pez D\u00f3riga","@id":"https:\/\/fuentesfidedignas.com.mx\/#\/schema\/person\/67d852f0557c8509146a4b9ddebd543a"},"headline":"M\u00e9xico votar\u00eda por la Suprema Corte y el 50 por ciento de los jueces en 2025","datePublished":"2024-08-17T23:01:06+00:00","mainEntityOfPage":{"@id":"https:\/\/fuentesfidedignas.com.mx\/index.php\/2024\/08\/17\/mexico-votaria-por-la-suprema-corte-y-el-50-por-ciento-de-los-jueces-en-2025\/"},"wordCount":312,"publisher":{"@id":"https:\/\/fuentesfidedignas.com.mx\/#organization"},"image":{"@id":"https:\/\/fuentesfidedignas.com.mx\/index.php\/2024\/08\/17\/mexico-votaria-por-la-suprema-corte-y-el-50-por-ciento-de-los-jueces-en-2025\/#primaryimage"},"thumbnailUrl":"https:\/\/fuentesfidedignas.com.mx\/wp-content\/uploads\/2024\/08\/img_4388-1.jpg","articleSection":["NOTICIAS NACIONALES"],"inLanguage":"es"},{"@type":"WebPage","@id":"https:\/\/fuentesfidedignas.com.mx\/index.php\/2024\/08\/17\/mexico-votaria-por-la-suprema-corte-y-el-50-por-ciento-de-los-jueces-en-2025\/","url":"https:\/\/fuentesfidedignas.com.mx\/index.php\/2024\/08\/17\/mexico-votaria-por-la-suprema-corte-y-el-50-por-ciento-de-los-jueces-en-2025\/","name":"M\u00e9xico votar\u00eda por la Suprema Corte y el 50 por ciento de los jueces en 2025 - Fuentes Fidedignas","isPartOf":{"@id":"https:\/\/fuentesfidedignas.com.mx\/#website"},"primaryImageOfPage":{"@id":"https:\/\/fuentesfidedignas.com.mx\/index.php\/2024\/08\/17\/mexico-votaria-por-la-suprema-corte-y-el-50-por-ciento-de-los-jueces-en-2025\/#primaryimage"},"image":{"@id":"https:\/\/fuentesfidedignas.com.mx\/index.php\/2024\/08\/17\/mexico-votaria-por-la-suprema-corte-y-el-50-por-ciento-de-los-jueces-en-2025\/#primaryimage"},"thumbnailUrl":"https:\/\/fuentesfidedignas.com.mx\/wp-content\/uploads\/2024\/08\/img_4388-1.jpg","datePublished":"2024-08-17T23:01:06+00:00","breadcrumb":{"@id":"https:\/\/fuentesfidedignas.com.mx\/index.php\/2024\/08\/17\/mexico-votaria-por-la-suprema-corte-y-el-50-por-ciento-de-los-jueces-en-2025\/#breadcrumb"},"inLanguage":"es","potentialAction":[{"@type":"ReadAction","target":["https:\/\/fuentesfidedignas.com.mx\/index.php\/2024\/08\/17\/mexico-votaria-por-la-suprema-corte-y-el-50-por-ciento-de-los-jueces-en-2025\/"]}]},{"@type":"ImageObject","inLanguage":"es","@id":"https:\/\/fuentesfidedignas.com.mx\/index.php\/2024\/08\/17\/mexico-votaria-por-la-suprema-corte-y-el-50-por-ciento-de-los-jueces-en-2025\/#primaryimage","url":"https:\/\/fuentesfidedignas.com.mx\/wp-content\/uploads\/2024\/08\/img_4388-1.jpg","contentUrl":"https:\/\/fuentesfidedignas.com.mx\/wp-content\/uploads\/2024\/08\/img_4388-1.jpg","width":1000,"height":563},{"@type":"BreadcrumbList","@id":"https:\/\/fuentesfidedignas.com.mx\/index.php\/2024\/08\/17\/mexico-votaria-por-la-suprema-corte-y-el-50-por-ciento-de-los-jueces-en-2025\/#breadcrumb","itemListElement":[{"@type":"ListItem","position":1,"name":"Inicio","item":"https:\/\/fuentesfidedignas.com.mx\/"},{"@type":"ListItem","position":2,"name":"M\u00e9xico votar\u00eda por la Suprema Corte y el 50 por ciento de los jueces en 2025"}]},{"@type":"WebSite","@id":"https:\/\/fuentesfidedignas.com.mx\/#website","url":"https:\/\/fuentesfidedignas.com.mx\/","name":"Fuentes Fidedignas","description":"Otro sitio realizado con WordPress","publisher":{"@id":"https:\/\/fuentesfidedignas.com.mx\/#organization"},"potentialAction":[{"@type":"SearchAction","target":{"@type":"EntryPoint","urlTemplate":"https:\/\/fuentesfidedignas.com.mx\/?s={search_term_string}"},"query-input":{"@type":"PropertyValueSpecification","valueRequired":true,"valueName":"search_term_string"}}],"inLanguage":"es"},{"@type":"Organization","@id":"https:\/\/fuentesfidedignas.com.mx\/#organization","name":"Fuentes Fidedignas","url":"https:\/\/fuentesfidedignas.com.mx\/","logo":{"@type":"ImageObject","inLanguage":"es","@id":"https:\/\/fuentesfidedignas.com.mx\/#\/schema\/logo\/image\/","url":"https:\/\/fuentesfidedignas.com.mx\/wp-content\/uploads\/2021\/04\/logo-retina.png","contentUrl":"https:\/\/fuentesfidedignas.com.mx\/wp-content\/uploads\/2021\/04\/logo-retina.png","width":280,"height":51,"caption":"Fuentes Fidedignas"},"image":{"@id":"https:\/\/fuentesfidedignas.com.mx\/#\/schema\/logo\/image\/"},"sameAs":["https:\/\/www.facebook.com\/Fuentes-Fidedignas-368234489921644","https:\/\/x.com\/fidedignas"]},{"@type":"Person","@id":"https:\/\/fuentesfidedignas.com.mx\/#\/schema\/person\/67d852f0557c8509146a4b9ddebd543a","name":"L\u00f3pez D\u00f3riga","image":{"@type":"ImageObject","inLanguage":"es","@id":"https:\/\/secure.gravatar.com\/avatar\/e525b06574ca18b33cded59dfe5778d6c823b9513154eff47da551b0551bdd1e?s=96&d=mm&r=g","url":"https:\/\/secure.gravatar.com\/avatar\/e525b06574ca18b33cded59dfe5778d6c823b9513154eff47da551b0551bdd1e?s=96&d=mm&r=g","contentUrl":"https:\/\/secure.gravatar.com\/avatar\/e525b06574ca18b33cded59dfe5778d6c823b9513154eff47da551b0551bdd1e?s=96&d=mm&r=g","caption":"L\u00f3pez D\u00f3riga"},"url":"https:\/\/fuentesfidedignas.com.mx\/index.php\/author\/doriga\/"}]}},"_links":{"self":[{"href":"https:\/\/fuentesfidedignas.com.mx\/index.php\/wp-json\/wp\/v2\/posts\/88968","targetHints":{"allow":["GET"]}}],"collection":[{"href":"https:\/\/fuentesfidedignas.com.mx\/index.php\/wp-json\/wp\/v2\/posts"}],"about":[{"href":"https:\/\/fuentesfidedignas.com.mx\/index.php\/wp-json\/wp\/v2\/types\/post"}],"author":[{"embeddable":true,"href":"https:\/\/fuentesfidedignas.com.mx\/index.php\/wp-json\/wp\/v2\/users\/47"}],"replies":[{"embeddable":true,"href":"https:\/\/fuentesfidedignas.com.mx\/index.php\/wp-json\/wp\/v2\/comments?post=88968"}],"version-history":[{"count":1,"href":"https:\/\/fuentesfidedignas.com.mx\/index.php\/wp-json\/wp\/v2\/posts\/88968\/revisions"}],"predecessor-version":[{"id":88969,"href":"https:\/\/fuentesfidedignas.com.mx\/index.php\/wp-json\/wp\/v2\/posts\/88968\/revisions\/88969"}],"wp:featuredmedia":[{"embeddable":true,"href":"https:\/\/fuentesfidedignas.com.mx\/index.php\/wp-json\/wp\/v2\/media\/88967"}],"wp:attachment":[{"href":"https:\/\/fuentesfidedignas.com.mx\/index.php\/wp-json\/wp\/v2\/media?parent=88968"}],"wp:term":[{"taxonomy":"category","embeddable":true,"href":"https:\/\/fuentesfidedignas.com.mx\/index.php\/wp-json\/wp\/v2\/categories?post=88968"},{"taxonomy":"post_tag","embeddable":true,"href":"https:\/\/fuentesfidedignas.com.mx\/index.php\/wp-json\/wp\/v2\/tags?post=88968"}],"curies":[{"name":"wp","href":"https:\/\/api.w.org\/{rel}","templated":true}]}}