{"id":88904,"date":"2024-08-16T11:10:52","date_gmt":"2024-08-16T18:10:52","guid":{"rendered":"https:\/\/fuentesfidedignas.com.mx\/?p=88904"},"modified":"2024-08-16T11:12:52","modified_gmt":"2024-08-16T18:12:52","slug":"regreso-a-clases-costara-35-mas-a-padres-de-familia","status":"publish","type":"post","link":"https:\/\/fuentesfidedignas.com.mx\/index.php\/2024\/08\/16\/regreso-a-clases-costara-35-mas-a-padres-de-familia\/","title":{"rendered":"\u00bfEst\u00e1n preparados? Regreso a clases costar\u00e1 35 % m\u00e1s a padres de familia"},"content":{"rendered":"\n<p><strong><em>Este 26 de agosto inicia el Ciclo Escolar 2024-2025, y con ello regresan las compras de \u00fatiles y uniformes escolares<\/em><\/strong><\/p>\n\n\n\n<p>El&nbsp;<strong>regreso a clases<\/strong>&nbsp;costar\u00e1 35 por ciento m\u00e1s por estudiante, seg\u00fan cifras de la Alianza Nacional de Peque\u00f1os Comerciantes (Anpec).<\/p>\n\n\n\n<p>Este 26 de agosto inicia el&nbsp;<strong>Ciclo Escolar 2024-2025<\/strong>, y con ello regresan las compras de&nbsp;<strong>\u00fatiles<\/strong>&nbsp;y&nbsp;<strong>uniformes<\/strong>&nbsp;<strong>escolares<\/strong>.<\/p>\n\n\n\n<p>De acuerdo con la Anpec el costo aproximado por alumno aument\u00f3 2 mil 489.18 pesos, respecto del a\u00f1o pasado.<\/p>\n\n\n\n<p>De esta forma, el gasto de los padres ser\u00e1 de 9 mil 689.18 pesos aproximadamente.<\/p>\n\n\n\n<p>Cuauht\u00e9moc Rivera, presidente de la Anpec, considera que el aumento de \u00fatiles y uniformes escolares podr\u00eda llevar a varios padres y tutores a empe\u00f1ar bienes, sacrificar consumos b\u00e1sicos y posponer atenciones m\u00e9dicas.<\/p>\n\n\n\n<p>&#8220;Esta temporad de regreso a clases representa uno de los momentos m\u00e1s cr\u00edticos del gasto familiar en el a\u00f1o\u201d, refiri\u00f3.<\/p>\n\n\n\n<p>Seg\u00fan la&nbsp;<a href=\"https:\/\/lopezdoriga.com\/nacional\/sep-sugiere-lista-utiles-escolares-ciclo-escolar-2024-2025\/\" target=\"_blank\" rel=\"noreferrer noopener\">lista sugerida<\/a>&nbsp;por la Secretar\u00eda de Educaci\u00f3n P\u00fablica (SEP), los \u00fatiles escolares tendr\u00e1n un precio de:<\/p>\n\n\n\n<ul class=\"wp-block-list\">\n<li>Seis cuadernos de cuadro chico profesional con 100 hojas $216.27<\/li>\n\n\n\n<li>Dos cuadernos de rayas profesional con cien hojas $72.79<\/li>\n\n\n\n<li>Caja de l\u00e1pices del n\u00famero 2 $54.80<\/li>\n\n\n\n<li>Caja de bicolores $38.31<\/li>\n\n\n\n<li>Caja de bol\u00edgrafos $61.67<\/li>\n\n\n\n<li>Paquete de marcatextos\u00a0 $70.87<\/li>\n\n\n\n<li>Sacapuntas $23.98<\/li>\n\n\n\n<li>Gomas para borrar $31.16<\/li>\n\n\n\n<li>Tijeras de punta roma $24.65<\/li>\n\n\n\n<li>Caja de l\u00e1pices de colores de madera $65.37<\/li>\n\n\n\n<li>L\u00e1piz adhesivo $62.26<\/li>\n\n\n\n<li>Paquete de cien hojas blancas $65.15<\/li>\n\n\n\n<li>Juego de geometr\u00eda $69.98<\/li>\n\n\n\n<li>Calculadora b\u00e1sica $63.87<\/li>\n\n\n\n<li>Mochila $600.00<\/li>\n\n\n\n<li>Gu\u00eda de apoyo de actividades $250<\/li>\n\n\n\n<li>Papel autoadherible $275.42<\/li>\n\n\n\n<li>Diccionario $85.43<\/li>\n\n\n\n<li>Cartulinas blancas $55.92<\/li>\n\n\n\n<li>Cartulinas fosforescentes $55.25<\/li>\n\n\n\n<li>Papel cascar\u00f3n $52.34<\/li>\n\n\n\n<li>Fomi de colores $84.61<\/li>\n\n\n\n<li>Hojas de colores $93.72<\/li>\n\n\n\n<li>Estuche de pinturas $148.85<\/li>\n\n\n\n<li>Cuaderno de dibujo $70.04<\/li>\n\n\n\n<li>F\u00f3lder $25.30<\/li>\n\n\n\n<li>Corrector de pluma $59.34<\/li>\n\n\n\n<li>Pintarrones $86.67<\/li>\n\n\n\n<li>Pegamento blanco $38.47<\/li>\n<\/ul>\n\n\n\n<p>En cuanto a los uniformes escolares, los precios promedio son:<\/p>\n\n\n\n<ul class=\"wp-block-list\">\n<li>Uniforme diario (camisa y pantal\u00f3n\/falda) $1,000<\/li>\n\n\n\n<li>Uniforme deportivo (playera, pants y chamarra) $1,200<\/li>\n\n\n\n<li>Zapatos $750.00<\/li>\n\n\n\n<li>Tenis $750.00<\/li>\n\n\n\n<li>Calcetas $300<\/li>\n<\/ul>\n\n\n\n<p>A ello se deben sumar las cuotas escolares de 250 pesos en promedio y art\u00edculos de limpieza que piden:<\/p>\n\n\n\n<ul class=\"wp-block-list\">\n<li>Limpiador de pisos $24<\/li>\n\n\n\n<li>Cloro $20<\/li>\n\n\n\n<li>Jab\u00f3n en polvo $21<\/li>\n\n\n\n<li>Gel antibacterial $78.90<\/li>\n\n\n\n<li>Papel de ba\u00f1o $24<\/li>\n\n\n\n<li>Toallas desinfectantes $73<\/li>\n\n\n\n<li>Franela $20.90<\/li>\n\n\n\n<li>Bolsas para basura $24.90<\/li>\n<\/ul>\n\n\n\n<p>Para evitar algunos gastos, la Alianza Nacional de Peque\u00f1os Comerciantes sugiere reciclar materiales, comprar libros usados, priorizar gastos y evitar las compras de \u00faltimo minuto.<\/p>\n","protected":false},"excerpt":{"rendered":"<p>Este 26 de agosto inicia el Ciclo Escolar 2024-2025, y con ello regresan las compras de \u00fatiles y uniformes escolares El&nbsp;regreso a clases&nbsp;costar\u00e1 35 por ciento m\u00e1s por estudiante, seg\u00fan cifras de la Alianza Nacional de Peque\u00f1os Comerciantes (Anpec). Este 26 de agosto inicia el&nbsp;Ciclo Escolar 2024-2025, y con ello regresan las compras de&nbsp;\u00fatiles&nbsp;y&nbsp;uniformes&nbsp;escolares. De [&hellip;]<\/p>\n","protected":false},"author":47,"featured_media":83801,"comment_status":"open","ping_status":"open","sticky":false,"template":"","format":"standard","meta":{"tdm_status":"","tdm_grid_status":"","footnotes":""},"categories":[39],"tags":[],"class_list":{"0":"post-88904","1":"post","2":"type-post","3":"status-publish","4":"format-standard","5":"has-post-thumbnail","7":"category-noticias-nacionales"},"yoast_head":"<!-- This site is optimized with the Yoast SEO plugin v27.5 - https:\/\/yoast.com\/product\/yoast-seo-wordpress\/ -->\n<title>\u00bfEst\u00e1n preparados? Regreso a clases costar\u00e1 35 % m\u00e1s a padres de familia - Fuentes Fidedignas<\/title>\n<meta name=\"robots\" content=\"index, follow, max-snippet:-1, max-image-preview:large, max-video-preview:-1\" \/>\n<link rel=\"canonical\" href=\"https:\/\/fuentesfidedignas.com.mx\/index.php\/2024\/08\/16\/regreso-a-clases-costara-35-mas-a-padres-de-familia\/\" \/>\n<meta property=\"og:locale\" content=\"es_MX\" \/>\n<meta property=\"og:type\" content=\"article\" \/>\n<meta property=\"og:title\" content=\"\u00bfEst\u00e1n preparados? Regreso a clases costar\u00e1 35 % m\u00e1s a padres de familia - Fuentes Fidedignas\" \/>\n<meta property=\"og:description\" content=\"Este 26 de agosto inicia el Ciclo Escolar 2024-2025, y con ello regresan las compras de \u00fatiles y uniformes escolares El&nbsp;regreso a clases&nbsp;costar\u00e1 35 por ciento m\u00e1s por estudiante, seg\u00fan cifras de la Alianza Nacional de Peque\u00f1os Comerciantes (Anpec). Este 26 de agosto inicia el&nbsp;Ciclo Escolar 2024-2025, y con ello regresan las compras de&nbsp;\u00fatiles&nbsp;y&nbsp;uniformes&nbsp;escolares. De [&hellip;]\" \/>\n<meta property=\"og:url\" content=\"https:\/\/fuentesfidedignas.com.mx\/index.php\/2024\/08\/16\/regreso-a-clases-costara-35-mas-a-padres-de-familia\/\" \/>\n<meta property=\"og:site_name\" content=\"Fuentes Fidedignas\" \/>\n<meta property=\"article:publisher\" content=\"https:\/\/www.facebook.com\/Fuentes-Fidedignas-368234489921644\" \/>\n<meta property=\"article:published_time\" content=\"2024-08-16T18:10:52+00:00\" \/>\n<meta property=\"article:modified_time\" content=\"2024-08-16T18:12:52+00:00\" \/>\n<meta property=\"og:image\" content=\"https:\/\/fuentesfidedignas.com.mx\/wp-content\/uploads\/2024\/06\/clase-primaria-ciclo-escolar.jpg\" \/>\n\t<meta property=\"og:image:width\" content=\"650\" \/>\n\t<meta property=\"og:image:height\" content=\"339\" \/>\n\t<meta property=\"og:image:type\" content=\"image\/jpeg\" \/>\n<meta name=\"author\" content=\"L\u00f3pez D\u00f3riga\" \/>\n<meta name=\"twitter:card\" content=\"summary_large_image\" \/>\n<meta name=\"twitter:creator\" content=\"@fidedignas\" \/>\n<meta name=\"twitter:site\" content=\"@fidedignas\" \/>\n<meta name=\"twitter:label1\" content=\"Escrito por\" \/>\n\t<meta name=\"twitter:data1\" content=\"L\u00f3pez D\u00f3riga\" \/>\n\t<meta name=\"twitter:label2\" content=\"Tiempo de lectura\" \/>\n\t<meta name=\"twitter:data2\" content=\"2 minutos\" \/>\n<script type=\"application\/ld+json\" class=\"yoast-schema-graph\">{\"@context\":\"https:\\\/\\\/schema.org\",\"@graph\":[{\"@type\":\"Article\",\"@id\":\"https:\\\/\\\/fuentesfidedignas.com.mx\\\/index.php\\\/2024\\\/08\\\/16\\\/regreso-a-clases-costara-35-mas-a-padres-de-familia\\\/#article\",\"isPartOf\":{\"@id\":\"https:\\\/\\\/fuentesfidedignas.com.mx\\\/index.php\\\/2024\\\/08\\\/16\\\/regreso-a-clases-costara-35-mas-a-padres-de-familia\\\/\"},\"author\":{\"name\":\"L\u00f3pez D\u00f3riga\",\"@id\":\"https:\\\/\\\/fuentesfidedignas.com.mx\\\/#\\\/schema\\\/person\\\/67d852f0557c8509146a4b9ddebd543a\"},\"headline\":\"\u00bfEst\u00e1n preparados? Regreso a clases costar\u00e1 35 % m\u00e1s a padres de familia\",\"datePublished\":\"2024-08-16T18:10:52+00:00\",\"dateModified\":\"2024-08-16T18:12:52+00:00\",\"mainEntityOfPage\":{\"@id\":\"https:\\\/\\\/fuentesfidedignas.com.mx\\\/index.php\\\/2024\\\/08\\\/16\\\/regreso-a-clases-costara-35-mas-a-padres-de-familia\\\/\"},\"wordCount\":389,\"commentCount\":0,\"publisher\":{\"@id\":\"https:\\\/\\\/fuentesfidedignas.com.mx\\\/#organization\"},\"image\":{\"@id\":\"https:\\\/\\\/fuentesfidedignas.com.mx\\\/index.php\\\/2024\\\/08\\\/16\\\/regreso-a-clases-costara-35-mas-a-padres-de-familia\\\/#primaryimage\"},\"thumbnailUrl\":\"https:\\\/\\\/fuentesfidedignas.com.mx\\\/wp-content\\\/uploads\\\/2024\\\/06\\\/clase-primaria-ciclo-escolar.jpg\",\"articleSection\":[\"NOTICIAS NACIONALES\"],\"inLanguage\":\"es\",\"potentialAction\":[{\"@type\":\"CommentAction\",\"name\":\"Comment\",\"target\":[\"https:\\\/\\\/fuentesfidedignas.com.mx\\\/index.php\\\/2024\\\/08\\\/16\\\/regreso-a-clases-costara-35-mas-a-padres-de-familia\\\/#respond\"]}]},{\"@type\":\"WebPage\",\"@id\":\"https:\\\/\\\/fuentesfidedignas.com.mx\\\/index.php\\\/2024\\\/08\\\/16\\\/regreso-a-clases-costara-35-mas-a-padres-de-familia\\\/\",\"url\":\"https:\\\/\\\/fuentesfidedignas.com.mx\\\/index.php\\\/2024\\\/08\\\/16\\\/regreso-a-clases-costara-35-mas-a-padres-de-familia\\\/\",\"name\":\"\u00bfEst\u00e1n preparados? Regreso a clases costar\u00e1 35 % m\u00e1s a padres de familia - Fuentes Fidedignas\",\"isPartOf\":{\"@id\":\"https:\\\/\\\/fuentesfidedignas.com.mx\\\/#website\"},\"primaryImageOfPage\":{\"@id\":\"https:\\\/\\\/fuentesfidedignas.com.mx\\\/index.php\\\/2024\\\/08\\\/16\\\/regreso-a-clases-costara-35-mas-a-padres-de-familia\\\/#primaryimage\"},\"image\":{\"@id\":\"https:\\\/\\\/fuentesfidedignas.com.mx\\\/index.php\\\/2024\\\/08\\\/16\\\/regreso-a-clases-costara-35-mas-a-padres-de-familia\\\/#primaryimage\"},\"thumbnailUrl\":\"https:\\\/\\\/fuentesfidedignas.com.mx\\\/wp-content\\\/uploads\\\/2024\\\/06\\\/clase-primaria-ciclo-escolar.jpg\",\"datePublished\":\"2024-08-16T18:10:52+00:00\",\"dateModified\":\"2024-08-16T18:12:52+00:00\",\"breadcrumb\":{\"@id\":\"https:\\\/\\\/fuentesfidedignas.com.mx\\\/index.php\\\/2024\\\/08\\\/16\\\/regreso-a-clases-costara-35-mas-a-padres-de-familia\\\/#breadcrumb\"},\"inLanguage\":\"es\",\"potentialAction\":[{\"@type\":\"ReadAction\",\"target\":[\"https:\\\/\\\/fuentesfidedignas.com.mx\\\/index.php\\\/2024\\\/08\\\/16\\\/regreso-a-clases-costara-35-mas-a-padres-de-familia\\\/\"]}]},{\"@type\":\"ImageObject\",\"inLanguage\":\"es\",\"@id\":\"https:\\\/\\\/fuentesfidedignas.com.mx\\\/index.php\\\/2024\\\/08\\\/16\\\/regreso-a-clases-costara-35-mas-a-padres-de-familia\\\/#primaryimage\",\"url\":\"https:\\\/\\\/fuentesfidedignas.com.mx\\\/wp-content\\\/uploads\\\/2024\\\/06\\\/clase-primaria-ciclo-escolar.jpg\",\"contentUrl\":\"https:\\\/\\\/fuentesfidedignas.com.mx\\\/wp-content\\\/uploads\\\/2024\\\/06\\\/clase-primaria-ciclo-escolar.jpg\",\"width\":650,\"height\":339},{\"@type\":\"BreadcrumbList\",\"@id\":\"https:\\\/\\\/fuentesfidedignas.com.mx\\\/index.php\\\/2024\\\/08\\\/16\\\/regreso-a-clases-costara-35-mas-a-padres-de-familia\\\/#breadcrumb\",\"itemListElement\":[{\"@type\":\"ListItem\",\"position\":1,\"name\":\"Inicio\",\"item\":\"https:\\\/\\\/fuentesfidedignas.com.mx\\\/\"},{\"@type\":\"ListItem\",\"position\":2,\"name\":\"\u00bfEst\u00e1n preparados? Regreso a clases costar\u00e1 35 % m\u00e1s a padres de familia\"}]},{\"@type\":\"WebSite\",\"@id\":\"https:\\\/\\\/fuentesfidedignas.com.mx\\\/#website\",\"url\":\"https:\\\/\\\/fuentesfidedignas.com.mx\\\/\",\"name\":\"Fuentes Fidedignas\",\"description\":\"Otro sitio realizado con WordPress\",\"publisher\":{\"@id\":\"https:\\\/\\\/fuentesfidedignas.com.mx\\\/#organization\"},\"potentialAction\":[{\"@type\":\"SearchAction\",\"target\":{\"@type\":\"EntryPoint\",\"urlTemplate\":\"https:\\\/\\\/fuentesfidedignas.com.mx\\\/?s={search_term_string}\"},\"query-input\":{\"@type\":\"PropertyValueSpecification\",\"valueRequired\":true,\"valueName\":\"search_term_string\"}}],\"inLanguage\":\"es\"},{\"@type\":\"Organization\",\"@id\":\"https:\\\/\\\/fuentesfidedignas.com.mx\\\/#organization\",\"name\":\"Fuentes Fidedignas\",\"url\":\"https:\\\/\\\/fuentesfidedignas.com.mx\\\/\",\"logo\":{\"@type\":\"ImageObject\",\"inLanguage\":\"es\",\"@id\":\"https:\\\/\\\/fuentesfidedignas.com.mx\\\/#\\\/schema\\\/logo\\\/image\\\/\",\"url\":\"https:\\\/\\\/fuentesfidedignas.com.mx\\\/wp-content\\\/uploads\\\/2021\\\/04\\\/logo-retina.png\",\"contentUrl\":\"https:\\\/\\\/fuentesfidedignas.com.mx\\\/wp-content\\\/uploads\\\/2021\\\/04\\\/logo-retina.png\",\"width\":280,\"height\":51,\"caption\":\"Fuentes Fidedignas\"},\"image\":{\"@id\":\"https:\\\/\\\/fuentesfidedignas.com.mx\\\/#\\\/schema\\\/logo\\\/image\\\/\"},\"sameAs\":[\"https:\\\/\\\/www.facebook.com\\\/Fuentes-Fidedignas-368234489921644\",\"https:\\\/\\\/x.com\\\/fidedignas\"]},{\"@type\":\"Person\",\"@id\":\"https:\\\/\\\/fuentesfidedignas.com.mx\\\/#\\\/schema\\\/person\\\/67d852f0557c8509146a4b9ddebd543a\",\"name\":\"L\u00f3pez D\u00f3riga\",\"image\":{\"@type\":\"ImageObject\",\"inLanguage\":\"es\",\"@id\":\"https:\\\/\\\/secure.gravatar.com\\\/avatar\\\/e525b06574ca18b33cded59dfe5778d6c823b9513154eff47da551b0551bdd1e?s=96&d=mm&r=g\",\"url\":\"https:\\\/\\\/secure.gravatar.com\\\/avatar\\\/e525b06574ca18b33cded59dfe5778d6c823b9513154eff47da551b0551bdd1e?s=96&d=mm&r=g\",\"contentUrl\":\"https:\\\/\\\/secure.gravatar.com\\\/avatar\\\/e525b06574ca18b33cded59dfe5778d6c823b9513154eff47da551b0551bdd1e?s=96&d=mm&r=g\",\"caption\":\"L\u00f3pez D\u00f3riga\"},\"url\":\"https:\\\/\\\/fuentesfidedignas.com.mx\\\/index.php\\\/author\\\/doriga\\\/\"}]}<\/script>\n<!-- \/ Yoast SEO plugin. -->","yoast_head_json":{"title":"\u00bfEst\u00e1n preparados? Regreso a clases costar\u00e1 35 % m\u00e1s a padres de familia - Fuentes Fidedignas","robots":{"index":"index","follow":"follow","max-snippet":"max-snippet:-1","max-image-preview":"max-image-preview:large","max-video-preview":"max-video-preview:-1"},"canonical":"https:\/\/fuentesfidedignas.com.mx\/index.php\/2024\/08\/16\/regreso-a-clases-costara-35-mas-a-padres-de-familia\/","og_locale":"es_MX","og_type":"article","og_title":"\u00bfEst\u00e1n preparados? Regreso a clases costar\u00e1 35 % m\u00e1s a padres de familia - Fuentes Fidedignas","og_description":"Este 26 de agosto inicia el Ciclo Escolar 2024-2025, y con ello regresan las compras de \u00fatiles y uniformes escolares El&nbsp;regreso a clases&nbsp;costar\u00e1 35 por ciento m\u00e1s por estudiante, seg\u00fan cifras de la Alianza Nacional de Peque\u00f1os Comerciantes (Anpec). Este 26 de agosto inicia el&nbsp;Ciclo Escolar 2024-2025, y con ello regresan las compras de&nbsp;\u00fatiles&nbsp;y&nbsp;uniformes&nbsp;escolares. De [&hellip;]","og_url":"https:\/\/fuentesfidedignas.com.mx\/index.php\/2024\/08\/16\/regreso-a-clases-costara-35-mas-a-padres-de-familia\/","og_site_name":"Fuentes Fidedignas","article_publisher":"https:\/\/www.facebook.com\/Fuentes-Fidedignas-368234489921644","article_published_time":"2024-08-16T18:10:52+00:00","article_modified_time":"2024-08-16T18:12:52+00:00","og_image":[{"width":650,"height":339,"url":"https:\/\/fuentesfidedignas.com.mx\/wp-content\/uploads\/2024\/06\/clase-primaria-ciclo-escolar.jpg","type":"image\/jpeg"}],"author":"L\u00f3pez D\u00f3riga","twitter_card":"summary_large_image","twitter_creator":"@fidedignas","twitter_site":"@fidedignas","twitter_misc":{"Escrito por":"L\u00f3pez D\u00f3riga","Tiempo de lectura":"2 minutos"},"schema":{"@context":"https:\/\/schema.org","@graph":[{"@type":"Article","@id":"https:\/\/fuentesfidedignas.com.mx\/index.php\/2024\/08\/16\/regreso-a-clases-costara-35-mas-a-padres-de-familia\/#article","isPartOf":{"@id":"https:\/\/fuentesfidedignas.com.mx\/index.php\/2024\/08\/16\/regreso-a-clases-costara-35-mas-a-padres-de-familia\/"},"author":{"name":"L\u00f3pez D\u00f3riga","@id":"https:\/\/fuentesfidedignas.com.mx\/#\/schema\/person\/67d852f0557c8509146a4b9ddebd543a"},"headline":"\u00bfEst\u00e1n preparados? Regreso a clases costar\u00e1 35 % m\u00e1s a padres de familia","datePublished":"2024-08-16T18:10:52+00:00","dateModified":"2024-08-16T18:12:52+00:00","mainEntityOfPage":{"@id":"https:\/\/fuentesfidedignas.com.mx\/index.php\/2024\/08\/16\/regreso-a-clases-costara-35-mas-a-padres-de-familia\/"},"wordCount":389,"commentCount":0,"publisher":{"@id":"https:\/\/fuentesfidedignas.com.mx\/#organization"},"image":{"@id":"https:\/\/fuentesfidedignas.com.mx\/index.php\/2024\/08\/16\/regreso-a-clases-costara-35-mas-a-padres-de-familia\/#primaryimage"},"thumbnailUrl":"https:\/\/fuentesfidedignas.com.mx\/wp-content\/uploads\/2024\/06\/clase-primaria-ciclo-escolar.jpg","articleSection":["NOTICIAS NACIONALES"],"inLanguage":"es","potentialAction":[{"@type":"CommentAction","name":"Comment","target":["https:\/\/fuentesfidedignas.com.mx\/index.php\/2024\/08\/16\/regreso-a-clases-costara-35-mas-a-padres-de-familia\/#respond"]}]},{"@type":"WebPage","@id":"https:\/\/fuentesfidedignas.com.mx\/index.php\/2024\/08\/16\/regreso-a-clases-costara-35-mas-a-padres-de-familia\/","url":"https:\/\/fuentesfidedignas.com.mx\/index.php\/2024\/08\/16\/regreso-a-clases-costara-35-mas-a-padres-de-familia\/","name":"\u00bfEst\u00e1n preparados? Regreso a clases costar\u00e1 35 % m\u00e1s a padres de familia - Fuentes Fidedignas","isPartOf":{"@id":"https:\/\/fuentesfidedignas.com.mx\/#website"},"primaryImageOfPage":{"@id":"https:\/\/fuentesfidedignas.com.mx\/index.php\/2024\/08\/16\/regreso-a-clases-costara-35-mas-a-padres-de-familia\/#primaryimage"},"image":{"@id":"https:\/\/fuentesfidedignas.com.mx\/index.php\/2024\/08\/16\/regreso-a-clases-costara-35-mas-a-padres-de-familia\/#primaryimage"},"thumbnailUrl":"https:\/\/fuentesfidedignas.com.mx\/wp-content\/uploads\/2024\/06\/clase-primaria-ciclo-escolar.jpg","datePublished":"2024-08-16T18:10:52+00:00","dateModified":"2024-08-16T18:12:52+00:00","breadcrumb":{"@id":"https:\/\/fuentesfidedignas.com.mx\/index.php\/2024\/08\/16\/regreso-a-clases-costara-35-mas-a-padres-de-familia\/#breadcrumb"},"inLanguage":"es","potentialAction":[{"@type":"ReadAction","target":["https:\/\/fuentesfidedignas.com.mx\/index.php\/2024\/08\/16\/regreso-a-clases-costara-35-mas-a-padres-de-familia\/"]}]},{"@type":"ImageObject","inLanguage":"es","@id":"https:\/\/fuentesfidedignas.com.mx\/index.php\/2024\/08\/16\/regreso-a-clases-costara-35-mas-a-padres-de-familia\/#primaryimage","url":"https:\/\/fuentesfidedignas.com.mx\/wp-content\/uploads\/2024\/06\/clase-primaria-ciclo-escolar.jpg","contentUrl":"https:\/\/fuentesfidedignas.com.mx\/wp-content\/uploads\/2024\/06\/clase-primaria-ciclo-escolar.jpg","width":650,"height":339},{"@type":"BreadcrumbList","@id":"https:\/\/fuentesfidedignas.com.mx\/index.php\/2024\/08\/16\/regreso-a-clases-costara-35-mas-a-padres-de-familia\/#breadcrumb","itemListElement":[{"@type":"ListItem","position":1,"name":"Inicio","item":"https:\/\/fuentesfidedignas.com.mx\/"},{"@type":"ListItem","position":2,"name":"\u00bfEst\u00e1n preparados? Regreso a clases costar\u00e1 35 % m\u00e1s a padres de familia"}]},{"@type":"WebSite","@id":"https:\/\/fuentesfidedignas.com.mx\/#website","url":"https:\/\/fuentesfidedignas.com.mx\/","name":"Fuentes Fidedignas","description":"Otro sitio realizado con WordPress","publisher":{"@id":"https:\/\/fuentesfidedignas.com.mx\/#organization"},"potentialAction":[{"@type":"SearchAction","target":{"@type":"EntryPoint","urlTemplate":"https:\/\/fuentesfidedignas.com.mx\/?s={search_term_string}"},"query-input":{"@type":"PropertyValueSpecification","valueRequired":true,"valueName":"search_term_string"}}],"inLanguage":"es"},{"@type":"Organization","@id":"https:\/\/fuentesfidedignas.com.mx\/#organization","name":"Fuentes Fidedignas","url":"https:\/\/fuentesfidedignas.com.mx\/","logo":{"@type":"ImageObject","inLanguage":"es","@id":"https:\/\/fuentesfidedignas.com.mx\/#\/schema\/logo\/image\/","url":"https:\/\/fuentesfidedignas.com.mx\/wp-content\/uploads\/2021\/04\/logo-retina.png","contentUrl":"https:\/\/fuentesfidedignas.com.mx\/wp-content\/uploads\/2021\/04\/logo-retina.png","width":280,"height":51,"caption":"Fuentes Fidedignas"},"image":{"@id":"https:\/\/fuentesfidedignas.com.mx\/#\/schema\/logo\/image\/"},"sameAs":["https:\/\/www.facebook.com\/Fuentes-Fidedignas-368234489921644","https:\/\/x.com\/fidedignas"]},{"@type":"Person","@id":"https:\/\/fuentesfidedignas.com.mx\/#\/schema\/person\/67d852f0557c8509146a4b9ddebd543a","name":"L\u00f3pez D\u00f3riga","image":{"@type":"ImageObject","inLanguage":"es","@id":"https:\/\/secure.gravatar.com\/avatar\/e525b06574ca18b33cded59dfe5778d6c823b9513154eff47da551b0551bdd1e?s=96&d=mm&r=g","url":"https:\/\/secure.gravatar.com\/avatar\/e525b06574ca18b33cded59dfe5778d6c823b9513154eff47da551b0551bdd1e?s=96&d=mm&r=g","contentUrl":"https:\/\/secure.gravatar.com\/avatar\/e525b06574ca18b33cded59dfe5778d6c823b9513154eff47da551b0551bdd1e?s=96&d=mm&r=g","caption":"L\u00f3pez D\u00f3riga"},"url":"https:\/\/fuentesfidedignas.com.mx\/index.php\/author\/doriga\/"}]}},"_links":{"self":[{"href":"https:\/\/fuentesfidedignas.com.mx\/index.php\/wp-json\/wp\/v2\/posts\/88904","targetHints":{"allow":["GET"]}}],"collection":[{"href":"https:\/\/fuentesfidedignas.com.mx\/index.php\/wp-json\/wp\/v2\/posts"}],"about":[{"href":"https:\/\/fuentesfidedignas.com.mx\/index.php\/wp-json\/wp\/v2\/types\/post"}],"author":[{"embeddable":true,"href":"https:\/\/fuentesfidedignas.com.mx\/index.php\/wp-json\/wp\/v2\/users\/47"}],"replies":[{"embeddable":true,"href":"https:\/\/fuentesfidedignas.com.mx\/index.php\/wp-json\/wp\/v2\/comments?post=88904"}],"version-history":[{"count":2,"href":"https:\/\/fuentesfidedignas.com.mx\/index.php\/wp-json\/wp\/v2\/posts\/88904\/revisions"}],"predecessor-version":[{"id":88906,"href":"https:\/\/fuentesfidedignas.com.mx\/index.php\/wp-json\/wp\/v2\/posts\/88904\/revisions\/88906"}],"wp:featuredmedia":[{"embeddable":true,"href":"https:\/\/fuentesfidedignas.com.mx\/index.php\/wp-json\/wp\/v2\/media\/83801"}],"wp:attachment":[{"href":"https:\/\/fuentesfidedignas.com.mx\/index.php\/wp-json\/wp\/v2\/media?parent=88904"}],"wp:term":[{"taxonomy":"category","embeddable":true,"href":"https:\/\/fuentesfidedignas.com.mx\/index.php\/wp-json\/wp\/v2\/categories?post=88904"},{"taxonomy":"post_tag","embeddable":true,"href":"https:\/\/fuentesfidedignas.com.mx\/index.php\/wp-json\/wp\/v2\/tags?post=88904"}],"curies":[{"name":"wp","href":"https:\/\/api.w.org\/{rel}","templated":true}]}}