{"id":88748,"date":"2024-08-14T19:52:13","date_gmt":"2024-08-15T02:52:13","guid":{"rendered":"https:\/\/fuentesfidedignas.com.mx\/?p=88748"},"modified":"2024-08-14T19:52:13","modified_gmt":"2024-08-15T02:52:13","slug":"absuelven-a-exdiputado-acusado-de-atacar-con-acido-a-la-saxofonista-elena-rios","status":"publish","type":"post","link":"https:\/\/fuentesfidedignas.com.mx\/index.php\/2024\/08\/14\/absuelven-a-exdiputado-acusado-de-atacar-con-acido-a-la-saxofonista-elena-rios\/","title":{"rendered":"Absuelven a exdiputado acusado de atacar con \u00e1cido a la saxofonista Elena R\u00edos"},"content":{"rendered":"\n<p><strong><em>El juez determin\u00f3 que Vera Carrizal debe quedar en libertad de inmediato y orden\u00f3 levantar de todo embargo precautorio o aseguramiento de bienes<\/em><\/strong><\/p>\n\n\n\n<p>Juan Antonio Vera Carrizal, presunto autor intelectual del ataque con \u00e1cido contra Mar\u00eda Elena R\u00edos Ortiz, fue absuelto y quedar\u00e1 en libertad, se\u00f1al\u00f3 la saxofonista mediante una publicaci\u00f3n en redes sociales.<\/p>\n\n\n\n<p>&#8220;Gan\u00f3 la corrupci\u00f3n. Juan Antonio Vera Carrizal ha quedado en libertad. 20 minutos le tom\u00f3 a este juez corrupto Jos\u00e9 Gabriel Ram\u00edrez Monta\u00f1o la resoluci\u00f3n&#8221;, escribi\u00f3 la saxofonista.<\/p>\n\n\n\n<figure class=\"wp-block-embed\"><div class=\"wp-block-embed__wrapper\">\nhttps:\/\/x.com\/_ElenaRios\/status\/1823798225662566492\n<\/div><\/figure>\n\n\n\n<p>Mar\u00eda Elena R\u00edos acompa\u00f1\u00f3 la publicaci\u00f3n con un video donde se escucha al juez cuando ofrece detalles de la resoluci\u00f3n.<\/p>\n\n\n\n<blockquote class=\"wp-block-quote is-layout-flow wp-block-quote-is-layout-flow\">\n<p>&#8220;Este tribunal considera que la representaci\u00f3n social con las pruebas aportadas no logr\u00f3 destruir la presunci\u00f3n de inocencia que tienen los acusados. (&#8230;) como consecuencia de ello,&nbsp;<strong>he resuelto absolver a Rubicel Hern\u00e1ndez R\u00edos, Juan Antonio Vera Carrizal y Rub\u00e9n Loaiza Ch\u00e1vez<\/strong>&nbsp;de la acusaci\u00f3n que en su contra formul\u00f3 el agente del ministerio p\u00fablico por el delito de&nbsp;<strong>feminicidio en grado de tentativa<\/strong>, que se dijo cometido en agravio de la persona de identidad reservada&#8221;, dijo el juez.<\/p>\n<\/blockquote>\n\n\n\n<blockquote class=\"wp-block-quote is-layout-flow wp-block-quote-is-layout-flow\">\n<p>&#8220;En consecuencia&nbsp;<strong>quedan en inmediata libertad<\/strong>&nbsp;y desde luego se deja sin efecto la medida cautelar de prisi\u00f3n preventiva que se les impuso en la presente causa penal&#8221;.<\/p>\n<\/blockquote>\n\n\n\n<p>El juez indic\u00f3 que deber\u00e1 comunicarse, mediante el oficio correspondiente, a la unidad de medidas cautelares para los efectos legales que haya lugar, as\u00ed como al director del&nbsp;<strong>centro penitenciario femenil de Tanivet<\/strong>&nbsp;en Tlacolula, Oaxaca<\/p>\n\n\n\n<blockquote class=\"wp-block-quote is-layout-flow wp-block-quote-is-layout-flow\">\n<p>&#8220;Se ordena&nbsp;<strong>levantamiento de todo embargo precautorio o aseguramiento de bienes<\/strong>que se haya decretado en contra de los ahora absueltos&#8221;.<\/p>\n<\/blockquote>\n\n\n\n<p>Agreg\u00f3 que los detalles de argumentaci\u00f3n f\u00e1ctica, probatoria y jur\u00eddica se precisar\u00e1n en la sentencia, una vez integrada. &#8220;Las exigencias que la ley se\u00f1ala para la emisi\u00f3n del fallo han sido cumplidas&#8221;, dijo.<\/p>\n\n\n\n<h2 class=\"wp-block-heading\">\u200b\u00bfC\u00f3mo fue el ataque?<\/h2>\n\n\n\n<p>El ataque que cambi\u00f3 la vida de Mar\u00eda Elena R\u00edos&nbsp;<strong>ocurri\u00f3 el 9 de septiembre de 2019<\/strong>, en Huajuapan de Le\u00f3n,&nbsp;<a href=\"https:\/\/www.milenio.com\/estados\/migrantes-en-caravana-de-jesucristo-llegan-a-juchitan-oaxaca?utm_cmp_rs=Nota%20Enlace%20Editorial\" target=\"_blank\" rel=\"noreferrer noopener\">Oaxaca<\/a>.&nbsp;<\/p>\n\n\n\n<p>R\u00edos Ortiz, quien entonces ten\u00eda&nbsp;<strong>26 a\u00f1os<\/strong>, fue atacada en su propio hogar por un hombre que le roci\u00f3 \u00e1cido sulf\u00farico en el rostro y cuerpo, caus\u00e1ndole lesiones permanentes.&nbsp;<\/p>\n\n\n\n<p>El acto, que fue calificado como&nbsp;<strong>intento de feminicidio<\/strong>, fue presuntamente orquestado por Juan Antonio Vera Carrizal, un ex diputado y empresario local, quien, seg\u00fan las investigaciones,&nbsp;<strong>pag\u00f3 a los agresores materiales<\/strong>&nbsp;para llevar a cabo el ataque.<\/p>\n\n\n\n<h2 class=\"wp-block-heading\"><strong>\u00bfC\u00f3mo fue la investigaci\u00f3n?<\/strong><\/h2>\n\n\n\n<p>La investigaci\u00f3n del caso llev\u00f3 a la&nbsp;<strong>identificaci\u00f3n de cinco hombres<\/strong>&nbsp;involucrados en el ataque, entre ellos Vera Carrizal y su hijo,&nbsp;<strong>Juan Antonio Vera Hern\u00e1ndez<\/strong>.&nbsp;<\/p>\n\n\n\n<p>Desde el inicio, el proceso estuvo marcado por&nbsp;<strong>acusaciones de irregularidades y encubrimientos<\/strong>. Ponciano&nbsp;&#8220;N&#8221; y Rubiciel &#8220;R&#8221;, presuntos autores materiales, fueron detenidos en diciembre de 2019 y&nbsp;<strong>vinculados a proceso poco despu\u00e9s<\/strong>, aunque el primero muri\u00f3 en prisi\u00f3n en 2021. El tercer implicado, Rub\u00e9n &#8220;M&#8221;, alias&nbsp;<em>El Charles<\/em>, fue detenido en abril de 2020.<\/p>\n\n\n\n<p>Vera Carrizal, se\u00f1alado como el&nbsp;<strong>autor intelectual<\/strong>, logr\u00f3 evadir la justicia durante varios meses tras obtener un amparo que&nbsp;<strong>fren\u00f3&nbsp;<\/strong>su captura.&nbsp;<\/p>\n\n\n\n<p>No fue hasta abril de 2020 que,&nbsp;<strong>presionado por la creciente atenci\u00f3n medi\u00e1tica<\/strong>&nbsp;y las acciones de las autoridades, se entreg\u00f3 voluntariamente.&nbsp;<\/p>\n\n\n\n<p>A pesar de ser vinculado a proceso y encarcelado en el&nbsp;<a href=\"https:\/\/www.milenio.com\/estados\/incrementa-ingreso-ilegal-drogas-carceles-oaxaca?utm_cmp_rs=Nota%20Enlace%20Editorial\" target=\"_blank\" rel=\"noreferrer noopener\">penal de&nbsp;<strong>Tanivet<\/strong><\/a><strong><\/strong>, el juicio en su contra se vio envuelto en continuas postergaciones.<\/p>\n","protected":false},"excerpt":{"rendered":"<p>El juez determin\u00f3 que Vera Carrizal debe quedar en libertad de inmediato y orden\u00f3 levantar de todo embargo precautorio o aseguramiento de bienes Juan Antonio Vera Carrizal, presunto autor intelectual del ataque con \u00e1cido contra Mar\u00eda Elena R\u00edos Ortiz, fue absuelto y quedar\u00e1 en libertad, se\u00f1al\u00f3 la saxofonista mediante una publicaci\u00f3n en redes sociales. &#8220;Gan\u00f3 [&hellip;]<\/p>\n","protected":false},"author":9,"featured_media":88747,"comment_status":"closed","ping_status":"open","sticky":false,"template":"","format":"standard","meta":{"tdm_status":"","tdm_grid_status":"","footnotes":""},"categories":[39],"tags":[],"class_list":{"0":"post-88748","1":"post","2":"type-post","3":"status-publish","4":"format-standard","5":"has-post-thumbnail","7":"category-noticias-nacionales"},"yoast_head":"<!-- This site is optimized with the Yoast SEO plugin v27.5 - https:\/\/yoast.com\/product\/yoast-seo-wordpress\/ -->\n<title>Absuelven a exdiputado acusado de atacar con \u00e1cido a la saxofonista Elena R\u00edos - Fuentes Fidedignas<\/title>\n<meta name=\"robots\" content=\"index, follow, max-snippet:-1, max-image-preview:large, max-video-preview:-1\" \/>\n<link rel=\"canonical\" href=\"https:\/\/fuentesfidedignas.com.mx\/index.php\/2024\/08\/14\/absuelven-a-exdiputado-acusado-de-atacar-con-acido-a-la-saxofonista-elena-rios\/\" \/>\n<meta property=\"og:locale\" content=\"es_MX\" \/>\n<meta property=\"og:type\" content=\"article\" \/>\n<meta property=\"og:title\" content=\"Absuelven a exdiputado acusado de atacar con \u00e1cido a la saxofonista Elena R\u00edos - Fuentes Fidedignas\" \/>\n<meta property=\"og:description\" content=\"El juez determin\u00f3 que Vera Carrizal debe quedar en libertad de inmediato y orden\u00f3 levantar de todo embargo precautorio o aseguramiento de bienes Juan Antonio Vera Carrizal, presunto autor intelectual del ataque con \u00e1cido contra Mar\u00eda Elena R\u00edos Ortiz, fue absuelto y quedar\u00e1 en libertad, se\u00f1al\u00f3 la saxofonista mediante una publicaci\u00f3n en redes sociales. &#8220;Gan\u00f3 [&hellip;]\" \/>\n<meta property=\"og:url\" content=\"https:\/\/fuentesfidedignas.com.mx\/index.php\/2024\/08\/14\/absuelven-a-exdiputado-acusado-de-atacar-con-acido-a-la-saxofonista-elena-rios\/\" \/>\n<meta property=\"og:site_name\" content=\"Fuentes Fidedignas\" \/>\n<meta property=\"article:publisher\" content=\"https:\/\/www.facebook.com\/Fuentes-Fidedignas-368234489921644\" \/>\n<meta property=\"article:published_time\" content=\"2024-08-15T02:52:13+00:00\" \/>\n<meta property=\"og:image\" content=\"https:\/\/fuentesfidedignas.com.mx\/wp-content\/uploads\/2024\/08\/img_4043.jpg\" \/>\n\t<meta property=\"og:image:width\" content=\"1024\" \/>\n\t<meta property=\"og:image:height\" content=\"683\" \/>\n\t<meta property=\"og:image:type\" content=\"image\/jpeg\" \/>\n<meta name=\"author\" content=\"Milenio\" \/>\n<meta name=\"twitter:card\" content=\"summary_large_image\" \/>\n<meta name=\"twitter:creator\" content=\"@fidedignas\" \/>\n<meta name=\"twitter:site\" content=\"@fidedignas\" \/>\n<meta name=\"twitter:label1\" content=\"Escrito por\" \/>\n\t<meta name=\"twitter:data1\" content=\"Milenio\" \/>\n\t<meta name=\"twitter:label2\" content=\"Tiempo de lectura\" \/>\n\t<meta name=\"twitter:data2\" content=\"3 minutos\" \/>\n<script type=\"application\/ld+json\" class=\"yoast-schema-graph\">{\"@context\":\"https:\\\/\\\/schema.org\",\"@graph\":[{\"@type\":\"Article\",\"@id\":\"https:\\\/\\\/fuentesfidedignas.com.mx\\\/index.php\\\/2024\\\/08\\\/14\\\/absuelven-a-exdiputado-acusado-de-atacar-con-acido-a-la-saxofonista-elena-rios\\\/#article\",\"isPartOf\":{\"@id\":\"https:\\\/\\\/fuentesfidedignas.com.mx\\\/index.php\\\/2024\\\/08\\\/14\\\/absuelven-a-exdiputado-acusado-de-atacar-con-acido-a-la-saxofonista-elena-rios\\\/\"},\"author\":{\"name\":\"Milenio\",\"@id\":\"https:\\\/\\\/fuentesfidedignas.com.mx\\\/#\\\/schema\\\/person\\\/47ec0135738f4b0c7495f06a77a2c976\"},\"headline\":\"Absuelven a exdiputado acusado de atacar con \u00e1cido a la saxofonista Elena R\u00edos\",\"datePublished\":\"2024-08-15T02:52:13+00:00\",\"mainEntityOfPage\":{\"@id\":\"https:\\\/\\\/fuentesfidedignas.com.mx\\\/index.php\\\/2024\\\/08\\\/14\\\/absuelven-a-exdiputado-acusado-de-atacar-con-acido-a-la-saxofonista-elena-rios\\\/\"},\"wordCount\":636,\"publisher\":{\"@id\":\"https:\\\/\\\/fuentesfidedignas.com.mx\\\/#organization\"},\"image\":{\"@id\":\"https:\\\/\\\/fuentesfidedignas.com.mx\\\/index.php\\\/2024\\\/08\\\/14\\\/absuelven-a-exdiputado-acusado-de-atacar-con-acido-a-la-saxofonista-elena-rios\\\/#primaryimage\"},\"thumbnailUrl\":\"https:\\\/\\\/fuentesfidedignas.com.mx\\\/wp-content\\\/uploads\\\/2024\\\/08\\\/img_4043.jpg\",\"articleSection\":[\"NOTICIAS NACIONALES\"],\"inLanguage\":\"es\"},{\"@type\":\"WebPage\",\"@id\":\"https:\\\/\\\/fuentesfidedignas.com.mx\\\/index.php\\\/2024\\\/08\\\/14\\\/absuelven-a-exdiputado-acusado-de-atacar-con-acido-a-la-saxofonista-elena-rios\\\/\",\"url\":\"https:\\\/\\\/fuentesfidedignas.com.mx\\\/index.php\\\/2024\\\/08\\\/14\\\/absuelven-a-exdiputado-acusado-de-atacar-con-acido-a-la-saxofonista-elena-rios\\\/\",\"name\":\"Absuelven a exdiputado acusado de atacar con \u00e1cido a la saxofonista Elena R\u00edos - Fuentes Fidedignas\",\"isPartOf\":{\"@id\":\"https:\\\/\\\/fuentesfidedignas.com.mx\\\/#website\"},\"primaryImageOfPage\":{\"@id\":\"https:\\\/\\\/fuentesfidedignas.com.mx\\\/index.php\\\/2024\\\/08\\\/14\\\/absuelven-a-exdiputado-acusado-de-atacar-con-acido-a-la-saxofonista-elena-rios\\\/#primaryimage\"},\"image\":{\"@id\":\"https:\\\/\\\/fuentesfidedignas.com.mx\\\/index.php\\\/2024\\\/08\\\/14\\\/absuelven-a-exdiputado-acusado-de-atacar-con-acido-a-la-saxofonista-elena-rios\\\/#primaryimage\"},\"thumbnailUrl\":\"https:\\\/\\\/fuentesfidedignas.com.mx\\\/wp-content\\\/uploads\\\/2024\\\/08\\\/img_4043.jpg\",\"datePublished\":\"2024-08-15T02:52:13+00:00\",\"breadcrumb\":{\"@id\":\"https:\\\/\\\/fuentesfidedignas.com.mx\\\/index.php\\\/2024\\\/08\\\/14\\\/absuelven-a-exdiputado-acusado-de-atacar-con-acido-a-la-saxofonista-elena-rios\\\/#breadcrumb\"},\"inLanguage\":\"es\",\"potentialAction\":[{\"@type\":\"ReadAction\",\"target\":[\"https:\\\/\\\/fuentesfidedignas.com.mx\\\/index.php\\\/2024\\\/08\\\/14\\\/absuelven-a-exdiputado-acusado-de-atacar-con-acido-a-la-saxofonista-elena-rios\\\/\"]}]},{\"@type\":\"ImageObject\",\"inLanguage\":\"es\",\"@id\":\"https:\\\/\\\/fuentesfidedignas.com.mx\\\/index.php\\\/2024\\\/08\\\/14\\\/absuelven-a-exdiputado-acusado-de-atacar-con-acido-a-la-saxofonista-elena-rios\\\/#primaryimage\",\"url\":\"https:\\\/\\\/fuentesfidedignas.com.mx\\\/wp-content\\\/uploads\\\/2024\\\/08\\\/img_4043.jpg\",\"contentUrl\":\"https:\\\/\\\/fuentesfidedignas.com.mx\\\/wp-content\\\/uploads\\\/2024\\\/08\\\/img_4043.jpg\",\"width\":1024,\"height\":683},{\"@type\":\"BreadcrumbList\",\"@id\":\"https:\\\/\\\/fuentesfidedignas.com.mx\\\/index.php\\\/2024\\\/08\\\/14\\\/absuelven-a-exdiputado-acusado-de-atacar-con-acido-a-la-saxofonista-elena-rios\\\/#breadcrumb\",\"itemListElement\":[{\"@type\":\"ListItem\",\"position\":1,\"name\":\"Inicio\",\"item\":\"https:\\\/\\\/fuentesfidedignas.com.mx\\\/\"},{\"@type\":\"ListItem\",\"position\":2,\"name\":\"Absuelven a exdiputado acusado de atacar con \u00e1cido a la saxofonista Elena R\u00edos\"}]},{\"@type\":\"WebSite\",\"@id\":\"https:\\\/\\\/fuentesfidedignas.com.mx\\\/#website\",\"url\":\"https:\\\/\\\/fuentesfidedignas.com.mx\\\/\",\"name\":\"Fuentes Fidedignas\",\"description\":\"Otro sitio realizado con WordPress\",\"publisher\":{\"@id\":\"https:\\\/\\\/fuentesfidedignas.com.mx\\\/#organization\"},\"potentialAction\":[{\"@type\":\"SearchAction\",\"target\":{\"@type\":\"EntryPoint\",\"urlTemplate\":\"https:\\\/\\\/fuentesfidedignas.com.mx\\\/?s={search_term_string}\"},\"query-input\":{\"@type\":\"PropertyValueSpecification\",\"valueRequired\":true,\"valueName\":\"search_term_string\"}}],\"inLanguage\":\"es\"},{\"@type\":\"Organization\",\"@id\":\"https:\\\/\\\/fuentesfidedignas.com.mx\\\/#organization\",\"name\":\"Fuentes Fidedignas\",\"url\":\"https:\\\/\\\/fuentesfidedignas.com.mx\\\/\",\"logo\":{\"@type\":\"ImageObject\",\"inLanguage\":\"es\",\"@id\":\"https:\\\/\\\/fuentesfidedignas.com.mx\\\/#\\\/schema\\\/logo\\\/image\\\/\",\"url\":\"https:\\\/\\\/fuentesfidedignas.com.mx\\\/wp-content\\\/uploads\\\/2021\\\/04\\\/logo-retina.png\",\"contentUrl\":\"https:\\\/\\\/fuentesfidedignas.com.mx\\\/wp-content\\\/uploads\\\/2021\\\/04\\\/logo-retina.png\",\"width\":280,\"height\":51,\"caption\":\"Fuentes Fidedignas\"},\"image\":{\"@id\":\"https:\\\/\\\/fuentesfidedignas.com.mx\\\/#\\\/schema\\\/logo\\\/image\\\/\"},\"sameAs\":[\"https:\\\/\\\/www.facebook.com\\\/Fuentes-Fidedignas-368234489921644\",\"https:\\\/\\\/x.com\\\/fidedignas\"]},{\"@type\":\"Person\",\"@id\":\"https:\\\/\\\/fuentesfidedignas.com.mx\\\/#\\\/schema\\\/person\\\/47ec0135738f4b0c7495f06a77a2c976\",\"name\":\"Milenio\",\"image\":{\"@type\":\"ImageObject\",\"inLanguage\":\"es\",\"@id\":\"https:\\\/\\\/secure.gravatar.com\\\/avatar\\\/acabf7b54753e51c2c76457954577c236b3b764789b19879565769739d1e4a75?s=96&d=mm&r=g\",\"url\":\"https:\\\/\\\/secure.gravatar.com\\\/avatar\\\/acabf7b54753e51c2c76457954577c236b3b764789b19879565769739d1e4a75?s=96&d=mm&r=g\",\"contentUrl\":\"https:\\\/\\\/secure.gravatar.com\\\/avatar\\\/acabf7b54753e51c2c76457954577c236b3b764789b19879565769739d1e4a75?s=96&d=mm&r=g\",\"caption\":\"Milenio\"},\"url\":\"https:\\\/\\\/fuentesfidedignas.com.mx\\\/index.php\\\/author\\\/milenio\\\/\"}]}<\/script>\n<!-- \/ Yoast SEO plugin. -->","yoast_head_json":{"title":"Absuelven a exdiputado acusado de atacar con \u00e1cido a la saxofonista Elena R\u00edos - Fuentes Fidedignas","robots":{"index":"index","follow":"follow","max-snippet":"max-snippet:-1","max-image-preview":"max-image-preview:large","max-video-preview":"max-video-preview:-1"},"canonical":"https:\/\/fuentesfidedignas.com.mx\/index.php\/2024\/08\/14\/absuelven-a-exdiputado-acusado-de-atacar-con-acido-a-la-saxofonista-elena-rios\/","og_locale":"es_MX","og_type":"article","og_title":"Absuelven a exdiputado acusado de atacar con \u00e1cido a la saxofonista Elena R\u00edos - Fuentes Fidedignas","og_description":"El juez determin\u00f3 que Vera Carrizal debe quedar en libertad de inmediato y orden\u00f3 levantar de todo embargo precautorio o aseguramiento de bienes Juan Antonio Vera Carrizal, presunto autor intelectual del ataque con \u00e1cido contra Mar\u00eda Elena R\u00edos Ortiz, fue absuelto y quedar\u00e1 en libertad, se\u00f1al\u00f3 la saxofonista mediante una publicaci\u00f3n en redes sociales. &#8220;Gan\u00f3 [&hellip;]","og_url":"https:\/\/fuentesfidedignas.com.mx\/index.php\/2024\/08\/14\/absuelven-a-exdiputado-acusado-de-atacar-con-acido-a-la-saxofonista-elena-rios\/","og_site_name":"Fuentes Fidedignas","article_publisher":"https:\/\/www.facebook.com\/Fuentes-Fidedignas-368234489921644","article_published_time":"2024-08-15T02:52:13+00:00","og_image":[{"width":1024,"height":683,"url":"https:\/\/fuentesfidedignas.com.mx\/wp-content\/uploads\/2024\/08\/img_4043.jpg","type":"image\/jpeg"}],"author":"Milenio","twitter_card":"summary_large_image","twitter_creator":"@fidedignas","twitter_site":"@fidedignas","twitter_misc":{"Escrito por":"Milenio","Tiempo de lectura":"3 minutos"},"schema":{"@context":"https:\/\/schema.org","@graph":[{"@type":"Article","@id":"https:\/\/fuentesfidedignas.com.mx\/index.php\/2024\/08\/14\/absuelven-a-exdiputado-acusado-de-atacar-con-acido-a-la-saxofonista-elena-rios\/#article","isPartOf":{"@id":"https:\/\/fuentesfidedignas.com.mx\/index.php\/2024\/08\/14\/absuelven-a-exdiputado-acusado-de-atacar-con-acido-a-la-saxofonista-elena-rios\/"},"author":{"name":"Milenio","@id":"https:\/\/fuentesfidedignas.com.mx\/#\/schema\/person\/47ec0135738f4b0c7495f06a77a2c976"},"headline":"Absuelven a exdiputado acusado de atacar con \u00e1cido a la saxofonista Elena R\u00edos","datePublished":"2024-08-15T02:52:13+00:00","mainEntityOfPage":{"@id":"https:\/\/fuentesfidedignas.com.mx\/index.php\/2024\/08\/14\/absuelven-a-exdiputado-acusado-de-atacar-con-acido-a-la-saxofonista-elena-rios\/"},"wordCount":636,"publisher":{"@id":"https:\/\/fuentesfidedignas.com.mx\/#organization"},"image":{"@id":"https:\/\/fuentesfidedignas.com.mx\/index.php\/2024\/08\/14\/absuelven-a-exdiputado-acusado-de-atacar-con-acido-a-la-saxofonista-elena-rios\/#primaryimage"},"thumbnailUrl":"https:\/\/fuentesfidedignas.com.mx\/wp-content\/uploads\/2024\/08\/img_4043.jpg","articleSection":["NOTICIAS NACIONALES"],"inLanguage":"es"},{"@type":"WebPage","@id":"https:\/\/fuentesfidedignas.com.mx\/index.php\/2024\/08\/14\/absuelven-a-exdiputado-acusado-de-atacar-con-acido-a-la-saxofonista-elena-rios\/","url":"https:\/\/fuentesfidedignas.com.mx\/index.php\/2024\/08\/14\/absuelven-a-exdiputado-acusado-de-atacar-con-acido-a-la-saxofonista-elena-rios\/","name":"Absuelven a exdiputado acusado de atacar con \u00e1cido a la saxofonista Elena R\u00edos - Fuentes Fidedignas","isPartOf":{"@id":"https:\/\/fuentesfidedignas.com.mx\/#website"},"primaryImageOfPage":{"@id":"https:\/\/fuentesfidedignas.com.mx\/index.php\/2024\/08\/14\/absuelven-a-exdiputado-acusado-de-atacar-con-acido-a-la-saxofonista-elena-rios\/#primaryimage"},"image":{"@id":"https:\/\/fuentesfidedignas.com.mx\/index.php\/2024\/08\/14\/absuelven-a-exdiputado-acusado-de-atacar-con-acido-a-la-saxofonista-elena-rios\/#primaryimage"},"thumbnailUrl":"https:\/\/fuentesfidedignas.com.mx\/wp-content\/uploads\/2024\/08\/img_4043.jpg","datePublished":"2024-08-15T02:52:13+00:00","breadcrumb":{"@id":"https:\/\/fuentesfidedignas.com.mx\/index.php\/2024\/08\/14\/absuelven-a-exdiputado-acusado-de-atacar-con-acido-a-la-saxofonista-elena-rios\/#breadcrumb"},"inLanguage":"es","potentialAction":[{"@type":"ReadAction","target":["https:\/\/fuentesfidedignas.com.mx\/index.php\/2024\/08\/14\/absuelven-a-exdiputado-acusado-de-atacar-con-acido-a-la-saxofonista-elena-rios\/"]}]},{"@type":"ImageObject","inLanguage":"es","@id":"https:\/\/fuentesfidedignas.com.mx\/index.php\/2024\/08\/14\/absuelven-a-exdiputado-acusado-de-atacar-con-acido-a-la-saxofonista-elena-rios\/#primaryimage","url":"https:\/\/fuentesfidedignas.com.mx\/wp-content\/uploads\/2024\/08\/img_4043.jpg","contentUrl":"https:\/\/fuentesfidedignas.com.mx\/wp-content\/uploads\/2024\/08\/img_4043.jpg","width":1024,"height":683},{"@type":"BreadcrumbList","@id":"https:\/\/fuentesfidedignas.com.mx\/index.php\/2024\/08\/14\/absuelven-a-exdiputado-acusado-de-atacar-con-acido-a-la-saxofonista-elena-rios\/#breadcrumb","itemListElement":[{"@type":"ListItem","position":1,"name":"Inicio","item":"https:\/\/fuentesfidedignas.com.mx\/"},{"@type":"ListItem","position":2,"name":"Absuelven a exdiputado acusado de atacar con \u00e1cido a la saxofonista Elena R\u00edos"}]},{"@type":"WebSite","@id":"https:\/\/fuentesfidedignas.com.mx\/#website","url":"https:\/\/fuentesfidedignas.com.mx\/","name":"Fuentes Fidedignas","description":"Otro sitio realizado con WordPress","publisher":{"@id":"https:\/\/fuentesfidedignas.com.mx\/#organization"},"potentialAction":[{"@type":"SearchAction","target":{"@type":"EntryPoint","urlTemplate":"https:\/\/fuentesfidedignas.com.mx\/?s={search_term_string}"},"query-input":{"@type":"PropertyValueSpecification","valueRequired":true,"valueName":"search_term_string"}}],"inLanguage":"es"},{"@type":"Organization","@id":"https:\/\/fuentesfidedignas.com.mx\/#organization","name":"Fuentes Fidedignas","url":"https:\/\/fuentesfidedignas.com.mx\/","logo":{"@type":"ImageObject","inLanguage":"es","@id":"https:\/\/fuentesfidedignas.com.mx\/#\/schema\/logo\/image\/","url":"https:\/\/fuentesfidedignas.com.mx\/wp-content\/uploads\/2021\/04\/logo-retina.png","contentUrl":"https:\/\/fuentesfidedignas.com.mx\/wp-content\/uploads\/2021\/04\/logo-retina.png","width":280,"height":51,"caption":"Fuentes Fidedignas"},"image":{"@id":"https:\/\/fuentesfidedignas.com.mx\/#\/schema\/logo\/image\/"},"sameAs":["https:\/\/www.facebook.com\/Fuentes-Fidedignas-368234489921644","https:\/\/x.com\/fidedignas"]},{"@type":"Person","@id":"https:\/\/fuentesfidedignas.com.mx\/#\/schema\/person\/47ec0135738f4b0c7495f06a77a2c976","name":"Milenio","image":{"@type":"ImageObject","inLanguage":"es","@id":"https:\/\/secure.gravatar.com\/avatar\/acabf7b54753e51c2c76457954577c236b3b764789b19879565769739d1e4a75?s=96&d=mm&r=g","url":"https:\/\/secure.gravatar.com\/avatar\/acabf7b54753e51c2c76457954577c236b3b764789b19879565769739d1e4a75?s=96&d=mm&r=g","contentUrl":"https:\/\/secure.gravatar.com\/avatar\/acabf7b54753e51c2c76457954577c236b3b764789b19879565769739d1e4a75?s=96&d=mm&r=g","caption":"Milenio"},"url":"https:\/\/fuentesfidedignas.com.mx\/index.php\/author\/milenio\/"}]}},"_links":{"self":[{"href":"https:\/\/fuentesfidedignas.com.mx\/index.php\/wp-json\/wp\/v2\/posts\/88748","targetHints":{"allow":["GET"]}}],"collection":[{"href":"https:\/\/fuentesfidedignas.com.mx\/index.php\/wp-json\/wp\/v2\/posts"}],"about":[{"href":"https:\/\/fuentesfidedignas.com.mx\/index.php\/wp-json\/wp\/v2\/types\/post"}],"author":[{"embeddable":true,"href":"https:\/\/fuentesfidedignas.com.mx\/index.php\/wp-json\/wp\/v2\/users\/9"}],"replies":[{"embeddable":true,"href":"https:\/\/fuentesfidedignas.com.mx\/index.php\/wp-json\/wp\/v2\/comments?post=88748"}],"version-history":[{"count":1,"href":"https:\/\/fuentesfidedignas.com.mx\/index.php\/wp-json\/wp\/v2\/posts\/88748\/revisions"}],"predecessor-version":[{"id":88749,"href":"https:\/\/fuentesfidedignas.com.mx\/index.php\/wp-json\/wp\/v2\/posts\/88748\/revisions\/88749"}],"wp:featuredmedia":[{"embeddable":true,"href":"https:\/\/fuentesfidedignas.com.mx\/index.php\/wp-json\/wp\/v2\/media\/88747"}],"wp:attachment":[{"href":"https:\/\/fuentesfidedignas.com.mx\/index.php\/wp-json\/wp\/v2\/media?parent=88748"}],"wp:term":[{"taxonomy":"category","embeddable":true,"href":"https:\/\/fuentesfidedignas.com.mx\/index.php\/wp-json\/wp\/v2\/categories?post=88748"},{"taxonomy":"post_tag","embeddable":true,"href":"https:\/\/fuentesfidedignas.com.mx\/index.php\/wp-json\/wp\/v2\/tags?post=88748"}],"curies":[{"name":"wp","href":"https:\/\/api.w.org\/{rel}","templated":true}]}}