{"id":88724,"date":"2024-08-14T14:53:44","date_gmt":"2024-08-14T21:53:44","guid":{"rendered":"https:\/\/fuentesfidedignas.com.mx\/?p=88724"},"modified":"2024-08-14T14:53:44","modified_gmt":"2024-08-14T21:53:44","slug":"lo-que-gano-me-lo-unto-y-me-lo-gasto-como-me-da-mi-chin-gana-reacciona-ana-guevara","status":"publish","type":"post","link":"https:\/\/fuentesfidedignas.com.mx\/index.php\/2024\/08\/14\/lo-que-gano-me-lo-unto-y-me-lo-gasto-como-me-da-mi-chin-gana-reacciona-ana-guevara\/","title":{"rendered":"\u2018Lo que gano me lo unto y me lo gasto como me da mi chin\u2026 gana\u2019, reacciona Ana Guevara"},"content":{"rendered":"\n<p><strong><em>Al referirse a su viaje de Par\u00eds a M\u00e9xico en clase ejecutiva, Guevara asegur\u00f3 que no lo hizo con cargo al erario y que no tiene que responder a nadie por ese tipo de gastos<\/em><\/strong><\/p>\n\n\n\n<p>Ciudad de M\u00e9xico.- Luego de que se hicieran p\u00fablicas fotograf\u00edas y videos de Ana Guevara regresando de Par\u00eds en un asiento de clase ejecutiva, la propia titular de Conade argument\u00f3 que tiene derecho a gastar en lo que quiera y neg\u00f3 que el viaje fuera con cargo al erario p\u00fablico.<\/p>\n\n\n\n<p>&#8220;<strong>Todo lo que gano me lo trago y me lo unto y me lo visto como me da mi chingada gana, no tengo marido ni marida ni alguien que me exija por qu\u00e9 gasto, es mi gusto y es mi placer, lo que yo gano lo puedo gastar en lo que yo quiera<\/strong>&#8220;, reaccion\u00f3 la funcionaria.<\/p>\n\n\n\n<p>En una conferencia de prensa de m\u00e1s de tres horas para hablar de los resultados de M\u00e9xico en los Juegos Ol\u00edmpicos de Par\u00eds 2024, Ana Gabriela Guevara interrumpi\u00f3 la pregunta acerca de este viaje. \u201cYa te hab\u00edas tardado&#8221;, dijo antes de que se pudiera concretar el cuestionamiento.&nbsp;<\/p>\n\n\n\n<p>A\u00f1adi\u00f3 que son &#8220;<strong>intentonas<\/strong>&#8221; de agredir su administraci\u00f3n y justific\u00f3 que tiene que viajar de esta manera por problemas lumbares diagnosticados a\u00f1os antes, situaci\u00f3n que se repiti\u00f3 en Tokio 2020, cuando regres\u00f3 en clase ejecutiva, de acuerdo con fuentes consultadas por Latinus.&nbsp;<\/p>\n\n\n\n<p>&#8220;<strong>No hay ning\u00fan gasto cargado a la instituci\u00f3n, voy a hacer publica la factura, pagada de mi bolsa<\/strong>&#8220;.&nbsp;<\/p>\n\n\n\n<p>&#8220;<em>El a\u00f1o 2006 tuve una lesi\u00f3n de lumbar y por prescripci\u00f3n m\u00e9dica, el doctor me recomend\u00f3 que todos los viajes mayores de cinco horas los hiciera as\u00ed, a costo de mi bolsa<\/em>\u201d, argument\u00f3 sobre su viaje que podr\u00eda ascender hasta los 150 mil pesos mexicanos.&nbsp;&nbsp;<\/p>\n\n\n\n<p>Guevara evit\u00f3 dar el costo real que supuestamente pag\u00f3 por sus boletos de avi\u00f3n para asistir a Par\u00eds; aunque sin decir cu\u00e1ndo, adelant\u00f3 que publicar\u00e1 las facturas de dichos vuelos para evitar controversias.&nbsp;<\/p>\n\n\n\n<p>\u201c<em>Ya solicit\u00e9 a la agencia la factura y har\u00e9 publica la factura, dir\u00e9 que a lo largo de lo que va el sexenio nunca he solicitado gastos, y tengo cheques porque la adminisracion de manera autom\u00e1tica genera estos gastos y tengo cheques de haber reintegrados mis gastos<\/em>&#8220;, a\u00f1adi\u00f3 la exdeportista.&nbsp;<\/p>\n\n\n\n<p>Guevara adem\u00e1s aprovech\u00f3 para justificar su presencia en Par\u00eds, en donde se le capt\u00f3 comiendo en restaurantes costosos pero no as\u00ed acompa\u00f1ando a la delegaci\u00f3n mexicana en sus diferentes competiciones.&nbsp;<\/p>\n\n\n\n<p>De acuerdo con la directora de la Conade, ella solo ten\u00eda acceso a gradas, por ello no se le vio acompa\u00f1ando a los atletas en el \u00e1rea de competici\u00f3n.&nbsp;<\/p>\n\n\n\n<p>&#8220;<strong>As\u00ed como dijo el expresidente, ning\u00fan chile les embona, si voy porque voy, y si no voy porque no fui. Es un derecho que tengo como directora o ministra como le llaman en el exterior<\/strong>&#8220;, dijo Guevara.&nbsp;<\/p>\n\n\n\n<p>Respecto a los nombres que suenan para sucederla en la direcci\u00f3n de la Conade, Guevara prefiri\u00f3 no pronunciarse y neg\u00f3 que haya buscado a la presidenta electa, Claudia Shienbaum para hablar sobre el tema.<\/p>\n","protected":false},"excerpt":{"rendered":"<p>Al referirse a su viaje de Par\u00eds a M\u00e9xico en clase ejecutiva, Guevara asegur\u00f3 que no lo hizo con cargo al erario y que no tiene que responder a nadie por ese tipo de gastos Ciudad de M\u00e9xico.- Luego de que se hicieran p\u00fablicas fotograf\u00edas y videos de Ana Guevara regresando de Par\u00eds en un [&hellip;]<\/p>\n","protected":false},"author":85,"featured_media":88670,"comment_status":"closed","ping_status":"open","sticky":false,"template":"","format":"standard","meta":{"tdm_status":"","tdm_grid_status":"","footnotes":""},"categories":[39],"tags":[],"class_list":{"0":"post-88724","1":"post","2":"type-post","3":"status-publish","4":"format-standard","5":"has-post-thumbnail","7":"category-noticias-nacionales"},"yoast_head":"<!-- This site is optimized with the Yoast SEO plugin v27.5 - https:\/\/yoast.com\/product\/yoast-seo-wordpress\/ -->\n<title>\u2018Lo que gano me lo unto y me lo gasto como me da mi chin\u2026 gana\u2019, reacciona Ana Guevara - Fuentes Fidedignas<\/title>\n<meta name=\"robots\" content=\"index, follow, max-snippet:-1, max-image-preview:large, max-video-preview:-1\" \/>\n<link rel=\"canonical\" href=\"https:\/\/fuentesfidedignas.com.mx\/index.php\/2024\/08\/14\/lo-que-gano-me-lo-unto-y-me-lo-gasto-como-me-da-mi-chin-gana-reacciona-ana-guevara\/\" \/>\n<meta property=\"og:locale\" content=\"es_MX\" \/>\n<meta property=\"og:type\" content=\"article\" \/>\n<meta property=\"og:title\" content=\"\u2018Lo que gano me lo unto y me lo gasto como me da mi chin\u2026 gana\u2019, reacciona Ana Guevara - Fuentes Fidedignas\" \/>\n<meta property=\"og:description\" content=\"Al referirse a su viaje de Par\u00eds a M\u00e9xico en clase ejecutiva, Guevara asegur\u00f3 que no lo hizo con cargo al erario y que no tiene que responder a nadie por ese tipo de gastos Ciudad de M\u00e9xico.- Luego de que se hicieran p\u00fablicas fotograf\u00edas y videos de Ana Guevara regresando de Par\u00eds en un [&hellip;]\" \/>\n<meta property=\"og:url\" content=\"https:\/\/fuentesfidedignas.com.mx\/index.php\/2024\/08\/14\/lo-que-gano-me-lo-unto-y-me-lo-gasto-como-me-da-mi-chin-gana-reacciona-ana-guevara\/\" \/>\n<meta property=\"og:site_name\" content=\"Fuentes Fidedignas\" \/>\n<meta property=\"article:publisher\" content=\"https:\/\/www.facebook.com\/Fuentes-Fidedignas-368234489921644\" \/>\n<meta property=\"article:published_time\" content=\"2024-08-14T21:53:44+00:00\" \/>\n<meta property=\"og:image\" content=\"https:\/\/fuentesfidedignas.com.mx\/wp-content\/uploads\/2024\/08\/IMG_3748.jpeg\" \/>\n\t<meta property=\"og:image:width\" content=\"678\" \/>\n\t<meta property=\"og:image:height\" content=\"452\" \/>\n\t<meta property=\"og:image:type\" content=\"image\/jpeg\" \/>\n<meta name=\"author\" content=\"Latinus\" \/>\n<meta name=\"twitter:card\" content=\"summary_large_image\" \/>\n<meta name=\"twitter:creator\" content=\"@fidedignas\" \/>\n<meta name=\"twitter:site\" content=\"@fidedignas\" \/>\n<meta name=\"twitter:label1\" content=\"Escrito por\" \/>\n\t<meta name=\"twitter:data1\" content=\"Latinus\" \/>\n\t<meta name=\"twitter:label2\" content=\"Tiempo de lectura\" \/>\n\t<meta name=\"twitter:data2\" content=\"3 minutos\" \/>\n<script type=\"application\/ld+json\" class=\"yoast-schema-graph\">{\"@context\":\"https:\\\/\\\/schema.org\",\"@graph\":[{\"@type\":\"Article\",\"@id\":\"https:\\\/\\\/fuentesfidedignas.com.mx\\\/index.php\\\/2024\\\/08\\\/14\\\/lo-que-gano-me-lo-unto-y-me-lo-gasto-como-me-da-mi-chin-gana-reacciona-ana-guevara\\\/#article\",\"isPartOf\":{\"@id\":\"https:\\\/\\\/fuentesfidedignas.com.mx\\\/index.php\\\/2024\\\/08\\\/14\\\/lo-que-gano-me-lo-unto-y-me-lo-gasto-como-me-da-mi-chin-gana-reacciona-ana-guevara\\\/\"},\"author\":{\"name\":\"Latinus\",\"@id\":\"https:\\\/\\\/fuentesfidedignas.com.mx\\\/#\\\/schema\\\/person\\\/2bf81f85e8b5d89dbb825a184aa39dde\"},\"headline\":\"\u2018Lo que gano me lo unto y me lo gasto como me da mi chin\u2026 gana\u2019, reacciona Ana Guevara\",\"datePublished\":\"2024-08-14T21:53:44+00:00\",\"mainEntityOfPage\":{\"@id\":\"https:\\\/\\\/fuentesfidedignas.com.mx\\\/index.php\\\/2024\\\/08\\\/14\\\/lo-que-gano-me-lo-unto-y-me-lo-gasto-como-me-da-mi-chin-gana-reacciona-ana-guevara\\\/\"},\"wordCount\":569,\"publisher\":{\"@id\":\"https:\\\/\\\/fuentesfidedignas.com.mx\\\/#organization\"},\"image\":{\"@id\":\"https:\\\/\\\/fuentesfidedignas.com.mx\\\/index.php\\\/2024\\\/08\\\/14\\\/lo-que-gano-me-lo-unto-y-me-lo-gasto-como-me-da-mi-chin-gana-reacciona-ana-guevara\\\/#primaryimage\"},\"thumbnailUrl\":\"https:\\\/\\\/fuentesfidedignas.com.mx\\\/wp-content\\\/uploads\\\/2024\\\/08\\\/IMG_3748.jpeg\",\"articleSection\":[\"NOTICIAS NACIONALES\"],\"inLanguage\":\"es\"},{\"@type\":\"WebPage\",\"@id\":\"https:\\\/\\\/fuentesfidedignas.com.mx\\\/index.php\\\/2024\\\/08\\\/14\\\/lo-que-gano-me-lo-unto-y-me-lo-gasto-como-me-da-mi-chin-gana-reacciona-ana-guevara\\\/\",\"url\":\"https:\\\/\\\/fuentesfidedignas.com.mx\\\/index.php\\\/2024\\\/08\\\/14\\\/lo-que-gano-me-lo-unto-y-me-lo-gasto-como-me-da-mi-chin-gana-reacciona-ana-guevara\\\/\",\"name\":\"\u2018Lo que gano me lo unto y me lo gasto como me da mi chin\u2026 gana\u2019, reacciona Ana Guevara - Fuentes Fidedignas\",\"isPartOf\":{\"@id\":\"https:\\\/\\\/fuentesfidedignas.com.mx\\\/#website\"},\"primaryImageOfPage\":{\"@id\":\"https:\\\/\\\/fuentesfidedignas.com.mx\\\/index.php\\\/2024\\\/08\\\/14\\\/lo-que-gano-me-lo-unto-y-me-lo-gasto-como-me-da-mi-chin-gana-reacciona-ana-guevara\\\/#primaryimage\"},\"image\":{\"@id\":\"https:\\\/\\\/fuentesfidedignas.com.mx\\\/index.php\\\/2024\\\/08\\\/14\\\/lo-que-gano-me-lo-unto-y-me-lo-gasto-como-me-da-mi-chin-gana-reacciona-ana-guevara\\\/#primaryimage\"},\"thumbnailUrl\":\"https:\\\/\\\/fuentesfidedignas.com.mx\\\/wp-content\\\/uploads\\\/2024\\\/08\\\/IMG_3748.jpeg\",\"datePublished\":\"2024-08-14T21:53:44+00:00\",\"breadcrumb\":{\"@id\":\"https:\\\/\\\/fuentesfidedignas.com.mx\\\/index.php\\\/2024\\\/08\\\/14\\\/lo-que-gano-me-lo-unto-y-me-lo-gasto-como-me-da-mi-chin-gana-reacciona-ana-guevara\\\/#breadcrumb\"},\"inLanguage\":\"es\",\"potentialAction\":[{\"@type\":\"ReadAction\",\"target\":[\"https:\\\/\\\/fuentesfidedignas.com.mx\\\/index.php\\\/2024\\\/08\\\/14\\\/lo-que-gano-me-lo-unto-y-me-lo-gasto-como-me-da-mi-chin-gana-reacciona-ana-guevara\\\/\"]}]},{\"@type\":\"ImageObject\",\"inLanguage\":\"es\",\"@id\":\"https:\\\/\\\/fuentesfidedignas.com.mx\\\/index.php\\\/2024\\\/08\\\/14\\\/lo-que-gano-me-lo-unto-y-me-lo-gasto-como-me-da-mi-chin-gana-reacciona-ana-guevara\\\/#primaryimage\",\"url\":\"https:\\\/\\\/fuentesfidedignas.com.mx\\\/wp-content\\\/uploads\\\/2024\\\/08\\\/IMG_3748.jpeg\",\"contentUrl\":\"https:\\\/\\\/fuentesfidedignas.com.mx\\\/wp-content\\\/uploads\\\/2024\\\/08\\\/IMG_3748.jpeg\",\"width\":678,\"height\":452},{\"@type\":\"BreadcrumbList\",\"@id\":\"https:\\\/\\\/fuentesfidedignas.com.mx\\\/index.php\\\/2024\\\/08\\\/14\\\/lo-que-gano-me-lo-unto-y-me-lo-gasto-como-me-da-mi-chin-gana-reacciona-ana-guevara\\\/#breadcrumb\",\"itemListElement\":[{\"@type\":\"ListItem\",\"position\":1,\"name\":\"Inicio\",\"item\":\"https:\\\/\\\/fuentesfidedignas.com.mx\\\/\"},{\"@type\":\"ListItem\",\"position\":2,\"name\":\"\u2018Lo que gano me lo unto y me lo gasto como me da mi chin\u2026 gana\u2019, reacciona Ana Guevara\"}]},{\"@type\":\"WebSite\",\"@id\":\"https:\\\/\\\/fuentesfidedignas.com.mx\\\/#website\",\"url\":\"https:\\\/\\\/fuentesfidedignas.com.mx\\\/\",\"name\":\"Fuentes Fidedignas\",\"description\":\"Otro sitio realizado con WordPress\",\"publisher\":{\"@id\":\"https:\\\/\\\/fuentesfidedignas.com.mx\\\/#organization\"},\"potentialAction\":[{\"@type\":\"SearchAction\",\"target\":{\"@type\":\"EntryPoint\",\"urlTemplate\":\"https:\\\/\\\/fuentesfidedignas.com.mx\\\/?s={search_term_string}\"},\"query-input\":{\"@type\":\"PropertyValueSpecification\",\"valueRequired\":true,\"valueName\":\"search_term_string\"}}],\"inLanguage\":\"es\"},{\"@type\":\"Organization\",\"@id\":\"https:\\\/\\\/fuentesfidedignas.com.mx\\\/#organization\",\"name\":\"Fuentes Fidedignas\",\"url\":\"https:\\\/\\\/fuentesfidedignas.com.mx\\\/\",\"logo\":{\"@type\":\"ImageObject\",\"inLanguage\":\"es\",\"@id\":\"https:\\\/\\\/fuentesfidedignas.com.mx\\\/#\\\/schema\\\/logo\\\/image\\\/\",\"url\":\"https:\\\/\\\/fuentesfidedignas.com.mx\\\/wp-content\\\/uploads\\\/2021\\\/04\\\/logo-retina.png\",\"contentUrl\":\"https:\\\/\\\/fuentesfidedignas.com.mx\\\/wp-content\\\/uploads\\\/2021\\\/04\\\/logo-retina.png\",\"width\":280,\"height\":51,\"caption\":\"Fuentes Fidedignas\"},\"image\":{\"@id\":\"https:\\\/\\\/fuentesfidedignas.com.mx\\\/#\\\/schema\\\/logo\\\/image\\\/\"},\"sameAs\":[\"https:\\\/\\\/www.facebook.com\\\/Fuentes-Fidedignas-368234489921644\",\"https:\\\/\\\/x.com\\\/fidedignas\"]},{\"@type\":\"Person\",\"@id\":\"https:\\\/\\\/fuentesfidedignas.com.mx\\\/#\\\/schema\\\/person\\\/2bf81f85e8b5d89dbb825a184aa39dde\",\"name\":\"Latinus\",\"image\":{\"@type\":\"ImageObject\",\"inLanguage\":\"es\",\"@id\":\"https:\\\/\\\/secure.gravatar.com\\\/avatar\\\/333f6d932ce645348bb256f0b554d58398c56212134ea658df4ac492d6eba412?s=96&d=mm&r=g\",\"url\":\"https:\\\/\\\/secure.gravatar.com\\\/avatar\\\/333f6d932ce645348bb256f0b554d58398c56212134ea658df4ac492d6eba412?s=96&d=mm&r=g\",\"contentUrl\":\"https:\\\/\\\/secure.gravatar.com\\\/avatar\\\/333f6d932ce645348bb256f0b554d58398c56212134ea658df4ac492d6eba412?s=96&d=mm&r=g\",\"caption\":\"Latinus\"},\"url\":\"https:\\\/\\\/fuentesfidedignas.com.mx\\\/index.php\\\/author\\\/latinus\\\/\"}]}<\/script>\n<!-- \/ Yoast SEO plugin. -->","yoast_head_json":{"title":"\u2018Lo que gano me lo unto y me lo gasto como me da mi chin\u2026 gana\u2019, reacciona Ana Guevara - Fuentes Fidedignas","robots":{"index":"index","follow":"follow","max-snippet":"max-snippet:-1","max-image-preview":"max-image-preview:large","max-video-preview":"max-video-preview:-1"},"canonical":"https:\/\/fuentesfidedignas.com.mx\/index.php\/2024\/08\/14\/lo-que-gano-me-lo-unto-y-me-lo-gasto-como-me-da-mi-chin-gana-reacciona-ana-guevara\/","og_locale":"es_MX","og_type":"article","og_title":"\u2018Lo que gano me lo unto y me lo gasto como me da mi chin\u2026 gana\u2019, reacciona Ana Guevara - Fuentes Fidedignas","og_description":"Al referirse a su viaje de Par\u00eds a M\u00e9xico en clase ejecutiva, Guevara asegur\u00f3 que no lo hizo con cargo al erario y que no tiene que responder a nadie por ese tipo de gastos Ciudad de M\u00e9xico.- Luego de que se hicieran p\u00fablicas fotograf\u00edas y videos de Ana Guevara regresando de Par\u00eds en un [&hellip;]","og_url":"https:\/\/fuentesfidedignas.com.mx\/index.php\/2024\/08\/14\/lo-que-gano-me-lo-unto-y-me-lo-gasto-como-me-da-mi-chin-gana-reacciona-ana-guevara\/","og_site_name":"Fuentes Fidedignas","article_publisher":"https:\/\/www.facebook.com\/Fuentes-Fidedignas-368234489921644","article_published_time":"2024-08-14T21:53:44+00:00","og_image":[{"width":678,"height":452,"url":"https:\/\/fuentesfidedignas.com.mx\/wp-content\/uploads\/2024\/08\/IMG_3748.jpeg","type":"image\/jpeg"}],"author":"Latinus","twitter_card":"summary_large_image","twitter_creator":"@fidedignas","twitter_site":"@fidedignas","twitter_misc":{"Escrito por":"Latinus","Tiempo de lectura":"3 minutos"},"schema":{"@context":"https:\/\/schema.org","@graph":[{"@type":"Article","@id":"https:\/\/fuentesfidedignas.com.mx\/index.php\/2024\/08\/14\/lo-que-gano-me-lo-unto-y-me-lo-gasto-como-me-da-mi-chin-gana-reacciona-ana-guevara\/#article","isPartOf":{"@id":"https:\/\/fuentesfidedignas.com.mx\/index.php\/2024\/08\/14\/lo-que-gano-me-lo-unto-y-me-lo-gasto-como-me-da-mi-chin-gana-reacciona-ana-guevara\/"},"author":{"name":"Latinus","@id":"https:\/\/fuentesfidedignas.com.mx\/#\/schema\/person\/2bf81f85e8b5d89dbb825a184aa39dde"},"headline":"\u2018Lo que gano me lo unto y me lo gasto como me da mi chin\u2026 gana\u2019, reacciona Ana Guevara","datePublished":"2024-08-14T21:53:44+00:00","mainEntityOfPage":{"@id":"https:\/\/fuentesfidedignas.com.mx\/index.php\/2024\/08\/14\/lo-que-gano-me-lo-unto-y-me-lo-gasto-como-me-da-mi-chin-gana-reacciona-ana-guevara\/"},"wordCount":569,"publisher":{"@id":"https:\/\/fuentesfidedignas.com.mx\/#organization"},"image":{"@id":"https:\/\/fuentesfidedignas.com.mx\/index.php\/2024\/08\/14\/lo-que-gano-me-lo-unto-y-me-lo-gasto-como-me-da-mi-chin-gana-reacciona-ana-guevara\/#primaryimage"},"thumbnailUrl":"https:\/\/fuentesfidedignas.com.mx\/wp-content\/uploads\/2024\/08\/IMG_3748.jpeg","articleSection":["NOTICIAS NACIONALES"],"inLanguage":"es"},{"@type":"WebPage","@id":"https:\/\/fuentesfidedignas.com.mx\/index.php\/2024\/08\/14\/lo-que-gano-me-lo-unto-y-me-lo-gasto-como-me-da-mi-chin-gana-reacciona-ana-guevara\/","url":"https:\/\/fuentesfidedignas.com.mx\/index.php\/2024\/08\/14\/lo-que-gano-me-lo-unto-y-me-lo-gasto-como-me-da-mi-chin-gana-reacciona-ana-guevara\/","name":"\u2018Lo que gano me lo unto y me lo gasto como me da mi chin\u2026 gana\u2019, reacciona Ana Guevara - Fuentes Fidedignas","isPartOf":{"@id":"https:\/\/fuentesfidedignas.com.mx\/#website"},"primaryImageOfPage":{"@id":"https:\/\/fuentesfidedignas.com.mx\/index.php\/2024\/08\/14\/lo-que-gano-me-lo-unto-y-me-lo-gasto-como-me-da-mi-chin-gana-reacciona-ana-guevara\/#primaryimage"},"image":{"@id":"https:\/\/fuentesfidedignas.com.mx\/index.php\/2024\/08\/14\/lo-que-gano-me-lo-unto-y-me-lo-gasto-como-me-da-mi-chin-gana-reacciona-ana-guevara\/#primaryimage"},"thumbnailUrl":"https:\/\/fuentesfidedignas.com.mx\/wp-content\/uploads\/2024\/08\/IMG_3748.jpeg","datePublished":"2024-08-14T21:53:44+00:00","breadcrumb":{"@id":"https:\/\/fuentesfidedignas.com.mx\/index.php\/2024\/08\/14\/lo-que-gano-me-lo-unto-y-me-lo-gasto-como-me-da-mi-chin-gana-reacciona-ana-guevara\/#breadcrumb"},"inLanguage":"es","potentialAction":[{"@type":"ReadAction","target":["https:\/\/fuentesfidedignas.com.mx\/index.php\/2024\/08\/14\/lo-que-gano-me-lo-unto-y-me-lo-gasto-como-me-da-mi-chin-gana-reacciona-ana-guevara\/"]}]},{"@type":"ImageObject","inLanguage":"es","@id":"https:\/\/fuentesfidedignas.com.mx\/index.php\/2024\/08\/14\/lo-que-gano-me-lo-unto-y-me-lo-gasto-como-me-da-mi-chin-gana-reacciona-ana-guevara\/#primaryimage","url":"https:\/\/fuentesfidedignas.com.mx\/wp-content\/uploads\/2024\/08\/IMG_3748.jpeg","contentUrl":"https:\/\/fuentesfidedignas.com.mx\/wp-content\/uploads\/2024\/08\/IMG_3748.jpeg","width":678,"height":452},{"@type":"BreadcrumbList","@id":"https:\/\/fuentesfidedignas.com.mx\/index.php\/2024\/08\/14\/lo-que-gano-me-lo-unto-y-me-lo-gasto-como-me-da-mi-chin-gana-reacciona-ana-guevara\/#breadcrumb","itemListElement":[{"@type":"ListItem","position":1,"name":"Inicio","item":"https:\/\/fuentesfidedignas.com.mx\/"},{"@type":"ListItem","position":2,"name":"\u2018Lo que gano me lo unto y me lo gasto como me da mi chin\u2026 gana\u2019, reacciona Ana Guevara"}]},{"@type":"WebSite","@id":"https:\/\/fuentesfidedignas.com.mx\/#website","url":"https:\/\/fuentesfidedignas.com.mx\/","name":"Fuentes Fidedignas","description":"Otro sitio realizado con WordPress","publisher":{"@id":"https:\/\/fuentesfidedignas.com.mx\/#organization"},"potentialAction":[{"@type":"SearchAction","target":{"@type":"EntryPoint","urlTemplate":"https:\/\/fuentesfidedignas.com.mx\/?s={search_term_string}"},"query-input":{"@type":"PropertyValueSpecification","valueRequired":true,"valueName":"search_term_string"}}],"inLanguage":"es"},{"@type":"Organization","@id":"https:\/\/fuentesfidedignas.com.mx\/#organization","name":"Fuentes Fidedignas","url":"https:\/\/fuentesfidedignas.com.mx\/","logo":{"@type":"ImageObject","inLanguage":"es","@id":"https:\/\/fuentesfidedignas.com.mx\/#\/schema\/logo\/image\/","url":"https:\/\/fuentesfidedignas.com.mx\/wp-content\/uploads\/2021\/04\/logo-retina.png","contentUrl":"https:\/\/fuentesfidedignas.com.mx\/wp-content\/uploads\/2021\/04\/logo-retina.png","width":280,"height":51,"caption":"Fuentes Fidedignas"},"image":{"@id":"https:\/\/fuentesfidedignas.com.mx\/#\/schema\/logo\/image\/"},"sameAs":["https:\/\/www.facebook.com\/Fuentes-Fidedignas-368234489921644","https:\/\/x.com\/fidedignas"]},{"@type":"Person","@id":"https:\/\/fuentesfidedignas.com.mx\/#\/schema\/person\/2bf81f85e8b5d89dbb825a184aa39dde","name":"Latinus","image":{"@type":"ImageObject","inLanguage":"es","@id":"https:\/\/secure.gravatar.com\/avatar\/333f6d932ce645348bb256f0b554d58398c56212134ea658df4ac492d6eba412?s=96&d=mm&r=g","url":"https:\/\/secure.gravatar.com\/avatar\/333f6d932ce645348bb256f0b554d58398c56212134ea658df4ac492d6eba412?s=96&d=mm&r=g","contentUrl":"https:\/\/secure.gravatar.com\/avatar\/333f6d932ce645348bb256f0b554d58398c56212134ea658df4ac492d6eba412?s=96&d=mm&r=g","caption":"Latinus"},"url":"https:\/\/fuentesfidedignas.com.mx\/index.php\/author\/latinus\/"}]}},"_links":{"self":[{"href":"https:\/\/fuentesfidedignas.com.mx\/index.php\/wp-json\/wp\/v2\/posts\/88724","targetHints":{"allow":["GET"]}}],"collection":[{"href":"https:\/\/fuentesfidedignas.com.mx\/index.php\/wp-json\/wp\/v2\/posts"}],"about":[{"href":"https:\/\/fuentesfidedignas.com.mx\/index.php\/wp-json\/wp\/v2\/types\/post"}],"author":[{"embeddable":true,"href":"https:\/\/fuentesfidedignas.com.mx\/index.php\/wp-json\/wp\/v2\/users\/85"}],"replies":[{"embeddable":true,"href":"https:\/\/fuentesfidedignas.com.mx\/index.php\/wp-json\/wp\/v2\/comments?post=88724"}],"version-history":[{"count":1,"href":"https:\/\/fuentesfidedignas.com.mx\/index.php\/wp-json\/wp\/v2\/posts\/88724\/revisions"}],"predecessor-version":[{"id":88725,"href":"https:\/\/fuentesfidedignas.com.mx\/index.php\/wp-json\/wp\/v2\/posts\/88724\/revisions\/88725"}],"wp:featuredmedia":[{"embeddable":true,"href":"https:\/\/fuentesfidedignas.com.mx\/index.php\/wp-json\/wp\/v2\/media\/88670"}],"wp:attachment":[{"href":"https:\/\/fuentesfidedignas.com.mx\/index.php\/wp-json\/wp\/v2\/media?parent=88724"}],"wp:term":[{"taxonomy":"category","embeddable":true,"href":"https:\/\/fuentesfidedignas.com.mx\/index.php\/wp-json\/wp\/v2\/categories?post=88724"},{"taxonomy":"post_tag","embeddable":true,"href":"https:\/\/fuentesfidedignas.com.mx\/index.php\/wp-json\/wp\/v2\/tags?post=88724"}],"curies":[{"name":"wp","href":"https:\/\/api.w.org\/{rel}","templated":true}]}}