{"id":88707,"date":"2024-08-14T12:03:29","date_gmt":"2024-08-14T19:03:29","guid":{"rendered":"https:\/\/fuentesfidedignas.com.mx\/?p=88707"},"modified":"2024-08-14T12:03:31","modified_gmt":"2024-08-14T19:03:31","slug":"tribunal-electoral-declara-a-claudia-sheinbaum-como-presidenta-electa-de-mexico","status":"publish","type":"post","link":"https:\/\/fuentesfidedignas.com.mx\/index.php\/2024\/08\/14\/tribunal-electoral-declara-a-claudia-sheinbaum-como-presidenta-electa-de-mexico\/","title":{"rendered":"Tribunal Electoral declara a Claudia Sheinbaum como presidenta electa de M\u00e9xico"},"content":{"rendered":"\n<p><strong><em>El Tribunal Electoral valid\u00f3 la elecci\u00f3n presidencial del 2 de junio y declar\u00f3 a Claudia Sheinbaum presidenta electa<\/em><\/strong><\/p>\n\n\n\n<p>El Tribunal Electoral del Poder Judicial de la Federaci\u00f3n (TEPJF) declar\u00f3 a Claudia Sheinbaum como presidenta electa de M\u00e9xico.<\/p>\n\n\n\n<figure class=\"wp-block-embed is-type-rich is-provider-twitter wp-block-embed-twitter\"><div class=\"wp-block-embed__wrapper\">\n<blockquote class=\"twitter-tweet\" data-width=\"550\" data-dnt=\"true\"><p lang=\"es\" dir=\"ltr\">Sesi\u00f3n p\u00fablica del Tribunal Electoral del Poder Judicial de la Federaci\u00f3n que valida la elecci\u00f3n presidencial con el triunfo de Claudia Sheinbaum. <a href=\"https:\/\/t.co\/KGRHujfMg2\">pic.twitter.com\/KGRHujfMg2<\/a><\/p>&mdash; Joaqu\u00edn L\u00f3pez-D\u00f3riga (@lopezdoriga) <a href=\"https:\/\/twitter.com\/lopezdoriga\/status\/1823780837113950613?ref_src=twsrc%5Etfw\">August 14, 2024<\/a><\/blockquote><script async src=\"https:\/\/platform.twitter.com\/widgets.js\" charset=\"utf-8\"><\/script>\n<\/div><\/figure>\n\n\n\n<p>En sesi\u00f3n p\u00fablica, la Sala Superior valid\u00f3 la elecci\u00f3n presidencial del 2 de junio pasado.<\/p>\n\n\n\n<p>Se advierte que la candidata Claudia Sheinbaum Pardo obtuvo la mayor\u00eda de los votos, pues recibi\u00f3 35 millones 924 mil 519 sufragios, que representan el 59.76 por ciento del total emitidos\u201d, se\u00f1al\u00f3 el dictamen.<\/p>\n\n\n\n<p>Ser\u00e1 este jueves 15 de agosto cuando el TEPJF otorgue a Sheinbaum Pardo la constancia de presidenta electa.<\/p>\n\n\n\n<p><strong><em>En un momento m\u00e1s informaci\u00f3n\u2026<\/em><\/strong><\/p>\n","protected":false},"excerpt":{"rendered":"<p>El Tribunal Electoral valid\u00f3 la elecci\u00f3n presidencial del 2 de junio y declar\u00f3 a Claudia Sheinbaum presidenta electa El Tribunal Electoral del Poder Judicial de la Federaci\u00f3n (TEPJF) declar\u00f3 a Claudia Sheinbaum como presidenta electa de M\u00e9xico. En sesi\u00f3n p\u00fablica, la Sala Superior valid\u00f3 la elecci\u00f3n presidencial del 2 de junio pasado. Se advierte que [&hellip;]<\/p>\n","protected":false},"author":47,"featured_media":83285,"comment_status":"open","ping_status":"open","sticky":false,"template":"","format":"standard","meta":{"tdm_status":"","tdm_grid_status":"","footnotes":""},"categories":[39],"tags":[],"class_list":{"0":"post-88707","1":"post","2":"type-post","3":"status-publish","4":"format-standard","5":"has-post-thumbnail","7":"category-noticias-nacionales"},"yoast_head":"<!-- This site is optimized with the Yoast SEO plugin v27.5 - https:\/\/yoast.com\/product\/yoast-seo-wordpress\/ -->\n<title>Tribunal Electoral declara a Claudia Sheinbaum como presidenta electa de M\u00e9xico - Fuentes Fidedignas<\/title>\n<meta name=\"robots\" content=\"index, follow, max-snippet:-1, max-image-preview:large, max-video-preview:-1\" \/>\n<link rel=\"canonical\" href=\"https:\/\/fuentesfidedignas.com.mx\/index.php\/2024\/08\/14\/tribunal-electoral-declara-a-claudia-sheinbaum-como-presidenta-electa-de-mexico\/\" \/>\n<meta property=\"og:locale\" content=\"es_MX\" \/>\n<meta property=\"og:type\" content=\"article\" \/>\n<meta property=\"og:title\" content=\"Tribunal Electoral declara a Claudia Sheinbaum como presidenta electa de M\u00e9xico - Fuentes Fidedignas\" \/>\n<meta property=\"og:description\" content=\"El Tribunal Electoral valid\u00f3 la elecci\u00f3n presidencial del 2 de junio y declar\u00f3 a Claudia Sheinbaum presidenta electa El Tribunal Electoral del Poder Judicial de la Federaci\u00f3n (TEPJF) declar\u00f3 a Claudia Sheinbaum como presidenta electa de M\u00e9xico. En sesi\u00f3n p\u00fablica, la Sala Superior valid\u00f3 la elecci\u00f3n presidencial del 2 de junio pasado. Se advierte que [&hellip;]\" \/>\n<meta property=\"og:url\" content=\"https:\/\/fuentesfidedignas.com.mx\/index.php\/2024\/08\/14\/tribunal-electoral-declara-a-claudia-sheinbaum-como-presidenta-electa-de-mexico\/\" \/>\n<meta property=\"og:site_name\" content=\"Fuentes Fidedignas\" \/>\n<meta property=\"article:publisher\" content=\"https:\/\/www.facebook.com\/Fuentes-Fidedignas-368234489921644\" \/>\n<meta property=\"article:published_time\" content=\"2024-08-14T19:03:29+00:00\" \/>\n<meta property=\"article:modified_time\" content=\"2024-08-14T19:03:31+00:00\" \/>\n<meta property=\"og:image\" content=\"https:\/\/fuentesfidedignas.com.mx\/wp-content\/uploads\/2024\/06\/claudia-presidenta.jpg\" \/>\n\t<meta property=\"og:image:width\" content=\"803\" \/>\n\t<meta property=\"og:image:height\" content=\"449\" \/>\n\t<meta property=\"og:image:type\" content=\"image\/jpeg\" \/>\n<meta name=\"author\" content=\"L\u00f3pez D\u00f3riga\" \/>\n<meta name=\"twitter:card\" content=\"summary_large_image\" \/>\n<meta name=\"twitter:creator\" content=\"@fidedignas\" \/>\n<meta name=\"twitter:site\" content=\"@fidedignas\" \/>\n<meta name=\"twitter:label1\" content=\"Escrito por\" \/>\n\t<meta name=\"twitter:data1\" content=\"L\u00f3pez D\u00f3riga\" \/>\n\t<meta name=\"twitter:label2\" content=\"Tiempo de lectura\" \/>\n\t<meta name=\"twitter:data2\" content=\"1 minuto\" \/>\n<script type=\"application\/ld+json\" class=\"yoast-schema-graph\">{\"@context\":\"https:\\\/\\\/schema.org\",\"@graph\":[{\"@type\":\"Article\",\"@id\":\"https:\\\/\\\/fuentesfidedignas.com.mx\\\/index.php\\\/2024\\\/08\\\/14\\\/tribunal-electoral-declara-a-claudia-sheinbaum-como-presidenta-electa-de-mexico\\\/#article\",\"isPartOf\":{\"@id\":\"https:\\\/\\\/fuentesfidedignas.com.mx\\\/index.php\\\/2024\\\/08\\\/14\\\/tribunal-electoral-declara-a-claudia-sheinbaum-como-presidenta-electa-de-mexico\\\/\"},\"author\":{\"name\":\"L\u00f3pez D\u00f3riga\",\"@id\":\"https:\\\/\\\/fuentesfidedignas.com.mx\\\/#\\\/schema\\\/person\\\/67d852f0557c8509146a4b9ddebd543a\"},\"headline\":\"Tribunal Electoral declara a Claudia Sheinbaum como presidenta electa de M\u00e9xico\",\"datePublished\":\"2024-08-14T19:03:29+00:00\",\"dateModified\":\"2024-08-14T19:03:31+00:00\",\"mainEntityOfPage\":{\"@id\":\"https:\\\/\\\/fuentesfidedignas.com.mx\\\/index.php\\\/2024\\\/08\\\/14\\\/tribunal-electoral-declara-a-claudia-sheinbaum-como-presidenta-electa-de-mexico\\\/\"},\"wordCount\":129,\"commentCount\":0,\"publisher\":{\"@id\":\"https:\\\/\\\/fuentesfidedignas.com.mx\\\/#organization\"},\"image\":{\"@id\":\"https:\\\/\\\/fuentesfidedignas.com.mx\\\/index.php\\\/2024\\\/08\\\/14\\\/tribunal-electoral-declara-a-claudia-sheinbaum-como-presidenta-electa-de-mexico\\\/#primaryimage\"},\"thumbnailUrl\":\"https:\\\/\\\/fuentesfidedignas.com.mx\\\/wp-content\\\/uploads\\\/2024\\\/06\\\/claudia-presidenta.jpg\",\"articleSection\":[\"NOTICIAS NACIONALES\"],\"inLanguage\":\"es\",\"potentialAction\":[{\"@type\":\"CommentAction\",\"name\":\"Comment\",\"target\":[\"https:\\\/\\\/fuentesfidedignas.com.mx\\\/index.php\\\/2024\\\/08\\\/14\\\/tribunal-electoral-declara-a-claudia-sheinbaum-como-presidenta-electa-de-mexico\\\/#respond\"]}]},{\"@type\":\"WebPage\",\"@id\":\"https:\\\/\\\/fuentesfidedignas.com.mx\\\/index.php\\\/2024\\\/08\\\/14\\\/tribunal-electoral-declara-a-claudia-sheinbaum-como-presidenta-electa-de-mexico\\\/\",\"url\":\"https:\\\/\\\/fuentesfidedignas.com.mx\\\/index.php\\\/2024\\\/08\\\/14\\\/tribunal-electoral-declara-a-claudia-sheinbaum-como-presidenta-electa-de-mexico\\\/\",\"name\":\"Tribunal Electoral declara a Claudia Sheinbaum como presidenta electa de M\u00e9xico - Fuentes Fidedignas\",\"isPartOf\":{\"@id\":\"https:\\\/\\\/fuentesfidedignas.com.mx\\\/#website\"},\"primaryImageOfPage\":{\"@id\":\"https:\\\/\\\/fuentesfidedignas.com.mx\\\/index.php\\\/2024\\\/08\\\/14\\\/tribunal-electoral-declara-a-claudia-sheinbaum-como-presidenta-electa-de-mexico\\\/#primaryimage\"},\"image\":{\"@id\":\"https:\\\/\\\/fuentesfidedignas.com.mx\\\/index.php\\\/2024\\\/08\\\/14\\\/tribunal-electoral-declara-a-claudia-sheinbaum-como-presidenta-electa-de-mexico\\\/#primaryimage\"},\"thumbnailUrl\":\"https:\\\/\\\/fuentesfidedignas.com.mx\\\/wp-content\\\/uploads\\\/2024\\\/06\\\/claudia-presidenta.jpg\",\"datePublished\":\"2024-08-14T19:03:29+00:00\",\"dateModified\":\"2024-08-14T19:03:31+00:00\",\"breadcrumb\":{\"@id\":\"https:\\\/\\\/fuentesfidedignas.com.mx\\\/index.php\\\/2024\\\/08\\\/14\\\/tribunal-electoral-declara-a-claudia-sheinbaum-como-presidenta-electa-de-mexico\\\/#breadcrumb\"},\"inLanguage\":\"es\",\"potentialAction\":[{\"@type\":\"ReadAction\",\"target\":[\"https:\\\/\\\/fuentesfidedignas.com.mx\\\/index.php\\\/2024\\\/08\\\/14\\\/tribunal-electoral-declara-a-claudia-sheinbaum-como-presidenta-electa-de-mexico\\\/\"]}]},{\"@type\":\"ImageObject\",\"inLanguage\":\"es\",\"@id\":\"https:\\\/\\\/fuentesfidedignas.com.mx\\\/index.php\\\/2024\\\/08\\\/14\\\/tribunal-electoral-declara-a-claudia-sheinbaum-como-presidenta-electa-de-mexico\\\/#primaryimage\",\"url\":\"https:\\\/\\\/fuentesfidedignas.com.mx\\\/wp-content\\\/uploads\\\/2024\\\/06\\\/claudia-presidenta.jpg\",\"contentUrl\":\"https:\\\/\\\/fuentesfidedignas.com.mx\\\/wp-content\\\/uploads\\\/2024\\\/06\\\/claudia-presidenta.jpg\",\"width\":803,\"height\":449},{\"@type\":\"BreadcrumbList\",\"@id\":\"https:\\\/\\\/fuentesfidedignas.com.mx\\\/index.php\\\/2024\\\/08\\\/14\\\/tribunal-electoral-declara-a-claudia-sheinbaum-como-presidenta-electa-de-mexico\\\/#breadcrumb\",\"itemListElement\":[{\"@type\":\"ListItem\",\"position\":1,\"name\":\"Inicio\",\"item\":\"https:\\\/\\\/fuentesfidedignas.com.mx\\\/\"},{\"@type\":\"ListItem\",\"position\":2,\"name\":\"Tribunal Electoral declara a Claudia Sheinbaum como presidenta electa de M\u00e9xico\"}]},{\"@type\":\"WebSite\",\"@id\":\"https:\\\/\\\/fuentesfidedignas.com.mx\\\/#website\",\"url\":\"https:\\\/\\\/fuentesfidedignas.com.mx\\\/\",\"name\":\"Fuentes Fidedignas\",\"description\":\"Otro sitio realizado con WordPress\",\"publisher\":{\"@id\":\"https:\\\/\\\/fuentesfidedignas.com.mx\\\/#organization\"},\"potentialAction\":[{\"@type\":\"SearchAction\",\"target\":{\"@type\":\"EntryPoint\",\"urlTemplate\":\"https:\\\/\\\/fuentesfidedignas.com.mx\\\/?s={search_term_string}\"},\"query-input\":{\"@type\":\"PropertyValueSpecification\",\"valueRequired\":true,\"valueName\":\"search_term_string\"}}],\"inLanguage\":\"es\"},{\"@type\":\"Organization\",\"@id\":\"https:\\\/\\\/fuentesfidedignas.com.mx\\\/#organization\",\"name\":\"Fuentes Fidedignas\",\"url\":\"https:\\\/\\\/fuentesfidedignas.com.mx\\\/\",\"logo\":{\"@type\":\"ImageObject\",\"inLanguage\":\"es\",\"@id\":\"https:\\\/\\\/fuentesfidedignas.com.mx\\\/#\\\/schema\\\/logo\\\/image\\\/\",\"url\":\"https:\\\/\\\/fuentesfidedignas.com.mx\\\/wp-content\\\/uploads\\\/2021\\\/04\\\/logo-retina.png\",\"contentUrl\":\"https:\\\/\\\/fuentesfidedignas.com.mx\\\/wp-content\\\/uploads\\\/2021\\\/04\\\/logo-retina.png\",\"width\":280,\"height\":51,\"caption\":\"Fuentes Fidedignas\"},\"image\":{\"@id\":\"https:\\\/\\\/fuentesfidedignas.com.mx\\\/#\\\/schema\\\/logo\\\/image\\\/\"},\"sameAs\":[\"https:\\\/\\\/www.facebook.com\\\/Fuentes-Fidedignas-368234489921644\",\"https:\\\/\\\/x.com\\\/fidedignas\"]},{\"@type\":\"Person\",\"@id\":\"https:\\\/\\\/fuentesfidedignas.com.mx\\\/#\\\/schema\\\/person\\\/67d852f0557c8509146a4b9ddebd543a\",\"name\":\"L\u00f3pez D\u00f3riga\",\"image\":{\"@type\":\"ImageObject\",\"inLanguage\":\"es\",\"@id\":\"https:\\\/\\\/secure.gravatar.com\\\/avatar\\\/e525b06574ca18b33cded59dfe5778d6c823b9513154eff47da551b0551bdd1e?s=96&d=mm&r=g\",\"url\":\"https:\\\/\\\/secure.gravatar.com\\\/avatar\\\/e525b06574ca18b33cded59dfe5778d6c823b9513154eff47da551b0551bdd1e?s=96&d=mm&r=g\",\"contentUrl\":\"https:\\\/\\\/secure.gravatar.com\\\/avatar\\\/e525b06574ca18b33cded59dfe5778d6c823b9513154eff47da551b0551bdd1e?s=96&d=mm&r=g\",\"caption\":\"L\u00f3pez D\u00f3riga\"},\"url\":\"https:\\\/\\\/fuentesfidedignas.com.mx\\\/index.php\\\/author\\\/doriga\\\/\"}]}<\/script>\n<!-- \/ Yoast SEO plugin. -->","yoast_head_json":{"title":"Tribunal Electoral declara a Claudia Sheinbaum como presidenta electa de M\u00e9xico - Fuentes Fidedignas","robots":{"index":"index","follow":"follow","max-snippet":"max-snippet:-1","max-image-preview":"max-image-preview:large","max-video-preview":"max-video-preview:-1"},"canonical":"https:\/\/fuentesfidedignas.com.mx\/index.php\/2024\/08\/14\/tribunal-electoral-declara-a-claudia-sheinbaum-como-presidenta-electa-de-mexico\/","og_locale":"es_MX","og_type":"article","og_title":"Tribunal Electoral declara a Claudia Sheinbaum como presidenta electa de M\u00e9xico - Fuentes Fidedignas","og_description":"El Tribunal Electoral valid\u00f3 la elecci\u00f3n presidencial del 2 de junio y declar\u00f3 a Claudia Sheinbaum presidenta electa El Tribunal Electoral del Poder Judicial de la Federaci\u00f3n (TEPJF) declar\u00f3 a Claudia Sheinbaum como presidenta electa de M\u00e9xico. En sesi\u00f3n p\u00fablica, la Sala Superior valid\u00f3 la elecci\u00f3n presidencial del 2 de junio pasado. Se advierte que [&hellip;]","og_url":"https:\/\/fuentesfidedignas.com.mx\/index.php\/2024\/08\/14\/tribunal-electoral-declara-a-claudia-sheinbaum-como-presidenta-electa-de-mexico\/","og_site_name":"Fuentes Fidedignas","article_publisher":"https:\/\/www.facebook.com\/Fuentes-Fidedignas-368234489921644","article_published_time":"2024-08-14T19:03:29+00:00","article_modified_time":"2024-08-14T19:03:31+00:00","og_image":[{"width":803,"height":449,"url":"https:\/\/fuentesfidedignas.com.mx\/wp-content\/uploads\/2024\/06\/claudia-presidenta.jpg","type":"image\/jpeg"}],"author":"L\u00f3pez D\u00f3riga","twitter_card":"summary_large_image","twitter_creator":"@fidedignas","twitter_site":"@fidedignas","twitter_misc":{"Escrito por":"L\u00f3pez D\u00f3riga","Tiempo de lectura":"1 minuto"},"schema":{"@context":"https:\/\/schema.org","@graph":[{"@type":"Article","@id":"https:\/\/fuentesfidedignas.com.mx\/index.php\/2024\/08\/14\/tribunal-electoral-declara-a-claudia-sheinbaum-como-presidenta-electa-de-mexico\/#article","isPartOf":{"@id":"https:\/\/fuentesfidedignas.com.mx\/index.php\/2024\/08\/14\/tribunal-electoral-declara-a-claudia-sheinbaum-como-presidenta-electa-de-mexico\/"},"author":{"name":"L\u00f3pez D\u00f3riga","@id":"https:\/\/fuentesfidedignas.com.mx\/#\/schema\/person\/67d852f0557c8509146a4b9ddebd543a"},"headline":"Tribunal Electoral declara a Claudia Sheinbaum como presidenta electa de M\u00e9xico","datePublished":"2024-08-14T19:03:29+00:00","dateModified":"2024-08-14T19:03:31+00:00","mainEntityOfPage":{"@id":"https:\/\/fuentesfidedignas.com.mx\/index.php\/2024\/08\/14\/tribunal-electoral-declara-a-claudia-sheinbaum-como-presidenta-electa-de-mexico\/"},"wordCount":129,"commentCount":0,"publisher":{"@id":"https:\/\/fuentesfidedignas.com.mx\/#organization"},"image":{"@id":"https:\/\/fuentesfidedignas.com.mx\/index.php\/2024\/08\/14\/tribunal-electoral-declara-a-claudia-sheinbaum-como-presidenta-electa-de-mexico\/#primaryimage"},"thumbnailUrl":"https:\/\/fuentesfidedignas.com.mx\/wp-content\/uploads\/2024\/06\/claudia-presidenta.jpg","articleSection":["NOTICIAS NACIONALES"],"inLanguage":"es","potentialAction":[{"@type":"CommentAction","name":"Comment","target":["https:\/\/fuentesfidedignas.com.mx\/index.php\/2024\/08\/14\/tribunal-electoral-declara-a-claudia-sheinbaum-como-presidenta-electa-de-mexico\/#respond"]}]},{"@type":"WebPage","@id":"https:\/\/fuentesfidedignas.com.mx\/index.php\/2024\/08\/14\/tribunal-electoral-declara-a-claudia-sheinbaum-como-presidenta-electa-de-mexico\/","url":"https:\/\/fuentesfidedignas.com.mx\/index.php\/2024\/08\/14\/tribunal-electoral-declara-a-claudia-sheinbaum-como-presidenta-electa-de-mexico\/","name":"Tribunal Electoral declara a Claudia Sheinbaum como presidenta electa de M\u00e9xico - Fuentes Fidedignas","isPartOf":{"@id":"https:\/\/fuentesfidedignas.com.mx\/#website"},"primaryImageOfPage":{"@id":"https:\/\/fuentesfidedignas.com.mx\/index.php\/2024\/08\/14\/tribunal-electoral-declara-a-claudia-sheinbaum-como-presidenta-electa-de-mexico\/#primaryimage"},"image":{"@id":"https:\/\/fuentesfidedignas.com.mx\/index.php\/2024\/08\/14\/tribunal-electoral-declara-a-claudia-sheinbaum-como-presidenta-electa-de-mexico\/#primaryimage"},"thumbnailUrl":"https:\/\/fuentesfidedignas.com.mx\/wp-content\/uploads\/2024\/06\/claudia-presidenta.jpg","datePublished":"2024-08-14T19:03:29+00:00","dateModified":"2024-08-14T19:03:31+00:00","breadcrumb":{"@id":"https:\/\/fuentesfidedignas.com.mx\/index.php\/2024\/08\/14\/tribunal-electoral-declara-a-claudia-sheinbaum-como-presidenta-electa-de-mexico\/#breadcrumb"},"inLanguage":"es","potentialAction":[{"@type":"ReadAction","target":["https:\/\/fuentesfidedignas.com.mx\/index.php\/2024\/08\/14\/tribunal-electoral-declara-a-claudia-sheinbaum-como-presidenta-electa-de-mexico\/"]}]},{"@type":"ImageObject","inLanguage":"es","@id":"https:\/\/fuentesfidedignas.com.mx\/index.php\/2024\/08\/14\/tribunal-electoral-declara-a-claudia-sheinbaum-como-presidenta-electa-de-mexico\/#primaryimage","url":"https:\/\/fuentesfidedignas.com.mx\/wp-content\/uploads\/2024\/06\/claudia-presidenta.jpg","contentUrl":"https:\/\/fuentesfidedignas.com.mx\/wp-content\/uploads\/2024\/06\/claudia-presidenta.jpg","width":803,"height":449},{"@type":"BreadcrumbList","@id":"https:\/\/fuentesfidedignas.com.mx\/index.php\/2024\/08\/14\/tribunal-electoral-declara-a-claudia-sheinbaum-como-presidenta-electa-de-mexico\/#breadcrumb","itemListElement":[{"@type":"ListItem","position":1,"name":"Inicio","item":"https:\/\/fuentesfidedignas.com.mx\/"},{"@type":"ListItem","position":2,"name":"Tribunal Electoral declara a Claudia Sheinbaum como presidenta electa de M\u00e9xico"}]},{"@type":"WebSite","@id":"https:\/\/fuentesfidedignas.com.mx\/#website","url":"https:\/\/fuentesfidedignas.com.mx\/","name":"Fuentes Fidedignas","description":"Otro sitio realizado con WordPress","publisher":{"@id":"https:\/\/fuentesfidedignas.com.mx\/#organization"},"potentialAction":[{"@type":"SearchAction","target":{"@type":"EntryPoint","urlTemplate":"https:\/\/fuentesfidedignas.com.mx\/?s={search_term_string}"},"query-input":{"@type":"PropertyValueSpecification","valueRequired":true,"valueName":"search_term_string"}}],"inLanguage":"es"},{"@type":"Organization","@id":"https:\/\/fuentesfidedignas.com.mx\/#organization","name":"Fuentes Fidedignas","url":"https:\/\/fuentesfidedignas.com.mx\/","logo":{"@type":"ImageObject","inLanguage":"es","@id":"https:\/\/fuentesfidedignas.com.mx\/#\/schema\/logo\/image\/","url":"https:\/\/fuentesfidedignas.com.mx\/wp-content\/uploads\/2021\/04\/logo-retina.png","contentUrl":"https:\/\/fuentesfidedignas.com.mx\/wp-content\/uploads\/2021\/04\/logo-retina.png","width":280,"height":51,"caption":"Fuentes Fidedignas"},"image":{"@id":"https:\/\/fuentesfidedignas.com.mx\/#\/schema\/logo\/image\/"},"sameAs":["https:\/\/www.facebook.com\/Fuentes-Fidedignas-368234489921644","https:\/\/x.com\/fidedignas"]},{"@type":"Person","@id":"https:\/\/fuentesfidedignas.com.mx\/#\/schema\/person\/67d852f0557c8509146a4b9ddebd543a","name":"L\u00f3pez D\u00f3riga","image":{"@type":"ImageObject","inLanguage":"es","@id":"https:\/\/secure.gravatar.com\/avatar\/e525b06574ca18b33cded59dfe5778d6c823b9513154eff47da551b0551bdd1e?s=96&d=mm&r=g","url":"https:\/\/secure.gravatar.com\/avatar\/e525b06574ca18b33cded59dfe5778d6c823b9513154eff47da551b0551bdd1e?s=96&d=mm&r=g","contentUrl":"https:\/\/secure.gravatar.com\/avatar\/e525b06574ca18b33cded59dfe5778d6c823b9513154eff47da551b0551bdd1e?s=96&d=mm&r=g","caption":"L\u00f3pez D\u00f3riga"},"url":"https:\/\/fuentesfidedignas.com.mx\/index.php\/author\/doriga\/"}]}},"_links":{"self":[{"href":"https:\/\/fuentesfidedignas.com.mx\/index.php\/wp-json\/wp\/v2\/posts\/88707","targetHints":{"allow":["GET"]}}],"collection":[{"href":"https:\/\/fuentesfidedignas.com.mx\/index.php\/wp-json\/wp\/v2\/posts"}],"about":[{"href":"https:\/\/fuentesfidedignas.com.mx\/index.php\/wp-json\/wp\/v2\/types\/post"}],"author":[{"embeddable":true,"href":"https:\/\/fuentesfidedignas.com.mx\/index.php\/wp-json\/wp\/v2\/users\/47"}],"replies":[{"embeddable":true,"href":"https:\/\/fuentesfidedignas.com.mx\/index.php\/wp-json\/wp\/v2\/comments?post=88707"}],"version-history":[{"count":1,"href":"https:\/\/fuentesfidedignas.com.mx\/index.php\/wp-json\/wp\/v2\/posts\/88707\/revisions"}],"predecessor-version":[{"id":88708,"href":"https:\/\/fuentesfidedignas.com.mx\/index.php\/wp-json\/wp\/v2\/posts\/88707\/revisions\/88708"}],"wp:featuredmedia":[{"embeddable":true,"href":"https:\/\/fuentesfidedignas.com.mx\/index.php\/wp-json\/wp\/v2\/media\/83285"}],"wp:attachment":[{"href":"https:\/\/fuentesfidedignas.com.mx\/index.php\/wp-json\/wp\/v2\/media?parent=88707"}],"wp:term":[{"taxonomy":"category","embeddable":true,"href":"https:\/\/fuentesfidedignas.com.mx\/index.php\/wp-json\/wp\/v2\/categories?post=88707"},{"taxonomy":"post_tag","embeddable":true,"href":"https:\/\/fuentesfidedignas.com.mx\/index.php\/wp-json\/wp\/v2\/tags?post=88707"}],"curies":[{"name":"wp","href":"https:\/\/api.w.org\/{rel}","templated":true}]}}