{"id":88668,"date":"2024-08-13T16:55:50","date_gmt":"2024-08-13T23:55:50","guid":{"rendered":"https:\/\/fuentesfidedignas.com.mx\/?p=88668"},"modified":"2024-08-13T16:59:38","modified_gmt":"2024-08-13T23:59:38","slug":"montaron-farsa-guevara-demerita-posicion-de-las-sirenas-mexicanas-en-paris","status":"publish","type":"post","link":"https:\/\/fuentesfidedignas.com.mx\/index.php\/2024\/08\/13\/montaron-farsa-guevara-demerita-posicion-de-las-sirenas-mexicanas-en-paris\/","title":{"rendered":"\u2018Montaron una farsa\u2019: Guevara demerita posici\u00f3n de las sirenas mexicanas en Par\u00eds"},"content":{"rendered":"\n<p><strong><em>A su regreso de Par\u00eds, Ana Guevara volvi\u00f3 a acusar a las atletas mexicanas de nataci\u00f3n art\u00edstica de &#8220;mentirosas&#8221; y &#8220;armar una farsa&#8221; por reclamar sus becas y apoyos de Conade<\/em><\/strong><\/p>\n\n\n\n<p>Ciudad de M\u00e9xico.- <strong>Ana Guevara<\/strong>, directora de la Comisi\u00f3n de Cultura F\u00edsica y Deporte (<strong>Conade<\/strong>),&nbsp;<strong>volvi\u00f3 a se\u00f1alar a la Selecci\u00f3n Mexicana de Nataci\u00f3n Art\u00edstica<\/strong>&nbsp;en&nbsp;<strong>Par\u00eds 2024<\/strong>&nbsp;por&nbsp;<strong>armar \u201cuna farsa\u201d<\/strong>&nbsp;al&nbsp;<strong>denunciar la falta de apoyo<\/strong>&nbsp;en su camino a los<strong>&nbsp;Juegos Ol\u00edmpicos<\/strong>&nbsp;para obtener&nbsp;<strong>\u201cbeneficios\u201d de patrocinadores<\/strong>de la iniciativa privada.<\/p>\n\n\n\n<p>En su&nbsp;<strong>regreso a M\u00e9xico<\/strong>&nbsp;tras asistir a los&nbsp;<strong>Juegos Ol\u00edmpicos de Par\u00eds 2024, Guevara<\/strong>&nbsp;asegur\u00f3 adem\u00e1s que ella&nbsp;<strong>pronostic\u00f3<\/strong>&nbsp;que la Selecci\u00f3n Nacional&nbsp;<strong>terminar\u00eda&nbsp;en \u201coctavo o d\u00e9cimo\u201d<\/strong>(fueron&nbsp;<strong>s\u00e9ptimas en equipos y decimosegundas en dueto<\/strong>), debido a que&nbsp;<strong>no asistieron&nbsp;<\/strong>los representativos de&nbsp;<strong>Rusia y Bielorrusia<\/strong>&nbsp;debido al veto del Comit\u00e9 Ol\u00edmpico Internacional por la invasi\u00f3n a Ucrania.<\/p>\n\n\n\n<p>&#8220;<strong>Utilizaron la situaci\u00f3n para tener beneficios<\/strong>, recuerdo la llamada con Arturo El\u00edas y le dije que&nbsp;<strong>van a terminar en octavo o d\u00e9cimo<\/strong>, terminaron en el lugar donde terminaron&nbsp;<strong>porque no fue ni Rusia ni Bielorrusia\u201d,<\/strong>&nbsp;declar\u00f3 Guevara en entrevista con el diario&nbsp;<em>R\u00e9cord<\/em>.<\/p>\n\n\n\n<p>\u201c<strong>Toda la farsa<\/strong>&nbsp;con la que&nbsp;<strong>simularon<\/strong>&nbsp;y nos llevaron a nosotros en el cuento,&nbsp;<strong>no hay nada que limar ni nada que explicar<\/strong>, nos toca, responsablemente, cuidar las arcas y hacer que el destino del recurso vaya correctamente&#8221;, agreg\u00f3 la directora de Conade.<\/p>\n\n\n\n<h2 class=\"wp-block-heading\">BECAS<\/h2>\n\n\n\n<p>Guevara insisti\u00f3 en que al equipo de nataci\u00f3n art\u00edstica&nbsp;<strong>se le entreg\u00f3 su beca desde finales del 2023<\/strong>, pero fue por la&nbsp;<strong>orden de un juez<\/strong>, por lo que&nbsp;<strong>las volvi\u00f3 a llamar mentirosas<\/strong>.&nbsp;<\/p>\n\n\n\n<p>&#8220;Aclarar que&nbsp;<strong>s\u00ed se les sigui\u00f3 dando la beca por orden de un juez<\/strong>,&nbsp;<strong>mienten cuando dicen que no les dieron beca<\/strong>, s\u00ed tienen beca, quieren seguir&nbsp;<strong>manchando y difamando<\/strong>, la beca la tienen desde finales del a\u00f1o pasado&#8221;, explic\u00f3 Ana Guevara.&nbsp;<\/p>\n\n\n\n<p>Como ha sido su postura desde que&nbsp;<strong>World Aquatics desconoci\u00f3 a la Federaci\u00f3n Mexicana de Nataci\u00f3n<\/strong>&nbsp;y la<strong>Conade exigi\u00f3 a los atletas respaldar al expresidente Kiril Todorov<\/strong>, Guevara explic\u00f3 que el&nbsp;<strong>retiro de becas<\/strong>&nbsp;se debe a esa&nbsp;<strong>supuesta condici\u00f3n<\/strong>&nbsp;que le&nbsp;<strong>\u201cimpide\u201d entregar recursos a un Comit\u00e9 Estabilizador que ella considera ilegal<\/strong>.&nbsp;<\/p>\n\n\n\n<p>&#8220;Quien inici\u00f3 todo esto fue&nbsp;<strong>World Aquatics<\/strong>, ellos son los que iniciaron el proceso de que se truncara el apoyo para el equipo mexicano, toda vez que el Comit\u00e9 Estabilizador, que ha sido m\u00e1s&nbsp;<strong>desestabilizador, es ilegal,<\/strong>&nbsp;y no le podemos otorgar recursos, y por ende,&nbsp;<strong>al no haber Federaci\u00f3n, no hay cadena consecutiva<\/strong>&nbsp;para poderles dar los apoyos a los atletas, porque la&nbsp;<strong>regla<\/strong>&nbsp;dice que la petici\u00f3n tiene que llegar de la Federaci\u00f3n&#8221;, se\u00f1al\u00f3.<\/p>\n","protected":false},"excerpt":{"rendered":"<p>A su regreso de Par\u00eds, Ana Guevara volvi\u00f3 a acusar a las atletas mexicanas de nataci\u00f3n art\u00edstica de &#8220;mentirosas&#8221; y &#8220;armar una farsa&#8221; por reclamar sus becas y apoyos de Conade Ciudad de M\u00e9xico.- Ana Guevara, directora de la Comisi\u00f3n de Cultura F\u00edsica y Deporte (Conade),&nbsp;volvi\u00f3 a se\u00f1alar a la Selecci\u00f3n Mexicana de Nataci\u00f3n Art\u00edstica&nbsp;en&nbsp;Par\u00eds [&hellip;]<\/p>\n","protected":false},"author":85,"featured_media":88670,"comment_status":"closed","ping_status":"open","sticky":false,"template":"","format":"standard","meta":{"tdm_status":"","tdm_grid_status":"","footnotes":""},"categories":[39],"tags":[],"class_list":{"0":"post-88668","1":"post","2":"type-post","3":"status-publish","4":"format-standard","5":"has-post-thumbnail","7":"category-noticias-nacionales"},"yoast_head":"<!-- This site is optimized with the Yoast SEO plugin v27.5 - https:\/\/yoast.com\/product\/yoast-seo-wordpress\/ -->\n<title>\u2018Montaron una farsa\u2019: Guevara demerita posici\u00f3n de las sirenas mexicanas en Par\u00eds - Fuentes Fidedignas<\/title>\n<meta name=\"robots\" content=\"index, follow, max-snippet:-1, max-image-preview:large, max-video-preview:-1\" \/>\n<link rel=\"canonical\" href=\"https:\/\/fuentesfidedignas.com.mx\/index.php\/2024\/08\/13\/montaron-farsa-guevara-demerita-posicion-de-las-sirenas-mexicanas-en-paris\/\" \/>\n<meta property=\"og:locale\" content=\"es_MX\" \/>\n<meta property=\"og:type\" content=\"article\" \/>\n<meta property=\"og:title\" content=\"\u2018Montaron una farsa\u2019: Guevara demerita posici\u00f3n de las sirenas mexicanas en Par\u00eds - Fuentes Fidedignas\" \/>\n<meta property=\"og:description\" content=\"A su regreso de Par\u00eds, Ana Guevara volvi\u00f3 a acusar a las atletas mexicanas de nataci\u00f3n art\u00edstica de &#8220;mentirosas&#8221; y &#8220;armar una farsa&#8221; por reclamar sus becas y apoyos de Conade Ciudad de M\u00e9xico.- Ana Guevara, directora de la Comisi\u00f3n de Cultura F\u00edsica y Deporte (Conade),&nbsp;volvi\u00f3 a se\u00f1alar a la Selecci\u00f3n Mexicana de Nataci\u00f3n Art\u00edstica&nbsp;en&nbsp;Par\u00eds [&hellip;]\" \/>\n<meta property=\"og:url\" content=\"https:\/\/fuentesfidedignas.com.mx\/index.php\/2024\/08\/13\/montaron-farsa-guevara-demerita-posicion-de-las-sirenas-mexicanas-en-paris\/\" \/>\n<meta property=\"og:site_name\" content=\"Fuentes Fidedignas\" \/>\n<meta property=\"article:publisher\" content=\"https:\/\/www.facebook.com\/Fuentes-Fidedignas-368234489921644\" \/>\n<meta property=\"article:published_time\" content=\"2024-08-13T23:55:50+00:00\" \/>\n<meta property=\"article:modified_time\" content=\"2024-08-13T23:59:38+00:00\" \/>\n<meta property=\"og:image\" content=\"https:\/\/fuentesfidedignas.com.mx\/wp-content\/uploads\/2024\/08\/IMG_3748.jpeg\" \/>\n\t<meta property=\"og:image:width\" content=\"678\" \/>\n\t<meta property=\"og:image:height\" content=\"452\" \/>\n\t<meta property=\"og:image:type\" content=\"image\/jpeg\" \/>\n<meta name=\"author\" content=\"Latinus\" \/>\n<meta name=\"twitter:card\" content=\"summary_large_image\" \/>\n<meta name=\"twitter:creator\" content=\"@fidedignas\" \/>\n<meta name=\"twitter:site\" content=\"@fidedignas\" \/>\n<meta name=\"twitter:label1\" content=\"Escrito por\" \/>\n\t<meta name=\"twitter:data1\" content=\"Latinus\" \/>\n\t<meta name=\"twitter:label2\" content=\"Tiempo de lectura\" \/>\n\t<meta name=\"twitter:data2\" content=\"3 minutos\" \/>\n<script type=\"application\/ld+json\" class=\"yoast-schema-graph\">{\"@context\":\"https:\\\/\\\/schema.org\",\"@graph\":[{\"@type\":\"Article\",\"@id\":\"https:\\\/\\\/fuentesfidedignas.com.mx\\\/index.php\\\/2024\\\/08\\\/13\\\/montaron-farsa-guevara-demerita-posicion-de-las-sirenas-mexicanas-en-paris\\\/#article\",\"isPartOf\":{\"@id\":\"https:\\\/\\\/fuentesfidedignas.com.mx\\\/index.php\\\/2024\\\/08\\\/13\\\/montaron-farsa-guevara-demerita-posicion-de-las-sirenas-mexicanas-en-paris\\\/\"},\"author\":{\"name\":\"Latinus\",\"@id\":\"https:\\\/\\\/fuentesfidedignas.com.mx\\\/#\\\/schema\\\/person\\\/2bf81f85e8b5d89dbb825a184aa39dde\"},\"headline\":\"\u2018Montaron una farsa\u2019: Guevara demerita posici\u00f3n de las sirenas mexicanas en Par\u00eds\",\"datePublished\":\"2024-08-13T23:55:50+00:00\",\"dateModified\":\"2024-08-13T23:59:38+00:00\",\"mainEntityOfPage\":{\"@id\":\"https:\\\/\\\/fuentesfidedignas.com.mx\\\/index.php\\\/2024\\\/08\\\/13\\\/montaron-farsa-guevara-demerita-posicion-de-las-sirenas-mexicanas-en-paris\\\/\"},\"wordCount\":542,\"publisher\":{\"@id\":\"https:\\\/\\\/fuentesfidedignas.com.mx\\\/#organization\"},\"image\":{\"@id\":\"https:\\\/\\\/fuentesfidedignas.com.mx\\\/index.php\\\/2024\\\/08\\\/13\\\/montaron-farsa-guevara-demerita-posicion-de-las-sirenas-mexicanas-en-paris\\\/#primaryimage\"},\"thumbnailUrl\":\"https:\\\/\\\/fuentesfidedignas.com.mx\\\/wp-content\\\/uploads\\\/2024\\\/08\\\/IMG_3748.jpeg\",\"articleSection\":[\"NOTICIAS NACIONALES\"],\"inLanguage\":\"es\"},{\"@type\":\"WebPage\",\"@id\":\"https:\\\/\\\/fuentesfidedignas.com.mx\\\/index.php\\\/2024\\\/08\\\/13\\\/montaron-farsa-guevara-demerita-posicion-de-las-sirenas-mexicanas-en-paris\\\/\",\"url\":\"https:\\\/\\\/fuentesfidedignas.com.mx\\\/index.php\\\/2024\\\/08\\\/13\\\/montaron-farsa-guevara-demerita-posicion-de-las-sirenas-mexicanas-en-paris\\\/\",\"name\":\"\u2018Montaron una farsa\u2019: Guevara demerita posici\u00f3n de las sirenas mexicanas en Par\u00eds - Fuentes Fidedignas\",\"isPartOf\":{\"@id\":\"https:\\\/\\\/fuentesfidedignas.com.mx\\\/#website\"},\"primaryImageOfPage\":{\"@id\":\"https:\\\/\\\/fuentesfidedignas.com.mx\\\/index.php\\\/2024\\\/08\\\/13\\\/montaron-farsa-guevara-demerita-posicion-de-las-sirenas-mexicanas-en-paris\\\/#primaryimage\"},\"image\":{\"@id\":\"https:\\\/\\\/fuentesfidedignas.com.mx\\\/index.php\\\/2024\\\/08\\\/13\\\/montaron-farsa-guevara-demerita-posicion-de-las-sirenas-mexicanas-en-paris\\\/#primaryimage\"},\"thumbnailUrl\":\"https:\\\/\\\/fuentesfidedignas.com.mx\\\/wp-content\\\/uploads\\\/2024\\\/08\\\/IMG_3748.jpeg\",\"datePublished\":\"2024-08-13T23:55:50+00:00\",\"dateModified\":\"2024-08-13T23:59:38+00:00\",\"breadcrumb\":{\"@id\":\"https:\\\/\\\/fuentesfidedignas.com.mx\\\/index.php\\\/2024\\\/08\\\/13\\\/montaron-farsa-guevara-demerita-posicion-de-las-sirenas-mexicanas-en-paris\\\/#breadcrumb\"},\"inLanguage\":\"es\",\"potentialAction\":[{\"@type\":\"ReadAction\",\"target\":[\"https:\\\/\\\/fuentesfidedignas.com.mx\\\/index.php\\\/2024\\\/08\\\/13\\\/montaron-farsa-guevara-demerita-posicion-de-las-sirenas-mexicanas-en-paris\\\/\"]}]},{\"@type\":\"ImageObject\",\"inLanguage\":\"es\",\"@id\":\"https:\\\/\\\/fuentesfidedignas.com.mx\\\/index.php\\\/2024\\\/08\\\/13\\\/montaron-farsa-guevara-demerita-posicion-de-las-sirenas-mexicanas-en-paris\\\/#primaryimage\",\"url\":\"https:\\\/\\\/fuentesfidedignas.com.mx\\\/wp-content\\\/uploads\\\/2024\\\/08\\\/IMG_3748.jpeg\",\"contentUrl\":\"https:\\\/\\\/fuentesfidedignas.com.mx\\\/wp-content\\\/uploads\\\/2024\\\/08\\\/IMG_3748.jpeg\",\"width\":678,\"height\":452},{\"@type\":\"BreadcrumbList\",\"@id\":\"https:\\\/\\\/fuentesfidedignas.com.mx\\\/index.php\\\/2024\\\/08\\\/13\\\/montaron-farsa-guevara-demerita-posicion-de-las-sirenas-mexicanas-en-paris\\\/#breadcrumb\",\"itemListElement\":[{\"@type\":\"ListItem\",\"position\":1,\"name\":\"Inicio\",\"item\":\"https:\\\/\\\/fuentesfidedignas.com.mx\\\/\"},{\"@type\":\"ListItem\",\"position\":2,\"name\":\"\u2018Montaron una farsa\u2019: Guevara demerita posici\u00f3n de las sirenas mexicanas en Par\u00eds\"}]},{\"@type\":\"WebSite\",\"@id\":\"https:\\\/\\\/fuentesfidedignas.com.mx\\\/#website\",\"url\":\"https:\\\/\\\/fuentesfidedignas.com.mx\\\/\",\"name\":\"Fuentes Fidedignas\",\"description\":\"Otro sitio realizado con WordPress\",\"publisher\":{\"@id\":\"https:\\\/\\\/fuentesfidedignas.com.mx\\\/#organization\"},\"potentialAction\":[{\"@type\":\"SearchAction\",\"target\":{\"@type\":\"EntryPoint\",\"urlTemplate\":\"https:\\\/\\\/fuentesfidedignas.com.mx\\\/?s={search_term_string}\"},\"query-input\":{\"@type\":\"PropertyValueSpecification\",\"valueRequired\":true,\"valueName\":\"search_term_string\"}}],\"inLanguage\":\"es\"},{\"@type\":\"Organization\",\"@id\":\"https:\\\/\\\/fuentesfidedignas.com.mx\\\/#organization\",\"name\":\"Fuentes Fidedignas\",\"url\":\"https:\\\/\\\/fuentesfidedignas.com.mx\\\/\",\"logo\":{\"@type\":\"ImageObject\",\"inLanguage\":\"es\",\"@id\":\"https:\\\/\\\/fuentesfidedignas.com.mx\\\/#\\\/schema\\\/logo\\\/image\\\/\",\"url\":\"https:\\\/\\\/fuentesfidedignas.com.mx\\\/wp-content\\\/uploads\\\/2021\\\/04\\\/logo-retina.png\",\"contentUrl\":\"https:\\\/\\\/fuentesfidedignas.com.mx\\\/wp-content\\\/uploads\\\/2021\\\/04\\\/logo-retina.png\",\"width\":280,\"height\":51,\"caption\":\"Fuentes Fidedignas\"},\"image\":{\"@id\":\"https:\\\/\\\/fuentesfidedignas.com.mx\\\/#\\\/schema\\\/logo\\\/image\\\/\"},\"sameAs\":[\"https:\\\/\\\/www.facebook.com\\\/Fuentes-Fidedignas-368234489921644\",\"https:\\\/\\\/x.com\\\/fidedignas\"]},{\"@type\":\"Person\",\"@id\":\"https:\\\/\\\/fuentesfidedignas.com.mx\\\/#\\\/schema\\\/person\\\/2bf81f85e8b5d89dbb825a184aa39dde\",\"name\":\"Latinus\",\"image\":{\"@type\":\"ImageObject\",\"inLanguage\":\"es\",\"@id\":\"https:\\\/\\\/secure.gravatar.com\\\/avatar\\\/333f6d932ce645348bb256f0b554d58398c56212134ea658df4ac492d6eba412?s=96&d=mm&r=g\",\"url\":\"https:\\\/\\\/secure.gravatar.com\\\/avatar\\\/333f6d932ce645348bb256f0b554d58398c56212134ea658df4ac492d6eba412?s=96&d=mm&r=g\",\"contentUrl\":\"https:\\\/\\\/secure.gravatar.com\\\/avatar\\\/333f6d932ce645348bb256f0b554d58398c56212134ea658df4ac492d6eba412?s=96&d=mm&r=g\",\"caption\":\"Latinus\"},\"url\":\"https:\\\/\\\/fuentesfidedignas.com.mx\\\/index.php\\\/author\\\/latinus\\\/\"}]}<\/script>\n<!-- \/ Yoast SEO plugin. -->","yoast_head_json":{"title":"\u2018Montaron una farsa\u2019: Guevara demerita posici\u00f3n de las sirenas mexicanas en Par\u00eds - Fuentes Fidedignas","robots":{"index":"index","follow":"follow","max-snippet":"max-snippet:-1","max-image-preview":"max-image-preview:large","max-video-preview":"max-video-preview:-1"},"canonical":"https:\/\/fuentesfidedignas.com.mx\/index.php\/2024\/08\/13\/montaron-farsa-guevara-demerita-posicion-de-las-sirenas-mexicanas-en-paris\/","og_locale":"es_MX","og_type":"article","og_title":"\u2018Montaron una farsa\u2019: Guevara demerita posici\u00f3n de las sirenas mexicanas en Par\u00eds - Fuentes Fidedignas","og_description":"A su regreso de Par\u00eds, Ana Guevara volvi\u00f3 a acusar a las atletas mexicanas de nataci\u00f3n art\u00edstica de &#8220;mentirosas&#8221; y &#8220;armar una farsa&#8221; por reclamar sus becas y apoyos de Conade Ciudad de M\u00e9xico.- Ana Guevara, directora de la Comisi\u00f3n de Cultura F\u00edsica y Deporte (Conade),&nbsp;volvi\u00f3 a se\u00f1alar a la Selecci\u00f3n Mexicana de Nataci\u00f3n Art\u00edstica&nbsp;en&nbsp;Par\u00eds [&hellip;]","og_url":"https:\/\/fuentesfidedignas.com.mx\/index.php\/2024\/08\/13\/montaron-farsa-guevara-demerita-posicion-de-las-sirenas-mexicanas-en-paris\/","og_site_name":"Fuentes Fidedignas","article_publisher":"https:\/\/www.facebook.com\/Fuentes-Fidedignas-368234489921644","article_published_time":"2024-08-13T23:55:50+00:00","article_modified_time":"2024-08-13T23:59:38+00:00","og_image":[{"width":678,"height":452,"url":"https:\/\/fuentesfidedignas.com.mx\/wp-content\/uploads\/2024\/08\/IMG_3748.jpeg","type":"image\/jpeg"}],"author":"Latinus","twitter_card":"summary_large_image","twitter_creator":"@fidedignas","twitter_site":"@fidedignas","twitter_misc":{"Escrito por":"Latinus","Tiempo de lectura":"3 minutos"},"schema":{"@context":"https:\/\/schema.org","@graph":[{"@type":"Article","@id":"https:\/\/fuentesfidedignas.com.mx\/index.php\/2024\/08\/13\/montaron-farsa-guevara-demerita-posicion-de-las-sirenas-mexicanas-en-paris\/#article","isPartOf":{"@id":"https:\/\/fuentesfidedignas.com.mx\/index.php\/2024\/08\/13\/montaron-farsa-guevara-demerita-posicion-de-las-sirenas-mexicanas-en-paris\/"},"author":{"name":"Latinus","@id":"https:\/\/fuentesfidedignas.com.mx\/#\/schema\/person\/2bf81f85e8b5d89dbb825a184aa39dde"},"headline":"\u2018Montaron una farsa\u2019: Guevara demerita posici\u00f3n de las sirenas mexicanas en Par\u00eds","datePublished":"2024-08-13T23:55:50+00:00","dateModified":"2024-08-13T23:59:38+00:00","mainEntityOfPage":{"@id":"https:\/\/fuentesfidedignas.com.mx\/index.php\/2024\/08\/13\/montaron-farsa-guevara-demerita-posicion-de-las-sirenas-mexicanas-en-paris\/"},"wordCount":542,"publisher":{"@id":"https:\/\/fuentesfidedignas.com.mx\/#organization"},"image":{"@id":"https:\/\/fuentesfidedignas.com.mx\/index.php\/2024\/08\/13\/montaron-farsa-guevara-demerita-posicion-de-las-sirenas-mexicanas-en-paris\/#primaryimage"},"thumbnailUrl":"https:\/\/fuentesfidedignas.com.mx\/wp-content\/uploads\/2024\/08\/IMG_3748.jpeg","articleSection":["NOTICIAS NACIONALES"],"inLanguage":"es"},{"@type":"WebPage","@id":"https:\/\/fuentesfidedignas.com.mx\/index.php\/2024\/08\/13\/montaron-farsa-guevara-demerita-posicion-de-las-sirenas-mexicanas-en-paris\/","url":"https:\/\/fuentesfidedignas.com.mx\/index.php\/2024\/08\/13\/montaron-farsa-guevara-demerita-posicion-de-las-sirenas-mexicanas-en-paris\/","name":"\u2018Montaron una farsa\u2019: Guevara demerita posici\u00f3n de las sirenas mexicanas en Par\u00eds - Fuentes Fidedignas","isPartOf":{"@id":"https:\/\/fuentesfidedignas.com.mx\/#website"},"primaryImageOfPage":{"@id":"https:\/\/fuentesfidedignas.com.mx\/index.php\/2024\/08\/13\/montaron-farsa-guevara-demerita-posicion-de-las-sirenas-mexicanas-en-paris\/#primaryimage"},"image":{"@id":"https:\/\/fuentesfidedignas.com.mx\/index.php\/2024\/08\/13\/montaron-farsa-guevara-demerita-posicion-de-las-sirenas-mexicanas-en-paris\/#primaryimage"},"thumbnailUrl":"https:\/\/fuentesfidedignas.com.mx\/wp-content\/uploads\/2024\/08\/IMG_3748.jpeg","datePublished":"2024-08-13T23:55:50+00:00","dateModified":"2024-08-13T23:59:38+00:00","breadcrumb":{"@id":"https:\/\/fuentesfidedignas.com.mx\/index.php\/2024\/08\/13\/montaron-farsa-guevara-demerita-posicion-de-las-sirenas-mexicanas-en-paris\/#breadcrumb"},"inLanguage":"es","potentialAction":[{"@type":"ReadAction","target":["https:\/\/fuentesfidedignas.com.mx\/index.php\/2024\/08\/13\/montaron-farsa-guevara-demerita-posicion-de-las-sirenas-mexicanas-en-paris\/"]}]},{"@type":"ImageObject","inLanguage":"es","@id":"https:\/\/fuentesfidedignas.com.mx\/index.php\/2024\/08\/13\/montaron-farsa-guevara-demerita-posicion-de-las-sirenas-mexicanas-en-paris\/#primaryimage","url":"https:\/\/fuentesfidedignas.com.mx\/wp-content\/uploads\/2024\/08\/IMG_3748.jpeg","contentUrl":"https:\/\/fuentesfidedignas.com.mx\/wp-content\/uploads\/2024\/08\/IMG_3748.jpeg","width":678,"height":452},{"@type":"BreadcrumbList","@id":"https:\/\/fuentesfidedignas.com.mx\/index.php\/2024\/08\/13\/montaron-farsa-guevara-demerita-posicion-de-las-sirenas-mexicanas-en-paris\/#breadcrumb","itemListElement":[{"@type":"ListItem","position":1,"name":"Inicio","item":"https:\/\/fuentesfidedignas.com.mx\/"},{"@type":"ListItem","position":2,"name":"\u2018Montaron una farsa\u2019: Guevara demerita posici\u00f3n de las sirenas mexicanas en Par\u00eds"}]},{"@type":"WebSite","@id":"https:\/\/fuentesfidedignas.com.mx\/#website","url":"https:\/\/fuentesfidedignas.com.mx\/","name":"Fuentes Fidedignas","description":"Otro sitio realizado con WordPress","publisher":{"@id":"https:\/\/fuentesfidedignas.com.mx\/#organization"},"potentialAction":[{"@type":"SearchAction","target":{"@type":"EntryPoint","urlTemplate":"https:\/\/fuentesfidedignas.com.mx\/?s={search_term_string}"},"query-input":{"@type":"PropertyValueSpecification","valueRequired":true,"valueName":"search_term_string"}}],"inLanguage":"es"},{"@type":"Organization","@id":"https:\/\/fuentesfidedignas.com.mx\/#organization","name":"Fuentes Fidedignas","url":"https:\/\/fuentesfidedignas.com.mx\/","logo":{"@type":"ImageObject","inLanguage":"es","@id":"https:\/\/fuentesfidedignas.com.mx\/#\/schema\/logo\/image\/","url":"https:\/\/fuentesfidedignas.com.mx\/wp-content\/uploads\/2021\/04\/logo-retina.png","contentUrl":"https:\/\/fuentesfidedignas.com.mx\/wp-content\/uploads\/2021\/04\/logo-retina.png","width":280,"height":51,"caption":"Fuentes Fidedignas"},"image":{"@id":"https:\/\/fuentesfidedignas.com.mx\/#\/schema\/logo\/image\/"},"sameAs":["https:\/\/www.facebook.com\/Fuentes-Fidedignas-368234489921644","https:\/\/x.com\/fidedignas"]},{"@type":"Person","@id":"https:\/\/fuentesfidedignas.com.mx\/#\/schema\/person\/2bf81f85e8b5d89dbb825a184aa39dde","name":"Latinus","image":{"@type":"ImageObject","inLanguage":"es","@id":"https:\/\/secure.gravatar.com\/avatar\/333f6d932ce645348bb256f0b554d58398c56212134ea658df4ac492d6eba412?s=96&d=mm&r=g","url":"https:\/\/secure.gravatar.com\/avatar\/333f6d932ce645348bb256f0b554d58398c56212134ea658df4ac492d6eba412?s=96&d=mm&r=g","contentUrl":"https:\/\/secure.gravatar.com\/avatar\/333f6d932ce645348bb256f0b554d58398c56212134ea658df4ac492d6eba412?s=96&d=mm&r=g","caption":"Latinus"},"url":"https:\/\/fuentesfidedignas.com.mx\/index.php\/author\/latinus\/"}]}},"_links":{"self":[{"href":"https:\/\/fuentesfidedignas.com.mx\/index.php\/wp-json\/wp\/v2\/posts\/88668","targetHints":{"allow":["GET"]}}],"collection":[{"href":"https:\/\/fuentesfidedignas.com.mx\/index.php\/wp-json\/wp\/v2\/posts"}],"about":[{"href":"https:\/\/fuentesfidedignas.com.mx\/index.php\/wp-json\/wp\/v2\/types\/post"}],"author":[{"embeddable":true,"href":"https:\/\/fuentesfidedignas.com.mx\/index.php\/wp-json\/wp\/v2\/users\/85"}],"replies":[{"embeddable":true,"href":"https:\/\/fuentesfidedignas.com.mx\/index.php\/wp-json\/wp\/v2\/comments?post=88668"}],"version-history":[{"count":1,"href":"https:\/\/fuentesfidedignas.com.mx\/index.php\/wp-json\/wp\/v2\/posts\/88668\/revisions"}],"predecessor-version":[{"id":88669,"href":"https:\/\/fuentesfidedignas.com.mx\/index.php\/wp-json\/wp\/v2\/posts\/88668\/revisions\/88669"}],"wp:featuredmedia":[{"embeddable":true,"href":"https:\/\/fuentesfidedignas.com.mx\/index.php\/wp-json\/wp\/v2\/media\/88670"}],"wp:attachment":[{"href":"https:\/\/fuentesfidedignas.com.mx\/index.php\/wp-json\/wp\/v2\/media?parent=88668"}],"wp:term":[{"taxonomy":"category","embeddable":true,"href":"https:\/\/fuentesfidedignas.com.mx\/index.php\/wp-json\/wp\/v2\/categories?post=88668"},{"taxonomy":"post_tag","embeddable":true,"href":"https:\/\/fuentesfidedignas.com.mx\/index.php\/wp-json\/wp\/v2\/tags?post=88668"}],"curies":[{"name":"wp","href":"https:\/\/api.w.org\/{rel}","templated":true}]}}