{"id":88557,"date":"2024-08-12T09:48:37","date_gmt":"2024-08-12T16:48:37","guid":{"rendered":"https:\/\/fuentesfidedignas.com.mx\/?p=88557"},"modified":"2024-08-12T09:48:37","modified_gmt":"2024-08-12T16:48:37","slug":"amlo-dice-confiar-en-la-investigacion-de-la-fgr-sobre-detencion-del-mayo-y-pide-que-informe-pronto","status":"publish","type":"post","link":"https:\/\/fuentesfidedignas.com.mx\/index.php\/2024\/08\/12\/amlo-dice-confiar-en-la-investigacion-de-la-fgr-sobre-detencion-del-mayo-y-pide-que-informe-pronto\/","title":{"rendered":"AMLO dice confiar en la investigaci\u00f3n de la FGR sobre detenci\u00f3n del \u2018Mayo\u2019 y pide que informe pronto"},"content":{"rendered":"\n<p><strong><em>L\u00f3pez Obrador dijo que su Gobierno no ocultar\u00e1 nada sobre este asunto y apunt\u00f3 que la FGR ya est\u00e1 investigando<\/em><\/strong><\/p>\n\n\n\n<p>Ciudad de M\u00e9xico.- El presidente de M\u00e9xico,&nbsp;Andr\u00e9s Manuel&nbsp;L\u00f3pez Obrador, dijo que conf\u00eda en la investigaci\u00f3n que realiza la&nbsp;Fiscal\u00eda General de la Rep\u00fablica&nbsp;(FGR) sobre las&nbsp;detenciones&nbsp;en EE.UU. de los narcotraficantes&nbsp;Ismael&nbsp;Mayo&nbsp;Zambada&nbsp;y de&nbsp;Joaqu\u00edn Guzm\u00e1n L\u00f3pez.<\/p>\n\n\n\n<figure class=\"wp-block-embed\"><div class=\"wp-block-embed__wrapper\">\nhttps:\/\/youtube.com\/watch?v=3ELaRVrZAIc%3Ffeature%3Doembed\n<\/div><\/figure>\n\n\n\n<p class=\"p1\">En la conferencia matutina de Palacio Nacional, L\u00f3pez Obrador dej\u00f3 en claro que su Gobierno no ocultar\u00e1 nada sobre este asunto y que no va a ser tapadera de nadie<\/p>\n\n\n\n<blockquote class=\"wp-block-quote is-layout-flow wp-block-quote-is-layout-flow\">\n<p>\u201cEn la nuestra s\u00ed (conf\u00eda en la FGR), es un asunto muy delicado y adem\u00e1s aqu\u00ed lo vamos a estar tratando diariamente, y no se pueden ocultar las cosas\u201d, dijo.<\/p>\n<\/blockquote>\n\n\n\n<p>\u201cY hay que decir toda la verdad, no ocultarle nada al pueblo de M\u00e9xico. Y no solapar nada, a nadie, ni en M\u00e9xico en el extranjero. No vamos nosotros a ser tapadera de nadie\u201d, indic\u00f3.<\/p>\n\n\n\n<p>El mandatario mexicano pidi\u00f3 a la FGR que informe \u201cmuy pronto\u201d sobre este asunto del&nbsp;<em>Mayo<\/em>&nbsp;Zambada y de Guzm\u00e1n L\u00f3pez.<\/p>\n\n\n\n<p>\u201cYo coincido con el bolet\u00edn de ayer de la FGR, informando, tambi\u00e9n dando a conocer que van a estar informando, yo creo que eso va a ayudar mucho. Desde luego dicen que van a reservarse lo que consideren que no debe darse a conocer, por cuestiones de la misma investigaci\u00f3n\u201d, destac\u00f3.<\/p>\n\n\n\n<blockquote class=\"wp-block-quote is-layout-flow wp-block-quote-is-layout-flow\">\n<p>\u2018Mi recomendaci\u00f3n, respetuosa a la FGR, que es un organismo aut\u00f3nomo, es de que se est\u00e9 informando lo m\u00e1s pronto posible, de manera peri\u00f3dica, que se llegue a conocer toda la verdad sobre este asunto y que se siga solicitando m\u00e1s informaci\u00f3n al Gobierno de EE.UU., porque todav\u00eda no se tiene toda la informaci\u00f3n\u201d, asever\u00f3.<\/p>\n<\/blockquote>\n\n\n\n<p>La&nbsp;Fiscal\u00eda&nbsp;solicit\u00f3, con car\u00e1cter de urgente, a la Fiscal\u00eda General del Estado de Sinaloa que se avenga a la atracci\u00f3n federal del caso del asesinato de&nbsp;<strong>H\u00e9ctor Cu\u00e9n<\/strong>, exrector de la&nbsp;<strong>UAS<\/strong>, por sus posibles vinculaciones con el caso.<\/p>\n","protected":false},"excerpt":{"rendered":"<p>L\u00f3pez Obrador dijo que su Gobierno no ocultar\u00e1 nada sobre este asunto y apunt\u00f3 que la FGR ya est\u00e1 investigando Ciudad de M\u00e9xico.- El presidente de M\u00e9xico,&nbsp;Andr\u00e9s Manuel&nbsp;L\u00f3pez Obrador, dijo que conf\u00eda en la investigaci\u00f3n que realiza la&nbsp;Fiscal\u00eda General de la Rep\u00fablica&nbsp;(FGR) sobre las&nbsp;detenciones&nbsp;en EE.UU. de los narcotraficantes&nbsp;Ismael&nbsp;Mayo&nbsp;Zambada&nbsp;y de&nbsp;Joaqu\u00edn Guzm\u00e1n L\u00f3pez. En la conferencia matutina [&hellip;]<\/p>\n","protected":false},"author":47,"featured_media":88556,"comment_status":"closed","ping_status":"open","sticky":false,"template":"","format":"standard","meta":{"tdm_status":"","tdm_grid_status":"","footnotes":""},"categories":[39],"tags":[],"class_list":{"0":"post-88557","1":"post","2":"type-post","3":"status-publish","4":"format-standard","5":"has-post-thumbnail","7":"category-noticias-nacionales"},"yoast_head":"<!-- This site is optimized with the Yoast SEO plugin v27.5 - https:\/\/yoast.com\/product\/yoast-seo-wordpress\/ -->\n<title>AMLO dice confiar en la investigaci\u00f3n de la FGR sobre detenci\u00f3n del \u2018Mayo\u2019 y pide que informe pronto - Fuentes Fidedignas<\/title>\n<meta name=\"robots\" content=\"index, follow, max-snippet:-1, max-image-preview:large, max-video-preview:-1\" \/>\n<link rel=\"canonical\" href=\"https:\/\/fuentesfidedignas.com.mx\/index.php\/2024\/08\/12\/amlo-dice-confiar-en-la-investigacion-de-la-fgr-sobre-detencion-del-mayo-y-pide-que-informe-pronto\/\" \/>\n<meta property=\"og:locale\" content=\"es_MX\" \/>\n<meta property=\"og:type\" content=\"article\" \/>\n<meta property=\"og:title\" content=\"AMLO dice confiar en la investigaci\u00f3n de la FGR sobre detenci\u00f3n del \u2018Mayo\u2019 y pide que informe pronto - Fuentes Fidedignas\" \/>\n<meta property=\"og:description\" content=\"L\u00f3pez Obrador dijo que su Gobierno no ocultar\u00e1 nada sobre este asunto y apunt\u00f3 que la FGR ya est\u00e1 investigando Ciudad de M\u00e9xico.- El presidente de M\u00e9xico,&nbsp;Andr\u00e9s Manuel&nbsp;L\u00f3pez Obrador, dijo que conf\u00eda en la investigaci\u00f3n que realiza la&nbsp;Fiscal\u00eda General de la Rep\u00fablica&nbsp;(FGR) sobre las&nbsp;detenciones&nbsp;en EE.UU. de los narcotraficantes&nbsp;Ismael&nbsp;Mayo&nbsp;Zambada&nbsp;y de&nbsp;Joaqu\u00edn Guzm\u00e1n L\u00f3pez. En la conferencia matutina [&hellip;]\" \/>\n<meta property=\"og:url\" content=\"https:\/\/fuentesfidedignas.com.mx\/index.php\/2024\/08\/12\/amlo-dice-confiar-en-la-investigacion-de-la-fgr-sobre-detencion-del-mayo-y-pide-que-informe-pronto\/\" \/>\n<meta property=\"og:site_name\" content=\"Fuentes Fidedignas\" \/>\n<meta property=\"article:publisher\" content=\"https:\/\/www.facebook.com\/Fuentes-Fidedignas-368234489921644\" \/>\n<meta property=\"article:published_time\" content=\"2024-08-12T16:48:37+00:00\" \/>\n<meta property=\"og:image\" content=\"https:\/\/fuentesfidedignas.com.mx\/wp-content\/uploads\/2024\/08\/img_3569-1.jpg\" \/>\n\t<meta property=\"og:image:width\" content=\"1536\" \/>\n\t<meta property=\"og:image:height\" content=\"1043\" \/>\n\t<meta property=\"og:image:type\" content=\"image\/jpeg\" \/>\n<meta name=\"author\" content=\"L\u00f3pez D\u00f3riga\" \/>\n<meta name=\"twitter:card\" content=\"summary_large_image\" \/>\n<meta name=\"twitter:creator\" content=\"@fidedignas\" \/>\n<meta name=\"twitter:site\" content=\"@fidedignas\" \/>\n<meta name=\"twitter:label1\" content=\"Escrito por\" \/>\n\t<meta name=\"twitter:data1\" content=\"L\u00f3pez D\u00f3riga\" \/>\n\t<meta name=\"twitter:label2\" content=\"Tiempo de lectura\" \/>\n\t<meta name=\"twitter:data2\" content=\"2 minutos\" \/>\n<script type=\"application\/ld+json\" class=\"yoast-schema-graph\">{\"@context\":\"https:\\\/\\\/schema.org\",\"@graph\":[{\"@type\":\"Article\",\"@id\":\"https:\\\/\\\/fuentesfidedignas.com.mx\\\/index.php\\\/2024\\\/08\\\/12\\\/amlo-dice-confiar-en-la-investigacion-de-la-fgr-sobre-detencion-del-mayo-y-pide-que-informe-pronto\\\/#article\",\"isPartOf\":{\"@id\":\"https:\\\/\\\/fuentesfidedignas.com.mx\\\/index.php\\\/2024\\\/08\\\/12\\\/amlo-dice-confiar-en-la-investigacion-de-la-fgr-sobre-detencion-del-mayo-y-pide-que-informe-pronto\\\/\"},\"author\":{\"name\":\"L\u00f3pez D\u00f3riga\",\"@id\":\"https:\\\/\\\/fuentesfidedignas.com.mx\\\/#\\\/schema\\\/person\\\/67d852f0557c8509146a4b9ddebd543a\"},\"headline\":\"AMLO dice confiar en la investigaci\u00f3n de la FGR sobre detenci\u00f3n del \u2018Mayo\u2019 y pide que informe pronto\",\"datePublished\":\"2024-08-12T16:48:37+00:00\",\"mainEntityOfPage\":{\"@id\":\"https:\\\/\\\/fuentesfidedignas.com.mx\\\/index.php\\\/2024\\\/08\\\/12\\\/amlo-dice-confiar-en-la-investigacion-de-la-fgr-sobre-detencion-del-mayo-y-pide-que-informe-pronto\\\/\"},\"wordCount\":408,\"publisher\":{\"@id\":\"https:\\\/\\\/fuentesfidedignas.com.mx\\\/#organization\"},\"image\":{\"@id\":\"https:\\\/\\\/fuentesfidedignas.com.mx\\\/index.php\\\/2024\\\/08\\\/12\\\/amlo-dice-confiar-en-la-investigacion-de-la-fgr-sobre-detencion-del-mayo-y-pide-que-informe-pronto\\\/#primaryimage\"},\"thumbnailUrl\":\"https:\\\/\\\/fuentesfidedignas.com.mx\\\/wp-content\\\/uploads\\\/2024\\\/08\\\/img_3569-1.jpg\",\"articleSection\":[\"NOTICIAS NACIONALES\"],\"inLanguage\":\"es\"},{\"@type\":\"WebPage\",\"@id\":\"https:\\\/\\\/fuentesfidedignas.com.mx\\\/index.php\\\/2024\\\/08\\\/12\\\/amlo-dice-confiar-en-la-investigacion-de-la-fgr-sobre-detencion-del-mayo-y-pide-que-informe-pronto\\\/\",\"url\":\"https:\\\/\\\/fuentesfidedignas.com.mx\\\/index.php\\\/2024\\\/08\\\/12\\\/amlo-dice-confiar-en-la-investigacion-de-la-fgr-sobre-detencion-del-mayo-y-pide-que-informe-pronto\\\/\",\"name\":\"AMLO dice confiar en la investigaci\u00f3n de la FGR sobre detenci\u00f3n del \u2018Mayo\u2019 y pide que informe pronto - Fuentes Fidedignas\",\"isPartOf\":{\"@id\":\"https:\\\/\\\/fuentesfidedignas.com.mx\\\/#website\"},\"primaryImageOfPage\":{\"@id\":\"https:\\\/\\\/fuentesfidedignas.com.mx\\\/index.php\\\/2024\\\/08\\\/12\\\/amlo-dice-confiar-en-la-investigacion-de-la-fgr-sobre-detencion-del-mayo-y-pide-que-informe-pronto\\\/#primaryimage\"},\"image\":{\"@id\":\"https:\\\/\\\/fuentesfidedignas.com.mx\\\/index.php\\\/2024\\\/08\\\/12\\\/amlo-dice-confiar-en-la-investigacion-de-la-fgr-sobre-detencion-del-mayo-y-pide-que-informe-pronto\\\/#primaryimage\"},\"thumbnailUrl\":\"https:\\\/\\\/fuentesfidedignas.com.mx\\\/wp-content\\\/uploads\\\/2024\\\/08\\\/img_3569-1.jpg\",\"datePublished\":\"2024-08-12T16:48:37+00:00\",\"breadcrumb\":{\"@id\":\"https:\\\/\\\/fuentesfidedignas.com.mx\\\/index.php\\\/2024\\\/08\\\/12\\\/amlo-dice-confiar-en-la-investigacion-de-la-fgr-sobre-detencion-del-mayo-y-pide-que-informe-pronto\\\/#breadcrumb\"},\"inLanguage\":\"es\",\"potentialAction\":[{\"@type\":\"ReadAction\",\"target\":[\"https:\\\/\\\/fuentesfidedignas.com.mx\\\/index.php\\\/2024\\\/08\\\/12\\\/amlo-dice-confiar-en-la-investigacion-de-la-fgr-sobre-detencion-del-mayo-y-pide-que-informe-pronto\\\/\"]}]},{\"@type\":\"ImageObject\",\"inLanguage\":\"es\",\"@id\":\"https:\\\/\\\/fuentesfidedignas.com.mx\\\/index.php\\\/2024\\\/08\\\/12\\\/amlo-dice-confiar-en-la-investigacion-de-la-fgr-sobre-detencion-del-mayo-y-pide-que-informe-pronto\\\/#primaryimage\",\"url\":\"https:\\\/\\\/fuentesfidedignas.com.mx\\\/wp-content\\\/uploads\\\/2024\\\/08\\\/img_3569-1.jpg\",\"contentUrl\":\"https:\\\/\\\/fuentesfidedignas.com.mx\\\/wp-content\\\/uploads\\\/2024\\\/08\\\/img_3569-1.jpg\",\"width\":1536,\"height\":1043},{\"@type\":\"BreadcrumbList\",\"@id\":\"https:\\\/\\\/fuentesfidedignas.com.mx\\\/index.php\\\/2024\\\/08\\\/12\\\/amlo-dice-confiar-en-la-investigacion-de-la-fgr-sobre-detencion-del-mayo-y-pide-que-informe-pronto\\\/#breadcrumb\",\"itemListElement\":[{\"@type\":\"ListItem\",\"position\":1,\"name\":\"Inicio\",\"item\":\"https:\\\/\\\/fuentesfidedignas.com.mx\\\/\"},{\"@type\":\"ListItem\",\"position\":2,\"name\":\"AMLO dice confiar en la investigaci\u00f3n de la FGR sobre detenci\u00f3n del \u2018Mayo\u2019 y pide que informe pronto\"}]},{\"@type\":\"WebSite\",\"@id\":\"https:\\\/\\\/fuentesfidedignas.com.mx\\\/#website\",\"url\":\"https:\\\/\\\/fuentesfidedignas.com.mx\\\/\",\"name\":\"Fuentes Fidedignas\",\"description\":\"Otro sitio realizado con WordPress\",\"publisher\":{\"@id\":\"https:\\\/\\\/fuentesfidedignas.com.mx\\\/#organization\"},\"potentialAction\":[{\"@type\":\"SearchAction\",\"target\":{\"@type\":\"EntryPoint\",\"urlTemplate\":\"https:\\\/\\\/fuentesfidedignas.com.mx\\\/?s={search_term_string}\"},\"query-input\":{\"@type\":\"PropertyValueSpecification\",\"valueRequired\":true,\"valueName\":\"search_term_string\"}}],\"inLanguage\":\"es\"},{\"@type\":\"Organization\",\"@id\":\"https:\\\/\\\/fuentesfidedignas.com.mx\\\/#organization\",\"name\":\"Fuentes Fidedignas\",\"url\":\"https:\\\/\\\/fuentesfidedignas.com.mx\\\/\",\"logo\":{\"@type\":\"ImageObject\",\"inLanguage\":\"es\",\"@id\":\"https:\\\/\\\/fuentesfidedignas.com.mx\\\/#\\\/schema\\\/logo\\\/image\\\/\",\"url\":\"https:\\\/\\\/fuentesfidedignas.com.mx\\\/wp-content\\\/uploads\\\/2021\\\/04\\\/logo-retina.png\",\"contentUrl\":\"https:\\\/\\\/fuentesfidedignas.com.mx\\\/wp-content\\\/uploads\\\/2021\\\/04\\\/logo-retina.png\",\"width\":280,\"height\":51,\"caption\":\"Fuentes Fidedignas\"},\"image\":{\"@id\":\"https:\\\/\\\/fuentesfidedignas.com.mx\\\/#\\\/schema\\\/logo\\\/image\\\/\"},\"sameAs\":[\"https:\\\/\\\/www.facebook.com\\\/Fuentes-Fidedignas-368234489921644\",\"https:\\\/\\\/x.com\\\/fidedignas\"]},{\"@type\":\"Person\",\"@id\":\"https:\\\/\\\/fuentesfidedignas.com.mx\\\/#\\\/schema\\\/person\\\/67d852f0557c8509146a4b9ddebd543a\",\"name\":\"L\u00f3pez D\u00f3riga\",\"image\":{\"@type\":\"ImageObject\",\"inLanguage\":\"es\",\"@id\":\"https:\\\/\\\/secure.gravatar.com\\\/avatar\\\/e525b06574ca18b33cded59dfe5778d6c823b9513154eff47da551b0551bdd1e?s=96&d=mm&r=g\",\"url\":\"https:\\\/\\\/secure.gravatar.com\\\/avatar\\\/e525b06574ca18b33cded59dfe5778d6c823b9513154eff47da551b0551bdd1e?s=96&d=mm&r=g\",\"contentUrl\":\"https:\\\/\\\/secure.gravatar.com\\\/avatar\\\/e525b06574ca18b33cded59dfe5778d6c823b9513154eff47da551b0551bdd1e?s=96&d=mm&r=g\",\"caption\":\"L\u00f3pez D\u00f3riga\"},\"url\":\"https:\\\/\\\/fuentesfidedignas.com.mx\\\/index.php\\\/author\\\/doriga\\\/\"}]}<\/script>\n<!-- \/ Yoast SEO plugin. -->","yoast_head_json":{"title":"AMLO dice confiar en la investigaci\u00f3n de la FGR sobre detenci\u00f3n del \u2018Mayo\u2019 y pide que informe pronto - Fuentes Fidedignas","robots":{"index":"index","follow":"follow","max-snippet":"max-snippet:-1","max-image-preview":"max-image-preview:large","max-video-preview":"max-video-preview:-1"},"canonical":"https:\/\/fuentesfidedignas.com.mx\/index.php\/2024\/08\/12\/amlo-dice-confiar-en-la-investigacion-de-la-fgr-sobre-detencion-del-mayo-y-pide-que-informe-pronto\/","og_locale":"es_MX","og_type":"article","og_title":"AMLO dice confiar en la investigaci\u00f3n de la FGR sobre detenci\u00f3n del \u2018Mayo\u2019 y pide que informe pronto - Fuentes Fidedignas","og_description":"L\u00f3pez Obrador dijo que su Gobierno no ocultar\u00e1 nada sobre este asunto y apunt\u00f3 que la FGR ya est\u00e1 investigando Ciudad de M\u00e9xico.- El presidente de M\u00e9xico,&nbsp;Andr\u00e9s Manuel&nbsp;L\u00f3pez Obrador, dijo que conf\u00eda en la investigaci\u00f3n que realiza la&nbsp;Fiscal\u00eda General de la Rep\u00fablica&nbsp;(FGR) sobre las&nbsp;detenciones&nbsp;en EE.UU. de los narcotraficantes&nbsp;Ismael&nbsp;Mayo&nbsp;Zambada&nbsp;y de&nbsp;Joaqu\u00edn Guzm\u00e1n L\u00f3pez. En la conferencia matutina [&hellip;]","og_url":"https:\/\/fuentesfidedignas.com.mx\/index.php\/2024\/08\/12\/amlo-dice-confiar-en-la-investigacion-de-la-fgr-sobre-detencion-del-mayo-y-pide-que-informe-pronto\/","og_site_name":"Fuentes Fidedignas","article_publisher":"https:\/\/www.facebook.com\/Fuentes-Fidedignas-368234489921644","article_published_time":"2024-08-12T16:48:37+00:00","og_image":[{"width":1536,"height":1043,"url":"https:\/\/fuentesfidedignas.com.mx\/wp-content\/uploads\/2024\/08\/img_3569-1.jpg","type":"image\/jpeg"}],"author":"L\u00f3pez D\u00f3riga","twitter_card":"summary_large_image","twitter_creator":"@fidedignas","twitter_site":"@fidedignas","twitter_misc":{"Escrito por":"L\u00f3pez D\u00f3riga","Tiempo de lectura":"2 minutos"},"schema":{"@context":"https:\/\/schema.org","@graph":[{"@type":"Article","@id":"https:\/\/fuentesfidedignas.com.mx\/index.php\/2024\/08\/12\/amlo-dice-confiar-en-la-investigacion-de-la-fgr-sobre-detencion-del-mayo-y-pide-que-informe-pronto\/#article","isPartOf":{"@id":"https:\/\/fuentesfidedignas.com.mx\/index.php\/2024\/08\/12\/amlo-dice-confiar-en-la-investigacion-de-la-fgr-sobre-detencion-del-mayo-y-pide-que-informe-pronto\/"},"author":{"name":"L\u00f3pez D\u00f3riga","@id":"https:\/\/fuentesfidedignas.com.mx\/#\/schema\/person\/67d852f0557c8509146a4b9ddebd543a"},"headline":"AMLO dice confiar en la investigaci\u00f3n de la FGR sobre detenci\u00f3n del \u2018Mayo\u2019 y pide que informe pronto","datePublished":"2024-08-12T16:48:37+00:00","mainEntityOfPage":{"@id":"https:\/\/fuentesfidedignas.com.mx\/index.php\/2024\/08\/12\/amlo-dice-confiar-en-la-investigacion-de-la-fgr-sobre-detencion-del-mayo-y-pide-que-informe-pronto\/"},"wordCount":408,"publisher":{"@id":"https:\/\/fuentesfidedignas.com.mx\/#organization"},"image":{"@id":"https:\/\/fuentesfidedignas.com.mx\/index.php\/2024\/08\/12\/amlo-dice-confiar-en-la-investigacion-de-la-fgr-sobre-detencion-del-mayo-y-pide-que-informe-pronto\/#primaryimage"},"thumbnailUrl":"https:\/\/fuentesfidedignas.com.mx\/wp-content\/uploads\/2024\/08\/img_3569-1.jpg","articleSection":["NOTICIAS NACIONALES"],"inLanguage":"es"},{"@type":"WebPage","@id":"https:\/\/fuentesfidedignas.com.mx\/index.php\/2024\/08\/12\/amlo-dice-confiar-en-la-investigacion-de-la-fgr-sobre-detencion-del-mayo-y-pide-que-informe-pronto\/","url":"https:\/\/fuentesfidedignas.com.mx\/index.php\/2024\/08\/12\/amlo-dice-confiar-en-la-investigacion-de-la-fgr-sobre-detencion-del-mayo-y-pide-que-informe-pronto\/","name":"AMLO dice confiar en la investigaci\u00f3n de la FGR sobre detenci\u00f3n del \u2018Mayo\u2019 y pide que informe pronto - Fuentes Fidedignas","isPartOf":{"@id":"https:\/\/fuentesfidedignas.com.mx\/#website"},"primaryImageOfPage":{"@id":"https:\/\/fuentesfidedignas.com.mx\/index.php\/2024\/08\/12\/amlo-dice-confiar-en-la-investigacion-de-la-fgr-sobre-detencion-del-mayo-y-pide-que-informe-pronto\/#primaryimage"},"image":{"@id":"https:\/\/fuentesfidedignas.com.mx\/index.php\/2024\/08\/12\/amlo-dice-confiar-en-la-investigacion-de-la-fgr-sobre-detencion-del-mayo-y-pide-que-informe-pronto\/#primaryimage"},"thumbnailUrl":"https:\/\/fuentesfidedignas.com.mx\/wp-content\/uploads\/2024\/08\/img_3569-1.jpg","datePublished":"2024-08-12T16:48:37+00:00","breadcrumb":{"@id":"https:\/\/fuentesfidedignas.com.mx\/index.php\/2024\/08\/12\/amlo-dice-confiar-en-la-investigacion-de-la-fgr-sobre-detencion-del-mayo-y-pide-que-informe-pronto\/#breadcrumb"},"inLanguage":"es","potentialAction":[{"@type":"ReadAction","target":["https:\/\/fuentesfidedignas.com.mx\/index.php\/2024\/08\/12\/amlo-dice-confiar-en-la-investigacion-de-la-fgr-sobre-detencion-del-mayo-y-pide-que-informe-pronto\/"]}]},{"@type":"ImageObject","inLanguage":"es","@id":"https:\/\/fuentesfidedignas.com.mx\/index.php\/2024\/08\/12\/amlo-dice-confiar-en-la-investigacion-de-la-fgr-sobre-detencion-del-mayo-y-pide-que-informe-pronto\/#primaryimage","url":"https:\/\/fuentesfidedignas.com.mx\/wp-content\/uploads\/2024\/08\/img_3569-1.jpg","contentUrl":"https:\/\/fuentesfidedignas.com.mx\/wp-content\/uploads\/2024\/08\/img_3569-1.jpg","width":1536,"height":1043},{"@type":"BreadcrumbList","@id":"https:\/\/fuentesfidedignas.com.mx\/index.php\/2024\/08\/12\/amlo-dice-confiar-en-la-investigacion-de-la-fgr-sobre-detencion-del-mayo-y-pide-que-informe-pronto\/#breadcrumb","itemListElement":[{"@type":"ListItem","position":1,"name":"Inicio","item":"https:\/\/fuentesfidedignas.com.mx\/"},{"@type":"ListItem","position":2,"name":"AMLO dice confiar en la investigaci\u00f3n de la FGR sobre detenci\u00f3n del \u2018Mayo\u2019 y pide que informe pronto"}]},{"@type":"WebSite","@id":"https:\/\/fuentesfidedignas.com.mx\/#website","url":"https:\/\/fuentesfidedignas.com.mx\/","name":"Fuentes Fidedignas","description":"Otro sitio realizado con WordPress","publisher":{"@id":"https:\/\/fuentesfidedignas.com.mx\/#organization"},"potentialAction":[{"@type":"SearchAction","target":{"@type":"EntryPoint","urlTemplate":"https:\/\/fuentesfidedignas.com.mx\/?s={search_term_string}"},"query-input":{"@type":"PropertyValueSpecification","valueRequired":true,"valueName":"search_term_string"}}],"inLanguage":"es"},{"@type":"Organization","@id":"https:\/\/fuentesfidedignas.com.mx\/#organization","name":"Fuentes Fidedignas","url":"https:\/\/fuentesfidedignas.com.mx\/","logo":{"@type":"ImageObject","inLanguage":"es","@id":"https:\/\/fuentesfidedignas.com.mx\/#\/schema\/logo\/image\/","url":"https:\/\/fuentesfidedignas.com.mx\/wp-content\/uploads\/2021\/04\/logo-retina.png","contentUrl":"https:\/\/fuentesfidedignas.com.mx\/wp-content\/uploads\/2021\/04\/logo-retina.png","width":280,"height":51,"caption":"Fuentes Fidedignas"},"image":{"@id":"https:\/\/fuentesfidedignas.com.mx\/#\/schema\/logo\/image\/"},"sameAs":["https:\/\/www.facebook.com\/Fuentes-Fidedignas-368234489921644","https:\/\/x.com\/fidedignas"]},{"@type":"Person","@id":"https:\/\/fuentesfidedignas.com.mx\/#\/schema\/person\/67d852f0557c8509146a4b9ddebd543a","name":"L\u00f3pez D\u00f3riga","image":{"@type":"ImageObject","inLanguage":"es","@id":"https:\/\/secure.gravatar.com\/avatar\/e525b06574ca18b33cded59dfe5778d6c823b9513154eff47da551b0551bdd1e?s=96&d=mm&r=g","url":"https:\/\/secure.gravatar.com\/avatar\/e525b06574ca18b33cded59dfe5778d6c823b9513154eff47da551b0551bdd1e?s=96&d=mm&r=g","contentUrl":"https:\/\/secure.gravatar.com\/avatar\/e525b06574ca18b33cded59dfe5778d6c823b9513154eff47da551b0551bdd1e?s=96&d=mm&r=g","caption":"L\u00f3pez D\u00f3riga"},"url":"https:\/\/fuentesfidedignas.com.mx\/index.php\/author\/doriga\/"}]}},"_links":{"self":[{"href":"https:\/\/fuentesfidedignas.com.mx\/index.php\/wp-json\/wp\/v2\/posts\/88557","targetHints":{"allow":["GET"]}}],"collection":[{"href":"https:\/\/fuentesfidedignas.com.mx\/index.php\/wp-json\/wp\/v2\/posts"}],"about":[{"href":"https:\/\/fuentesfidedignas.com.mx\/index.php\/wp-json\/wp\/v2\/types\/post"}],"author":[{"embeddable":true,"href":"https:\/\/fuentesfidedignas.com.mx\/index.php\/wp-json\/wp\/v2\/users\/47"}],"replies":[{"embeddable":true,"href":"https:\/\/fuentesfidedignas.com.mx\/index.php\/wp-json\/wp\/v2\/comments?post=88557"}],"version-history":[{"count":1,"href":"https:\/\/fuentesfidedignas.com.mx\/index.php\/wp-json\/wp\/v2\/posts\/88557\/revisions"}],"predecessor-version":[{"id":88558,"href":"https:\/\/fuentesfidedignas.com.mx\/index.php\/wp-json\/wp\/v2\/posts\/88557\/revisions\/88558"}],"wp:featuredmedia":[{"embeddable":true,"href":"https:\/\/fuentesfidedignas.com.mx\/index.php\/wp-json\/wp\/v2\/media\/88556"}],"wp:attachment":[{"href":"https:\/\/fuentesfidedignas.com.mx\/index.php\/wp-json\/wp\/v2\/media?parent=88557"}],"wp:term":[{"taxonomy":"category","embeddable":true,"href":"https:\/\/fuentesfidedignas.com.mx\/index.php\/wp-json\/wp\/v2\/categories?post=88557"},{"taxonomy":"post_tag","embeddable":true,"href":"https:\/\/fuentesfidedignas.com.mx\/index.php\/wp-json\/wp\/v2\/tags?post=88557"}],"curies":[{"name":"wp","href":"https:\/\/api.w.org\/{rel}","templated":true}]}}