{"id":8855,"date":"2021-08-02T22:07:00","date_gmt":"2021-08-03T05:07:00","guid":{"rendered":"https:\/\/fuentesfidedignas.com.mx\/?p=8855"},"modified":"2021-08-03T10:09:10","modified_gmt":"2021-08-03T17:09:10","slug":"inicia-secretaria-de-salud-pago-por-fondos-de-ahorros-a-sus-trabajadores","status":"publish","type":"post","link":"https:\/\/fuentesfidedignas.com.mx\/index.php\/2021\/08\/02\/inicia-secretaria-de-salud-pago-por-fondos-de-ahorros-a-sus-trabajadores\/","title":{"rendered":"Inicia Secretar\u00eda de Salud pago por Fondos de Ahorros a sus trabajadores"},"content":{"rendered":"\n<p><em><strong>El fondo es pagado, tradicionalmente, durante la primera quincena del mes de agosto de cada a\u00f1o por lo que se busc\u00f3 no retrasarse tomando en cuenta la labor extraordinaria que el personal ha realizado durante m\u00e1s de un a\u00f1o debido al Covid-19<\/strong><\/em><\/p>\n\n\n\n<p>Culiac\u00e1n.- Este lunes 02 de agosto se inici\u00f3 con el pago de los Fondos de Ahorros, tanto Estatal Como Federal, a m\u00e1s de 7 mil trabajadores de salud, en cumplimiento a los acuerdos constituidos por Gobierno del Estado, los Servicios de Salud de Sinaloa y la participaci\u00f3n del Sindicato Nacional Regularizado y Formalizado con la participaci\u00f3n del Sindicato Nacional de los Trabajadores de la Secretar\u00eda de Salud, SNTSA.<\/p>\n\n\n\n<p>\u201cEl d\u00eda de hoy, el Gobierno del Estado y la Secretar\u00eda de Salud, ha iniciado el pago del Fondo de Ahorro Capitalizable Estatal, como un reconocimiento a todos los trabajadores que bien merecido lo tienen y m\u00e1s en esta contingencia, es una prestaci\u00f3n importante que gracias a la gesti\u00f3n del se\u00f1or Gobernador Quirino Ordaz Coppel, se logra nuevamente dar cabal cumplimiento a las mismas\u201d, coment\u00f3 el Secretario de Salud de Sinaloa, Dr. Efr\u00e9n Encinas Torres.<\/p>\n\n\n\n<p>Record\u00f3 que el Fondo Estatal de Ahorro Capitalizable (FEAC), fue constituido el 20 de agosto del 2012 de manera conjunta por Gobierno del Estado y los Servicios de Salud de Sinaloa, formaliz\u00e1ndose con participaci\u00f3n del Sindicato Nacional de los Trabajadores de la Secretar\u00eda de Salud, el cual est\u00e1 integrado por las aportaciones de los trabajadores, Gobierno del Estado y el 25% de las cuotas sindicales.<\/p>\n\n\n\n<p>En esta ocasi\u00f3n el FEAC fue otorgado a cerca de 3 mil 800 empleados con una erogaci\u00f3n de cerca de 36 millones de pesos para los trabajadores que dependen del estado en el \u00e1rea de salud, mientras que del FONAC, Fondo de Ahorro Capitalizables Federal, el beneficio le llega a cerca de 3 mil 400 trabajadores por alrededor de 33 millones de pesos.<\/p>\n\n\n\n<p>Con esto se cumple en tiempo y forma la prestaci\u00f3n de inscripci\u00f3n voluntaria en el que participa personal de todos los c\u00f3digos de puestos t\u00e9cnico operativo de base sindicalizado.<\/p>\n\n\n\n<p>El fondo es pagado, tradicionalmente, durante la primera quincena del mes de agosto de cada a\u00f1o por lo que se busc\u00f3 no retrasarse tomando en cuenta la labor extraordinaria que el personal ha realizado durante los \u00faltimos meses debido al Covid-19.<\/p>\n","protected":false},"excerpt":{"rendered":"<p>El fondo es pagado, tradicionalmente, durante la primera quincena del mes de agosto de cada a\u00f1o por lo que se busc\u00f3 no retrasarse tomando en cuenta la labor extraordinaria que el personal ha realizado durante m\u00e1s de un a\u00f1o debido al Covid-19 Culiac\u00e1n.- Este lunes 02 de agosto se inici\u00f3 con el pago de los [&hellip;]<\/p>\n","protected":false},"author":4,"featured_media":8856,"comment_status":"open","ping_status":"open","sticky":false,"template":"","format":"standard","meta":{"tdm_status":"","tdm_grid_status":"","footnotes":""},"categories":[38],"tags":[],"class_list":{"0":"post-8855","1":"post","2":"type-post","3":"status-publish","4":"format-standard","5":"has-post-thumbnail","7":"category-noticias-locales"},"yoast_head":"<!-- This site is optimized with the Yoast SEO plugin v27.4 - https:\/\/yoast.com\/product\/yoast-seo-wordpress\/ -->\n<title>Inicia Secretar\u00eda de Salud pago por Fondos de Ahorros a sus trabajadores - Fuentes Fidedignas<\/title>\n<meta name=\"robots\" content=\"index, follow, max-snippet:-1, max-image-preview:large, max-video-preview:-1\" \/>\n<link rel=\"canonical\" href=\"https:\/\/fuentesfidedignas.com.mx\/index.php\/2021\/08\/02\/inicia-secretaria-de-salud-pago-por-fondos-de-ahorros-a-sus-trabajadores\/\" \/>\n<meta property=\"og:locale\" content=\"es_MX\" \/>\n<meta property=\"og:type\" content=\"article\" \/>\n<meta property=\"og:title\" content=\"Inicia Secretar\u00eda de Salud pago por Fondos de Ahorros a sus trabajadores - Fuentes Fidedignas\" \/>\n<meta property=\"og:description\" content=\"El fondo es pagado, tradicionalmente, durante la primera quincena del mes de agosto de cada a\u00f1o por lo que se busc\u00f3 no retrasarse tomando en cuenta la labor extraordinaria que el personal ha realizado durante m\u00e1s de un a\u00f1o debido al Covid-19 Culiac\u00e1n.- Este lunes 02 de agosto se inici\u00f3 con el pago de los [&hellip;]\" \/>\n<meta property=\"og:url\" content=\"https:\/\/fuentesfidedignas.com.mx\/index.php\/2021\/08\/02\/inicia-secretaria-de-salud-pago-por-fondos-de-ahorros-a-sus-trabajadores\/\" \/>\n<meta property=\"og:site_name\" content=\"Fuentes Fidedignas\" \/>\n<meta property=\"article:publisher\" content=\"https:\/\/www.facebook.com\/Fuentes-Fidedignas-368234489921644\" \/>\n<meta property=\"article:published_time\" content=\"2021-08-03T05:07:00+00:00\" \/>\n<meta property=\"article:modified_time\" content=\"2021-08-03T17:09:10+00:00\" \/>\n<meta property=\"og:image\" content=\"https:\/\/fuentesfidedignas.com.mx\/wp-content\/uploads\/2021\/08\/c7c3d7d5-03fe-4f07-bfea-7ef07475f6f8.jpg\" \/>\n\t<meta property=\"og:image:width\" content=\"1024\" \/>\n\t<meta property=\"og:image:height\" content=\"691\" \/>\n\t<meta property=\"og:image:type\" content=\"image\/jpeg\" \/>\n<meta name=\"author\" content=\"Redacci\u00f3n\" \/>\n<meta name=\"twitter:card\" content=\"summary_large_image\" \/>\n<meta name=\"twitter:creator\" content=\"@fidedignas\" \/>\n<meta name=\"twitter:site\" content=\"@fidedignas\" \/>\n<meta name=\"twitter:label1\" content=\"Escrito por\" \/>\n\t<meta name=\"twitter:data1\" content=\"Redacci\u00f3n\" \/>\n\t<meta name=\"twitter:label2\" content=\"Tiempo de lectura\" \/>\n\t<meta name=\"twitter:data2\" content=\"2 minutos\" \/>\n<script type=\"application\/ld+json\" class=\"yoast-schema-graph\">{\"@context\":\"https:\\\/\\\/schema.org\",\"@graph\":[{\"@type\":\"Article\",\"@id\":\"https:\\\/\\\/fuentesfidedignas.com.mx\\\/index.php\\\/2021\\\/08\\\/02\\\/inicia-secretaria-de-salud-pago-por-fondos-de-ahorros-a-sus-trabajadores\\\/#article\",\"isPartOf\":{\"@id\":\"https:\\\/\\\/fuentesfidedignas.com.mx\\\/index.php\\\/2021\\\/08\\\/02\\\/inicia-secretaria-de-salud-pago-por-fondos-de-ahorros-a-sus-trabajadores\\\/\"},\"author\":{\"name\":\"Redacci\u00f3n\",\"@id\":\"https:\\\/\\\/fuentesfidedignas.com.mx\\\/#\\\/schema\\\/person\\\/331be9283d37198e2acd5750279085b0\"},\"headline\":\"Inicia Secretar\u00eda de Salud pago por Fondos de Ahorros a sus trabajadores\",\"datePublished\":\"2021-08-03T05:07:00+00:00\",\"dateModified\":\"2021-08-03T17:09:10+00:00\",\"mainEntityOfPage\":{\"@id\":\"https:\\\/\\\/fuentesfidedignas.com.mx\\\/index.php\\\/2021\\\/08\\\/02\\\/inicia-secretaria-de-salud-pago-por-fondos-de-ahorros-a-sus-trabajadores\\\/\"},\"wordCount\":411,\"commentCount\":0,\"publisher\":{\"@id\":\"https:\\\/\\\/fuentesfidedignas.com.mx\\\/#organization\"},\"image\":{\"@id\":\"https:\\\/\\\/fuentesfidedignas.com.mx\\\/index.php\\\/2021\\\/08\\\/02\\\/inicia-secretaria-de-salud-pago-por-fondos-de-ahorros-a-sus-trabajadores\\\/#primaryimage\"},\"thumbnailUrl\":\"https:\\\/\\\/fuentesfidedignas.com.mx\\\/wp-content\\\/uploads\\\/2021\\\/08\\\/c7c3d7d5-03fe-4f07-bfea-7ef07475f6f8.jpg\",\"articleSection\":[\"NOTICIAS LOCALES\"],\"inLanguage\":\"es\",\"potentialAction\":[{\"@type\":\"CommentAction\",\"name\":\"Comment\",\"target\":[\"https:\\\/\\\/fuentesfidedignas.com.mx\\\/index.php\\\/2021\\\/08\\\/02\\\/inicia-secretaria-de-salud-pago-por-fondos-de-ahorros-a-sus-trabajadores\\\/#respond\"]}]},{\"@type\":\"WebPage\",\"@id\":\"https:\\\/\\\/fuentesfidedignas.com.mx\\\/index.php\\\/2021\\\/08\\\/02\\\/inicia-secretaria-de-salud-pago-por-fondos-de-ahorros-a-sus-trabajadores\\\/\",\"url\":\"https:\\\/\\\/fuentesfidedignas.com.mx\\\/index.php\\\/2021\\\/08\\\/02\\\/inicia-secretaria-de-salud-pago-por-fondos-de-ahorros-a-sus-trabajadores\\\/\",\"name\":\"Inicia Secretar\u00eda de Salud pago por Fondos de Ahorros a sus trabajadores - Fuentes Fidedignas\",\"isPartOf\":{\"@id\":\"https:\\\/\\\/fuentesfidedignas.com.mx\\\/#website\"},\"primaryImageOfPage\":{\"@id\":\"https:\\\/\\\/fuentesfidedignas.com.mx\\\/index.php\\\/2021\\\/08\\\/02\\\/inicia-secretaria-de-salud-pago-por-fondos-de-ahorros-a-sus-trabajadores\\\/#primaryimage\"},\"image\":{\"@id\":\"https:\\\/\\\/fuentesfidedignas.com.mx\\\/index.php\\\/2021\\\/08\\\/02\\\/inicia-secretaria-de-salud-pago-por-fondos-de-ahorros-a-sus-trabajadores\\\/#primaryimage\"},\"thumbnailUrl\":\"https:\\\/\\\/fuentesfidedignas.com.mx\\\/wp-content\\\/uploads\\\/2021\\\/08\\\/c7c3d7d5-03fe-4f07-bfea-7ef07475f6f8.jpg\",\"datePublished\":\"2021-08-03T05:07:00+00:00\",\"dateModified\":\"2021-08-03T17:09:10+00:00\",\"breadcrumb\":{\"@id\":\"https:\\\/\\\/fuentesfidedignas.com.mx\\\/index.php\\\/2021\\\/08\\\/02\\\/inicia-secretaria-de-salud-pago-por-fondos-de-ahorros-a-sus-trabajadores\\\/#breadcrumb\"},\"inLanguage\":\"es\",\"potentialAction\":[{\"@type\":\"ReadAction\",\"target\":[\"https:\\\/\\\/fuentesfidedignas.com.mx\\\/index.php\\\/2021\\\/08\\\/02\\\/inicia-secretaria-de-salud-pago-por-fondos-de-ahorros-a-sus-trabajadores\\\/\"]}]},{\"@type\":\"ImageObject\",\"inLanguage\":\"es\",\"@id\":\"https:\\\/\\\/fuentesfidedignas.com.mx\\\/index.php\\\/2021\\\/08\\\/02\\\/inicia-secretaria-de-salud-pago-por-fondos-de-ahorros-a-sus-trabajadores\\\/#primaryimage\",\"url\":\"https:\\\/\\\/fuentesfidedignas.com.mx\\\/wp-content\\\/uploads\\\/2021\\\/08\\\/c7c3d7d5-03fe-4f07-bfea-7ef07475f6f8.jpg\",\"contentUrl\":\"https:\\\/\\\/fuentesfidedignas.com.mx\\\/wp-content\\\/uploads\\\/2021\\\/08\\\/c7c3d7d5-03fe-4f07-bfea-7ef07475f6f8.jpg\",\"width\":1024,\"height\":691},{\"@type\":\"BreadcrumbList\",\"@id\":\"https:\\\/\\\/fuentesfidedignas.com.mx\\\/index.php\\\/2021\\\/08\\\/02\\\/inicia-secretaria-de-salud-pago-por-fondos-de-ahorros-a-sus-trabajadores\\\/#breadcrumb\",\"itemListElement\":[{\"@type\":\"ListItem\",\"position\":1,\"name\":\"Inicio\",\"item\":\"https:\\\/\\\/fuentesfidedignas.com.mx\\\/\"},{\"@type\":\"ListItem\",\"position\":2,\"name\":\"Inicia Secretar\u00eda de Salud pago por Fondos de Ahorros a sus trabajadores\"}]},{\"@type\":\"WebSite\",\"@id\":\"https:\\\/\\\/fuentesfidedignas.com.mx\\\/#website\",\"url\":\"https:\\\/\\\/fuentesfidedignas.com.mx\\\/\",\"name\":\"Fuentes Fidedignas\",\"description\":\"Otro sitio realizado con WordPress\",\"publisher\":{\"@id\":\"https:\\\/\\\/fuentesfidedignas.com.mx\\\/#organization\"},\"potentialAction\":[{\"@type\":\"SearchAction\",\"target\":{\"@type\":\"EntryPoint\",\"urlTemplate\":\"https:\\\/\\\/fuentesfidedignas.com.mx\\\/?s={search_term_string}\"},\"query-input\":{\"@type\":\"PropertyValueSpecification\",\"valueRequired\":true,\"valueName\":\"search_term_string\"}}],\"inLanguage\":\"es\"},{\"@type\":\"Organization\",\"@id\":\"https:\\\/\\\/fuentesfidedignas.com.mx\\\/#organization\",\"name\":\"Fuentes Fidedignas\",\"url\":\"https:\\\/\\\/fuentesfidedignas.com.mx\\\/\",\"logo\":{\"@type\":\"ImageObject\",\"inLanguage\":\"es\",\"@id\":\"https:\\\/\\\/fuentesfidedignas.com.mx\\\/#\\\/schema\\\/logo\\\/image\\\/\",\"url\":\"https:\\\/\\\/fuentesfidedignas.com.mx\\\/wp-content\\\/uploads\\\/2021\\\/04\\\/logo-retina.png\",\"contentUrl\":\"https:\\\/\\\/fuentesfidedignas.com.mx\\\/wp-content\\\/uploads\\\/2021\\\/04\\\/logo-retina.png\",\"width\":280,\"height\":51,\"caption\":\"Fuentes Fidedignas\"},\"image\":{\"@id\":\"https:\\\/\\\/fuentesfidedignas.com.mx\\\/#\\\/schema\\\/logo\\\/image\\\/\"},\"sameAs\":[\"https:\\\/\\\/www.facebook.com\\\/Fuentes-Fidedignas-368234489921644\",\"https:\\\/\\\/x.com\\\/fidedignas\"]},{\"@type\":\"Person\",\"@id\":\"https:\\\/\\\/fuentesfidedignas.com.mx\\\/#\\\/schema\\\/person\\\/331be9283d37198e2acd5750279085b0\",\"name\":\"Redacci\u00f3n\",\"image\":{\"@type\":\"ImageObject\",\"inLanguage\":\"es\",\"@id\":\"https:\\\/\\\/secure.gravatar.com\\\/avatar\\\/f6d8782c11d12b2d4ad3fbb6931aeab5309937a4d6cd2fc9cfaa28a6396a5aec?s=96&d=mm&r=g\",\"url\":\"https:\\\/\\\/secure.gravatar.com\\\/avatar\\\/f6d8782c11d12b2d4ad3fbb6931aeab5309937a4d6cd2fc9cfaa28a6396a5aec?s=96&d=mm&r=g\",\"contentUrl\":\"https:\\\/\\\/secure.gravatar.com\\\/avatar\\\/f6d8782c11d12b2d4ad3fbb6931aeab5309937a4d6cd2fc9cfaa28a6396a5aec?s=96&d=mm&r=g\",\"caption\":\"Redacci\u00f3n\"},\"url\":\"https:\\\/\\\/fuentesfidedignas.com.mx\\\/index.php\\\/author\\\/redaccion\\\/\"}]}<\/script>\n<!-- \/ Yoast SEO plugin. -->","yoast_head_json":{"title":"Inicia Secretar\u00eda de Salud pago por Fondos de Ahorros a sus trabajadores - Fuentes Fidedignas","robots":{"index":"index","follow":"follow","max-snippet":"max-snippet:-1","max-image-preview":"max-image-preview:large","max-video-preview":"max-video-preview:-1"},"canonical":"https:\/\/fuentesfidedignas.com.mx\/index.php\/2021\/08\/02\/inicia-secretaria-de-salud-pago-por-fondos-de-ahorros-a-sus-trabajadores\/","og_locale":"es_MX","og_type":"article","og_title":"Inicia Secretar\u00eda de Salud pago por Fondos de Ahorros a sus trabajadores - Fuentes Fidedignas","og_description":"El fondo es pagado, tradicionalmente, durante la primera quincena del mes de agosto de cada a\u00f1o por lo que se busc\u00f3 no retrasarse tomando en cuenta la labor extraordinaria que el personal ha realizado durante m\u00e1s de un a\u00f1o debido al Covid-19 Culiac\u00e1n.- Este lunes 02 de agosto se inici\u00f3 con el pago de los [&hellip;]","og_url":"https:\/\/fuentesfidedignas.com.mx\/index.php\/2021\/08\/02\/inicia-secretaria-de-salud-pago-por-fondos-de-ahorros-a-sus-trabajadores\/","og_site_name":"Fuentes Fidedignas","article_publisher":"https:\/\/www.facebook.com\/Fuentes-Fidedignas-368234489921644","article_published_time":"2021-08-03T05:07:00+00:00","article_modified_time":"2021-08-03T17:09:10+00:00","og_image":[{"width":1024,"height":691,"url":"https:\/\/fuentesfidedignas.com.mx\/wp-content\/uploads\/2021\/08\/c7c3d7d5-03fe-4f07-bfea-7ef07475f6f8.jpg","type":"image\/jpeg"}],"author":"Redacci\u00f3n","twitter_card":"summary_large_image","twitter_creator":"@fidedignas","twitter_site":"@fidedignas","twitter_misc":{"Escrito por":"Redacci\u00f3n","Tiempo de lectura":"2 minutos"},"schema":{"@context":"https:\/\/schema.org","@graph":[{"@type":"Article","@id":"https:\/\/fuentesfidedignas.com.mx\/index.php\/2021\/08\/02\/inicia-secretaria-de-salud-pago-por-fondos-de-ahorros-a-sus-trabajadores\/#article","isPartOf":{"@id":"https:\/\/fuentesfidedignas.com.mx\/index.php\/2021\/08\/02\/inicia-secretaria-de-salud-pago-por-fondos-de-ahorros-a-sus-trabajadores\/"},"author":{"name":"Redacci\u00f3n","@id":"https:\/\/fuentesfidedignas.com.mx\/#\/schema\/person\/331be9283d37198e2acd5750279085b0"},"headline":"Inicia Secretar\u00eda de Salud pago por Fondos de Ahorros a sus trabajadores","datePublished":"2021-08-03T05:07:00+00:00","dateModified":"2021-08-03T17:09:10+00:00","mainEntityOfPage":{"@id":"https:\/\/fuentesfidedignas.com.mx\/index.php\/2021\/08\/02\/inicia-secretaria-de-salud-pago-por-fondos-de-ahorros-a-sus-trabajadores\/"},"wordCount":411,"commentCount":0,"publisher":{"@id":"https:\/\/fuentesfidedignas.com.mx\/#organization"},"image":{"@id":"https:\/\/fuentesfidedignas.com.mx\/index.php\/2021\/08\/02\/inicia-secretaria-de-salud-pago-por-fondos-de-ahorros-a-sus-trabajadores\/#primaryimage"},"thumbnailUrl":"https:\/\/fuentesfidedignas.com.mx\/wp-content\/uploads\/2021\/08\/c7c3d7d5-03fe-4f07-bfea-7ef07475f6f8.jpg","articleSection":["NOTICIAS LOCALES"],"inLanguage":"es","potentialAction":[{"@type":"CommentAction","name":"Comment","target":["https:\/\/fuentesfidedignas.com.mx\/index.php\/2021\/08\/02\/inicia-secretaria-de-salud-pago-por-fondos-de-ahorros-a-sus-trabajadores\/#respond"]}]},{"@type":"WebPage","@id":"https:\/\/fuentesfidedignas.com.mx\/index.php\/2021\/08\/02\/inicia-secretaria-de-salud-pago-por-fondos-de-ahorros-a-sus-trabajadores\/","url":"https:\/\/fuentesfidedignas.com.mx\/index.php\/2021\/08\/02\/inicia-secretaria-de-salud-pago-por-fondos-de-ahorros-a-sus-trabajadores\/","name":"Inicia Secretar\u00eda de Salud pago por Fondos de Ahorros a sus trabajadores - Fuentes Fidedignas","isPartOf":{"@id":"https:\/\/fuentesfidedignas.com.mx\/#website"},"primaryImageOfPage":{"@id":"https:\/\/fuentesfidedignas.com.mx\/index.php\/2021\/08\/02\/inicia-secretaria-de-salud-pago-por-fondos-de-ahorros-a-sus-trabajadores\/#primaryimage"},"image":{"@id":"https:\/\/fuentesfidedignas.com.mx\/index.php\/2021\/08\/02\/inicia-secretaria-de-salud-pago-por-fondos-de-ahorros-a-sus-trabajadores\/#primaryimage"},"thumbnailUrl":"https:\/\/fuentesfidedignas.com.mx\/wp-content\/uploads\/2021\/08\/c7c3d7d5-03fe-4f07-bfea-7ef07475f6f8.jpg","datePublished":"2021-08-03T05:07:00+00:00","dateModified":"2021-08-03T17:09:10+00:00","breadcrumb":{"@id":"https:\/\/fuentesfidedignas.com.mx\/index.php\/2021\/08\/02\/inicia-secretaria-de-salud-pago-por-fondos-de-ahorros-a-sus-trabajadores\/#breadcrumb"},"inLanguage":"es","potentialAction":[{"@type":"ReadAction","target":["https:\/\/fuentesfidedignas.com.mx\/index.php\/2021\/08\/02\/inicia-secretaria-de-salud-pago-por-fondos-de-ahorros-a-sus-trabajadores\/"]}]},{"@type":"ImageObject","inLanguage":"es","@id":"https:\/\/fuentesfidedignas.com.mx\/index.php\/2021\/08\/02\/inicia-secretaria-de-salud-pago-por-fondos-de-ahorros-a-sus-trabajadores\/#primaryimage","url":"https:\/\/fuentesfidedignas.com.mx\/wp-content\/uploads\/2021\/08\/c7c3d7d5-03fe-4f07-bfea-7ef07475f6f8.jpg","contentUrl":"https:\/\/fuentesfidedignas.com.mx\/wp-content\/uploads\/2021\/08\/c7c3d7d5-03fe-4f07-bfea-7ef07475f6f8.jpg","width":1024,"height":691},{"@type":"BreadcrumbList","@id":"https:\/\/fuentesfidedignas.com.mx\/index.php\/2021\/08\/02\/inicia-secretaria-de-salud-pago-por-fondos-de-ahorros-a-sus-trabajadores\/#breadcrumb","itemListElement":[{"@type":"ListItem","position":1,"name":"Inicio","item":"https:\/\/fuentesfidedignas.com.mx\/"},{"@type":"ListItem","position":2,"name":"Inicia Secretar\u00eda de Salud pago por Fondos de Ahorros a sus trabajadores"}]},{"@type":"WebSite","@id":"https:\/\/fuentesfidedignas.com.mx\/#website","url":"https:\/\/fuentesfidedignas.com.mx\/","name":"Fuentes Fidedignas","description":"Otro sitio realizado con WordPress","publisher":{"@id":"https:\/\/fuentesfidedignas.com.mx\/#organization"},"potentialAction":[{"@type":"SearchAction","target":{"@type":"EntryPoint","urlTemplate":"https:\/\/fuentesfidedignas.com.mx\/?s={search_term_string}"},"query-input":{"@type":"PropertyValueSpecification","valueRequired":true,"valueName":"search_term_string"}}],"inLanguage":"es"},{"@type":"Organization","@id":"https:\/\/fuentesfidedignas.com.mx\/#organization","name":"Fuentes Fidedignas","url":"https:\/\/fuentesfidedignas.com.mx\/","logo":{"@type":"ImageObject","inLanguage":"es","@id":"https:\/\/fuentesfidedignas.com.mx\/#\/schema\/logo\/image\/","url":"https:\/\/fuentesfidedignas.com.mx\/wp-content\/uploads\/2021\/04\/logo-retina.png","contentUrl":"https:\/\/fuentesfidedignas.com.mx\/wp-content\/uploads\/2021\/04\/logo-retina.png","width":280,"height":51,"caption":"Fuentes Fidedignas"},"image":{"@id":"https:\/\/fuentesfidedignas.com.mx\/#\/schema\/logo\/image\/"},"sameAs":["https:\/\/www.facebook.com\/Fuentes-Fidedignas-368234489921644","https:\/\/x.com\/fidedignas"]},{"@type":"Person","@id":"https:\/\/fuentesfidedignas.com.mx\/#\/schema\/person\/331be9283d37198e2acd5750279085b0","name":"Redacci\u00f3n","image":{"@type":"ImageObject","inLanguage":"es","@id":"https:\/\/secure.gravatar.com\/avatar\/f6d8782c11d12b2d4ad3fbb6931aeab5309937a4d6cd2fc9cfaa28a6396a5aec?s=96&d=mm&r=g","url":"https:\/\/secure.gravatar.com\/avatar\/f6d8782c11d12b2d4ad3fbb6931aeab5309937a4d6cd2fc9cfaa28a6396a5aec?s=96&d=mm&r=g","contentUrl":"https:\/\/secure.gravatar.com\/avatar\/f6d8782c11d12b2d4ad3fbb6931aeab5309937a4d6cd2fc9cfaa28a6396a5aec?s=96&d=mm&r=g","caption":"Redacci\u00f3n"},"url":"https:\/\/fuentesfidedignas.com.mx\/index.php\/author\/redaccion\/"}]}},"_links":{"self":[{"href":"https:\/\/fuentesfidedignas.com.mx\/index.php\/wp-json\/wp\/v2\/posts\/8855","targetHints":{"allow":["GET"]}}],"collection":[{"href":"https:\/\/fuentesfidedignas.com.mx\/index.php\/wp-json\/wp\/v2\/posts"}],"about":[{"href":"https:\/\/fuentesfidedignas.com.mx\/index.php\/wp-json\/wp\/v2\/types\/post"}],"author":[{"embeddable":true,"href":"https:\/\/fuentesfidedignas.com.mx\/index.php\/wp-json\/wp\/v2\/users\/4"}],"replies":[{"embeddable":true,"href":"https:\/\/fuentesfidedignas.com.mx\/index.php\/wp-json\/wp\/v2\/comments?post=8855"}],"version-history":[{"count":1,"href":"https:\/\/fuentesfidedignas.com.mx\/index.php\/wp-json\/wp\/v2\/posts\/8855\/revisions"}],"predecessor-version":[{"id":8857,"href":"https:\/\/fuentesfidedignas.com.mx\/index.php\/wp-json\/wp\/v2\/posts\/8855\/revisions\/8857"}],"wp:featuredmedia":[{"embeddable":true,"href":"https:\/\/fuentesfidedignas.com.mx\/index.php\/wp-json\/wp\/v2\/media\/8856"}],"wp:attachment":[{"href":"https:\/\/fuentesfidedignas.com.mx\/index.php\/wp-json\/wp\/v2\/media?parent=8855"}],"wp:term":[{"taxonomy":"category","embeddable":true,"href":"https:\/\/fuentesfidedignas.com.mx\/index.php\/wp-json\/wp\/v2\/categories?post=8855"},{"taxonomy":"post_tag","embeddable":true,"href":"https:\/\/fuentesfidedignas.com.mx\/index.php\/wp-json\/wp\/v2\/tags?post=8855"}],"curies":[{"name":"wp","href":"https:\/\/api.w.org\/{rel}","templated":true}]}}