{"id":88484,"date":"2024-08-10T12:26:58","date_gmt":"2024-08-10T19:26:58","guid":{"rendered":"https:\/\/fuentesfidedignas.com.mx\/?p=88484"},"modified":"2024-08-11T10:02:44","modified_gmt":"2024-08-11T17:02:44","slug":"el-mexicano-carlos-sansores-va-por-la-medalla-de-bronce-en-taekwondo","status":"publish","type":"post","link":"https:\/\/fuentesfidedignas.com.mx\/index.php\/2024\/08\/10\/el-mexicano-carlos-sansores-va-por-la-medalla-de-bronce-en-taekwondo\/","title":{"rendered":"El mexicano Carlos Sansores va por la medalla de bronce en taekwondo"},"content":{"rendered":"\n<p><strong><em>Carlos Sansores, uno de los grandes favoritos en la categor\u00eda +80 kilos de taekwondo de los Juegos Ol\u00edmpicos disputar\u00e1 la medalla de bronce<\/em><\/strong><\/p>\n\n\n\n<p>El mexicano Carlos Sansores, uno de los grandes favoritos en la categor\u00eda +80 kilos de taekwondo de los Juegos Ol\u00edmpicos, obtuvo su pase a la disputa por la medalla de bronce de la especialidad tras vencer al uzbeko Nikita Rafalovich.<\/p>\n\n\n\n<blockquote class=\"twitter-tweet\"><p lang=\"es\" dir=\"ltr\">\u00a1Disputar\u00e1 el bronce! \ud83c\uddf2\ud83c\uddfd\ud83e\udd4b<br>Carlos Sansores (+80kg) gana 2-1 al uzbeko Nikita Rafalovich y pelear\u00e1 por la medalla de bronce en <a href=\"https:\/\/twitter.com\/hashtag\/Paris2024?src=hash&amp;ref_src=twsrc%5Etfw\">#Paris2024<\/a> tras su combate en el repechaje.<a href=\"https:\/\/twitter.com\/hashtag\/TodosSomosOl%C3%ADmpicos?src=hash&amp;ref_src=twsrc%5Etfw\">#TodosSomosOl\u00edmpicos<\/a> <a href=\"https:\/\/t.co\/OaRJTPmdRg\">pic.twitter.com\/OaRJTPmdRg<\/a><\/p>&mdash; Comit\u00e9 Ol\u00edmpico Mexicano (@COM_Mexico) <a href=\"https:\/\/twitter.com\/COM_Mexico\/status\/1822337885426847857?ref_src=twsrc%5Etfw\">August 10, 2024<\/a><\/blockquote> <script async src=\"https:\/\/platform.twitter.com\/widgets.js\" charset=\"utf-8\"><\/script>\n\n\n\n<p>Previamente, Sansores inici\u00f3 su camino hacia el podio con un contundente triunfo ante el guineano Paivou Johnuario Gomis que le situ\u00f3 en los cuartos de final de Par\u00eds 2024.<\/p>\n\n\n\n<blockquote class=\"twitter-tweet\"><p lang=\"es\" dir=\"ltr\">Carlos Sansores te queremos mucho \u2764\ufe0f<a href=\"https:\/\/twitter.com\/hashtag\/TodosSomosOl%C3%ADmpicos?src=hash&amp;ref_src=twsrc%5Etfw\">#TodosSomosOl\u00edmpicos<\/a> <a href=\"https:\/\/twitter.com\/hashtag\/Taekwondo?src=hash&amp;ref_src=twsrc%5Etfw\">#Taekwondo<\/a> <a href=\"https:\/\/t.co\/vVwLfgRReZ\">pic.twitter.com\/vVwLfgRReZ<\/a><\/p>&mdash; Comit\u00e9 Ol\u00edmpico Mexicano (@COM_Mexico) <a href=\"https:\/\/twitter.com\/COM_Mexico\/status\/1822220984981529066?ref_src=twsrc%5Etfw\">August 10, 2024<\/a><\/blockquote> <script async src=\"https:\/\/platform.twitter.com\/widgets.js\" charset=\"utf-8\"><\/script>\n\n\n\n<p>El mexicano de 27 a\u00f1os, subcampe\u00f3n del mundo en Manchester 2019 y Baku 2023, y campe\u00f3n en Guadalajara 2022, se impuso por 2-0 (8-1 y 7-1). El segundo en el r\u00e1nking.<\/p>\n\n\n\n<blockquote class=\"twitter-tweet\"><p lang=\"es\" dir=\"ltr\">\u00a1A Cuartos de Final! \ud83e\udd4b\ud83c\uddf2\ud83c\uddfd<br><br> El taekwondo\u00edn Carlos Sansores (<a href=\"https:\/\/twitter.com\/arbol356?ref_src=twsrc%5Etfw\">@arbol356<\/a>), avanza de ronda al derrotar por 0-2 a Paivou Johnouario Gomis \ud83c\uddec\ud83c\uddfc en la categor\u00eda +80 kg en los <a href=\"https:\/\/twitter.com\/hashtag\/JuegosOl%C3%ADmpicos?src=hash&amp;ref_src=twsrc%5Etfw\">#JuegosOl\u00edmpicos<\/a> <a href=\"https:\/\/twitter.com\/hashtag\/Paris2024?src=hash&amp;ref_src=twsrc%5Etfw\">#Paris2024<\/a>.<br><br>\ud83d\udd38Pr\u00f3ximo combate: 7:32 hrs. (TCM) <a href=\"https:\/\/t.co\/D7wUMbWlTH\">pic.twitter.com\/D7wUMbWlTH<\/a><\/p>&mdash; CONADE (@CONADE) <a href=\"https:\/\/twitter.com\/CONADE\/status\/1822206082581684300?ref_src=twsrc%5Etfw\">August 10, 2024<\/a><\/blockquote> <script async src=\"https:\/\/platform.twitter.com\/widgets.js\" charset=\"utf-8\"><\/script>\n\n\n\n<p>Sansores, en su primera experiencia ol\u00edmpica, se enfrentar\u00e1 en cuartos de final al ganador del duelo entre el uzbeko Nikita Rafalovich y el iran\u00ed Arian Salimi.<\/p>\n","protected":false},"excerpt":{"rendered":"<p>Carlos Sansores, uno de los grandes favoritos en la categor\u00eda +80 kilos de taekwondo de los Juegos Ol\u00edmpicos disputar\u00e1 la medalla de bronce El mexicano Carlos Sansores, uno de los grandes favoritos en la categor\u00eda +80 kilos de taekwondo de los Juegos Ol\u00edmpicos, obtuvo su pase a la disputa por la medalla de bronce de [&hellip;]<\/p>\n","protected":false},"author":47,"featured_media":88485,"comment_status":"open","ping_status":"open","sticky":false,"template":"","format":"standard","meta":{"tdm_status":"","tdm_grid_status":"","footnotes":""},"categories":[],"tags":[],"class_list":["post-88484","post","type-post","status-publish","format-standard","has-post-thumbnail"],"yoast_head":"<!-- This site is optimized with the Yoast SEO plugin v27.5 - https:\/\/yoast.com\/product\/yoast-seo-wordpress\/ -->\n<title>El mexicano Carlos Sansores va por la medalla de bronce en taekwondo - Fuentes Fidedignas<\/title>\n<meta name=\"robots\" content=\"index, follow, max-snippet:-1, max-image-preview:large, max-video-preview:-1\" \/>\n<link rel=\"canonical\" href=\"https:\/\/fuentesfidedignas.com.mx\/index.php\/2024\/08\/10\/el-mexicano-carlos-sansores-va-por-la-medalla-de-bronce-en-taekwondo\/\" \/>\n<meta property=\"og:locale\" content=\"es_MX\" \/>\n<meta property=\"og:type\" content=\"article\" \/>\n<meta property=\"og:title\" content=\"El mexicano Carlos Sansores va por la medalla de bronce en taekwondo - Fuentes Fidedignas\" \/>\n<meta property=\"og:description\" content=\"Carlos Sansores, uno de los grandes favoritos en la categor\u00eda +80 kilos de taekwondo de los Juegos Ol\u00edmpicos disputar\u00e1 la medalla de bronce El mexicano Carlos Sansores, uno de los grandes favoritos en la categor\u00eda +80 kilos de taekwondo de los Juegos Ol\u00edmpicos, obtuvo su pase a la disputa por la medalla de bronce de [&hellip;]\" \/>\n<meta property=\"og:url\" content=\"https:\/\/fuentesfidedignas.com.mx\/index.php\/2024\/08\/10\/el-mexicano-carlos-sansores-va-por-la-medalla-de-bronce-en-taekwondo\/\" \/>\n<meta property=\"og:site_name\" content=\"Fuentes Fidedignas\" \/>\n<meta property=\"article:publisher\" content=\"https:\/\/www.facebook.com\/Fuentes-Fidedignas-368234489921644\" \/>\n<meta property=\"article:published_time\" content=\"2024-08-10T19:26:58+00:00\" \/>\n<meta property=\"article:modified_time\" content=\"2024-08-11T17:02:44+00:00\" \/>\n<meta property=\"og:image\" content=\"https:\/\/fuentesfidedignas.com.mx\/wp-content\/uploads\/2024\/08\/sansores.jpg\" \/>\n\t<meta property=\"og:image:width\" content=\"650\" \/>\n\t<meta property=\"og:image:height\" content=\"338\" \/>\n\t<meta property=\"og:image:type\" content=\"image\/jpeg\" \/>\n<meta name=\"author\" content=\"L\u00f3pez D\u00f3riga\" \/>\n<meta name=\"twitter:card\" content=\"summary_large_image\" \/>\n<meta name=\"twitter:creator\" content=\"@fidedignas\" \/>\n<meta name=\"twitter:site\" content=\"@fidedignas\" \/>\n<meta name=\"twitter:label1\" content=\"Escrito por\" \/>\n\t<meta name=\"twitter:data1\" content=\"L\u00f3pez D\u00f3riga\" \/>\n\t<meta name=\"twitter:label2\" content=\"Tiempo de lectura\" \/>\n\t<meta name=\"twitter:data2\" content=\"1 minuto\" \/>\n<script type=\"application\/ld+json\" class=\"yoast-schema-graph\">{\"@context\":\"https:\\\/\\\/schema.org\",\"@graph\":[{\"@type\":\"Article\",\"@id\":\"https:\\\/\\\/fuentesfidedignas.com.mx\\\/index.php\\\/2024\\\/08\\\/10\\\/el-mexicano-carlos-sansores-va-por-la-medalla-de-bronce-en-taekwondo\\\/#article\",\"isPartOf\":{\"@id\":\"https:\\\/\\\/fuentesfidedignas.com.mx\\\/index.php\\\/2024\\\/08\\\/10\\\/el-mexicano-carlos-sansores-va-por-la-medalla-de-bronce-en-taekwondo\\\/\"},\"author\":{\"name\":\"L\u00f3pez D\u00f3riga\",\"@id\":\"https:\\\/\\\/fuentesfidedignas.com.mx\\\/#\\\/schema\\\/person\\\/67d852f0557c8509146a4b9ddebd543a\"},\"headline\":\"El mexicano Carlos Sansores va por la medalla de bronce en taekwondo\",\"datePublished\":\"2024-08-10T19:26:58+00:00\",\"dateModified\":\"2024-08-11T17:02:44+00:00\",\"mainEntityOfPage\":{\"@id\":\"https:\\\/\\\/fuentesfidedignas.com.mx\\\/index.php\\\/2024\\\/08\\\/10\\\/el-mexicano-carlos-sansores-va-por-la-medalla-de-bronce-en-taekwondo\\\/\"},\"wordCount\":270,\"commentCount\":0,\"publisher\":{\"@id\":\"https:\\\/\\\/fuentesfidedignas.com.mx\\\/#organization\"},\"image\":{\"@id\":\"https:\\\/\\\/fuentesfidedignas.com.mx\\\/index.php\\\/2024\\\/08\\\/10\\\/el-mexicano-carlos-sansores-va-por-la-medalla-de-bronce-en-taekwondo\\\/#primaryimage\"},\"thumbnailUrl\":\"https:\\\/\\\/fuentesfidedignas.com.mx\\\/wp-content\\\/uploads\\\/2024\\\/08\\\/sansores.jpg\",\"inLanguage\":\"es\",\"potentialAction\":[{\"@type\":\"CommentAction\",\"name\":\"Comment\",\"target\":[\"https:\\\/\\\/fuentesfidedignas.com.mx\\\/index.php\\\/2024\\\/08\\\/10\\\/el-mexicano-carlos-sansores-va-por-la-medalla-de-bronce-en-taekwondo\\\/#respond\"]}]},{\"@type\":\"WebPage\",\"@id\":\"https:\\\/\\\/fuentesfidedignas.com.mx\\\/index.php\\\/2024\\\/08\\\/10\\\/el-mexicano-carlos-sansores-va-por-la-medalla-de-bronce-en-taekwondo\\\/\",\"url\":\"https:\\\/\\\/fuentesfidedignas.com.mx\\\/index.php\\\/2024\\\/08\\\/10\\\/el-mexicano-carlos-sansores-va-por-la-medalla-de-bronce-en-taekwondo\\\/\",\"name\":\"El mexicano Carlos Sansores va por la medalla de bronce en taekwondo - Fuentes Fidedignas\",\"isPartOf\":{\"@id\":\"https:\\\/\\\/fuentesfidedignas.com.mx\\\/#website\"},\"primaryImageOfPage\":{\"@id\":\"https:\\\/\\\/fuentesfidedignas.com.mx\\\/index.php\\\/2024\\\/08\\\/10\\\/el-mexicano-carlos-sansores-va-por-la-medalla-de-bronce-en-taekwondo\\\/#primaryimage\"},\"image\":{\"@id\":\"https:\\\/\\\/fuentesfidedignas.com.mx\\\/index.php\\\/2024\\\/08\\\/10\\\/el-mexicano-carlos-sansores-va-por-la-medalla-de-bronce-en-taekwondo\\\/#primaryimage\"},\"thumbnailUrl\":\"https:\\\/\\\/fuentesfidedignas.com.mx\\\/wp-content\\\/uploads\\\/2024\\\/08\\\/sansores.jpg\",\"datePublished\":\"2024-08-10T19:26:58+00:00\",\"dateModified\":\"2024-08-11T17:02:44+00:00\",\"breadcrumb\":{\"@id\":\"https:\\\/\\\/fuentesfidedignas.com.mx\\\/index.php\\\/2024\\\/08\\\/10\\\/el-mexicano-carlos-sansores-va-por-la-medalla-de-bronce-en-taekwondo\\\/#breadcrumb\"},\"inLanguage\":\"es\",\"potentialAction\":[{\"@type\":\"ReadAction\",\"target\":[\"https:\\\/\\\/fuentesfidedignas.com.mx\\\/index.php\\\/2024\\\/08\\\/10\\\/el-mexicano-carlos-sansores-va-por-la-medalla-de-bronce-en-taekwondo\\\/\"]}]},{\"@type\":\"ImageObject\",\"inLanguage\":\"es\",\"@id\":\"https:\\\/\\\/fuentesfidedignas.com.mx\\\/index.php\\\/2024\\\/08\\\/10\\\/el-mexicano-carlos-sansores-va-por-la-medalla-de-bronce-en-taekwondo\\\/#primaryimage\",\"url\":\"https:\\\/\\\/fuentesfidedignas.com.mx\\\/wp-content\\\/uploads\\\/2024\\\/08\\\/sansores.jpg\",\"contentUrl\":\"https:\\\/\\\/fuentesfidedignas.com.mx\\\/wp-content\\\/uploads\\\/2024\\\/08\\\/sansores.jpg\",\"width\":650,\"height\":338},{\"@type\":\"BreadcrumbList\",\"@id\":\"https:\\\/\\\/fuentesfidedignas.com.mx\\\/index.php\\\/2024\\\/08\\\/10\\\/el-mexicano-carlos-sansores-va-por-la-medalla-de-bronce-en-taekwondo\\\/#breadcrumb\",\"itemListElement\":[{\"@type\":\"ListItem\",\"position\":1,\"name\":\"Inicio\",\"item\":\"https:\\\/\\\/fuentesfidedignas.com.mx\\\/\"},{\"@type\":\"ListItem\",\"position\":2,\"name\":\"El mexicano Carlos Sansores va por la medalla de bronce en taekwondo\"}]},{\"@type\":\"WebSite\",\"@id\":\"https:\\\/\\\/fuentesfidedignas.com.mx\\\/#website\",\"url\":\"https:\\\/\\\/fuentesfidedignas.com.mx\\\/\",\"name\":\"Fuentes Fidedignas\",\"description\":\"Otro sitio realizado con WordPress\",\"publisher\":{\"@id\":\"https:\\\/\\\/fuentesfidedignas.com.mx\\\/#organization\"},\"potentialAction\":[{\"@type\":\"SearchAction\",\"target\":{\"@type\":\"EntryPoint\",\"urlTemplate\":\"https:\\\/\\\/fuentesfidedignas.com.mx\\\/?s={search_term_string}\"},\"query-input\":{\"@type\":\"PropertyValueSpecification\",\"valueRequired\":true,\"valueName\":\"search_term_string\"}}],\"inLanguage\":\"es\"},{\"@type\":\"Organization\",\"@id\":\"https:\\\/\\\/fuentesfidedignas.com.mx\\\/#organization\",\"name\":\"Fuentes Fidedignas\",\"url\":\"https:\\\/\\\/fuentesfidedignas.com.mx\\\/\",\"logo\":{\"@type\":\"ImageObject\",\"inLanguage\":\"es\",\"@id\":\"https:\\\/\\\/fuentesfidedignas.com.mx\\\/#\\\/schema\\\/logo\\\/image\\\/\",\"url\":\"https:\\\/\\\/fuentesfidedignas.com.mx\\\/wp-content\\\/uploads\\\/2021\\\/04\\\/logo-retina.png\",\"contentUrl\":\"https:\\\/\\\/fuentesfidedignas.com.mx\\\/wp-content\\\/uploads\\\/2021\\\/04\\\/logo-retina.png\",\"width\":280,\"height\":51,\"caption\":\"Fuentes Fidedignas\"},\"image\":{\"@id\":\"https:\\\/\\\/fuentesfidedignas.com.mx\\\/#\\\/schema\\\/logo\\\/image\\\/\"},\"sameAs\":[\"https:\\\/\\\/www.facebook.com\\\/Fuentes-Fidedignas-368234489921644\",\"https:\\\/\\\/x.com\\\/fidedignas\"]},{\"@type\":\"Person\",\"@id\":\"https:\\\/\\\/fuentesfidedignas.com.mx\\\/#\\\/schema\\\/person\\\/67d852f0557c8509146a4b9ddebd543a\",\"name\":\"L\u00f3pez D\u00f3riga\",\"image\":{\"@type\":\"ImageObject\",\"inLanguage\":\"es\",\"@id\":\"https:\\\/\\\/secure.gravatar.com\\\/avatar\\\/e525b06574ca18b33cded59dfe5778d6c823b9513154eff47da551b0551bdd1e?s=96&d=mm&r=g\",\"url\":\"https:\\\/\\\/secure.gravatar.com\\\/avatar\\\/e525b06574ca18b33cded59dfe5778d6c823b9513154eff47da551b0551bdd1e?s=96&d=mm&r=g\",\"contentUrl\":\"https:\\\/\\\/secure.gravatar.com\\\/avatar\\\/e525b06574ca18b33cded59dfe5778d6c823b9513154eff47da551b0551bdd1e?s=96&d=mm&r=g\",\"caption\":\"L\u00f3pez D\u00f3riga\"},\"url\":\"https:\\\/\\\/fuentesfidedignas.com.mx\\\/index.php\\\/author\\\/doriga\\\/\"}]}<\/script>\n<!-- \/ Yoast SEO plugin. -->","yoast_head_json":{"title":"El mexicano Carlos Sansores va por la medalla de bronce en taekwondo - Fuentes Fidedignas","robots":{"index":"index","follow":"follow","max-snippet":"max-snippet:-1","max-image-preview":"max-image-preview:large","max-video-preview":"max-video-preview:-1"},"canonical":"https:\/\/fuentesfidedignas.com.mx\/index.php\/2024\/08\/10\/el-mexicano-carlos-sansores-va-por-la-medalla-de-bronce-en-taekwondo\/","og_locale":"es_MX","og_type":"article","og_title":"El mexicano Carlos Sansores va por la medalla de bronce en taekwondo - Fuentes Fidedignas","og_description":"Carlos Sansores, uno de los grandes favoritos en la categor\u00eda +80 kilos de taekwondo de los Juegos Ol\u00edmpicos disputar\u00e1 la medalla de bronce El mexicano Carlos Sansores, uno de los grandes favoritos en la categor\u00eda +80 kilos de taekwondo de los Juegos Ol\u00edmpicos, obtuvo su pase a la disputa por la medalla de bronce de [&hellip;]","og_url":"https:\/\/fuentesfidedignas.com.mx\/index.php\/2024\/08\/10\/el-mexicano-carlos-sansores-va-por-la-medalla-de-bronce-en-taekwondo\/","og_site_name":"Fuentes Fidedignas","article_publisher":"https:\/\/www.facebook.com\/Fuentes-Fidedignas-368234489921644","article_published_time":"2024-08-10T19:26:58+00:00","article_modified_time":"2024-08-11T17:02:44+00:00","og_image":[{"width":650,"height":338,"url":"https:\/\/fuentesfidedignas.com.mx\/wp-content\/uploads\/2024\/08\/sansores.jpg","type":"image\/jpeg"}],"author":"L\u00f3pez D\u00f3riga","twitter_card":"summary_large_image","twitter_creator":"@fidedignas","twitter_site":"@fidedignas","twitter_misc":{"Escrito por":"L\u00f3pez D\u00f3riga","Tiempo de lectura":"1 minuto"},"schema":{"@context":"https:\/\/schema.org","@graph":[{"@type":"Article","@id":"https:\/\/fuentesfidedignas.com.mx\/index.php\/2024\/08\/10\/el-mexicano-carlos-sansores-va-por-la-medalla-de-bronce-en-taekwondo\/#article","isPartOf":{"@id":"https:\/\/fuentesfidedignas.com.mx\/index.php\/2024\/08\/10\/el-mexicano-carlos-sansores-va-por-la-medalla-de-bronce-en-taekwondo\/"},"author":{"name":"L\u00f3pez D\u00f3riga","@id":"https:\/\/fuentesfidedignas.com.mx\/#\/schema\/person\/67d852f0557c8509146a4b9ddebd543a"},"headline":"El mexicano Carlos Sansores va por la medalla de bronce en taekwondo","datePublished":"2024-08-10T19:26:58+00:00","dateModified":"2024-08-11T17:02:44+00:00","mainEntityOfPage":{"@id":"https:\/\/fuentesfidedignas.com.mx\/index.php\/2024\/08\/10\/el-mexicano-carlos-sansores-va-por-la-medalla-de-bronce-en-taekwondo\/"},"wordCount":270,"commentCount":0,"publisher":{"@id":"https:\/\/fuentesfidedignas.com.mx\/#organization"},"image":{"@id":"https:\/\/fuentesfidedignas.com.mx\/index.php\/2024\/08\/10\/el-mexicano-carlos-sansores-va-por-la-medalla-de-bronce-en-taekwondo\/#primaryimage"},"thumbnailUrl":"https:\/\/fuentesfidedignas.com.mx\/wp-content\/uploads\/2024\/08\/sansores.jpg","inLanguage":"es","potentialAction":[{"@type":"CommentAction","name":"Comment","target":["https:\/\/fuentesfidedignas.com.mx\/index.php\/2024\/08\/10\/el-mexicano-carlos-sansores-va-por-la-medalla-de-bronce-en-taekwondo\/#respond"]}]},{"@type":"WebPage","@id":"https:\/\/fuentesfidedignas.com.mx\/index.php\/2024\/08\/10\/el-mexicano-carlos-sansores-va-por-la-medalla-de-bronce-en-taekwondo\/","url":"https:\/\/fuentesfidedignas.com.mx\/index.php\/2024\/08\/10\/el-mexicano-carlos-sansores-va-por-la-medalla-de-bronce-en-taekwondo\/","name":"El mexicano Carlos Sansores va por la medalla de bronce en taekwondo - Fuentes Fidedignas","isPartOf":{"@id":"https:\/\/fuentesfidedignas.com.mx\/#website"},"primaryImageOfPage":{"@id":"https:\/\/fuentesfidedignas.com.mx\/index.php\/2024\/08\/10\/el-mexicano-carlos-sansores-va-por-la-medalla-de-bronce-en-taekwondo\/#primaryimage"},"image":{"@id":"https:\/\/fuentesfidedignas.com.mx\/index.php\/2024\/08\/10\/el-mexicano-carlos-sansores-va-por-la-medalla-de-bronce-en-taekwondo\/#primaryimage"},"thumbnailUrl":"https:\/\/fuentesfidedignas.com.mx\/wp-content\/uploads\/2024\/08\/sansores.jpg","datePublished":"2024-08-10T19:26:58+00:00","dateModified":"2024-08-11T17:02:44+00:00","breadcrumb":{"@id":"https:\/\/fuentesfidedignas.com.mx\/index.php\/2024\/08\/10\/el-mexicano-carlos-sansores-va-por-la-medalla-de-bronce-en-taekwondo\/#breadcrumb"},"inLanguage":"es","potentialAction":[{"@type":"ReadAction","target":["https:\/\/fuentesfidedignas.com.mx\/index.php\/2024\/08\/10\/el-mexicano-carlos-sansores-va-por-la-medalla-de-bronce-en-taekwondo\/"]}]},{"@type":"ImageObject","inLanguage":"es","@id":"https:\/\/fuentesfidedignas.com.mx\/index.php\/2024\/08\/10\/el-mexicano-carlos-sansores-va-por-la-medalla-de-bronce-en-taekwondo\/#primaryimage","url":"https:\/\/fuentesfidedignas.com.mx\/wp-content\/uploads\/2024\/08\/sansores.jpg","contentUrl":"https:\/\/fuentesfidedignas.com.mx\/wp-content\/uploads\/2024\/08\/sansores.jpg","width":650,"height":338},{"@type":"BreadcrumbList","@id":"https:\/\/fuentesfidedignas.com.mx\/index.php\/2024\/08\/10\/el-mexicano-carlos-sansores-va-por-la-medalla-de-bronce-en-taekwondo\/#breadcrumb","itemListElement":[{"@type":"ListItem","position":1,"name":"Inicio","item":"https:\/\/fuentesfidedignas.com.mx\/"},{"@type":"ListItem","position":2,"name":"El mexicano Carlos Sansores va por la medalla de bronce en taekwondo"}]},{"@type":"WebSite","@id":"https:\/\/fuentesfidedignas.com.mx\/#website","url":"https:\/\/fuentesfidedignas.com.mx\/","name":"Fuentes Fidedignas","description":"Otro sitio realizado con WordPress","publisher":{"@id":"https:\/\/fuentesfidedignas.com.mx\/#organization"},"potentialAction":[{"@type":"SearchAction","target":{"@type":"EntryPoint","urlTemplate":"https:\/\/fuentesfidedignas.com.mx\/?s={search_term_string}"},"query-input":{"@type":"PropertyValueSpecification","valueRequired":true,"valueName":"search_term_string"}}],"inLanguage":"es"},{"@type":"Organization","@id":"https:\/\/fuentesfidedignas.com.mx\/#organization","name":"Fuentes Fidedignas","url":"https:\/\/fuentesfidedignas.com.mx\/","logo":{"@type":"ImageObject","inLanguage":"es","@id":"https:\/\/fuentesfidedignas.com.mx\/#\/schema\/logo\/image\/","url":"https:\/\/fuentesfidedignas.com.mx\/wp-content\/uploads\/2021\/04\/logo-retina.png","contentUrl":"https:\/\/fuentesfidedignas.com.mx\/wp-content\/uploads\/2021\/04\/logo-retina.png","width":280,"height":51,"caption":"Fuentes Fidedignas"},"image":{"@id":"https:\/\/fuentesfidedignas.com.mx\/#\/schema\/logo\/image\/"},"sameAs":["https:\/\/www.facebook.com\/Fuentes-Fidedignas-368234489921644","https:\/\/x.com\/fidedignas"]},{"@type":"Person","@id":"https:\/\/fuentesfidedignas.com.mx\/#\/schema\/person\/67d852f0557c8509146a4b9ddebd543a","name":"L\u00f3pez D\u00f3riga","image":{"@type":"ImageObject","inLanguage":"es","@id":"https:\/\/secure.gravatar.com\/avatar\/e525b06574ca18b33cded59dfe5778d6c823b9513154eff47da551b0551bdd1e?s=96&d=mm&r=g","url":"https:\/\/secure.gravatar.com\/avatar\/e525b06574ca18b33cded59dfe5778d6c823b9513154eff47da551b0551bdd1e?s=96&d=mm&r=g","contentUrl":"https:\/\/secure.gravatar.com\/avatar\/e525b06574ca18b33cded59dfe5778d6c823b9513154eff47da551b0551bdd1e?s=96&d=mm&r=g","caption":"L\u00f3pez D\u00f3riga"},"url":"https:\/\/fuentesfidedignas.com.mx\/index.php\/author\/doriga\/"}]}},"_links":{"self":[{"href":"https:\/\/fuentesfidedignas.com.mx\/index.php\/wp-json\/wp\/v2\/posts\/88484","targetHints":{"allow":["GET"]}}],"collection":[{"href":"https:\/\/fuentesfidedignas.com.mx\/index.php\/wp-json\/wp\/v2\/posts"}],"about":[{"href":"https:\/\/fuentesfidedignas.com.mx\/index.php\/wp-json\/wp\/v2\/types\/post"}],"author":[{"embeddable":true,"href":"https:\/\/fuentesfidedignas.com.mx\/index.php\/wp-json\/wp\/v2\/users\/47"}],"replies":[{"embeddable":true,"href":"https:\/\/fuentesfidedignas.com.mx\/index.php\/wp-json\/wp\/v2\/comments?post=88484"}],"version-history":[{"count":1,"href":"https:\/\/fuentesfidedignas.com.mx\/index.php\/wp-json\/wp\/v2\/posts\/88484\/revisions"}],"predecessor-version":[{"id":88486,"href":"https:\/\/fuentesfidedignas.com.mx\/index.php\/wp-json\/wp\/v2\/posts\/88484\/revisions\/88486"}],"wp:featuredmedia":[{"embeddable":true,"href":"https:\/\/fuentesfidedignas.com.mx\/index.php\/wp-json\/wp\/v2\/media\/88485"}],"wp:attachment":[{"href":"https:\/\/fuentesfidedignas.com.mx\/index.php\/wp-json\/wp\/v2\/media?parent=88484"}],"wp:term":[{"taxonomy":"category","embeddable":true,"href":"https:\/\/fuentesfidedignas.com.mx\/index.php\/wp-json\/wp\/v2\/categories?post=88484"},{"taxonomy":"post_tag","embeddable":true,"href":"https:\/\/fuentesfidedignas.com.mx\/index.php\/wp-json\/wp\/v2\/tags?post=88484"}],"curies":[{"name":"wp","href":"https:\/\/api.w.org\/{rel}","templated":true}]}}