{"id":88461,"date":"2024-08-10T09:00:26","date_gmt":"2024-08-10T16:00:26","guid":{"rendered":"https:\/\/fuentesfidedignas.com.mx\/?p=88461"},"modified":"2024-08-10T17:45:31","modified_gmt":"2024-08-11T00:45:31","slug":"el-mayo-hace-llamado-a-la-paz-en-sinaloa-nada-se-resuelve-con-violencia","status":"publish","type":"post","link":"https:\/\/fuentesfidedignas.com.mx\/index.php\/2024\/08\/10\/el-mayo-hace-llamado-a-la-paz-en-sinaloa-nada-se-resuelve-con-violencia\/","title":{"rendered":"&#8216;El Mayo&#8217; hace llamado a la paz en Sinaloa: \u201cNada se resuelve con violencia\u201d"},"content":{"rendered":"\n<p><strong><em>Ismael Zambada aprovech\u00f3 su primera declaraci\u00f3n p\u00fablica tras su detenci\u00f3n para exhortar a sus socios a mantener la calma.<\/em><\/strong><\/p>\n\n\n\n<p>Ismael Zambada comparti\u00f3 su primer mensaje p\u00fablico tras ser detenido en territorio estadunidense y aprovech\u00f3 para hacer &#8220;un llamado a la mesura y a mantener la paz&#8221; en Sinaloa.<\/p>\n\n\n\n<p>En una carta escrita por el detenido, que public\u00f3 su abogado Frank P\u00e9rez, El Mayo hace un recuento de los hechos en vista de los &#8220;muchos informes inexactos en los medios de\u00a0comunicaci\u00f3n de ambos pa\u00edses (M\u00e9xico y Estados Unidos)&#8221;.<\/p>\n\n\n\n<p>La misiva confirma la versi\u00f3n que proporcion\u00f3 ayer el embajador estadunidense Ken Salazar, sobre una traici\u00f3n de parte de Joaqu\u00edn Guzm\u00e1n L\u00f3pez, quien le tendi\u00f3 una trampa.<\/p>\n\n\n\n<p>&#8220;En cuanto puse un pie dentro de aquella habitaci\u00f3n, me tendieron una\u00a0emboscada. Un grupo de hombres me asalt\u00f3, me tir\u00f3 al suelo y me coloc\u00f3 una\u00a0capucha de color oscuro en la cabeza. Me ataron y esposaron, y luego me\u00a0obligaron a meterme en la caja de una camioneta&#8221;, dice el documento en poder de MILENIO.\u00a0<\/p>\n\n\n\n<figure class=\"wp-block-embed is-type-video is-provider-youtube wp-block-embed-youtube wp-embed-aspect-16-9 wp-has-aspect-ratio\"><div class=\"wp-block-embed__wrapper\">\n<iframe loading=\"lazy\" title=\"Difunden declaraci\u00f3n de &#039;El Mayo&#039; Zambada; confirma que fue emboscado\" width=\"696\" height=\"392\" src=\"https:\/\/www.youtube.com\/embed\/BiU0HUvt0Lw?feature=oembed\" frameborder=\"0\" allow=\"accelerometer; autoplay; clipboard-write; encrypted-media; gyroscope; picture-in-picture; web-share\" referrerpolicy=\"strict-origin-when-cross-origin\" allowfullscreen><\/iframe>\n<\/div><\/figure>\n\n\n\n<p>A pesar de que El Mayo&nbsp;lamenta que uno de Los Chapitos, a quien conoce desde ni\u00f1o, falt\u00f3 a su palabra, le propin\u00f3 una golpiza y lo entreg\u00f3 a las autoridades de Estados Unidos, no hace un llamado a la revancha, sino a la mesura.<\/p>\n\n\n\n<p>&#8220;Hago un llamado a los sinaloenses a la mesura y a mantener la paz\u00a0en nuestro estado. Nada se resuelve con violencia. Ya hemos recorrido ese camino\u00a0y todos perdemos&#8221;, concluye en su carta.<\/p>\n\n\n\n<p>Asimismo, exigi\u00f3 a los gobiernos mexicano y estadunidense que sean transparentes con la informaci\u00f3n del proceso legal que enfrenta, luego de que circularan versiones contradictorias.<\/p>\n\n\n\n<p><strong>\u00bfC\u00f3mo est\u00e1 la salud de El Mayo?:<\/strong><\/p>\n\n\n\n<figure class=\"wp-block-embed is-type-video is-provider-youtube wp-block-embed-youtube wp-embed-aspect-16-9 wp-has-aspect-ratio\"><div class=\"wp-block-embed__wrapper\">\n<iframe loading=\"lazy\" title=\"De la enfermedad a la captura: La decadencia de Ismael  &#039;El Mayo&#039; Zambada\" width=\"696\" height=\"392\" src=\"https:\/\/www.youtube.com\/embed\/_OvnngI5CRc?feature=oembed\" frameborder=\"0\" allow=\"accelerometer; autoplay; clipboard-write; encrypted-media; gyroscope; picture-in-picture; web-share\" referrerpolicy=\"strict-origin-when-cross-origin\" allowfullscreen><\/iframe>\n<\/div><\/figure>\n\n\n\n<p>Incluso el presidente Andr\u00e9s Manuel L\u00f3pez Obrador se quej\u00f3 de la falta de cooperaci\u00f3n de parte de la administraci\u00f3n de Joe Biden. De hecho, el embajador Ken Salazar tard\u00f3 16 d\u00edas en dar a conocer la versi\u00f3n oficial del gobierno que representa.<\/p>\n\n\n\n<p>De vuelta a Sinaloa, no hay reportes de enfrentamientos como s\u00ed ocurri\u00f3, por ejemplo, en 2019 cuando fue detenido Ovidio Guzm\u00e1n, hermano de Joaqu\u00edn Guzm\u00e1n L\u00f3pez quien se entreg\u00f3 voluntariamente.<\/p>\n","protected":false},"excerpt":{"rendered":"<p>Ismael Zambada aprovech\u00f3 su primera declaraci\u00f3n p\u00fablica tras su detenci\u00f3n para exhortar a sus socios a mantener la calma. Ismael Zambada comparti\u00f3 su primer mensaje p\u00fablico tras ser detenido en territorio estadunidense y aprovech\u00f3 para hacer &#8220;un llamado a la mesura y a mantener la paz&#8221; en Sinaloa. En una carta escrita por el detenido, [&hellip;]<\/p>\n","protected":false},"author":9,"featured_media":88463,"comment_status":"open","ping_status":"open","sticky":false,"template":"","format":"standard","meta":{"tdm_status":"","tdm_grid_status":"","footnotes":""},"categories":[38],"tags":[],"class_list":{"0":"post-88461","1":"post","2":"type-post","3":"status-publish","4":"format-standard","5":"has-post-thumbnail","7":"category-noticias-locales"},"yoast_head":"<!-- This site is optimized with the Yoast SEO plugin v27.5 - https:\/\/yoast.com\/product\/yoast-seo-wordpress\/ -->\n<title>&#039;El Mayo&#039; hace llamado a la paz en Sinaloa: \u201cNada se resuelve con violencia\u201d - Fuentes Fidedignas<\/title>\n<meta name=\"robots\" content=\"index, follow, max-snippet:-1, max-image-preview:large, max-video-preview:-1\" \/>\n<link rel=\"canonical\" href=\"https:\/\/fuentesfidedignas.com.mx\/index.php\/2024\/08\/10\/el-mayo-hace-llamado-a-la-paz-en-sinaloa-nada-se-resuelve-con-violencia\/\" \/>\n<meta property=\"og:locale\" content=\"es_MX\" \/>\n<meta property=\"og:type\" content=\"article\" \/>\n<meta property=\"og:title\" content=\"&#039;El Mayo&#039; hace llamado a la paz en Sinaloa: \u201cNada se resuelve con violencia\u201d - Fuentes Fidedignas\" \/>\n<meta property=\"og:description\" content=\"Ismael Zambada aprovech\u00f3 su primera declaraci\u00f3n p\u00fablica tras su detenci\u00f3n para exhortar a sus socios a mantener la calma. Ismael Zambada comparti\u00f3 su primer mensaje p\u00fablico tras ser detenido en territorio estadunidense y aprovech\u00f3 para hacer &#8220;un llamado a la mesura y a mantener la paz&#8221; en Sinaloa. En una carta escrita por el detenido, [&hellip;]\" \/>\n<meta property=\"og:url\" content=\"https:\/\/fuentesfidedignas.com.mx\/index.php\/2024\/08\/10\/el-mayo-hace-llamado-a-la-paz-en-sinaloa-nada-se-resuelve-con-violencia\/\" \/>\n<meta property=\"og:site_name\" content=\"Fuentes Fidedignas\" \/>\n<meta property=\"article:publisher\" content=\"https:\/\/www.facebook.com\/Fuentes-Fidedignas-368234489921644\" \/>\n<meta property=\"article:published_time\" content=\"2024-08-10T16:00:26+00:00\" \/>\n<meta property=\"article:modified_time\" content=\"2024-08-11T00:45:31+00:00\" \/>\n<meta property=\"og:image\" content=\"https:\/\/fuentesfidedignas.com.mx\/wp-content\/uploads\/2024\/08\/mayo_zambada.jpg\" \/>\n\t<meta property=\"og:image:width\" content=\"929\" \/>\n\t<meta property=\"og:image:height\" content=\"580\" \/>\n\t<meta property=\"og:image:type\" content=\"image\/jpeg\" \/>\n<meta name=\"author\" content=\"Milenio\" \/>\n<meta name=\"twitter:card\" content=\"summary_large_image\" \/>\n<meta name=\"twitter:creator\" content=\"@fidedignas\" \/>\n<meta name=\"twitter:site\" content=\"@fidedignas\" \/>\n<meta name=\"twitter:label1\" content=\"Escrito por\" \/>\n\t<meta name=\"twitter:data1\" content=\"Milenio\" \/>\n\t<meta name=\"twitter:label2\" content=\"Tiempo de lectura\" \/>\n\t<meta name=\"twitter:data2\" content=\"2 minutos\" \/>\n<script type=\"application\/ld+json\" class=\"yoast-schema-graph\">{\"@context\":\"https:\\\/\\\/schema.org\",\"@graph\":[{\"@type\":\"Article\",\"@id\":\"https:\\\/\\\/fuentesfidedignas.com.mx\\\/index.php\\\/2024\\\/08\\\/10\\\/el-mayo-hace-llamado-a-la-paz-en-sinaloa-nada-se-resuelve-con-violencia\\\/#article\",\"isPartOf\":{\"@id\":\"https:\\\/\\\/fuentesfidedignas.com.mx\\\/index.php\\\/2024\\\/08\\\/10\\\/el-mayo-hace-llamado-a-la-paz-en-sinaloa-nada-se-resuelve-con-violencia\\\/\"},\"author\":{\"name\":\"Milenio\",\"@id\":\"https:\\\/\\\/fuentesfidedignas.com.mx\\\/#\\\/schema\\\/person\\\/47ec0135738f4b0c7495f06a77a2c976\"},\"headline\":\"&#8216;El Mayo&#8217; hace llamado a la paz en Sinaloa: \u201cNada se resuelve con violencia\u201d\",\"datePublished\":\"2024-08-10T16:00:26+00:00\",\"dateModified\":\"2024-08-11T00:45:31+00:00\",\"mainEntityOfPage\":{\"@id\":\"https:\\\/\\\/fuentesfidedignas.com.mx\\\/index.php\\\/2024\\\/08\\\/10\\\/el-mayo-hace-llamado-a-la-paz-en-sinaloa-nada-se-resuelve-con-violencia\\\/\"},\"wordCount\":406,\"commentCount\":0,\"publisher\":{\"@id\":\"https:\\\/\\\/fuentesfidedignas.com.mx\\\/#organization\"},\"image\":{\"@id\":\"https:\\\/\\\/fuentesfidedignas.com.mx\\\/index.php\\\/2024\\\/08\\\/10\\\/el-mayo-hace-llamado-a-la-paz-en-sinaloa-nada-se-resuelve-con-violencia\\\/#primaryimage\"},\"thumbnailUrl\":\"https:\\\/\\\/fuentesfidedignas.com.mx\\\/wp-content\\\/uploads\\\/2024\\\/08\\\/mayo_zambada.jpg\",\"articleSection\":[\"NOTICIAS LOCALES\"],\"inLanguage\":\"es\",\"potentialAction\":[{\"@type\":\"CommentAction\",\"name\":\"Comment\",\"target\":[\"https:\\\/\\\/fuentesfidedignas.com.mx\\\/index.php\\\/2024\\\/08\\\/10\\\/el-mayo-hace-llamado-a-la-paz-en-sinaloa-nada-se-resuelve-con-violencia\\\/#respond\"]}]},{\"@type\":\"WebPage\",\"@id\":\"https:\\\/\\\/fuentesfidedignas.com.mx\\\/index.php\\\/2024\\\/08\\\/10\\\/el-mayo-hace-llamado-a-la-paz-en-sinaloa-nada-se-resuelve-con-violencia\\\/\",\"url\":\"https:\\\/\\\/fuentesfidedignas.com.mx\\\/index.php\\\/2024\\\/08\\\/10\\\/el-mayo-hace-llamado-a-la-paz-en-sinaloa-nada-se-resuelve-con-violencia\\\/\",\"name\":\"'El Mayo' hace llamado a la paz en Sinaloa: \u201cNada se resuelve con violencia\u201d - Fuentes Fidedignas\",\"isPartOf\":{\"@id\":\"https:\\\/\\\/fuentesfidedignas.com.mx\\\/#website\"},\"primaryImageOfPage\":{\"@id\":\"https:\\\/\\\/fuentesfidedignas.com.mx\\\/index.php\\\/2024\\\/08\\\/10\\\/el-mayo-hace-llamado-a-la-paz-en-sinaloa-nada-se-resuelve-con-violencia\\\/#primaryimage\"},\"image\":{\"@id\":\"https:\\\/\\\/fuentesfidedignas.com.mx\\\/index.php\\\/2024\\\/08\\\/10\\\/el-mayo-hace-llamado-a-la-paz-en-sinaloa-nada-se-resuelve-con-violencia\\\/#primaryimage\"},\"thumbnailUrl\":\"https:\\\/\\\/fuentesfidedignas.com.mx\\\/wp-content\\\/uploads\\\/2024\\\/08\\\/mayo_zambada.jpg\",\"datePublished\":\"2024-08-10T16:00:26+00:00\",\"dateModified\":\"2024-08-11T00:45:31+00:00\",\"breadcrumb\":{\"@id\":\"https:\\\/\\\/fuentesfidedignas.com.mx\\\/index.php\\\/2024\\\/08\\\/10\\\/el-mayo-hace-llamado-a-la-paz-en-sinaloa-nada-se-resuelve-con-violencia\\\/#breadcrumb\"},\"inLanguage\":\"es\",\"potentialAction\":[{\"@type\":\"ReadAction\",\"target\":[\"https:\\\/\\\/fuentesfidedignas.com.mx\\\/index.php\\\/2024\\\/08\\\/10\\\/el-mayo-hace-llamado-a-la-paz-en-sinaloa-nada-se-resuelve-con-violencia\\\/\"]}]},{\"@type\":\"ImageObject\",\"inLanguage\":\"es\",\"@id\":\"https:\\\/\\\/fuentesfidedignas.com.mx\\\/index.php\\\/2024\\\/08\\\/10\\\/el-mayo-hace-llamado-a-la-paz-en-sinaloa-nada-se-resuelve-con-violencia\\\/#primaryimage\",\"url\":\"https:\\\/\\\/fuentesfidedignas.com.mx\\\/wp-content\\\/uploads\\\/2024\\\/08\\\/mayo_zambada.jpg\",\"contentUrl\":\"https:\\\/\\\/fuentesfidedignas.com.mx\\\/wp-content\\\/uploads\\\/2024\\\/08\\\/mayo_zambada.jpg\",\"width\":929,\"height\":580},{\"@type\":\"BreadcrumbList\",\"@id\":\"https:\\\/\\\/fuentesfidedignas.com.mx\\\/index.php\\\/2024\\\/08\\\/10\\\/el-mayo-hace-llamado-a-la-paz-en-sinaloa-nada-se-resuelve-con-violencia\\\/#breadcrumb\",\"itemListElement\":[{\"@type\":\"ListItem\",\"position\":1,\"name\":\"Inicio\",\"item\":\"https:\\\/\\\/fuentesfidedignas.com.mx\\\/\"},{\"@type\":\"ListItem\",\"position\":2,\"name\":\"&#8216;El Mayo&#8217; hace llamado a la paz en Sinaloa: \u201cNada se resuelve con violencia\u201d\"}]},{\"@type\":\"WebSite\",\"@id\":\"https:\\\/\\\/fuentesfidedignas.com.mx\\\/#website\",\"url\":\"https:\\\/\\\/fuentesfidedignas.com.mx\\\/\",\"name\":\"Fuentes Fidedignas\",\"description\":\"Otro sitio realizado con WordPress\",\"publisher\":{\"@id\":\"https:\\\/\\\/fuentesfidedignas.com.mx\\\/#organization\"},\"potentialAction\":[{\"@type\":\"SearchAction\",\"target\":{\"@type\":\"EntryPoint\",\"urlTemplate\":\"https:\\\/\\\/fuentesfidedignas.com.mx\\\/?s={search_term_string}\"},\"query-input\":{\"@type\":\"PropertyValueSpecification\",\"valueRequired\":true,\"valueName\":\"search_term_string\"}}],\"inLanguage\":\"es\"},{\"@type\":\"Organization\",\"@id\":\"https:\\\/\\\/fuentesfidedignas.com.mx\\\/#organization\",\"name\":\"Fuentes Fidedignas\",\"url\":\"https:\\\/\\\/fuentesfidedignas.com.mx\\\/\",\"logo\":{\"@type\":\"ImageObject\",\"inLanguage\":\"es\",\"@id\":\"https:\\\/\\\/fuentesfidedignas.com.mx\\\/#\\\/schema\\\/logo\\\/image\\\/\",\"url\":\"https:\\\/\\\/fuentesfidedignas.com.mx\\\/wp-content\\\/uploads\\\/2021\\\/04\\\/logo-retina.png\",\"contentUrl\":\"https:\\\/\\\/fuentesfidedignas.com.mx\\\/wp-content\\\/uploads\\\/2021\\\/04\\\/logo-retina.png\",\"width\":280,\"height\":51,\"caption\":\"Fuentes Fidedignas\"},\"image\":{\"@id\":\"https:\\\/\\\/fuentesfidedignas.com.mx\\\/#\\\/schema\\\/logo\\\/image\\\/\"},\"sameAs\":[\"https:\\\/\\\/www.facebook.com\\\/Fuentes-Fidedignas-368234489921644\",\"https:\\\/\\\/x.com\\\/fidedignas\"]},{\"@type\":\"Person\",\"@id\":\"https:\\\/\\\/fuentesfidedignas.com.mx\\\/#\\\/schema\\\/person\\\/47ec0135738f4b0c7495f06a77a2c976\",\"name\":\"Milenio\",\"image\":{\"@type\":\"ImageObject\",\"inLanguage\":\"es\",\"@id\":\"https:\\\/\\\/secure.gravatar.com\\\/avatar\\\/acabf7b54753e51c2c76457954577c236b3b764789b19879565769739d1e4a75?s=96&d=mm&r=g\",\"url\":\"https:\\\/\\\/secure.gravatar.com\\\/avatar\\\/acabf7b54753e51c2c76457954577c236b3b764789b19879565769739d1e4a75?s=96&d=mm&r=g\",\"contentUrl\":\"https:\\\/\\\/secure.gravatar.com\\\/avatar\\\/acabf7b54753e51c2c76457954577c236b3b764789b19879565769739d1e4a75?s=96&d=mm&r=g\",\"caption\":\"Milenio\"},\"url\":\"https:\\\/\\\/fuentesfidedignas.com.mx\\\/index.php\\\/author\\\/milenio\\\/\"}]}<\/script>\n<!-- \/ Yoast SEO plugin. -->","yoast_head_json":{"title":"'El Mayo' hace llamado a la paz en Sinaloa: \u201cNada se resuelve con violencia\u201d - Fuentes Fidedignas","robots":{"index":"index","follow":"follow","max-snippet":"max-snippet:-1","max-image-preview":"max-image-preview:large","max-video-preview":"max-video-preview:-1"},"canonical":"https:\/\/fuentesfidedignas.com.mx\/index.php\/2024\/08\/10\/el-mayo-hace-llamado-a-la-paz-en-sinaloa-nada-se-resuelve-con-violencia\/","og_locale":"es_MX","og_type":"article","og_title":"'El Mayo' hace llamado a la paz en Sinaloa: \u201cNada se resuelve con violencia\u201d - Fuentes Fidedignas","og_description":"Ismael Zambada aprovech\u00f3 su primera declaraci\u00f3n p\u00fablica tras su detenci\u00f3n para exhortar a sus socios a mantener la calma. Ismael Zambada comparti\u00f3 su primer mensaje p\u00fablico tras ser detenido en territorio estadunidense y aprovech\u00f3 para hacer &#8220;un llamado a la mesura y a mantener la paz&#8221; en Sinaloa. En una carta escrita por el detenido, [&hellip;]","og_url":"https:\/\/fuentesfidedignas.com.mx\/index.php\/2024\/08\/10\/el-mayo-hace-llamado-a-la-paz-en-sinaloa-nada-se-resuelve-con-violencia\/","og_site_name":"Fuentes Fidedignas","article_publisher":"https:\/\/www.facebook.com\/Fuentes-Fidedignas-368234489921644","article_published_time":"2024-08-10T16:00:26+00:00","article_modified_time":"2024-08-11T00:45:31+00:00","og_image":[{"width":929,"height":580,"url":"https:\/\/fuentesfidedignas.com.mx\/wp-content\/uploads\/2024\/08\/mayo_zambada.jpg","type":"image\/jpeg"}],"author":"Milenio","twitter_card":"summary_large_image","twitter_creator":"@fidedignas","twitter_site":"@fidedignas","twitter_misc":{"Escrito por":"Milenio","Tiempo de lectura":"2 minutos"},"schema":{"@context":"https:\/\/schema.org","@graph":[{"@type":"Article","@id":"https:\/\/fuentesfidedignas.com.mx\/index.php\/2024\/08\/10\/el-mayo-hace-llamado-a-la-paz-en-sinaloa-nada-se-resuelve-con-violencia\/#article","isPartOf":{"@id":"https:\/\/fuentesfidedignas.com.mx\/index.php\/2024\/08\/10\/el-mayo-hace-llamado-a-la-paz-en-sinaloa-nada-se-resuelve-con-violencia\/"},"author":{"name":"Milenio","@id":"https:\/\/fuentesfidedignas.com.mx\/#\/schema\/person\/47ec0135738f4b0c7495f06a77a2c976"},"headline":"&#8216;El Mayo&#8217; hace llamado a la paz en Sinaloa: \u201cNada se resuelve con violencia\u201d","datePublished":"2024-08-10T16:00:26+00:00","dateModified":"2024-08-11T00:45:31+00:00","mainEntityOfPage":{"@id":"https:\/\/fuentesfidedignas.com.mx\/index.php\/2024\/08\/10\/el-mayo-hace-llamado-a-la-paz-en-sinaloa-nada-se-resuelve-con-violencia\/"},"wordCount":406,"commentCount":0,"publisher":{"@id":"https:\/\/fuentesfidedignas.com.mx\/#organization"},"image":{"@id":"https:\/\/fuentesfidedignas.com.mx\/index.php\/2024\/08\/10\/el-mayo-hace-llamado-a-la-paz-en-sinaloa-nada-se-resuelve-con-violencia\/#primaryimage"},"thumbnailUrl":"https:\/\/fuentesfidedignas.com.mx\/wp-content\/uploads\/2024\/08\/mayo_zambada.jpg","articleSection":["NOTICIAS LOCALES"],"inLanguage":"es","potentialAction":[{"@type":"CommentAction","name":"Comment","target":["https:\/\/fuentesfidedignas.com.mx\/index.php\/2024\/08\/10\/el-mayo-hace-llamado-a-la-paz-en-sinaloa-nada-se-resuelve-con-violencia\/#respond"]}]},{"@type":"WebPage","@id":"https:\/\/fuentesfidedignas.com.mx\/index.php\/2024\/08\/10\/el-mayo-hace-llamado-a-la-paz-en-sinaloa-nada-se-resuelve-con-violencia\/","url":"https:\/\/fuentesfidedignas.com.mx\/index.php\/2024\/08\/10\/el-mayo-hace-llamado-a-la-paz-en-sinaloa-nada-se-resuelve-con-violencia\/","name":"'El Mayo' hace llamado a la paz en Sinaloa: \u201cNada se resuelve con violencia\u201d - Fuentes Fidedignas","isPartOf":{"@id":"https:\/\/fuentesfidedignas.com.mx\/#website"},"primaryImageOfPage":{"@id":"https:\/\/fuentesfidedignas.com.mx\/index.php\/2024\/08\/10\/el-mayo-hace-llamado-a-la-paz-en-sinaloa-nada-se-resuelve-con-violencia\/#primaryimage"},"image":{"@id":"https:\/\/fuentesfidedignas.com.mx\/index.php\/2024\/08\/10\/el-mayo-hace-llamado-a-la-paz-en-sinaloa-nada-se-resuelve-con-violencia\/#primaryimage"},"thumbnailUrl":"https:\/\/fuentesfidedignas.com.mx\/wp-content\/uploads\/2024\/08\/mayo_zambada.jpg","datePublished":"2024-08-10T16:00:26+00:00","dateModified":"2024-08-11T00:45:31+00:00","breadcrumb":{"@id":"https:\/\/fuentesfidedignas.com.mx\/index.php\/2024\/08\/10\/el-mayo-hace-llamado-a-la-paz-en-sinaloa-nada-se-resuelve-con-violencia\/#breadcrumb"},"inLanguage":"es","potentialAction":[{"@type":"ReadAction","target":["https:\/\/fuentesfidedignas.com.mx\/index.php\/2024\/08\/10\/el-mayo-hace-llamado-a-la-paz-en-sinaloa-nada-se-resuelve-con-violencia\/"]}]},{"@type":"ImageObject","inLanguage":"es","@id":"https:\/\/fuentesfidedignas.com.mx\/index.php\/2024\/08\/10\/el-mayo-hace-llamado-a-la-paz-en-sinaloa-nada-se-resuelve-con-violencia\/#primaryimage","url":"https:\/\/fuentesfidedignas.com.mx\/wp-content\/uploads\/2024\/08\/mayo_zambada.jpg","contentUrl":"https:\/\/fuentesfidedignas.com.mx\/wp-content\/uploads\/2024\/08\/mayo_zambada.jpg","width":929,"height":580},{"@type":"BreadcrumbList","@id":"https:\/\/fuentesfidedignas.com.mx\/index.php\/2024\/08\/10\/el-mayo-hace-llamado-a-la-paz-en-sinaloa-nada-se-resuelve-con-violencia\/#breadcrumb","itemListElement":[{"@type":"ListItem","position":1,"name":"Inicio","item":"https:\/\/fuentesfidedignas.com.mx\/"},{"@type":"ListItem","position":2,"name":"&#8216;El Mayo&#8217; hace llamado a la paz en Sinaloa: \u201cNada se resuelve con violencia\u201d"}]},{"@type":"WebSite","@id":"https:\/\/fuentesfidedignas.com.mx\/#website","url":"https:\/\/fuentesfidedignas.com.mx\/","name":"Fuentes Fidedignas","description":"Otro sitio realizado con WordPress","publisher":{"@id":"https:\/\/fuentesfidedignas.com.mx\/#organization"},"potentialAction":[{"@type":"SearchAction","target":{"@type":"EntryPoint","urlTemplate":"https:\/\/fuentesfidedignas.com.mx\/?s={search_term_string}"},"query-input":{"@type":"PropertyValueSpecification","valueRequired":true,"valueName":"search_term_string"}}],"inLanguage":"es"},{"@type":"Organization","@id":"https:\/\/fuentesfidedignas.com.mx\/#organization","name":"Fuentes Fidedignas","url":"https:\/\/fuentesfidedignas.com.mx\/","logo":{"@type":"ImageObject","inLanguage":"es","@id":"https:\/\/fuentesfidedignas.com.mx\/#\/schema\/logo\/image\/","url":"https:\/\/fuentesfidedignas.com.mx\/wp-content\/uploads\/2021\/04\/logo-retina.png","contentUrl":"https:\/\/fuentesfidedignas.com.mx\/wp-content\/uploads\/2021\/04\/logo-retina.png","width":280,"height":51,"caption":"Fuentes Fidedignas"},"image":{"@id":"https:\/\/fuentesfidedignas.com.mx\/#\/schema\/logo\/image\/"},"sameAs":["https:\/\/www.facebook.com\/Fuentes-Fidedignas-368234489921644","https:\/\/x.com\/fidedignas"]},{"@type":"Person","@id":"https:\/\/fuentesfidedignas.com.mx\/#\/schema\/person\/47ec0135738f4b0c7495f06a77a2c976","name":"Milenio","image":{"@type":"ImageObject","inLanguage":"es","@id":"https:\/\/secure.gravatar.com\/avatar\/acabf7b54753e51c2c76457954577c236b3b764789b19879565769739d1e4a75?s=96&d=mm&r=g","url":"https:\/\/secure.gravatar.com\/avatar\/acabf7b54753e51c2c76457954577c236b3b764789b19879565769739d1e4a75?s=96&d=mm&r=g","contentUrl":"https:\/\/secure.gravatar.com\/avatar\/acabf7b54753e51c2c76457954577c236b3b764789b19879565769739d1e4a75?s=96&d=mm&r=g","caption":"Milenio"},"url":"https:\/\/fuentesfidedignas.com.mx\/index.php\/author\/milenio\/"}]}},"_links":{"self":[{"href":"https:\/\/fuentesfidedignas.com.mx\/index.php\/wp-json\/wp\/v2\/posts\/88461","targetHints":{"allow":["GET"]}}],"collection":[{"href":"https:\/\/fuentesfidedignas.com.mx\/index.php\/wp-json\/wp\/v2\/posts"}],"about":[{"href":"https:\/\/fuentesfidedignas.com.mx\/index.php\/wp-json\/wp\/v2\/types\/post"}],"author":[{"embeddable":true,"href":"https:\/\/fuentesfidedignas.com.mx\/index.php\/wp-json\/wp\/v2\/users\/9"}],"replies":[{"embeddable":true,"href":"https:\/\/fuentesfidedignas.com.mx\/index.php\/wp-json\/wp\/v2\/comments?post=88461"}],"version-history":[{"count":1,"href":"https:\/\/fuentesfidedignas.com.mx\/index.php\/wp-json\/wp\/v2\/posts\/88461\/revisions"}],"predecessor-version":[{"id":88464,"href":"https:\/\/fuentesfidedignas.com.mx\/index.php\/wp-json\/wp\/v2\/posts\/88461\/revisions\/88464"}],"wp:featuredmedia":[{"embeddable":true,"href":"https:\/\/fuentesfidedignas.com.mx\/index.php\/wp-json\/wp\/v2\/media\/88463"}],"wp:attachment":[{"href":"https:\/\/fuentesfidedignas.com.mx\/index.php\/wp-json\/wp\/v2\/media?parent=88461"}],"wp:term":[{"taxonomy":"category","embeddable":true,"href":"https:\/\/fuentesfidedignas.com.mx\/index.php\/wp-json\/wp\/v2\/categories?post=88461"},{"taxonomy":"post_tag","embeddable":true,"href":"https:\/\/fuentesfidedignas.com.mx\/index.php\/wp-json\/wp\/v2\/tags?post=88461"}],"curies":[{"name":"wp","href":"https:\/\/api.w.org\/{rel}","templated":true}]}}