{"id":88383,"date":"2024-08-08T14:46:02","date_gmt":"2024-08-08T21:46:02","guid":{"rendered":"https:\/\/fuentesfidedignas.com.mx\/?p=88383"},"modified":"2024-08-08T14:46:02","modified_gmt":"2024-08-08T21:46:02","slug":"cobaes-listo-para-las-clases-entregan-plazas-de-directores-y-docentes-de-emsad","status":"publish","type":"post","link":"https:\/\/fuentesfidedignas.com.mx\/index.php\/2024\/08\/08\/cobaes-listo-para-las-clases-entregan-plazas-de-directores-y-docentes-de-emsad\/","title":{"rendered":"\u00a1COBAES listo para las clases! Entregan plazas de directores y docentes de EMSAD"},"content":{"rendered":"\n<p><strong><em>\u2022 El director general Santiago Inzunza Cazares, dijo que la asignaci\u00f3n se hizo con base en la transparencia y m\u00e9rito acad\u00e9mico de las y los docentes, como lo mandata la Ley<\/em><\/strong><\/p>\n\n\n\n<p>Culiac\u00e1n, Sin. \u2013 Los procesos de promoci\u00f3n vertical (para buscar acceder a un mejor puesto) y de admisi\u00f3n (para ingresar al sistema educativo de Educaci\u00f3n Media Superior) de COBAES se sustentan en la transparencia y m\u00e9rito acad\u00e9mico de las y los docentes que atienden las convocatorias, destac\u00f3 el director general Santiago Inzunza C\u00e1zares, al presidir el evento p\u00fablico de asignaci\u00f3n de plazas y de promoci\u00f3n a cargos con funci\u00f3n directiva en planteles escolarizados y de Educaci\u00f3n Media Superior a Distancia (EMSAD), para el Ciclo Escolar 2024-2025.<\/p>\n\n\n\n<p>\u201cTenemos 59 plazas vacantes en el caso de EMSAD: 11 de Pensamiento Matem\u00e1tico, 11 de Ciencias Naturales, Experimentales y Tecnol\u00f3gicas, 8 de Ciencias Sociales, 11 de Lengua y Comunicaci\u00f3n, 18 de Tecnolog\u00edas de la Informaci\u00f3n y Comunicaci\u00f3n. En el caso de las plazas directivas, tenemos en el plantel 44 de Estaci\u00f3n Naranjo, en el plantel 62 de Estaci\u00f3n Obispo y la Subdirecci\u00f3n Acad\u00e9mica del plantel de Villa de Ahome, mismas que ser\u00e1n asignadas el d\u00eda de hoy, entonces, les deseo suerte a todos\u201d.<\/p>\n\n\n\n<p>El director de COBAES resalt\u00f3 que los planteles que operan bajo la modalidad de EMSAD, le han abonado al prestigio que tiene el Colegio de Bachilleres en las zonas rurales de Sinaloa, los cuales, actualmente tienen una matr\u00edcula cercana a los 4 mil estudiantes en todo el estado, \u201catiende a una poblaci\u00f3n muy vulnerable, si no estuvieran los EMSAD en estos lugares, muchos j\u00f3venes seguramente no podr\u00edan estudiar el bachillerato, por eso es que los aprecio y reconozco a este subsistema\u201d.<\/p>\n\n\n\n<p>A su vez, quien llev\u00f3 la representaci\u00f3n de la secretaria de Educaci\u00f3n P\u00fablica y Cultura, Catalina Esparza Navarrete, la coordinadora de la USICAMM Sinaloa, Yara del Rosario Urquidez Valenzuela, dijo que la encomienda del gobernador Rub\u00e9n Rocha Moya es que todas las ni\u00f1as, ni\u00f1os y adolescentes est\u00e9n recibiendo atenci\u00f3n educativa de calidad y con docentes comprometidos, \u201cesta asignaci\u00f3n se da bajo los principios de legalidad, certeza, equidad, imparcialidad, objetividad y transparencia. Este es un evento transparente, equitativo, justo, pero sobre todo de gran objetividad, que en otros tiempos esto no era posible y hoy gracias a la transformaci\u00f3n se han visto realizados estos cambios\u201d.<\/p>\n\n\n\n<p>\u201cSon ustedes los que van a las zonas vulnerables, a territorios con un alto grado de marginaci\u00f3n y de deserci\u00f3n escolar, asimismo, con perfiles que requiere el reto de la Nueva Escuela, la ley Superior de Educaci\u00f3n, el ascenso directivo acorde a los nuevos planes y programas, un liderazgo que fomente los aprendizajes y la uni\u00f3n del colectivo, as\u00ed como recuperar esos espacios educativos que motiven y lleven a los j\u00f3venes y adolescentes a la reflexi\u00f3n sobre los procesos que se viven en su comunidad, estado y pa\u00eds\u201d.<\/p>\n\n\n\n<p>En el evento estuvieron presentes la titular de la Secretar\u00eda T\u00e9cnica de COBAES, Sandra Irene Reyes Garc\u00eda; el director Acad\u00e9mico, Arturo Guti\u00e9rrez Olvera; el jefe del Departamento de Admisi\u00f3n, Promoci\u00f3n y Reconocimiento del Personal Docente, Jes\u00fas P\u00e9rez L\u00f3pez; y el titular de la Coordinaci\u00f3n Estatal de EMSAD, Jes\u00fas Alfonso Lazcano Valenzuela.<\/p>\n\n\n\n<p><\/p>\n","protected":false},"excerpt":{"rendered":"<p>\u2022 El director general Santiago Inzunza Cazares, dijo que la asignaci\u00f3n se hizo con base en la transparencia y m\u00e9rito acad\u00e9mico de las y los docentes, como lo mandata la Ley Culiac\u00e1n, Sin. \u2013 Los procesos de promoci\u00f3n vertical (para buscar acceder a un mejor puesto) y de admisi\u00f3n (para ingresar al sistema educativo de [&hellip;]<\/p>\n","protected":false},"author":4,"featured_media":88382,"comment_status":"closed","ping_status":"open","sticky":false,"template":"","format":"standard","meta":{"tdm_status":"","tdm_grid_status":"","footnotes":""},"categories":[37],"tags":[],"class_list":{"0":"post-88383","1":"post","2":"type-post","3":"status-publish","4":"format-standard","5":"has-post-thumbnail","7":"category-nota-principal"},"yoast_head":"<!-- This site is optimized with the Yoast SEO plugin v27.5 - https:\/\/yoast.com\/product\/yoast-seo-wordpress\/ -->\n<title>\u00a1COBAES listo para las clases! Entregan plazas de directores y docentes de EMSAD - Fuentes Fidedignas<\/title>\n<meta name=\"robots\" content=\"index, follow, max-snippet:-1, max-image-preview:large, max-video-preview:-1\" \/>\n<link rel=\"canonical\" href=\"https:\/\/fuentesfidedignas.com.mx\/index.php\/2024\/08\/08\/cobaes-listo-para-las-clases-entregan-plazas-de-directores-y-docentes-de-emsad\/\" \/>\n<meta property=\"og:locale\" content=\"es_MX\" \/>\n<meta property=\"og:type\" content=\"article\" \/>\n<meta property=\"og:title\" content=\"\u00a1COBAES listo para las clases! Entregan plazas de directores y docentes de EMSAD - Fuentes Fidedignas\" \/>\n<meta property=\"og:description\" content=\"\u2022 El director general Santiago Inzunza Cazares, dijo que la asignaci\u00f3n se hizo con base en la transparencia y m\u00e9rito acad\u00e9mico de las y los docentes, como lo mandata la Ley Culiac\u00e1n, Sin. \u2013 Los procesos de promoci\u00f3n vertical (para buscar acceder a un mejor puesto) y de admisi\u00f3n (para ingresar al sistema educativo de [&hellip;]\" \/>\n<meta property=\"og:url\" content=\"https:\/\/fuentesfidedignas.com.mx\/index.php\/2024\/08\/08\/cobaes-listo-para-las-clases-entregan-plazas-de-directores-y-docentes-de-emsad\/\" \/>\n<meta property=\"og:site_name\" content=\"Fuentes Fidedignas\" \/>\n<meta property=\"article:publisher\" content=\"https:\/\/www.facebook.com\/Fuentes-Fidedignas-368234489921644\" \/>\n<meta property=\"article:published_time\" content=\"2024-08-08T21:46:02+00:00\" \/>\n<meta property=\"og:image\" content=\"https:\/\/fuentesfidedignas.com.mx\/wp-content\/uploads\/2024\/08\/80046103-c339-4dca-aa8d-3a4d37676fb2-1.jpg\" \/>\n\t<meta property=\"og:image:width\" content=\"1599\" \/>\n\t<meta property=\"og:image:height\" content=\"1066\" \/>\n\t<meta property=\"og:image:type\" content=\"image\/jpeg\" \/>\n<meta name=\"author\" content=\"Redacci\u00f3n\" \/>\n<meta name=\"twitter:card\" content=\"summary_large_image\" \/>\n<meta name=\"twitter:creator\" content=\"@fidedignas\" \/>\n<meta name=\"twitter:site\" content=\"@fidedignas\" \/>\n<meta name=\"twitter:label1\" content=\"Escrito por\" \/>\n\t<meta name=\"twitter:data1\" content=\"Redacci\u00f3n\" \/>\n\t<meta name=\"twitter:label2\" content=\"Tiempo de lectura\" \/>\n\t<meta name=\"twitter:data2\" content=\"3 minutos\" \/>\n<script type=\"application\/ld+json\" class=\"yoast-schema-graph\">{\"@context\":\"https:\\\/\\\/schema.org\",\"@graph\":[{\"@type\":\"Article\",\"@id\":\"https:\\\/\\\/fuentesfidedignas.com.mx\\\/index.php\\\/2024\\\/08\\\/08\\\/cobaes-listo-para-las-clases-entregan-plazas-de-directores-y-docentes-de-emsad\\\/#article\",\"isPartOf\":{\"@id\":\"https:\\\/\\\/fuentesfidedignas.com.mx\\\/index.php\\\/2024\\\/08\\\/08\\\/cobaes-listo-para-las-clases-entregan-plazas-de-directores-y-docentes-de-emsad\\\/\"},\"author\":{\"name\":\"Redacci\u00f3n\",\"@id\":\"https:\\\/\\\/fuentesfidedignas.com.mx\\\/#\\\/schema\\\/person\\\/331be9283d37198e2acd5750279085b0\"},\"headline\":\"\u00a1COBAES listo para las clases! Entregan plazas de directores y docentes de EMSAD\",\"datePublished\":\"2024-08-08T21:46:02+00:00\",\"mainEntityOfPage\":{\"@id\":\"https:\\\/\\\/fuentesfidedignas.com.mx\\\/index.php\\\/2024\\\/08\\\/08\\\/cobaes-listo-para-las-clases-entregan-plazas-de-directores-y-docentes-de-emsad\\\/\"},\"wordCount\":586,\"publisher\":{\"@id\":\"https:\\\/\\\/fuentesfidedignas.com.mx\\\/#organization\"},\"image\":{\"@id\":\"https:\\\/\\\/fuentesfidedignas.com.mx\\\/index.php\\\/2024\\\/08\\\/08\\\/cobaes-listo-para-las-clases-entregan-plazas-de-directores-y-docentes-de-emsad\\\/#primaryimage\"},\"thumbnailUrl\":\"https:\\\/\\\/fuentesfidedignas.com.mx\\\/wp-content\\\/uploads\\\/2024\\\/08\\\/80046103-c339-4dca-aa8d-3a4d37676fb2-1.jpg\",\"articleSection\":[\"NOTA PRINCIPAL\"],\"inLanguage\":\"es\"},{\"@type\":\"WebPage\",\"@id\":\"https:\\\/\\\/fuentesfidedignas.com.mx\\\/index.php\\\/2024\\\/08\\\/08\\\/cobaes-listo-para-las-clases-entregan-plazas-de-directores-y-docentes-de-emsad\\\/\",\"url\":\"https:\\\/\\\/fuentesfidedignas.com.mx\\\/index.php\\\/2024\\\/08\\\/08\\\/cobaes-listo-para-las-clases-entregan-plazas-de-directores-y-docentes-de-emsad\\\/\",\"name\":\"\u00a1COBAES listo para las clases! Entregan plazas de directores y docentes de EMSAD - Fuentes Fidedignas\",\"isPartOf\":{\"@id\":\"https:\\\/\\\/fuentesfidedignas.com.mx\\\/#website\"},\"primaryImageOfPage\":{\"@id\":\"https:\\\/\\\/fuentesfidedignas.com.mx\\\/index.php\\\/2024\\\/08\\\/08\\\/cobaes-listo-para-las-clases-entregan-plazas-de-directores-y-docentes-de-emsad\\\/#primaryimage\"},\"image\":{\"@id\":\"https:\\\/\\\/fuentesfidedignas.com.mx\\\/index.php\\\/2024\\\/08\\\/08\\\/cobaes-listo-para-las-clases-entregan-plazas-de-directores-y-docentes-de-emsad\\\/#primaryimage\"},\"thumbnailUrl\":\"https:\\\/\\\/fuentesfidedignas.com.mx\\\/wp-content\\\/uploads\\\/2024\\\/08\\\/80046103-c339-4dca-aa8d-3a4d37676fb2-1.jpg\",\"datePublished\":\"2024-08-08T21:46:02+00:00\",\"breadcrumb\":{\"@id\":\"https:\\\/\\\/fuentesfidedignas.com.mx\\\/index.php\\\/2024\\\/08\\\/08\\\/cobaes-listo-para-las-clases-entregan-plazas-de-directores-y-docentes-de-emsad\\\/#breadcrumb\"},\"inLanguage\":\"es\",\"potentialAction\":[{\"@type\":\"ReadAction\",\"target\":[\"https:\\\/\\\/fuentesfidedignas.com.mx\\\/index.php\\\/2024\\\/08\\\/08\\\/cobaes-listo-para-las-clases-entregan-plazas-de-directores-y-docentes-de-emsad\\\/\"]}]},{\"@type\":\"ImageObject\",\"inLanguage\":\"es\",\"@id\":\"https:\\\/\\\/fuentesfidedignas.com.mx\\\/index.php\\\/2024\\\/08\\\/08\\\/cobaes-listo-para-las-clases-entregan-plazas-de-directores-y-docentes-de-emsad\\\/#primaryimage\",\"url\":\"https:\\\/\\\/fuentesfidedignas.com.mx\\\/wp-content\\\/uploads\\\/2024\\\/08\\\/80046103-c339-4dca-aa8d-3a4d37676fb2-1.jpg\",\"contentUrl\":\"https:\\\/\\\/fuentesfidedignas.com.mx\\\/wp-content\\\/uploads\\\/2024\\\/08\\\/80046103-c339-4dca-aa8d-3a4d37676fb2-1.jpg\",\"width\":1599,\"height\":1066},{\"@type\":\"BreadcrumbList\",\"@id\":\"https:\\\/\\\/fuentesfidedignas.com.mx\\\/index.php\\\/2024\\\/08\\\/08\\\/cobaes-listo-para-las-clases-entregan-plazas-de-directores-y-docentes-de-emsad\\\/#breadcrumb\",\"itemListElement\":[{\"@type\":\"ListItem\",\"position\":1,\"name\":\"Inicio\",\"item\":\"https:\\\/\\\/fuentesfidedignas.com.mx\\\/\"},{\"@type\":\"ListItem\",\"position\":2,\"name\":\"\u00a1COBAES listo para las clases! Entregan plazas de directores y docentes de EMSAD\"}]},{\"@type\":\"WebSite\",\"@id\":\"https:\\\/\\\/fuentesfidedignas.com.mx\\\/#website\",\"url\":\"https:\\\/\\\/fuentesfidedignas.com.mx\\\/\",\"name\":\"Fuentes Fidedignas\",\"description\":\"Otro sitio realizado con WordPress\",\"publisher\":{\"@id\":\"https:\\\/\\\/fuentesfidedignas.com.mx\\\/#organization\"},\"potentialAction\":[{\"@type\":\"SearchAction\",\"target\":{\"@type\":\"EntryPoint\",\"urlTemplate\":\"https:\\\/\\\/fuentesfidedignas.com.mx\\\/?s={search_term_string}\"},\"query-input\":{\"@type\":\"PropertyValueSpecification\",\"valueRequired\":true,\"valueName\":\"search_term_string\"}}],\"inLanguage\":\"es\"},{\"@type\":\"Organization\",\"@id\":\"https:\\\/\\\/fuentesfidedignas.com.mx\\\/#organization\",\"name\":\"Fuentes Fidedignas\",\"url\":\"https:\\\/\\\/fuentesfidedignas.com.mx\\\/\",\"logo\":{\"@type\":\"ImageObject\",\"inLanguage\":\"es\",\"@id\":\"https:\\\/\\\/fuentesfidedignas.com.mx\\\/#\\\/schema\\\/logo\\\/image\\\/\",\"url\":\"https:\\\/\\\/fuentesfidedignas.com.mx\\\/wp-content\\\/uploads\\\/2021\\\/04\\\/logo-retina.png\",\"contentUrl\":\"https:\\\/\\\/fuentesfidedignas.com.mx\\\/wp-content\\\/uploads\\\/2021\\\/04\\\/logo-retina.png\",\"width\":280,\"height\":51,\"caption\":\"Fuentes Fidedignas\"},\"image\":{\"@id\":\"https:\\\/\\\/fuentesfidedignas.com.mx\\\/#\\\/schema\\\/logo\\\/image\\\/\"},\"sameAs\":[\"https:\\\/\\\/www.facebook.com\\\/Fuentes-Fidedignas-368234489921644\",\"https:\\\/\\\/x.com\\\/fidedignas\"]},{\"@type\":\"Person\",\"@id\":\"https:\\\/\\\/fuentesfidedignas.com.mx\\\/#\\\/schema\\\/person\\\/331be9283d37198e2acd5750279085b0\",\"name\":\"Redacci\u00f3n\",\"image\":{\"@type\":\"ImageObject\",\"inLanguage\":\"es\",\"@id\":\"https:\\\/\\\/secure.gravatar.com\\\/avatar\\\/f6d8782c11d12b2d4ad3fbb6931aeab5309937a4d6cd2fc9cfaa28a6396a5aec?s=96&d=mm&r=g\",\"url\":\"https:\\\/\\\/secure.gravatar.com\\\/avatar\\\/f6d8782c11d12b2d4ad3fbb6931aeab5309937a4d6cd2fc9cfaa28a6396a5aec?s=96&d=mm&r=g\",\"contentUrl\":\"https:\\\/\\\/secure.gravatar.com\\\/avatar\\\/f6d8782c11d12b2d4ad3fbb6931aeab5309937a4d6cd2fc9cfaa28a6396a5aec?s=96&d=mm&r=g\",\"caption\":\"Redacci\u00f3n\"},\"url\":\"https:\\\/\\\/fuentesfidedignas.com.mx\\\/index.php\\\/author\\\/redaccion\\\/\"}]}<\/script>\n<!-- \/ Yoast SEO plugin. -->","yoast_head_json":{"title":"\u00a1COBAES listo para las clases! Entregan plazas de directores y docentes de EMSAD - Fuentes Fidedignas","robots":{"index":"index","follow":"follow","max-snippet":"max-snippet:-1","max-image-preview":"max-image-preview:large","max-video-preview":"max-video-preview:-1"},"canonical":"https:\/\/fuentesfidedignas.com.mx\/index.php\/2024\/08\/08\/cobaes-listo-para-las-clases-entregan-plazas-de-directores-y-docentes-de-emsad\/","og_locale":"es_MX","og_type":"article","og_title":"\u00a1COBAES listo para las clases! Entregan plazas de directores y docentes de EMSAD - Fuentes Fidedignas","og_description":"\u2022 El director general Santiago Inzunza Cazares, dijo que la asignaci\u00f3n se hizo con base en la transparencia y m\u00e9rito acad\u00e9mico de las y los docentes, como lo mandata la Ley Culiac\u00e1n, Sin. \u2013 Los procesos de promoci\u00f3n vertical (para buscar acceder a un mejor puesto) y de admisi\u00f3n (para ingresar al sistema educativo de [&hellip;]","og_url":"https:\/\/fuentesfidedignas.com.mx\/index.php\/2024\/08\/08\/cobaes-listo-para-las-clases-entregan-plazas-de-directores-y-docentes-de-emsad\/","og_site_name":"Fuentes Fidedignas","article_publisher":"https:\/\/www.facebook.com\/Fuentes-Fidedignas-368234489921644","article_published_time":"2024-08-08T21:46:02+00:00","og_image":[{"width":1599,"height":1066,"url":"https:\/\/fuentesfidedignas.com.mx\/wp-content\/uploads\/2024\/08\/80046103-c339-4dca-aa8d-3a4d37676fb2-1.jpg","type":"image\/jpeg"}],"author":"Redacci\u00f3n","twitter_card":"summary_large_image","twitter_creator":"@fidedignas","twitter_site":"@fidedignas","twitter_misc":{"Escrito por":"Redacci\u00f3n","Tiempo de lectura":"3 minutos"},"schema":{"@context":"https:\/\/schema.org","@graph":[{"@type":"Article","@id":"https:\/\/fuentesfidedignas.com.mx\/index.php\/2024\/08\/08\/cobaes-listo-para-las-clases-entregan-plazas-de-directores-y-docentes-de-emsad\/#article","isPartOf":{"@id":"https:\/\/fuentesfidedignas.com.mx\/index.php\/2024\/08\/08\/cobaes-listo-para-las-clases-entregan-plazas-de-directores-y-docentes-de-emsad\/"},"author":{"name":"Redacci\u00f3n","@id":"https:\/\/fuentesfidedignas.com.mx\/#\/schema\/person\/331be9283d37198e2acd5750279085b0"},"headline":"\u00a1COBAES listo para las clases! Entregan plazas de directores y docentes de EMSAD","datePublished":"2024-08-08T21:46:02+00:00","mainEntityOfPage":{"@id":"https:\/\/fuentesfidedignas.com.mx\/index.php\/2024\/08\/08\/cobaes-listo-para-las-clases-entregan-plazas-de-directores-y-docentes-de-emsad\/"},"wordCount":586,"publisher":{"@id":"https:\/\/fuentesfidedignas.com.mx\/#organization"},"image":{"@id":"https:\/\/fuentesfidedignas.com.mx\/index.php\/2024\/08\/08\/cobaes-listo-para-las-clases-entregan-plazas-de-directores-y-docentes-de-emsad\/#primaryimage"},"thumbnailUrl":"https:\/\/fuentesfidedignas.com.mx\/wp-content\/uploads\/2024\/08\/80046103-c339-4dca-aa8d-3a4d37676fb2-1.jpg","articleSection":["NOTA PRINCIPAL"],"inLanguage":"es"},{"@type":"WebPage","@id":"https:\/\/fuentesfidedignas.com.mx\/index.php\/2024\/08\/08\/cobaes-listo-para-las-clases-entregan-plazas-de-directores-y-docentes-de-emsad\/","url":"https:\/\/fuentesfidedignas.com.mx\/index.php\/2024\/08\/08\/cobaes-listo-para-las-clases-entregan-plazas-de-directores-y-docentes-de-emsad\/","name":"\u00a1COBAES listo para las clases! Entregan plazas de directores y docentes de EMSAD - Fuentes Fidedignas","isPartOf":{"@id":"https:\/\/fuentesfidedignas.com.mx\/#website"},"primaryImageOfPage":{"@id":"https:\/\/fuentesfidedignas.com.mx\/index.php\/2024\/08\/08\/cobaes-listo-para-las-clases-entregan-plazas-de-directores-y-docentes-de-emsad\/#primaryimage"},"image":{"@id":"https:\/\/fuentesfidedignas.com.mx\/index.php\/2024\/08\/08\/cobaes-listo-para-las-clases-entregan-plazas-de-directores-y-docentes-de-emsad\/#primaryimage"},"thumbnailUrl":"https:\/\/fuentesfidedignas.com.mx\/wp-content\/uploads\/2024\/08\/80046103-c339-4dca-aa8d-3a4d37676fb2-1.jpg","datePublished":"2024-08-08T21:46:02+00:00","breadcrumb":{"@id":"https:\/\/fuentesfidedignas.com.mx\/index.php\/2024\/08\/08\/cobaes-listo-para-las-clases-entregan-plazas-de-directores-y-docentes-de-emsad\/#breadcrumb"},"inLanguage":"es","potentialAction":[{"@type":"ReadAction","target":["https:\/\/fuentesfidedignas.com.mx\/index.php\/2024\/08\/08\/cobaes-listo-para-las-clases-entregan-plazas-de-directores-y-docentes-de-emsad\/"]}]},{"@type":"ImageObject","inLanguage":"es","@id":"https:\/\/fuentesfidedignas.com.mx\/index.php\/2024\/08\/08\/cobaes-listo-para-las-clases-entregan-plazas-de-directores-y-docentes-de-emsad\/#primaryimage","url":"https:\/\/fuentesfidedignas.com.mx\/wp-content\/uploads\/2024\/08\/80046103-c339-4dca-aa8d-3a4d37676fb2-1.jpg","contentUrl":"https:\/\/fuentesfidedignas.com.mx\/wp-content\/uploads\/2024\/08\/80046103-c339-4dca-aa8d-3a4d37676fb2-1.jpg","width":1599,"height":1066},{"@type":"BreadcrumbList","@id":"https:\/\/fuentesfidedignas.com.mx\/index.php\/2024\/08\/08\/cobaes-listo-para-las-clases-entregan-plazas-de-directores-y-docentes-de-emsad\/#breadcrumb","itemListElement":[{"@type":"ListItem","position":1,"name":"Inicio","item":"https:\/\/fuentesfidedignas.com.mx\/"},{"@type":"ListItem","position":2,"name":"\u00a1COBAES listo para las clases! Entregan plazas de directores y docentes de EMSAD"}]},{"@type":"WebSite","@id":"https:\/\/fuentesfidedignas.com.mx\/#website","url":"https:\/\/fuentesfidedignas.com.mx\/","name":"Fuentes Fidedignas","description":"Otro sitio realizado con WordPress","publisher":{"@id":"https:\/\/fuentesfidedignas.com.mx\/#organization"},"potentialAction":[{"@type":"SearchAction","target":{"@type":"EntryPoint","urlTemplate":"https:\/\/fuentesfidedignas.com.mx\/?s={search_term_string}"},"query-input":{"@type":"PropertyValueSpecification","valueRequired":true,"valueName":"search_term_string"}}],"inLanguage":"es"},{"@type":"Organization","@id":"https:\/\/fuentesfidedignas.com.mx\/#organization","name":"Fuentes Fidedignas","url":"https:\/\/fuentesfidedignas.com.mx\/","logo":{"@type":"ImageObject","inLanguage":"es","@id":"https:\/\/fuentesfidedignas.com.mx\/#\/schema\/logo\/image\/","url":"https:\/\/fuentesfidedignas.com.mx\/wp-content\/uploads\/2021\/04\/logo-retina.png","contentUrl":"https:\/\/fuentesfidedignas.com.mx\/wp-content\/uploads\/2021\/04\/logo-retina.png","width":280,"height":51,"caption":"Fuentes Fidedignas"},"image":{"@id":"https:\/\/fuentesfidedignas.com.mx\/#\/schema\/logo\/image\/"},"sameAs":["https:\/\/www.facebook.com\/Fuentes-Fidedignas-368234489921644","https:\/\/x.com\/fidedignas"]},{"@type":"Person","@id":"https:\/\/fuentesfidedignas.com.mx\/#\/schema\/person\/331be9283d37198e2acd5750279085b0","name":"Redacci\u00f3n","image":{"@type":"ImageObject","inLanguage":"es","@id":"https:\/\/secure.gravatar.com\/avatar\/f6d8782c11d12b2d4ad3fbb6931aeab5309937a4d6cd2fc9cfaa28a6396a5aec?s=96&d=mm&r=g","url":"https:\/\/secure.gravatar.com\/avatar\/f6d8782c11d12b2d4ad3fbb6931aeab5309937a4d6cd2fc9cfaa28a6396a5aec?s=96&d=mm&r=g","contentUrl":"https:\/\/secure.gravatar.com\/avatar\/f6d8782c11d12b2d4ad3fbb6931aeab5309937a4d6cd2fc9cfaa28a6396a5aec?s=96&d=mm&r=g","caption":"Redacci\u00f3n"},"url":"https:\/\/fuentesfidedignas.com.mx\/index.php\/author\/redaccion\/"}]}},"_links":{"self":[{"href":"https:\/\/fuentesfidedignas.com.mx\/index.php\/wp-json\/wp\/v2\/posts\/88383","targetHints":{"allow":["GET"]}}],"collection":[{"href":"https:\/\/fuentesfidedignas.com.mx\/index.php\/wp-json\/wp\/v2\/posts"}],"about":[{"href":"https:\/\/fuentesfidedignas.com.mx\/index.php\/wp-json\/wp\/v2\/types\/post"}],"author":[{"embeddable":true,"href":"https:\/\/fuentesfidedignas.com.mx\/index.php\/wp-json\/wp\/v2\/users\/4"}],"replies":[{"embeddable":true,"href":"https:\/\/fuentesfidedignas.com.mx\/index.php\/wp-json\/wp\/v2\/comments?post=88383"}],"version-history":[{"count":1,"href":"https:\/\/fuentesfidedignas.com.mx\/index.php\/wp-json\/wp\/v2\/posts\/88383\/revisions"}],"predecessor-version":[{"id":88384,"href":"https:\/\/fuentesfidedignas.com.mx\/index.php\/wp-json\/wp\/v2\/posts\/88383\/revisions\/88384"}],"wp:featuredmedia":[{"embeddable":true,"href":"https:\/\/fuentesfidedignas.com.mx\/index.php\/wp-json\/wp\/v2\/media\/88382"}],"wp:attachment":[{"href":"https:\/\/fuentesfidedignas.com.mx\/index.php\/wp-json\/wp\/v2\/media?parent=88383"}],"wp:term":[{"taxonomy":"category","embeddable":true,"href":"https:\/\/fuentesfidedignas.com.mx\/index.php\/wp-json\/wp\/v2\/categories?post=88383"},{"taxonomy":"post_tag","embeddable":true,"href":"https:\/\/fuentesfidedignas.com.mx\/index.php\/wp-json\/wp\/v2\/tags?post=88383"}],"curies":[{"name":"wp","href":"https:\/\/api.w.org\/{rel}","templated":true}]}}