{"id":8838,"date":"2021-08-03T02:12:00","date_gmt":"2021-08-03T09:12:00","guid":{"rendered":"https:\/\/fuentesfidedignas.com.mx\/?p=8838"},"modified":"2021-08-03T06:19:23","modified_gmt":"2021-08-03T13:19:23","slug":"enfrentamiento-entre-policias-y-civiles-deja-al-menos-un-muerto-en-elota","status":"publish","type":"post","link":"https:\/\/fuentesfidedignas.com.mx\/index.php\/2021\/08\/03\/enfrentamiento-entre-policias-y-civiles-deja-al-menos-un-muerto-en-elota\/","title":{"rendered":"Enfrentamiento entre polic\u00edas y civiles deja al menos un muerto en Elota"},"content":{"rendered":"\n<p><strong><em>Los uniformados pidieron a las personas que iban un veh\u00edculo que dejaran las armas, lo cual no ocurri\u00f3<\/em><\/strong><\/p>\n\n\n\n<p>Elota, Sin.-Reportaron la tarde de este lunes en Elota, Sinaloa, un enfrentamiento entre hombres armados y polic\u00edas.<\/p>\n\n\n\n<p>Los uniformados pidieron a las personas que iban un veh\u00edculo que dejaran las armas, lo cual no ocurri\u00f3.<\/p>\n\n\n\n<p>Momentos despu\u00e9s comenz\u00f3 un fuerte tiroteo cuyo momento fue grabado por un tel\u00e9fono celular y subido a las redes sociales.<\/p>\n\n\n\n<figure class=\"wp-block-embed is-type-rich is-provider-twitter wp-block-embed-twitter\"><div class=\"wp-block-embed__wrapper\">\n<blockquote class=\"twitter-tweet\" data-width=\"550\" data-dnt=\"true\"><p lang=\"es\" dir=\"ltr\">Sucedi\u00f3 En la cruz de elota, en el crucero que est\u00e1 en la salida para ceuta, en la gasolinera que est\u00e1 a\u00fan lado de las v\u00edas. <br><br>Los polic\u00edas actuaron bien. Cumplieron con el protocolo. <a href=\"https:\/\/t.co\/LAhZGk31VL\">pic.twitter.com\/LAhZGk31VL<\/a><\/p>&mdash; Eddy (@eddygranny) <a href=\"https:\/\/twitter.com\/eddygranny\/status\/1422350691025182721?ref_src=twsrc%5Etfw\">August 3, 2021<\/a><\/blockquote><script async src=\"https:\/\/platform.twitter.com\/widgets.js\" charset=\"utf-8\"><\/script>\n<\/div><\/figure>\n\n\n\n<p>De acuerdo al portal <em>24 Horas<\/em>, este hecho violento dej\u00f3 como saldo una persona muerta y otra herida.<\/p>\n\n\n\n<p>Los hombres que presuntamente habr\u00edan atacado a las fuerzas de seguridad viajaban a bordo de un autom\u00f3vil compacto sin placas.<\/p>\n\n\n\n<p>&#8220;Hace unos momentos, polic\u00edas estatales y municipales, fueron agredidos por civiles armados en Elota. Se repeli\u00f3 la agresi\u00f3n y de manera preliminar, se tiene informaci\u00f3n de una persona asegurada, una lesionada y una que perdi\u00f3 la vida. Tambi\u00e9n se asegur\u00f3 un arma larga y una corta\u201d, inform\u00f3 Crist\u00f3bal Casta\u00f1eda, secretario de seguridad de Sinaloa, por medio de su cuenta de Twitter.<\/p>\n\n\n\n<p>Agreg\u00f3:<\/p>\n\n\n\n<p>\u201cEn coordinaci\u00f3n con SEDENA, Guardia Nacional y PEO Sinaloa se mantiene un despliegue operativo en comunidades cercanas para incrementar la seguridad de la zona. #9-1-1\u201d.<\/p>\n\n\n\n<figure class=\"wp-block-embed is-type-rich is-provider-twitter wp-block-embed-twitter\"><div class=\"wp-block-embed__wrapper\">\n<blockquote class=\"twitter-tweet\" data-width=\"550\" data-dnt=\"true\"><p lang=\"es\" dir=\"ltr\">En coordinaci\u00f3n con <a href=\"https:\/\/twitter.com\/SEDENAmx?ref_src=twsrc%5Etfw\">@SEDENAmx<\/a> <a href=\"https:\/\/twitter.com\/GN_MEXICO?ref_src=twsrc%5Etfw\">@GN_MEXICO<\/a> y <a href=\"https:\/\/twitter.com\/hashtag\/PEPSinaloa?src=hash&amp;ref_src=twsrc%5Etfw\">#PEPSinaloa<\/a>, se mantiene un despliegue operativo en comunidades cercanas para incrementar la seguridad de la zona. #9-1-1 <a href=\"https:\/\/twitter.com\/C4iSinaloa?ref_src=twsrc%5Etfw\">@C4iSinaloa<\/a> <a href=\"https:\/\/twitter.com\/sspsinaloa1?ref_src=twsrc%5Etfw\">@sspsinaloa1<\/a><\/p>&mdash; Crist\u00f3bal Casta\u00f1eda (@Mtro_CCastaneda) <a href=\"https:\/\/twitter.com\/Mtro_CCastaneda\/status\/1422336218067468291?ref_src=twsrc%5Etfw\">August 2, 2021<\/a><\/blockquote><script async src=\"https:\/\/platform.twitter.com\/widgets.js\" charset=\"utf-8\"><\/script>\n<\/div><\/figure>\n","protected":false},"excerpt":{"rendered":"<p>Los uniformados pidieron a las personas que iban un veh\u00edculo que dejaran las armas, lo cual no ocurri\u00f3 Elota, Sin.-Reportaron la tarde de este lunes en Elota, Sinaloa, un enfrentamiento entre hombres armados y polic\u00edas. Los uniformados pidieron a las personas que iban un veh\u00edculo que dejaran las armas, lo cual no ocurri\u00f3. Momentos despu\u00e9s [&hellip;]<\/p>\n","protected":false},"author":40,"featured_media":8839,"comment_status":"open","ping_status":"open","sticky":false,"template":"","format":"standard","meta":{"tdm_status":"","tdm_grid_status":"","footnotes":""},"categories":[37],"tags":[186,526,183,49],"class_list":{"0":"post-8838","1":"post","2":"type-post","3":"status-publish","4":"format-standard","5":"has-post-thumbnail","7":"category-nota-principal","8":"tag-noticiaslocales","9":"tag-policia-estatal","10":"tag-policiaca","11":"tag-sinaloa"},"yoast_head":"<!-- This site is optimized with the Yoast SEO plugin v27.5 - https:\/\/yoast.com\/product\/yoast-seo-wordpress\/ -->\n<title>Enfrentamiento entre polic\u00edas y civiles deja al menos un muerto en Elota - Fuentes Fidedignas<\/title>\n<meta name=\"robots\" content=\"index, follow, max-snippet:-1, max-image-preview:large, max-video-preview:-1\" \/>\n<link rel=\"canonical\" href=\"https:\/\/fuentesfidedignas.com.mx\/index.php\/2021\/08\/03\/enfrentamiento-entre-policias-y-civiles-deja-al-menos-un-muerto-en-elota\/\" \/>\n<meta property=\"og:locale\" content=\"es_MX\" \/>\n<meta property=\"og:type\" content=\"article\" \/>\n<meta property=\"og:title\" content=\"Enfrentamiento entre polic\u00edas y civiles deja al menos un muerto en Elota - Fuentes Fidedignas\" \/>\n<meta property=\"og:description\" content=\"Los uniformados pidieron a las personas que iban un veh\u00edculo que dejaran las armas, lo cual no ocurri\u00f3 Elota, Sin.-Reportaron la tarde de este lunes en Elota, Sinaloa, un enfrentamiento entre hombres armados y polic\u00edas. Los uniformados pidieron a las personas que iban un veh\u00edculo que dejaran las armas, lo cual no ocurri\u00f3. Momentos despu\u00e9s [&hellip;]\" \/>\n<meta property=\"og:url\" content=\"https:\/\/fuentesfidedignas.com.mx\/index.php\/2021\/08\/03\/enfrentamiento-entre-policias-y-civiles-deja-al-menos-un-muerto-en-elota\/\" \/>\n<meta property=\"og:site_name\" content=\"Fuentes Fidedignas\" \/>\n<meta property=\"article:publisher\" content=\"https:\/\/www.facebook.com\/Fuentes-Fidedignas-368234489921644\" \/>\n<meta property=\"article:published_time\" content=\"2021-08-03T09:12:00+00:00\" \/>\n<meta property=\"article:modified_time\" content=\"2021-08-03T13:19:23+00:00\" \/>\n<meta property=\"og:image\" content=\"https:\/\/fuentesfidedignas.com.mx\/wp-content\/uploads\/2021\/08\/enfrentamiento-elota-sinaloa.jpg\" \/>\n\t<meta property=\"og:image:width\" content=\"640\" \/>\n\t<meta property=\"og:image:height\" content=\"360\" \/>\n\t<meta property=\"og:image:type\" content=\"image\/jpeg\" \/>\n<meta name=\"author\" content=\"El Imparcial\" \/>\n<meta name=\"twitter:card\" content=\"summary_large_image\" \/>\n<meta name=\"twitter:creator\" content=\"@fidedignas\" \/>\n<meta name=\"twitter:site\" content=\"@fidedignas\" \/>\n<meta name=\"twitter:label1\" content=\"Escrito por\" \/>\n\t<meta name=\"twitter:data1\" content=\"El Imparcial\" \/>\n\t<meta name=\"twitter:label2\" content=\"Tiempo de lectura\" \/>\n\t<meta name=\"twitter:data2\" content=\"1 minuto\" \/>\n<script type=\"application\/ld+json\" class=\"yoast-schema-graph\">{\"@context\":\"https:\\\/\\\/schema.org\",\"@graph\":[{\"@type\":\"Article\",\"@id\":\"https:\\\/\\\/fuentesfidedignas.com.mx\\\/index.php\\\/2021\\\/08\\\/03\\\/enfrentamiento-entre-policias-y-civiles-deja-al-menos-un-muerto-en-elota\\\/#article\",\"isPartOf\":{\"@id\":\"https:\\\/\\\/fuentesfidedignas.com.mx\\\/index.php\\\/2021\\\/08\\\/03\\\/enfrentamiento-entre-policias-y-civiles-deja-al-menos-un-muerto-en-elota\\\/\"},\"author\":{\"name\":\"El Imparcial\",\"@id\":\"https:\\\/\\\/fuentesfidedignas.com.mx\\\/#\\\/schema\\\/person\\\/ff4db17f8fd9c584e0cfc2a0c436b8a1\"},\"headline\":\"Enfrentamiento entre polic\u00edas y civiles deja al menos un muerto en Elota\",\"datePublished\":\"2021-08-03T09:12:00+00:00\",\"dateModified\":\"2021-08-03T13:19:23+00:00\",\"mainEntityOfPage\":{\"@id\":\"https:\\\/\\\/fuentesfidedignas.com.mx\\\/index.php\\\/2021\\\/08\\\/03\\\/enfrentamiento-entre-policias-y-civiles-deja-al-menos-un-muerto-en-elota\\\/\"},\"wordCount\":287,\"commentCount\":0,\"publisher\":{\"@id\":\"https:\\\/\\\/fuentesfidedignas.com.mx\\\/#organization\"},\"image\":{\"@id\":\"https:\\\/\\\/fuentesfidedignas.com.mx\\\/index.php\\\/2021\\\/08\\\/03\\\/enfrentamiento-entre-policias-y-civiles-deja-al-menos-un-muerto-en-elota\\\/#primaryimage\"},\"thumbnailUrl\":\"https:\\\/\\\/fuentesfidedignas.com.mx\\\/wp-content\\\/uploads\\\/2021\\\/08\\\/enfrentamiento-elota-sinaloa.jpg\",\"keywords\":[\"NoticiasLocales\",\"Polic\u00eda Estatal\",\"Policiaca\",\"sinaloa\"],\"articleSection\":[\"NOTA PRINCIPAL\"],\"inLanguage\":\"es\",\"potentialAction\":[{\"@type\":\"CommentAction\",\"name\":\"Comment\",\"target\":[\"https:\\\/\\\/fuentesfidedignas.com.mx\\\/index.php\\\/2021\\\/08\\\/03\\\/enfrentamiento-entre-policias-y-civiles-deja-al-menos-un-muerto-en-elota\\\/#respond\"]}]},{\"@type\":\"WebPage\",\"@id\":\"https:\\\/\\\/fuentesfidedignas.com.mx\\\/index.php\\\/2021\\\/08\\\/03\\\/enfrentamiento-entre-policias-y-civiles-deja-al-menos-un-muerto-en-elota\\\/\",\"url\":\"https:\\\/\\\/fuentesfidedignas.com.mx\\\/index.php\\\/2021\\\/08\\\/03\\\/enfrentamiento-entre-policias-y-civiles-deja-al-menos-un-muerto-en-elota\\\/\",\"name\":\"Enfrentamiento entre polic\u00edas y civiles deja al menos un muerto en Elota - Fuentes Fidedignas\",\"isPartOf\":{\"@id\":\"https:\\\/\\\/fuentesfidedignas.com.mx\\\/#website\"},\"primaryImageOfPage\":{\"@id\":\"https:\\\/\\\/fuentesfidedignas.com.mx\\\/index.php\\\/2021\\\/08\\\/03\\\/enfrentamiento-entre-policias-y-civiles-deja-al-menos-un-muerto-en-elota\\\/#primaryimage\"},\"image\":{\"@id\":\"https:\\\/\\\/fuentesfidedignas.com.mx\\\/index.php\\\/2021\\\/08\\\/03\\\/enfrentamiento-entre-policias-y-civiles-deja-al-menos-un-muerto-en-elota\\\/#primaryimage\"},\"thumbnailUrl\":\"https:\\\/\\\/fuentesfidedignas.com.mx\\\/wp-content\\\/uploads\\\/2021\\\/08\\\/enfrentamiento-elota-sinaloa.jpg\",\"datePublished\":\"2021-08-03T09:12:00+00:00\",\"dateModified\":\"2021-08-03T13:19:23+00:00\",\"breadcrumb\":{\"@id\":\"https:\\\/\\\/fuentesfidedignas.com.mx\\\/index.php\\\/2021\\\/08\\\/03\\\/enfrentamiento-entre-policias-y-civiles-deja-al-menos-un-muerto-en-elota\\\/#breadcrumb\"},\"inLanguage\":\"es\",\"potentialAction\":[{\"@type\":\"ReadAction\",\"target\":[\"https:\\\/\\\/fuentesfidedignas.com.mx\\\/index.php\\\/2021\\\/08\\\/03\\\/enfrentamiento-entre-policias-y-civiles-deja-al-menos-un-muerto-en-elota\\\/\"]}]},{\"@type\":\"ImageObject\",\"inLanguage\":\"es\",\"@id\":\"https:\\\/\\\/fuentesfidedignas.com.mx\\\/index.php\\\/2021\\\/08\\\/03\\\/enfrentamiento-entre-policias-y-civiles-deja-al-menos-un-muerto-en-elota\\\/#primaryimage\",\"url\":\"https:\\\/\\\/fuentesfidedignas.com.mx\\\/wp-content\\\/uploads\\\/2021\\\/08\\\/enfrentamiento-elota-sinaloa.jpg\",\"contentUrl\":\"https:\\\/\\\/fuentesfidedignas.com.mx\\\/wp-content\\\/uploads\\\/2021\\\/08\\\/enfrentamiento-elota-sinaloa.jpg\",\"width\":640,\"height\":360},{\"@type\":\"BreadcrumbList\",\"@id\":\"https:\\\/\\\/fuentesfidedignas.com.mx\\\/index.php\\\/2021\\\/08\\\/03\\\/enfrentamiento-entre-policias-y-civiles-deja-al-menos-un-muerto-en-elota\\\/#breadcrumb\",\"itemListElement\":[{\"@type\":\"ListItem\",\"position\":1,\"name\":\"Inicio\",\"item\":\"https:\\\/\\\/fuentesfidedignas.com.mx\\\/\"},{\"@type\":\"ListItem\",\"position\":2,\"name\":\"Enfrentamiento entre polic\u00edas y civiles deja al menos un muerto en Elota\"}]},{\"@type\":\"WebSite\",\"@id\":\"https:\\\/\\\/fuentesfidedignas.com.mx\\\/#website\",\"url\":\"https:\\\/\\\/fuentesfidedignas.com.mx\\\/\",\"name\":\"Fuentes Fidedignas\",\"description\":\"Otro sitio realizado con WordPress\",\"publisher\":{\"@id\":\"https:\\\/\\\/fuentesfidedignas.com.mx\\\/#organization\"},\"potentialAction\":[{\"@type\":\"SearchAction\",\"target\":{\"@type\":\"EntryPoint\",\"urlTemplate\":\"https:\\\/\\\/fuentesfidedignas.com.mx\\\/?s={search_term_string}\"},\"query-input\":{\"@type\":\"PropertyValueSpecification\",\"valueRequired\":true,\"valueName\":\"search_term_string\"}}],\"inLanguage\":\"es\"},{\"@type\":\"Organization\",\"@id\":\"https:\\\/\\\/fuentesfidedignas.com.mx\\\/#organization\",\"name\":\"Fuentes Fidedignas\",\"url\":\"https:\\\/\\\/fuentesfidedignas.com.mx\\\/\",\"logo\":{\"@type\":\"ImageObject\",\"inLanguage\":\"es\",\"@id\":\"https:\\\/\\\/fuentesfidedignas.com.mx\\\/#\\\/schema\\\/logo\\\/image\\\/\",\"url\":\"https:\\\/\\\/fuentesfidedignas.com.mx\\\/wp-content\\\/uploads\\\/2021\\\/04\\\/logo-retina.png\",\"contentUrl\":\"https:\\\/\\\/fuentesfidedignas.com.mx\\\/wp-content\\\/uploads\\\/2021\\\/04\\\/logo-retina.png\",\"width\":280,\"height\":51,\"caption\":\"Fuentes Fidedignas\"},\"image\":{\"@id\":\"https:\\\/\\\/fuentesfidedignas.com.mx\\\/#\\\/schema\\\/logo\\\/image\\\/\"},\"sameAs\":[\"https:\\\/\\\/www.facebook.com\\\/Fuentes-Fidedignas-368234489921644\",\"https:\\\/\\\/x.com\\\/fidedignas\"]},{\"@type\":\"Person\",\"@id\":\"https:\\\/\\\/fuentesfidedignas.com.mx\\\/#\\\/schema\\\/person\\\/ff4db17f8fd9c584e0cfc2a0c436b8a1\",\"name\":\"El Imparcial\",\"image\":{\"@type\":\"ImageObject\",\"inLanguage\":\"es\",\"@id\":\"https:\\\/\\\/secure.gravatar.com\\\/avatar\\\/accd6807585a75316c237ee783498317be6f66ab34c47c940966f26a3f613161?s=96&d=mm&r=g\",\"url\":\"https:\\\/\\\/secure.gravatar.com\\\/avatar\\\/accd6807585a75316c237ee783498317be6f66ab34c47c940966f26a3f613161?s=96&d=mm&r=g\",\"contentUrl\":\"https:\\\/\\\/secure.gravatar.com\\\/avatar\\\/accd6807585a75316c237ee783498317be6f66ab34c47c940966f26a3f613161?s=96&d=mm&r=g\",\"caption\":\"El Imparcial\"},\"url\":\"https:\\\/\\\/fuentesfidedignas.com.mx\\\/index.php\\\/author\\\/imparcial\\\/\"}]}<\/script>\n<!-- \/ Yoast SEO plugin. -->","yoast_head_json":{"title":"Enfrentamiento entre polic\u00edas y civiles deja al menos un muerto en Elota - Fuentes Fidedignas","robots":{"index":"index","follow":"follow","max-snippet":"max-snippet:-1","max-image-preview":"max-image-preview:large","max-video-preview":"max-video-preview:-1"},"canonical":"https:\/\/fuentesfidedignas.com.mx\/index.php\/2021\/08\/03\/enfrentamiento-entre-policias-y-civiles-deja-al-menos-un-muerto-en-elota\/","og_locale":"es_MX","og_type":"article","og_title":"Enfrentamiento entre polic\u00edas y civiles deja al menos un muerto en Elota - Fuentes Fidedignas","og_description":"Los uniformados pidieron a las personas que iban un veh\u00edculo que dejaran las armas, lo cual no ocurri\u00f3 Elota, Sin.-Reportaron la tarde de este lunes en Elota, Sinaloa, un enfrentamiento entre hombres armados y polic\u00edas. Los uniformados pidieron a las personas que iban un veh\u00edculo que dejaran las armas, lo cual no ocurri\u00f3. Momentos despu\u00e9s [&hellip;]","og_url":"https:\/\/fuentesfidedignas.com.mx\/index.php\/2021\/08\/03\/enfrentamiento-entre-policias-y-civiles-deja-al-menos-un-muerto-en-elota\/","og_site_name":"Fuentes Fidedignas","article_publisher":"https:\/\/www.facebook.com\/Fuentes-Fidedignas-368234489921644","article_published_time":"2021-08-03T09:12:00+00:00","article_modified_time":"2021-08-03T13:19:23+00:00","og_image":[{"width":640,"height":360,"url":"https:\/\/fuentesfidedignas.com.mx\/wp-content\/uploads\/2021\/08\/enfrentamiento-elota-sinaloa.jpg","type":"image\/jpeg"}],"author":"El Imparcial","twitter_card":"summary_large_image","twitter_creator":"@fidedignas","twitter_site":"@fidedignas","twitter_misc":{"Escrito por":"El Imparcial","Tiempo de lectura":"1 minuto"},"schema":{"@context":"https:\/\/schema.org","@graph":[{"@type":"Article","@id":"https:\/\/fuentesfidedignas.com.mx\/index.php\/2021\/08\/03\/enfrentamiento-entre-policias-y-civiles-deja-al-menos-un-muerto-en-elota\/#article","isPartOf":{"@id":"https:\/\/fuentesfidedignas.com.mx\/index.php\/2021\/08\/03\/enfrentamiento-entre-policias-y-civiles-deja-al-menos-un-muerto-en-elota\/"},"author":{"name":"El Imparcial","@id":"https:\/\/fuentesfidedignas.com.mx\/#\/schema\/person\/ff4db17f8fd9c584e0cfc2a0c436b8a1"},"headline":"Enfrentamiento entre polic\u00edas y civiles deja al menos un muerto en Elota","datePublished":"2021-08-03T09:12:00+00:00","dateModified":"2021-08-03T13:19:23+00:00","mainEntityOfPage":{"@id":"https:\/\/fuentesfidedignas.com.mx\/index.php\/2021\/08\/03\/enfrentamiento-entre-policias-y-civiles-deja-al-menos-un-muerto-en-elota\/"},"wordCount":287,"commentCount":0,"publisher":{"@id":"https:\/\/fuentesfidedignas.com.mx\/#organization"},"image":{"@id":"https:\/\/fuentesfidedignas.com.mx\/index.php\/2021\/08\/03\/enfrentamiento-entre-policias-y-civiles-deja-al-menos-un-muerto-en-elota\/#primaryimage"},"thumbnailUrl":"https:\/\/fuentesfidedignas.com.mx\/wp-content\/uploads\/2021\/08\/enfrentamiento-elota-sinaloa.jpg","keywords":["NoticiasLocales","Polic\u00eda Estatal","Policiaca","sinaloa"],"articleSection":["NOTA PRINCIPAL"],"inLanguage":"es","potentialAction":[{"@type":"CommentAction","name":"Comment","target":["https:\/\/fuentesfidedignas.com.mx\/index.php\/2021\/08\/03\/enfrentamiento-entre-policias-y-civiles-deja-al-menos-un-muerto-en-elota\/#respond"]}]},{"@type":"WebPage","@id":"https:\/\/fuentesfidedignas.com.mx\/index.php\/2021\/08\/03\/enfrentamiento-entre-policias-y-civiles-deja-al-menos-un-muerto-en-elota\/","url":"https:\/\/fuentesfidedignas.com.mx\/index.php\/2021\/08\/03\/enfrentamiento-entre-policias-y-civiles-deja-al-menos-un-muerto-en-elota\/","name":"Enfrentamiento entre polic\u00edas y civiles deja al menos un muerto en Elota - Fuentes Fidedignas","isPartOf":{"@id":"https:\/\/fuentesfidedignas.com.mx\/#website"},"primaryImageOfPage":{"@id":"https:\/\/fuentesfidedignas.com.mx\/index.php\/2021\/08\/03\/enfrentamiento-entre-policias-y-civiles-deja-al-menos-un-muerto-en-elota\/#primaryimage"},"image":{"@id":"https:\/\/fuentesfidedignas.com.mx\/index.php\/2021\/08\/03\/enfrentamiento-entre-policias-y-civiles-deja-al-menos-un-muerto-en-elota\/#primaryimage"},"thumbnailUrl":"https:\/\/fuentesfidedignas.com.mx\/wp-content\/uploads\/2021\/08\/enfrentamiento-elota-sinaloa.jpg","datePublished":"2021-08-03T09:12:00+00:00","dateModified":"2021-08-03T13:19:23+00:00","breadcrumb":{"@id":"https:\/\/fuentesfidedignas.com.mx\/index.php\/2021\/08\/03\/enfrentamiento-entre-policias-y-civiles-deja-al-menos-un-muerto-en-elota\/#breadcrumb"},"inLanguage":"es","potentialAction":[{"@type":"ReadAction","target":["https:\/\/fuentesfidedignas.com.mx\/index.php\/2021\/08\/03\/enfrentamiento-entre-policias-y-civiles-deja-al-menos-un-muerto-en-elota\/"]}]},{"@type":"ImageObject","inLanguage":"es","@id":"https:\/\/fuentesfidedignas.com.mx\/index.php\/2021\/08\/03\/enfrentamiento-entre-policias-y-civiles-deja-al-menos-un-muerto-en-elota\/#primaryimage","url":"https:\/\/fuentesfidedignas.com.mx\/wp-content\/uploads\/2021\/08\/enfrentamiento-elota-sinaloa.jpg","contentUrl":"https:\/\/fuentesfidedignas.com.mx\/wp-content\/uploads\/2021\/08\/enfrentamiento-elota-sinaloa.jpg","width":640,"height":360},{"@type":"BreadcrumbList","@id":"https:\/\/fuentesfidedignas.com.mx\/index.php\/2021\/08\/03\/enfrentamiento-entre-policias-y-civiles-deja-al-menos-un-muerto-en-elota\/#breadcrumb","itemListElement":[{"@type":"ListItem","position":1,"name":"Inicio","item":"https:\/\/fuentesfidedignas.com.mx\/"},{"@type":"ListItem","position":2,"name":"Enfrentamiento entre polic\u00edas y civiles deja al menos un muerto en Elota"}]},{"@type":"WebSite","@id":"https:\/\/fuentesfidedignas.com.mx\/#website","url":"https:\/\/fuentesfidedignas.com.mx\/","name":"Fuentes Fidedignas","description":"Otro sitio realizado con WordPress","publisher":{"@id":"https:\/\/fuentesfidedignas.com.mx\/#organization"},"potentialAction":[{"@type":"SearchAction","target":{"@type":"EntryPoint","urlTemplate":"https:\/\/fuentesfidedignas.com.mx\/?s={search_term_string}"},"query-input":{"@type":"PropertyValueSpecification","valueRequired":true,"valueName":"search_term_string"}}],"inLanguage":"es"},{"@type":"Organization","@id":"https:\/\/fuentesfidedignas.com.mx\/#organization","name":"Fuentes Fidedignas","url":"https:\/\/fuentesfidedignas.com.mx\/","logo":{"@type":"ImageObject","inLanguage":"es","@id":"https:\/\/fuentesfidedignas.com.mx\/#\/schema\/logo\/image\/","url":"https:\/\/fuentesfidedignas.com.mx\/wp-content\/uploads\/2021\/04\/logo-retina.png","contentUrl":"https:\/\/fuentesfidedignas.com.mx\/wp-content\/uploads\/2021\/04\/logo-retina.png","width":280,"height":51,"caption":"Fuentes Fidedignas"},"image":{"@id":"https:\/\/fuentesfidedignas.com.mx\/#\/schema\/logo\/image\/"},"sameAs":["https:\/\/www.facebook.com\/Fuentes-Fidedignas-368234489921644","https:\/\/x.com\/fidedignas"]},{"@type":"Person","@id":"https:\/\/fuentesfidedignas.com.mx\/#\/schema\/person\/ff4db17f8fd9c584e0cfc2a0c436b8a1","name":"El Imparcial","image":{"@type":"ImageObject","inLanguage":"es","@id":"https:\/\/secure.gravatar.com\/avatar\/accd6807585a75316c237ee783498317be6f66ab34c47c940966f26a3f613161?s=96&d=mm&r=g","url":"https:\/\/secure.gravatar.com\/avatar\/accd6807585a75316c237ee783498317be6f66ab34c47c940966f26a3f613161?s=96&d=mm&r=g","contentUrl":"https:\/\/secure.gravatar.com\/avatar\/accd6807585a75316c237ee783498317be6f66ab34c47c940966f26a3f613161?s=96&d=mm&r=g","caption":"El Imparcial"},"url":"https:\/\/fuentesfidedignas.com.mx\/index.php\/author\/imparcial\/"}]}},"_links":{"self":[{"href":"https:\/\/fuentesfidedignas.com.mx\/index.php\/wp-json\/wp\/v2\/posts\/8838","targetHints":{"allow":["GET"]}}],"collection":[{"href":"https:\/\/fuentesfidedignas.com.mx\/index.php\/wp-json\/wp\/v2\/posts"}],"about":[{"href":"https:\/\/fuentesfidedignas.com.mx\/index.php\/wp-json\/wp\/v2\/types\/post"}],"author":[{"embeddable":true,"href":"https:\/\/fuentesfidedignas.com.mx\/index.php\/wp-json\/wp\/v2\/users\/40"}],"replies":[{"embeddable":true,"href":"https:\/\/fuentesfidedignas.com.mx\/index.php\/wp-json\/wp\/v2\/comments?post=8838"}],"version-history":[{"count":1,"href":"https:\/\/fuentesfidedignas.com.mx\/index.php\/wp-json\/wp\/v2\/posts\/8838\/revisions"}],"predecessor-version":[{"id":8840,"href":"https:\/\/fuentesfidedignas.com.mx\/index.php\/wp-json\/wp\/v2\/posts\/8838\/revisions\/8840"}],"wp:featuredmedia":[{"embeddable":true,"href":"https:\/\/fuentesfidedignas.com.mx\/index.php\/wp-json\/wp\/v2\/media\/8839"}],"wp:attachment":[{"href":"https:\/\/fuentesfidedignas.com.mx\/index.php\/wp-json\/wp\/v2\/media?parent=8838"}],"wp:term":[{"taxonomy":"category","embeddable":true,"href":"https:\/\/fuentesfidedignas.com.mx\/index.php\/wp-json\/wp\/v2\/categories?post=8838"},{"taxonomy":"post_tag","embeddable":true,"href":"https:\/\/fuentesfidedignas.com.mx\/index.php\/wp-json\/wp\/v2\/tags?post=8838"}],"curies":[{"name":"wp","href":"https:\/\/api.w.org\/{rel}","templated":true}]}}