{"id":88344,"date":"2024-08-08T03:35:00","date_gmt":"2024-08-08T10:35:00","guid":{"rendered":"https:\/\/fuentesfidedignas.com.mx\/?p=88344"},"modified":"2024-08-07T21:36:00","modified_gmt":"2024-08-08T04:36:00","slug":"video-le-rayan-la-nave-al-tio-richie-yate-de-steve-jobs-choca-contra-el-de-salinas-pliego","status":"publish","type":"post","link":"https:\/\/fuentesfidedignas.com.mx\/index.php\/2024\/08\/08\/video-le-rayan-la-nave-al-tio-richie-yate-de-steve-jobs-choca-contra-el-de-salinas-pliego\/","title":{"rendered":"VIDEO: Le rayan la \u2018nave\u2019 al T\u00edo Richie: yate de Steve Jobs choca contra el de Salinas Pliego"},"content":{"rendered":"\n<p><strong><em><br>&#8220;Es un rasp\u00f3n grande que va a costar mucho arreglar&#8221;, dijo Salinas Pliego, luego de que el yate de Steve Jobs choc\u00f3 el suyo en N\u00e1poles.<\/em><\/strong><\/p>\n\n\n\n<p>El&nbsp;<a href=\"https:\/\/www.radioformula.com.mx\/nacional\/2024\/6\/13\/salinas-pliego-pierde-batalla-de-elektra-tribunal-confirma-deuda-de-impuestos-por-18-mil-mdp-820379.html\">empresario Ricardo Salinas Pliego<\/a>&nbsp;invit\u00f3 a sus casi 2 millones de seguidores a comprar en Elektra productos de Apple para que la empresa de la \u2018manzanita\u2019 le pague el ray\u00f3n que le dio a su&nbsp;<strong>lujoso yate Lady Moura<\/strong>, en N\u00e1poles.<\/p>\n\n\n\n<blockquote class=\"wp-block-quote is-layout-flow wp-block-quote-is-layout-flow\">\n<p>\u201cLes cuento\u2026 el yate de Steve Jobs fundador de Apple (ahora de su esposa Laurene), nos peg\u00f3 mientras est\u00e1bamos anclados frente a N\u00e1poles\u201d, escribi\u00f3 en redes sociales.<\/p>\n<\/blockquote>\n\n\n\n<p>El due\u00f1o de Grupo&nbsp;Salinas comparti\u00f3 el video del momento exacto en el que el yate del fundador de Apple se impact\u00f3 contra su embarcaci\u00f3n, pese a que le advirtieron al capit\u00e1n sobre el accidente.<\/p>\n\n\n\n<h2 class=\"wp-block-heading\">Choque de yates s\u00f3lo dej\u00f3 da\u00f1os materiales en N\u00e1poles, dijo Salinas Pliego<\/h2>\n\n\n\n<p>De acuerdo con el magnate, el choque de yates s\u00f3lo dej\u00f3 da\u00f1os materiales, por lo que seguir\u00e1 disfrutando de sus vacaciones en dicha ciudad de Italia junto con su familia.&nbsp;<\/p>\n\n\n\n<p>\u201cLo bueno es que no pas\u00f3 nada m\u00e1s que un rasp\u00f3n, pero es un rasp\u00f3n grande que va a costar mucho arreglar ja ja ja\u201d, dijo.<\/p>\n\n\n\n<figure class=\"wp-block-embed\"><div class=\"wp-block-embed__wrapper\">\nhttps:\/\/x.com\/RicardoBSalinas\/status\/1821204170369835304\n<\/div><\/figure>\n","protected":false},"excerpt":{"rendered":"<p>&#8220;Es un rasp\u00f3n grande que va a costar mucho arreglar&#8221;, dijo Salinas Pliego, luego de que el yate de Steve Jobs choc\u00f3 el suyo en N\u00e1poles. El&nbsp;empresario Ricardo Salinas Pliego&nbsp;invit\u00f3 a sus casi 2 millones de seguidores a comprar en Elektra productos de Apple para que la empresa de la \u2018manzanita\u2019 le pague el ray\u00f3n [&hellip;]<\/p>\n","protected":false},"author":158,"featured_media":88343,"comment_status":"closed","ping_status":"open","sticky":false,"template":"","format":"standard","meta":{"tdm_status":"","tdm_grid_status":"","footnotes":""},"categories":[40],"tags":[],"class_list":{"0":"post-88344","1":"post","2":"type-post","3":"status-publish","4":"format-standard","5":"has-post-thumbnail","7":"category-las-asombrosas"},"yoast_head":"<!-- This site is optimized with the Yoast SEO plugin v27.5 - https:\/\/yoast.com\/product\/yoast-seo-wordpress\/ -->\n<title>VIDEO: Le rayan la \u2018nave\u2019 al T\u00edo Richie: yate de Steve Jobs choca contra el de Salinas Pliego - Fuentes Fidedignas<\/title>\n<meta name=\"robots\" content=\"index, follow, max-snippet:-1, max-image-preview:large, max-video-preview:-1\" \/>\n<link rel=\"canonical\" href=\"https:\/\/fuentesfidedignas.com.mx\/index.php\/2024\/08\/08\/video-le-rayan-la-nave-al-tio-richie-yate-de-steve-jobs-choca-contra-el-de-salinas-pliego\/\" \/>\n<meta property=\"og:locale\" content=\"es_MX\" \/>\n<meta property=\"og:type\" content=\"article\" \/>\n<meta property=\"og:title\" content=\"VIDEO: Le rayan la \u2018nave\u2019 al T\u00edo Richie: yate de Steve Jobs choca contra el de Salinas Pliego - Fuentes Fidedignas\" \/>\n<meta property=\"og:description\" content=\"&#8220;Es un rasp\u00f3n grande que va a costar mucho arreglar&#8221;, dijo Salinas Pliego, luego de que el yate de Steve Jobs choc\u00f3 el suyo en N\u00e1poles. El&nbsp;empresario Ricardo Salinas Pliego&nbsp;invit\u00f3 a sus casi 2 millones de seguidores a comprar en Elektra productos de Apple para que la empresa de la \u2018manzanita\u2019 le pague el ray\u00f3n [&hellip;]\" \/>\n<meta property=\"og:url\" content=\"https:\/\/fuentesfidedignas.com.mx\/index.php\/2024\/08\/08\/video-le-rayan-la-nave-al-tio-richie-yate-de-steve-jobs-choca-contra-el-de-salinas-pliego\/\" \/>\n<meta property=\"og:site_name\" content=\"Fuentes Fidedignas\" \/>\n<meta property=\"article:publisher\" content=\"https:\/\/www.facebook.com\/Fuentes-Fidedignas-368234489921644\" \/>\n<meta property=\"article:published_time\" content=\"2024-08-08T10:35:00+00:00\" \/>\n<meta property=\"og:image\" content=\"https:\/\/fuentesfidedignas.com.mx\/wp-content\/uploads\/2024\/08\/img_2921-1.jpg\" \/>\n\t<meta property=\"og:image:width\" content=\"992\" \/>\n\t<meta property=\"og:image:height\" content=\"595\" \/>\n\t<meta property=\"og:image:type\" content=\"image\/jpeg\" \/>\n<meta name=\"author\" content=\"Radio F\u00f3rmula\" \/>\n<meta name=\"twitter:card\" content=\"summary_large_image\" \/>\n<meta name=\"twitter:creator\" content=\"@fidedignas\" \/>\n<meta name=\"twitter:site\" content=\"@fidedignas\" \/>\n<meta name=\"twitter:label1\" content=\"Escrito por\" \/>\n\t<meta name=\"twitter:data1\" content=\"Radio F\u00f3rmula\" \/>\n\t<meta name=\"twitter:label2\" content=\"Tiempo de lectura\" \/>\n\t<meta name=\"twitter:data2\" content=\"1 minuto\" \/>\n<script type=\"application\/ld+json\" class=\"yoast-schema-graph\">{\"@context\":\"https:\\\/\\\/schema.org\",\"@graph\":[{\"@type\":\"Article\",\"@id\":\"https:\\\/\\\/fuentesfidedignas.com.mx\\\/index.php\\\/2024\\\/08\\\/08\\\/video-le-rayan-la-nave-al-tio-richie-yate-de-steve-jobs-choca-contra-el-de-salinas-pliego\\\/#article\",\"isPartOf\":{\"@id\":\"https:\\\/\\\/fuentesfidedignas.com.mx\\\/index.php\\\/2024\\\/08\\\/08\\\/video-le-rayan-la-nave-al-tio-richie-yate-de-steve-jobs-choca-contra-el-de-salinas-pliego\\\/\"},\"author\":{\"name\":\"Radio F\u00f3rmula\",\"@id\":\"https:\\\/\\\/fuentesfidedignas.com.mx\\\/#\\\/schema\\\/person\\\/744ae43ded9346b0c08cd80379a26e5a\"},\"headline\":\"VIDEO: Le rayan la \u2018nave\u2019 al T\u00edo Richie: yate de Steve Jobs choca contra el de Salinas Pliego\",\"datePublished\":\"2024-08-08T10:35:00+00:00\",\"mainEntityOfPage\":{\"@id\":\"https:\\\/\\\/fuentesfidedignas.com.mx\\\/index.php\\\/2024\\\/08\\\/08\\\/video-le-rayan-la-nave-al-tio-richie-yate-de-steve-jobs-choca-contra-el-de-salinas-pliego\\\/\"},\"wordCount\":243,\"publisher\":{\"@id\":\"https:\\\/\\\/fuentesfidedignas.com.mx\\\/#organization\"},\"image\":{\"@id\":\"https:\\\/\\\/fuentesfidedignas.com.mx\\\/index.php\\\/2024\\\/08\\\/08\\\/video-le-rayan-la-nave-al-tio-richie-yate-de-steve-jobs-choca-contra-el-de-salinas-pliego\\\/#primaryimage\"},\"thumbnailUrl\":\"https:\\\/\\\/fuentesfidedignas.com.mx\\\/wp-content\\\/uploads\\\/2024\\\/08\\\/img_2921-1.jpg\",\"articleSection\":[\"LAS ASOMBROSAS\"],\"inLanguage\":\"es\"},{\"@type\":\"WebPage\",\"@id\":\"https:\\\/\\\/fuentesfidedignas.com.mx\\\/index.php\\\/2024\\\/08\\\/08\\\/video-le-rayan-la-nave-al-tio-richie-yate-de-steve-jobs-choca-contra-el-de-salinas-pliego\\\/\",\"url\":\"https:\\\/\\\/fuentesfidedignas.com.mx\\\/index.php\\\/2024\\\/08\\\/08\\\/video-le-rayan-la-nave-al-tio-richie-yate-de-steve-jobs-choca-contra-el-de-salinas-pliego\\\/\",\"name\":\"VIDEO: Le rayan la \u2018nave\u2019 al T\u00edo Richie: yate de Steve Jobs choca contra el de Salinas Pliego - Fuentes Fidedignas\",\"isPartOf\":{\"@id\":\"https:\\\/\\\/fuentesfidedignas.com.mx\\\/#website\"},\"primaryImageOfPage\":{\"@id\":\"https:\\\/\\\/fuentesfidedignas.com.mx\\\/index.php\\\/2024\\\/08\\\/08\\\/video-le-rayan-la-nave-al-tio-richie-yate-de-steve-jobs-choca-contra-el-de-salinas-pliego\\\/#primaryimage\"},\"image\":{\"@id\":\"https:\\\/\\\/fuentesfidedignas.com.mx\\\/index.php\\\/2024\\\/08\\\/08\\\/video-le-rayan-la-nave-al-tio-richie-yate-de-steve-jobs-choca-contra-el-de-salinas-pliego\\\/#primaryimage\"},\"thumbnailUrl\":\"https:\\\/\\\/fuentesfidedignas.com.mx\\\/wp-content\\\/uploads\\\/2024\\\/08\\\/img_2921-1.jpg\",\"datePublished\":\"2024-08-08T10:35:00+00:00\",\"breadcrumb\":{\"@id\":\"https:\\\/\\\/fuentesfidedignas.com.mx\\\/index.php\\\/2024\\\/08\\\/08\\\/video-le-rayan-la-nave-al-tio-richie-yate-de-steve-jobs-choca-contra-el-de-salinas-pliego\\\/#breadcrumb\"},\"inLanguage\":\"es\",\"potentialAction\":[{\"@type\":\"ReadAction\",\"target\":[\"https:\\\/\\\/fuentesfidedignas.com.mx\\\/index.php\\\/2024\\\/08\\\/08\\\/video-le-rayan-la-nave-al-tio-richie-yate-de-steve-jobs-choca-contra-el-de-salinas-pliego\\\/\"]}]},{\"@type\":\"ImageObject\",\"inLanguage\":\"es\",\"@id\":\"https:\\\/\\\/fuentesfidedignas.com.mx\\\/index.php\\\/2024\\\/08\\\/08\\\/video-le-rayan-la-nave-al-tio-richie-yate-de-steve-jobs-choca-contra-el-de-salinas-pliego\\\/#primaryimage\",\"url\":\"https:\\\/\\\/fuentesfidedignas.com.mx\\\/wp-content\\\/uploads\\\/2024\\\/08\\\/img_2921-1.jpg\",\"contentUrl\":\"https:\\\/\\\/fuentesfidedignas.com.mx\\\/wp-content\\\/uploads\\\/2024\\\/08\\\/img_2921-1.jpg\",\"width\":992,\"height\":595},{\"@type\":\"BreadcrumbList\",\"@id\":\"https:\\\/\\\/fuentesfidedignas.com.mx\\\/index.php\\\/2024\\\/08\\\/08\\\/video-le-rayan-la-nave-al-tio-richie-yate-de-steve-jobs-choca-contra-el-de-salinas-pliego\\\/#breadcrumb\",\"itemListElement\":[{\"@type\":\"ListItem\",\"position\":1,\"name\":\"Inicio\",\"item\":\"https:\\\/\\\/fuentesfidedignas.com.mx\\\/\"},{\"@type\":\"ListItem\",\"position\":2,\"name\":\"VIDEO: Le rayan la \u2018nave\u2019 al T\u00edo Richie: yate de Steve Jobs choca contra el de Salinas Pliego\"}]},{\"@type\":\"WebSite\",\"@id\":\"https:\\\/\\\/fuentesfidedignas.com.mx\\\/#website\",\"url\":\"https:\\\/\\\/fuentesfidedignas.com.mx\\\/\",\"name\":\"Fuentes Fidedignas\",\"description\":\"Otro sitio realizado con WordPress\",\"publisher\":{\"@id\":\"https:\\\/\\\/fuentesfidedignas.com.mx\\\/#organization\"},\"potentialAction\":[{\"@type\":\"SearchAction\",\"target\":{\"@type\":\"EntryPoint\",\"urlTemplate\":\"https:\\\/\\\/fuentesfidedignas.com.mx\\\/?s={search_term_string}\"},\"query-input\":{\"@type\":\"PropertyValueSpecification\",\"valueRequired\":true,\"valueName\":\"search_term_string\"}}],\"inLanguage\":\"es\"},{\"@type\":\"Organization\",\"@id\":\"https:\\\/\\\/fuentesfidedignas.com.mx\\\/#organization\",\"name\":\"Fuentes Fidedignas\",\"url\":\"https:\\\/\\\/fuentesfidedignas.com.mx\\\/\",\"logo\":{\"@type\":\"ImageObject\",\"inLanguage\":\"es\",\"@id\":\"https:\\\/\\\/fuentesfidedignas.com.mx\\\/#\\\/schema\\\/logo\\\/image\\\/\",\"url\":\"https:\\\/\\\/fuentesfidedignas.com.mx\\\/wp-content\\\/uploads\\\/2021\\\/04\\\/logo-retina.png\",\"contentUrl\":\"https:\\\/\\\/fuentesfidedignas.com.mx\\\/wp-content\\\/uploads\\\/2021\\\/04\\\/logo-retina.png\",\"width\":280,\"height\":51,\"caption\":\"Fuentes Fidedignas\"},\"image\":{\"@id\":\"https:\\\/\\\/fuentesfidedignas.com.mx\\\/#\\\/schema\\\/logo\\\/image\\\/\"},\"sameAs\":[\"https:\\\/\\\/www.facebook.com\\\/Fuentes-Fidedignas-368234489921644\",\"https:\\\/\\\/x.com\\\/fidedignas\"]},{\"@type\":\"Person\",\"@id\":\"https:\\\/\\\/fuentesfidedignas.com.mx\\\/#\\\/schema\\\/person\\\/744ae43ded9346b0c08cd80379a26e5a\",\"name\":\"Radio F\u00f3rmula\",\"image\":{\"@type\":\"ImageObject\",\"inLanguage\":\"es\",\"@id\":\"https:\\\/\\\/secure.gravatar.com\\\/avatar\\\/8b3636bcbe67d5e8288930c40f0de6b652d84ca0c59d2a05dc8bc3fa7e5820a5?s=96&d=mm&r=g\",\"url\":\"https:\\\/\\\/secure.gravatar.com\\\/avatar\\\/8b3636bcbe67d5e8288930c40f0de6b652d84ca0c59d2a05dc8bc3fa7e5820a5?s=96&d=mm&r=g\",\"contentUrl\":\"https:\\\/\\\/secure.gravatar.com\\\/avatar\\\/8b3636bcbe67d5e8288930c40f0de6b652d84ca0c59d2a05dc8bc3fa7e5820a5?s=96&d=mm&r=g\",\"caption\":\"Radio F\u00f3rmula\"},\"url\":\"https:\\\/\\\/fuentesfidedignas.com.mx\\\/index.php\\\/author\\\/radioformula\\\/\"}]}<\/script>\n<!-- \/ Yoast SEO plugin. -->","yoast_head_json":{"title":"VIDEO: Le rayan la \u2018nave\u2019 al T\u00edo Richie: yate de Steve Jobs choca contra el de Salinas Pliego - Fuentes Fidedignas","robots":{"index":"index","follow":"follow","max-snippet":"max-snippet:-1","max-image-preview":"max-image-preview:large","max-video-preview":"max-video-preview:-1"},"canonical":"https:\/\/fuentesfidedignas.com.mx\/index.php\/2024\/08\/08\/video-le-rayan-la-nave-al-tio-richie-yate-de-steve-jobs-choca-contra-el-de-salinas-pliego\/","og_locale":"es_MX","og_type":"article","og_title":"VIDEO: Le rayan la \u2018nave\u2019 al T\u00edo Richie: yate de Steve Jobs choca contra el de Salinas Pliego - Fuentes Fidedignas","og_description":"&#8220;Es un rasp\u00f3n grande que va a costar mucho arreglar&#8221;, dijo Salinas Pliego, luego de que el yate de Steve Jobs choc\u00f3 el suyo en N\u00e1poles. El&nbsp;empresario Ricardo Salinas Pliego&nbsp;invit\u00f3 a sus casi 2 millones de seguidores a comprar en Elektra productos de Apple para que la empresa de la \u2018manzanita\u2019 le pague el ray\u00f3n [&hellip;]","og_url":"https:\/\/fuentesfidedignas.com.mx\/index.php\/2024\/08\/08\/video-le-rayan-la-nave-al-tio-richie-yate-de-steve-jobs-choca-contra-el-de-salinas-pliego\/","og_site_name":"Fuentes Fidedignas","article_publisher":"https:\/\/www.facebook.com\/Fuentes-Fidedignas-368234489921644","article_published_time":"2024-08-08T10:35:00+00:00","og_image":[{"width":992,"height":595,"url":"https:\/\/fuentesfidedignas.com.mx\/wp-content\/uploads\/2024\/08\/img_2921-1.jpg","type":"image\/jpeg"}],"author":"Radio F\u00f3rmula","twitter_card":"summary_large_image","twitter_creator":"@fidedignas","twitter_site":"@fidedignas","twitter_misc":{"Escrito por":"Radio F\u00f3rmula","Tiempo de lectura":"1 minuto"},"schema":{"@context":"https:\/\/schema.org","@graph":[{"@type":"Article","@id":"https:\/\/fuentesfidedignas.com.mx\/index.php\/2024\/08\/08\/video-le-rayan-la-nave-al-tio-richie-yate-de-steve-jobs-choca-contra-el-de-salinas-pliego\/#article","isPartOf":{"@id":"https:\/\/fuentesfidedignas.com.mx\/index.php\/2024\/08\/08\/video-le-rayan-la-nave-al-tio-richie-yate-de-steve-jobs-choca-contra-el-de-salinas-pliego\/"},"author":{"name":"Radio F\u00f3rmula","@id":"https:\/\/fuentesfidedignas.com.mx\/#\/schema\/person\/744ae43ded9346b0c08cd80379a26e5a"},"headline":"VIDEO: Le rayan la \u2018nave\u2019 al T\u00edo Richie: yate de Steve Jobs choca contra el de Salinas Pliego","datePublished":"2024-08-08T10:35:00+00:00","mainEntityOfPage":{"@id":"https:\/\/fuentesfidedignas.com.mx\/index.php\/2024\/08\/08\/video-le-rayan-la-nave-al-tio-richie-yate-de-steve-jobs-choca-contra-el-de-salinas-pliego\/"},"wordCount":243,"publisher":{"@id":"https:\/\/fuentesfidedignas.com.mx\/#organization"},"image":{"@id":"https:\/\/fuentesfidedignas.com.mx\/index.php\/2024\/08\/08\/video-le-rayan-la-nave-al-tio-richie-yate-de-steve-jobs-choca-contra-el-de-salinas-pliego\/#primaryimage"},"thumbnailUrl":"https:\/\/fuentesfidedignas.com.mx\/wp-content\/uploads\/2024\/08\/img_2921-1.jpg","articleSection":["LAS ASOMBROSAS"],"inLanguage":"es"},{"@type":"WebPage","@id":"https:\/\/fuentesfidedignas.com.mx\/index.php\/2024\/08\/08\/video-le-rayan-la-nave-al-tio-richie-yate-de-steve-jobs-choca-contra-el-de-salinas-pliego\/","url":"https:\/\/fuentesfidedignas.com.mx\/index.php\/2024\/08\/08\/video-le-rayan-la-nave-al-tio-richie-yate-de-steve-jobs-choca-contra-el-de-salinas-pliego\/","name":"VIDEO: Le rayan la \u2018nave\u2019 al T\u00edo Richie: yate de Steve Jobs choca contra el de Salinas Pliego - Fuentes Fidedignas","isPartOf":{"@id":"https:\/\/fuentesfidedignas.com.mx\/#website"},"primaryImageOfPage":{"@id":"https:\/\/fuentesfidedignas.com.mx\/index.php\/2024\/08\/08\/video-le-rayan-la-nave-al-tio-richie-yate-de-steve-jobs-choca-contra-el-de-salinas-pliego\/#primaryimage"},"image":{"@id":"https:\/\/fuentesfidedignas.com.mx\/index.php\/2024\/08\/08\/video-le-rayan-la-nave-al-tio-richie-yate-de-steve-jobs-choca-contra-el-de-salinas-pliego\/#primaryimage"},"thumbnailUrl":"https:\/\/fuentesfidedignas.com.mx\/wp-content\/uploads\/2024\/08\/img_2921-1.jpg","datePublished":"2024-08-08T10:35:00+00:00","breadcrumb":{"@id":"https:\/\/fuentesfidedignas.com.mx\/index.php\/2024\/08\/08\/video-le-rayan-la-nave-al-tio-richie-yate-de-steve-jobs-choca-contra-el-de-salinas-pliego\/#breadcrumb"},"inLanguage":"es","potentialAction":[{"@type":"ReadAction","target":["https:\/\/fuentesfidedignas.com.mx\/index.php\/2024\/08\/08\/video-le-rayan-la-nave-al-tio-richie-yate-de-steve-jobs-choca-contra-el-de-salinas-pliego\/"]}]},{"@type":"ImageObject","inLanguage":"es","@id":"https:\/\/fuentesfidedignas.com.mx\/index.php\/2024\/08\/08\/video-le-rayan-la-nave-al-tio-richie-yate-de-steve-jobs-choca-contra-el-de-salinas-pliego\/#primaryimage","url":"https:\/\/fuentesfidedignas.com.mx\/wp-content\/uploads\/2024\/08\/img_2921-1.jpg","contentUrl":"https:\/\/fuentesfidedignas.com.mx\/wp-content\/uploads\/2024\/08\/img_2921-1.jpg","width":992,"height":595},{"@type":"BreadcrumbList","@id":"https:\/\/fuentesfidedignas.com.mx\/index.php\/2024\/08\/08\/video-le-rayan-la-nave-al-tio-richie-yate-de-steve-jobs-choca-contra-el-de-salinas-pliego\/#breadcrumb","itemListElement":[{"@type":"ListItem","position":1,"name":"Inicio","item":"https:\/\/fuentesfidedignas.com.mx\/"},{"@type":"ListItem","position":2,"name":"VIDEO: Le rayan la \u2018nave\u2019 al T\u00edo Richie: yate de Steve Jobs choca contra el de Salinas Pliego"}]},{"@type":"WebSite","@id":"https:\/\/fuentesfidedignas.com.mx\/#website","url":"https:\/\/fuentesfidedignas.com.mx\/","name":"Fuentes Fidedignas","description":"Otro sitio realizado con WordPress","publisher":{"@id":"https:\/\/fuentesfidedignas.com.mx\/#organization"},"potentialAction":[{"@type":"SearchAction","target":{"@type":"EntryPoint","urlTemplate":"https:\/\/fuentesfidedignas.com.mx\/?s={search_term_string}"},"query-input":{"@type":"PropertyValueSpecification","valueRequired":true,"valueName":"search_term_string"}}],"inLanguage":"es"},{"@type":"Organization","@id":"https:\/\/fuentesfidedignas.com.mx\/#organization","name":"Fuentes Fidedignas","url":"https:\/\/fuentesfidedignas.com.mx\/","logo":{"@type":"ImageObject","inLanguage":"es","@id":"https:\/\/fuentesfidedignas.com.mx\/#\/schema\/logo\/image\/","url":"https:\/\/fuentesfidedignas.com.mx\/wp-content\/uploads\/2021\/04\/logo-retina.png","contentUrl":"https:\/\/fuentesfidedignas.com.mx\/wp-content\/uploads\/2021\/04\/logo-retina.png","width":280,"height":51,"caption":"Fuentes Fidedignas"},"image":{"@id":"https:\/\/fuentesfidedignas.com.mx\/#\/schema\/logo\/image\/"},"sameAs":["https:\/\/www.facebook.com\/Fuentes-Fidedignas-368234489921644","https:\/\/x.com\/fidedignas"]},{"@type":"Person","@id":"https:\/\/fuentesfidedignas.com.mx\/#\/schema\/person\/744ae43ded9346b0c08cd80379a26e5a","name":"Radio F\u00f3rmula","image":{"@type":"ImageObject","inLanguage":"es","@id":"https:\/\/secure.gravatar.com\/avatar\/8b3636bcbe67d5e8288930c40f0de6b652d84ca0c59d2a05dc8bc3fa7e5820a5?s=96&d=mm&r=g","url":"https:\/\/secure.gravatar.com\/avatar\/8b3636bcbe67d5e8288930c40f0de6b652d84ca0c59d2a05dc8bc3fa7e5820a5?s=96&d=mm&r=g","contentUrl":"https:\/\/secure.gravatar.com\/avatar\/8b3636bcbe67d5e8288930c40f0de6b652d84ca0c59d2a05dc8bc3fa7e5820a5?s=96&d=mm&r=g","caption":"Radio F\u00f3rmula"},"url":"https:\/\/fuentesfidedignas.com.mx\/index.php\/author\/radioformula\/"}]}},"_links":{"self":[{"href":"https:\/\/fuentesfidedignas.com.mx\/index.php\/wp-json\/wp\/v2\/posts\/88344","targetHints":{"allow":["GET"]}}],"collection":[{"href":"https:\/\/fuentesfidedignas.com.mx\/index.php\/wp-json\/wp\/v2\/posts"}],"about":[{"href":"https:\/\/fuentesfidedignas.com.mx\/index.php\/wp-json\/wp\/v2\/types\/post"}],"author":[{"embeddable":true,"href":"https:\/\/fuentesfidedignas.com.mx\/index.php\/wp-json\/wp\/v2\/users\/158"}],"replies":[{"embeddable":true,"href":"https:\/\/fuentesfidedignas.com.mx\/index.php\/wp-json\/wp\/v2\/comments?post=88344"}],"version-history":[{"count":1,"href":"https:\/\/fuentesfidedignas.com.mx\/index.php\/wp-json\/wp\/v2\/posts\/88344\/revisions"}],"predecessor-version":[{"id":88345,"href":"https:\/\/fuentesfidedignas.com.mx\/index.php\/wp-json\/wp\/v2\/posts\/88344\/revisions\/88345"}],"wp:featuredmedia":[{"embeddable":true,"href":"https:\/\/fuentesfidedignas.com.mx\/index.php\/wp-json\/wp\/v2\/media\/88343"}],"wp:attachment":[{"href":"https:\/\/fuentesfidedignas.com.mx\/index.php\/wp-json\/wp\/v2\/media?parent=88344"}],"wp:term":[{"taxonomy":"category","embeddable":true,"href":"https:\/\/fuentesfidedignas.com.mx\/index.php\/wp-json\/wp\/v2\/categories?post=88344"},{"taxonomy":"post_tag","embeddable":true,"href":"https:\/\/fuentesfidedignas.com.mx\/index.php\/wp-json\/wp\/v2\/tags?post=88344"}],"curies":[{"name":"wp","href":"https:\/\/api.w.org\/{rel}","templated":true}]}}