{"id":88286,"date":"2024-08-07T08:58:43","date_gmt":"2024-08-07T15:58:43","guid":{"rendered":"https:\/\/fuentesfidedignas.com.mx\/?p=88286"},"modified":"2024-08-07T09:00:49","modified_gmt":"2024-08-07T16:00:49","slug":"niegan-nuevo-juicio-a-garcia-luna-sera-sentenciado-el-9-de-octubre","status":"publish","type":"post","link":"https:\/\/fuentesfidedignas.com.mx\/index.php\/2024\/08\/07\/niegan-nuevo-juicio-a-garcia-luna-sera-sentenciado-el-9-de-octubre\/","title":{"rendered":"Niegan nuevo juicio a Garc\u00eda Luna; ser\u00e1 sentenciado el 9 de octubre"},"content":{"rendered":"\n<p><strong><em>El juez Brian Cogan consider\u00f3 insuficientes los argumentos de Genaro Garc\u00eda Luna y le neg\u00f3 un nuevo juicio<\/em><\/strong><\/p>\n\n\n\n<p>Genaro Garc\u00eda Luna, exsecretario de Seguridad del Gobierno de M\u00e9xico, no tendr\u00e1 un nuevo juicio y ser\u00e1 sentenciado el pr\u00f3ximo 9 de octubre.<\/p>\n\n\n\n<p>El juez Brian Cogan desestim\u00f3 la solicitud del exfuncionario al considerar insuficientes sus argumentos.<\/p>\n\n\n\n<blockquote class=\"twitter-tweet\"><p lang=\"es\" dir=\"ltr\"><a href=\"https:\/\/twitter.com\/hashtag\/%C3%9AltimaHora?src=hash&amp;ref_src=twsrc%5Etfw\">#\u00daltimaHora<\/a> | El juez Brian Cogan de Nueva York niega al exsecretario de Seguridad, Genaro Garc\u00eda Luna, una moci\u00f3n para un nuevo juicio. Ser\u00e1 sentenciado el 9 de octubre y podr\u00eda quedarse en prisi\u00f3n de por vida. <br><br>Con informaci\u00f3n de <a href=\"https:\/\/twitter.com\/arielmou?ref_src=twsrc%5Etfw\">@arielmou<\/a> <a href=\"https:\/\/t.co\/gtegVmtZoY\">pic.twitter.com\/gtegVmtZoY<\/a><\/p>&mdash; NM\u00e1s (@nmas) <a href=\"https:\/\/twitter.com\/nmas\/status\/1821191453550481479?ref_src=twsrc%5Etfw\">August 7, 2024<\/a><\/blockquote> <script async src=\"https:\/\/platform.twitter.com\/widgets.js\" charset=\"utf-8\"><\/script>\n\n\n\n<p>Genaro Garc\u00eda Luna fue hallado culpable en febrero de 2023 de cuatro delitos relacionados con la corrupci\u00f3n y el narcotr\u00e1fico, as\u00ed como de un quinto delito por prestar falso testimonio a autoridades de Estados Unidos.<\/p>\n\n\n\n<p>Pero la defensa ha logrado posponer varias veces la vista para la sentencia de Garc\u00eda Luna gracias a supuestas \u201cnuevas pruebas favorables\u201d contra las que han cargado los fiscales al asegurar que se tratan de \u201cmaniobras dilatorias\u201d.<\/p>\n\n\n\n<p>La Fiscal\u00eda de Estados Unidos se opuso el 1 de marzo a repetir el juicio contra el exsecretario, a quien adem\u00e1s acus\u00f3 de ofrecer dinero a reos del penal de Nueva York donde est\u00e1 preso para que den falsos testimonios a su favor.<\/p>\n","protected":false},"excerpt":{"rendered":"<p>El juez Brian Cogan consider\u00f3 insuficientes los argumentos de Genaro Garc\u00eda Luna y le neg\u00f3 un nuevo juicio Genaro Garc\u00eda Luna, exsecretario de Seguridad del Gobierno de M\u00e9xico, no tendr\u00e1 un nuevo juicio y ser\u00e1 sentenciado el pr\u00f3ximo 9 de octubre. El juez Brian Cogan desestim\u00f3 la solicitud del exfuncionario al considerar insuficientes sus argumentos. [&hellip;]<\/p>\n","protected":false},"author":47,"featured_media":21382,"comment_status":"open","ping_status":"open","sticky":false,"template":"","format":"standard","meta":{"tdm_status":"","tdm_grid_status":"","footnotes":""},"categories":[39],"tags":[],"class_list":{"0":"post-88286","1":"post","2":"type-post","3":"status-publish","4":"format-standard","5":"has-post-thumbnail","7":"category-noticias-nacionales"},"yoast_head":"<!-- This site is optimized with the Yoast SEO plugin v27.5 - https:\/\/yoast.com\/product\/yoast-seo-wordpress\/ -->\n<title>Niegan nuevo juicio a Garc\u00eda Luna; ser\u00e1 sentenciado el 9 de octubre - Fuentes Fidedignas<\/title>\n<meta name=\"robots\" content=\"index, follow, max-snippet:-1, max-image-preview:large, max-video-preview:-1\" \/>\n<link rel=\"canonical\" href=\"https:\/\/fuentesfidedignas.com.mx\/index.php\/2024\/08\/07\/niegan-nuevo-juicio-a-garcia-luna-sera-sentenciado-el-9-de-octubre\/\" \/>\n<meta property=\"og:locale\" content=\"es_MX\" \/>\n<meta property=\"og:type\" content=\"article\" \/>\n<meta property=\"og:title\" content=\"Niegan nuevo juicio a Garc\u00eda Luna; ser\u00e1 sentenciado el 9 de octubre - Fuentes Fidedignas\" \/>\n<meta property=\"og:description\" content=\"El juez Brian Cogan consider\u00f3 insuficientes los argumentos de Genaro Garc\u00eda Luna y le neg\u00f3 un nuevo juicio Genaro Garc\u00eda Luna, exsecretario de Seguridad del Gobierno de M\u00e9xico, no tendr\u00e1 un nuevo juicio y ser\u00e1 sentenciado el pr\u00f3ximo 9 de octubre. El juez Brian Cogan desestim\u00f3 la solicitud del exfuncionario al considerar insuficientes sus argumentos. [&hellip;]\" \/>\n<meta property=\"og:url\" content=\"https:\/\/fuentesfidedignas.com.mx\/index.php\/2024\/08\/07\/niegan-nuevo-juicio-a-garcia-luna-sera-sentenciado-el-9-de-octubre\/\" \/>\n<meta property=\"og:site_name\" content=\"Fuentes Fidedignas\" \/>\n<meta property=\"article:publisher\" content=\"https:\/\/www.facebook.com\/Fuentes-Fidedignas-368234489921644\" \/>\n<meta property=\"article:published_time\" content=\"2024-08-07T15:58:43+00:00\" \/>\n<meta property=\"article:modified_time\" content=\"2024-08-07T16:00:49+00:00\" \/>\n<meta property=\"og:image\" content=\"https:\/\/fuentesfidedignas.com.mx\/wp-content\/uploads\/2022\/01\/garcialuna-640x360-1.jpg\" \/>\n\t<meta property=\"og:image:width\" content=\"640\" \/>\n\t<meta property=\"og:image:height\" content=\"360\" \/>\n\t<meta property=\"og:image:type\" content=\"image\/jpeg\" \/>\n<meta name=\"author\" content=\"L\u00f3pez D\u00f3riga\" \/>\n<meta name=\"twitter:card\" content=\"summary_large_image\" \/>\n<meta name=\"twitter:creator\" content=\"@fidedignas\" \/>\n<meta name=\"twitter:site\" content=\"@fidedignas\" \/>\n<meta name=\"twitter:label1\" content=\"Escrito por\" \/>\n\t<meta name=\"twitter:data1\" content=\"L\u00f3pez D\u00f3riga\" \/>\n\t<meta name=\"twitter:label2\" content=\"Tiempo de lectura\" \/>\n\t<meta name=\"twitter:data2\" content=\"1 minuto\" \/>\n<script type=\"application\/ld+json\" class=\"yoast-schema-graph\">{\"@context\":\"https:\\\/\\\/schema.org\",\"@graph\":[{\"@type\":\"Article\",\"@id\":\"https:\\\/\\\/fuentesfidedignas.com.mx\\\/index.php\\\/2024\\\/08\\\/07\\\/niegan-nuevo-juicio-a-garcia-luna-sera-sentenciado-el-9-de-octubre\\\/#article\",\"isPartOf\":{\"@id\":\"https:\\\/\\\/fuentesfidedignas.com.mx\\\/index.php\\\/2024\\\/08\\\/07\\\/niegan-nuevo-juicio-a-garcia-luna-sera-sentenciado-el-9-de-octubre\\\/\"},\"author\":{\"name\":\"L\u00f3pez D\u00f3riga\",\"@id\":\"https:\\\/\\\/fuentesfidedignas.com.mx\\\/#\\\/schema\\\/person\\\/67d852f0557c8509146a4b9ddebd543a\"},\"headline\":\"Niegan nuevo juicio a Garc\u00eda Luna; ser\u00e1 sentenciado el 9 de octubre\",\"datePublished\":\"2024-08-07T15:58:43+00:00\",\"dateModified\":\"2024-08-07T16:00:49+00:00\",\"mainEntityOfPage\":{\"@id\":\"https:\\\/\\\/fuentesfidedignas.com.mx\\\/index.php\\\/2024\\\/08\\\/07\\\/niegan-nuevo-juicio-a-garcia-luna-sera-sentenciado-el-9-de-octubre\\\/\"},\"wordCount\":242,\"commentCount\":0,\"publisher\":{\"@id\":\"https:\\\/\\\/fuentesfidedignas.com.mx\\\/#organization\"},\"image\":{\"@id\":\"https:\\\/\\\/fuentesfidedignas.com.mx\\\/index.php\\\/2024\\\/08\\\/07\\\/niegan-nuevo-juicio-a-garcia-luna-sera-sentenciado-el-9-de-octubre\\\/#primaryimage\"},\"thumbnailUrl\":\"https:\\\/\\\/fuentesfidedignas.com.mx\\\/wp-content\\\/uploads\\\/2022\\\/01\\\/garcialuna-640x360-1.jpg\",\"articleSection\":[\"NOTICIAS NACIONALES\"],\"inLanguage\":\"es\",\"potentialAction\":[{\"@type\":\"CommentAction\",\"name\":\"Comment\",\"target\":[\"https:\\\/\\\/fuentesfidedignas.com.mx\\\/index.php\\\/2024\\\/08\\\/07\\\/niegan-nuevo-juicio-a-garcia-luna-sera-sentenciado-el-9-de-octubre\\\/#respond\"]}]},{\"@type\":\"WebPage\",\"@id\":\"https:\\\/\\\/fuentesfidedignas.com.mx\\\/index.php\\\/2024\\\/08\\\/07\\\/niegan-nuevo-juicio-a-garcia-luna-sera-sentenciado-el-9-de-octubre\\\/\",\"url\":\"https:\\\/\\\/fuentesfidedignas.com.mx\\\/index.php\\\/2024\\\/08\\\/07\\\/niegan-nuevo-juicio-a-garcia-luna-sera-sentenciado-el-9-de-octubre\\\/\",\"name\":\"Niegan nuevo juicio a Garc\u00eda Luna; ser\u00e1 sentenciado el 9 de octubre - Fuentes Fidedignas\",\"isPartOf\":{\"@id\":\"https:\\\/\\\/fuentesfidedignas.com.mx\\\/#website\"},\"primaryImageOfPage\":{\"@id\":\"https:\\\/\\\/fuentesfidedignas.com.mx\\\/index.php\\\/2024\\\/08\\\/07\\\/niegan-nuevo-juicio-a-garcia-luna-sera-sentenciado-el-9-de-octubre\\\/#primaryimage\"},\"image\":{\"@id\":\"https:\\\/\\\/fuentesfidedignas.com.mx\\\/index.php\\\/2024\\\/08\\\/07\\\/niegan-nuevo-juicio-a-garcia-luna-sera-sentenciado-el-9-de-octubre\\\/#primaryimage\"},\"thumbnailUrl\":\"https:\\\/\\\/fuentesfidedignas.com.mx\\\/wp-content\\\/uploads\\\/2022\\\/01\\\/garcialuna-640x360-1.jpg\",\"datePublished\":\"2024-08-07T15:58:43+00:00\",\"dateModified\":\"2024-08-07T16:00:49+00:00\",\"breadcrumb\":{\"@id\":\"https:\\\/\\\/fuentesfidedignas.com.mx\\\/index.php\\\/2024\\\/08\\\/07\\\/niegan-nuevo-juicio-a-garcia-luna-sera-sentenciado-el-9-de-octubre\\\/#breadcrumb\"},\"inLanguage\":\"es\",\"potentialAction\":[{\"@type\":\"ReadAction\",\"target\":[\"https:\\\/\\\/fuentesfidedignas.com.mx\\\/index.php\\\/2024\\\/08\\\/07\\\/niegan-nuevo-juicio-a-garcia-luna-sera-sentenciado-el-9-de-octubre\\\/\"]}]},{\"@type\":\"ImageObject\",\"inLanguage\":\"es\",\"@id\":\"https:\\\/\\\/fuentesfidedignas.com.mx\\\/index.php\\\/2024\\\/08\\\/07\\\/niegan-nuevo-juicio-a-garcia-luna-sera-sentenciado-el-9-de-octubre\\\/#primaryimage\",\"url\":\"https:\\\/\\\/fuentesfidedignas.com.mx\\\/wp-content\\\/uploads\\\/2022\\\/01\\\/garcialuna-640x360-1.jpg\",\"contentUrl\":\"https:\\\/\\\/fuentesfidedignas.com.mx\\\/wp-content\\\/uploads\\\/2022\\\/01\\\/garcialuna-640x360-1.jpg\",\"width\":640,\"height\":360},{\"@type\":\"BreadcrumbList\",\"@id\":\"https:\\\/\\\/fuentesfidedignas.com.mx\\\/index.php\\\/2024\\\/08\\\/07\\\/niegan-nuevo-juicio-a-garcia-luna-sera-sentenciado-el-9-de-octubre\\\/#breadcrumb\",\"itemListElement\":[{\"@type\":\"ListItem\",\"position\":1,\"name\":\"Inicio\",\"item\":\"https:\\\/\\\/fuentesfidedignas.com.mx\\\/\"},{\"@type\":\"ListItem\",\"position\":2,\"name\":\"Niegan nuevo juicio a Garc\u00eda Luna; ser\u00e1 sentenciado el 9 de octubre\"}]},{\"@type\":\"WebSite\",\"@id\":\"https:\\\/\\\/fuentesfidedignas.com.mx\\\/#website\",\"url\":\"https:\\\/\\\/fuentesfidedignas.com.mx\\\/\",\"name\":\"Fuentes Fidedignas\",\"description\":\"Otro sitio realizado con WordPress\",\"publisher\":{\"@id\":\"https:\\\/\\\/fuentesfidedignas.com.mx\\\/#organization\"},\"potentialAction\":[{\"@type\":\"SearchAction\",\"target\":{\"@type\":\"EntryPoint\",\"urlTemplate\":\"https:\\\/\\\/fuentesfidedignas.com.mx\\\/?s={search_term_string}\"},\"query-input\":{\"@type\":\"PropertyValueSpecification\",\"valueRequired\":true,\"valueName\":\"search_term_string\"}}],\"inLanguage\":\"es\"},{\"@type\":\"Organization\",\"@id\":\"https:\\\/\\\/fuentesfidedignas.com.mx\\\/#organization\",\"name\":\"Fuentes Fidedignas\",\"url\":\"https:\\\/\\\/fuentesfidedignas.com.mx\\\/\",\"logo\":{\"@type\":\"ImageObject\",\"inLanguage\":\"es\",\"@id\":\"https:\\\/\\\/fuentesfidedignas.com.mx\\\/#\\\/schema\\\/logo\\\/image\\\/\",\"url\":\"https:\\\/\\\/fuentesfidedignas.com.mx\\\/wp-content\\\/uploads\\\/2021\\\/04\\\/logo-retina.png\",\"contentUrl\":\"https:\\\/\\\/fuentesfidedignas.com.mx\\\/wp-content\\\/uploads\\\/2021\\\/04\\\/logo-retina.png\",\"width\":280,\"height\":51,\"caption\":\"Fuentes Fidedignas\"},\"image\":{\"@id\":\"https:\\\/\\\/fuentesfidedignas.com.mx\\\/#\\\/schema\\\/logo\\\/image\\\/\"},\"sameAs\":[\"https:\\\/\\\/www.facebook.com\\\/Fuentes-Fidedignas-368234489921644\",\"https:\\\/\\\/x.com\\\/fidedignas\"]},{\"@type\":\"Person\",\"@id\":\"https:\\\/\\\/fuentesfidedignas.com.mx\\\/#\\\/schema\\\/person\\\/67d852f0557c8509146a4b9ddebd543a\",\"name\":\"L\u00f3pez D\u00f3riga\",\"image\":{\"@type\":\"ImageObject\",\"inLanguage\":\"es\",\"@id\":\"https:\\\/\\\/secure.gravatar.com\\\/avatar\\\/e525b06574ca18b33cded59dfe5778d6c823b9513154eff47da551b0551bdd1e?s=96&d=mm&r=g\",\"url\":\"https:\\\/\\\/secure.gravatar.com\\\/avatar\\\/e525b06574ca18b33cded59dfe5778d6c823b9513154eff47da551b0551bdd1e?s=96&d=mm&r=g\",\"contentUrl\":\"https:\\\/\\\/secure.gravatar.com\\\/avatar\\\/e525b06574ca18b33cded59dfe5778d6c823b9513154eff47da551b0551bdd1e?s=96&d=mm&r=g\",\"caption\":\"L\u00f3pez D\u00f3riga\"},\"url\":\"https:\\\/\\\/fuentesfidedignas.com.mx\\\/index.php\\\/author\\\/doriga\\\/\"}]}<\/script>\n<!-- \/ Yoast SEO plugin. -->","yoast_head_json":{"title":"Niegan nuevo juicio a Garc\u00eda Luna; ser\u00e1 sentenciado el 9 de octubre - Fuentes Fidedignas","robots":{"index":"index","follow":"follow","max-snippet":"max-snippet:-1","max-image-preview":"max-image-preview:large","max-video-preview":"max-video-preview:-1"},"canonical":"https:\/\/fuentesfidedignas.com.mx\/index.php\/2024\/08\/07\/niegan-nuevo-juicio-a-garcia-luna-sera-sentenciado-el-9-de-octubre\/","og_locale":"es_MX","og_type":"article","og_title":"Niegan nuevo juicio a Garc\u00eda Luna; ser\u00e1 sentenciado el 9 de octubre - Fuentes Fidedignas","og_description":"El juez Brian Cogan consider\u00f3 insuficientes los argumentos de Genaro Garc\u00eda Luna y le neg\u00f3 un nuevo juicio Genaro Garc\u00eda Luna, exsecretario de Seguridad del Gobierno de M\u00e9xico, no tendr\u00e1 un nuevo juicio y ser\u00e1 sentenciado el pr\u00f3ximo 9 de octubre. El juez Brian Cogan desestim\u00f3 la solicitud del exfuncionario al considerar insuficientes sus argumentos. [&hellip;]","og_url":"https:\/\/fuentesfidedignas.com.mx\/index.php\/2024\/08\/07\/niegan-nuevo-juicio-a-garcia-luna-sera-sentenciado-el-9-de-octubre\/","og_site_name":"Fuentes Fidedignas","article_publisher":"https:\/\/www.facebook.com\/Fuentes-Fidedignas-368234489921644","article_published_time":"2024-08-07T15:58:43+00:00","article_modified_time":"2024-08-07T16:00:49+00:00","og_image":[{"width":640,"height":360,"url":"https:\/\/fuentesfidedignas.com.mx\/wp-content\/uploads\/2022\/01\/garcialuna-640x360-1.jpg","type":"image\/jpeg"}],"author":"L\u00f3pez D\u00f3riga","twitter_card":"summary_large_image","twitter_creator":"@fidedignas","twitter_site":"@fidedignas","twitter_misc":{"Escrito por":"L\u00f3pez D\u00f3riga","Tiempo de lectura":"1 minuto"},"schema":{"@context":"https:\/\/schema.org","@graph":[{"@type":"Article","@id":"https:\/\/fuentesfidedignas.com.mx\/index.php\/2024\/08\/07\/niegan-nuevo-juicio-a-garcia-luna-sera-sentenciado-el-9-de-octubre\/#article","isPartOf":{"@id":"https:\/\/fuentesfidedignas.com.mx\/index.php\/2024\/08\/07\/niegan-nuevo-juicio-a-garcia-luna-sera-sentenciado-el-9-de-octubre\/"},"author":{"name":"L\u00f3pez D\u00f3riga","@id":"https:\/\/fuentesfidedignas.com.mx\/#\/schema\/person\/67d852f0557c8509146a4b9ddebd543a"},"headline":"Niegan nuevo juicio a Garc\u00eda Luna; ser\u00e1 sentenciado el 9 de octubre","datePublished":"2024-08-07T15:58:43+00:00","dateModified":"2024-08-07T16:00:49+00:00","mainEntityOfPage":{"@id":"https:\/\/fuentesfidedignas.com.mx\/index.php\/2024\/08\/07\/niegan-nuevo-juicio-a-garcia-luna-sera-sentenciado-el-9-de-octubre\/"},"wordCount":242,"commentCount":0,"publisher":{"@id":"https:\/\/fuentesfidedignas.com.mx\/#organization"},"image":{"@id":"https:\/\/fuentesfidedignas.com.mx\/index.php\/2024\/08\/07\/niegan-nuevo-juicio-a-garcia-luna-sera-sentenciado-el-9-de-octubre\/#primaryimage"},"thumbnailUrl":"https:\/\/fuentesfidedignas.com.mx\/wp-content\/uploads\/2022\/01\/garcialuna-640x360-1.jpg","articleSection":["NOTICIAS NACIONALES"],"inLanguage":"es","potentialAction":[{"@type":"CommentAction","name":"Comment","target":["https:\/\/fuentesfidedignas.com.mx\/index.php\/2024\/08\/07\/niegan-nuevo-juicio-a-garcia-luna-sera-sentenciado-el-9-de-octubre\/#respond"]}]},{"@type":"WebPage","@id":"https:\/\/fuentesfidedignas.com.mx\/index.php\/2024\/08\/07\/niegan-nuevo-juicio-a-garcia-luna-sera-sentenciado-el-9-de-octubre\/","url":"https:\/\/fuentesfidedignas.com.mx\/index.php\/2024\/08\/07\/niegan-nuevo-juicio-a-garcia-luna-sera-sentenciado-el-9-de-octubre\/","name":"Niegan nuevo juicio a Garc\u00eda Luna; ser\u00e1 sentenciado el 9 de octubre - Fuentes Fidedignas","isPartOf":{"@id":"https:\/\/fuentesfidedignas.com.mx\/#website"},"primaryImageOfPage":{"@id":"https:\/\/fuentesfidedignas.com.mx\/index.php\/2024\/08\/07\/niegan-nuevo-juicio-a-garcia-luna-sera-sentenciado-el-9-de-octubre\/#primaryimage"},"image":{"@id":"https:\/\/fuentesfidedignas.com.mx\/index.php\/2024\/08\/07\/niegan-nuevo-juicio-a-garcia-luna-sera-sentenciado-el-9-de-octubre\/#primaryimage"},"thumbnailUrl":"https:\/\/fuentesfidedignas.com.mx\/wp-content\/uploads\/2022\/01\/garcialuna-640x360-1.jpg","datePublished":"2024-08-07T15:58:43+00:00","dateModified":"2024-08-07T16:00:49+00:00","breadcrumb":{"@id":"https:\/\/fuentesfidedignas.com.mx\/index.php\/2024\/08\/07\/niegan-nuevo-juicio-a-garcia-luna-sera-sentenciado-el-9-de-octubre\/#breadcrumb"},"inLanguage":"es","potentialAction":[{"@type":"ReadAction","target":["https:\/\/fuentesfidedignas.com.mx\/index.php\/2024\/08\/07\/niegan-nuevo-juicio-a-garcia-luna-sera-sentenciado-el-9-de-octubre\/"]}]},{"@type":"ImageObject","inLanguage":"es","@id":"https:\/\/fuentesfidedignas.com.mx\/index.php\/2024\/08\/07\/niegan-nuevo-juicio-a-garcia-luna-sera-sentenciado-el-9-de-octubre\/#primaryimage","url":"https:\/\/fuentesfidedignas.com.mx\/wp-content\/uploads\/2022\/01\/garcialuna-640x360-1.jpg","contentUrl":"https:\/\/fuentesfidedignas.com.mx\/wp-content\/uploads\/2022\/01\/garcialuna-640x360-1.jpg","width":640,"height":360},{"@type":"BreadcrumbList","@id":"https:\/\/fuentesfidedignas.com.mx\/index.php\/2024\/08\/07\/niegan-nuevo-juicio-a-garcia-luna-sera-sentenciado-el-9-de-octubre\/#breadcrumb","itemListElement":[{"@type":"ListItem","position":1,"name":"Inicio","item":"https:\/\/fuentesfidedignas.com.mx\/"},{"@type":"ListItem","position":2,"name":"Niegan nuevo juicio a Garc\u00eda Luna; ser\u00e1 sentenciado el 9 de octubre"}]},{"@type":"WebSite","@id":"https:\/\/fuentesfidedignas.com.mx\/#website","url":"https:\/\/fuentesfidedignas.com.mx\/","name":"Fuentes Fidedignas","description":"Otro sitio realizado con WordPress","publisher":{"@id":"https:\/\/fuentesfidedignas.com.mx\/#organization"},"potentialAction":[{"@type":"SearchAction","target":{"@type":"EntryPoint","urlTemplate":"https:\/\/fuentesfidedignas.com.mx\/?s={search_term_string}"},"query-input":{"@type":"PropertyValueSpecification","valueRequired":true,"valueName":"search_term_string"}}],"inLanguage":"es"},{"@type":"Organization","@id":"https:\/\/fuentesfidedignas.com.mx\/#organization","name":"Fuentes Fidedignas","url":"https:\/\/fuentesfidedignas.com.mx\/","logo":{"@type":"ImageObject","inLanguage":"es","@id":"https:\/\/fuentesfidedignas.com.mx\/#\/schema\/logo\/image\/","url":"https:\/\/fuentesfidedignas.com.mx\/wp-content\/uploads\/2021\/04\/logo-retina.png","contentUrl":"https:\/\/fuentesfidedignas.com.mx\/wp-content\/uploads\/2021\/04\/logo-retina.png","width":280,"height":51,"caption":"Fuentes Fidedignas"},"image":{"@id":"https:\/\/fuentesfidedignas.com.mx\/#\/schema\/logo\/image\/"},"sameAs":["https:\/\/www.facebook.com\/Fuentes-Fidedignas-368234489921644","https:\/\/x.com\/fidedignas"]},{"@type":"Person","@id":"https:\/\/fuentesfidedignas.com.mx\/#\/schema\/person\/67d852f0557c8509146a4b9ddebd543a","name":"L\u00f3pez D\u00f3riga","image":{"@type":"ImageObject","inLanguage":"es","@id":"https:\/\/secure.gravatar.com\/avatar\/e525b06574ca18b33cded59dfe5778d6c823b9513154eff47da551b0551bdd1e?s=96&d=mm&r=g","url":"https:\/\/secure.gravatar.com\/avatar\/e525b06574ca18b33cded59dfe5778d6c823b9513154eff47da551b0551bdd1e?s=96&d=mm&r=g","contentUrl":"https:\/\/secure.gravatar.com\/avatar\/e525b06574ca18b33cded59dfe5778d6c823b9513154eff47da551b0551bdd1e?s=96&d=mm&r=g","caption":"L\u00f3pez D\u00f3riga"},"url":"https:\/\/fuentesfidedignas.com.mx\/index.php\/author\/doriga\/"}]}},"_links":{"self":[{"href":"https:\/\/fuentesfidedignas.com.mx\/index.php\/wp-json\/wp\/v2\/posts\/88286","targetHints":{"allow":["GET"]}}],"collection":[{"href":"https:\/\/fuentesfidedignas.com.mx\/index.php\/wp-json\/wp\/v2\/posts"}],"about":[{"href":"https:\/\/fuentesfidedignas.com.mx\/index.php\/wp-json\/wp\/v2\/types\/post"}],"author":[{"embeddable":true,"href":"https:\/\/fuentesfidedignas.com.mx\/index.php\/wp-json\/wp\/v2\/users\/47"}],"replies":[{"embeddable":true,"href":"https:\/\/fuentesfidedignas.com.mx\/index.php\/wp-json\/wp\/v2\/comments?post=88286"}],"version-history":[{"count":1,"href":"https:\/\/fuentesfidedignas.com.mx\/index.php\/wp-json\/wp\/v2\/posts\/88286\/revisions"}],"predecessor-version":[{"id":88287,"href":"https:\/\/fuentesfidedignas.com.mx\/index.php\/wp-json\/wp\/v2\/posts\/88286\/revisions\/88287"}],"wp:featuredmedia":[{"embeddable":true,"href":"https:\/\/fuentesfidedignas.com.mx\/index.php\/wp-json\/wp\/v2\/media\/21382"}],"wp:attachment":[{"href":"https:\/\/fuentesfidedignas.com.mx\/index.php\/wp-json\/wp\/v2\/media?parent=88286"}],"wp:term":[{"taxonomy":"category","embeddable":true,"href":"https:\/\/fuentesfidedignas.com.mx\/index.php\/wp-json\/wp\/v2\/categories?post=88286"},{"taxonomy":"post_tag","embeddable":true,"href":"https:\/\/fuentesfidedignas.com.mx\/index.php\/wp-json\/wp\/v2\/tags?post=88286"}],"curies":[{"name":"wp","href":"https:\/\/api.w.org\/{rel}","templated":true}]}}