{"id":88238,"date":"2024-08-06T13:59:00","date_gmt":"2024-08-06T20:59:00","guid":{"rendered":"https:\/\/fuentesfidedignas.com.mx\/?p=88238"},"modified":"2024-08-06T15:59:21","modified_gmt":"2024-08-06T22:59:21","slug":"muere-atropellado-hermano-de-el-senor-de-los-cielos-en-navolato","status":"publish","type":"post","link":"https:\/\/fuentesfidedignas.com.mx\/index.php\/2024\/08\/06\/muere-atropellado-hermano-de-el-senor-de-los-cielos-en-navolato\/","title":{"rendered":"Muere atropellado hermano de \u2018El Se\u00f1or de los Cielos\u2019 en Navolato"},"content":{"rendered":"\n<p><strong><em><br>Fueron familiares de la v\u00edctima quienes lo identificaron<\/em><\/strong><\/p>\n\n\n\n<p>Navolato, Sin.- Este martes 6 de agosto se confirm\u00f3 que un hermano de Amado Carrillo Fuentes, el difunto capo mexicano conocido como&nbsp;<strong>\u2018El Se\u00f1or de los Cielos\u2019<\/strong>,&nbsp;<strong>\u00c1lvaro Guadalupe Carrillo Fuentes, fue hallado muerto<\/strong>, a causa de un aparente atropellamiento en el municipio de Navolato, Sinaloa.<\/p>\n\n\n\n<p class=\"paragraph\">De acuerdo con primero reportes los hechos habr\u00edan ocurrido cerca de la<strong>&nbsp;01:00 hora de este martes<\/strong>, cuando Guadalupe Carrillo, \u2018El Lapa\u2019, de&nbsp;<strong>54 a\u00f1os de edad&nbsp;<\/strong>se encontraba circulando por la carretera que conecta al Ejido 5 de Mayo con El Limoncito, ah\u00ed fue donde ocurri\u00f3 el accidente que le habr\u00eda costado la vida.<\/p>\n\n\n\n<p class=\"paragraph\">\u2018El Lapa\u2019 conduc\u00eda un veh\u00edculo Spark color rojo,&nbsp;<strong>aparentemente se habr\u00eda detenido para cambiar un neum\u00e1tico cuando fue atropellado<\/strong>. El conductor del otro veh\u00edculo involucrado se habr\u00eda dado a la fuga tras los hechos.<\/p>\n\n\n\n<p class=\"paragraph\">Las fotograf\u00edas difundidas por los medios de comunicaci\u00f3n muestran como el carro que manejaba Guadalupe Carrillo<strong>&nbsp;tiene un golpe en la puerta del conductor y del pasajero del lado izquierdo<\/strong>. Adem\u00e1s en el lugar, elementos de seguridad p\u00fablica localizaron un gato hidr\u00e1ulico y una cruceta para cambiar un neum\u00e1tico, por ello se plantea la hip\u00f3tesis.<\/p>\n\n\n\n<p class=\"paragraph\">Despu\u00e9s de que elementos de la Fiscal\u00eda General del Estado de Sinaloa realiz\u00f3 las diligencias correspondientes y se levant\u00f3 el cuerpo,&nbsp;<strong>fue trasladado hasta el anfiteatro de la localidad, ah\u00ed llegaron familiares de Guadalupe Carrillo para identificarlo<\/strong>.<\/p>\n\n\n\n<p class=\"paragraph\">Amado Carrillo Fuentes, \u2018El Se\u00f1or de los Cielos\u2019, era hermano de Guadalupe Carrillo Fuentes, l\u00edder del C\u00e1rtel de Ju\u00e1rez. Se gan\u00f3 su apodo por la flota de aeronaves con las contaba y utilizaba para transportar droga entre diferentes naciones, incluidas M\u00e9xico, Colombia y Estados Unidos.<\/p>\n\n\n\n<p class=\"paragraph\">\u2018El Se\u00f1or de los Cielos\u2019 muri\u00f3 el 4 de julio de 1997 en la Ciudad de M\u00e9xico.<\/p>\n","protected":false},"excerpt":{"rendered":"<p>Fueron familiares de la v\u00edctima quienes lo identificaron Navolato, Sin.- Este martes 6 de agosto se confirm\u00f3 que un hermano de Amado Carrillo Fuentes, el difunto capo mexicano conocido como&nbsp;\u2018El Se\u00f1or de los Cielos\u2019,&nbsp;\u00c1lvaro Guadalupe Carrillo Fuentes, fue hallado muerto, a causa de un aparente atropellamiento en el municipio de Navolato, Sinaloa. De acuerdo con [&hellip;]<\/p>\n","protected":false},"author":41,"featured_media":88237,"comment_status":"closed","ping_status":"open","sticky":false,"template":"","format":"standard","meta":{"tdm_status":"","tdm_grid_status":"","footnotes":""},"categories":[37],"tags":[],"class_list":{"0":"post-88238","1":"post","2":"type-post","3":"status-publish","4":"format-standard","5":"has-post-thumbnail","7":"category-nota-principal"},"yoast_head":"<!-- This site is optimized with the Yoast SEO plugin v27.4 - https:\/\/yoast.com\/product\/yoast-seo-wordpress\/ -->\n<title>Muere atropellado hermano de \u2018El Se\u00f1or de los Cielos\u2019 en Navolato - Fuentes Fidedignas<\/title>\n<meta name=\"robots\" content=\"index, follow, max-snippet:-1, max-image-preview:large, max-video-preview:-1\" \/>\n<link rel=\"canonical\" href=\"https:\/\/fuentesfidedignas.com.mx\/index.php\/2024\/08\/06\/muere-atropellado-hermano-de-el-senor-de-los-cielos-en-navolato\/\" \/>\n<meta property=\"og:locale\" content=\"es_MX\" \/>\n<meta property=\"og:type\" content=\"article\" \/>\n<meta property=\"og:title\" content=\"Muere atropellado hermano de \u2018El Se\u00f1or de los Cielos\u2019 en Navolato - Fuentes Fidedignas\" \/>\n<meta property=\"og:description\" content=\"Fueron familiares de la v\u00edctima quienes lo identificaron Navolato, Sin.- Este martes 6 de agosto se confirm\u00f3 que un hermano de Amado Carrillo Fuentes, el difunto capo mexicano conocido como&nbsp;\u2018El Se\u00f1or de los Cielos\u2019,&nbsp;\u00c1lvaro Guadalupe Carrillo Fuentes, fue hallado muerto, a causa de un aparente atropellamiento en el municipio de Navolato, Sinaloa. De acuerdo con [&hellip;]\" \/>\n<meta property=\"og:url\" content=\"https:\/\/fuentesfidedignas.com.mx\/index.php\/2024\/08\/06\/muere-atropellado-hermano-de-el-senor-de-los-cielos-en-navolato\/\" \/>\n<meta property=\"og:site_name\" content=\"Fuentes Fidedignas\" \/>\n<meta property=\"article:publisher\" content=\"https:\/\/www.facebook.com\/Fuentes-Fidedignas-368234489921644\" \/>\n<meta property=\"article:published_time\" content=\"2024-08-06T20:59:00+00:00\" \/>\n<meta property=\"article:modified_time\" content=\"2024-08-06T22:59:21+00:00\" \/>\n<meta property=\"og:image\" content=\"https:\/\/fuentesfidedignas.com.mx\/wp-content\/uploads\/2024\/08\/img_2716-1.jpg\" \/>\n\t<meta property=\"og:image:width\" content=\"1440\" \/>\n\t<meta property=\"og:image:height\" content=\"808\" \/>\n\t<meta property=\"og:image:type\" content=\"image\/jpeg\" \/>\n<meta name=\"author\" content=\"Infobae\" \/>\n<meta name=\"twitter:card\" content=\"summary_large_image\" \/>\n<meta name=\"twitter:creator\" content=\"@fidedignas\" \/>\n<meta name=\"twitter:site\" content=\"@fidedignas\" \/>\n<meta name=\"twitter:label1\" content=\"Escrito por\" \/>\n\t<meta name=\"twitter:data1\" content=\"Infobae\" \/>\n\t<meta name=\"twitter:label2\" content=\"Tiempo de lectura\" \/>\n\t<meta name=\"twitter:data2\" content=\"2 minutos\" \/>\n<script type=\"application\/ld+json\" class=\"yoast-schema-graph\">{\"@context\":\"https:\\\/\\\/schema.org\",\"@graph\":[{\"@type\":\"Article\",\"@id\":\"https:\\\/\\\/fuentesfidedignas.com.mx\\\/index.php\\\/2024\\\/08\\\/06\\\/muere-atropellado-hermano-de-el-senor-de-los-cielos-en-navolato\\\/#article\",\"isPartOf\":{\"@id\":\"https:\\\/\\\/fuentesfidedignas.com.mx\\\/index.php\\\/2024\\\/08\\\/06\\\/muere-atropellado-hermano-de-el-senor-de-los-cielos-en-navolato\\\/\"},\"author\":{\"name\":\"Infobae\",\"@id\":\"https:\\\/\\\/fuentesfidedignas.com.mx\\\/#\\\/schema\\\/person\\\/8575896a7c1067d352f6c1cd6582c389\"},\"headline\":\"Muere atropellado hermano de \u2018El Se\u00f1or de los Cielos\u2019 en Navolato\",\"datePublished\":\"2024-08-06T20:59:00+00:00\",\"dateModified\":\"2024-08-06T22:59:21+00:00\",\"mainEntityOfPage\":{\"@id\":\"https:\\\/\\\/fuentesfidedignas.com.mx\\\/index.php\\\/2024\\\/08\\\/06\\\/muere-atropellado-hermano-de-el-senor-de-los-cielos-en-navolato\\\/\"},\"wordCount\":339,\"publisher\":{\"@id\":\"https:\\\/\\\/fuentesfidedignas.com.mx\\\/#organization\"},\"image\":{\"@id\":\"https:\\\/\\\/fuentesfidedignas.com.mx\\\/index.php\\\/2024\\\/08\\\/06\\\/muere-atropellado-hermano-de-el-senor-de-los-cielos-en-navolato\\\/#primaryimage\"},\"thumbnailUrl\":\"https:\\\/\\\/fuentesfidedignas.com.mx\\\/wp-content\\\/uploads\\\/2024\\\/08\\\/img_2716-1.jpg\",\"articleSection\":[\"NOTA PRINCIPAL\"],\"inLanguage\":\"es\"},{\"@type\":\"WebPage\",\"@id\":\"https:\\\/\\\/fuentesfidedignas.com.mx\\\/index.php\\\/2024\\\/08\\\/06\\\/muere-atropellado-hermano-de-el-senor-de-los-cielos-en-navolato\\\/\",\"url\":\"https:\\\/\\\/fuentesfidedignas.com.mx\\\/index.php\\\/2024\\\/08\\\/06\\\/muere-atropellado-hermano-de-el-senor-de-los-cielos-en-navolato\\\/\",\"name\":\"Muere atropellado hermano de \u2018El Se\u00f1or de los Cielos\u2019 en Navolato - Fuentes Fidedignas\",\"isPartOf\":{\"@id\":\"https:\\\/\\\/fuentesfidedignas.com.mx\\\/#website\"},\"primaryImageOfPage\":{\"@id\":\"https:\\\/\\\/fuentesfidedignas.com.mx\\\/index.php\\\/2024\\\/08\\\/06\\\/muere-atropellado-hermano-de-el-senor-de-los-cielos-en-navolato\\\/#primaryimage\"},\"image\":{\"@id\":\"https:\\\/\\\/fuentesfidedignas.com.mx\\\/index.php\\\/2024\\\/08\\\/06\\\/muere-atropellado-hermano-de-el-senor-de-los-cielos-en-navolato\\\/#primaryimage\"},\"thumbnailUrl\":\"https:\\\/\\\/fuentesfidedignas.com.mx\\\/wp-content\\\/uploads\\\/2024\\\/08\\\/img_2716-1.jpg\",\"datePublished\":\"2024-08-06T20:59:00+00:00\",\"dateModified\":\"2024-08-06T22:59:21+00:00\",\"breadcrumb\":{\"@id\":\"https:\\\/\\\/fuentesfidedignas.com.mx\\\/index.php\\\/2024\\\/08\\\/06\\\/muere-atropellado-hermano-de-el-senor-de-los-cielos-en-navolato\\\/#breadcrumb\"},\"inLanguage\":\"es\",\"potentialAction\":[{\"@type\":\"ReadAction\",\"target\":[\"https:\\\/\\\/fuentesfidedignas.com.mx\\\/index.php\\\/2024\\\/08\\\/06\\\/muere-atropellado-hermano-de-el-senor-de-los-cielos-en-navolato\\\/\"]}]},{\"@type\":\"ImageObject\",\"inLanguage\":\"es\",\"@id\":\"https:\\\/\\\/fuentesfidedignas.com.mx\\\/index.php\\\/2024\\\/08\\\/06\\\/muere-atropellado-hermano-de-el-senor-de-los-cielos-en-navolato\\\/#primaryimage\",\"url\":\"https:\\\/\\\/fuentesfidedignas.com.mx\\\/wp-content\\\/uploads\\\/2024\\\/08\\\/img_2716-1.jpg\",\"contentUrl\":\"https:\\\/\\\/fuentesfidedignas.com.mx\\\/wp-content\\\/uploads\\\/2024\\\/08\\\/img_2716-1.jpg\",\"width\":1440,\"height\":808},{\"@type\":\"BreadcrumbList\",\"@id\":\"https:\\\/\\\/fuentesfidedignas.com.mx\\\/index.php\\\/2024\\\/08\\\/06\\\/muere-atropellado-hermano-de-el-senor-de-los-cielos-en-navolato\\\/#breadcrumb\",\"itemListElement\":[{\"@type\":\"ListItem\",\"position\":1,\"name\":\"Inicio\",\"item\":\"https:\\\/\\\/fuentesfidedignas.com.mx\\\/\"},{\"@type\":\"ListItem\",\"position\":2,\"name\":\"Muere atropellado hermano de \u2018El Se\u00f1or de los Cielos\u2019 en Navolato\"}]},{\"@type\":\"WebSite\",\"@id\":\"https:\\\/\\\/fuentesfidedignas.com.mx\\\/#website\",\"url\":\"https:\\\/\\\/fuentesfidedignas.com.mx\\\/\",\"name\":\"Fuentes Fidedignas\",\"description\":\"Otro sitio realizado con WordPress\",\"publisher\":{\"@id\":\"https:\\\/\\\/fuentesfidedignas.com.mx\\\/#organization\"},\"potentialAction\":[{\"@type\":\"SearchAction\",\"target\":{\"@type\":\"EntryPoint\",\"urlTemplate\":\"https:\\\/\\\/fuentesfidedignas.com.mx\\\/?s={search_term_string}\"},\"query-input\":{\"@type\":\"PropertyValueSpecification\",\"valueRequired\":true,\"valueName\":\"search_term_string\"}}],\"inLanguage\":\"es\"},{\"@type\":\"Organization\",\"@id\":\"https:\\\/\\\/fuentesfidedignas.com.mx\\\/#organization\",\"name\":\"Fuentes Fidedignas\",\"url\":\"https:\\\/\\\/fuentesfidedignas.com.mx\\\/\",\"logo\":{\"@type\":\"ImageObject\",\"inLanguage\":\"es\",\"@id\":\"https:\\\/\\\/fuentesfidedignas.com.mx\\\/#\\\/schema\\\/logo\\\/image\\\/\",\"url\":\"https:\\\/\\\/fuentesfidedignas.com.mx\\\/wp-content\\\/uploads\\\/2021\\\/04\\\/logo-retina.png\",\"contentUrl\":\"https:\\\/\\\/fuentesfidedignas.com.mx\\\/wp-content\\\/uploads\\\/2021\\\/04\\\/logo-retina.png\",\"width\":280,\"height\":51,\"caption\":\"Fuentes Fidedignas\"},\"image\":{\"@id\":\"https:\\\/\\\/fuentesfidedignas.com.mx\\\/#\\\/schema\\\/logo\\\/image\\\/\"},\"sameAs\":[\"https:\\\/\\\/www.facebook.com\\\/Fuentes-Fidedignas-368234489921644\",\"https:\\\/\\\/x.com\\\/fidedignas\"]},{\"@type\":\"Person\",\"@id\":\"https:\\\/\\\/fuentesfidedignas.com.mx\\\/#\\\/schema\\\/person\\\/8575896a7c1067d352f6c1cd6582c389\",\"name\":\"Infobae\",\"image\":{\"@type\":\"ImageObject\",\"inLanguage\":\"es\",\"@id\":\"https:\\\/\\\/secure.gravatar.com\\\/avatar\\\/e4ec95706f8d1670343f6526fdcec45474bab17475a851434a64ca12b5acba1c?s=96&d=mm&r=g\",\"url\":\"https:\\\/\\\/secure.gravatar.com\\\/avatar\\\/e4ec95706f8d1670343f6526fdcec45474bab17475a851434a64ca12b5acba1c?s=96&d=mm&r=g\",\"contentUrl\":\"https:\\\/\\\/secure.gravatar.com\\\/avatar\\\/e4ec95706f8d1670343f6526fdcec45474bab17475a851434a64ca12b5acba1c?s=96&d=mm&r=g\",\"caption\":\"Infobae\"},\"url\":\"https:\\\/\\\/fuentesfidedignas.com.mx\\\/index.php\\\/author\\\/infobae\\\/\"}]}<\/script>\n<!-- \/ Yoast SEO plugin. -->","yoast_head_json":{"title":"Muere atropellado hermano de \u2018El Se\u00f1or de los Cielos\u2019 en Navolato - Fuentes Fidedignas","robots":{"index":"index","follow":"follow","max-snippet":"max-snippet:-1","max-image-preview":"max-image-preview:large","max-video-preview":"max-video-preview:-1"},"canonical":"https:\/\/fuentesfidedignas.com.mx\/index.php\/2024\/08\/06\/muere-atropellado-hermano-de-el-senor-de-los-cielos-en-navolato\/","og_locale":"es_MX","og_type":"article","og_title":"Muere atropellado hermano de \u2018El Se\u00f1or de los Cielos\u2019 en Navolato - Fuentes Fidedignas","og_description":"Fueron familiares de la v\u00edctima quienes lo identificaron Navolato, Sin.- Este martes 6 de agosto se confirm\u00f3 que un hermano de Amado Carrillo Fuentes, el difunto capo mexicano conocido como&nbsp;\u2018El Se\u00f1or de los Cielos\u2019,&nbsp;\u00c1lvaro Guadalupe Carrillo Fuentes, fue hallado muerto, a causa de un aparente atropellamiento en el municipio de Navolato, Sinaloa. De acuerdo con [&hellip;]","og_url":"https:\/\/fuentesfidedignas.com.mx\/index.php\/2024\/08\/06\/muere-atropellado-hermano-de-el-senor-de-los-cielos-en-navolato\/","og_site_name":"Fuentes Fidedignas","article_publisher":"https:\/\/www.facebook.com\/Fuentes-Fidedignas-368234489921644","article_published_time":"2024-08-06T20:59:00+00:00","article_modified_time":"2024-08-06T22:59:21+00:00","og_image":[{"width":1440,"height":808,"url":"https:\/\/fuentesfidedignas.com.mx\/wp-content\/uploads\/2024\/08\/img_2716-1.jpg","type":"image\/jpeg"}],"author":"Infobae","twitter_card":"summary_large_image","twitter_creator":"@fidedignas","twitter_site":"@fidedignas","twitter_misc":{"Escrito por":"Infobae","Tiempo de lectura":"2 minutos"},"schema":{"@context":"https:\/\/schema.org","@graph":[{"@type":"Article","@id":"https:\/\/fuentesfidedignas.com.mx\/index.php\/2024\/08\/06\/muere-atropellado-hermano-de-el-senor-de-los-cielos-en-navolato\/#article","isPartOf":{"@id":"https:\/\/fuentesfidedignas.com.mx\/index.php\/2024\/08\/06\/muere-atropellado-hermano-de-el-senor-de-los-cielos-en-navolato\/"},"author":{"name":"Infobae","@id":"https:\/\/fuentesfidedignas.com.mx\/#\/schema\/person\/8575896a7c1067d352f6c1cd6582c389"},"headline":"Muere atropellado hermano de \u2018El Se\u00f1or de los Cielos\u2019 en Navolato","datePublished":"2024-08-06T20:59:00+00:00","dateModified":"2024-08-06T22:59:21+00:00","mainEntityOfPage":{"@id":"https:\/\/fuentesfidedignas.com.mx\/index.php\/2024\/08\/06\/muere-atropellado-hermano-de-el-senor-de-los-cielos-en-navolato\/"},"wordCount":339,"publisher":{"@id":"https:\/\/fuentesfidedignas.com.mx\/#organization"},"image":{"@id":"https:\/\/fuentesfidedignas.com.mx\/index.php\/2024\/08\/06\/muere-atropellado-hermano-de-el-senor-de-los-cielos-en-navolato\/#primaryimage"},"thumbnailUrl":"https:\/\/fuentesfidedignas.com.mx\/wp-content\/uploads\/2024\/08\/img_2716-1.jpg","articleSection":["NOTA PRINCIPAL"],"inLanguage":"es"},{"@type":"WebPage","@id":"https:\/\/fuentesfidedignas.com.mx\/index.php\/2024\/08\/06\/muere-atropellado-hermano-de-el-senor-de-los-cielos-en-navolato\/","url":"https:\/\/fuentesfidedignas.com.mx\/index.php\/2024\/08\/06\/muere-atropellado-hermano-de-el-senor-de-los-cielos-en-navolato\/","name":"Muere atropellado hermano de \u2018El Se\u00f1or de los Cielos\u2019 en Navolato - Fuentes Fidedignas","isPartOf":{"@id":"https:\/\/fuentesfidedignas.com.mx\/#website"},"primaryImageOfPage":{"@id":"https:\/\/fuentesfidedignas.com.mx\/index.php\/2024\/08\/06\/muere-atropellado-hermano-de-el-senor-de-los-cielos-en-navolato\/#primaryimage"},"image":{"@id":"https:\/\/fuentesfidedignas.com.mx\/index.php\/2024\/08\/06\/muere-atropellado-hermano-de-el-senor-de-los-cielos-en-navolato\/#primaryimage"},"thumbnailUrl":"https:\/\/fuentesfidedignas.com.mx\/wp-content\/uploads\/2024\/08\/img_2716-1.jpg","datePublished":"2024-08-06T20:59:00+00:00","dateModified":"2024-08-06T22:59:21+00:00","breadcrumb":{"@id":"https:\/\/fuentesfidedignas.com.mx\/index.php\/2024\/08\/06\/muere-atropellado-hermano-de-el-senor-de-los-cielos-en-navolato\/#breadcrumb"},"inLanguage":"es","potentialAction":[{"@type":"ReadAction","target":["https:\/\/fuentesfidedignas.com.mx\/index.php\/2024\/08\/06\/muere-atropellado-hermano-de-el-senor-de-los-cielos-en-navolato\/"]}]},{"@type":"ImageObject","inLanguage":"es","@id":"https:\/\/fuentesfidedignas.com.mx\/index.php\/2024\/08\/06\/muere-atropellado-hermano-de-el-senor-de-los-cielos-en-navolato\/#primaryimage","url":"https:\/\/fuentesfidedignas.com.mx\/wp-content\/uploads\/2024\/08\/img_2716-1.jpg","contentUrl":"https:\/\/fuentesfidedignas.com.mx\/wp-content\/uploads\/2024\/08\/img_2716-1.jpg","width":1440,"height":808},{"@type":"BreadcrumbList","@id":"https:\/\/fuentesfidedignas.com.mx\/index.php\/2024\/08\/06\/muere-atropellado-hermano-de-el-senor-de-los-cielos-en-navolato\/#breadcrumb","itemListElement":[{"@type":"ListItem","position":1,"name":"Inicio","item":"https:\/\/fuentesfidedignas.com.mx\/"},{"@type":"ListItem","position":2,"name":"Muere atropellado hermano de \u2018El Se\u00f1or de los Cielos\u2019 en Navolato"}]},{"@type":"WebSite","@id":"https:\/\/fuentesfidedignas.com.mx\/#website","url":"https:\/\/fuentesfidedignas.com.mx\/","name":"Fuentes Fidedignas","description":"Otro sitio realizado con WordPress","publisher":{"@id":"https:\/\/fuentesfidedignas.com.mx\/#organization"},"potentialAction":[{"@type":"SearchAction","target":{"@type":"EntryPoint","urlTemplate":"https:\/\/fuentesfidedignas.com.mx\/?s={search_term_string}"},"query-input":{"@type":"PropertyValueSpecification","valueRequired":true,"valueName":"search_term_string"}}],"inLanguage":"es"},{"@type":"Organization","@id":"https:\/\/fuentesfidedignas.com.mx\/#organization","name":"Fuentes Fidedignas","url":"https:\/\/fuentesfidedignas.com.mx\/","logo":{"@type":"ImageObject","inLanguage":"es","@id":"https:\/\/fuentesfidedignas.com.mx\/#\/schema\/logo\/image\/","url":"https:\/\/fuentesfidedignas.com.mx\/wp-content\/uploads\/2021\/04\/logo-retina.png","contentUrl":"https:\/\/fuentesfidedignas.com.mx\/wp-content\/uploads\/2021\/04\/logo-retina.png","width":280,"height":51,"caption":"Fuentes Fidedignas"},"image":{"@id":"https:\/\/fuentesfidedignas.com.mx\/#\/schema\/logo\/image\/"},"sameAs":["https:\/\/www.facebook.com\/Fuentes-Fidedignas-368234489921644","https:\/\/x.com\/fidedignas"]},{"@type":"Person","@id":"https:\/\/fuentesfidedignas.com.mx\/#\/schema\/person\/8575896a7c1067d352f6c1cd6582c389","name":"Infobae","image":{"@type":"ImageObject","inLanguage":"es","@id":"https:\/\/secure.gravatar.com\/avatar\/e4ec95706f8d1670343f6526fdcec45474bab17475a851434a64ca12b5acba1c?s=96&d=mm&r=g","url":"https:\/\/secure.gravatar.com\/avatar\/e4ec95706f8d1670343f6526fdcec45474bab17475a851434a64ca12b5acba1c?s=96&d=mm&r=g","contentUrl":"https:\/\/secure.gravatar.com\/avatar\/e4ec95706f8d1670343f6526fdcec45474bab17475a851434a64ca12b5acba1c?s=96&d=mm&r=g","caption":"Infobae"},"url":"https:\/\/fuentesfidedignas.com.mx\/index.php\/author\/infobae\/"}]}},"_links":{"self":[{"href":"https:\/\/fuentesfidedignas.com.mx\/index.php\/wp-json\/wp\/v2\/posts\/88238","targetHints":{"allow":["GET"]}}],"collection":[{"href":"https:\/\/fuentesfidedignas.com.mx\/index.php\/wp-json\/wp\/v2\/posts"}],"about":[{"href":"https:\/\/fuentesfidedignas.com.mx\/index.php\/wp-json\/wp\/v2\/types\/post"}],"author":[{"embeddable":true,"href":"https:\/\/fuentesfidedignas.com.mx\/index.php\/wp-json\/wp\/v2\/users\/41"}],"replies":[{"embeddable":true,"href":"https:\/\/fuentesfidedignas.com.mx\/index.php\/wp-json\/wp\/v2\/comments?post=88238"}],"version-history":[{"count":1,"href":"https:\/\/fuentesfidedignas.com.mx\/index.php\/wp-json\/wp\/v2\/posts\/88238\/revisions"}],"predecessor-version":[{"id":88239,"href":"https:\/\/fuentesfidedignas.com.mx\/index.php\/wp-json\/wp\/v2\/posts\/88238\/revisions\/88239"}],"wp:featuredmedia":[{"embeddable":true,"href":"https:\/\/fuentesfidedignas.com.mx\/index.php\/wp-json\/wp\/v2\/media\/88237"}],"wp:attachment":[{"href":"https:\/\/fuentesfidedignas.com.mx\/index.php\/wp-json\/wp\/v2\/media?parent=88238"}],"wp:term":[{"taxonomy":"category","embeddable":true,"href":"https:\/\/fuentesfidedignas.com.mx\/index.php\/wp-json\/wp\/v2\/categories?post=88238"},{"taxonomy":"post_tag","embeddable":true,"href":"https:\/\/fuentesfidedignas.com.mx\/index.php\/wp-json\/wp\/v2\/tags?post=88238"}],"curies":[{"name":"wp","href":"https:\/\/api.w.org\/{rel}","templated":true}]}}