{"id":88126,"date":"2024-08-05T13:13:45","date_gmt":"2024-08-05T20:13:45","guid":{"rendered":"https:\/\/fuentesfidedignas.com.mx\/?p=88126"},"modified":"2024-08-05T13:13:45","modified_gmt":"2024-08-05T20:13:45","slug":"mercado-laboral-pierde-864-mil-empleos-en-junio-y-borra-todo-el-avance-del-ano","status":"publish","type":"post","link":"https:\/\/fuentesfidedignas.com.mx\/index.php\/2024\/08\/05\/mercado-laboral-pierde-864-mil-empleos-en-junio-y-borra-todo-el-avance-del-ano\/","title":{"rendered":"Mercado laboral pierde 864 mil empleos en junio y borra todo el avance del a\u00f1o"},"content":{"rendered":"\n<p>El analista financiero Gerardo Hern\u00e1ndez es el autor del art\u00edculo que coloca el peri\u00f3dico El Economista en su portada este lunes 5 de agosto de 2024 y en el que asegura que la disminuci\u00f3n del empleo en el cierre del primer semestre del a\u00f1o dej\u00f3 un nivel de ocupaci\u00f3n m\u00e1s bajo que el observado en diciembre del 2023.<\/p>\n\n\n\n<p>Y no solo eso: subraya que es un significativo retroceso puesto, que en junio de 2024, el mes de elecciones en M\u00e9xico, la ocupaci\u00f3n tuvo su peor desempe\u00f1o para un mes igual cuando menos desde 2005, cuando inician los registros homologados del INEGI, lo cual signific\u00f3 borrar todo el avance del a\u00f1o. Ya a detalle se observan importantes retroesos en el empleo informal y de mujeres.<\/p>\n\n\n\n<p>En junio el mercado laboral elimin\u00f3 863,862 puestos de trabajo y con ello, borr\u00f3 la creaci\u00f3n de empleo de lo que va del a\u00f1o. Con la reducci\u00f3n, la poblaci\u00f3n ocupada se ubic\u00f3 en 58.9 millones de personas, un nivel m\u00e1s bajo a lo observado en diciembre del 2023 (59.1 millones), de acuerdo con la Encuesta Nacional de Ocupaci\u00f3n y Empleo (ENOE).<\/p>\n\n\n\n<p>Hasta ahora, el mercado de trabajo hab\u00eda mostrado se\u00f1ales positivas en generaci\u00f3n de empleo, principalmente en el primer trimestre del a\u00f1o. Los resultados de junio implican la contracci\u00f3n m\u00e1s alta desde noviembre del 2023, cuando se perdieron 1.2 millones de plazas.<\/p>\n\n\n\n<p>\u201cTiene que ver con la desaceleraci\u00f3n de la actividad econ\u00f3mica que estamos viendo a lo largo del 2024, la cual empez\u00f3 en el \u00faltimo trimestre del a\u00f1o pasado y vemos que el crecimiento econ\u00f3mico ha venido siendo m\u00e1s lento. Adem\u00e1s de que en junio, toda la mano de obra temporal que particip\u00f3 en las campa\u00f1as electoral termin\u00f3 su contrato\u201d, expone Janneth Quiroz, directora de An\u00e1lisis Econ\u00f3mico, Cambiario y Burs\u00e1til de Monex.<\/p>\n\n\n\n<p>Como resultado de esto, la tasa de desocupaci\u00f3n tuvo un repunte mensual de 2.6 a 2.8%, su nivel m\u00e1s alto desde enero de este a\u00f1o. Sin embargo, el crecimiento m\u00e1s alto se present\u00f3 en la Poblaci\u00f3n No Econ\u00f3micamente Activa (PNEA) con un aumento de 652,669 personas. Esto significa que la mayor parte de quienes perdieron su ocupaci\u00f3n, se trasladaron a la inactividad laboral.<\/p>\n\n\n\n<p>\u201cLa PEA disminuy\u00f3 significativamente, y no est\u00e1n en la poblaci\u00f3n disponible para trabajar, salieron por completo del mercado de trabajo\u201d, subraya Gabriela Siller, directora de An\u00e1lisis Econ\u00f3mico y Financiero de Banco Base.<\/p>\n\n\n\n<p>Aunque no hay un factor que explique con claridad, la especialista no descarta que lo observado pueda ser reflejo tambi\u00e9n del fin del proceso electoral y que las transferencias monetarias que otorga el gobierno, est\u00e9 desincentivando la participaci\u00f3n laboral de algunos grupos de la poblaci\u00f3n.<\/p>\n\n\n\n<p>El comportamiento de la desocupaci\u00f3n y la PNEA gener\u00f3 un alza en la tasa de desempleo extendido, la cual pas\u00f3 de 9.9 a 10.2% en el comparativo mensual, el nivel m\u00e1s alto desde enero.<\/p>\n\n\n\n<p>De los puestos de trabajo perdidos, el 96% se concentr\u00f3 en la informalidad. El sector formal tuvo una contracci\u00f3n m\u00e1s moderada con una reducci\u00f3n de 33,471 empleos. Esta tendencia coincide con lo reportado por el Instituto Mexicano del Seguro Social (IMSS) y la baja de puestos de trabajo registrados ante la instituci\u00f3n.<\/p>\n\n\n\n<p>Desde la perspectiva de Janneth Quiroz, el resultado de la informalidad no es positivo, ya que no estuvo acompa\u00f1ado de ganancias en el empleo formal. \u201cNo es tan positivo porque nos habla de una p\u00e9rdida de empleo que se ve reflejada en las cifras de junio\u201d.<\/p>\n\n\n\n<p>Esto influy\u00f3 en una reducci\u00f3n mensual de la tasa de informalidad, la cual pas\u00f3 de 54.4 a 53.8, su nivel m\u00e1s bajo desde diciembre del 2023, cuando alcanz\u00f3 una cifra de 53.6 por ciento.<\/p>\n\n\n\n<p>\u201cPareciera que hay menos informales, pero realmente es un efecto matem\u00e1tico. La tasa de informalidad ha disminuido a paso muy lento. Si quisi\u00e9ramos alcanzar la tasa de informalidad de Chile, que es el 25%, al paso que est\u00e1 disminuyendo en M\u00e9xico, nos tardar\u00edamos m\u00e1s de 100 a\u00f1os\u201d, afirma Gabriela Siller.<\/p>\n\n\n\n<p>La tasa de subocupaci\u00f3n, otro indicador clave del mercado laboral, tuvo un ligero incremento mensual de 0.1 punto porcentual para ubicarse en 7.5% de la poblaci\u00f3n ocupada, una cifra a\u00fan lejana de su nivel prepandemia. Tambi\u00e9n denominado subempleo, esta tasa engloba a la fuerza laboral que con la necesidad de ofrecer m\u00e1s horas de trabajo que las que le garantiza su actual ocupaci\u00f3n.<\/p>\n\n\n\n<p>El sector industrial encabez\u00f3 las p\u00e9rdidas<br>Todas las actividades econ\u00f3micas tuvieron un balance negativo, el sector industrial encabez\u00f3 las p\u00e9rdidas con un acumulado de 541,961 puestos laborales eliminados. Al interior de este, la construcci\u00f3n fue el subsector con la mayor ca\u00edda (479,531 empleos).<\/p>\n\n\n\n<p>El sector servicios fue el segundo con peor comportamiento con un saldo general de -231,538 personas ocupadas. Las actividades en restaurantes fueron las que reportaron mayor p\u00e9rdida, seguidas por los servicios profesionales.<\/p>\n\n\n\n<p>Por \u00faltimo, las actividades de agricultura, pesca y ganader\u00eda tuvieron una reducci\u00f3n de 71,135 plazas y extendieron por segundo mes consecutivo sus resultados negativos.<\/p>\n\n\n\n<p>Por otra parte, el rengl\u00f3n de empleadores (-425,238) y de trabajo por cuenta propia (-370,608) concentraron el 92% de la contracci\u00f3n por tipo de ocupaci\u00f3n. El \u00fanico grupo que mostr\u00f3 un saldo positivo fue el trabajo no remunerado con una creaci\u00f3n moderada de 12,778 puestos.<\/p>\n\n\n\n<p>\u201cHacia adelante, ser\u00e1 importante que continue aumentando el empleo formal, sobre todo, considerando que no habr\u00e1 una reforma fiscal para el 2025, y lo ideal es que siga aumentando la base gravable para que las finanzas p\u00fablicas mantengan un buen desempe\u00f1o. Pero los resultados de junio muestran una desaceleraci\u00f3n en l\u00ednea con lo macroecon\u00f3mico. Habr\u00e1 que esperar si se trat\u00f3 de un evento aislado y se ve una recuperaci\u00f3n en los siguientes meses\u201d dice Janneth Quiroz.<\/p>\n\n\n\n<p>Para Gabriela Siller, es probable que el deterioro del mercado laboral se mantenga debido a una mayor desaceleraci\u00f3n econ\u00f3mica, la cual tendr\u00e1 un impacto negativo en el empleo. (El Economista)<\/p>\n","protected":false},"excerpt":{"rendered":"<p>El analista financiero Gerardo Hern\u00e1ndez es el autor del art\u00edculo que coloca el peri\u00f3dico El Economista en su portada este lunes 5 de agosto de 2024 y en el que asegura que la disminuci\u00f3n del empleo en el cierre del primer semestre del a\u00f1o dej\u00f3 un nivel de ocupaci\u00f3n m\u00e1s bajo que el observado en [&hellip;]<\/p>\n","protected":false},"author":44,"featured_media":23281,"comment_status":"closed","ping_status":"open","sticky":false,"template":"","format":"standard","meta":{"tdm_status":"","tdm_grid_status":"","footnotes":""},"categories":[39],"tags":[],"class_list":{"0":"post-88126","1":"post","2":"type-post","3":"status-publish","4":"format-standard","5":"has-post-thumbnail","7":"category-noticias-nacionales"},"yoast_head":"<!-- This site is optimized with the Yoast SEO plugin v27.5 - https:\/\/yoast.com\/product\/yoast-seo-wordpress\/ -->\n<title>Mercado laboral pierde 864 mil empleos en junio y borra todo el avance del a\u00f1o - Fuentes Fidedignas<\/title>\n<meta name=\"robots\" content=\"index, follow, max-snippet:-1, max-image-preview:large, max-video-preview:-1\" \/>\n<link rel=\"canonical\" href=\"https:\/\/fuentesfidedignas.com.mx\/index.php\/2024\/08\/05\/mercado-laboral-pierde-864-mil-empleos-en-junio-y-borra-todo-el-avance-del-ano\/\" \/>\n<meta property=\"og:locale\" content=\"es_MX\" \/>\n<meta property=\"og:type\" content=\"article\" \/>\n<meta property=\"og:title\" content=\"Mercado laboral pierde 864 mil empleos en junio y borra todo el avance del a\u00f1o - Fuentes Fidedignas\" \/>\n<meta property=\"og:description\" content=\"El analista financiero Gerardo Hern\u00e1ndez es el autor del art\u00edculo que coloca el peri\u00f3dico El Economista en su portada este lunes 5 de agosto de 2024 y en el que asegura que la disminuci\u00f3n del empleo en el cierre del primer semestre del a\u00f1o dej\u00f3 un nivel de ocupaci\u00f3n m\u00e1s bajo que el observado en [&hellip;]\" \/>\n<meta property=\"og:url\" content=\"https:\/\/fuentesfidedignas.com.mx\/index.php\/2024\/08\/05\/mercado-laboral-pierde-864-mil-empleos-en-junio-y-borra-todo-el-avance-del-ano\/\" \/>\n<meta property=\"og:site_name\" content=\"Fuentes Fidedignas\" \/>\n<meta property=\"article:publisher\" content=\"https:\/\/www.facebook.com\/Fuentes-Fidedignas-368234489921644\" \/>\n<meta property=\"article:published_time\" content=\"2024-08-05T20:13:45+00:00\" \/>\n<meta property=\"og:image\" content=\"https:\/\/fuentesfidedignas.com.mx\/wp-content\/uploads\/2022\/02\/Empleo-trabajo-trabajadoras-mujeres-640x360-1.jpg\" \/>\n\t<meta property=\"og:image:width\" content=\"640\" \/>\n\t<meta property=\"og:image:height\" content=\"360\" \/>\n\t<meta property=\"og:image:type\" content=\"image\/jpeg\" \/>\n<meta name=\"author\" content=\"El Economista\" \/>\n<meta name=\"twitter:card\" content=\"summary_large_image\" \/>\n<meta name=\"twitter:creator\" content=\"@fidedignas\" \/>\n<meta name=\"twitter:site\" content=\"@fidedignas\" \/>\n<meta name=\"twitter:label1\" content=\"Escrito por\" \/>\n\t<meta name=\"twitter:data1\" content=\"El Economista\" \/>\n\t<meta name=\"twitter:label2\" content=\"Tiempo de lectura\" \/>\n\t<meta name=\"twitter:data2\" content=\"5 minutos\" \/>\n<script type=\"application\/ld+json\" class=\"yoast-schema-graph\">{\"@context\":\"https:\\\/\\\/schema.org\",\"@graph\":[{\"@type\":\"Article\",\"@id\":\"https:\\\/\\\/fuentesfidedignas.com.mx\\\/index.php\\\/2024\\\/08\\\/05\\\/mercado-laboral-pierde-864-mil-empleos-en-junio-y-borra-todo-el-avance-del-ano\\\/#article\",\"isPartOf\":{\"@id\":\"https:\\\/\\\/fuentesfidedignas.com.mx\\\/index.php\\\/2024\\\/08\\\/05\\\/mercado-laboral-pierde-864-mil-empleos-en-junio-y-borra-todo-el-avance-del-ano\\\/\"},\"author\":{\"name\":\"El Economista\",\"@id\":\"https:\\\/\\\/fuentesfidedignas.com.mx\\\/#\\\/schema\\\/person\\\/6af43e831c61354ecb5ffe61c99a9bf1\"},\"headline\":\"Mercado laboral pierde 864 mil empleos en junio y borra todo el avance del a\u00f1o\",\"datePublished\":\"2024-08-05T20:13:45+00:00\",\"mainEntityOfPage\":{\"@id\":\"https:\\\/\\\/fuentesfidedignas.com.mx\\\/index.php\\\/2024\\\/08\\\/05\\\/mercado-laboral-pierde-864-mil-empleos-en-junio-y-borra-todo-el-avance-del-ano\\\/\"},\"wordCount\":1036,\"publisher\":{\"@id\":\"https:\\\/\\\/fuentesfidedignas.com.mx\\\/#organization\"},\"image\":{\"@id\":\"https:\\\/\\\/fuentesfidedignas.com.mx\\\/index.php\\\/2024\\\/08\\\/05\\\/mercado-laboral-pierde-864-mil-empleos-en-junio-y-borra-todo-el-avance-del-ano\\\/#primaryimage\"},\"thumbnailUrl\":\"https:\\\/\\\/fuentesfidedignas.com.mx\\\/wp-content\\\/uploads\\\/2022\\\/02\\\/Empleo-trabajo-trabajadoras-mujeres-640x360-1.jpg\",\"articleSection\":[\"NOTICIAS NACIONALES\"],\"inLanguage\":\"es\"},{\"@type\":\"WebPage\",\"@id\":\"https:\\\/\\\/fuentesfidedignas.com.mx\\\/index.php\\\/2024\\\/08\\\/05\\\/mercado-laboral-pierde-864-mil-empleos-en-junio-y-borra-todo-el-avance-del-ano\\\/\",\"url\":\"https:\\\/\\\/fuentesfidedignas.com.mx\\\/index.php\\\/2024\\\/08\\\/05\\\/mercado-laboral-pierde-864-mil-empleos-en-junio-y-borra-todo-el-avance-del-ano\\\/\",\"name\":\"Mercado laboral pierde 864 mil empleos en junio y borra todo el avance del a\u00f1o - Fuentes Fidedignas\",\"isPartOf\":{\"@id\":\"https:\\\/\\\/fuentesfidedignas.com.mx\\\/#website\"},\"primaryImageOfPage\":{\"@id\":\"https:\\\/\\\/fuentesfidedignas.com.mx\\\/index.php\\\/2024\\\/08\\\/05\\\/mercado-laboral-pierde-864-mil-empleos-en-junio-y-borra-todo-el-avance-del-ano\\\/#primaryimage\"},\"image\":{\"@id\":\"https:\\\/\\\/fuentesfidedignas.com.mx\\\/index.php\\\/2024\\\/08\\\/05\\\/mercado-laboral-pierde-864-mil-empleos-en-junio-y-borra-todo-el-avance-del-ano\\\/#primaryimage\"},\"thumbnailUrl\":\"https:\\\/\\\/fuentesfidedignas.com.mx\\\/wp-content\\\/uploads\\\/2022\\\/02\\\/Empleo-trabajo-trabajadoras-mujeres-640x360-1.jpg\",\"datePublished\":\"2024-08-05T20:13:45+00:00\",\"breadcrumb\":{\"@id\":\"https:\\\/\\\/fuentesfidedignas.com.mx\\\/index.php\\\/2024\\\/08\\\/05\\\/mercado-laboral-pierde-864-mil-empleos-en-junio-y-borra-todo-el-avance-del-ano\\\/#breadcrumb\"},\"inLanguage\":\"es\",\"potentialAction\":[{\"@type\":\"ReadAction\",\"target\":[\"https:\\\/\\\/fuentesfidedignas.com.mx\\\/index.php\\\/2024\\\/08\\\/05\\\/mercado-laboral-pierde-864-mil-empleos-en-junio-y-borra-todo-el-avance-del-ano\\\/\"]}]},{\"@type\":\"ImageObject\",\"inLanguage\":\"es\",\"@id\":\"https:\\\/\\\/fuentesfidedignas.com.mx\\\/index.php\\\/2024\\\/08\\\/05\\\/mercado-laboral-pierde-864-mil-empleos-en-junio-y-borra-todo-el-avance-del-ano\\\/#primaryimage\",\"url\":\"https:\\\/\\\/fuentesfidedignas.com.mx\\\/wp-content\\\/uploads\\\/2022\\\/02\\\/Empleo-trabajo-trabajadoras-mujeres-640x360-1.jpg\",\"contentUrl\":\"https:\\\/\\\/fuentesfidedignas.com.mx\\\/wp-content\\\/uploads\\\/2022\\\/02\\\/Empleo-trabajo-trabajadoras-mujeres-640x360-1.jpg\",\"width\":640,\"height\":360},{\"@type\":\"BreadcrumbList\",\"@id\":\"https:\\\/\\\/fuentesfidedignas.com.mx\\\/index.php\\\/2024\\\/08\\\/05\\\/mercado-laboral-pierde-864-mil-empleos-en-junio-y-borra-todo-el-avance-del-ano\\\/#breadcrumb\",\"itemListElement\":[{\"@type\":\"ListItem\",\"position\":1,\"name\":\"Inicio\",\"item\":\"https:\\\/\\\/fuentesfidedignas.com.mx\\\/\"},{\"@type\":\"ListItem\",\"position\":2,\"name\":\"Mercado laboral pierde 864 mil empleos en junio y borra todo el avance del a\u00f1o\"}]},{\"@type\":\"WebSite\",\"@id\":\"https:\\\/\\\/fuentesfidedignas.com.mx\\\/#website\",\"url\":\"https:\\\/\\\/fuentesfidedignas.com.mx\\\/\",\"name\":\"Fuentes Fidedignas\",\"description\":\"Otro sitio realizado con WordPress\",\"publisher\":{\"@id\":\"https:\\\/\\\/fuentesfidedignas.com.mx\\\/#organization\"},\"potentialAction\":[{\"@type\":\"SearchAction\",\"target\":{\"@type\":\"EntryPoint\",\"urlTemplate\":\"https:\\\/\\\/fuentesfidedignas.com.mx\\\/?s={search_term_string}\"},\"query-input\":{\"@type\":\"PropertyValueSpecification\",\"valueRequired\":true,\"valueName\":\"search_term_string\"}}],\"inLanguage\":\"es\"},{\"@type\":\"Organization\",\"@id\":\"https:\\\/\\\/fuentesfidedignas.com.mx\\\/#organization\",\"name\":\"Fuentes Fidedignas\",\"url\":\"https:\\\/\\\/fuentesfidedignas.com.mx\\\/\",\"logo\":{\"@type\":\"ImageObject\",\"inLanguage\":\"es\",\"@id\":\"https:\\\/\\\/fuentesfidedignas.com.mx\\\/#\\\/schema\\\/logo\\\/image\\\/\",\"url\":\"https:\\\/\\\/fuentesfidedignas.com.mx\\\/wp-content\\\/uploads\\\/2021\\\/04\\\/logo-retina.png\",\"contentUrl\":\"https:\\\/\\\/fuentesfidedignas.com.mx\\\/wp-content\\\/uploads\\\/2021\\\/04\\\/logo-retina.png\",\"width\":280,\"height\":51,\"caption\":\"Fuentes Fidedignas\"},\"image\":{\"@id\":\"https:\\\/\\\/fuentesfidedignas.com.mx\\\/#\\\/schema\\\/logo\\\/image\\\/\"},\"sameAs\":[\"https:\\\/\\\/www.facebook.com\\\/Fuentes-Fidedignas-368234489921644\",\"https:\\\/\\\/x.com\\\/fidedignas\"]},{\"@type\":\"Person\",\"@id\":\"https:\\\/\\\/fuentesfidedignas.com.mx\\\/#\\\/schema\\\/person\\\/6af43e831c61354ecb5ffe61c99a9bf1\",\"name\":\"El Economista\",\"image\":{\"@type\":\"ImageObject\",\"inLanguage\":\"es\",\"@id\":\"https:\\\/\\\/secure.gravatar.com\\\/avatar\\\/cdb633edc72997b061038aff7c4738bf3a38a4e4089c4c7ba9509ccee48b1447?s=96&d=mm&r=g\",\"url\":\"https:\\\/\\\/secure.gravatar.com\\\/avatar\\\/cdb633edc72997b061038aff7c4738bf3a38a4e4089c4c7ba9509ccee48b1447?s=96&d=mm&r=g\",\"contentUrl\":\"https:\\\/\\\/secure.gravatar.com\\\/avatar\\\/cdb633edc72997b061038aff7c4738bf3a38a4e4089c4c7ba9509ccee48b1447?s=96&d=mm&r=g\",\"caption\":\"El Economista\"},\"url\":\"https:\\\/\\\/fuentesfidedignas.com.mx\\\/index.php\\\/author\\\/economista\\\/\"}]}<\/script>\n<!-- \/ Yoast SEO plugin. -->","yoast_head_json":{"title":"Mercado laboral pierde 864 mil empleos en junio y borra todo el avance del a\u00f1o - Fuentes Fidedignas","robots":{"index":"index","follow":"follow","max-snippet":"max-snippet:-1","max-image-preview":"max-image-preview:large","max-video-preview":"max-video-preview:-1"},"canonical":"https:\/\/fuentesfidedignas.com.mx\/index.php\/2024\/08\/05\/mercado-laboral-pierde-864-mil-empleos-en-junio-y-borra-todo-el-avance-del-ano\/","og_locale":"es_MX","og_type":"article","og_title":"Mercado laboral pierde 864 mil empleos en junio y borra todo el avance del a\u00f1o - Fuentes Fidedignas","og_description":"El analista financiero Gerardo Hern\u00e1ndez es el autor del art\u00edculo que coloca el peri\u00f3dico El Economista en su portada este lunes 5 de agosto de 2024 y en el que asegura que la disminuci\u00f3n del empleo en el cierre del primer semestre del a\u00f1o dej\u00f3 un nivel de ocupaci\u00f3n m\u00e1s bajo que el observado en [&hellip;]","og_url":"https:\/\/fuentesfidedignas.com.mx\/index.php\/2024\/08\/05\/mercado-laboral-pierde-864-mil-empleos-en-junio-y-borra-todo-el-avance-del-ano\/","og_site_name":"Fuentes Fidedignas","article_publisher":"https:\/\/www.facebook.com\/Fuentes-Fidedignas-368234489921644","article_published_time":"2024-08-05T20:13:45+00:00","og_image":[{"width":640,"height":360,"url":"https:\/\/fuentesfidedignas.com.mx\/wp-content\/uploads\/2022\/02\/Empleo-trabajo-trabajadoras-mujeres-640x360-1.jpg","type":"image\/jpeg"}],"author":"El Economista","twitter_card":"summary_large_image","twitter_creator":"@fidedignas","twitter_site":"@fidedignas","twitter_misc":{"Escrito por":"El Economista","Tiempo de lectura":"5 minutos"},"schema":{"@context":"https:\/\/schema.org","@graph":[{"@type":"Article","@id":"https:\/\/fuentesfidedignas.com.mx\/index.php\/2024\/08\/05\/mercado-laboral-pierde-864-mil-empleos-en-junio-y-borra-todo-el-avance-del-ano\/#article","isPartOf":{"@id":"https:\/\/fuentesfidedignas.com.mx\/index.php\/2024\/08\/05\/mercado-laboral-pierde-864-mil-empleos-en-junio-y-borra-todo-el-avance-del-ano\/"},"author":{"name":"El Economista","@id":"https:\/\/fuentesfidedignas.com.mx\/#\/schema\/person\/6af43e831c61354ecb5ffe61c99a9bf1"},"headline":"Mercado laboral pierde 864 mil empleos en junio y borra todo el avance del a\u00f1o","datePublished":"2024-08-05T20:13:45+00:00","mainEntityOfPage":{"@id":"https:\/\/fuentesfidedignas.com.mx\/index.php\/2024\/08\/05\/mercado-laboral-pierde-864-mil-empleos-en-junio-y-borra-todo-el-avance-del-ano\/"},"wordCount":1036,"publisher":{"@id":"https:\/\/fuentesfidedignas.com.mx\/#organization"},"image":{"@id":"https:\/\/fuentesfidedignas.com.mx\/index.php\/2024\/08\/05\/mercado-laboral-pierde-864-mil-empleos-en-junio-y-borra-todo-el-avance-del-ano\/#primaryimage"},"thumbnailUrl":"https:\/\/fuentesfidedignas.com.mx\/wp-content\/uploads\/2022\/02\/Empleo-trabajo-trabajadoras-mujeres-640x360-1.jpg","articleSection":["NOTICIAS NACIONALES"],"inLanguage":"es"},{"@type":"WebPage","@id":"https:\/\/fuentesfidedignas.com.mx\/index.php\/2024\/08\/05\/mercado-laboral-pierde-864-mil-empleos-en-junio-y-borra-todo-el-avance-del-ano\/","url":"https:\/\/fuentesfidedignas.com.mx\/index.php\/2024\/08\/05\/mercado-laboral-pierde-864-mil-empleos-en-junio-y-borra-todo-el-avance-del-ano\/","name":"Mercado laboral pierde 864 mil empleos en junio y borra todo el avance del a\u00f1o - Fuentes Fidedignas","isPartOf":{"@id":"https:\/\/fuentesfidedignas.com.mx\/#website"},"primaryImageOfPage":{"@id":"https:\/\/fuentesfidedignas.com.mx\/index.php\/2024\/08\/05\/mercado-laboral-pierde-864-mil-empleos-en-junio-y-borra-todo-el-avance-del-ano\/#primaryimage"},"image":{"@id":"https:\/\/fuentesfidedignas.com.mx\/index.php\/2024\/08\/05\/mercado-laboral-pierde-864-mil-empleos-en-junio-y-borra-todo-el-avance-del-ano\/#primaryimage"},"thumbnailUrl":"https:\/\/fuentesfidedignas.com.mx\/wp-content\/uploads\/2022\/02\/Empleo-trabajo-trabajadoras-mujeres-640x360-1.jpg","datePublished":"2024-08-05T20:13:45+00:00","breadcrumb":{"@id":"https:\/\/fuentesfidedignas.com.mx\/index.php\/2024\/08\/05\/mercado-laboral-pierde-864-mil-empleos-en-junio-y-borra-todo-el-avance-del-ano\/#breadcrumb"},"inLanguage":"es","potentialAction":[{"@type":"ReadAction","target":["https:\/\/fuentesfidedignas.com.mx\/index.php\/2024\/08\/05\/mercado-laboral-pierde-864-mil-empleos-en-junio-y-borra-todo-el-avance-del-ano\/"]}]},{"@type":"ImageObject","inLanguage":"es","@id":"https:\/\/fuentesfidedignas.com.mx\/index.php\/2024\/08\/05\/mercado-laboral-pierde-864-mil-empleos-en-junio-y-borra-todo-el-avance-del-ano\/#primaryimage","url":"https:\/\/fuentesfidedignas.com.mx\/wp-content\/uploads\/2022\/02\/Empleo-trabajo-trabajadoras-mujeres-640x360-1.jpg","contentUrl":"https:\/\/fuentesfidedignas.com.mx\/wp-content\/uploads\/2022\/02\/Empleo-trabajo-trabajadoras-mujeres-640x360-1.jpg","width":640,"height":360},{"@type":"BreadcrumbList","@id":"https:\/\/fuentesfidedignas.com.mx\/index.php\/2024\/08\/05\/mercado-laboral-pierde-864-mil-empleos-en-junio-y-borra-todo-el-avance-del-ano\/#breadcrumb","itemListElement":[{"@type":"ListItem","position":1,"name":"Inicio","item":"https:\/\/fuentesfidedignas.com.mx\/"},{"@type":"ListItem","position":2,"name":"Mercado laboral pierde 864 mil empleos en junio y borra todo el avance del a\u00f1o"}]},{"@type":"WebSite","@id":"https:\/\/fuentesfidedignas.com.mx\/#website","url":"https:\/\/fuentesfidedignas.com.mx\/","name":"Fuentes Fidedignas","description":"Otro sitio realizado con WordPress","publisher":{"@id":"https:\/\/fuentesfidedignas.com.mx\/#organization"},"potentialAction":[{"@type":"SearchAction","target":{"@type":"EntryPoint","urlTemplate":"https:\/\/fuentesfidedignas.com.mx\/?s={search_term_string}"},"query-input":{"@type":"PropertyValueSpecification","valueRequired":true,"valueName":"search_term_string"}}],"inLanguage":"es"},{"@type":"Organization","@id":"https:\/\/fuentesfidedignas.com.mx\/#organization","name":"Fuentes Fidedignas","url":"https:\/\/fuentesfidedignas.com.mx\/","logo":{"@type":"ImageObject","inLanguage":"es","@id":"https:\/\/fuentesfidedignas.com.mx\/#\/schema\/logo\/image\/","url":"https:\/\/fuentesfidedignas.com.mx\/wp-content\/uploads\/2021\/04\/logo-retina.png","contentUrl":"https:\/\/fuentesfidedignas.com.mx\/wp-content\/uploads\/2021\/04\/logo-retina.png","width":280,"height":51,"caption":"Fuentes Fidedignas"},"image":{"@id":"https:\/\/fuentesfidedignas.com.mx\/#\/schema\/logo\/image\/"},"sameAs":["https:\/\/www.facebook.com\/Fuentes-Fidedignas-368234489921644","https:\/\/x.com\/fidedignas"]},{"@type":"Person","@id":"https:\/\/fuentesfidedignas.com.mx\/#\/schema\/person\/6af43e831c61354ecb5ffe61c99a9bf1","name":"El Economista","image":{"@type":"ImageObject","inLanguage":"es","@id":"https:\/\/secure.gravatar.com\/avatar\/cdb633edc72997b061038aff7c4738bf3a38a4e4089c4c7ba9509ccee48b1447?s=96&d=mm&r=g","url":"https:\/\/secure.gravatar.com\/avatar\/cdb633edc72997b061038aff7c4738bf3a38a4e4089c4c7ba9509ccee48b1447?s=96&d=mm&r=g","contentUrl":"https:\/\/secure.gravatar.com\/avatar\/cdb633edc72997b061038aff7c4738bf3a38a4e4089c4c7ba9509ccee48b1447?s=96&d=mm&r=g","caption":"El Economista"},"url":"https:\/\/fuentesfidedignas.com.mx\/index.php\/author\/economista\/"}]}},"_links":{"self":[{"href":"https:\/\/fuentesfidedignas.com.mx\/index.php\/wp-json\/wp\/v2\/posts\/88126","targetHints":{"allow":["GET"]}}],"collection":[{"href":"https:\/\/fuentesfidedignas.com.mx\/index.php\/wp-json\/wp\/v2\/posts"}],"about":[{"href":"https:\/\/fuentesfidedignas.com.mx\/index.php\/wp-json\/wp\/v2\/types\/post"}],"author":[{"embeddable":true,"href":"https:\/\/fuentesfidedignas.com.mx\/index.php\/wp-json\/wp\/v2\/users\/44"}],"replies":[{"embeddable":true,"href":"https:\/\/fuentesfidedignas.com.mx\/index.php\/wp-json\/wp\/v2\/comments?post=88126"}],"version-history":[{"count":1,"href":"https:\/\/fuentesfidedignas.com.mx\/index.php\/wp-json\/wp\/v2\/posts\/88126\/revisions"}],"predecessor-version":[{"id":88127,"href":"https:\/\/fuentesfidedignas.com.mx\/index.php\/wp-json\/wp\/v2\/posts\/88126\/revisions\/88127"}],"wp:featuredmedia":[{"embeddable":true,"href":"https:\/\/fuentesfidedignas.com.mx\/index.php\/wp-json\/wp\/v2\/media\/23281"}],"wp:attachment":[{"href":"https:\/\/fuentesfidedignas.com.mx\/index.php\/wp-json\/wp\/v2\/media?parent=88126"}],"wp:term":[{"taxonomy":"category","embeddable":true,"href":"https:\/\/fuentesfidedignas.com.mx\/index.php\/wp-json\/wp\/v2\/categories?post=88126"},{"taxonomy":"post_tag","embeddable":true,"href":"https:\/\/fuentesfidedignas.com.mx\/index.php\/wp-json\/wp\/v2\/tags?post=88126"}],"curies":[{"name":"wp","href":"https:\/\/api.w.org\/{rel}","templated":true}]}}