{"id":88093,"date":"2024-08-05T08:43:00","date_gmt":"2024-08-05T15:43:00","guid":{"rendered":"https:\/\/fuentesfidedignas.com.mx\/?p=88093"},"modified":"2024-08-05T07:26:22","modified_gmt":"2024-08-05T14:26:22","slug":"video-madre-de-carlos-salcedo-rompe-el-silencio-ante-orden-de-aprehension-en-su-contra","status":"publish","type":"post","link":"https:\/\/fuentesfidedignas.com.mx\/index.php\/2024\/08\/05\/video-madre-de-carlos-salcedo-rompe-el-silencio-ante-orden-de-aprehension-en-su-contra\/","title":{"rendered":"VIDEO | Madre de Carlos Salcedo rompe el silencio ante orden de aprehensi\u00f3n en su contra"},"content":{"rendered":"\n<p><strong><em>La madre de Carlos Salcedo neg\u00f3 su participaci\u00f3n y la de su hija Paola en el asesinato de Jos\u00e9 F\u00e9lix N.<\/em><\/strong><\/p>\n\n\n\n<p>La madre del futbolista Carlos Salcedo rompi\u00f3 el silencio ante la orden de aprehensi\u00f3n girada en su contra por homicidio calificado.<\/p>\n\n\n\n<figure class=\"wp-block-embed is-type-rich is-provider-twitter wp-block-embed-twitter\"><div class=\"wp-block-embed__wrapper\">\n<blockquote class=\"twitter-tweet\" data-width=\"550\" data-dnt=\"true\"><p lang=\"es\" dir=\"ltr\">\ud83d\udea8 Mar\u00eda Isabel Hern\u00e1ndez, madre del futbolista Carlos Salcedo, rompe el silencio y comparte testimonio sobre la orden de aprehensi\u00f3n en su contra. <br><br>\ud83d\udcfd\ufe0f  Mar\u00eda Isabel Hern\u00e1ndez <a href=\"https:\/\/t.co\/xIRhxKRYrL\">pic.twitter.com\/xIRhxKRYrL<\/a><\/p>&mdash; Telediario Guadalajara (@TelediarioGDL) <a href=\"https:\/\/twitter.com\/TelediarioGDL\/status\/1820445840504246771?ref_src=twsrc%5Etfw\">August 5, 2024<\/a><\/blockquote><script async src=\"https:\/\/platform.twitter.com\/widgets.js\" charset=\"utf-8\"><\/script>\n<\/div><\/figure>\n\n\n\n<p>Mar\u00eda Isabel Hern\u00e1ndez Navarro apareci\u00f3 en un video en el que revel\u00f3 que conoci\u00f3 de la orden de aprehensi\u00f3n en su contra y de su hija Paola mediante redes sociales.<\/p>\n\n\n\n<p>Cuestion\u00f3 que no le fuera notificado el mandamiento judicial, instruido en Jalisco, en sus visitas a la Fiscal\u00eda General de Justicia del Estado de M\u00e9xico (FGJEM) para dar seguimiento a la investigaci\u00f3n por el asesinato de su hija.<\/p>\n\n\n\n<p>Sobre el asesinato de Jos\u00e9 F\u00e9lix N., caso en el que se presume su implicaci\u00f3n, Hern\u00e1ndez Navarro neg\u00f3 que su hija Paola lo hubiera amenazado un 5 de marzo.<\/p>\n\n\n\n<p>&#8220;Totalmente falso, porque el d\u00eda 3 de marzo a m\u00ed me operan y ya cuando me dan de alta mi hija estuvo toda la convalecencia, mi hija estuvo por m\u00e1s de 10 d\u00edas conmigo. No s\u00e9 c\u00f3mo mi hija pudo estar en dos lugares\u201d, refiri\u00f3.<\/p>\n\n\n\n<p>La principal l\u00ednea de investigaci\u00f3n de la muerte de Jos\u00e9 F\u00e9lix N. indica que fue producto de la disputa de una herencia.<\/p>\n\n\n\n<p>Al respecto, la madre del futbolista expuso que ella es pensionada y su hija Paola era solvente econ\u00f3micamente, rechazando as\u00ed que buscaran dinero.<\/p>\n\n\n\n<p>&#8220;Ni familiares directos somos (de la v\u00edctima) como para reclamar una herencia. S\u00ed hay una demanda de mi esposo y sus hermanos en contra de Gabriela Salcedo Zamora, pero por la custodia de su mam\u00e1 y de su hermana, ante lo cual nosotros nos mantenemos al margen\u201d, asegur\u00f3.<\/p>\n\n\n\n<p>Mar\u00eda Isabel a\u00f1adi\u00f3 que la declaraci\u00f3n de Gabriela Salcedo Zamora sobre que al momento del homicidio de Jos\u00e9 F\u00e9lix N. los responsables dijeron ir de parte de ella y su hija pudo ser producto del p\u00e1nico del momento.<\/p>\n\n\n\n<p>&#8220;Es totalmente falso, porque en esa calle hay c\u00e1maras donde se puede investigar\u201d, declar\u00f3.<\/p>\n\n\n\n<p><strong>\u201cQuiero justicia para mi hija\u201d<\/strong><br>A m\u00e1s de un mes del feminicidio de su hija Paola, la se\u00f1ora Mar\u00eda Isabel lament\u00f3 que no se haya girado orden de presentaci\u00f3n contra Andrea Esmeralda N. E., esposa de su hijo Carlos, a quienes se\u00f1ala de autores intelercuales.<\/p>\n\n\n\n<p>&#8220;Nos hemos presentado por m\u00e1s de tres veces, se cate\u00f3 la casa de mi hija, presentamos pruebas, se presentaron a dos supuestos autores materiales, y todav\u00eda no se ha girado orden de presentaci\u00f3n para Andrea\u201d, acus\u00f3.<\/p>\n\n\n\n<p>De acuerdo con Hern\u00e1ndez Navarro, que su hijo sea figura p\u00fablica y tenga poder adquisitivo adem\u00e1s de influencias ha influido en la orden de aprehensi\u00f3n en su contra.<\/p>\n\n\n\n<p>&#8220;Yo conf\u00edo en la Fiscal\u00eda del Estado de M\u00e9xico y de la Fiscal\u00eda de Jalisco que hagan las cosas conforme a derecho\u201d, finaliz\u00f3.<\/p>\n","protected":false},"excerpt":{"rendered":"<p>La madre de Carlos Salcedo neg\u00f3 su participaci\u00f3n y la de su hija Paola en el asesinato de Jos\u00e9 F\u00e9lix N. La madre del futbolista Carlos Salcedo rompi\u00f3 el silencio ante la orden de aprehensi\u00f3n girada en su contra por homicidio calificado. Mar\u00eda Isabel Hern\u00e1ndez Navarro apareci\u00f3 en un video en el que revel\u00f3 que [&hellip;]<\/p>\n","protected":false},"author":47,"featured_media":87899,"comment_status":"open","ping_status":"open","sticky":false,"template":"","format":"standard","meta":{"tdm_status":"","tdm_grid_status":"","footnotes":""},"categories":[39],"tags":[],"class_list":{"0":"post-88093","1":"post","2":"type-post","3":"status-publish","4":"format-standard","5":"has-post-thumbnail","7":"category-noticias-nacionales"},"yoast_head":"<!-- This site is optimized with the Yoast SEO plugin v27.5 - https:\/\/yoast.com\/product\/yoast-seo-wordpress\/ -->\n<title>VIDEO | Madre de Carlos Salcedo rompe el silencio ante orden de aprehensi\u00f3n en su contra - Fuentes Fidedignas<\/title>\n<meta name=\"robots\" content=\"index, follow, max-snippet:-1, max-image-preview:large, max-video-preview:-1\" \/>\n<link rel=\"canonical\" href=\"https:\/\/fuentesfidedignas.com.mx\/index.php\/2024\/08\/05\/video-madre-de-carlos-salcedo-rompe-el-silencio-ante-orden-de-aprehension-en-su-contra\/\" \/>\n<meta property=\"og:locale\" content=\"es_MX\" \/>\n<meta property=\"og:type\" content=\"article\" \/>\n<meta property=\"og:title\" content=\"VIDEO | Madre de Carlos Salcedo rompe el silencio ante orden de aprehensi\u00f3n en su contra - Fuentes Fidedignas\" \/>\n<meta property=\"og:description\" content=\"La madre de Carlos Salcedo neg\u00f3 su participaci\u00f3n y la de su hija Paola en el asesinato de Jos\u00e9 F\u00e9lix N. La madre del futbolista Carlos Salcedo rompi\u00f3 el silencio ante la orden de aprehensi\u00f3n girada en su contra por homicidio calificado. Mar\u00eda Isabel Hern\u00e1ndez Navarro apareci\u00f3 en un video en el que revel\u00f3 que [&hellip;]\" \/>\n<meta property=\"og:url\" content=\"https:\/\/fuentesfidedignas.com.mx\/index.php\/2024\/08\/05\/video-madre-de-carlos-salcedo-rompe-el-silencio-ante-orden-de-aprehension-en-su-contra\/\" \/>\n<meta property=\"og:site_name\" content=\"Fuentes Fidedignas\" \/>\n<meta property=\"article:publisher\" content=\"https:\/\/www.facebook.com\/Fuentes-Fidedignas-368234489921644\" \/>\n<meta property=\"article:published_time\" content=\"2024-08-05T15:43:00+00:00\" \/>\n<meta property=\"og:image\" content=\"https:\/\/fuentesfidedignas.com.mx\/wp-content\/uploads\/2024\/08\/mama-carlos-salcedo.jpg\" \/>\n\t<meta property=\"og:image:width\" content=\"960\" \/>\n\t<meta property=\"og:image:height\" content=\"540\" \/>\n\t<meta property=\"og:image:type\" content=\"image\/jpeg\" \/>\n<meta name=\"author\" content=\"L\u00f3pez D\u00f3riga\" \/>\n<meta name=\"twitter:card\" content=\"summary_large_image\" \/>\n<meta name=\"twitter:creator\" content=\"@fidedignas\" \/>\n<meta name=\"twitter:site\" content=\"@fidedignas\" \/>\n<meta name=\"twitter:label1\" content=\"Escrito por\" \/>\n\t<meta name=\"twitter:data1\" content=\"L\u00f3pez D\u00f3riga\" \/>\n\t<meta name=\"twitter:label2\" content=\"Tiempo de lectura\" \/>\n\t<meta name=\"twitter:data2\" content=\"3 minutos\" \/>\n<script type=\"application\/ld+json\" class=\"yoast-schema-graph\">{\"@context\":\"https:\\\/\\\/schema.org\",\"@graph\":[{\"@type\":\"Article\",\"@id\":\"https:\\\/\\\/fuentesfidedignas.com.mx\\\/index.php\\\/2024\\\/08\\\/05\\\/video-madre-de-carlos-salcedo-rompe-el-silencio-ante-orden-de-aprehension-en-su-contra\\\/#article\",\"isPartOf\":{\"@id\":\"https:\\\/\\\/fuentesfidedignas.com.mx\\\/index.php\\\/2024\\\/08\\\/05\\\/video-madre-de-carlos-salcedo-rompe-el-silencio-ante-orden-de-aprehension-en-su-contra\\\/\"},\"author\":{\"name\":\"L\u00f3pez D\u00f3riga\",\"@id\":\"https:\\\/\\\/fuentesfidedignas.com.mx\\\/#\\\/schema\\\/person\\\/67d852f0557c8509146a4b9ddebd543a\"},\"headline\":\"VIDEO | Madre de Carlos Salcedo rompe el silencio ante orden de aprehensi\u00f3n en su contra\",\"datePublished\":\"2024-08-05T15:43:00+00:00\",\"mainEntityOfPage\":{\"@id\":\"https:\\\/\\\/fuentesfidedignas.com.mx\\\/index.php\\\/2024\\\/08\\\/05\\\/video-madre-de-carlos-salcedo-rompe-el-silencio-ante-orden-de-aprehension-en-su-contra\\\/\"},\"wordCount\":522,\"commentCount\":0,\"publisher\":{\"@id\":\"https:\\\/\\\/fuentesfidedignas.com.mx\\\/#organization\"},\"image\":{\"@id\":\"https:\\\/\\\/fuentesfidedignas.com.mx\\\/index.php\\\/2024\\\/08\\\/05\\\/video-madre-de-carlos-salcedo-rompe-el-silencio-ante-orden-de-aprehension-en-su-contra\\\/#primaryimage\"},\"thumbnailUrl\":\"https:\\\/\\\/fuentesfidedignas.com.mx\\\/wp-content\\\/uploads\\\/2024\\\/08\\\/mama-carlos-salcedo.jpg\",\"articleSection\":[\"NOTICIAS NACIONALES\"],\"inLanguage\":\"es\",\"potentialAction\":[{\"@type\":\"CommentAction\",\"name\":\"Comment\",\"target\":[\"https:\\\/\\\/fuentesfidedignas.com.mx\\\/index.php\\\/2024\\\/08\\\/05\\\/video-madre-de-carlos-salcedo-rompe-el-silencio-ante-orden-de-aprehension-en-su-contra\\\/#respond\"]}]},{\"@type\":\"WebPage\",\"@id\":\"https:\\\/\\\/fuentesfidedignas.com.mx\\\/index.php\\\/2024\\\/08\\\/05\\\/video-madre-de-carlos-salcedo-rompe-el-silencio-ante-orden-de-aprehension-en-su-contra\\\/\",\"url\":\"https:\\\/\\\/fuentesfidedignas.com.mx\\\/index.php\\\/2024\\\/08\\\/05\\\/video-madre-de-carlos-salcedo-rompe-el-silencio-ante-orden-de-aprehension-en-su-contra\\\/\",\"name\":\"VIDEO | Madre de Carlos Salcedo rompe el silencio ante orden de aprehensi\u00f3n en su contra - Fuentes Fidedignas\",\"isPartOf\":{\"@id\":\"https:\\\/\\\/fuentesfidedignas.com.mx\\\/#website\"},\"primaryImageOfPage\":{\"@id\":\"https:\\\/\\\/fuentesfidedignas.com.mx\\\/index.php\\\/2024\\\/08\\\/05\\\/video-madre-de-carlos-salcedo-rompe-el-silencio-ante-orden-de-aprehension-en-su-contra\\\/#primaryimage\"},\"image\":{\"@id\":\"https:\\\/\\\/fuentesfidedignas.com.mx\\\/index.php\\\/2024\\\/08\\\/05\\\/video-madre-de-carlos-salcedo-rompe-el-silencio-ante-orden-de-aprehension-en-su-contra\\\/#primaryimage\"},\"thumbnailUrl\":\"https:\\\/\\\/fuentesfidedignas.com.mx\\\/wp-content\\\/uploads\\\/2024\\\/08\\\/mama-carlos-salcedo.jpg\",\"datePublished\":\"2024-08-05T15:43:00+00:00\",\"breadcrumb\":{\"@id\":\"https:\\\/\\\/fuentesfidedignas.com.mx\\\/index.php\\\/2024\\\/08\\\/05\\\/video-madre-de-carlos-salcedo-rompe-el-silencio-ante-orden-de-aprehension-en-su-contra\\\/#breadcrumb\"},\"inLanguage\":\"es\",\"potentialAction\":[{\"@type\":\"ReadAction\",\"target\":[\"https:\\\/\\\/fuentesfidedignas.com.mx\\\/index.php\\\/2024\\\/08\\\/05\\\/video-madre-de-carlos-salcedo-rompe-el-silencio-ante-orden-de-aprehension-en-su-contra\\\/\"]}]},{\"@type\":\"ImageObject\",\"inLanguage\":\"es\",\"@id\":\"https:\\\/\\\/fuentesfidedignas.com.mx\\\/index.php\\\/2024\\\/08\\\/05\\\/video-madre-de-carlos-salcedo-rompe-el-silencio-ante-orden-de-aprehension-en-su-contra\\\/#primaryimage\",\"url\":\"https:\\\/\\\/fuentesfidedignas.com.mx\\\/wp-content\\\/uploads\\\/2024\\\/08\\\/mama-carlos-salcedo.jpg\",\"contentUrl\":\"https:\\\/\\\/fuentesfidedignas.com.mx\\\/wp-content\\\/uploads\\\/2024\\\/08\\\/mama-carlos-salcedo.jpg\",\"width\":960,\"height\":540},{\"@type\":\"BreadcrumbList\",\"@id\":\"https:\\\/\\\/fuentesfidedignas.com.mx\\\/index.php\\\/2024\\\/08\\\/05\\\/video-madre-de-carlos-salcedo-rompe-el-silencio-ante-orden-de-aprehension-en-su-contra\\\/#breadcrumb\",\"itemListElement\":[{\"@type\":\"ListItem\",\"position\":1,\"name\":\"Inicio\",\"item\":\"https:\\\/\\\/fuentesfidedignas.com.mx\\\/\"},{\"@type\":\"ListItem\",\"position\":2,\"name\":\"VIDEO | Madre de Carlos Salcedo rompe el silencio ante orden de aprehensi\u00f3n en su contra\"}]},{\"@type\":\"WebSite\",\"@id\":\"https:\\\/\\\/fuentesfidedignas.com.mx\\\/#website\",\"url\":\"https:\\\/\\\/fuentesfidedignas.com.mx\\\/\",\"name\":\"Fuentes Fidedignas\",\"description\":\"Otro sitio realizado con WordPress\",\"publisher\":{\"@id\":\"https:\\\/\\\/fuentesfidedignas.com.mx\\\/#organization\"},\"potentialAction\":[{\"@type\":\"SearchAction\",\"target\":{\"@type\":\"EntryPoint\",\"urlTemplate\":\"https:\\\/\\\/fuentesfidedignas.com.mx\\\/?s={search_term_string}\"},\"query-input\":{\"@type\":\"PropertyValueSpecification\",\"valueRequired\":true,\"valueName\":\"search_term_string\"}}],\"inLanguage\":\"es\"},{\"@type\":\"Organization\",\"@id\":\"https:\\\/\\\/fuentesfidedignas.com.mx\\\/#organization\",\"name\":\"Fuentes Fidedignas\",\"url\":\"https:\\\/\\\/fuentesfidedignas.com.mx\\\/\",\"logo\":{\"@type\":\"ImageObject\",\"inLanguage\":\"es\",\"@id\":\"https:\\\/\\\/fuentesfidedignas.com.mx\\\/#\\\/schema\\\/logo\\\/image\\\/\",\"url\":\"https:\\\/\\\/fuentesfidedignas.com.mx\\\/wp-content\\\/uploads\\\/2021\\\/04\\\/logo-retina.png\",\"contentUrl\":\"https:\\\/\\\/fuentesfidedignas.com.mx\\\/wp-content\\\/uploads\\\/2021\\\/04\\\/logo-retina.png\",\"width\":280,\"height\":51,\"caption\":\"Fuentes Fidedignas\"},\"image\":{\"@id\":\"https:\\\/\\\/fuentesfidedignas.com.mx\\\/#\\\/schema\\\/logo\\\/image\\\/\"},\"sameAs\":[\"https:\\\/\\\/www.facebook.com\\\/Fuentes-Fidedignas-368234489921644\",\"https:\\\/\\\/x.com\\\/fidedignas\"]},{\"@type\":\"Person\",\"@id\":\"https:\\\/\\\/fuentesfidedignas.com.mx\\\/#\\\/schema\\\/person\\\/67d852f0557c8509146a4b9ddebd543a\",\"name\":\"L\u00f3pez D\u00f3riga\",\"image\":{\"@type\":\"ImageObject\",\"inLanguage\":\"es\",\"@id\":\"https:\\\/\\\/secure.gravatar.com\\\/avatar\\\/e525b06574ca18b33cded59dfe5778d6c823b9513154eff47da551b0551bdd1e?s=96&d=mm&r=g\",\"url\":\"https:\\\/\\\/secure.gravatar.com\\\/avatar\\\/e525b06574ca18b33cded59dfe5778d6c823b9513154eff47da551b0551bdd1e?s=96&d=mm&r=g\",\"contentUrl\":\"https:\\\/\\\/secure.gravatar.com\\\/avatar\\\/e525b06574ca18b33cded59dfe5778d6c823b9513154eff47da551b0551bdd1e?s=96&d=mm&r=g\",\"caption\":\"L\u00f3pez D\u00f3riga\"},\"url\":\"https:\\\/\\\/fuentesfidedignas.com.mx\\\/index.php\\\/author\\\/doriga\\\/\"}]}<\/script>\n<!-- \/ Yoast SEO plugin. -->","yoast_head_json":{"title":"VIDEO | Madre de Carlos Salcedo rompe el silencio ante orden de aprehensi\u00f3n en su contra - Fuentes Fidedignas","robots":{"index":"index","follow":"follow","max-snippet":"max-snippet:-1","max-image-preview":"max-image-preview:large","max-video-preview":"max-video-preview:-1"},"canonical":"https:\/\/fuentesfidedignas.com.mx\/index.php\/2024\/08\/05\/video-madre-de-carlos-salcedo-rompe-el-silencio-ante-orden-de-aprehension-en-su-contra\/","og_locale":"es_MX","og_type":"article","og_title":"VIDEO | Madre de Carlos Salcedo rompe el silencio ante orden de aprehensi\u00f3n en su contra - Fuentes Fidedignas","og_description":"La madre de Carlos Salcedo neg\u00f3 su participaci\u00f3n y la de su hija Paola en el asesinato de Jos\u00e9 F\u00e9lix N. La madre del futbolista Carlos Salcedo rompi\u00f3 el silencio ante la orden de aprehensi\u00f3n girada en su contra por homicidio calificado. Mar\u00eda Isabel Hern\u00e1ndez Navarro apareci\u00f3 en un video en el que revel\u00f3 que [&hellip;]","og_url":"https:\/\/fuentesfidedignas.com.mx\/index.php\/2024\/08\/05\/video-madre-de-carlos-salcedo-rompe-el-silencio-ante-orden-de-aprehension-en-su-contra\/","og_site_name":"Fuentes Fidedignas","article_publisher":"https:\/\/www.facebook.com\/Fuentes-Fidedignas-368234489921644","article_published_time":"2024-08-05T15:43:00+00:00","og_image":[{"width":960,"height":540,"url":"https:\/\/fuentesfidedignas.com.mx\/wp-content\/uploads\/2024\/08\/mama-carlos-salcedo.jpg","type":"image\/jpeg"}],"author":"L\u00f3pez D\u00f3riga","twitter_card":"summary_large_image","twitter_creator":"@fidedignas","twitter_site":"@fidedignas","twitter_misc":{"Escrito por":"L\u00f3pez D\u00f3riga","Tiempo de lectura":"3 minutos"},"schema":{"@context":"https:\/\/schema.org","@graph":[{"@type":"Article","@id":"https:\/\/fuentesfidedignas.com.mx\/index.php\/2024\/08\/05\/video-madre-de-carlos-salcedo-rompe-el-silencio-ante-orden-de-aprehension-en-su-contra\/#article","isPartOf":{"@id":"https:\/\/fuentesfidedignas.com.mx\/index.php\/2024\/08\/05\/video-madre-de-carlos-salcedo-rompe-el-silencio-ante-orden-de-aprehension-en-su-contra\/"},"author":{"name":"L\u00f3pez D\u00f3riga","@id":"https:\/\/fuentesfidedignas.com.mx\/#\/schema\/person\/67d852f0557c8509146a4b9ddebd543a"},"headline":"VIDEO | Madre de Carlos Salcedo rompe el silencio ante orden de aprehensi\u00f3n en su contra","datePublished":"2024-08-05T15:43:00+00:00","mainEntityOfPage":{"@id":"https:\/\/fuentesfidedignas.com.mx\/index.php\/2024\/08\/05\/video-madre-de-carlos-salcedo-rompe-el-silencio-ante-orden-de-aprehension-en-su-contra\/"},"wordCount":522,"commentCount":0,"publisher":{"@id":"https:\/\/fuentesfidedignas.com.mx\/#organization"},"image":{"@id":"https:\/\/fuentesfidedignas.com.mx\/index.php\/2024\/08\/05\/video-madre-de-carlos-salcedo-rompe-el-silencio-ante-orden-de-aprehension-en-su-contra\/#primaryimage"},"thumbnailUrl":"https:\/\/fuentesfidedignas.com.mx\/wp-content\/uploads\/2024\/08\/mama-carlos-salcedo.jpg","articleSection":["NOTICIAS NACIONALES"],"inLanguage":"es","potentialAction":[{"@type":"CommentAction","name":"Comment","target":["https:\/\/fuentesfidedignas.com.mx\/index.php\/2024\/08\/05\/video-madre-de-carlos-salcedo-rompe-el-silencio-ante-orden-de-aprehension-en-su-contra\/#respond"]}]},{"@type":"WebPage","@id":"https:\/\/fuentesfidedignas.com.mx\/index.php\/2024\/08\/05\/video-madre-de-carlos-salcedo-rompe-el-silencio-ante-orden-de-aprehension-en-su-contra\/","url":"https:\/\/fuentesfidedignas.com.mx\/index.php\/2024\/08\/05\/video-madre-de-carlos-salcedo-rompe-el-silencio-ante-orden-de-aprehension-en-su-contra\/","name":"VIDEO | Madre de Carlos Salcedo rompe el silencio ante orden de aprehensi\u00f3n en su contra - Fuentes Fidedignas","isPartOf":{"@id":"https:\/\/fuentesfidedignas.com.mx\/#website"},"primaryImageOfPage":{"@id":"https:\/\/fuentesfidedignas.com.mx\/index.php\/2024\/08\/05\/video-madre-de-carlos-salcedo-rompe-el-silencio-ante-orden-de-aprehension-en-su-contra\/#primaryimage"},"image":{"@id":"https:\/\/fuentesfidedignas.com.mx\/index.php\/2024\/08\/05\/video-madre-de-carlos-salcedo-rompe-el-silencio-ante-orden-de-aprehension-en-su-contra\/#primaryimage"},"thumbnailUrl":"https:\/\/fuentesfidedignas.com.mx\/wp-content\/uploads\/2024\/08\/mama-carlos-salcedo.jpg","datePublished":"2024-08-05T15:43:00+00:00","breadcrumb":{"@id":"https:\/\/fuentesfidedignas.com.mx\/index.php\/2024\/08\/05\/video-madre-de-carlos-salcedo-rompe-el-silencio-ante-orden-de-aprehension-en-su-contra\/#breadcrumb"},"inLanguage":"es","potentialAction":[{"@type":"ReadAction","target":["https:\/\/fuentesfidedignas.com.mx\/index.php\/2024\/08\/05\/video-madre-de-carlos-salcedo-rompe-el-silencio-ante-orden-de-aprehension-en-su-contra\/"]}]},{"@type":"ImageObject","inLanguage":"es","@id":"https:\/\/fuentesfidedignas.com.mx\/index.php\/2024\/08\/05\/video-madre-de-carlos-salcedo-rompe-el-silencio-ante-orden-de-aprehension-en-su-contra\/#primaryimage","url":"https:\/\/fuentesfidedignas.com.mx\/wp-content\/uploads\/2024\/08\/mama-carlos-salcedo.jpg","contentUrl":"https:\/\/fuentesfidedignas.com.mx\/wp-content\/uploads\/2024\/08\/mama-carlos-salcedo.jpg","width":960,"height":540},{"@type":"BreadcrumbList","@id":"https:\/\/fuentesfidedignas.com.mx\/index.php\/2024\/08\/05\/video-madre-de-carlos-salcedo-rompe-el-silencio-ante-orden-de-aprehension-en-su-contra\/#breadcrumb","itemListElement":[{"@type":"ListItem","position":1,"name":"Inicio","item":"https:\/\/fuentesfidedignas.com.mx\/"},{"@type":"ListItem","position":2,"name":"VIDEO | Madre de Carlos Salcedo rompe el silencio ante orden de aprehensi\u00f3n en su contra"}]},{"@type":"WebSite","@id":"https:\/\/fuentesfidedignas.com.mx\/#website","url":"https:\/\/fuentesfidedignas.com.mx\/","name":"Fuentes Fidedignas","description":"Otro sitio realizado con WordPress","publisher":{"@id":"https:\/\/fuentesfidedignas.com.mx\/#organization"},"potentialAction":[{"@type":"SearchAction","target":{"@type":"EntryPoint","urlTemplate":"https:\/\/fuentesfidedignas.com.mx\/?s={search_term_string}"},"query-input":{"@type":"PropertyValueSpecification","valueRequired":true,"valueName":"search_term_string"}}],"inLanguage":"es"},{"@type":"Organization","@id":"https:\/\/fuentesfidedignas.com.mx\/#organization","name":"Fuentes Fidedignas","url":"https:\/\/fuentesfidedignas.com.mx\/","logo":{"@type":"ImageObject","inLanguage":"es","@id":"https:\/\/fuentesfidedignas.com.mx\/#\/schema\/logo\/image\/","url":"https:\/\/fuentesfidedignas.com.mx\/wp-content\/uploads\/2021\/04\/logo-retina.png","contentUrl":"https:\/\/fuentesfidedignas.com.mx\/wp-content\/uploads\/2021\/04\/logo-retina.png","width":280,"height":51,"caption":"Fuentes Fidedignas"},"image":{"@id":"https:\/\/fuentesfidedignas.com.mx\/#\/schema\/logo\/image\/"},"sameAs":["https:\/\/www.facebook.com\/Fuentes-Fidedignas-368234489921644","https:\/\/x.com\/fidedignas"]},{"@type":"Person","@id":"https:\/\/fuentesfidedignas.com.mx\/#\/schema\/person\/67d852f0557c8509146a4b9ddebd543a","name":"L\u00f3pez D\u00f3riga","image":{"@type":"ImageObject","inLanguage":"es","@id":"https:\/\/secure.gravatar.com\/avatar\/e525b06574ca18b33cded59dfe5778d6c823b9513154eff47da551b0551bdd1e?s=96&d=mm&r=g","url":"https:\/\/secure.gravatar.com\/avatar\/e525b06574ca18b33cded59dfe5778d6c823b9513154eff47da551b0551bdd1e?s=96&d=mm&r=g","contentUrl":"https:\/\/secure.gravatar.com\/avatar\/e525b06574ca18b33cded59dfe5778d6c823b9513154eff47da551b0551bdd1e?s=96&d=mm&r=g","caption":"L\u00f3pez D\u00f3riga"},"url":"https:\/\/fuentesfidedignas.com.mx\/index.php\/author\/doriga\/"}]}},"_links":{"self":[{"href":"https:\/\/fuentesfidedignas.com.mx\/index.php\/wp-json\/wp\/v2\/posts\/88093","targetHints":{"allow":["GET"]}}],"collection":[{"href":"https:\/\/fuentesfidedignas.com.mx\/index.php\/wp-json\/wp\/v2\/posts"}],"about":[{"href":"https:\/\/fuentesfidedignas.com.mx\/index.php\/wp-json\/wp\/v2\/types\/post"}],"author":[{"embeddable":true,"href":"https:\/\/fuentesfidedignas.com.mx\/index.php\/wp-json\/wp\/v2\/users\/47"}],"replies":[{"embeddable":true,"href":"https:\/\/fuentesfidedignas.com.mx\/index.php\/wp-json\/wp\/v2\/comments?post=88093"}],"version-history":[{"count":1,"href":"https:\/\/fuentesfidedignas.com.mx\/index.php\/wp-json\/wp\/v2\/posts\/88093\/revisions"}],"predecessor-version":[{"id":88094,"href":"https:\/\/fuentesfidedignas.com.mx\/index.php\/wp-json\/wp\/v2\/posts\/88093\/revisions\/88094"}],"wp:featuredmedia":[{"embeddable":true,"href":"https:\/\/fuentesfidedignas.com.mx\/index.php\/wp-json\/wp\/v2\/media\/87899"}],"wp:attachment":[{"href":"https:\/\/fuentesfidedignas.com.mx\/index.php\/wp-json\/wp\/v2\/media?parent=88093"}],"wp:term":[{"taxonomy":"category","embeddable":true,"href":"https:\/\/fuentesfidedignas.com.mx\/index.php\/wp-json\/wp\/v2\/categories?post=88093"},{"taxonomy":"post_tag","embeddable":true,"href":"https:\/\/fuentesfidedignas.com.mx\/index.php\/wp-json\/wp\/v2\/tags?post=88093"}],"curies":[{"name":"wp","href":"https:\/\/api.w.org\/{rel}","templated":true}]}}