{"id":88060,"date":"2024-08-04T16:53:57","date_gmt":"2024-08-04T23:53:57","guid":{"rendered":"https:\/\/fuentesfidedignas.com.mx\/?p=88060"},"modified":"2024-08-04T16:53:57","modified_gmt":"2024-08-04T23:53:57","slug":"asesinan-en-guanajuato-al-periodista-alejandro-martinez","status":"publish","type":"post","link":"https:\/\/fuentesfidedignas.com.mx\/index.php\/2024\/08\/04\/asesinan-en-guanajuato-al-periodista-alejandro-martinez\/","title":{"rendered":"Asesinan en Guanajuato al periodista Alejandro Mart\u00ednez"},"content":{"rendered":"\n<p><strong><em><br>Primeros reportes se\u00f1alan que Mart\u00ednez Noguez fue agredido en el marco de la cobertura de un accidente sobre la carretera Celaya-Villagr\u00e1n<\/em><\/strong><\/p>\n\n\n\n<p>Guanajuato.- La tarde de este domingo en&nbsp;<strong>Celaya<\/strong>,&nbsp;<strong>Guanajuato<\/strong>, fue asesinado a balazos el periodista&nbsp;<strong>Alejandro Mart\u00ednez Noguez<\/strong>, cuando acudi\u00f3 a realizar una cobertura.<\/p>\n\n\n\n<p>Primeros reportes se\u00f1alan que&nbsp;<strong>Mart\u00ednez Noguez&nbsp;<\/strong>fue agredido en el marco de la cobertura de un accidente sobre la carretera&nbsp;<strong>Celaya-Villagr\u00e1n<\/strong>. Aunque el comunicador contaba con protecci\u00f3n porque ya hab\u00eda recibido amenazas de muerte, \u00e9l recibi\u00f3 un disparo y muri\u00f3 al llegar al hospital.<\/p>\n\n\n\n<p>Antes de la agresi\u00f3n, el periodista hizo una transmisi\u00f3n en su p\u00e1gina de&nbsp;<strong>Facebook<\/strong>, llamada \u2018<strong>El&nbsp;Hijo del Llanero Solititito<\/strong>\u2018.<\/p>\n\n\n\n<p>Los dos polic\u00edas asignados para su protecci\u00f3n tambi\u00e9n resultaron heridos.<\/p>\n\n\n\n<p>La Secretar\u00eda de Seguridad Ciudadana de Celaya y la Fiscal\u00eda General del Estado acudieron al lugar de la agresi\u00f3n. Las autoridades implementaron un operativo para intentar dar con los responsables.<\/p>\n\n\n\n<figure class=\"wp-block-image\"><img decoding=\"async\" width=\"181\" height=\"300\" src=\"https:\/\/fuentesfidedignas.com.mx\/wp-content\/uploads\/2024\/08\/42b27f9c-48a8-418d-b53a-5a0dc9e4e523-45141-000041830ee59531_file-181x300.jpg\" alt=\"\" class=\"wp-image-88058\" srcset=\"https:\/\/fuentesfidedignas.com.mx\/wp-content\/uploads\/2024\/08\/42b27f9c-48a8-418d-b53a-5a0dc9e4e523-45141-000041830ee59531_file-181x300.jpg 181w, https:\/\/fuentesfidedignas.com.mx\/wp-content\/uploads\/2024\/08\/42b27f9c-48a8-418d-b53a-5a0dc9e4e523-45141-000041830ee59531_file.jpg 544w\" sizes=\"(max-width: 181px) 100vw, 181px\" \/><\/figure>\n","protected":false},"excerpt":{"rendered":"<p>Primeros reportes se\u00f1alan que Mart\u00ednez Noguez fue agredido en el marco de la cobertura de un accidente sobre la carretera Celaya-Villagr\u00e1n Guanajuato.- La tarde de este domingo en&nbsp;Celaya,&nbsp;Guanajuato, fue asesinado a balazos el periodista&nbsp;Alejandro Mart\u00ednez Noguez, cuando acudi\u00f3 a realizar una cobertura. Primeros reportes se\u00f1alan que&nbsp;Mart\u00ednez Noguez&nbsp;fue agredido en el marco de la cobertura de [&hellip;]<\/p>\n","protected":false},"author":47,"featured_media":88059,"comment_status":"closed","ping_status":"open","sticky":false,"template":"","format":"standard","meta":{"tdm_status":"","tdm_grid_status":"","footnotes":""},"categories":[39],"tags":[],"class_list":{"0":"post-88060","1":"post","2":"type-post","3":"status-publish","4":"format-standard","5":"has-post-thumbnail","7":"category-noticias-nacionales"},"yoast_head":"<!-- This site is optimized with the Yoast SEO plugin v27.5 - https:\/\/yoast.com\/product\/yoast-seo-wordpress\/ -->\n<title>Asesinan en Guanajuato al periodista Alejandro Mart\u00ednez - Fuentes Fidedignas<\/title>\n<meta name=\"robots\" content=\"index, follow, max-snippet:-1, max-image-preview:large, max-video-preview:-1\" \/>\n<link rel=\"canonical\" href=\"https:\/\/fuentesfidedignas.com.mx\/index.php\/2024\/08\/04\/asesinan-en-guanajuato-al-periodista-alejandro-martinez\/\" \/>\n<meta property=\"og:locale\" content=\"es_MX\" \/>\n<meta property=\"og:type\" content=\"article\" \/>\n<meta property=\"og:title\" content=\"Asesinan en Guanajuato al periodista Alejandro Mart\u00ednez - Fuentes Fidedignas\" \/>\n<meta property=\"og:description\" content=\"Primeros reportes se\u00f1alan que Mart\u00ednez Noguez fue agredido en el marco de la cobertura de un accidente sobre la carretera Celaya-Villagr\u00e1n Guanajuato.- La tarde de este domingo en&nbsp;Celaya,&nbsp;Guanajuato, fue asesinado a balazos el periodista&nbsp;Alejandro Mart\u00ednez Noguez, cuando acudi\u00f3 a realizar una cobertura. Primeros reportes se\u00f1alan que&nbsp;Mart\u00ednez Noguez&nbsp;fue agredido en el marco de la cobertura de [&hellip;]\" \/>\n<meta property=\"og:url\" content=\"https:\/\/fuentesfidedignas.com.mx\/index.php\/2024\/08\/04\/asesinan-en-guanajuato-al-periodista-alejandro-martinez\/\" \/>\n<meta property=\"og:site_name\" content=\"Fuentes Fidedignas\" \/>\n<meta property=\"article:publisher\" content=\"https:\/\/www.facebook.com\/Fuentes-Fidedignas-368234489921644\" \/>\n<meta property=\"article:published_time\" content=\"2024-08-04T23:53:57+00:00\" \/>\n<meta property=\"og:image\" content=\"https:\/\/fuentesfidedignas.com.mx\/wp-content\/uploads\/2024\/08\/img_2536-1.jpg\" \/>\n\t<meta property=\"og:image:width\" content=\"1200\" \/>\n\t<meta property=\"og:image:height\" content=\"675\" \/>\n\t<meta property=\"og:image:type\" content=\"image\/jpeg\" \/>\n<meta name=\"author\" content=\"L\u00f3pez D\u00f3riga\" \/>\n<meta name=\"twitter:card\" content=\"summary_large_image\" \/>\n<meta name=\"twitter:creator\" content=\"@fidedignas\" \/>\n<meta name=\"twitter:site\" content=\"@fidedignas\" \/>\n<meta name=\"twitter:label1\" content=\"Escrito por\" \/>\n\t<meta name=\"twitter:data1\" content=\"L\u00f3pez D\u00f3riga\" \/>\n\t<meta name=\"twitter:label2\" content=\"Tiempo de lectura\" \/>\n\t<meta name=\"twitter:data2\" content=\"1 minuto\" \/>\n<script type=\"application\/ld+json\" class=\"yoast-schema-graph\">{\"@context\":\"https:\\\/\\\/schema.org\",\"@graph\":[{\"@type\":\"Article\",\"@id\":\"https:\\\/\\\/fuentesfidedignas.com.mx\\\/index.php\\\/2024\\\/08\\\/04\\\/asesinan-en-guanajuato-al-periodista-alejandro-martinez\\\/#article\",\"isPartOf\":{\"@id\":\"https:\\\/\\\/fuentesfidedignas.com.mx\\\/index.php\\\/2024\\\/08\\\/04\\\/asesinan-en-guanajuato-al-periodista-alejandro-martinez\\\/\"},\"author\":{\"name\":\"L\u00f3pez D\u00f3riga\",\"@id\":\"https:\\\/\\\/fuentesfidedignas.com.mx\\\/#\\\/schema\\\/person\\\/67d852f0557c8509146a4b9ddebd543a\"},\"headline\":\"Asesinan en Guanajuato al periodista Alejandro Mart\u00ednez\",\"datePublished\":\"2024-08-04T23:53:57+00:00\",\"mainEntityOfPage\":{\"@id\":\"https:\\\/\\\/fuentesfidedignas.com.mx\\\/index.php\\\/2024\\\/08\\\/04\\\/asesinan-en-guanajuato-al-periodista-alejandro-martinez\\\/\"},\"wordCount\":184,\"publisher\":{\"@id\":\"https:\\\/\\\/fuentesfidedignas.com.mx\\\/#organization\"},\"image\":{\"@id\":\"https:\\\/\\\/fuentesfidedignas.com.mx\\\/index.php\\\/2024\\\/08\\\/04\\\/asesinan-en-guanajuato-al-periodista-alejandro-martinez\\\/#primaryimage\"},\"thumbnailUrl\":\"https:\\\/\\\/fuentesfidedignas.com.mx\\\/wp-content\\\/uploads\\\/2024\\\/08\\\/img_2536-1.jpg\",\"articleSection\":[\"NOTICIAS NACIONALES\"],\"inLanguage\":\"es\"},{\"@type\":\"WebPage\",\"@id\":\"https:\\\/\\\/fuentesfidedignas.com.mx\\\/index.php\\\/2024\\\/08\\\/04\\\/asesinan-en-guanajuato-al-periodista-alejandro-martinez\\\/\",\"url\":\"https:\\\/\\\/fuentesfidedignas.com.mx\\\/index.php\\\/2024\\\/08\\\/04\\\/asesinan-en-guanajuato-al-periodista-alejandro-martinez\\\/\",\"name\":\"Asesinan en Guanajuato al periodista Alejandro Mart\u00ednez - Fuentes Fidedignas\",\"isPartOf\":{\"@id\":\"https:\\\/\\\/fuentesfidedignas.com.mx\\\/#website\"},\"primaryImageOfPage\":{\"@id\":\"https:\\\/\\\/fuentesfidedignas.com.mx\\\/index.php\\\/2024\\\/08\\\/04\\\/asesinan-en-guanajuato-al-periodista-alejandro-martinez\\\/#primaryimage\"},\"image\":{\"@id\":\"https:\\\/\\\/fuentesfidedignas.com.mx\\\/index.php\\\/2024\\\/08\\\/04\\\/asesinan-en-guanajuato-al-periodista-alejandro-martinez\\\/#primaryimage\"},\"thumbnailUrl\":\"https:\\\/\\\/fuentesfidedignas.com.mx\\\/wp-content\\\/uploads\\\/2024\\\/08\\\/img_2536-1.jpg\",\"datePublished\":\"2024-08-04T23:53:57+00:00\",\"breadcrumb\":{\"@id\":\"https:\\\/\\\/fuentesfidedignas.com.mx\\\/index.php\\\/2024\\\/08\\\/04\\\/asesinan-en-guanajuato-al-periodista-alejandro-martinez\\\/#breadcrumb\"},\"inLanguage\":\"es\",\"potentialAction\":[{\"@type\":\"ReadAction\",\"target\":[\"https:\\\/\\\/fuentesfidedignas.com.mx\\\/index.php\\\/2024\\\/08\\\/04\\\/asesinan-en-guanajuato-al-periodista-alejandro-martinez\\\/\"]}]},{\"@type\":\"ImageObject\",\"inLanguage\":\"es\",\"@id\":\"https:\\\/\\\/fuentesfidedignas.com.mx\\\/index.php\\\/2024\\\/08\\\/04\\\/asesinan-en-guanajuato-al-periodista-alejandro-martinez\\\/#primaryimage\",\"url\":\"https:\\\/\\\/fuentesfidedignas.com.mx\\\/wp-content\\\/uploads\\\/2024\\\/08\\\/img_2536-1.jpg\",\"contentUrl\":\"https:\\\/\\\/fuentesfidedignas.com.mx\\\/wp-content\\\/uploads\\\/2024\\\/08\\\/img_2536-1.jpg\",\"width\":1200,\"height\":675},{\"@type\":\"BreadcrumbList\",\"@id\":\"https:\\\/\\\/fuentesfidedignas.com.mx\\\/index.php\\\/2024\\\/08\\\/04\\\/asesinan-en-guanajuato-al-periodista-alejandro-martinez\\\/#breadcrumb\",\"itemListElement\":[{\"@type\":\"ListItem\",\"position\":1,\"name\":\"Inicio\",\"item\":\"https:\\\/\\\/fuentesfidedignas.com.mx\\\/\"},{\"@type\":\"ListItem\",\"position\":2,\"name\":\"Asesinan en Guanajuato al periodista Alejandro Mart\u00ednez\"}]},{\"@type\":\"WebSite\",\"@id\":\"https:\\\/\\\/fuentesfidedignas.com.mx\\\/#website\",\"url\":\"https:\\\/\\\/fuentesfidedignas.com.mx\\\/\",\"name\":\"Fuentes Fidedignas\",\"description\":\"Otro sitio realizado con WordPress\",\"publisher\":{\"@id\":\"https:\\\/\\\/fuentesfidedignas.com.mx\\\/#organization\"},\"potentialAction\":[{\"@type\":\"SearchAction\",\"target\":{\"@type\":\"EntryPoint\",\"urlTemplate\":\"https:\\\/\\\/fuentesfidedignas.com.mx\\\/?s={search_term_string}\"},\"query-input\":{\"@type\":\"PropertyValueSpecification\",\"valueRequired\":true,\"valueName\":\"search_term_string\"}}],\"inLanguage\":\"es\"},{\"@type\":\"Organization\",\"@id\":\"https:\\\/\\\/fuentesfidedignas.com.mx\\\/#organization\",\"name\":\"Fuentes Fidedignas\",\"url\":\"https:\\\/\\\/fuentesfidedignas.com.mx\\\/\",\"logo\":{\"@type\":\"ImageObject\",\"inLanguage\":\"es\",\"@id\":\"https:\\\/\\\/fuentesfidedignas.com.mx\\\/#\\\/schema\\\/logo\\\/image\\\/\",\"url\":\"https:\\\/\\\/fuentesfidedignas.com.mx\\\/wp-content\\\/uploads\\\/2021\\\/04\\\/logo-retina.png\",\"contentUrl\":\"https:\\\/\\\/fuentesfidedignas.com.mx\\\/wp-content\\\/uploads\\\/2021\\\/04\\\/logo-retina.png\",\"width\":280,\"height\":51,\"caption\":\"Fuentes Fidedignas\"},\"image\":{\"@id\":\"https:\\\/\\\/fuentesfidedignas.com.mx\\\/#\\\/schema\\\/logo\\\/image\\\/\"},\"sameAs\":[\"https:\\\/\\\/www.facebook.com\\\/Fuentes-Fidedignas-368234489921644\",\"https:\\\/\\\/x.com\\\/fidedignas\"]},{\"@type\":\"Person\",\"@id\":\"https:\\\/\\\/fuentesfidedignas.com.mx\\\/#\\\/schema\\\/person\\\/67d852f0557c8509146a4b9ddebd543a\",\"name\":\"L\u00f3pez D\u00f3riga\",\"image\":{\"@type\":\"ImageObject\",\"inLanguage\":\"es\",\"@id\":\"https:\\\/\\\/secure.gravatar.com\\\/avatar\\\/e525b06574ca18b33cded59dfe5778d6c823b9513154eff47da551b0551bdd1e?s=96&d=mm&r=g\",\"url\":\"https:\\\/\\\/secure.gravatar.com\\\/avatar\\\/e525b06574ca18b33cded59dfe5778d6c823b9513154eff47da551b0551bdd1e?s=96&d=mm&r=g\",\"contentUrl\":\"https:\\\/\\\/secure.gravatar.com\\\/avatar\\\/e525b06574ca18b33cded59dfe5778d6c823b9513154eff47da551b0551bdd1e?s=96&d=mm&r=g\",\"caption\":\"L\u00f3pez D\u00f3riga\"},\"url\":\"https:\\\/\\\/fuentesfidedignas.com.mx\\\/index.php\\\/author\\\/doriga\\\/\"}]}<\/script>\n<!-- \/ Yoast SEO plugin. -->","yoast_head_json":{"title":"Asesinan en Guanajuato al periodista Alejandro Mart\u00ednez - Fuentes Fidedignas","robots":{"index":"index","follow":"follow","max-snippet":"max-snippet:-1","max-image-preview":"max-image-preview:large","max-video-preview":"max-video-preview:-1"},"canonical":"https:\/\/fuentesfidedignas.com.mx\/index.php\/2024\/08\/04\/asesinan-en-guanajuato-al-periodista-alejandro-martinez\/","og_locale":"es_MX","og_type":"article","og_title":"Asesinan en Guanajuato al periodista Alejandro Mart\u00ednez - Fuentes Fidedignas","og_description":"Primeros reportes se\u00f1alan que Mart\u00ednez Noguez fue agredido en el marco de la cobertura de un accidente sobre la carretera Celaya-Villagr\u00e1n Guanajuato.- La tarde de este domingo en&nbsp;Celaya,&nbsp;Guanajuato, fue asesinado a balazos el periodista&nbsp;Alejandro Mart\u00ednez Noguez, cuando acudi\u00f3 a realizar una cobertura. Primeros reportes se\u00f1alan que&nbsp;Mart\u00ednez Noguez&nbsp;fue agredido en el marco de la cobertura de [&hellip;]","og_url":"https:\/\/fuentesfidedignas.com.mx\/index.php\/2024\/08\/04\/asesinan-en-guanajuato-al-periodista-alejandro-martinez\/","og_site_name":"Fuentes Fidedignas","article_publisher":"https:\/\/www.facebook.com\/Fuentes-Fidedignas-368234489921644","article_published_time":"2024-08-04T23:53:57+00:00","og_image":[{"width":1200,"height":675,"url":"https:\/\/fuentesfidedignas.com.mx\/wp-content\/uploads\/2024\/08\/img_2536-1.jpg","type":"image\/jpeg"}],"author":"L\u00f3pez D\u00f3riga","twitter_card":"summary_large_image","twitter_creator":"@fidedignas","twitter_site":"@fidedignas","twitter_misc":{"Escrito por":"L\u00f3pez D\u00f3riga","Tiempo de lectura":"1 minuto"},"schema":{"@context":"https:\/\/schema.org","@graph":[{"@type":"Article","@id":"https:\/\/fuentesfidedignas.com.mx\/index.php\/2024\/08\/04\/asesinan-en-guanajuato-al-periodista-alejandro-martinez\/#article","isPartOf":{"@id":"https:\/\/fuentesfidedignas.com.mx\/index.php\/2024\/08\/04\/asesinan-en-guanajuato-al-periodista-alejandro-martinez\/"},"author":{"name":"L\u00f3pez D\u00f3riga","@id":"https:\/\/fuentesfidedignas.com.mx\/#\/schema\/person\/67d852f0557c8509146a4b9ddebd543a"},"headline":"Asesinan en Guanajuato al periodista Alejandro Mart\u00ednez","datePublished":"2024-08-04T23:53:57+00:00","mainEntityOfPage":{"@id":"https:\/\/fuentesfidedignas.com.mx\/index.php\/2024\/08\/04\/asesinan-en-guanajuato-al-periodista-alejandro-martinez\/"},"wordCount":184,"publisher":{"@id":"https:\/\/fuentesfidedignas.com.mx\/#organization"},"image":{"@id":"https:\/\/fuentesfidedignas.com.mx\/index.php\/2024\/08\/04\/asesinan-en-guanajuato-al-periodista-alejandro-martinez\/#primaryimage"},"thumbnailUrl":"https:\/\/fuentesfidedignas.com.mx\/wp-content\/uploads\/2024\/08\/img_2536-1.jpg","articleSection":["NOTICIAS NACIONALES"],"inLanguage":"es"},{"@type":"WebPage","@id":"https:\/\/fuentesfidedignas.com.mx\/index.php\/2024\/08\/04\/asesinan-en-guanajuato-al-periodista-alejandro-martinez\/","url":"https:\/\/fuentesfidedignas.com.mx\/index.php\/2024\/08\/04\/asesinan-en-guanajuato-al-periodista-alejandro-martinez\/","name":"Asesinan en Guanajuato al periodista Alejandro Mart\u00ednez - Fuentes Fidedignas","isPartOf":{"@id":"https:\/\/fuentesfidedignas.com.mx\/#website"},"primaryImageOfPage":{"@id":"https:\/\/fuentesfidedignas.com.mx\/index.php\/2024\/08\/04\/asesinan-en-guanajuato-al-periodista-alejandro-martinez\/#primaryimage"},"image":{"@id":"https:\/\/fuentesfidedignas.com.mx\/index.php\/2024\/08\/04\/asesinan-en-guanajuato-al-periodista-alejandro-martinez\/#primaryimage"},"thumbnailUrl":"https:\/\/fuentesfidedignas.com.mx\/wp-content\/uploads\/2024\/08\/img_2536-1.jpg","datePublished":"2024-08-04T23:53:57+00:00","breadcrumb":{"@id":"https:\/\/fuentesfidedignas.com.mx\/index.php\/2024\/08\/04\/asesinan-en-guanajuato-al-periodista-alejandro-martinez\/#breadcrumb"},"inLanguage":"es","potentialAction":[{"@type":"ReadAction","target":["https:\/\/fuentesfidedignas.com.mx\/index.php\/2024\/08\/04\/asesinan-en-guanajuato-al-periodista-alejandro-martinez\/"]}]},{"@type":"ImageObject","inLanguage":"es","@id":"https:\/\/fuentesfidedignas.com.mx\/index.php\/2024\/08\/04\/asesinan-en-guanajuato-al-periodista-alejandro-martinez\/#primaryimage","url":"https:\/\/fuentesfidedignas.com.mx\/wp-content\/uploads\/2024\/08\/img_2536-1.jpg","contentUrl":"https:\/\/fuentesfidedignas.com.mx\/wp-content\/uploads\/2024\/08\/img_2536-1.jpg","width":1200,"height":675},{"@type":"BreadcrumbList","@id":"https:\/\/fuentesfidedignas.com.mx\/index.php\/2024\/08\/04\/asesinan-en-guanajuato-al-periodista-alejandro-martinez\/#breadcrumb","itemListElement":[{"@type":"ListItem","position":1,"name":"Inicio","item":"https:\/\/fuentesfidedignas.com.mx\/"},{"@type":"ListItem","position":2,"name":"Asesinan en Guanajuato al periodista Alejandro Mart\u00ednez"}]},{"@type":"WebSite","@id":"https:\/\/fuentesfidedignas.com.mx\/#website","url":"https:\/\/fuentesfidedignas.com.mx\/","name":"Fuentes Fidedignas","description":"Otro sitio realizado con WordPress","publisher":{"@id":"https:\/\/fuentesfidedignas.com.mx\/#organization"},"potentialAction":[{"@type":"SearchAction","target":{"@type":"EntryPoint","urlTemplate":"https:\/\/fuentesfidedignas.com.mx\/?s={search_term_string}"},"query-input":{"@type":"PropertyValueSpecification","valueRequired":true,"valueName":"search_term_string"}}],"inLanguage":"es"},{"@type":"Organization","@id":"https:\/\/fuentesfidedignas.com.mx\/#organization","name":"Fuentes Fidedignas","url":"https:\/\/fuentesfidedignas.com.mx\/","logo":{"@type":"ImageObject","inLanguage":"es","@id":"https:\/\/fuentesfidedignas.com.mx\/#\/schema\/logo\/image\/","url":"https:\/\/fuentesfidedignas.com.mx\/wp-content\/uploads\/2021\/04\/logo-retina.png","contentUrl":"https:\/\/fuentesfidedignas.com.mx\/wp-content\/uploads\/2021\/04\/logo-retina.png","width":280,"height":51,"caption":"Fuentes Fidedignas"},"image":{"@id":"https:\/\/fuentesfidedignas.com.mx\/#\/schema\/logo\/image\/"},"sameAs":["https:\/\/www.facebook.com\/Fuentes-Fidedignas-368234489921644","https:\/\/x.com\/fidedignas"]},{"@type":"Person","@id":"https:\/\/fuentesfidedignas.com.mx\/#\/schema\/person\/67d852f0557c8509146a4b9ddebd543a","name":"L\u00f3pez D\u00f3riga","image":{"@type":"ImageObject","inLanguage":"es","@id":"https:\/\/secure.gravatar.com\/avatar\/e525b06574ca18b33cded59dfe5778d6c823b9513154eff47da551b0551bdd1e?s=96&d=mm&r=g","url":"https:\/\/secure.gravatar.com\/avatar\/e525b06574ca18b33cded59dfe5778d6c823b9513154eff47da551b0551bdd1e?s=96&d=mm&r=g","contentUrl":"https:\/\/secure.gravatar.com\/avatar\/e525b06574ca18b33cded59dfe5778d6c823b9513154eff47da551b0551bdd1e?s=96&d=mm&r=g","caption":"L\u00f3pez D\u00f3riga"},"url":"https:\/\/fuentesfidedignas.com.mx\/index.php\/author\/doriga\/"}]}},"_links":{"self":[{"href":"https:\/\/fuentesfidedignas.com.mx\/index.php\/wp-json\/wp\/v2\/posts\/88060","targetHints":{"allow":["GET"]}}],"collection":[{"href":"https:\/\/fuentesfidedignas.com.mx\/index.php\/wp-json\/wp\/v2\/posts"}],"about":[{"href":"https:\/\/fuentesfidedignas.com.mx\/index.php\/wp-json\/wp\/v2\/types\/post"}],"author":[{"embeddable":true,"href":"https:\/\/fuentesfidedignas.com.mx\/index.php\/wp-json\/wp\/v2\/users\/47"}],"replies":[{"embeddable":true,"href":"https:\/\/fuentesfidedignas.com.mx\/index.php\/wp-json\/wp\/v2\/comments?post=88060"}],"version-history":[{"count":1,"href":"https:\/\/fuentesfidedignas.com.mx\/index.php\/wp-json\/wp\/v2\/posts\/88060\/revisions"}],"predecessor-version":[{"id":88061,"href":"https:\/\/fuentesfidedignas.com.mx\/index.php\/wp-json\/wp\/v2\/posts\/88060\/revisions\/88061"}],"wp:featuredmedia":[{"embeddable":true,"href":"https:\/\/fuentesfidedignas.com.mx\/index.php\/wp-json\/wp\/v2\/media\/88059"}],"wp:attachment":[{"href":"https:\/\/fuentesfidedignas.com.mx\/index.php\/wp-json\/wp\/v2\/media?parent=88060"}],"wp:term":[{"taxonomy":"category","embeddable":true,"href":"https:\/\/fuentesfidedignas.com.mx\/index.php\/wp-json\/wp\/v2\/categories?post=88060"},{"taxonomy":"post_tag","embeddable":true,"href":"https:\/\/fuentesfidedignas.com.mx\/index.php\/wp-json\/wp\/v2\/tags?post=88060"}],"curies":[{"name":"wp","href":"https:\/\/api.w.org\/{rel}","templated":true}]}}