{"id":88026,"date":"2024-08-04T09:21:59","date_gmt":"2024-08-04T16:21:59","guid":{"rendered":"https:\/\/fuentesfidedignas.com.mx\/?p=88026"},"modified":"2024-08-04T09:21:59","modified_gmt":"2024-08-04T16:21:59","slug":"replanteando-el-modelo-de-universidad","status":"publish","type":"post","link":"https:\/\/fuentesfidedignas.com.mx\/index.php\/2024\/08\/04\/replanteando-el-modelo-de-universidad\/","title":{"rendered":"Replanteando el modelo de Universidad"},"content":{"rendered":"\n<p>El pasado mi\u00e9rcoles, tuve el privilegio de participar en un foro de suma importancia para el futuro de la Universidad Aut\u00f3noma de Sinaloa (UAS). La Comisi\u00f3n Permanente de Educaci\u00f3n, Ciencia y Tecnolog\u00eda del Congreso del Estado de Sinaloa convoc\u00f3 a una reuni\u00f3n en el Sal\u00f3n Constituyentes de 1917 del Poder Legislativo, con el prop\u00f3sito de escuchar las propuestas ciudadanas para la reforma de la Ley Org\u00e1nica de la UAS.<\/p>\n\n\n\n<p>El evento form\u00f3 parte del proceso legislativo para elaborar el anteproyecto de dictamen previo a la Consulta Universitaria. Trece ciudadanos, entre los que me incluyo, tuvimos la oportunidad de exponer nuestras ideas y preocupaciones ante los integrantes de la Comisi\u00f3n: el diputado Adolfo Beltr\u00e1n Corrales, presidente, y las diputadas M\u00f3nica Armenta Elenes y Gloria Himelda F\u00e9lix Niebla, secretaria y vocal respectivamente.<\/p>\n\n\n\n<p>En mi intervenci\u00f3n, junto con mi colega Francisco Morales Zepeda, abordamos varios puntos que consideramos cruciales para el futuro de nuestra instituci\u00f3n. En primer lugar, se enfatiz\u00f3 la necesidad de retomar los principios de democracia participativa en la universidad. As\u00ed, como la reactivaci\u00f3n del voto universal, un mecanismo que permitir\u00eda a todos los miembros de la comunidad universitaria &#8211; estudiantes, personal administrativo y acad\u00e9micos &#8211; participar en la elecci\u00f3n de sus autoridades.<\/p>\n\n\n\n<p>Este sistema de votaci\u00f3n, argument\u00e9, deber\u00eda aplicarse tanto a nivel de las escuelas individuales como a escala institucional. Es decir, cada escuela elegir\u00eda a sus propios directores, mientras que la comunidad universitaria en su conjunto decidir\u00eda sobre el nombramiento del rector. Esta propuesta busca fomentar una mayor representatividad y participaci\u00f3n en los procesos de toma de decisiones.<\/p>\n\n\n\n<p>Otro punto que consider\u00e9 fundamental abordar fue el papel de los estudiantes en la gobernanza universitaria. Se\u00f1al\u00e9 que la participaci\u00f3n estudiantil es esencial y que los mecanismos actuales, como el consejo t\u00e9cnico y el consejo universitario, resultan insuficientes. Por ello, propuse la institucionalizaci\u00f3n del movimiento estudiantil como una forma de garantizar una voz m\u00e1s fuerte y estructurada para los alumnos en los asuntos universitarios.<\/p>\n\n\n\n<p>En cuanto a los procesos de selecci\u00f3n de autoridades, manifest\u00e9 mi oposici\u00f3n a la actual Comisi\u00f3n Permanente de Postulaci\u00f3n. Suger\u00ed que sus funciones podr\u00edan ser asumidas por la Secretar\u00eda General, eliminando as\u00ed un nivel adicional de burocracia. Adem\u00e1s, abogu\u00e9 por un sistema m\u00e1s abierto, donde todos los candidatos que cumplan con los requisitos puedan ser votados, en lugar de limitarse a una terna preseleccionada.<\/p>\n\n\n\n<p>Un aspecto en el que hice especial hincapi\u00e9 fue el rechazo a la reelecci\u00f3n de autoridades universitarias. Argument\u00e9 que esta pr\u00e1ctica va en contra de los principios hist\u00f3ricos de nuestra instituci\u00f3n, recordando la figura de Rafael Buelna Tenorio, el &#8220;granito de oro&#8221;, h\u00e9roe de la Revoluci\u00f3n Mexicana y promotor de la consigna &#8220;Sufragio Efectivo, No Reelecci\u00f3n&#8221;. La no reelecci\u00f3n, sostuve, es crucial para garantizar la renovaci\u00f3n de liderazgos y evitar la concentraci\u00f3n de poder.<\/p>\n\n\n\n<p>Tambi\u00e9n es obligado expresar mi firme oposici\u00f3n a ciertas propuestas que, a mi juicio, podr\u00edan resultar perjudiciales para la autonom\u00eda y la libertad acad\u00e9mica. En particular, rechazo la idea de establecer una junta de gobierno y un tribunal disciplinario para vigilar a los universitarios. Tales medidas podr\u00edan comprometer la libertad de c\u00e1tedra y de pensamiento, valores fundamentales en cualquier instituci\u00f3n de educaci\u00f3n superior.<\/p>\n\n\n\n<p>A lo largo de la sesi\u00f3n, se hizo evidente que exist\u00eda un consenso entre varios de los participantes sobre la necesidad de garantizar el acceso igualitario de mujeres y hombres a los cargos universitarios mediante procesos democr\u00e1ticos.<\/p>\n\n\n\n<p>Al concluir la sesi\u00f3n, qued\u00f3 claro que el camino hacia la reforma de la Ley Org\u00e1nica de la UAS ser\u00e1 complejo y posiblemente controvertido.<\/p>\n\n\n\n<p>Como participante en este proceso, considero que es fundamental mantener abiertos estos espacios de di\u00e1logo y continuar fomentando la participaci\u00f3n ciudadana en la toma de decisiones que afectan a nuestra universidad. Solo a trav\u00e9s de un debate amplio, inclusivo y respetuoso podremos forjar una UAS m\u00e1s democr\u00e1tica, equitativa y preparada para enfrentar los desaf\u00edos del futuro.<\/p>\n\n\n\n<p>La jornada en el Congreso del Estado fue, sin duda, un paso importante en este proceso de reforma. Ahora, corresponde a las autoridades legislativas y universitarias trabajar de la mano, a partir de mesas de dialogo que permitan trabajar en la elaboraci\u00f3n de un anteproyecto de ley que refleje las aspiraciones y necesidades de toda la comunidad universitaria. Como universitarios y ciudadanos comprometidos, seguiremos de cerca este proceso y continuaremos aportando nuestras ideas y esfuerzos para construir la universidad que Sinaloa merece.<\/p>\n","protected":false},"excerpt":{"rendered":"<p>El pasado mi\u00e9rcoles, tuve el privilegio de participar en un foro de suma importancia para el futuro de la Universidad Aut\u00f3noma de Sinaloa (UAS). La Comisi\u00f3n Permanente de Educaci\u00f3n, Ciencia y Tecnolog\u00eda del Congreso del Estado de Sinaloa convoc\u00f3 a una reuni\u00f3n en el Sal\u00f3n Constituyentes de 1917 del Poder Legislativo, con el prop\u00f3sito de [&hellip;]<\/p>\n","protected":false},"author":146,"featured_media":88025,"comment_status":"closed","ping_status":"open","sticky":true,"template":"","format":"standard","meta":{"tdm_status":"","tdm_grid_status":"","footnotes":""},"categories":[3064,3089],"tags":[],"class_list":{"0":"post-88026","1":"post","2":"type-post","3":"status-publish","4":"format-standard","5":"has-post-thumbnail","7":"category-columnas","8":"category-nutriendo-la-mente"},"yoast_head":"<!-- This site is optimized with the Yoast SEO plugin v27.5 - https:\/\/yoast.com\/product\/yoast-seo-wordpress\/ -->\n<title>Replanteando el modelo de Universidad - Fuentes Fidedignas<\/title>\n<meta name=\"robots\" content=\"index, follow, max-snippet:-1, max-image-preview:large, max-video-preview:-1\" \/>\n<link rel=\"canonical\" href=\"https:\/\/fuentesfidedignas.com.mx\/index.php\/2024\/08\/04\/replanteando-el-modelo-de-universidad\/\" \/>\n<meta property=\"og:locale\" content=\"es_MX\" \/>\n<meta property=\"og:type\" content=\"article\" \/>\n<meta property=\"og:title\" content=\"Replanteando el modelo de Universidad - Fuentes Fidedignas\" \/>\n<meta property=\"og:description\" content=\"El pasado mi\u00e9rcoles, tuve el privilegio de participar en un foro de suma importancia para el futuro de la Universidad Aut\u00f3noma de Sinaloa (UAS). La Comisi\u00f3n Permanente de Educaci\u00f3n, Ciencia y Tecnolog\u00eda del Congreso del Estado de Sinaloa convoc\u00f3 a una reuni\u00f3n en el Sal\u00f3n Constituyentes de 1917 del Poder Legislativo, con el prop\u00f3sito de [&hellip;]\" \/>\n<meta property=\"og:url\" content=\"https:\/\/fuentesfidedignas.com.mx\/index.php\/2024\/08\/04\/replanteando-el-modelo-de-universidad\/\" \/>\n<meta property=\"og:site_name\" content=\"Fuentes Fidedignas\" \/>\n<meta property=\"article:publisher\" content=\"https:\/\/www.facebook.com\/Fuentes-Fidedignas-368234489921644\" \/>\n<meta property=\"article:published_time\" content=\"2024-08-04T16:21:59+00:00\" \/>\n<meta property=\"og:image\" content=\"https:\/\/fuentesfidedignas.com.mx\/wp-content\/uploads\/2024\/08\/91178e25-8f06-465c-b570-5bc0c01ba0cb-1.jpg\" \/>\n\t<meta property=\"og:image:width\" content=\"1600\" \/>\n\t<meta property=\"og:image:height\" content=\"1066\" \/>\n\t<meta property=\"og:image:type\" content=\"image\/jpeg\" \/>\n<meta name=\"author\" content=\"Mtro. Horacio de Jes\u00fas Malcampo Moreno\" \/>\n<meta name=\"twitter:card\" content=\"summary_large_image\" \/>\n<meta name=\"twitter:creator\" content=\"@fidedignas\" \/>\n<meta name=\"twitter:site\" content=\"@fidedignas\" \/>\n<meta name=\"twitter:label1\" content=\"Escrito por\" \/>\n\t<meta name=\"twitter:data1\" content=\"Mtro. Horacio de Jes\u00fas Malcampo Moreno\" \/>\n\t<meta name=\"twitter:label2\" content=\"Tiempo de lectura\" \/>\n\t<meta name=\"twitter:data2\" content=\"4 minutos\" \/>\n<script type=\"application\/ld+json\" class=\"yoast-schema-graph\">{\"@context\":\"https:\\\/\\\/schema.org\",\"@graph\":[{\"@type\":\"Article\",\"@id\":\"https:\\\/\\\/fuentesfidedignas.com.mx\\\/index.php\\\/2024\\\/08\\\/04\\\/replanteando-el-modelo-de-universidad\\\/#article\",\"isPartOf\":{\"@id\":\"https:\\\/\\\/fuentesfidedignas.com.mx\\\/index.php\\\/2024\\\/08\\\/04\\\/replanteando-el-modelo-de-universidad\\\/\"},\"author\":{\"name\":\"Mtro. Horacio de Jes\u00fas Malcampo Moreno\",\"@id\":\"https:\\\/\\\/fuentesfidedignas.com.mx\\\/#\\\/schema\\\/person\\\/3f687c55082c557a647c7836bde45728\"},\"headline\":\"Replanteando el modelo de Universidad\",\"datePublished\":\"2024-08-04T16:21:59+00:00\",\"mainEntityOfPage\":{\"@id\":\"https:\\\/\\\/fuentesfidedignas.com.mx\\\/index.php\\\/2024\\\/08\\\/04\\\/replanteando-el-modelo-de-universidad\\\/\"},\"wordCount\":795,\"publisher\":{\"@id\":\"https:\\\/\\\/fuentesfidedignas.com.mx\\\/#organization\"},\"image\":{\"@id\":\"https:\\\/\\\/fuentesfidedignas.com.mx\\\/index.php\\\/2024\\\/08\\\/04\\\/replanteando-el-modelo-de-universidad\\\/#primaryimage\"},\"thumbnailUrl\":\"https:\\\/\\\/fuentesfidedignas.com.mx\\\/wp-content\\\/uploads\\\/2024\\\/08\\\/91178e25-8f06-465c-b570-5bc0c01ba0cb-1.jpg\",\"articleSection\":[\"COLUMNAS\",\"NUTRIENDO LA MENTE\"],\"inLanguage\":\"es\"},{\"@type\":\"WebPage\",\"@id\":\"https:\\\/\\\/fuentesfidedignas.com.mx\\\/index.php\\\/2024\\\/08\\\/04\\\/replanteando-el-modelo-de-universidad\\\/\",\"url\":\"https:\\\/\\\/fuentesfidedignas.com.mx\\\/index.php\\\/2024\\\/08\\\/04\\\/replanteando-el-modelo-de-universidad\\\/\",\"name\":\"Replanteando el modelo de Universidad - Fuentes Fidedignas\",\"isPartOf\":{\"@id\":\"https:\\\/\\\/fuentesfidedignas.com.mx\\\/#website\"},\"primaryImageOfPage\":{\"@id\":\"https:\\\/\\\/fuentesfidedignas.com.mx\\\/index.php\\\/2024\\\/08\\\/04\\\/replanteando-el-modelo-de-universidad\\\/#primaryimage\"},\"image\":{\"@id\":\"https:\\\/\\\/fuentesfidedignas.com.mx\\\/index.php\\\/2024\\\/08\\\/04\\\/replanteando-el-modelo-de-universidad\\\/#primaryimage\"},\"thumbnailUrl\":\"https:\\\/\\\/fuentesfidedignas.com.mx\\\/wp-content\\\/uploads\\\/2024\\\/08\\\/91178e25-8f06-465c-b570-5bc0c01ba0cb-1.jpg\",\"datePublished\":\"2024-08-04T16:21:59+00:00\",\"breadcrumb\":{\"@id\":\"https:\\\/\\\/fuentesfidedignas.com.mx\\\/index.php\\\/2024\\\/08\\\/04\\\/replanteando-el-modelo-de-universidad\\\/#breadcrumb\"},\"inLanguage\":\"es\",\"potentialAction\":[{\"@type\":\"ReadAction\",\"target\":[\"https:\\\/\\\/fuentesfidedignas.com.mx\\\/index.php\\\/2024\\\/08\\\/04\\\/replanteando-el-modelo-de-universidad\\\/\"]}]},{\"@type\":\"ImageObject\",\"inLanguage\":\"es\",\"@id\":\"https:\\\/\\\/fuentesfidedignas.com.mx\\\/index.php\\\/2024\\\/08\\\/04\\\/replanteando-el-modelo-de-universidad\\\/#primaryimage\",\"url\":\"https:\\\/\\\/fuentesfidedignas.com.mx\\\/wp-content\\\/uploads\\\/2024\\\/08\\\/91178e25-8f06-465c-b570-5bc0c01ba0cb-1.jpg\",\"contentUrl\":\"https:\\\/\\\/fuentesfidedignas.com.mx\\\/wp-content\\\/uploads\\\/2024\\\/08\\\/91178e25-8f06-465c-b570-5bc0c01ba0cb-1.jpg\",\"width\":1600,\"height\":1066},{\"@type\":\"BreadcrumbList\",\"@id\":\"https:\\\/\\\/fuentesfidedignas.com.mx\\\/index.php\\\/2024\\\/08\\\/04\\\/replanteando-el-modelo-de-universidad\\\/#breadcrumb\",\"itemListElement\":[{\"@type\":\"ListItem\",\"position\":1,\"name\":\"Inicio\",\"item\":\"https:\\\/\\\/fuentesfidedignas.com.mx\\\/\"},{\"@type\":\"ListItem\",\"position\":2,\"name\":\"Replanteando el modelo de Universidad\"}]},{\"@type\":\"WebSite\",\"@id\":\"https:\\\/\\\/fuentesfidedignas.com.mx\\\/#website\",\"url\":\"https:\\\/\\\/fuentesfidedignas.com.mx\\\/\",\"name\":\"Fuentes Fidedignas\",\"description\":\"Otro sitio realizado con WordPress\",\"publisher\":{\"@id\":\"https:\\\/\\\/fuentesfidedignas.com.mx\\\/#organization\"},\"potentialAction\":[{\"@type\":\"SearchAction\",\"target\":{\"@type\":\"EntryPoint\",\"urlTemplate\":\"https:\\\/\\\/fuentesfidedignas.com.mx\\\/?s={search_term_string}\"},\"query-input\":{\"@type\":\"PropertyValueSpecification\",\"valueRequired\":true,\"valueName\":\"search_term_string\"}}],\"inLanguage\":\"es\"},{\"@type\":\"Organization\",\"@id\":\"https:\\\/\\\/fuentesfidedignas.com.mx\\\/#organization\",\"name\":\"Fuentes Fidedignas\",\"url\":\"https:\\\/\\\/fuentesfidedignas.com.mx\\\/\",\"logo\":{\"@type\":\"ImageObject\",\"inLanguage\":\"es\",\"@id\":\"https:\\\/\\\/fuentesfidedignas.com.mx\\\/#\\\/schema\\\/logo\\\/image\\\/\",\"url\":\"https:\\\/\\\/fuentesfidedignas.com.mx\\\/wp-content\\\/uploads\\\/2021\\\/04\\\/logo-retina.png\",\"contentUrl\":\"https:\\\/\\\/fuentesfidedignas.com.mx\\\/wp-content\\\/uploads\\\/2021\\\/04\\\/logo-retina.png\",\"width\":280,\"height\":51,\"caption\":\"Fuentes Fidedignas\"},\"image\":{\"@id\":\"https:\\\/\\\/fuentesfidedignas.com.mx\\\/#\\\/schema\\\/logo\\\/image\\\/\"},\"sameAs\":[\"https:\\\/\\\/www.facebook.com\\\/Fuentes-Fidedignas-368234489921644\",\"https:\\\/\\\/x.com\\\/fidedignas\"]},{\"@type\":\"Person\",\"@id\":\"https:\\\/\\\/fuentesfidedignas.com.mx\\\/#\\\/schema\\\/person\\\/3f687c55082c557a647c7836bde45728\",\"name\":\"Mtro. Horacio de Jes\u00fas Malcampo Moreno\",\"image\":{\"@type\":\"ImageObject\",\"inLanguage\":\"es\",\"@id\":\"https:\\\/\\\/secure.gravatar.com\\\/avatar\\\/21fd667a5b9de079d383e44390566d4c728a6ce47b9b5e8419c61f1b793461ac?s=96&d=mm&r=g\",\"url\":\"https:\\\/\\\/secure.gravatar.com\\\/avatar\\\/21fd667a5b9de079d383e44390566d4c728a6ce47b9b5e8419c61f1b793461ac?s=96&d=mm&r=g\",\"contentUrl\":\"https:\\\/\\\/secure.gravatar.com\\\/avatar\\\/21fd667a5b9de079d383e44390566d4c728a6ce47b9b5e8419c61f1b793461ac?s=96&d=mm&r=g\",\"caption\":\"Mtro. Horacio de Jes\u00fas Malcampo Moreno\"},\"url\":\"https:\\\/\\\/fuentesfidedignas.com.mx\\\/index.php\\\/author\\\/horacio\\\/\"}]}<\/script>\n<!-- \/ Yoast SEO plugin. -->","yoast_head_json":{"title":"Replanteando el modelo de Universidad - Fuentes Fidedignas","robots":{"index":"index","follow":"follow","max-snippet":"max-snippet:-1","max-image-preview":"max-image-preview:large","max-video-preview":"max-video-preview:-1"},"canonical":"https:\/\/fuentesfidedignas.com.mx\/index.php\/2024\/08\/04\/replanteando-el-modelo-de-universidad\/","og_locale":"es_MX","og_type":"article","og_title":"Replanteando el modelo de Universidad - Fuentes Fidedignas","og_description":"El pasado mi\u00e9rcoles, tuve el privilegio de participar en un foro de suma importancia para el futuro de la Universidad Aut\u00f3noma de Sinaloa (UAS). La Comisi\u00f3n Permanente de Educaci\u00f3n, Ciencia y Tecnolog\u00eda del Congreso del Estado de Sinaloa convoc\u00f3 a una reuni\u00f3n en el Sal\u00f3n Constituyentes de 1917 del Poder Legislativo, con el prop\u00f3sito de [&hellip;]","og_url":"https:\/\/fuentesfidedignas.com.mx\/index.php\/2024\/08\/04\/replanteando-el-modelo-de-universidad\/","og_site_name":"Fuentes Fidedignas","article_publisher":"https:\/\/www.facebook.com\/Fuentes-Fidedignas-368234489921644","article_published_time":"2024-08-04T16:21:59+00:00","og_image":[{"width":1600,"height":1066,"url":"https:\/\/fuentesfidedignas.com.mx\/wp-content\/uploads\/2024\/08\/91178e25-8f06-465c-b570-5bc0c01ba0cb-1.jpg","type":"image\/jpeg"}],"author":"Mtro. Horacio de Jes\u00fas Malcampo Moreno","twitter_card":"summary_large_image","twitter_creator":"@fidedignas","twitter_site":"@fidedignas","twitter_misc":{"Escrito por":"Mtro. Horacio de Jes\u00fas Malcampo Moreno","Tiempo de lectura":"4 minutos"},"schema":{"@context":"https:\/\/schema.org","@graph":[{"@type":"Article","@id":"https:\/\/fuentesfidedignas.com.mx\/index.php\/2024\/08\/04\/replanteando-el-modelo-de-universidad\/#article","isPartOf":{"@id":"https:\/\/fuentesfidedignas.com.mx\/index.php\/2024\/08\/04\/replanteando-el-modelo-de-universidad\/"},"author":{"name":"Mtro. Horacio de Jes\u00fas Malcampo Moreno","@id":"https:\/\/fuentesfidedignas.com.mx\/#\/schema\/person\/3f687c55082c557a647c7836bde45728"},"headline":"Replanteando el modelo de Universidad","datePublished":"2024-08-04T16:21:59+00:00","mainEntityOfPage":{"@id":"https:\/\/fuentesfidedignas.com.mx\/index.php\/2024\/08\/04\/replanteando-el-modelo-de-universidad\/"},"wordCount":795,"publisher":{"@id":"https:\/\/fuentesfidedignas.com.mx\/#organization"},"image":{"@id":"https:\/\/fuentesfidedignas.com.mx\/index.php\/2024\/08\/04\/replanteando-el-modelo-de-universidad\/#primaryimage"},"thumbnailUrl":"https:\/\/fuentesfidedignas.com.mx\/wp-content\/uploads\/2024\/08\/91178e25-8f06-465c-b570-5bc0c01ba0cb-1.jpg","articleSection":["COLUMNAS","NUTRIENDO LA MENTE"],"inLanguage":"es"},{"@type":"WebPage","@id":"https:\/\/fuentesfidedignas.com.mx\/index.php\/2024\/08\/04\/replanteando-el-modelo-de-universidad\/","url":"https:\/\/fuentesfidedignas.com.mx\/index.php\/2024\/08\/04\/replanteando-el-modelo-de-universidad\/","name":"Replanteando el modelo de Universidad - Fuentes Fidedignas","isPartOf":{"@id":"https:\/\/fuentesfidedignas.com.mx\/#website"},"primaryImageOfPage":{"@id":"https:\/\/fuentesfidedignas.com.mx\/index.php\/2024\/08\/04\/replanteando-el-modelo-de-universidad\/#primaryimage"},"image":{"@id":"https:\/\/fuentesfidedignas.com.mx\/index.php\/2024\/08\/04\/replanteando-el-modelo-de-universidad\/#primaryimage"},"thumbnailUrl":"https:\/\/fuentesfidedignas.com.mx\/wp-content\/uploads\/2024\/08\/91178e25-8f06-465c-b570-5bc0c01ba0cb-1.jpg","datePublished":"2024-08-04T16:21:59+00:00","breadcrumb":{"@id":"https:\/\/fuentesfidedignas.com.mx\/index.php\/2024\/08\/04\/replanteando-el-modelo-de-universidad\/#breadcrumb"},"inLanguage":"es","potentialAction":[{"@type":"ReadAction","target":["https:\/\/fuentesfidedignas.com.mx\/index.php\/2024\/08\/04\/replanteando-el-modelo-de-universidad\/"]}]},{"@type":"ImageObject","inLanguage":"es","@id":"https:\/\/fuentesfidedignas.com.mx\/index.php\/2024\/08\/04\/replanteando-el-modelo-de-universidad\/#primaryimage","url":"https:\/\/fuentesfidedignas.com.mx\/wp-content\/uploads\/2024\/08\/91178e25-8f06-465c-b570-5bc0c01ba0cb-1.jpg","contentUrl":"https:\/\/fuentesfidedignas.com.mx\/wp-content\/uploads\/2024\/08\/91178e25-8f06-465c-b570-5bc0c01ba0cb-1.jpg","width":1600,"height":1066},{"@type":"BreadcrumbList","@id":"https:\/\/fuentesfidedignas.com.mx\/index.php\/2024\/08\/04\/replanteando-el-modelo-de-universidad\/#breadcrumb","itemListElement":[{"@type":"ListItem","position":1,"name":"Inicio","item":"https:\/\/fuentesfidedignas.com.mx\/"},{"@type":"ListItem","position":2,"name":"Replanteando el modelo de Universidad"}]},{"@type":"WebSite","@id":"https:\/\/fuentesfidedignas.com.mx\/#website","url":"https:\/\/fuentesfidedignas.com.mx\/","name":"Fuentes Fidedignas","description":"Otro sitio realizado con WordPress","publisher":{"@id":"https:\/\/fuentesfidedignas.com.mx\/#organization"},"potentialAction":[{"@type":"SearchAction","target":{"@type":"EntryPoint","urlTemplate":"https:\/\/fuentesfidedignas.com.mx\/?s={search_term_string}"},"query-input":{"@type":"PropertyValueSpecification","valueRequired":true,"valueName":"search_term_string"}}],"inLanguage":"es"},{"@type":"Organization","@id":"https:\/\/fuentesfidedignas.com.mx\/#organization","name":"Fuentes Fidedignas","url":"https:\/\/fuentesfidedignas.com.mx\/","logo":{"@type":"ImageObject","inLanguage":"es","@id":"https:\/\/fuentesfidedignas.com.mx\/#\/schema\/logo\/image\/","url":"https:\/\/fuentesfidedignas.com.mx\/wp-content\/uploads\/2021\/04\/logo-retina.png","contentUrl":"https:\/\/fuentesfidedignas.com.mx\/wp-content\/uploads\/2021\/04\/logo-retina.png","width":280,"height":51,"caption":"Fuentes Fidedignas"},"image":{"@id":"https:\/\/fuentesfidedignas.com.mx\/#\/schema\/logo\/image\/"},"sameAs":["https:\/\/www.facebook.com\/Fuentes-Fidedignas-368234489921644","https:\/\/x.com\/fidedignas"]},{"@type":"Person","@id":"https:\/\/fuentesfidedignas.com.mx\/#\/schema\/person\/3f687c55082c557a647c7836bde45728","name":"Mtro. Horacio de Jes\u00fas Malcampo Moreno","image":{"@type":"ImageObject","inLanguage":"es","@id":"https:\/\/secure.gravatar.com\/avatar\/21fd667a5b9de079d383e44390566d4c728a6ce47b9b5e8419c61f1b793461ac?s=96&d=mm&r=g","url":"https:\/\/secure.gravatar.com\/avatar\/21fd667a5b9de079d383e44390566d4c728a6ce47b9b5e8419c61f1b793461ac?s=96&d=mm&r=g","contentUrl":"https:\/\/secure.gravatar.com\/avatar\/21fd667a5b9de079d383e44390566d4c728a6ce47b9b5e8419c61f1b793461ac?s=96&d=mm&r=g","caption":"Mtro. Horacio de Jes\u00fas Malcampo Moreno"},"url":"https:\/\/fuentesfidedignas.com.mx\/index.php\/author\/horacio\/"}]}},"_links":{"self":[{"href":"https:\/\/fuentesfidedignas.com.mx\/index.php\/wp-json\/wp\/v2\/posts\/88026","targetHints":{"allow":["GET"]}}],"collection":[{"href":"https:\/\/fuentesfidedignas.com.mx\/index.php\/wp-json\/wp\/v2\/posts"}],"about":[{"href":"https:\/\/fuentesfidedignas.com.mx\/index.php\/wp-json\/wp\/v2\/types\/post"}],"author":[{"embeddable":true,"href":"https:\/\/fuentesfidedignas.com.mx\/index.php\/wp-json\/wp\/v2\/users\/146"}],"replies":[{"embeddable":true,"href":"https:\/\/fuentesfidedignas.com.mx\/index.php\/wp-json\/wp\/v2\/comments?post=88026"}],"version-history":[{"count":1,"href":"https:\/\/fuentesfidedignas.com.mx\/index.php\/wp-json\/wp\/v2\/posts\/88026\/revisions"}],"predecessor-version":[{"id":88027,"href":"https:\/\/fuentesfidedignas.com.mx\/index.php\/wp-json\/wp\/v2\/posts\/88026\/revisions\/88027"}],"wp:featuredmedia":[{"embeddable":true,"href":"https:\/\/fuentesfidedignas.com.mx\/index.php\/wp-json\/wp\/v2\/media\/88025"}],"wp:attachment":[{"href":"https:\/\/fuentesfidedignas.com.mx\/index.php\/wp-json\/wp\/v2\/media?parent=88026"}],"wp:term":[{"taxonomy":"category","embeddable":true,"href":"https:\/\/fuentesfidedignas.com.mx\/index.php\/wp-json\/wp\/v2\/categories?post=88026"},{"taxonomy":"post_tag","embeddable":true,"href":"https:\/\/fuentesfidedignas.com.mx\/index.php\/wp-json\/wp\/v2\/tags?post=88026"}],"curies":[{"name":"wp","href":"https:\/\/api.w.org\/{rel}","templated":true}]}}