{"id":87832,"date":"2024-08-01T11:05:46","date_gmt":"2024-08-01T18:05:46","guid":{"rendered":"https:\/\/fuentesfidedignas.com.mx\/?p=87832"},"modified":"2024-08-01T11:05:48","modified_gmt":"2024-08-01T18:05:48","slug":"detienen-a-dos-elementos-de-la-guardia-nacional-portaban-maletas-con-casi-50-mil-dolares","status":"publish","type":"post","link":"https:\/\/fuentesfidedignas.com.mx\/index.php\/2024\/08\/01\/detienen-a-dos-elementos-de-la-guardia-nacional-portaban-maletas-con-casi-50-mil-dolares\/","title":{"rendered":"Detienen a dos elementos de la Guardia Nacional; portaban maletas con casi 50 mil d\u00f3lares"},"content":{"rendered":"\n<p><strong><em>El hallazgo se realiz\u00f3 en la base de Tepatitl\u00e1n, Jalisco, como parte de los controles de supervisi\u00f3n para combatir actos de corrupci\u00f3n.<\/em><\/strong><\/p>\n\n\n\n<p>La Guardia Nacional inici\u00f3 una investigaci\u00f3n en contra del primer Inspector de la base de Tepatitl\u00e1n, Jalisco, Javier Fabi\u00e1n \u201cN\u201d, tras el hallazgo en su oficina de un malet\u00edn de 48 mil 820 d\u00f3lares en efectivo. Tambi\u00e9n se encuentra en la mira de las autoridades el suboficial Pedro Josu\u00e9 \u201cN\u201d, a quien le incautaron 5 mil d\u00f3lares.<\/p>\n\n\n\n<p>De acuerdo con la corporaci\u00f3n de seguridad federal, ambos agentes tienen su origen y formaci\u00f3n en la extinta Polic\u00eda Federal de Genaro Garc\u00eda Luna, hoy preso en Estados Unidos por cargos de narcotr\u00e1fico.<\/p>\n\n\n\n<p>El hallazgo del efectivo es producto de una investigaci\u00f3n realizada por el \u00e1rea de asuntos internos de la Guardia Nacional, como parte de los controles de supervisi\u00f3n para combatir actos de corrupci\u00f3n.<\/p>\n\n\n\n<p>Los dos agentes junto con el efectivo quedaron a disposici\u00f3n de la Fiscal\u00eda General de la Rep\u00fablica, y en las pr\u00f3ximas horas se informar\u00e1 sobre su situaci\u00f3n jur\u00eddica.<\/p>\n\n\n\n<p>El municipio de Tepatitl\u00e1n se ubica en la zona de los altos de Jalisco, un punto en disputa entre los grupos criminales C\u00e1rtel Jalisco y Sinaloa, que ha dejado una estela de violencia y muerte.<\/p>\n","protected":false},"excerpt":{"rendered":"<p>El hallazgo se realiz\u00f3 en la base de Tepatitl\u00e1n, Jalisco, como parte de los controles de supervisi\u00f3n para combatir actos de corrupci\u00f3n. La Guardia Nacional inici\u00f3 una investigaci\u00f3n en contra del primer Inspector de la base de Tepatitl\u00e1n, Jalisco, Javier Fabi\u00e1n \u201cN\u201d, tras el hallazgo en su oficina de un malet\u00edn de 48 mil 820 [&hellip;]<\/p>\n","protected":false},"author":9,"featured_media":87833,"comment_status":"open","ping_status":"open","sticky":false,"template":"","format":"standard","meta":{"tdm_status":"","tdm_grid_status":"","footnotes":""},"categories":[39],"tags":[],"class_list":{"0":"post-87832","1":"post","2":"type-post","3":"status-publish","4":"format-standard","5":"has-post-thumbnail","7":"category-noticias-nacionales"},"yoast_head":"<!-- This site is optimized with the Yoast SEO plugin v27.5 - https:\/\/yoast.com\/product\/yoast-seo-wordpress\/ -->\n<title>Detienen a dos elementos de la Guardia Nacional; portaban maletas con casi 50 mil d\u00f3lares - Fuentes Fidedignas<\/title>\n<meta name=\"robots\" content=\"index, follow, max-snippet:-1, max-image-preview:large, max-video-preview:-1\" \/>\n<link rel=\"canonical\" href=\"https:\/\/fuentesfidedignas.com.mx\/index.php\/2024\/08\/01\/detienen-a-dos-elementos-de-la-guardia-nacional-portaban-maletas-con-casi-50-mil-dolares\/\" \/>\n<meta property=\"og:locale\" content=\"es_MX\" \/>\n<meta property=\"og:type\" content=\"article\" \/>\n<meta property=\"og:title\" content=\"Detienen a dos elementos de la Guardia Nacional; portaban maletas con casi 50 mil d\u00f3lares - Fuentes Fidedignas\" \/>\n<meta property=\"og:description\" content=\"El hallazgo se realiz\u00f3 en la base de Tepatitl\u00e1n, Jalisco, como parte de los controles de supervisi\u00f3n para combatir actos de corrupci\u00f3n. La Guardia Nacional inici\u00f3 una investigaci\u00f3n en contra del primer Inspector de la base de Tepatitl\u00e1n, Jalisco, Javier Fabi\u00e1n \u201cN\u201d, tras el hallazgo en su oficina de un malet\u00edn de 48 mil 820 [&hellip;]\" \/>\n<meta property=\"og:url\" content=\"https:\/\/fuentesfidedignas.com.mx\/index.php\/2024\/08\/01\/detienen-a-dos-elementos-de-la-guardia-nacional-portaban-maletas-con-casi-50-mil-dolares\/\" \/>\n<meta property=\"og:site_name\" content=\"Fuentes Fidedignas\" \/>\n<meta property=\"article:publisher\" content=\"https:\/\/www.facebook.com\/Fuentes-Fidedignas-368234489921644\" \/>\n<meta property=\"article:published_time\" content=\"2024-08-01T18:05:46+00:00\" \/>\n<meta property=\"article:modified_time\" content=\"2024-08-01T18:05:48+00:00\" \/>\n<meta property=\"og:image\" content=\"https:\/\/fuentesfidedignas.com.mx\/wp-content\/uploads\/2024\/08\/maletas-guardia-nacional.jpg\" \/>\n\t<meta property=\"og:image:width\" content=\"650\" \/>\n\t<meta property=\"og:image:height\" content=\"366\" \/>\n\t<meta property=\"og:image:type\" content=\"image\/jpeg\" \/>\n<meta name=\"author\" content=\"Milenio\" \/>\n<meta name=\"twitter:card\" content=\"summary_large_image\" \/>\n<meta name=\"twitter:creator\" content=\"@fidedignas\" \/>\n<meta name=\"twitter:site\" content=\"@fidedignas\" \/>\n<meta name=\"twitter:label1\" content=\"Escrito por\" \/>\n\t<meta name=\"twitter:data1\" content=\"Milenio\" \/>\n\t<meta name=\"twitter:label2\" content=\"Tiempo de lectura\" \/>\n\t<meta name=\"twitter:data2\" content=\"2 minutos\" \/>\n<script type=\"application\/ld+json\" class=\"yoast-schema-graph\">{\"@context\":\"https:\\\/\\\/schema.org\",\"@graph\":[{\"@type\":\"Article\",\"@id\":\"https:\\\/\\\/fuentesfidedignas.com.mx\\\/index.php\\\/2024\\\/08\\\/01\\\/detienen-a-dos-elementos-de-la-guardia-nacional-portaban-maletas-con-casi-50-mil-dolares\\\/#article\",\"isPartOf\":{\"@id\":\"https:\\\/\\\/fuentesfidedignas.com.mx\\\/index.php\\\/2024\\\/08\\\/01\\\/detienen-a-dos-elementos-de-la-guardia-nacional-portaban-maletas-con-casi-50-mil-dolares\\\/\"},\"author\":{\"name\":\"Milenio\",\"@id\":\"https:\\\/\\\/fuentesfidedignas.com.mx\\\/#\\\/schema\\\/person\\\/47ec0135738f4b0c7495f06a77a2c976\"},\"headline\":\"Detienen a dos elementos de la Guardia Nacional; portaban maletas con casi 50 mil d\u00f3lares\",\"datePublished\":\"2024-08-01T18:05:46+00:00\",\"dateModified\":\"2024-08-01T18:05:48+00:00\",\"mainEntityOfPage\":{\"@id\":\"https:\\\/\\\/fuentesfidedignas.com.mx\\\/index.php\\\/2024\\\/08\\\/01\\\/detienen-a-dos-elementos-de-la-guardia-nacional-portaban-maletas-con-casi-50-mil-dolares\\\/\"},\"wordCount\":245,\"commentCount\":0,\"publisher\":{\"@id\":\"https:\\\/\\\/fuentesfidedignas.com.mx\\\/#organization\"},\"image\":{\"@id\":\"https:\\\/\\\/fuentesfidedignas.com.mx\\\/index.php\\\/2024\\\/08\\\/01\\\/detienen-a-dos-elementos-de-la-guardia-nacional-portaban-maletas-con-casi-50-mil-dolares\\\/#primaryimage\"},\"thumbnailUrl\":\"https:\\\/\\\/fuentesfidedignas.com.mx\\\/wp-content\\\/uploads\\\/2024\\\/08\\\/maletas-guardia-nacional.jpg\",\"articleSection\":[\"NOTICIAS NACIONALES\"],\"inLanguage\":\"es\",\"potentialAction\":[{\"@type\":\"CommentAction\",\"name\":\"Comment\",\"target\":[\"https:\\\/\\\/fuentesfidedignas.com.mx\\\/index.php\\\/2024\\\/08\\\/01\\\/detienen-a-dos-elementos-de-la-guardia-nacional-portaban-maletas-con-casi-50-mil-dolares\\\/#respond\"]}]},{\"@type\":\"WebPage\",\"@id\":\"https:\\\/\\\/fuentesfidedignas.com.mx\\\/index.php\\\/2024\\\/08\\\/01\\\/detienen-a-dos-elementos-de-la-guardia-nacional-portaban-maletas-con-casi-50-mil-dolares\\\/\",\"url\":\"https:\\\/\\\/fuentesfidedignas.com.mx\\\/index.php\\\/2024\\\/08\\\/01\\\/detienen-a-dos-elementos-de-la-guardia-nacional-portaban-maletas-con-casi-50-mil-dolares\\\/\",\"name\":\"Detienen a dos elementos de la Guardia Nacional; portaban maletas con casi 50 mil d\u00f3lares - Fuentes Fidedignas\",\"isPartOf\":{\"@id\":\"https:\\\/\\\/fuentesfidedignas.com.mx\\\/#website\"},\"primaryImageOfPage\":{\"@id\":\"https:\\\/\\\/fuentesfidedignas.com.mx\\\/index.php\\\/2024\\\/08\\\/01\\\/detienen-a-dos-elementos-de-la-guardia-nacional-portaban-maletas-con-casi-50-mil-dolares\\\/#primaryimage\"},\"image\":{\"@id\":\"https:\\\/\\\/fuentesfidedignas.com.mx\\\/index.php\\\/2024\\\/08\\\/01\\\/detienen-a-dos-elementos-de-la-guardia-nacional-portaban-maletas-con-casi-50-mil-dolares\\\/#primaryimage\"},\"thumbnailUrl\":\"https:\\\/\\\/fuentesfidedignas.com.mx\\\/wp-content\\\/uploads\\\/2024\\\/08\\\/maletas-guardia-nacional.jpg\",\"datePublished\":\"2024-08-01T18:05:46+00:00\",\"dateModified\":\"2024-08-01T18:05:48+00:00\",\"breadcrumb\":{\"@id\":\"https:\\\/\\\/fuentesfidedignas.com.mx\\\/index.php\\\/2024\\\/08\\\/01\\\/detienen-a-dos-elementos-de-la-guardia-nacional-portaban-maletas-con-casi-50-mil-dolares\\\/#breadcrumb\"},\"inLanguage\":\"es\",\"potentialAction\":[{\"@type\":\"ReadAction\",\"target\":[\"https:\\\/\\\/fuentesfidedignas.com.mx\\\/index.php\\\/2024\\\/08\\\/01\\\/detienen-a-dos-elementos-de-la-guardia-nacional-portaban-maletas-con-casi-50-mil-dolares\\\/\"]}]},{\"@type\":\"ImageObject\",\"inLanguage\":\"es\",\"@id\":\"https:\\\/\\\/fuentesfidedignas.com.mx\\\/index.php\\\/2024\\\/08\\\/01\\\/detienen-a-dos-elementos-de-la-guardia-nacional-portaban-maletas-con-casi-50-mil-dolares\\\/#primaryimage\",\"url\":\"https:\\\/\\\/fuentesfidedignas.com.mx\\\/wp-content\\\/uploads\\\/2024\\\/08\\\/maletas-guardia-nacional.jpg\",\"contentUrl\":\"https:\\\/\\\/fuentesfidedignas.com.mx\\\/wp-content\\\/uploads\\\/2024\\\/08\\\/maletas-guardia-nacional.jpg\",\"width\":650,\"height\":366},{\"@type\":\"BreadcrumbList\",\"@id\":\"https:\\\/\\\/fuentesfidedignas.com.mx\\\/index.php\\\/2024\\\/08\\\/01\\\/detienen-a-dos-elementos-de-la-guardia-nacional-portaban-maletas-con-casi-50-mil-dolares\\\/#breadcrumb\",\"itemListElement\":[{\"@type\":\"ListItem\",\"position\":1,\"name\":\"Inicio\",\"item\":\"https:\\\/\\\/fuentesfidedignas.com.mx\\\/\"},{\"@type\":\"ListItem\",\"position\":2,\"name\":\"Detienen a dos elementos de la Guardia Nacional; portaban maletas con casi 50 mil d\u00f3lares\"}]},{\"@type\":\"WebSite\",\"@id\":\"https:\\\/\\\/fuentesfidedignas.com.mx\\\/#website\",\"url\":\"https:\\\/\\\/fuentesfidedignas.com.mx\\\/\",\"name\":\"Fuentes Fidedignas\",\"description\":\"Otro sitio realizado con WordPress\",\"publisher\":{\"@id\":\"https:\\\/\\\/fuentesfidedignas.com.mx\\\/#organization\"},\"potentialAction\":[{\"@type\":\"SearchAction\",\"target\":{\"@type\":\"EntryPoint\",\"urlTemplate\":\"https:\\\/\\\/fuentesfidedignas.com.mx\\\/?s={search_term_string}\"},\"query-input\":{\"@type\":\"PropertyValueSpecification\",\"valueRequired\":true,\"valueName\":\"search_term_string\"}}],\"inLanguage\":\"es\"},{\"@type\":\"Organization\",\"@id\":\"https:\\\/\\\/fuentesfidedignas.com.mx\\\/#organization\",\"name\":\"Fuentes Fidedignas\",\"url\":\"https:\\\/\\\/fuentesfidedignas.com.mx\\\/\",\"logo\":{\"@type\":\"ImageObject\",\"inLanguage\":\"es\",\"@id\":\"https:\\\/\\\/fuentesfidedignas.com.mx\\\/#\\\/schema\\\/logo\\\/image\\\/\",\"url\":\"https:\\\/\\\/fuentesfidedignas.com.mx\\\/wp-content\\\/uploads\\\/2021\\\/04\\\/logo-retina.png\",\"contentUrl\":\"https:\\\/\\\/fuentesfidedignas.com.mx\\\/wp-content\\\/uploads\\\/2021\\\/04\\\/logo-retina.png\",\"width\":280,\"height\":51,\"caption\":\"Fuentes Fidedignas\"},\"image\":{\"@id\":\"https:\\\/\\\/fuentesfidedignas.com.mx\\\/#\\\/schema\\\/logo\\\/image\\\/\"},\"sameAs\":[\"https:\\\/\\\/www.facebook.com\\\/Fuentes-Fidedignas-368234489921644\",\"https:\\\/\\\/x.com\\\/fidedignas\"]},{\"@type\":\"Person\",\"@id\":\"https:\\\/\\\/fuentesfidedignas.com.mx\\\/#\\\/schema\\\/person\\\/47ec0135738f4b0c7495f06a77a2c976\",\"name\":\"Milenio\",\"image\":{\"@type\":\"ImageObject\",\"inLanguage\":\"es\",\"@id\":\"https:\\\/\\\/secure.gravatar.com\\\/avatar\\\/acabf7b54753e51c2c76457954577c236b3b764789b19879565769739d1e4a75?s=96&d=mm&r=g\",\"url\":\"https:\\\/\\\/secure.gravatar.com\\\/avatar\\\/acabf7b54753e51c2c76457954577c236b3b764789b19879565769739d1e4a75?s=96&d=mm&r=g\",\"contentUrl\":\"https:\\\/\\\/secure.gravatar.com\\\/avatar\\\/acabf7b54753e51c2c76457954577c236b3b764789b19879565769739d1e4a75?s=96&d=mm&r=g\",\"caption\":\"Milenio\"},\"url\":\"https:\\\/\\\/fuentesfidedignas.com.mx\\\/index.php\\\/author\\\/milenio\\\/\"}]}<\/script>\n<!-- \/ Yoast SEO plugin. -->","yoast_head_json":{"title":"Detienen a dos elementos de la Guardia Nacional; portaban maletas con casi 50 mil d\u00f3lares - Fuentes Fidedignas","robots":{"index":"index","follow":"follow","max-snippet":"max-snippet:-1","max-image-preview":"max-image-preview:large","max-video-preview":"max-video-preview:-1"},"canonical":"https:\/\/fuentesfidedignas.com.mx\/index.php\/2024\/08\/01\/detienen-a-dos-elementos-de-la-guardia-nacional-portaban-maletas-con-casi-50-mil-dolares\/","og_locale":"es_MX","og_type":"article","og_title":"Detienen a dos elementos de la Guardia Nacional; portaban maletas con casi 50 mil d\u00f3lares - Fuentes Fidedignas","og_description":"El hallazgo se realiz\u00f3 en la base de Tepatitl\u00e1n, Jalisco, como parte de los controles de supervisi\u00f3n para combatir actos de corrupci\u00f3n. La Guardia Nacional inici\u00f3 una investigaci\u00f3n en contra del primer Inspector de la base de Tepatitl\u00e1n, Jalisco, Javier Fabi\u00e1n \u201cN\u201d, tras el hallazgo en su oficina de un malet\u00edn de 48 mil 820 [&hellip;]","og_url":"https:\/\/fuentesfidedignas.com.mx\/index.php\/2024\/08\/01\/detienen-a-dos-elementos-de-la-guardia-nacional-portaban-maletas-con-casi-50-mil-dolares\/","og_site_name":"Fuentes Fidedignas","article_publisher":"https:\/\/www.facebook.com\/Fuentes-Fidedignas-368234489921644","article_published_time":"2024-08-01T18:05:46+00:00","article_modified_time":"2024-08-01T18:05:48+00:00","og_image":[{"width":650,"height":366,"url":"https:\/\/fuentesfidedignas.com.mx\/wp-content\/uploads\/2024\/08\/maletas-guardia-nacional.jpg","type":"image\/jpeg"}],"author":"Milenio","twitter_card":"summary_large_image","twitter_creator":"@fidedignas","twitter_site":"@fidedignas","twitter_misc":{"Escrito por":"Milenio","Tiempo de lectura":"2 minutos"},"schema":{"@context":"https:\/\/schema.org","@graph":[{"@type":"Article","@id":"https:\/\/fuentesfidedignas.com.mx\/index.php\/2024\/08\/01\/detienen-a-dos-elementos-de-la-guardia-nacional-portaban-maletas-con-casi-50-mil-dolares\/#article","isPartOf":{"@id":"https:\/\/fuentesfidedignas.com.mx\/index.php\/2024\/08\/01\/detienen-a-dos-elementos-de-la-guardia-nacional-portaban-maletas-con-casi-50-mil-dolares\/"},"author":{"name":"Milenio","@id":"https:\/\/fuentesfidedignas.com.mx\/#\/schema\/person\/47ec0135738f4b0c7495f06a77a2c976"},"headline":"Detienen a dos elementos de la Guardia Nacional; portaban maletas con casi 50 mil d\u00f3lares","datePublished":"2024-08-01T18:05:46+00:00","dateModified":"2024-08-01T18:05:48+00:00","mainEntityOfPage":{"@id":"https:\/\/fuentesfidedignas.com.mx\/index.php\/2024\/08\/01\/detienen-a-dos-elementos-de-la-guardia-nacional-portaban-maletas-con-casi-50-mil-dolares\/"},"wordCount":245,"commentCount":0,"publisher":{"@id":"https:\/\/fuentesfidedignas.com.mx\/#organization"},"image":{"@id":"https:\/\/fuentesfidedignas.com.mx\/index.php\/2024\/08\/01\/detienen-a-dos-elementos-de-la-guardia-nacional-portaban-maletas-con-casi-50-mil-dolares\/#primaryimage"},"thumbnailUrl":"https:\/\/fuentesfidedignas.com.mx\/wp-content\/uploads\/2024\/08\/maletas-guardia-nacional.jpg","articleSection":["NOTICIAS NACIONALES"],"inLanguage":"es","potentialAction":[{"@type":"CommentAction","name":"Comment","target":["https:\/\/fuentesfidedignas.com.mx\/index.php\/2024\/08\/01\/detienen-a-dos-elementos-de-la-guardia-nacional-portaban-maletas-con-casi-50-mil-dolares\/#respond"]}]},{"@type":"WebPage","@id":"https:\/\/fuentesfidedignas.com.mx\/index.php\/2024\/08\/01\/detienen-a-dos-elementos-de-la-guardia-nacional-portaban-maletas-con-casi-50-mil-dolares\/","url":"https:\/\/fuentesfidedignas.com.mx\/index.php\/2024\/08\/01\/detienen-a-dos-elementos-de-la-guardia-nacional-portaban-maletas-con-casi-50-mil-dolares\/","name":"Detienen a dos elementos de la Guardia Nacional; portaban maletas con casi 50 mil d\u00f3lares - Fuentes Fidedignas","isPartOf":{"@id":"https:\/\/fuentesfidedignas.com.mx\/#website"},"primaryImageOfPage":{"@id":"https:\/\/fuentesfidedignas.com.mx\/index.php\/2024\/08\/01\/detienen-a-dos-elementos-de-la-guardia-nacional-portaban-maletas-con-casi-50-mil-dolares\/#primaryimage"},"image":{"@id":"https:\/\/fuentesfidedignas.com.mx\/index.php\/2024\/08\/01\/detienen-a-dos-elementos-de-la-guardia-nacional-portaban-maletas-con-casi-50-mil-dolares\/#primaryimage"},"thumbnailUrl":"https:\/\/fuentesfidedignas.com.mx\/wp-content\/uploads\/2024\/08\/maletas-guardia-nacional.jpg","datePublished":"2024-08-01T18:05:46+00:00","dateModified":"2024-08-01T18:05:48+00:00","breadcrumb":{"@id":"https:\/\/fuentesfidedignas.com.mx\/index.php\/2024\/08\/01\/detienen-a-dos-elementos-de-la-guardia-nacional-portaban-maletas-con-casi-50-mil-dolares\/#breadcrumb"},"inLanguage":"es","potentialAction":[{"@type":"ReadAction","target":["https:\/\/fuentesfidedignas.com.mx\/index.php\/2024\/08\/01\/detienen-a-dos-elementos-de-la-guardia-nacional-portaban-maletas-con-casi-50-mil-dolares\/"]}]},{"@type":"ImageObject","inLanguage":"es","@id":"https:\/\/fuentesfidedignas.com.mx\/index.php\/2024\/08\/01\/detienen-a-dos-elementos-de-la-guardia-nacional-portaban-maletas-con-casi-50-mil-dolares\/#primaryimage","url":"https:\/\/fuentesfidedignas.com.mx\/wp-content\/uploads\/2024\/08\/maletas-guardia-nacional.jpg","contentUrl":"https:\/\/fuentesfidedignas.com.mx\/wp-content\/uploads\/2024\/08\/maletas-guardia-nacional.jpg","width":650,"height":366},{"@type":"BreadcrumbList","@id":"https:\/\/fuentesfidedignas.com.mx\/index.php\/2024\/08\/01\/detienen-a-dos-elementos-de-la-guardia-nacional-portaban-maletas-con-casi-50-mil-dolares\/#breadcrumb","itemListElement":[{"@type":"ListItem","position":1,"name":"Inicio","item":"https:\/\/fuentesfidedignas.com.mx\/"},{"@type":"ListItem","position":2,"name":"Detienen a dos elementos de la Guardia Nacional; portaban maletas con casi 50 mil d\u00f3lares"}]},{"@type":"WebSite","@id":"https:\/\/fuentesfidedignas.com.mx\/#website","url":"https:\/\/fuentesfidedignas.com.mx\/","name":"Fuentes Fidedignas","description":"Otro sitio realizado con WordPress","publisher":{"@id":"https:\/\/fuentesfidedignas.com.mx\/#organization"},"potentialAction":[{"@type":"SearchAction","target":{"@type":"EntryPoint","urlTemplate":"https:\/\/fuentesfidedignas.com.mx\/?s={search_term_string}"},"query-input":{"@type":"PropertyValueSpecification","valueRequired":true,"valueName":"search_term_string"}}],"inLanguage":"es"},{"@type":"Organization","@id":"https:\/\/fuentesfidedignas.com.mx\/#organization","name":"Fuentes Fidedignas","url":"https:\/\/fuentesfidedignas.com.mx\/","logo":{"@type":"ImageObject","inLanguage":"es","@id":"https:\/\/fuentesfidedignas.com.mx\/#\/schema\/logo\/image\/","url":"https:\/\/fuentesfidedignas.com.mx\/wp-content\/uploads\/2021\/04\/logo-retina.png","contentUrl":"https:\/\/fuentesfidedignas.com.mx\/wp-content\/uploads\/2021\/04\/logo-retina.png","width":280,"height":51,"caption":"Fuentes Fidedignas"},"image":{"@id":"https:\/\/fuentesfidedignas.com.mx\/#\/schema\/logo\/image\/"},"sameAs":["https:\/\/www.facebook.com\/Fuentes-Fidedignas-368234489921644","https:\/\/x.com\/fidedignas"]},{"@type":"Person","@id":"https:\/\/fuentesfidedignas.com.mx\/#\/schema\/person\/47ec0135738f4b0c7495f06a77a2c976","name":"Milenio","image":{"@type":"ImageObject","inLanguage":"es","@id":"https:\/\/secure.gravatar.com\/avatar\/acabf7b54753e51c2c76457954577c236b3b764789b19879565769739d1e4a75?s=96&d=mm&r=g","url":"https:\/\/secure.gravatar.com\/avatar\/acabf7b54753e51c2c76457954577c236b3b764789b19879565769739d1e4a75?s=96&d=mm&r=g","contentUrl":"https:\/\/secure.gravatar.com\/avatar\/acabf7b54753e51c2c76457954577c236b3b764789b19879565769739d1e4a75?s=96&d=mm&r=g","caption":"Milenio"},"url":"https:\/\/fuentesfidedignas.com.mx\/index.php\/author\/milenio\/"}]}},"_links":{"self":[{"href":"https:\/\/fuentesfidedignas.com.mx\/index.php\/wp-json\/wp\/v2\/posts\/87832","targetHints":{"allow":["GET"]}}],"collection":[{"href":"https:\/\/fuentesfidedignas.com.mx\/index.php\/wp-json\/wp\/v2\/posts"}],"about":[{"href":"https:\/\/fuentesfidedignas.com.mx\/index.php\/wp-json\/wp\/v2\/types\/post"}],"author":[{"embeddable":true,"href":"https:\/\/fuentesfidedignas.com.mx\/index.php\/wp-json\/wp\/v2\/users\/9"}],"replies":[{"embeddable":true,"href":"https:\/\/fuentesfidedignas.com.mx\/index.php\/wp-json\/wp\/v2\/comments?post=87832"}],"version-history":[{"count":1,"href":"https:\/\/fuentesfidedignas.com.mx\/index.php\/wp-json\/wp\/v2\/posts\/87832\/revisions"}],"predecessor-version":[{"id":87834,"href":"https:\/\/fuentesfidedignas.com.mx\/index.php\/wp-json\/wp\/v2\/posts\/87832\/revisions\/87834"}],"wp:featuredmedia":[{"embeddable":true,"href":"https:\/\/fuentesfidedignas.com.mx\/index.php\/wp-json\/wp\/v2\/media\/87833"}],"wp:attachment":[{"href":"https:\/\/fuentesfidedignas.com.mx\/index.php\/wp-json\/wp\/v2\/media?parent=87832"}],"wp:term":[{"taxonomy":"category","embeddable":true,"href":"https:\/\/fuentesfidedignas.com.mx\/index.php\/wp-json\/wp\/v2\/categories?post=87832"},{"taxonomy":"post_tag","embeddable":true,"href":"https:\/\/fuentesfidedignas.com.mx\/index.php\/wp-json\/wp\/v2\/tags?post=87832"}],"curies":[{"name":"wp","href":"https:\/\/api.w.org\/{rel}","templated":true}]}}