{"id":8778,"date":"2021-08-02T12:24:18","date_gmt":"2021-08-02T19:24:18","guid":{"rendered":"https:\/\/fuentesfidedignas.com.mx\/?p=8778"},"modified":"2021-08-02T15:31:50","modified_gmt":"2021-08-02T22:31:50","slug":"secretaria-de-salud-atiende-trastornos-de-ansiedad-y-estres-frente-a-la-pandemia-a-traves-de-call-center","status":"publish","type":"post","link":"https:\/\/fuentesfidedignas.com.mx\/index.php\/2021\/08\/02\/secretaria-de-salud-atiende-trastornos-de-ansiedad-y-estres-frente-a-la-pandemia-a-traves-de-call-center\/","title":{"rendered":"Secretar\u00eda de Salud atiende trastornos de ansiedad y estr\u00e9s frente a la pandemia a trav\u00e9s de Call Center"},"content":{"rendered":"\n<p><strong><em>Padecer temor, ansiedad y estr\u00e9s por el COVID \u2013 19 puede ser normal, pero buscar ayuda en estos casos si es recomendable, asegura el Director de Prevenci\u00f3n y Promoci\u00f3n de la SS<\/em><\/strong><\/p>\n\n\n\n<p>Culiac\u00e1n, Sin.- Ante el incremento de casos que se han registrado en nuestro estado por COVID \u2013 19, es normal que se vivan momentos de temor, estr\u00e9s o ansiedad, sin embargo, no hay que olvidar que podemos contar con apoyo emocional a trav\u00e9s del CALL CENTER donde especialistas pueden otorgar orientaci\u00f3n a las personas para estabilizar sus emociones, indic\u00f3 el Dr. Cristhian Aldo Mu\u00f1oz Madrid.<\/p>\n\n\n\n<p>Record\u00f3 que desde el inicio de la pandemia se ha tenido la atenci\u00f3n directa a trav\u00e9s del call center para poder ayudar y gestionar para que las personas que tienen alg\u00fan problema alg\u00fan trastorno de ansiedad o alguna situaci\u00f3n puedan ser atendidos directamente.<\/p>\n\n\n\n<p>\u201cOtro servicio que tenemos en la Secretar\u00eda de Salud es la atenci\u00f3n que tenemos en los CISAMES centros de salud mental los cuales nos ayudan nos ayudan a darles tratamiento a las personas de manera peri\u00f3dica y sobre todo nos ayudan a poder mantener el equilibrio entre la salud mental y la vida actual y es importante reconocer que la salud mental es una prioridad para el Gobierno del Estado de Sinaloa\u201d, mencion\u00f3.<\/p>\n\n\n\n<p>Inform\u00f3 que, el n\u00famero del Call Center de la Secretar\u00eda de Salud de Sinaloa, con atenci\u00f3n a salud mental es: 667 713 00 63, record\u00f3 adem\u00e1s del Call Center en Sinaloa, se cuenta con la L\u00ednea de la Vida a nivel nacional 800 911 2000, dedicado a la prevenci\u00f3n y atenci\u00f3n de la salud mental en estos momentos de pandemia por Covid-19.<\/p>\n\n\n\n<p>Las personas que as\u00ed lo requieran pueden tambi\u00e9n comunicarse al Call Center para que personal de salud le oriente que hacer, a los siguientes n\u00fameros, en Culiac\u00e1n 667 713 0063, Mazatl\u00e1n 669 910 1839, Guasave 687 721 0659, Los Mochis 668 123 4557 y Guam\u00fachil 673 688 0630.<\/p>\n","protected":false},"excerpt":{"rendered":"<p>Padecer temor, ansiedad y estr\u00e9s por el COVID \u2013 19 puede ser normal, pero buscar ayuda en estos casos si es recomendable, asegura el Director de Prevenci\u00f3n y Promoci\u00f3n de la SS Culiac\u00e1n, Sin.- Ante el incremento de casos que se han registrado en nuestro estado por COVID \u2013 19, es normal que se vivan [&hellip;]<\/p>\n","protected":false},"author":4,"featured_media":8779,"comment_status":"open","ping_status":"open","sticky":false,"template":"","format":"standard","meta":{"tdm_status":"","tdm_grid_status":"","footnotes":""},"categories":[37],"tags":[1539,332,59,416,229],"class_list":{"0":"post-8778","1":"post","2":"type-post","3":"status-publish","4":"format-standard","5":"has-post-thumbnail","7":"category-nota-principal","8":"tag-call-center","9":"tag-coronavirus","10":"tag-covid-19","11":"tag-sars-cov-2","12":"tag-secretaria-de-salud-de-sinaloa"},"yoast_head":"<!-- This site is optimized with the Yoast SEO plugin v27.4 - https:\/\/yoast.com\/product\/yoast-seo-wordpress\/ -->\n<title>Secretar\u00eda de Salud atiende trastornos de ansiedad y estr\u00e9s frente a la pandemia a trav\u00e9s de Call Center - Fuentes Fidedignas<\/title>\n<meta name=\"robots\" content=\"index, follow, max-snippet:-1, max-image-preview:large, max-video-preview:-1\" \/>\n<link rel=\"canonical\" href=\"https:\/\/fuentesfidedignas.com.mx\/index.php\/2021\/08\/02\/secretaria-de-salud-atiende-trastornos-de-ansiedad-y-estres-frente-a-la-pandemia-a-traves-de-call-center\/\" \/>\n<meta property=\"og:locale\" content=\"es_MX\" \/>\n<meta property=\"og:type\" content=\"article\" \/>\n<meta property=\"og:title\" content=\"Secretar\u00eda de Salud atiende trastornos de ansiedad y estr\u00e9s frente a la pandemia a trav\u00e9s de Call Center - Fuentes Fidedignas\" \/>\n<meta property=\"og:description\" content=\"Padecer temor, ansiedad y estr\u00e9s por el COVID \u2013 19 puede ser normal, pero buscar ayuda en estos casos si es recomendable, asegura el Director de Prevenci\u00f3n y Promoci\u00f3n de la SS Culiac\u00e1n, Sin.- Ante el incremento de casos que se han registrado en nuestro estado por COVID \u2013 19, es normal que se vivan [&hellip;]\" \/>\n<meta property=\"og:url\" content=\"https:\/\/fuentesfidedignas.com.mx\/index.php\/2021\/08\/02\/secretaria-de-salud-atiende-trastornos-de-ansiedad-y-estres-frente-a-la-pandemia-a-traves-de-call-center\/\" \/>\n<meta property=\"og:site_name\" content=\"Fuentes Fidedignas\" \/>\n<meta property=\"article:publisher\" content=\"https:\/\/www.facebook.com\/Fuentes-Fidedignas-368234489921644\" \/>\n<meta property=\"article:published_time\" content=\"2021-08-02T19:24:18+00:00\" \/>\n<meta property=\"article:modified_time\" content=\"2021-08-02T22:31:50+00:00\" \/>\n<meta property=\"og:image\" content=\"https:\/\/fuentesfidedignas.com.mx\/wp-content\/uploads\/2021\/08\/Call-Center.jpg\" \/>\n\t<meta property=\"og:image:width\" content=\"768\" \/>\n\t<meta property=\"og:image:height\" content=\"479\" \/>\n\t<meta property=\"og:image:type\" content=\"image\/jpeg\" \/>\n<meta name=\"author\" content=\"Redacci\u00f3n\" \/>\n<meta name=\"twitter:card\" content=\"summary_large_image\" \/>\n<meta name=\"twitter:creator\" content=\"@fidedignas\" \/>\n<meta name=\"twitter:site\" content=\"@fidedignas\" \/>\n<meta name=\"twitter:label1\" content=\"Escrito por\" \/>\n\t<meta name=\"twitter:data1\" content=\"Redacci\u00f3n\" \/>\n\t<meta name=\"twitter:label2\" content=\"Tiempo de lectura\" \/>\n\t<meta name=\"twitter:data2\" content=\"2 minutos\" \/>\n<script type=\"application\/ld+json\" class=\"yoast-schema-graph\">{\"@context\":\"https:\\\/\\\/schema.org\",\"@graph\":[{\"@type\":\"Article\",\"@id\":\"https:\\\/\\\/fuentesfidedignas.com.mx\\\/index.php\\\/2021\\\/08\\\/02\\\/secretaria-de-salud-atiende-trastornos-de-ansiedad-y-estres-frente-a-la-pandemia-a-traves-de-call-center\\\/#article\",\"isPartOf\":{\"@id\":\"https:\\\/\\\/fuentesfidedignas.com.mx\\\/index.php\\\/2021\\\/08\\\/02\\\/secretaria-de-salud-atiende-trastornos-de-ansiedad-y-estres-frente-a-la-pandemia-a-traves-de-call-center\\\/\"},\"author\":{\"name\":\"Redacci\u00f3n\",\"@id\":\"https:\\\/\\\/fuentesfidedignas.com.mx\\\/#\\\/schema\\\/person\\\/331be9283d37198e2acd5750279085b0\"},\"headline\":\"Secretar\u00eda de Salud atiende trastornos de ansiedad y estr\u00e9s frente a la pandemia a trav\u00e9s de Call Center\",\"datePublished\":\"2021-08-02T19:24:18+00:00\",\"dateModified\":\"2021-08-02T22:31:50+00:00\",\"mainEntityOfPage\":{\"@id\":\"https:\\\/\\\/fuentesfidedignas.com.mx\\\/index.php\\\/2021\\\/08\\\/02\\\/secretaria-de-salud-atiende-trastornos-de-ansiedad-y-estres-frente-a-la-pandemia-a-traves-de-call-center\\\/\"},\"wordCount\":347,\"commentCount\":0,\"publisher\":{\"@id\":\"https:\\\/\\\/fuentesfidedignas.com.mx\\\/#organization\"},\"image\":{\"@id\":\"https:\\\/\\\/fuentesfidedignas.com.mx\\\/index.php\\\/2021\\\/08\\\/02\\\/secretaria-de-salud-atiende-trastornos-de-ansiedad-y-estres-frente-a-la-pandemia-a-traves-de-call-center\\\/#primaryimage\"},\"thumbnailUrl\":\"https:\\\/\\\/fuentesfidedignas.com.mx\\\/wp-content\\\/uploads\\\/2021\\\/08\\\/Call-Center.jpg\",\"keywords\":[\"Call Center\",\"Coronavirus\",\"Covid-19\",\"SARS-CoV-2\",\"Secretar\u00eda de Salud de Sinaloa\"],\"articleSection\":[\"NOTA PRINCIPAL\"],\"inLanguage\":\"es\",\"potentialAction\":[{\"@type\":\"CommentAction\",\"name\":\"Comment\",\"target\":[\"https:\\\/\\\/fuentesfidedignas.com.mx\\\/index.php\\\/2021\\\/08\\\/02\\\/secretaria-de-salud-atiende-trastornos-de-ansiedad-y-estres-frente-a-la-pandemia-a-traves-de-call-center\\\/#respond\"]}]},{\"@type\":\"WebPage\",\"@id\":\"https:\\\/\\\/fuentesfidedignas.com.mx\\\/index.php\\\/2021\\\/08\\\/02\\\/secretaria-de-salud-atiende-trastornos-de-ansiedad-y-estres-frente-a-la-pandemia-a-traves-de-call-center\\\/\",\"url\":\"https:\\\/\\\/fuentesfidedignas.com.mx\\\/index.php\\\/2021\\\/08\\\/02\\\/secretaria-de-salud-atiende-trastornos-de-ansiedad-y-estres-frente-a-la-pandemia-a-traves-de-call-center\\\/\",\"name\":\"Secretar\u00eda de Salud atiende trastornos de ansiedad y estr\u00e9s frente a la pandemia a trav\u00e9s de Call Center - Fuentes Fidedignas\",\"isPartOf\":{\"@id\":\"https:\\\/\\\/fuentesfidedignas.com.mx\\\/#website\"},\"primaryImageOfPage\":{\"@id\":\"https:\\\/\\\/fuentesfidedignas.com.mx\\\/index.php\\\/2021\\\/08\\\/02\\\/secretaria-de-salud-atiende-trastornos-de-ansiedad-y-estres-frente-a-la-pandemia-a-traves-de-call-center\\\/#primaryimage\"},\"image\":{\"@id\":\"https:\\\/\\\/fuentesfidedignas.com.mx\\\/index.php\\\/2021\\\/08\\\/02\\\/secretaria-de-salud-atiende-trastornos-de-ansiedad-y-estres-frente-a-la-pandemia-a-traves-de-call-center\\\/#primaryimage\"},\"thumbnailUrl\":\"https:\\\/\\\/fuentesfidedignas.com.mx\\\/wp-content\\\/uploads\\\/2021\\\/08\\\/Call-Center.jpg\",\"datePublished\":\"2021-08-02T19:24:18+00:00\",\"dateModified\":\"2021-08-02T22:31:50+00:00\",\"breadcrumb\":{\"@id\":\"https:\\\/\\\/fuentesfidedignas.com.mx\\\/index.php\\\/2021\\\/08\\\/02\\\/secretaria-de-salud-atiende-trastornos-de-ansiedad-y-estres-frente-a-la-pandemia-a-traves-de-call-center\\\/#breadcrumb\"},\"inLanguage\":\"es\",\"potentialAction\":[{\"@type\":\"ReadAction\",\"target\":[\"https:\\\/\\\/fuentesfidedignas.com.mx\\\/index.php\\\/2021\\\/08\\\/02\\\/secretaria-de-salud-atiende-trastornos-de-ansiedad-y-estres-frente-a-la-pandemia-a-traves-de-call-center\\\/\"]}]},{\"@type\":\"ImageObject\",\"inLanguage\":\"es\",\"@id\":\"https:\\\/\\\/fuentesfidedignas.com.mx\\\/index.php\\\/2021\\\/08\\\/02\\\/secretaria-de-salud-atiende-trastornos-de-ansiedad-y-estres-frente-a-la-pandemia-a-traves-de-call-center\\\/#primaryimage\",\"url\":\"https:\\\/\\\/fuentesfidedignas.com.mx\\\/wp-content\\\/uploads\\\/2021\\\/08\\\/Call-Center.jpg\",\"contentUrl\":\"https:\\\/\\\/fuentesfidedignas.com.mx\\\/wp-content\\\/uploads\\\/2021\\\/08\\\/Call-Center.jpg\",\"width\":768,\"height\":479},{\"@type\":\"BreadcrumbList\",\"@id\":\"https:\\\/\\\/fuentesfidedignas.com.mx\\\/index.php\\\/2021\\\/08\\\/02\\\/secretaria-de-salud-atiende-trastornos-de-ansiedad-y-estres-frente-a-la-pandemia-a-traves-de-call-center\\\/#breadcrumb\",\"itemListElement\":[{\"@type\":\"ListItem\",\"position\":1,\"name\":\"Inicio\",\"item\":\"https:\\\/\\\/fuentesfidedignas.com.mx\\\/\"},{\"@type\":\"ListItem\",\"position\":2,\"name\":\"Secretar\u00eda de Salud atiende trastornos de ansiedad y estr\u00e9s frente a la pandemia a trav\u00e9s de Call Center\"}]},{\"@type\":\"WebSite\",\"@id\":\"https:\\\/\\\/fuentesfidedignas.com.mx\\\/#website\",\"url\":\"https:\\\/\\\/fuentesfidedignas.com.mx\\\/\",\"name\":\"Fuentes Fidedignas\",\"description\":\"Otro sitio realizado con WordPress\",\"publisher\":{\"@id\":\"https:\\\/\\\/fuentesfidedignas.com.mx\\\/#organization\"},\"potentialAction\":[{\"@type\":\"SearchAction\",\"target\":{\"@type\":\"EntryPoint\",\"urlTemplate\":\"https:\\\/\\\/fuentesfidedignas.com.mx\\\/?s={search_term_string}\"},\"query-input\":{\"@type\":\"PropertyValueSpecification\",\"valueRequired\":true,\"valueName\":\"search_term_string\"}}],\"inLanguage\":\"es\"},{\"@type\":\"Organization\",\"@id\":\"https:\\\/\\\/fuentesfidedignas.com.mx\\\/#organization\",\"name\":\"Fuentes Fidedignas\",\"url\":\"https:\\\/\\\/fuentesfidedignas.com.mx\\\/\",\"logo\":{\"@type\":\"ImageObject\",\"inLanguage\":\"es\",\"@id\":\"https:\\\/\\\/fuentesfidedignas.com.mx\\\/#\\\/schema\\\/logo\\\/image\\\/\",\"url\":\"https:\\\/\\\/fuentesfidedignas.com.mx\\\/wp-content\\\/uploads\\\/2021\\\/04\\\/logo-retina.png\",\"contentUrl\":\"https:\\\/\\\/fuentesfidedignas.com.mx\\\/wp-content\\\/uploads\\\/2021\\\/04\\\/logo-retina.png\",\"width\":280,\"height\":51,\"caption\":\"Fuentes Fidedignas\"},\"image\":{\"@id\":\"https:\\\/\\\/fuentesfidedignas.com.mx\\\/#\\\/schema\\\/logo\\\/image\\\/\"},\"sameAs\":[\"https:\\\/\\\/www.facebook.com\\\/Fuentes-Fidedignas-368234489921644\",\"https:\\\/\\\/x.com\\\/fidedignas\"]},{\"@type\":\"Person\",\"@id\":\"https:\\\/\\\/fuentesfidedignas.com.mx\\\/#\\\/schema\\\/person\\\/331be9283d37198e2acd5750279085b0\",\"name\":\"Redacci\u00f3n\",\"image\":{\"@type\":\"ImageObject\",\"inLanguage\":\"es\",\"@id\":\"https:\\\/\\\/secure.gravatar.com\\\/avatar\\\/f6d8782c11d12b2d4ad3fbb6931aeab5309937a4d6cd2fc9cfaa28a6396a5aec?s=96&d=mm&r=g\",\"url\":\"https:\\\/\\\/secure.gravatar.com\\\/avatar\\\/f6d8782c11d12b2d4ad3fbb6931aeab5309937a4d6cd2fc9cfaa28a6396a5aec?s=96&d=mm&r=g\",\"contentUrl\":\"https:\\\/\\\/secure.gravatar.com\\\/avatar\\\/f6d8782c11d12b2d4ad3fbb6931aeab5309937a4d6cd2fc9cfaa28a6396a5aec?s=96&d=mm&r=g\",\"caption\":\"Redacci\u00f3n\"},\"url\":\"https:\\\/\\\/fuentesfidedignas.com.mx\\\/index.php\\\/author\\\/redaccion\\\/\"}]}<\/script>\n<!-- \/ Yoast SEO plugin. -->","yoast_head_json":{"title":"Secretar\u00eda de Salud atiende trastornos de ansiedad y estr\u00e9s frente a la pandemia a trav\u00e9s de Call Center - Fuentes Fidedignas","robots":{"index":"index","follow":"follow","max-snippet":"max-snippet:-1","max-image-preview":"max-image-preview:large","max-video-preview":"max-video-preview:-1"},"canonical":"https:\/\/fuentesfidedignas.com.mx\/index.php\/2021\/08\/02\/secretaria-de-salud-atiende-trastornos-de-ansiedad-y-estres-frente-a-la-pandemia-a-traves-de-call-center\/","og_locale":"es_MX","og_type":"article","og_title":"Secretar\u00eda de Salud atiende trastornos de ansiedad y estr\u00e9s frente a la pandemia a trav\u00e9s de Call Center - Fuentes Fidedignas","og_description":"Padecer temor, ansiedad y estr\u00e9s por el COVID \u2013 19 puede ser normal, pero buscar ayuda en estos casos si es recomendable, asegura el Director de Prevenci\u00f3n y Promoci\u00f3n de la SS Culiac\u00e1n, Sin.- Ante el incremento de casos que se han registrado en nuestro estado por COVID \u2013 19, es normal que se vivan [&hellip;]","og_url":"https:\/\/fuentesfidedignas.com.mx\/index.php\/2021\/08\/02\/secretaria-de-salud-atiende-trastornos-de-ansiedad-y-estres-frente-a-la-pandemia-a-traves-de-call-center\/","og_site_name":"Fuentes Fidedignas","article_publisher":"https:\/\/www.facebook.com\/Fuentes-Fidedignas-368234489921644","article_published_time":"2021-08-02T19:24:18+00:00","article_modified_time":"2021-08-02T22:31:50+00:00","og_image":[{"width":768,"height":479,"url":"https:\/\/fuentesfidedignas.com.mx\/wp-content\/uploads\/2021\/08\/Call-Center.jpg","type":"image\/jpeg"}],"author":"Redacci\u00f3n","twitter_card":"summary_large_image","twitter_creator":"@fidedignas","twitter_site":"@fidedignas","twitter_misc":{"Escrito por":"Redacci\u00f3n","Tiempo de lectura":"2 minutos"},"schema":{"@context":"https:\/\/schema.org","@graph":[{"@type":"Article","@id":"https:\/\/fuentesfidedignas.com.mx\/index.php\/2021\/08\/02\/secretaria-de-salud-atiende-trastornos-de-ansiedad-y-estres-frente-a-la-pandemia-a-traves-de-call-center\/#article","isPartOf":{"@id":"https:\/\/fuentesfidedignas.com.mx\/index.php\/2021\/08\/02\/secretaria-de-salud-atiende-trastornos-de-ansiedad-y-estres-frente-a-la-pandemia-a-traves-de-call-center\/"},"author":{"name":"Redacci\u00f3n","@id":"https:\/\/fuentesfidedignas.com.mx\/#\/schema\/person\/331be9283d37198e2acd5750279085b0"},"headline":"Secretar\u00eda de Salud atiende trastornos de ansiedad y estr\u00e9s frente a la pandemia a trav\u00e9s de Call Center","datePublished":"2021-08-02T19:24:18+00:00","dateModified":"2021-08-02T22:31:50+00:00","mainEntityOfPage":{"@id":"https:\/\/fuentesfidedignas.com.mx\/index.php\/2021\/08\/02\/secretaria-de-salud-atiende-trastornos-de-ansiedad-y-estres-frente-a-la-pandemia-a-traves-de-call-center\/"},"wordCount":347,"commentCount":0,"publisher":{"@id":"https:\/\/fuentesfidedignas.com.mx\/#organization"},"image":{"@id":"https:\/\/fuentesfidedignas.com.mx\/index.php\/2021\/08\/02\/secretaria-de-salud-atiende-trastornos-de-ansiedad-y-estres-frente-a-la-pandemia-a-traves-de-call-center\/#primaryimage"},"thumbnailUrl":"https:\/\/fuentesfidedignas.com.mx\/wp-content\/uploads\/2021\/08\/Call-Center.jpg","keywords":["Call Center","Coronavirus","Covid-19","SARS-CoV-2","Secretar\u00eda de Salud de Sinaloa"],"articleSection":["NOTA PRINCIPAL"],"inLanguage":"es","potentialAction":[{"@type":"CommentAction","name":"Comment","target":["https:\/\/fuentesfidedignas.com.mx\/index.php\/2021\/08\/02\/secretaria-de-salud-atiende-trastornos-de-ansiedad-y-estres-frente-a-la-pandemia-a-traves-de-call-center\/#respond"]}]},{"@type":"WebPage","@id":"https:\/\/fuentesfidedignas.com.mx\/index.php\/2021\/08\/02\/secretaria-de-salud-atiende-trastornos-de-ansiedad-y-estres-frente-a-la-pandemia-a-traves-de-call-center\/","url":"https:\/\/fuentesfidedignas.com.mx\/index.php\/2021\/08\/02\/secretaria-de-salud-atiende-trastornos-de-ansiedad-y-estres-frente-a-la-pandemia-a-traves-de-call-center\/","name":"Secretar\u00eda de Salud atiende trastornos de ansiedad y estr\u00e9s frente a la pandemia a trav\u00e9s de Call Center - Fuentes Fidedignas","isPartOf":{"@id":"https:\/\/fuentesfidedignas.com.mx\/#website"},"primaryImageOfPage":{"@id":"https:\/\/fuentesfidedignas.com.mx\/index.php\/2021\/08\/02\/secretaria-de-salud-atiende-trastornos-de-ansiedad-y-estres-frente-a-la-pandemia-a-traves-de-call-center\/#primaryimage"},"image":{"@id":"https:\/\/fuentesfidedignas.com.mx\/index.php\/2021\/08\/02\/secretaria-de-salud-atiende-trastornos-de-ansiedad-y-estres-frente-a-la-pandemia-a-traves-de-call-center\/#primaryimage"},"thumbnailUrl":"https:\/\/fuentesfidedignas.com.mx\/wp-content\/uploads\/2021\/08\/Call-Center.jpg","datePublished":"2021-08-02T19:24:18+00:00","dateModified":"2021-08-02T22:31:50+00:00","breadcrumb":{"@id":"https:\/\/fuentesfidedignas.com.mx\/index.php\/2021\/08\/02\/secretaria-de-salud-atiende-trastornos-de-ansiedad-y-estres-frente-a-la-pandemia-a-traves-de-call-center\/#breadcrumb"},"inLanguage":"es","potentialAction":[{"@type":"ReadAction","target":["https:\/\/fuentesfidedignas.com.mx\/index.php\/2021\/08\/02\/secretaria-de-salud-atiende-trastornos-de-ansiedad-y-estres-frente-a-la-pandemia-a-traves-de-call-center\/"]}]},{"@type":"ImageObject","inLanguage":"es","@id":"https:\/\/fuentesfidedignas.com.mx\/index.php\/2021\/08\/02\/secretaria-de-salud-atiende-trastornos-de-ansiedad-y-estres-frente-a-la-pandemia-a-traves-de-call-center\/#primaryimage","url":"https:\/\/fuentesfidedignas.com.mx\/wp-content\/uploads\/2021\/08\/Call-Center.jpg","contentUrl":"https:\/\/fuentesfidedignas.com.mx\/wp-content\/uploads\/2021\/08\/Call-Center.jpg","width":768,"height":479},{"@type":"BreadcrumbList","@id":"https:\/\/fuentesfidedignas.com.mx\/index.php\/2021\/08\/02\/secretaria-de-salud-atiende-trastornos-de-ansiedad-y-estres-frente-a-la-pandemia-a-traves-de-call-center\/#breadcrumb","itemListElement":[{"@type":"ListItem","position":1,"name":"Inicio","item":"https:\/\/fuentesfidedignas.com.mx\/"},{"@type":"ListItem","position":2,"name":"Secretar\u00eda de Salud atiende trastornos de ansiedad y estr\u00e9s frente a la pandemia a trav\u00e9s de Call Center"}]},{"@type":"WebSite","@id":"https:\/\/fuentesfidedignas.com.mx\/#website","url":"https:\/\/fuentesfidedignas.com.mx\/","name":"Fuentes Fidedignas","description":"Otro sitio realizado con WordPress","publisher":{"@id":"https:\/\/fuentesfidedignas.com.mx\/#organization"},"potentialAction":[{"@type":"SearchAction","target":{"@type":"EntryPoint","urlTemplate":"https:\/\/fuentesfidedignas.com.mx\/?s={search_term_string}"},"query-input":{"@type":"PropertyValueSpecification","valueRequired":true,"valueName":"search_term_string"}}],"inLanguage":"es"},{"@type":"Organization","@id":"https:\/\/fuentesfidedignas.com.mx\/#organization","name":"Fuentes Fidedignas","url":"https:\/\/fuentesfidedignas.com.mx\/","logo":{"@type":"ImageObject","inLanguage":"es","@id":"https:\/\/fuentesfidedignas.com.mx\/#\/schema\/logo\/image\/","url":"https:\/\/fuentesfidedignas.com.mx\/wp-content\/uploads\/2021\/04\/logo-retina.png","contentUrl":"https:\/\/fuentesfidedignas.com.mx\/wp-content\/uploads\/2021\/04\/logo-retina.png","width":280,"height":51,"caption":"Fuentes Fidedignas"},"image":{"@id":"https:\/\/fuentesfidedignas.com.mx\/#\/schema\/logo\/image\/"},"sameAs":["https:\/\/www.facebook.com\/Fuentes-Fidedignas-368234489921644","https:\/\/x.com\/fidedignas"]},{"@type":"Person","@id":"https:\/\/fuentesfidedignas.com.mx\/#\/schema\/person\/331be9283d37198e2acd5750279085b0","name":"Redacci\u00f3n","image":{"@type":"ImageObject","inLanguage":"es","@id":"https:\/\/secure.gravatar.com\/avatar\/f6d8782c11d12b2d4ad3fbb6931aeab5309937a4d6cd2fc9cfaa28a6396a5aec?s=96&d=mm&r=g","url":"https:\/\/secure.gravatar.com\/avatar\/f6d8782c11d12b2d4ad3fbb6931aeab5309937a4d6cd2fc9cfaa28a6396a5aec?s=96&d=mm&r=g","contentUrl":"https:\/\/secure.gravatar.com\/avatar\/f6d8782c11d12b2d4ad3fbb6931aeab5309937a4d6cd2fc9cfaa28a6396a5aec?s=96&d=mm&r=g","caption":"Redacci\u00f3n"},"url":"https:\/\/fuentesfidedignas.com.mx\/index.php\/author\/redaccion\/"}]}},"_links":{"self":[{"href":"https:\/\/fuentesfidedignas.com.mx\/index.php\/wp-json\/wp\/v2\/posts\/8778","targetHints":{"allow":["GET"]}}],"collection":[{"href":"https:\/\/fuentesfidedignas.com.mx\/index.php\/wp-json\/wp\/v2\/posts"}],"about":[{"href":"https:\/\/fuentesfidedignas.com.mx\/index.php\/wp-json\/wp\/v2\/types\/post"}],"author":[{"embeddable":true,"href":"https:\/\/fuentesfidedignas.com.mx\/index.php\/wp-json\/wp\/v2\/users\/4"}],"replies":[{"embeddable":true,"href":"https:\/\/fuentesfidedignas.com.mx\/index.php\/wp-json\/wp\/v2\/comments?post=8778"}],"version-history":[{"count":1,"href":"https:\/\/fuentesfidedignas.com.mx\/index.php\/wp-json\/wp\/v2\/posts\/8778\/revisions"}],"predecessor-version":[{"id":8780,"href":"https:\/\/fuentesfidedignas.com.mx\/index.php\/wp-json\/wp\/v2\/posts\/8778\/revisions\/8780"}],"wp:featuredmedia":[{"embeddable":true,"href":"https:\/\/fuentesfidedignas.com.mx\/index.php\/wp-json\/wp\/v2\/media\/8779"}],"wp:attachment":[{"href":"https:\/\/fuentesfidedignas.com.mx\/index.php\/wp-json\/wp\/v2\/media?parent=8778"}],"wp:term":[{"taxonomy":"category","embeddable":true,"href":"https:\/\/fuentesfidedignas.com.mx\/index.php\/wp-json\/wp\/v2\/categories?post=8778"},{"taxonomy":"post_tag","embeddable":true,"href":"https:\/\/fuentesfidedignas.com.mx\/index.php\/wp-json\/wp\/v2\/tags?post=8778"}],"curies":[{"name":"wp","href":"https:\/\/api.w.org\/{rel}","templated":true}]}}