{"id":87732,"date":"2024-07-31T10:07:51","date_gmt":"2024-07-31T17:07:51","guid":{"rendered":"https:\/\/fuentesfidedignas.com.mx\/?p=87732"},"modified":"2024-07-31T10:07:56","modified_gmt":"2024-07-31T17:07:56","slug":"ciclon-tres-e-se-forma-frente-a-mexico-preven-que-se-vuelva-huracan-trayectoria","status":"publish","type":"post","link":"https:\/\/fuentesfidedignas.com.mx\/index.php\/2024\/07\/31\/ciclon-tres-e-se-forma-frente-a-mexico-preven-que-se-vuelva-huracan-trayectoria\/","title":{"rendered":"Cicl\u00f3n Tres-E se forma frente a M\u00e9xico; prev\u00e9n que se vuelva hurac\u00e1n | Trayectoria"},"content":{"rendered":"\n<p><strong><em>La depresi\u00f3n tropical ocasionar\u00e1 lluvias de fuertes a intensas, viento fuerte, oleaje elevado y posibles trombas marinas. Conoce aqu\u00ed cu\u00e1les ser\u00e1n los estados afectados.<\/em><\/strong><\/p>\n\n\n\n<p>La depresi\u00f3n tropical Tres-E se form\u00f3 la ma\u00f1ana de este mi\u00e9rcoles 31 de julio&nbsp;frente a las costas del Pac\u00edfico central mexicano, inform\u00f3 la Comisi\u00f3n Nacional del Agua (Conagua) en redes sociales.<\/p>\n\n\n\n<p>Con corte a las 09:00 horas, el centro del sistema se localiz\u00f3 a\u00a0530 kil\u00f3metros al suroeste de Manzanillo, Colima, y a 540 kil\u00f3metros al suroeste de Punta San Telmo, Michoac\u00e1n.<\/p>\n\n\n\n<p>La depresi\u00f3n tropical present\u00f3 vientos m\u00e1ximos sostenidos de 55 kil\u00f3metros por hora y rachas de 75 kil\u00f3metros por hora, de acuerdo con el aviso del Servicio Meteorol\u00f3gico Nacional (SMN).<\/p>\n\n\n\n<p>De acuerdo con los modelos de la dependencia, el sistema\u00a0se desplazar\u00e1 en el Oc\u00e9ano Pac\u00edfico\u00a0y se fortalecer\u00e1 con el paso de los d\u00edas.<\/p>\n\n\n\n<p>La depresi\u00f3n Tres-E se podr\u00eda volver una tormenta tropical y, eventualmente, un hurac\u00e1n de categor\u00eda 1.<\/p>\n\n\n\n<blockquote class=\"twitter-tweet\"><p lang=\"es\" dir=\"ltr\">Esta ma\u00f1ana se form\u00f3 la <a href=\"https:\/\/twitter.com\/hashtag\/Depresi%C3%B3nTropical?src=hash&amp;ref_src=twsrc%5Etfw\">#Depresi\u00f3nTropical<\/a> Tres-E, frente a las costas del <a href=\"https:\/\/twitter.com\/hashtag\/Pac%C3%ADfico?src=hash&amp;ref_src=twsrc%5Etfw\">#Pac\u00edfico<\/a> central mexicano; ocasionar\u00e1 en las pr\u00f3ximas horas, <a href=\"https:\/\/twitter.com\/hashtag\/Lluvias?src=hash&amp;ref_src=twsrc%5Etfw\">#Lluvias<\/a> fuertes a intensas, <a href=\"https:\/\/twitter.com\/hashtag\/Vientos?src=hash&amp;ref_src=twsrc%5Etfw\">#Vientos<\/a>, <a href=\"https:\/\/twitter.com\/hashtag\/Oleaje?src=hash&amp;ref_src=twsrc%5Etfw\">#Oleaje<\/a> y posibles <a href=\"https:\/\/twitter.com\/hashtag\/Trombas?src=hash&amp;ref_src=twsrc%5Etfw\">#Trombas<\/a> marinas.<br><br>M\u00e1s informaci\u00f3n en \u2b07\ufe0f <a href=\"https:\/\/t.co\/VVYNAkgh8w\">https:\/\/t.co\/VVYNAkgh8w<\/a> <a href=\"https:\/\/t.co\/q6iboCTySf\">pic.twitter.com\/q6iboCTySf<\/a><\/p>&mdash; CONAGUA Clima (@conagua_clima) <a href=\"https:\/\/twitter.com\/conagua_clima\/status\/1818672702804443181?ref_src=twsrc%5Etfw\">July 31, 2024<\/a><\/blockquote> <script async src=\"https:\/\/platform.twitter.com\/widgets.js\" charset=\"utf-8\"><\/script>\n\n\n\n<p>El cicl\u00f3n&nbsp;podr\u00eda convertirse en hurac\u00e1n&nbsp;alrededor de las 18:00 horas del viernes 2 de agosto, cuando se ubique a&nbsp;995 kil\u00f3metros al suroeste de Cabo San Lucas,&nbsp;Baja California Sur.<\/p>\n\n\n\n<p><strong>As\u00ed ser\u00e1 la TRAYECTORIA de la depresi\u00f3n tropical<\/strong><\/p>\n\n\n\n<figure class=\"wp-block-image size-full is-resized\"><img decoding=\"async\" width=\"618\" height=\"478\" src=\"https:\/\/fuentesfidedignas.com.mx\/wp-content\/uploads\/2024\/07\/image-2-1.jpg\" alt=\"\" class=\"wp-image-87733\" style=\"width:702px;height:auto\" srcset=\"https:\/\/fuentesfidedignas.com.mx\/wp-content\/uploads\/2024\/07\/image-2-1.jpg 618w, https:\/\/fuentesfidedignas.com.mx\/wp-content\/uploads\/2024\/07\/image-2-1-300x232.jpg 300w, https:\/\/fuentesfidedignas.com.mx\/wp-content\/uploads\/2024\/07\/image-2-1-543x420.jpg 543w, https:\/\/fuentesfidedignas.com.mx\/wp-content\/uploads\/2024\/07\/image-2-1-600x464.jpg 600w\" sizes=\"(max-width: 618px) 100vw, 618px\" \/><\/figure>\n\n\n\n<p><strong>Depresi\u00f3n tropical Tres-E afectar\u00e1 estos estados<\/strong><br>Los principales efectos del sistema ser\u00e1n lluvias intensas, que estar\u00e1n acompa\u00f1adas de descargas el\u00e9ctricas y ca\u00edda de granizo, as\u00ed como viento, oleaje elevado y posible formaci\u00f3n de trombas marinas.<\/p>\n\n\n\n<p><strong>Lluvias fuertes<\/strong><br>Puntuales intensas en Jalisco, Colima y Michoac\u00e1n<\/p>\n\n\n\n<p><strong>Muy fuertes en Nayarit.<\/strong><br>La dependencia alert\u00f3 que las precipitaciones podr\u00edan originar incremento en los niveles de r\u00edos y arroyos, deslaves, encharcamientos e inundaciones en zonas bajas de los estados indicados.<\/p>\n\n\n\n<p><strong>Viento y oleaje<\/strong><br>Se prev\u00e9 viento con rachas de 40 a 60 kil\u00f3metros por hora, oleaje de uno a dos metros de altura y posible formaci\u00f3n de trombas marinas en costas de Jalisco, Colima y Michoac\u00e1n.<\/p>\n","protected":false},"excerpt":{"rendered":"<p>La depresi\u00f3n tropical ocasionar\u00e1 lluvias de fuertes a intensas, viento fuerte, oleaje elevado y posibles trombas marinas. Conoce aqu\u00ed cu\u00e1les ser\u00e1n los estados afectados. La depresi\u00f3n tropical Tres-E se form\u00f3 la ma\u00f1ana de este mi\u00e9rcoles 31 de julio&nbsp;frente a las costas del Pac\u00edfico central mexicano, inform\u00f3 la Comisi\u00f3n Nacional del Agua (Conagua) en redes sociales. [&hellip;]<\/p>\n","protected":false},"author":9,"featured_media":87734,"comment_status":"open","ping_status":"open","sticky":false,"template":"","format":"standard","meta":{"tdm_status":"","tdm_grid_status":"","footnotes":""},"categories":[39],"tags":[],"class_list":{"0":"post-87732","1":"post","2":"type-post","3":"status-publish","4":"format-standard","5":"has-post-thumbnail","7":"category-noticias-nacionales"},"yoast_head":"<!-- This site is optimized with the Yoast SEO plugin v27.5 - https:\/\/yoast.com\/product\/yoast-seo-wordpress\/ -->\n<title>Cicl\u00f3n Tres-E se forma frente a M\u00e9xico; prev\u00e9n que se vuelva hurac\u00e1n | Trayectoria - Fuentes Fidedignas<\/title>\n<meta name=\"robots\" content=\"index, follow, max-snippet:-1, max-image-preview:large, max-video-preview:-1\" \/>\n<link rel=\"canonical\" href=\"https:\/\/fuentesfidedignas.com.mx\/index.php\/2024\/07\/31\/ciclon-tres-e-se-forma-frente-a-mexico-preven-que-se-vuelva-huracan-trayectoria\/\" \/>\n<meta property=\"og:locale\" content=\"es_MX\" \/>\n<meta property=\"og:type\" content=\"article\" \/>\n<meta property=\"og:title\" content=\"Cicl\u00f3n Tres-E se forma frente a M\u00e9xico; prev\u00e9n que se vuelva hurac\u00e1n | Trayectoria - Fuentes Fidedignas\" \/>\n<meta property=\"og:description\" content=\"La depresi\u00f3n tropical ocasionar\u00e1 lluvias de fuertes a intensas, viento fuerte, oleaje elevado y posibles trombas marinas. Conoce aqu\u00ed cu\u00e1les ser\u00e1n los estados afectados. La depresi\u00f3n tropical Tres-E se form\u00f3 la ma\u00f1ana de este mi\u00e9rcoles 31 de julio&nbsp;frente a las costas del Pac\u00edfico central mexicano, inform\u00f3 la Comisi\u00f3n Nacional del Agua (Conagua) en redes sociales. [&hellip;]\" \/>\n<meta property=\"og:url\" content=\"https:\/\/fuentesfidedignas.com.mx\/index.php\/2024\/07\/31\/ciclon-tres-e-se-forma-frente-a-mexico-preven-que-se-vuelva-huracan-trayectoria\/\" \/>\n<meta property=\"og:site_name\" content=\"Fuentes Fidedignas\" \/>\n<meta property=\"article:publisher\" content=\"https:\/\/www.facebook.com\/Fuentes-Fidedignas-368234489921644\" \/>\n<meta property=\"article:published_time\" content=\"2024-07-31T17:07:51+00:00\" \/>\n<meta property=\"article:modified_time\" content=\"2024-07-31T17:07:56+00:00\" \/>\n<meta property=\"og:image\" content=\"https:\/\/fuentesfidedignas.com.mx\/wp-content\/uploads\/2024\/07\/huracan-tormenta.jpg\" \/>\n\t<meta property=\"og:image:width\" content=\"650\" \/>\n\t<meta property=\"og:image:height\" content=\"365\" \/>\n\t<meta property=\"og:image:type\" content=\"image\/jpeg\" \/>\n<meta name=\"author\" content=\"Milenio\" \/>\n<meta name=\"twitter:card\" content=\"summary_large_image\" \/>\n<meta name=\"twitter:creator\" content=\"@fidedignas\" \/>\n<meta name=\"twitter:site\" content=\"@fidedignas\" \/>\n<meta name=\"twitter:label1\" content=\"Escrito por\" \/>\n\t<meta name=\"twitter:data1\" content=\"Milenio\" \/>\n\t<meta name=\"twitter:label2\" content=\"Tiempo de lectura\" \/>\n\t<meta name=\"twitter:data2\" content=\"2 minutos\" \/>\n<script type=\"application\/ld+json\" class=\"yoast-schema-graph\">{\"@context\":\"https:\\\/\\\/schema.org\",\"@graph\":[{\"@type\":\"Article\",\"@id\":\"https:\\\/\\\/fuentesfidedignas.com.mx\\\/index.php\\\/2024\\\/07\\\/31\\\/ciclon-tres-e-se-forma-frente-a-mexico-preven-que-se-vuelva-huracan-trayectoria\\\/#article\",\"isPartOf\":{\"@id\":\"https:\\\/\\\/fuentesfidedignas.com.mx\\\/index.php\\\/2024\\\/07\\\/31\\\/ciclon-tres-e-se-forma-frente-a-mexico-preven-que-se-vuelva-huracan-trayectoria\\\/\"},\"author\":{\"name\":\"Milenio\",\"@id\":\"https:\\\/\\\/fuentesfidedignas.com.mx\\\/#\\\/schema\\\/person\\\/47ec0135738f4b0c7495f06a77a2c976\"},\"headline\":\"Cicl\u00f3n Tres-E se forma frente a M\u00e9xico; prev\u00e9n que se vuelva hurac\u00e1n | Trayectoria\",\"datePublished\":\"2024-07-31T17:07:51+00:00\",\"dateModified\":\"2024-07-31T17:07:56+00:00\",\"mainEntityOfPage\":{\"@id\":\"https:\\\/\\\/fuentesfidedignas.com.mx\\\/index.php\\\/2024\\\/07\\\/31\\\/ciclon-tres-e-se-forma-frente-a-mexico-preven-que-se-vuelva-huracan-trayectoria\\\/\"},\"wordCount\":413,\"commentCount\":0,\"publisher\":{\"@id\":\"https:\\\/\\\/fuentesfidedignas.com.mx\\\/#organization\"},\"image\":{\"@id\":\"https:\\\/\\\/fuentesfidedignas.com.mx\\\/index.php\\\/2024\\\/07\\\/31\\\/ciclon-tres-e-se-forma-frente-a-mexico-preven-que-se-vuelva-huracan-trayectoria\\\/#primaryimage\"},\"thumbnailUrl\":\"https:\\\/\\\/fuentesfidedignas.com.mx\\\/wp-content\\\/uploads\\\/2024\\\/07\\\/huracan-tormenta.jpg\",\"articleSection\":[\"NOTICIAS NACIONALES\"],\"inLanguage\":\"es\",\"potentialAction\":[{\"@type\":\"CommentAction\",\"name\":\"Comment\",\"target\":[\"https:\\\/\\\/fuentesfidedignas.com.mx\\\/index.php\\\/2024\\\/07\\\/31\\\/ciclon-tres-e-se-forma-frente-a-mexico-preven-que-se-vuelva-huracan-trayectoria\\\/#respond\"]}]},{\"@type\":\"WebPage\",\"@id\":\"https:\\\/\\\/fuentesfidedignas.com.mx\\\/index.php\\\/2024\\\/07\\\/31\\\/ciclon-tres-e-se-forma-frente-a-mexico-preven-que-se-vuelva-huracan-trayectoria\\\/\",\"url\":\"https:\\\/\\\/fuentesfidedignas.com.mx\\\/index.php\\\/2024\\\/07\\\/31\\\/ciclon-tres-e-se-forma-frente-a-mexico-preven-que-se-vuelva-huracan-trayectoria\\\/\",\"name\":\"Cicl\u00f3n Tres-E se forma frente a M\u00e9xico; prev\u00e9n que se vuelva hurac\u00e1n | Trayectoria - Fuentes Fidedignas\",\"isPartOf\":{\"@id\":\"https:\\\/\\\/fuentesfidedignas.com.mx\\\/#website\"},\"primaryImageOfPage\":{\"@id\":\"https:\\\/\\\/fuentesfidedignas.com.mx\\\/index.php\\\/2024\\\/07\\\/31\\\/ciclon-tres-e-se-forma-frente-a-mexico-preven-que-se-vuelva-huracan-trayectoria\\\/#primaryimage\"},\"image\":{\"@id\":\"https:\\\/\\\/fuentesfidedignas.com.mx\\\/index.php\\\/2024\\\/07\\\/31\\\/ciclon-tres-e-se-forma-frente-a-mexico-preven-que-se-vuelva-huracan-trayectoria\\\/#primaryimage\"},\"thumbnailUrl\":\"https:\\\/\\\/fuentesfidedignas.com.mx\\\/wp-content\\\/uploads\\\/2024\\\/07\\\/huracan-tormenta.jpg\",\"datePublished\":\"2024-07-31T17:07:51+00:00\",\"dateModified\":\"2024-07-31T17:07:56+00:00\",\"breadcrumb\":{\"@id\":\"https:\\\/\\\/fuentesfidedignas.com.mx\\\/index.php\\\/2024\\\/07\\\/31\\\/ciclon-tres-e-se-forma-frente-a-mexico-preven-que-se-vuelva-huracan-trayectoria\\\/#breadcrumb\"},\"inLanguage\":\"es\",\"potentialAction\":[{\"@type\":\"ReadAction\",\"target\":[\"https:\\\/\\\/fuentesfidedignas.com.mx\\\/index.php\\\/2024\\\/07\\\/31\\\/ciclon-tres-e-se-forma-frente-a-mexico-preven-que-se-vuelva-huracan-trayectoria\\\/\"]}]},{\"@type\":\"ImageObject\",\"inLanguage\":\"es\",\"@id\":\"https:\\\/\\\/fuentesfidedignas.com.mx\\\/index.php\\\/2024\\\/07\\\/31\\\/ciclon-tres-e-se-forma-frente-a-mexico-preven-que-se-vuelva-huracan-trayectoria\\\/#primaryimage\",\"url\":\"https:\\\/\\\/fuentesfidedignas.com.mx\\\/wp-content\\\/uploads\\\/2024\\\/07\\\/huracan-tormenta.jpg\",\"contentUrl\":\"https:\\\/\\\/fuentesfidedignas.com.mx\\\/wp-content\\\/uploads\\\/2024\\\/07\\\/huracan-tormenta.jpg\",\"width\":650,\"height\":365},{\"@type\":\"BreadcrumbList\",\"@id\":\"https:\\\/\\\/fuentesfidedignas.com.mx\\\/index.php\\\/2024\\\/07\\\/31\\\/ciclon-tres-e-se-forma-frente-a-mexico-preven-que-se-vuelva-huracan-trayectoria\\\/#breadcrumb\",\"itemListElement\":[{\"@type\":\"ListItem\",\"position\":1,\"name\":\"Inicio\",\"item\":\"https:\\\/\\\/fuentesfidedignas.com.mx\\\/\"},{\"@type\":\"ListItem\",\"position\":2,\"name\":\"Cicl\u00f3n Tres-E se forma frente a M\u00e9xico; prev\u00e9n que se vuelva hurac\u00e1n | Trayectoria\"}]},{\"@type\":\"WebSite\",\"@id\":\"https:\\\/\\\/fuentesfidedignas.com.mx\\\/#website\",\"url\":\"https:\\\/\\\/fuentesfidedignas.com.mx\\\/\",\"name\":\"Fuentes Fidedignas\",\"description\":\"Otro sitio realizado con WordPress\",\"publisher\":{\"@id\":\"https:\\\/\\\/fuentesfidedignas.com.mx\\\/#organization\"},\"potentialAction\":[{\"@type\":\"SearchAction\",\"target\":{\"@type\":\"EntryPoint\",\"urlTemplate\":\"https:\\\/\\\/fuentesfidedignas.com.mx\\\/?s={search_term_string}\"},\"query-input\":{\"@type\":\"PropertyValueSpecification\",\"valueRequired\":true,\"valueName\":\"search_term_string\"}}],\"inLanguage\":\"es\"},{\"@type\":\"Organization\",\"@id\":\"https:\\\/\\\/fuentesfidedignas.com.mx\\\/#organization\",\"name\":\"Fuentes Fidedignas\",\"url\":\"https:\\\/\\\/fuentesfidedignas.com.mx\\\/\",\"logo\":{\"@type\":\"ImageObject\",\"inLanguage\":\"es\",\"@id\":\"https:\\\/\\\/fuentesfidedignas.com.mx\\\/#\\\/schema\\\/logo\\\/image\\\/\",\"url\":\"https:\\\/\\\/fuentesfidedignas.com.mx\\\/wp-content\\\/uploads\\\/2021\\\/04\\\/logo-retina.png\",\"contentUrl\":\"https:\\\/\\\/fuentesfidedignas.com.mx\\\/wp-content\\\/uploads\\\/2021\\\/04\\\/logo-retina.png\",\"width\":280,\"height\":51,\"caption\":\"Fuentes Fidedignas\"},\"image\":{\"@id\":\"https:\\\/\\\/fuentesfidedignas.com.mx\\\/#\\\/schema\\\/logo\\\/image\\\/\"},\"sameAs\":[\"https:\\\/\\\/www.facebook.com\\\/Fuentes-Fidedignas-368234489921644\",\"https:\\\/\\\/x.com\\\/fidedignas\"]},{\"@type\":\"Person\",\"@id\":\"https:\\\/\\\/fuentesfidedignas.com.mx\\\/#\\\/schema\\\/person\\\/47ec0135738f4b0c7495f06a77a2c976\",\"name\":\"Milenio\",\"image\":{\"@type\":\"ImageObject\",\"inLanguage\":\"es\",\"@id\":\"https:\\\/\\\/secure.gravatar.com\\\/avatar\\\/acabf7b54753e51c2c76457954577c236b3b764789b19879565769739d1e4a75?s=96&d=mm&r=g\",\"url\":\"https:\\\/\\\/secure.gravatar.com\\\/avatar\\\/acabf7b54753e51c2c76457954577c236b3b764789b19879565769739d1e4a75?s=96&d=mm&r=g\",\"contentUrl\":\"https:\\\/\\\/secure.gravatar.com\\\/avatar\\\/acabf7b54753e51c2c76457954577c236b3b764789b19879565769739d1e4a75?s=96&d=mm&r=g\",\"caption\":\"Milenio\"},\"url\":\"https:\\\/\\\/fuentesfidedignas.com.mx\\\/index.php\\\/author\\\/milenio\\\/\"}]}<\/script>\n<!-- \/ Yoast SEO plugin. -->","yoast_head_json":{"title":"Cicl\u00f3n Tres-E se forma frente a M\u00e9xico; prev\u00e9n que se vuelva hurac\u00e1n | Trayectoria - Fuentes Fidedignas","robots":{"index":"index","follow":"follow","max-snippet":"max-snippet:-1","max-image-preview":"max-image-preview:large","max-video-preview":"max-video-preview:-1"},"canonical":"https:\/\/fuentesfidedignas.com.mx\/index.php\/2024\/07\/31\/ciclon-tres-e-se-forma-frente-a-mexico-preven-que-se-vuelva-huracan-trayectoria\/","og_locale":"es_MX","og_type":"article","og_title":"Cicl\u00f3n Tres-E se forma frente a M\u00e9xico; prev\u00e9n que se vuelva hurac\u00e1n | Trayectoria - Fuentes Fidedignas","og_description":"La depresi\u00f3n tropical ocasionar\u00e1 lluvias de fuertes a intensas, viento fuerte, oleaje elevado y posibles trombas marinas. Conoce aqu\u00ed cu\u00e1les ser\u00e1n los estados afectados. La depresi\u00f3n tropical Tres-E se form\u00f3 la ma\u00f1ana de este mi\u00e9rcoles 31 de julio&nbsp;frente a las costas del Pac\u00edfico central mexicano, inform\u00f3 la Comisi\u00f3n Nacional del Agua (Conagua) en redes sociales. [&hellip;]","og_url":"https:\/\/fuentesfidedignas.com.mx\/index.php\/2024\/07\/31\/ciclon-tres-e-se-forma-frente-a-mexico-preven-que-se-vuelva-huracan-trayectoria\/","og_site_name":"Fuentes Fidedignas","article_publisher":"https:\/\/www.facebook.com\/Fuentes-Fidedignas-368234489921644","article_published_time":"2024-07-31T17:07:51+00:00","article_modified_time":"2024-07-31T17:07:56+00:00","og_image":[{"width":650,"height":365,"url":"https:\/\/fuentesfidedignas.com.mx\/wp-content\/uploads\/2024\/07\/huracan-tormenta.jpg","type":"image\/jpeg"}],"author":"Milenio","twitter_card":"summary_large_image","twitter_creator":"@fidedignas","twitter_site":"@fidedignas","twitter_misc":{"Escrito por":"Milenio","Tiempo de lectura":"2 minutos"},"schema":{"@context":"https:\/\/schema.org","@graph":[{"@type":"Article","@id":"https:\/\/fuentesfidedignas.com.mx\/index.php\/2024\/07\/31\/ciclon-tres-e-se-forma-frente-a-mexico-preven-que-se-vuelva-huracan-trayectoria\/#article","isPartOf":{"@id":"https:\/\/fuentesfidedignas.com.mx\/index.php\/2024\/07\/31\/ciclon-tres-e-se-forma-frente-a-mexico-preven-que-se-vuelva-huracan-trayectoria\/"},"author":{"name":"Milenio","@id":"https:\/\/fuentesfidedignas.com.mx\/#\/schema\/person\/47ec0135738f4b0c7495f06a77a2c976"},"headline":"Cicl\u00f3n Tres-E se forma frente a M\u00e9xico; prev\u00e9n que se vuelva hurac\u00e1n | Trayectoria","datePublished":"2024-07-31T17:07:51+00:00","dateModified":"2024-07-31T17:07:56+00:00","mainEntityOfPage":{"@id":"https:\/\/fuentesfidedignas.com.mx\/index.php\/2024\/07\/31\/ciclon-tres-e-se-forma-frente-a-mexico-preven-que-se-vuelva-huracan-trayectoria\/"},"wordCount":413,"commentCount":0,"publisher":{"@id":"https:\/\/fuentesfidedignas.com.mx\/#organization"},"image":{"@id":"https:\/\/fuentesfidedignas.com.mx\/index.php\/2024\/07\/31\/ciclon-tres-e-se-forma-frente-a-mexico-preven-que-se-vuelva-huracan-trayectoria\/#primaryimage"},"thumbnailUrl":"https:\/\/fuentesfidedignas.com.mx\/wp-content\/uploads\/2024\/07\/huracan-tormenta.jpg","articleSection":["NOTICIAS NACIONALES"],"inLanguage":"es","potentialAction":[{"@type":"CommentAction","name":"Comment","target":["https:\/\/fuentesfidedignas.com.mx\/index.php\/2024\/07\/31\/ciclon-tres-e-se-forma-frente-a-mexico-preven-que-se-vuelva-huracan-trayectoria\/#respond"]}]},{"@type":"WebPage","@id":"https:\/\/fuentesfidedignas.com.mx\/index.php\/2024\/07\/31\/ciclon-tres-e-se-forma-frente-a-mexico-preven-que-se-vuelva-huracan-trayectoria\/","url":"https:\/\/fuentesfidedignas.com.mx\/index.php\/2024\/07\/31\/ciclon-tres-e-se-forma-frente-a-mexico-preven-que-se-vuelva-huracan-trayectoria\/","name":"Cicl\u00f3n Tres-E se forma frente a M\u00e9xico; prev\u00e9n que se vuelva hurac\u00e1n | Trayectoria - Fuentes Fidedignas","isPartOf":{"@id":"https:\/\/fuentesfidedignas.com.mx\/#website"},"primaryImageOfPage":{"@id":"https:\/\/fuentesfidedignas.com.mx\/index.php\/2024\/07\/31\/ciclon-tres-e-se-forma-frente-a-mexico-preven-que-se-vuelva-huracan-trayectoria\/#primaryimage"},"image":{"@id":"https:\/\/fuentesfidedignas.com.mx\/index.php\/2024\/07\/31\/ciclon-tres-e-se-forma-frente-a-mexico-preven-que-se-vuelva-huracan-trayectoria\/#primaryimage"},"thumbnailUrl":"https:\/\/fuentesfidedignas.com.mx\/wp-content\/uploads\/2024\/07\/huracan-tormenta.jpg","datePublished":"2024-07-31T17:07:51+00:00","dateModified":"2024-07-31T17:07:56+00:00","breadcrumb":{"@id":"https:\/\/fuentesfidedignas.com.mx\/index.php\/2024\/07\/31\/ciclon-tres-e-se-forma-frente-a-mexico-preven-que-se-vuelva-huracan-trayectoria\/#breadcrumb"},"inLanguage":"es","potentialAction":[{"@type":"ReadAction","target":["https:\/\/fuentesfidedignas.com.mx\/index.php\/2024\/07\/31\/ciclon-tres-e-se-forma-frente-a-mexico-preven-que-se-vuelva-huracan-trayectoria\/"]}]},{"@type":"ImageObject","inLanguage":"es","@id":"https:\/\/fuentesfidedignas.com.mx\/index.php\/2024\/07\/31\/ciclon-tres-e-se-forma-frente-a-mexico-preven-que-se-vuelva-huracan-trayectoria\/#primaryimage","url":"https:\/\/fuentesfidedignas.com.mx\/wp-content\/uploads\/2024\/07\/huracan-tormenta.jpg","contentUrl":"https:\/\/fuentesfidedignas.com.mx\/wp-content\/uploads\/2024\/07\/huracan-tormenta.jpg","width":650,"height":365},{"@type":"BreadcrumbList","@id":"https:\/\/fuentesfidedignas.com.mx\/index.php\/2024\/07\/31\/ciclon-tres-e-se-forma-frente-a-mexico-preven-que-se-vuelva-huracan-trayectoria\/#breadcrumb","itemListElement":[{"@type":"ListItem","position":1,"name":"Inicio","item":"https:\/\/fuentesfidedignas.com.mx\/"},{"@type":"ListItem","position":2,"name":"Cicl\u00f3n Tres-E se forma frente a M\u00e9xico; prev\u00e9n que se vuelva hurac\u00e1n | Trayectoria"}]},{"@type":"WebSite","@id":"https:\/\/fuentesfidedignas.com.mx\/#website","url":"https:\/\/fuentesfidedignas.com.mx\/","name":"Fuentes Fidedignas","description":"Otro sitio realizado con WordPress","publisher":{"@id":"https:\/\/fuentesfidedignas.com.mx\/#organization"},"potentialAction":[{"@type":"SearchAction","target":{"@type":"EntryPoint","urlTemplate":"https:\/\/fuentesfidedignas.com.mx\/?s={search_term_string}"},"query-input":{"@type":"PropertyValueSpecification","valueRequired":true,"valueName":"search_term_string"}}],"inLanguage":"es"},{"@type":"Organization","@id":"https:\/\/fuentesfidedignas.com.mx\/#organization","name":"Fuentes Fidedignas","url":"https:\/\/fuentesfidedignas.com.mx\/","logo":{"@type":"ImageObject","inLanguage":"es","@id":"https:\/\/fuentesfidedignas.com.mx\/#\/schema\/logo\/image\/","url":"https:\/\/fuentesfidedignas.com.mx\/wp-content\/uploads\/2021\/04\/logo-retina.png","contentUrl":"https:\/\/fuentesfidedignas.com.mx\/wp-content\/uploads\/2021\/04\/logo-retina.png","width":280,"height":51,"caption":"Fuentes Fidedignas"},"image":{"@id":"https:\/\/fuentesfidedignas.com.mx\/#\/schema\/logo\/image\/"},"sameAs":["https:\/\/www.facebook.com\/Fuentes-Fidedignas-368234489921644","https:\/\/x.com\/fidedignas"]},{"@type":"Person","@id":"https:\/\/fuentesfidedignas.com.mx\/#\/schema\/person\/47ec0135738f4b0c7495f06a77a2c976","name":"Milenio","image":{"@type":"ImageObject","inLanguage":"es","@id":"https:\/\/secure.gravatar.com\/avatar\/acabf7b54753e51c2c76457954577c236b3b764789b19879565769739d1e4a75?s=96&d=mm&r=g","url":"https:\/\/secure.gravatar.com\/avatar\/acabf7b54753e51c2c76457954577c236b3b764789b19879565769739d1e4a75?s=96&d=mm&r=g","contentUrl":"https:\/\/secure.gravatar.com\/avatar\/acabf7b54753e51c2c76457954577c236b3b764789b19879565769739d1e4a75?s=96&d=mm&r=g","caption":"Milenio"},"url":"https:\/\/fuentesfidedignas.com.mx\/index.php\/author\/milenio\/"}]}},"_links":{"self":[{"href":"https:\/\/fuentesfidedignas.com.mx\/index.php\/wp-json\/wp\/v2\/posts\/87732","targetHints":{"allow":["GET"]}}],"collection":[{"href":"https:\/\/fuentesfidedignas.com.mx\/index.php\/wp-json\/wp\/v2\/posts"}],"about":[{"href":"https:\/\/fuentesfidedignas.com.mx\/index.php\/wp-json\/wp\/v2\/types\/post"}],"author":[{"embeddable":true,"href":"https:\/\/fuentesfidedignas.com.mx\/index.php\/wp-json\/wp\/v2\/users\/9"}],"replies":[{"embeddable":true,"href":"https:\/\/fuentesfidedignas.com.mx\/index.php\/wp-json\/wp\/v2\/comments?post=87732"}],"version-history":[{"count":1,"href":"https:\/\/fuentesfidedignas.com.mx\/index.php\/wp-json\/wp\/v2\/posts\/87732\/revisions"}],"predecessor-version":[{"id":87735,"href":"https:\/\/fuentesfidedignas.com.mx\/index.php\/wp-json\/wp\/v2\/posts\/87732\/revisions\/87735"}],"wp:featuredmedia":[{"embeddable":true,"href":"https:\/\/fuentesfidedignas.com.mx\/index.php\/wp-json\/wp\/v2\/media\/87734"}],"wp:attachment":[{"href":"https:\/\/fuentesfidedignas.com.mx\/index.php\/wp-json\/wp\/v2\/media?parent=87732"}],"wp:term":[{"taxonomy":"category","embeddable":true,"href":"https:\/\/fuentesfidedignas.com.mx\/index.php\/wp-json\/wp\/v2\/categories?post=87732"},{"taxonomy":"post_tag","embeddable":true,"href":"https:\/\/fuentesfidedignas.com.mx\/index.php\/wp-json\/wp\/v2\/tags?post=87732"}],"curies":[{"name":"wp","href":"https:\/\/api.w.org\/{rel}","templated":true}]}}