{"id":87634,"date":"2024-07-30T08:20:00","date_gmt":"2024-07-30T15:20:00","guid":{"rendered":"https:\/\/fuentesfidedignas.com.mx\/?p=87634"},"modified":"2024-07-30T12:20:51","modified_gmt":"2024-07-30T19:20:51","slug":"mexicana-prisca-awiti-hace-historia-y-pasa-a-semifinales-en-el-judo-de-paris-2024","status":"publish","type":"post","link":"https:\/\/fuentesfidedignas.com.mx\/index.php\/2024\/07\/30\/mexicana-prisca-awiti-hace-historia-y-pasa-a-semifinales-en-el-judo-de-paris-2024\/","title":{"rendered":"Mexicana Prisca Awiti hace historia y pasa a semifinales en el judo de Par\u00eds 2024"},"content":{"rendered":"\n<p><strong><em>Prisca Awiti venci\u00f3 a la austr\u00edaca Lubjana Piovesana y pas\u00f3 a semifinales, primera vez que una luchadora mexicana lo hace en unos JJ.OO.<\/em><\/strong><\/p>\n\n\n\n<p>Prisca Awiti Alcaraz, decimoctava del mundo, venci\u00f3 este martes en la categor\u00eda de -63 kilos de la competici\u00f3n de judo de Par\u00eds 2024 a la austr\u00edaca Lubjana Piovesana, d\u00e9cima del ranking, y pas\u00f3 a las semifinales, la primera vez que una luchadora mexicana lo hace en unos Juegos Ol\u00edmpicos.<\/p>\n\n\n\n<blockquote class=\"twitter-tweet\"><p lang=\"es\" dir=\"ltr\">\u00a1Impone condiciones! Prisca Awiti gana su segundo combate en Par\u00eds 2024 ante la polaca Angelika Szymanska por marcador de 1-0 y se instala en cuartos de final <a href=\"https:\/\/t.co\/j1MEg91PeC\">pic.twitter.com\/j1MEg91PeC<\/a><\/p>&mdash; Comit\u00e9 Ol\u00edmpico Mexicano (@COM_Mexico) <a href=\"https:\/\/twitter.com\/COM_Mexico\/status\/1818237057220620606?ref_src=twsrc%5Etfw\">July 30, 2024<\/a><\/blockquote> <script async src=\"https:\/\/platform.twitter.com\/widgets.js\" charset=\"utf-8\"><\/script>\n\n\n\n<p>Awiti Alcaraz, quien naci\u00f3 y se cri\u00f3 en Londres y empez\u00f3 a representar a M\u00e9xico desde 2017 porque su madre es mexicana, gan\u00f3 en el inicio del \u2018golden score\u2019 por una llave de derribo considerada waza-ari, en una lucha que dur\u00f3 4 minutos y 17 segundos.<\/p>\n\n\n\n<p>La judoca, cuyo padre es de origen keniano, se medir\u00e1 por un puesto en la final en el tatami del Campo de Marte a la joven croata Katarina Kristo, que a sus 22 a\u00f1os es una de las figuras emergentes del judo.<\/p>\n\n\n\n<p>Prisca Awiti Alcaraz, de 28 a\u00f1os y que disputa sus segundos Juegos Ol\u00edmpicos, ha llegado a las semifinales tras vencer en primera ronda a la afgana del equipo ol\u00edmpico de refugiados Nigara Shaheen en un expeditivo combate de 35 segundos y, en los octavos, a la polaca Angelika Szyma\u0144ska (cuarta del mundo). En los cuartos fue el turno de Piovesana.<\/p>\n\n\n\n<p>La mexico-brit\u00e1nica podr\u00eda dar al judo mexicano su primera presea ol\u00edmpica de la historia.<\/p>\n","protected":false},"excerpt":{"rendered":"<p>Prisca Awiti venci\u00f3 a la austr\u00edaca Lubjana Piovesana y pas\u00f3 a semifinales, primera vez que una luchadora mexicana lo hace en unos JJ.OO. Prisca Awiti Alcaraz, decimoctava del mundo, venci\u00f3 este martes en la categor\u00eda de -63 kilos de la competici\u00f3n de judo de Par\u00eds 2024 a la austr\u00edaca Lubjana Piovesana, d\u00e9cima del ranking, y [&hellip;]<\/p>\n","protected":false},"author":47,"featured_media":87635,"comment_status":"open","ping_status":"open","sticky":false,"template":"","format":"standard","meta":{"tdm_status":"","tdm_grid_status":"","footnotes":""},"categories":[1],"tags":[],"class_list":{"0":"post-87634","1":"post","2":"type-post","3":"status-publish","4":"format-standard","5":"has-post-thumbnail","7":"category-sin-categoria"},"yoast_head":"<!-- This site is optimized with the Yoast SEO plugin v27.5 - https:\/\/yoast.com\/product\/yoast-seo-wordpress\/ -->\n<title>Mexicana Prisca Awiti hace historia y pasa a semifinales en el judo de Par\u00eds 2024 - Fuentes Fidedignas<\/title>\n<meta name=\"robots\" content=\"index, follow, max-snippet:-1, max-image-preview:large, max-video-preview:-1\" \/>\n<link rel=\"canonical\" href=\"https:\/\/fuentesfidedignas.com.mx\/index.php\/2024\/07\/30\/mexicana-prisca-awiti-hace-historia-y-pasa-a-semifinales-en-el-judo-de-paris-2024\/\" \/>\n<meta property=\"og:locale\" content=\"es_MX\" \/>\n<meta property=\"og:type\" content=\"article\" \/>\n<meta property=\"og:title\" content=\"Mexicana Prisca Awiti hace historia y pasa a semifinales en el judo de Par\u00eds 2024 - Fuentes Fidedignas\" \/>\n<meta property=\"og:description\" content=\"Prisca Awiti venci\u00f3 a la austr\u00edaca Lubjana Piovesana y pas\u00f3 a semifinales, primera vez que una luchadora mexicana lo hace en unos JJ.OO. Prisca Awiti Alcaraz, decimoctava del mundo, venci\u00f3 este martes en la categor\u00eda de -63 kilos de la competici\u00f3n de judo de Par\u00eds 2024 a la austr\u00edaca Lubjana Piovesana, d\u00e9cima del ranking, y [&hellip;]\" \/>\n<meta property=\"og:url\" content=\"https:\/\/fuentesfidedignas.com.mx\/index.php\/2024\/07\/30\/mexicana-prisca-awiti-hace-historia-y-pasa-a-semifinales-en-el-judo-de-paris-2024\/\" \/>\n<meta property=\"og:site_name\" content=\"Fuentes Fidedignas\" \/>\n<meta property=\"article:publisher\" content=\"https:\/\/www.facebook.com\/Fuentes-Fidedignas-368234489921644\" \/>\n<meta property=\"article:published_time\" content=\"2024-07-30T15:20:00+00:00\" \/>\n<meta property=\"article:modified_time\" content=\"2024-07-30T19:20:51+00:00\" \/>\n<meta property=\"og:image\" content=\"https:\/\/fuentesfidedignas.com.mx\/wp-content\/uploads\/2024\/07\/prisca-awiti-judo.jpg\" \/>\n\t<meta property=\"og:image:width\" content=\"650\" \/>\n\t<meta property=\"og:image:height\" content=\"433\" \/>\n\t<meta property=\"og:image:type\" content=\"image\/jpeg\" \/>\n<meta name=\"author\" content=\"L\u00f3pez D\u00f3riga\" \/>\n<meta name=\"twitter:card\" content=\"summary_large_image\" \/>\n<meta name=\"twitter:creator\" content=\"@fidedignas\" \/>\n<meta name=\"twitter:site\" content=\"@fidedignas\" \/>\n<meta name=\"twitter:label1\" content=\"Escrito por\" \/>\n\t<meta name=\"twitter:data1\" content=\"L\u00f3pez D\u00f3riga\" \/>\n\t<meta name=\"twitter:label2\" content=\"Tiempo de lectura\" \/>\n\t<meta name=\"twitter:data2\" content=\"2 minutos\" \/>\n<script type=\"application\/ld+json\" class=\"yoast-schema-graph\">{\"@context\":\"https:\\\/\\\/schema.org\",\"@graph\":[{\"@type\":\"Article\",\"@id\":\"https:\\\/\\\/fuentesfidedignas.com.mx\\\/index.php\\\/2024\\\/07\\\/30\\\/mexicana-prisca-awiti-hace-historia-y-pasa-a-semifinales-en-el-judo-de-paris-2024\\\/#article\",\"isPartOf\":{\"@id\":\"https:\\\/\\\/fuentesfidedignas.com.mx\\\/index.php\\\/2024\\\/07\\\/30\\\/mexicana-prisca-awiti-hace-historia-y-pasa-a-semifinales-en-el-judo-de-paris-2024\\\/\"},\"author\":{\"name\":\"L\u00f3pez D\u00f3riga\",\"@id\":\"https:\\\/\\\/fuentesfidedignas.com.mx\\\/#\\\/schema\\\/person\\\/67d852f0557c8509146a4b9ddebd543a\"},\"headline\":\"Mexicana Prisca Awiti hace historia y pasa a semifinales en el judo de Par\u00eds 2024\",\"datePublished\":\"2024-07-30T15:20:00+00:00\",\"dateModified\":\"2024-07-30T19:20:51+00:00\",\"mainEntityOfPage\":{\"@id\":\"https:\\\/\\\/fuentesfidedignas.com.mx\\\/index.php\\\/2024\\\/07\\\/30\\\/mexicana-prisca-awiti-hace-historia-y-pasa-a-semifinales-en-el-judo-de-paris-2024\\\/\"},\"wordCount\":300,\"commentCount\":0,\"publisher\":{\"@id\":\"https:\\\/\\\/fuentesfidedignas.com.mx\\\/#organization\"},\"image\":{\"@id\":\"https:\\\/\\\/fuentesfidedignas.com.mx\\\/index.php\\\/2024\\\/07\\\/30\\\/mexicana-prisca-awiti-hace-historia-y-pasa-a-semifinales-en-el-judo-de-paris-2024\\\/#primaryimage\"},\"thumbnailUrl\":\"https:\\\/\\\/fuentesfidedignas.com.mx\\\/wp-content\\\/uploads\\\/2024\\\/07\\\/prisca-awiti-judo.jpg\",\"inLanguage\":\"es\",\"potentialAction\":[{\"@type\":\"CommentAction\",\"name\":\"Comment\",\"target\":[\"https:\\\/\\\/fuentesfidedignas.com.mx\\\/index.php\\\/2024\\\/07\\\/30\\\/mexicana-prisca-awiti-hace-historia-y-pasa-a-semifinales-en-el-judo-de-paris-2024\\\/#respond\"]}]},{\"@type\":\"WebPage\",\"@id\":\"https:\\\/\\\/fuentesfidedignas.com.mx\\\/index.php\\\/2024\\\/07\\\/30\\\/mexicana-prisca-awiti-hace-historia-y-pasa-a-semifinales-en-el-judo-de-paris-2024\\\/\",\"url\":\"https:\\\/\\\/fuentesfidedignas.com.mx\\\/index.php\\\/2024\\\/07\\\/30\\\/mexicana-prisca-awiti-hace-historia-y-pasa-a-semifinales-en-el-judo-de-paris-2024\\\/\",\"name\":\"Mexicana Prisca Awiti hace historia y pasa a semifinales en el judo de Par\u00eds 2024 - Fuentes Fidedignas\",\"isPartOf\":{\"@id\":\"https:\\\/\\\/fuentesfidedignas.com.mx\\\/#website\"},\"primaryImageOfPage\":{\"@id\":\"https:\\\/\\\/fuentesfidedignas.com.mx\\\/index.php\\\/2024\\\/07\\\/30\\\/mexicana-prisca-awiti-hace-historia-y-pasa-a-semifinales-en-el-judo-de-paris-2024\\\/#primaryimage\"},\"image\":{\"@id\":\"https:\\\/\\\/fuentesfidedignas.com.mx\\\/index.php\\\/2024\\\/07\\\/30\\\/mexicana-prisca-awiti-hace-historia-y-pasa-a-semifinales-en-el-judo-de-paris-2024\\\/#primaryimage\"},\"thumbnailUrl\":\"https:\\\/\\\/fuentesfidedignas.com.mx\\\/wp-content\\\/uploads\\\/2024\\\/07\\\/prisca-awiti-judo.jpg\",\"datePublished\":\"2024-07-30T15:20:00+00:00\",\"dateModified\":\"2024-07-30T19:20:51+00:00\",\"breadcrumb\":{\"@id\":\"https:\\\/\\\/fuentesfidedignas.com.mx\\\/index.php\\\/2024\\\/07\\\/30\\\/mexicana-prisca-awiti-hace-historia-y-pasa-a-semifinales-en-el-judo-de-paris-2024\\\/#breadcrumb\"},\"inLanguage\":\"es\",\"potentialAction\":[{\"@type\":\"ReadAction\",\"target\":[\"https:\\\/\\\/fuentesfidedignas.com.mx\\\/index.php\\\/2024\\\/07\\\/30\\\/mexicana-prisca-awiti-hace-historia-y-pasa-a-semifinales-en-el-judo-de-paris-2024\\\/\"]}]},{\"@type\":\"ImageObject\",\"inLanguage\":\"es\",\"@id\":\"https:\\\/\\\/fuentesfidedignas.com.mx\\\/index.php\\\/2024\\\/07\\\/30\\\/mexicana-prisca-awiti-hace-historia-y-pasa-a-semifinales-en-el-judo-de-paris-2024\\\/#primaryimage\",\"url\":\"https:\\\/\\\/fuentesfidedignas.com.mx\\\/wp-content\\\/uploads\\\/2024\\\/07\\\/prisca-awiti-judo.jpg\",\"contentUrl\":\"https:\\\/\\\/fuentesfidedignas.com.mx\\\/wp-content\\\/uploads\\\/2024\\\/07\\\/prisca-awiti-judo.jpg\",\"width\":650,\"height\":433},{\"@type\":\"BreadcrumbList\",\"@id\":\"https:\\\/\\\/fuentesfidedignas.com.mx\\\/index.php\\\/2024\\\/07\\\/30\\\/mexicana-prisca-awiti-hace-historia-y-pasa-a-semifinales-en-el-judo-de-paris-2024\\\/#breadcrumb\",\"itemListElement\":[{\"@type\":\"ListItem\",\"position\":1,\"name\":\"Inicio\",\"item\":\"https:\\\/\\\/fuentesfidedignas.com.mx\\\/\"},{\"@type\":\"ListItem\",\"position\":2,\"name\":\"Mexicana Prisca Awiti hace historia y pasa a semifinales en el judo de Par\u00eds 2024\"}]},{\"@type\":\"WebSite\",\"@id\":\"https:\\\/\\\/fuentesfidedignas.com.mx\\\/#website\",\"url\":\"https:\\\/\\\/fuentesfidedignas.com.mx\\\/\",\"name\":\"Fuentes Fidedignas\",\"description\":\"Otro sitio realizado con WordPress\",\"publisher\":{\"@id\":\"https:\\\/\\\/fuentesfidedignas.com.mx\\\/#organization\"},\"potentialAction\":[{\"@type\":\"SearchAction\",\"target\":{\"@type\":\"EntryPoint\",\"urlTemplate\":\"https:\\\/\\\/fuentesfidedignas.com.mx\\\/?s={search_term_string}\"},\"query-input\":{\"@type\":\"PropertyValueSpecification\",\"valueRequired\":true,\"valueName\":\"search_term_string\"}}],\"inLanguage\":\"es\"},{\"@type\":\"Organization\",\"@id\":\"https:\\\/\\\/fuentesfidedignas.com.mx\\\/#organization\",\"name\":\"Fuentes Fidedignas\",\"url\":\"https:\\\/\\\/fuentesfidedignas.com.mx\\\/\",\"logo\":{\"@type\":\"ImageObject\",\"inLanguage\":\"es\",\"@id\":\"https:\\\/\\\/fuentesfidedignas.com.mx\\\/#\\\/schema\\\/logo\\\/image\\\/\",\"url\":\"https:\\\/\\\/fuentesfidedignas.com.mx\\\/wp-content\\\/uploads\\\/2021\\\/04\\\/logo-retina.png\",\"contentUrl\":\"https:\\\/\\\/fuentesfidedignas.com.mx\\\/wp-content\\\/uploads\\\/2021\\\/04\\\/logo-retina.png\",\"width\":280,\"height\":51,\"caption\":\"Fuentes Fidedignas\"},\"image\":{\"@id\":\"https:\\\/\\\/fuentesfidedignas.com.mx\\\/#\\\/schema\\\/logo\\\/image\\\/\"},\"sameAs\":[\"https:\\\/\\\/www.facebook.com\\\/Fuentes-Fidedignas-368234489921644\",\"https:\\\/\\\/x.com\\\/fidedignas\"]},{\"@type\":\"Person\",\"@id\":\"https:\\\/\\\/fuentesfidedignas.com.mx\\\/#\\\/schema\\\/person\\\/67d852f0557c8509146a4b9ddebd543a\",\"name\":\"L\u00f3pez D\u00f3riga\",\"image\":{\"@type\":\"ImageObject\",\"inLanguage\":\"es\",\"@id\":\"https:\\\/\\\/secure.gravatar.com\\\/avatar\\\/e525b06574ca18b33cded59dfe5778d6c823b9513154eff47da551b0551bdd1e?s=96&d=mm&r=g\",\"url\":\"https:\\\/\\\/secure.gravatar.com\\\/avatar\\\/e525b06574ca18b33cded59dfe5778d6c823b9513154eff47da551b0551bdd1e?s=96&d=mm&r=g\",\"contentUrl\":\"https:\\\/\\\/secure.gravatar.com\\\/avatar\\\/e525b06574ca18b33cded59dfe5778d6c823b9513154eff47da551b0551bdd1e?s=96&d=mm&r=g\",\"caption\":\"L\u00f3pez D\u00f3riga\"},\"url\":\"https:\\\/\\\/fuentesfidedignas.com.mx\\\/index.php\\\/author\\\/doriga\\\/\"}]}<\/script>\n<!-- \/ Yoast SEO plugin. -->","yoast_head_json":{"title":"Mexicana Prisca Awiti hace historia y pasa a semifinales en el judo de Par\u00eds 2024 - Fuentes Fidedignas","robots":{"index":"index","follow":"follow","max-snippet":"max-snippet:-1","max-image-preview":"max-image-preview:large","max-video-preview":"max-video-preview:-1"},"canonical":"https:\/\/fuentesfidedignas.com.mx\/index.php\/2024\/07\/30\/mexicana-prisca-awiti-hace-historia-y-pasa-a-semifinales-en-el-judo-de-paris-2024\/","og_locale":"es_MX","og_type":"article","og_title":"Mexicana Prisca Awiti hace historia y pasa a semifinales en el judo de Par\u00eds 2024 - Fuentes Fidedignas","og_description":"Prisca Awiti venci\u00f3 a la austr\u00edaca Lubjana Piovesana y pas\u00f3 a semifinales, primera vez que una luchadora mexicana lo hace en unos JJ.OO. Prisca Awiti Alcaraz, decimoctava del mundo, venci\u00f3 este martes en la categor\u00eda de -63 kilos de la competici\u00f3n de judo de Par\u00eds 2024 a la austr\u00edaca Lubjana Piovesana, d\u00e9cima del ranking, y [&hellip;]","og_url":"https:\/\/fuentesfidedignas.com.mx\/index.php\/2024\/07\/30\/mexicana-prisca-awiti-hace-historia-y-pasa-a-semifinales-en-el-judo-de-paris-2024\/","og_site_name":"Fuentes Fidedignas","article_publisher":"https:\/\/www.facebook.com\/Fuentes-Fidedignas-368234489921644","article_published_time":"2024-07-30T15:20:00+00:00","article_modified_time":"2024-07-30T19:20:51+00:00","og_image":[{"width":650,"height":433,"url":"https:\/\/fuentesfidedignas.com.mx\/wp-content\/uploads\/2024\/07\/prisca-awiti-judo.jpg","type":"image\/jpeg"}],"author":"L\u00f3pez D\u00f3riga","twitter_card":"summary_large_image","twitter_creator":"@fidedignas","twitter_site":"@fidedignas","twitter_misc":{"Escrito por":"L\u00f3pez D\u00f3riga","Tiempo de lectura":"2 minutos"},"schema":{"@context":"https:\/\/schema.org","@graph":[{"@type":"Article","@id":"https:\/\/fuentesfidedignas.com.mx\/index.php\/2024\/07\/30\/mexicana-prisca-awiti-hace-historia-y-pasa-a-semifinales-en-el-judo-de-paris-2024\/#article","isPartOf":{"@id":"https:\/\/fuentesfidedignas.com.mx\/index.php\/2024\/07\/30\/mexicana-prisca-awiti-hace-historia-y-pasa-a-semifinales-en-el-judo-de-paris-2024\/"},"author":{"name":"L\u00f3pez D\u00f3riga","@id":"https:\/\/fuentesfidedignas.com.mx\/#\/schema\/person\/67d852f0557c8509146a4b9ddebd543a"},"headline":"Mexicana Prisca Awiti hace historia y pasa a semifinales en el judo de Par\u00eds 2024","datePublished":"2024-07-30T15:20:00+00:00","dateModified":"2024-07-30T19:20:51+00:00","mainEntityOfPage":{"@id":"https:\/\/fuentesfidedignas.com.mx\/index.php\/2024\/07\/30\/mexicana-prisca-awiti-hace-historia-y-pasa-a-semifinales-en-el-judo-de-paris-2024\/"},"wordCount":300,"commentCount":0,"publisher":{"@id":"https:\/\/fuentesfidedignas.com.mx\/#organization"},"image":{"@id":"https:\/\/fuentesfidedignas.com.mx\/index.php\/2024\/07\/30\/mexicana-prisca-awiti-hace-historia-y-pasa-a-semifinales-en-el-judo-de-paris-2024\/#primaryimage"},"thumbnailUrl":"https:\/\/fuentesfidedignas.com.mx\/wp-content\/uploads\/2024\/07\/prisca-awiti-judo.jpg","inLanguage":"es","potentialAction":[{"@type":"CommentAction","name":"Comment","target":["https:\/\/fuentesfidedignas.com.mx\/index.php\/2024\/07\/30\/mexicana-prisca-awiti-hace-historia-y-pasa-a-semifinales-en-el-judo-de-paris-2024\/#respond"]}]},{"@type":"WebPage","@id":"https:\/\/fuentesfidedignas.com.mx\/index.php\/2024\/07\/30\/mexicana-prisca-awiti-hace-historia-y-pasa-a-semifinales-en-el-judo-de-paris-2024\/","url":"https:\/\/fuentesfidedignas.com.mx\/index.php\/2024\/07\/30\/mexicana-prisca-awiti-hace-historia-y-pasa-a-semifinales-en-el-judo-de-paris-2024\/","name":"Mexicana Prisca Awiti hace historia y pasa a semifinales en el judo de Par\u00eds 2024 - Fuentes Fidedignas","isPartOf":{"@id":"https:\/\/fuentesfidedignas.com.mx\/#website"},"primaryImageOfPage":{"@id":"https:\/\/fuentesfidedignas.com.mx\/index.php\/2024\/07\/30\/mexicana-prisca-awiti-hace-historia-y-pasa-a-semifinales-en-el-judo-de-paris-2024\/#primaryimage"},"image":{"@id":"https:\/\/fuentesfidedignas.com.mx\/index.php\/2024\/07\/30\/mexicana-prisca-awiti-hace-historia-y-pasa-a-semifinales-en-el-judo-de-paris-2024\/#primaryimage"},"thumbnailUrl":"https:\/\/fuentesfidedignas.com.mx\/wp-content\/uploads\/2024\/07\/prisca-awiti-judo.jpg","datePublished":"2024-07-30T15:20:00+00:00","dateModified":"2024-07-30T19:20:51+00:00","breadcrumb":{"@id":"https:\/\/fuentesfidedignas.com.mx\/index.php\/2024\/07\/30\/mexicana-prisca-awiti-hace-historia-y-pasa-a-semifinales-en-el-judo-de-paris-2024\/#breadcrumb"},"inLanguage":"es","potentialAction":[{"@type":"ReadAction","target":["https:\/\/fuentesfidedignas.com.mx\/index.php\/2024\/07\/30\/mexicana-prisca-awiti-hace-historia-y-pasa-a-semifinales-en-el-judo-de-paris-2024\/"]}]},{"@type":"ImageObject","inLanguage":"es","@id":"https:\/\/fuentesfidedignas.com.mx\/index.php\/2024\/07\/30\/mexicana-prisca-awiti-hace-historia-y-pasa-a-semifinales-en-el-judo-de-paris-2024\/#primaryimage","url":"https:\/\/fuentesfidedignas.com.mx\/wp-content\/uploads\/2024\/07\/prisca-awiti-judo.jpg","contentUrl":"https:\/\/fuentesfidedignas.com.mx\/wp-content\/uploads\/2024\/07\/prisca-awiti-judo.jpg","width":650,"height":433},{"@type":"BreadcrumbList","@id":"https:\/\/fuentesfidedignas.com.mx\/index.php\/2024\/07\/30\/mexicana-prisca-awiti-hace-historia-y-pasa-a-semifinales-en-el-judo-de-paris-2024\/#breadcrumb","itemListElement":[{"@type":"ListItem","position":1,"name":"Inicio","item":"https:\/\/fuentesfidedignas.com.mx\/"},{"@type":"ListItem","position":2,"name":"Mexicana Prisca Awiti hace historia y pasa a semifinales en el judo de Par\u00eds 2024"}]},{"@type":"WebSite","@id":"https:\/\/fuentesfidedignas.com.mx\/#website","url":"https:\/\/fuentesfidedignas.com.mx\/","name":"Fuentes Fidedignas","description":"Otro sitio realizado con WordPress","publisher":{"@id":"https:\/\/fuentesfidedignas.com.mx\/#organization"},"potentialAction":[{"@type":"SearchAction","target":{"@type":"EntryPoint","urlTemplate":"https:\/\/fuentesfidedignas.com.mx\/?s={search_term_string}"},"query-input":{"@type":"PropertyValueSpecification","valueRequired":true,"valueName":"search_term_string"}}],"inLanguage":"es"},{"@type":"Organization","@id":"https:\/\/fuentesfidedignas.com.mx\/#organization","name":"Fuentes Fidedignas","url":"https:\/\/fuentesfidedignas.com.mx\/","logo":{"@type":"ImageObject","inLanguage":"es","@id":"https:\/\/fuentesfidedignas.com.mx\/#\/schema\/logo\/image\/","url":"https:\/\/fuentesfidedignas.com.mx\/wp-content\/uploads\/2021\/04\/logo-retina.png","contentUrl":"https:\/\/fuentesfidedignas.com.mx\/wp-content\/uploads\/2021\/04\/logo-retina.png","width":280,"height":51,"caption":"Fuentes Fidedignas"},"image":{"@id":"https:\/\/fuentesfidedignas.com.mx\/#\/schema\/logo\/image\/"},"sameAs":["https:\/\/www.facebook.com\/Fuentes-Fidedignas-368234489921644","https:\/\/x.com\/fidedignas"]},{"@type":"Person","@id":"https:\/\/fuentesfidedignas.com.mx\/#\/schema\/person\/67d852f0557c8509146a4b9ddebd543a","name":"L\u00f3pez D\u00f3riga","image":{"@type":"ImageObject","inLanguage":"es","@id":"https:\/\/secure.gravatar.com\/avatar\/e525b06574ca18b33cded59dfe5778d6c823b9513154eff47da551b0551bdd1e?s=96&d=mm&r=g","url":"https:\/\/secure.gravatar.com\/avatar\/e525b06574ca18b33cded59dfe5778d6c823b9513154eff47da551b0551bdd1e?s=96&d=mm&r=g","contentUrl":"https:\/\/secure.gravatar.com\/avatar\/e525b06574ca18b33cded59dfe5778d6c823b9513154eff47da551b0551bdd1e?s=96&d=mm&r=g","caption":"L\u00f3pez D\u00f3riga"},"url":"https:\/\/fuentesfidedignas.com.mx\/index.php\/author\/doriga\/"}]}},"_links":{"self":[{"href":"https:\/\/fuentesfidedignas.com.mx\/index.php\/wp-json\/wp\/v2\/posts\/87634","targetHints":{"allow":["GET"]}}],"collection":[{"href":"https:\/\/fuentesfidedignas.com.mx\/index.php\/wp-json\/wp\/v2\/posts"}],"about":[{"href":"https:\/\/fuentesfidedignas.com.mx\/index.php\/wp-json\/wp\/v2\/types\/post"}],"author":[{"embeddable":true,"href":"https:\/\/fuentesfidedignas.com.mx\/index.php\/wp-json\/wp\/v2\/users\/47"}],"replies":[{"embeddable":true,"href":"https:\/\/fuentesfidedignas.com.mx\/index.php\/wp-json\/wp\/v2\/comments?post=87634"}],"version-history":[{"count":1,"href":"https:\/\/fuentesfidedignas.com.mx\/index.php\/wp-json\/wp\/v2\/posts\/87634\/revisions"}],"predecessor-version":[{"id":87636,"href":"https:\/\/fuentesfidedignas.com.mx\/index.php\/wp-json\/wp\/v2\/posts\/87634\/revisions\/87636"}],"wp:featuredmedia":[{"embeddable":true,"href":"https:\/\/fuentesfidedignas.com.mx\/index.php\/wp-json\/wp\/v2\/media\/87635"}],"wp:attachment":[{"href":"https:\/\/fuentesfidedignas.com.mx\/index.php\/wp-json\/wp\/v2\/media?parent=87634"}],"wp:term":[{"taxonomy":"category","embeddable":true,"href":"https:\/\/fuentesfidedignas.com.mx\/index.php\/wp-json\/wp\/v2\/categories?post=87634"},{"taxonomy":"post_tag","embeddable":true,"href":"https:\/\/fuentesfidedignas.com.mx\/index.php\/wp-json\/wp\/v2\/tags?post=87634"}],"curies":[{"name":"wp","href":"https:\/\/api.w.org\/{rel}","templated":true}]}}