{"id":87631,"date":"2024-07-30T11:13:00","date_gmt":"2024-07-30T18:13:00","guid":{"rendered":"https:\/\/fuentesfidedignas.com.mx\/?p=87631"},"modified":"2024-07-30T12:27:35","modified_gmt":"2024-07-30T19:27:35","slug":"sinaloa-estrenara-conexion-aerea-a-barrancas-del-cobre-chihuahua","status":"publish","type":"post","link":"https:\/\/fuentesfidedignas.com.mx\/index.php\/2024\/07\/30\/sinaloa-estrenara-conexion-aerea-a-barrancas-del-cobre-chihuahua\/","title":{"rendered":"Sinaloa estrenar\u00e1 conexi\u00f3n a\u00e9rea a Barrancas del Cobre, Chihuahua"},"content":{"rendered":"\n<p><strong><em>El servicio a\u00e9reo, operado por la empresa Aero Servicios Guerrero con aeronaves tipo Cessna Caravan<\/em><\/strong><\/p>\n\n\n\n<p>A partir del pr\u00f3ximo 12 de septiembre, Los Mochis contar\u00e1 con una nueva y emocionante conexi\u00f3n a\u00e9rea a Barrancas del Cobre, ubicada en la majestuosa sierra Tarahumara del estado de Chihuahua. Esta nueva ruta, que tendr\u00e1 una frecuencia de dos d\u00edas a la semana, ha sido confirmada por Ver\u00f3nica Medel Arce, Directora de Turismo del Ayuntamiento de Ahome, y el Alcalde Gerardo Vargas Landeros.<\/p>\n\n\n\n<p>Durante una entrevista con medios de comunicaci\u00f3n, el alcalde Vargas Landeros destac\u00f3 la importancia de esta nueva conexi\u00f3n para el turismo en Ahome. &#8220;Con ello estamos acercando las playas ahomenses a la sierra Tarahumara&#8221;, expres\u00f3 con entusiasmo, subrayando el impacto positivo que tendr\u00e1 esta nueva ruta en el desarrollo tur\u00edstico de la regi\u00f3n.<\/p>\n\n\n\n<p>El servicio a\u00e9reo, operado por la empresa Aero Servicios Guerrero con aeronaves tipo Cessna Caravan, facilitar\u00e1 la movilidad durante los dos meses en los que el ferrocarril Chepe Express deja de operar entre Los Mochis y Creel debido a los riesgos asociados con la temporada de lluvias.<\/p>\n\n\n\n<p>Esta alternativa a\u00e9rea no solo asegura la continuidad del flujo tur\u00edstico, sino que tambi\u00e9n ofrece una experiencia \u00fanica y conveniente para los viajeros.<\/p>\n\n\n\n<p>Ver\u00f3nica Medel Arce explic\u00f3 que los vuelos estar\u00e1n disponibles los lunes y jueves, con capacidad para 13 pasajeros por vuelo. Adem\u00e1s, el boleto de avi\u00f3n incluir\u00e1 el transporte terrestre desde el aeropuerto de Barrancas del Cobre hasta Creel, brindando un servicio integral a los turistas.<\/p>\n\n\n\n<p>La apertura de esta nueva ruta a\u00e9rea es motivo de celebraci\u00f3n para Los Mochis y sus alrededores. Conectando la regi\u00f3n con uno de los destinos tur\u00edsticos m\u00e1s impresionantes de M\u00e9xico, esta iniciativa promete impulsar el turismo y fortalecer los lazos entre las playas de Ahome y la sierra Tarahumara.<\/p>\n\n\n\n<p><\/p>\n","protected":false},"excerpt":{"rendered":"<p>El servicio a\u00e9reo, operado por la empresa Aero Servicios Guerrero con aeronaves tipo Cessna Caravan A partir del pr\u00f3ximo 12 de septiembre, Los Mochis contar\u00e1 con una nueva y emocionante conexi\u00f3n a\u00e9rea a Barrancas del Cobre, ubicada en la majestuosa sierra Tarahumara del estado de Chihuahua. Esta nueva ruta, que tendr\u00e1 una frecuencia de dos [&hellip;]<\/p>\n","protected":false},"author":9,"featured_media":87632,"comment_status":"open","ping_status":"open","sticky":false,"template":"","format":"standard","meta":{"tdm_status":"","tdm_grid_status":"","footnotes":""},"categories":[38],"tags":[],"class_list":{"0":"post-87631","1":"post","2":"type-post","3":"status-publish","4":"format-standard","5":"has-post-thumbnail","7":"category-noticias-locales"},"yoast_head":"<!-- This site is optimized with the Yoast SEO plugin v27.5 - https:\/\/yoast.com\/product\/yoast-seo-wordpress\/ -->\n<title>Sinaloa estrenar\u00e1 conexi\u00f3n a\u00e9rea a Barrancas del Cobre, Chihuahua - Fuentes Fidedignas<\/title>\n<meta name=\"robots\" content=\"index, follow, max-snippet:-1, max-image-preview:large, max-video-preview:-1\" \/>\n<link rel=\"canonical\" href=\"https:\/\/fuentesfidedignas.com.mx\/index.php\/2024\/07\/30\/sinaloa-estrenara-conexion-aerea-a-barrancas-del-cobre-chihuahua\/\" \/>\n<meta property=\"og:locale\" content=\"es_MX\" \/>\n<meta property=\"og:type\" content=\"article\" \/>\n<meta property=\"og:title\" content=\"Sinaloa estrenar\u00e1 conexi\u00f3n a\u00e9rea a Barrancas del Cobre, Chihuahua - Fuentes Fidedignas\" \/>\n<meta property=\"og:description\" content=\"El servicio a\u00e9reo, operado por la empresa Aero Servicios Guerrero con aeronaves tipo Cessna Caravan A partir del pr\u00f3ximo 12 de septiembre, Los Mochis contar\u00e1 con una nueva y emocionante conexi\u00f3n a\u00e9rea a Barrancas del Cobre, ubicada en la majestuosa sierra Tarahumara del estado de Chihuahua. Esta nueva ruta, que tendr\u00e1 una frecuencia de dos [&hellip;]\" \/>\n<meta property=\"og:url\" content=\"https:\/\/fuentesfidedignas.com.mx\/index.php\/2024\/07\/30\/sinaloa-estrenara-conexion-aerea-a-barrancas-del-cobre-chihuahua\/\" \/>\n<meta property=\"og:site_name\" content=\"Fuentes Fidedignas\" \/>\n<meta property=\"article:publisher\" content=\"https:\/\/www.facebook.com\/Fuentes-Fidedignas-368234489921644\" \/>\n<meta property=\"article:published_time\" content=\"2024-07-30T18:13:00+00:00\" \/>\n<meta property=\"article:modified_time\" content=\"2024-07-30T19:27:35+00:00\" \/>\n<meta property=\"og:image\" content=\"https:\/\/fuentesfidedignas.com.mx\/wp-content\/uploads\/2024\/07\/aeronaves-tipo-Cessna-Caravan.jpg\" \/>\n\t<meta property=\"og:image:width\" content=\"650\" \/>\n\t<meta property=\"og:image:height\" content=\"366\" \/>\n\t<meta property=\"og:image:type\" content=\"image\/jpeg\" \/>\n<meta name=\"author\" content=\"Milenio\" \/>\n<meta name=\"twitter:card\" content=\"summary_large_image\" \/>\n<meta name=\"twitter:creator\" content=\"@fidedignas\" \/>\n<meta name=\"twitter:site\" content=\"@fidedignas\" \/>\n<meta name=\"twitter:label1\" content=\"Escrito por\" \/>\n\t<meta name=\"twitter:data1\" content=\"Milenio\" \/>\n\t<meta name=\"twitter:label2\" content=\"Tiempo de lectura\" \/>\n\t<meta name=\"twitter:data2\" content=\"2 minutos\" \/>\n<script type=\"application\/ld+json\" class=\"yoast-schema-graph\">{\"@context\":\"https:\\\/\\\/schema.org\",\"@graph\":[{\"@type\":\"Article\",\"@id\":\"https:\\\/\\\/fuentesfidedignas.com.mx\\\/index.php\\\/2024\\\/07\\\/30\\\/sinaloa-estrenara-conexion-aerea-a-barrancas-del-cobre-chihuahua\\\/#article\",\"isPartOf\":{\"@id\":\"https:\\\/\\\/fuentesfidedignas.com.mx\\\/index.php\\\/2024\\\/07\\\/30\\\/sinaloa-estrenara-conexion-aerea-a-barrancas-del-cobre-chihuahua\\\/\"},\"author\":{\"name\":\"Milenio\",\"@id\":\"https:\\\/\\\/fuentesfidedignas.com.mx\\\/#\\\/schema\\\/person\\\/47ec0135738f4b0c7495f06a77a2c976\"},\"headline\":\"Sinaloa estrenar\u00e1 conexi\u00f3n a\u00e9rea a Barrancas del Cobre, Chihuahua\",\"datePublished\":\"2024-07-30T18:13:00+00:00\",\"dateModified\":\"2024-07-30T19:27:35+00:00\",\"mainEntityOfPage\":{\"@id\":\"https:\\\/\\\/fuentesfidedignas.com.mx\\\/index.php\\\/2024\\\/07\\\/30\\\/sinaloa-estrenara-conexion-aerea-a-barrancas-del-cobre-chihuahua\\\/\"},\"wordCount\":329,\"commentCount\":0,\"publisher\":{\"@id\":\"https:\\\/\\\/fuentesfidedignas.com.mx\\\/#organization\"},\"image\":{\"@id\":\"https:\\\/\\\/fuentesfidedignas.com.mx\\\/index.php\\\/2024\\\/07\\\/30\\\/sinaloa-estrenara-conexion-aerea-a-barrancas-del-cobre-chihuahua\\\/#primaryimage\"},\"thumbnailUrl\":\"https:\\\/\\\/fuentesfidedignas.com.mx\\\/wp-content\\\/uploads\\\/2024\\\/07\\\/aeronaves-tipo-Cessna-Caravan.jpg\",\"articleSection\":[\"NOTICIAS LOCALES\"],\"inLanguage\":\"es\",\"potentialAction\":[{\"@type\":\"CommentAction\",\"name\":\"Comment\",\"target\":[\"https:\\\/\\\/fuentesfidedignas.com.mx\\\/index.php\\\/2024\\\/07\\\/30\\\/sinaloa-estrenara-conexion-aerea-a-barrancas-del-cobre-chihuahua\\\/#respond\"]}]},{\"@type\":\"WebPage\",\"@id\":\"https:\\\/\\\/fuentesfidedignas.com.mx\\\/index.php\\\/2024\\\/07\\\/30\\\/sinaloa-estrenara-conexion-aerea-a-barrancas-del-cobre-chihuahua\\\/\",\"url\":\"https:\\\/\\\/fuentesfidedignas.com.mx\\\/index.php\\\/2024\\\/07\\\/30\\\/sinaloa-estrenara-conexion-aerea-a-barrancas-del-cobre-chihuahua\\\/\",\"name\":\"Sinaloa estrenar\u00e1 conexi\u00f3n a\u00e9rea a Barrancas del Cobre, Chihuahua - Fuentes Fidedignas\",\"isPartOf\":{\"@id\":\"https:\\\/\\\/fuentesfidedignas.com.mx\\\/#website\"},\"primaryImageOfPage\":{\"@id\":\"https:\\\/\\\/fuentesfidedignas.com.mx\\\/index.php\\\/2024\\\/07\\\/30\\\/sinaloa-estrenara-conexion-aerea-a-barrancas-del-cobre-chihuahua\\\/#primaryimage\"},\"image\":{\"@id\":\"https:\\\/\\\/fuentesfidedignas.com.mx\\\/index.php\\\/2024\\\/07\\\/30\\\/sinaloa-estrenara-conexion-aerea-a-barrancas-del-cobre-chihuahua\\\/#primaryimage\"},\"thumbnailUrl\":\"https:\\\/\\\/fuentesfidedignas.com.mx\\\/wp-content\\\/uploads\\\/2024\\\/07\\\/aeronaves-tipo-Cessna-Caravan.jpg\",\"datePublished\":\"2024-07-30T18:13:00+00:00\",\"dateModified\":\"2024-07-30T19:27:35+00:00\",\"breadcrumb\":{\"@id\":\"https:\\\/\\\/fuentesfidedignas.com.mx\\\/index.php\\\/2024\\\/07\\\/30\\\/sinaloa-estrenara-conexion-aerea-a-barrancas-del-cobre-chihuahua\\\/#breadcrumb\"},\"inLanguage\":\"es\",\"potentialAction\":[{\"@type\":\"ReadAction\",\"target\":[\"https:\\\/\\\/fuentesfidedignas.com.mx\\\/index.php\\\/2024\\\/07\\\/30\\\/sinaloa-estrenara-conexion-aerea-a-barrancas-del-cobre-chihuahua\\\/\"]}]},{\"@type\":\"ImageObject\",\"inLanguage\":\"es\",\"@id\":\"https:\\\/\\\/fuentesfidedignas.com.mx\\\/index.php\\\/2024\\\/07\\\/30\\\/sinaloa-estrenara-conexion-aerea-a-barrancas-del-cobre-chihuahua\\\/#primaryimage\",\"url\":\"https:\\\/\\\/fuentesfidedignas.com.mx\\\/wp-content\\\/uploads\\\/2024\\\/07\\\/aeronaves-tipo-Cessna-Caravan.jpg\",\"contentUrl\":\"https:\\\/\\\/fuentesfidedignas.com.mx\\\/wp-content\\\/uploads\\\/2024\\\/07\\\/aeronaves-tipo-Cessna-Caravan.jpg\",\"width\":650,\"height\":366},{\"@type\":\"BreadcrumbList\",\"@id\":\"https:\\\/\\\/fuentesfidedignas.com.mx\\\/index.php\\\/2024\\\/07\\\/30\\\/sinaloa-estrenara-conexion-aerea-a-barrancas-del-cobre-chihuahua\\\/#breadcrumb\",\"itemListElement\":[{\"@type\":\"ListItem\",\"position\":1,\"name\":\"Inicio\",\"item\":\"https:\\\/\\\/fuentesfidedignas.com.mx\\\/\"},{\"@type\":\"ListItem\",\"position\":2,\"name\":\"Sinaloa estrenar\u00e1 conexi\u00f3n a\u00e9rea a Barrancas del Cobre, Chihuahua\"}]},{\"@type\":\"WebSite\",\"@id\":\"https:\\\/\\\/fuentesfidedignas.com.mx\\\/#website\",\"url\":\"https:\\\/\\\/fuentesfidedignas.com.mx\\\/\",\"name\":\"Fuentes Fidedignas\",\"description\":\"Otro sitio realizado con WordPress\",\"publisher\":{\"@id\":\"https:\\\/\\\/fuentesfidedignas.com.mx\\\/#organization\"},\"potentialAction\":[{\"@type\":\"SearchAction\",\"target\":{\"@type\":\"EntryPoint\",\"urlTemplate\":\"https:\\\/\\\/fuentesfidedignas.com.mx\\\/?s={search_term_string}\"},\"query-input\":{\"@type\":\"PropertyValueSpecification\",\"valueRequired\":true,\"valueName\":\"search_term_string\"}}],\"inLanguage\":\"es\"},{\"@type\":\"Organization\",\"@id\":\"https:\\\/\\\/fuentesfidedignas.com.mx\\\/#organization\",\"name\":\"Fuentes Fidedignas\",\"url\":\"https:\\\/\\\/fuentesfidedignas.com.mx\\\/\",\"logo\":{\"@type\":\"ImageObject\",\"inLanguage\":\"es\",\"@id\":\"https:\\\/\\\/fuentesfidedignas.com.mx\\\/#\\\/schema\\\/logo\\\/image\\\/\",\"url\":\"https:\\\/\\\/fuentesfidedignas.com.mx\\\/wp-content\\\/uploads\\\/2021\\\/04\\\/logo-retina.png\",\"contentUrl\":\"https:\\\/\\\/fuentesfidedignas.com.mx\\\/wp-content\\\/uploads\\\/2021\\\/04\\\/logo-retina.png\",\"width\":280,\"height\":51,\"caption\":\"Fuentes Fidedignas\"},\"image\":{\"@id\":\"https:\\\/\\\/fuentesfidedignas.com.mx\\\/#\\\/schema\\\/logo\\\/image\\\/\"},\"sameAs\":[\"https:\\\/\\\/www.facebook.com\\\/Fuentes-Fidedignas-368234489921644\",\"https:\\\/\\\/x.com\\\/fidedignas\"]},{\"@type\":\"Person\",\"@id\":\"https:\\\/\\\/fuentesfidedignas.com.mx\\\/#\\\/schema\\\/person\\\/47ec0135738f4b0c7495f06a77a2c976\",\"name\":\"Milenio\",\"image\":{\"@type\":\"ImageObject\",\"inLanguage\":\"es\",\"@id\":\"https:\\\/\\\/secure.gravatar.com\\\/avatar\\\/acabf7b54753e51c2c76457954577c236b3b764789b19879565769739d1e4a75?s=96&d=mm&r=g\",\"url\":\"https:\\\/\\\/secure.gravatar.com\\\/avatar\\\/acabf7b54753e51c2c76457954577c236b3b764789b19879565769739d1e4a75?s=96&d=mm&r=g\",\"contentUrl\":\"https:\\\/\\\/secure.gravatar.com\\\/avatar\\\/acabf7b54753e51c2c76457954577c236b3b764789b19879565769739d1e4a75?s=96&d=mm&r=g\",\"caption\":\"Milenio\"},\"url\":\"https:\\\/\\\/fuentesfidedignas.com.mx\\\/index.php\\\/author\\\/milenio\\\/\"}]}<\/script>\n<!-- \/ Yoast SEO plugin. -->","yoast_head_json":{"title":"Sinaloa estrenar\u00e1 conexi\u00f3n a\u00e9rea a Barrancas del Cobre, Chihuahua - Fuentes Fidedignas","robots":{"index":"index","follow":"follow","max-snippet":"max-snippet:-1","max-image-preview":"max-image-preview:large","max-video-preview":"max-video-preview:-1"},"canonical":"https:\/\/fuentesfidedignas.com.mx\/index.php\/2024\/07\/30\/sinaloa-estrenara-conexion-aerea-a-barrancas-del-cobre-chihuahua\/","og_locale":"es_MX","og_type":"article","og_title":"Sinaloa estrenar\u00e1 conexi\u00f3n a\u00e9rea a Barrancas del Cobre, Chihuahua - Fuentes Fidedignas","og_description":"El servicio a\u00e9reo, operado por la empresa Aero Servicios Guerrero con aeronaves tipo Cessna Caravan A partir del pr\u00f3ximo 12 de septiembre, Los Mochis contar\u00e1 con una nueva y emocionante conexi\u00f3n a\u00e9rea a Barrancas del Cobre, ubicada en la majestuosa sierra Tarahumara del estado de Chihuahua. Esta nueva ruta, que tendr\u00e1 una frecuencia de dos [&hellip;]","og_url":"https:\/\/fuentesfidedignas.com.mx\/index.php\/2024\/07\/30\/sinaloa-estrenara-conexion-aerea-a-barrancas-del-cobre-chihuahua\/","og_site_name":"Fuentes Fidedignas","article_publisher":"https:\/\/www.facebook.com\/Fuentes-Fidedignas-368234489921644","article_published_time":"2024-07-30T18:13:00+00:00","article_modified_time":"2024-07-30T19:27:35+00:00","og_image":[{"width":650,"height":366,"url":"https:\/\/fuentesfidedignas.com.mx\/wp-content\/uploads\/2024\/07\/aeronaves-tipo-Cessna-Caravan.jpg","type":"image\/jpeg"}],"author":"Milenio","twitter_card":"summary_large_image","twitter_creator":"@fidedignas","twitter_site":"@fidedignas","twitter_misc":{"Escrito por":"Milenio","Tiempo de lectura":"2 minutos"},"schema":{"@context":"https:\/\/schema.org","@graph":[{"@type":"Article","@id":"https:\/\/fuentesfidedignas.com.mx\/index.php\/2024\/07\/30\/sinaloa-estrenara-conexion-aerea-a-barrancas-del-cobre-chihuahua\/#article","isPartOf":{"@id":"https:\/\/fuentesfidedignas.com.mx\/index.php\/2024\/07\/30\/sinaloa-estrenara-conexion-aerea-a-barrancas-del-cobre-chihuahua\/"},"author":{"name":"Milenio","@id":"https:\/\/fuentesfidedignas.com.mx\/#\/schema\/person\/47ec0135738f4b0c7495f06a77a2c976"},"headline":"Sinaloa estrenar\u00e1 conexi\u00f3n a\u00e9rea a Barrancas del Cobre, Chihuahua","datePublished":"2024-07-30T18:13:00+00:00","dateModified":"2024-07-30T19:27:35+00:00","mainEntityOfPage":{"@id":"https:\/\/fuentesfidedignas.com.mx\/index.php\/2024\/07\/30\/sinaloa-estrenara-conexion-aerea-a-barrancas-del-cobre-chihuahua\/"},"wordCount":329,"commentCount":0,"publisher":{"@id":"https:\/\/fuentesfidedignas.com.mx\/#organization"},"image":{"@id":"https:\/\/fuentesfidedignas.com.mx\/index.php\/2024\/07\/30\/sinaloa-estrenara-conexion-aerea-a-barrancas-del-cobre-chihuahua\/#primaryimage"},"thumbnailUrl":"https:\/\/fuentesfidedignas.com.mx\/wp-content\/uploads\/2024\/07\/aeronaves-tipo-Cessna-Caravan.jpg","articleSection":["NOTICIAS LOCALES"],"inLanguage":"es","potentialAction":[{"@type":"CommentAction","name":"Comment","target":["https:\/\/fuentesfidedignas.com.mx\/index.php\/2024\/07\/30\/sinaloa-estrenara-conexion-aerea-a-barrancas-del-cobre-chihuahua\/#respond"]}]},{"@type":"WebPage","@id":"https:\/\/fuentesfidedignas.com.mx\/index.php\/2024\/07\/30\/sinaloa-estrenara-conexion-aerea-a-barrancas-del-cobre-chihuahua\/","url":"https:\/\/fuentesfidedignas.com.mx\/index.php\/2024\/07\/30\/sinaloa-estrenara-conexion-aerea-a-barrancas-del-cobre-chihuahua\/","name":"Sinaloa estrenar\u00e1 conexi\u00f3n a\u00e9rea a Barrancas del Cobre, Chihuahua - Fuentes Fidedignas","isPartOf":{"@id":"https:\/\/fuentesfidedignas.com.mx\/#website"},"primaryImageOfPage":{"@id":"https:\/\/fuentesfidedignas.com.mx\/index.php\/2024\/07\/30\/sinaloa-estrenara-conexion-aerea-a-barrancas-del-cobre-chihuahua\/#primaryimage"},"image":{"@id":"https:\/\/fuentesfidedignas.com.mx\/index.php\/2024\/07\/30\/sinaloa-estrenara-conexion-aerea-a-barrancas-del-cobre-chihuahua\/#primaryimage"},"thumbnailUrl":"https:\/\/fuentesfidedignas.com.mx\/wp-content\/uploads\/2024\/07\/aeronaves-tipo-Cessna-Caravan.jpg","datePublished":"2024-07-30T18:13:00+00:00","dateModified":"2024-07-30T19:27:35+00:00","breadcrumb":{"@id":"https:\/\/fuentesfidedignas.com.mx\/index.php\/2024\/07\/30\/sinaloa-estrenara-conexion-aerea-a-barrancas-del-cobre-chihuahua\/#breadcrumb"},"inLanguage":"es","potentialAction":[{"@type":"ReadAction","target":["https:\/\/fuentesfidedignas.com.mx\/index.php\/2024\/07\/30\/sinaloa-estrenara-conexion-aerea-a-barrancas-del-cobre-chihuahua\/"]}]},{"@type":"ImageObject","inLanguage":"es","@id":"https:\/\/fuentesfidedignas.com.mx\/index.php\/2024\/07\/30\/sinaloa-estrenara-conexion-aerea-a-barrancas-del-cobre-chihuahua\/#primaryimage","url":"https:\/\/fuentesfidedignas.com.mx\/wp-content\/uploads\/2024\/07\/aeronaves-tipo-Cessna-Caravan.jpg","contentUrl":"https:\/\/fuentesfidedignas.com.mx\/wp-content\/uploads\/2024\/07\/aeronaves-tipo-Cessna-Caravan.jpg","width":650,"height":366},{"@type":"BreadcrumbList","@id":"https:\/\/fuentesfidedignas.com.mx\/index.php\/2024\/07\/30\/sinaloa-estrenara-conexion-aerea-a-barrancas-del-cobre-chihuahua\/#breadcrumb","itemListElement":[{"@type":"ListItem","position":1,"name":"Inicio","item":"https:\/\/fuentesfidedignas.com.mx\/"},{"@type":"ListItem","position":2,"name":"Sinaloa estrenar\u00e1 conexi\u00f3n a\u00e9rea a Barrancas del Cobre, Chihuahua"}]},{"@type":"WebSite","@id":"https:\/\/fuentesfidedignas.com.mx\/#website","url":"https:\/\/fuentesfidedignas.com.mx\/","name":"Fuentes Fidedignas","description":"Otro sitio realizado con WordPress","publisher":{"@id":"https:\/\/fuentesfidedignas.com.mx\/#organization"},"potentialAction":[{"@type":"SearchAction","target":{"@type":"EntryPoint","urlTemplate":"https:\/\/fuentesfidedignas.com.mx\/?s={search_term_string}"},"query-input":{"@type":"PropertyValueSpecification","valueRequired":true,"valueName":"search_term_string"}}],"inLanguage":"es"},{"@type":"Organization","@id":"https:\/\/fuentesfidedignas.com.mx\/#organization","name":"Fuentes Fidedignas","url":"https:\/\/fuentesfidedignas.com.mx\/","logo":{"@type":"ImageObject","inLanguage":"es","@id":"https:\/\/fuentesfidedignas.com.mx\/#\/schema\/logo\/image\/","url":"https:\/\/fuentesfidedignas.com.mx\/wp-content\/uploads\/2021\/04\/logo-retina.png","contentUrl":"https:\/\/fuentesfidedignas.com.mx\/wp-content\/uploads\/2021\/04\/logo-retina.png","width":280,"height":51,"caption":"Fuentes Fidedignas"},"image":{"@id":"https:\/\/fuentesfidedignas.com.mx\/#\/schema\/logo\/image\/"},"sameAs":["https:\/\/www.facebook.com\/Fuentes-Fidedignas-368234489921644","https:\/\/x.com\/fidedignas"]},{"@type":"Person","@id":"https:\/\/fuentesfidedignas.com.mx\/#\/schema\/person\/47ec0135738f4b0c7495f06a77a2c976","name":"Milenio","image":{"@type":"ImageObject","inLanguage":"es","@id":"https:\/\/secure.gravatar.com\/avatar\/acabf7b54753e51c2c76457954577c236b3b764789b19879565769739d1e4a75?s=96&d=mm&r=g","url":"https:\/\/secure.gravatar.com\/avatar\/acabf7b54753e51c2c76457954577c236b3b764789b19879565769739d1e4a75?s=96&d=mm&r=g","contentUrl":"https:\/\/secure.gravatar.com\/avatar\/acabf7b54753e51c2c76457954577c236b3b764789b19879565769739d1e4a75?s=96&d=mm&r=g","caption":"Milenio"},"url":"https:\/\/fuentesfidedignas.com.mx\/index.php\/author\/milenio\/"}]}},"_links":{"self":[{"href":"https:\/\/fuentesfidedignas.com.mx\/index.php\/wp-json\/wp\/v2\/posts\/87631","targetHints":{"allow":["GET"]}}],"collection":[{"href":"https:\/\/fuentesfidedignas.com.mx\/index.php\/wp-json\/wp\/v2\/posts"}],"about":[{"href":"https:\/\/fuentesfidedignas.com.mx\/index.php\/wp-json\/wp\/v2\/types\/post"}],"author":[{"embeddable":true,"href":"https:\/\/fuentesfidedignas.com.mx\/index.php\/wp-json\/wp\/v2\/users\/9"}],"replies":[{"embeddable":true,"href":"https:\/\/fuentesfidedignas.com.mx\/index.php\/wp-json\/wp\/v2\/comments?post=87631"}],"version-history":[{"count":1,"href":"https:\/\/fuentesfidedignas.com.mx\/index.php\/wp-json\/wp\/v2\/posts\/87631\/revisions"}],"predecessor-version":[{"id":87633,"href":"https:\/\/fuentesfidedignas.com.mx\/index.php\/wp-json\/wp\/v2\/posts\/87631\/revisions\/87633"}],"wp:featuredmedia":[{"embeddable":true,"href":"https:\/\/fuentesfidedignas.com.mx\/index.php\/wp-json\/wp\/v2\/media\/87632"}],"wp:attachment":[{"href":"https:\/\/fuentesfidedignas.com.mx\/index.php\/wp-json\/wp\/v2\/media?parent=87631"}],"wp:term":[{"taxonomy":"category","embeddable":true,"href":"https:\/\/fuentesfidedignas.com.mx\/index.php\/wp-json\/wp\/v2\/categories?post=87631"},{"taxonomy":"post_tag","embeddable":true,"href":"https:\/\/fuentesfidedignas.com.mx\/index.php\/wp-json\/wp\/v2\/tags?post=87631"}],"curies":[{"name":"wp","href":"https:\/\/api.w.org\/{rel}","templated":true}]}}