{"id":87595,"date":"2024-07-29T11:56:45","date_gmt":"2024-07-29T18:56:45","guid":{"rendered":"https:\/\/fuentesfidedignas.com.mx\/?p=87595"},"modified":"2024-07-29T11:56:46","modified_gmt":"2024-07-29T18:56:46","slug":"fbi-cita-a-declarar-a-trump-por-atentado-y-revela-detalles-sobre-el-tirador-muy-inteligente","status":"publish","type":"post","link":"https:\/\/fuentesfidedignas.com.mx\/index.php\/2024\/07\/29\/fbi-cita-a-declarar-a-trump-por-atentado-y-revela-detalles-sobre-el-tirador-muy-inteligente\/","title":{"rendered":"FBI cita a declarar a Trump por atentado y revela detalles sobre el tirador &#8220;muy inteligente&#8221;"},"content":{"rendered":"\n<p><strong><em>El protocolo de la investigaci\u00f3n incluye un interrogatorio a v\u00edctimas de cr\u00edmenes federales.<\/em><\/strong><\/p>\n\n\n\n<p>El ex presidente Donald Trump acept\u00f3 ser entrevistado por el FBI como parte de la investigaci\u00f3n sobre el intento de asesinato en Pensilvania a principios de este mes, inform\u00f3 un funcionario el lunes.<\/p>\n\n\n\n<p>La esperada entrevista con el candidato presidencial republicano en la elecci\u00f3n de 2024 es parte del protocolo del FBI para hablar con v\u00edctimas de delitos federales durante el curso de sus investigaciones. La agencia dijo el viernes que Trump fue alcanzado por una bala o un fragmento durante el intento de asesinato del 13 de julio en un mitin de campa\u00f1a en Butler, Pensilvania.<\/p>\n\n\n\n<p>La idea es &#8220;obtener su perspectiva sobre lo que observ\u00f3, al igual que cualquier otro testigo del crimen&#8221;, dijo en la llamada Kevin Rojek, de la oficina del FBI en Pittsburgh (Pensilvania).<\/p>\n\n\n\n<p>El FBI revel\u00f3 los planes de conversar con Trump, as\u00ed como nuevos detalles sobre el atacante, Thomas Matthew Crooks, de 20 a\u00f1os, incluidas b\u00fasquedas en internet que mostraban su inter\u00e9s en tiroteos masivos, plantas de energ\u00eda, explosivos improvisados y el intento de asesinato del primer ministro de Eslovaquia a principios de este a\u00f1o.<\/p>\n\n\n\n<blockquote class=\"twitter-tweet\"><p lang=\"en\" dir=\"ltr\">BREAKING &#8211; good idea or bad idea? Donald Trump has just agreed to participate in a voluntary victim interview with the FBI regarding this month\u2019s attempted assassination, an agency official announced on Monday. Kevin Rojek, the special agent in charge of the FBI\u2019s Pittsburgh\u2026 <a href=\"https:\/\/t.co\/BO51ZxuPMp\">pic.twitter.com\/BO51ZxuPMp<\/a><\/p>&mdash; Simon Ateba (@simonateba) <a href=\"https:\/\/twitter.com\/simonateba\/status\/1817951335670538288?ref_src=twsrc%5Etfw\">July 29, 2024<\/a><\/blockquote> <script async src=\"https:\/\/platform.twitter.com\/widgets.js\" charset=\"utf-8\"><\/script>\n\n\n\n<p>Crooks hab\u00eda investigado tambi\u00e9n la distancia desde la que dispar\u00f3 Lee Harvey Oswald para matar al ex presidente John Fitzgerald Kennedy en 1963.<\/p>\n\n\n\n<p>A pesar de haber realizado cientos de entrevistas, el FBI dijo que a\u00fan no ha podido descubrir el motivo del ataque, pero se\u00f1al\u00f3 que la imagen que ha surgido de Crooks es la de un solitario dado a recluirse, cuyo principal c\u00edrculo social era su familia&nbsp;y que se esforz\u00f3 en mantener en secreto sus actividades.<\/p>\n\n\n\n<p>Los padres de Crooks han estado \u201cextremadamente dispuestos a cooperar\u201d con los investigadores, dijo Rojek, e indic\u00f3 que la amplia planificaci\u00f3n previa a la agresi\u00f3n se realiz\u00f3 en Internet.<\/p>\n\n\n\n<p>Thomas Crooks fue visto minutos antes de abrir fuego:<\/p>\n\n\n\n<figure class=\"wp-block-embed is-type-rich is-provider-twitter wp-block-embed-twitter\"><div class=\"wp-block-embed__wrapper\">\n<blockquote class=\"twitter-tweet\" data-width=\"550\" data-dnt=\"true\"><p lang=\"en\" dir=\"ltr\">90 MINUTES: New reporting shows a sniper noticed <a href=\"https:\/\/twitter.com\/hashtag\/Trump?src=hash&amp;ref_src=twsrc%5Etfw\">#Trump<\/a> would be assassin Thomas Crooks 90 MINUTES BEFORE SHOOTING: Investigation continues&#8230;Everyday there is new info&#8230;. <a href=\"https:\/\/t.co\/yFpX4WwHcW\">pic.twitter.com\/yFpX4WwHcW<\/a><\/p>&mdash; Mike Pache (@PacheLiveNOW) <a href=\"https:\/\/twitter.com\/PacheLiveNOW\/status\/1817956909863063702?ref_src=twsrc%5Etfw\">July 29, 2024<\/a><\/blockquote><script async src=\"https:\/\/platform.twitter.com\/widgets.js\" charset=\"utf-8\"><\/script>\n<\/div><\/figure>\n\n\n\n<p>Los padres dijeron que desconoc\u00edan los planes de Crooks, y los investigadores no tienen motivos para dudarlo, dijo el FBI.<\/p>\n\n\n\n<p>Sobre el historial de b\u00fasquedas ya conocido, que adem\u00e1s de Trump inclu\u00eda al presidente estadunidense, Joe Biden, o las fechas de la Convenci\u00f3n Nacional Dem\u00f3crata de agosto en Chicago.<\/p>\n","protected":false},"excerpt":{"rendered":"<p>El protocolo de la investigaci\u00f3n incluye un interrogatorio a v\u00edctimas de cr\u00edmenes federales. El ex presidente Donald Trump acept\u00f3 ser entrevistado por el FBI como parte de la investigaci\u00f3n sobre el intento de asesinato en Pensilvania a principios de este mes, inform\u00f3 un funcionario el lunes. La esperada entrevista con el candidato presidencial republicano en [&hellip;]<\/p>\n","protected":false},"author":9,"featured_media":86392,"comment_status":"open","ping_status":"open","sticky":false,"template":"","format":"standard","meta":{"tdm_status":"","tdm_grid_status":"","footnotes":""},"categories":[39],"tags":[],"class_list":{"0":"post-87595","1":"post","2":"type-post","3":"status-publish","4":"format-standard","5":"has-post-thumbnail","7":"category-noticias-nacionales"},"yoast_head":"<!-- This site is optimized with the Yoast SEO plugin v27.5 - https:\/\/yoast.com\/product\/yoast-seo-wordpress\/ -->\n<title>FBI cita a declarar a Trump por atentado y revela detalles sobre el tirador &quot;muy inteligente&quot; - Fuentes Fidedignas<\/title>\n<meta name=\"robots\" content=\"index, follow, max-snippet:-1, max-image-preview:large, max-video-preview:-1\" \/>\n<link rel=\"canonical\" href=\"https:\/\/fuentesfidedignas.com.mx\/index.php\/2024\/07\/29\/fbi-cita-a-declarar-a-trump-por-atentado-y-revela-detalles-sobre-el-tirador-muy-inteligente\/\" \/>\n<meta property=\"og:locale\" content=\"es_MX\" \/>\n<meta property=\"og:type\" content=\"article\" \/>\n<meta property=\"og:title\" content=\"FBI cita a declarar a Trump por atentado y revela detalles sobre el tirador &quot;muy inteligente&quot; - Fuentes Fidedignas\" \/>\n<meta property=\"og:description\" content=\"El protocolo de la investigaci\u00f3n incluye un interrogatorio a v\u00edctimas de cr\u00edmenes federales. El ex presidente Donald Trump acept\u00f3 ser entrevistado por el FBI como parte de la investigaci\u00f3n sobre el intento de asesinato en Pensilvania a principios de este mes, inform\u00f3 un funcionario el lunes. La esperada entrevista con el candidato presidencial republicano en [&hellip;]\" \/>\n<meta property=\"og:url\" content=\"https:\/\/fuentesfidedignas.com.mx\/index.php\/2024\/07\/29\/fbi-cita-a-declarar-a-trump-por-atentado-y-revela-detalles-sobre-el-tirador-muy-inteligente\/\" \/>\n<meta property=\"og:site_name\" content=\"Fuentes Fidedignas\" \/>\n<meta property=\"article:publisher\" content=\"https:\/\/www.facebook.com\/Fuentes-Fidedignas-368234489921644\" \/>\n<meta property=\"article:published_time\" content=\"2024-07-29T18:56:45+00:00\" \/>\n<meta property=\"article:modified_time\" content=\"2024-07-29T18:56:46+00:00\" \/>\n<meta property=\"og:image\" content=\"https:\/\/fuentesfidedignas.com.mx\/wp-content\/uploads\/2024\/07\/trump-tiroteo-7.jpg\" \/>\n\t<meta property=\"og:image:width\" content=\"650\" \/>\n\t<meta property=\"og:image:height\" content=\"433\" \/>\n\t<meta property=\"og:image:type\" content=\"image\/jpeg\" \/>\n<meta name=\"author\" content=\"Milenio\" \/>\n<meta name=\"twitter:card\" content=\"summary_large_image\" \/>\n<meta name=\"twitter:creator\" content=\"@fidedignas\" \/>\n<meta name=\"twitter:site\" content=\"@fidedignas\" \/>\n<meta name=\"twitter:label1\" content=\"Escrito por\" \/>\n\t<meta name=\"twitter:data1\" content=\"Milenio\" \/>\n\t<meta name=\"twitter:label2\" content=\"Tiempo de lectura\" \/>\n\t<meta name=\"twitter:data2\" content=\"2 minutos\" \/>\n<script type=\"application\/ld+json\" class=\"yoast-schema-graph\">{\"@context\":\"https:\\\/\\\/schema.org\",\"@graph\":[{\"@type\":\"Article\",\"@id\":\"https:\\\/\\\/fuentesfidedignas.com.mx\\\/index.php\\\/2024\\\/07\\\/29\\\/fbi-cita-a-declarar-a-trump-por-atentado-y-revela-detalles-sobre-el-tirador-muy-inteligente\\\/#article\",\"isPartOf\":{\"@id\":\"https:\\\/\\\/fuentesfidedignas.com.mx\\\/index.php\\\/2024\\\/07\\\/29\\\/fbi-cita-a-declarar-a-trump-por-atentado-y-revela-detalles-sobre-el-tirador-muy-inteligente\\\/\"},\"author\":{\"name\":\"Milenio\",\"@id\":\"https:\\\/\\\/fuentesfidedignas.com.mx\\\/#\\\/schema\\\/person\\\/47ec0135738f4b0c7495f06a77a2c976\"},\"headline\":\"FBI cita a declarar a Trump por atentado y revela detalles sobre el tirador &#8220;muy inteligente&#8221;\",\"datePublished\":\"2024-07-29T18:56:45+00:00\",\"dateModified\":\"2024-07-29T18:56:46+00:00\",\"mainEntityOfPage\":{\"@id\":\"https:\\\/\\\/fuentesfidedignas.com.mx\\\/index.php\\\/2024\\\/07\\\/29\\\/fbi-cita-a-declarar-a-trump-por-atentado-y-revela-detalles-sobre-el-tirador-muy-inteligente\\\/\"},\"wordCount\":460,\"commentCount\":0,\"publisher\":{\"@id\":\"https:\\\/\\\/fuentesfidedignas.com.mx\\\/#organization\"},\"image\":{\"@id\":\"https:\\\/\\\/fuentesfidedignas.com.mx\\\/index.php\\\/2024\\\/07\\\/29\\\/fbi-cita-a-declarar-a-trump-por-atentado-y-revela-detalles-sobre-el-tirador-muy-inteligente\\\/#primaryimage\"},\"thumbnailUrl\":\"https:\\\/\\\/fuentesfidedignas.com.mx\\\/wp-content\\\/uploads\\\/2024\\\/07\\\/trump-tiroteo-7.jpg\",\"articleSection\":[\"NOTICIAS NACIONALES\"],\"inLanguage\":\"es\",\"potentialAction\":[{\"@type\":\"CommentAction\",\"name\":\"Comment\",\"target\":[\"https:\\\/\\\/fuentesfidedignas.com.mx\\\/index.php\\\/2024\\\/07\\\/29\\\/fbi-cita-a-declarar-a-trump-por-atentado-y-revela-detalles-sobre-el-tirador-muy-inteligente\\\/#respond\"]}]},{\"@type\":\"WebPage\",\"@id\":\"https:\\\/\\\/fuentesfidedignas.com.mx\\\/index.php\\\/2024\\\/07\\\/29\\\/fbi-cita-a-declarar-a-trump-por-atentado-y-revela-detalles-sobre-el-tirador-muy-inteligente\\\/\",\"url\":\"https:\\\/\\\/fuentesfidedignas.com.mx\\\/index.php\\\/2024\\\/07\\\/29\\\/fbi-cita-a-declarar-a-trump-por-atentado-y-revela-detalles-sobre-el-tirador-muy-inteligente\\\/\",\"name\":\"FBI cita a declarar a Trump por atentado y revela detalles sobre el tirador \\\"muy inteligente\\\" - Fuentes Fidedignas\",\"isPartOf\":{\"@id\":\"https:\\\/\\\/fuentesfidedignas.com.mx\\\/#website\"},\"primaryImageOfPage\":{\"@id\":\"https:\\\/\\\/fuentesfidedignas.com.mx\\\/index.php\\\/2024\\\/07\\\/29\\\/fbi-cita-a-declarar-a-trump-por-atentado-y-revela-detalles-sobre-el-tirador-muy-inteligente\\\/#primaryimage\"},\"image\":{\"@id\":\"https:\\\/\\\/fuentesfidedignas.com.mx\\\/index.php\\\/2024\\\/07\\\/29\\\/fbi-cita-a-declarar-a-trump-por-atentado-y-revela-detalles-sobre-el-tirador-muy-inteligente\\\/#primaryimage\"},\"thumbnailUrl\":\"https:\\\/\\\/fuentesfidedignas.com.mx\\\/wp-content\\\/uploads\\\/2024\\\/07\\\/trump-tiroteo-7.jpg\",\"datePublished\":\"2024-07-29T18:56:45+00:00\",\"dateModified\":\"2024-07-29T18:56:46+00:00\",\"breadcrumb\":{\"@id\":\"https:\\\/\\\/fuentesfidedignas.com.mx\\\/index.php\\\/2024\\\/07\\\/29\\\/fbi-cita-a-declarar-a-trump-por-atentado-y-revela-detalles-sobre-el-tirador-muy-inteligente\\\/#breadcrumb\"},\"inLanguage\":\"es\",\"potentialAction\":[{\"@type\":\"ReadAction\",\"target\":[\"https:\\\/\\\/fuentesfidedignas.com.mx\\\/index.php\\\/2024\\\/07\\\/29\\\/fbi-cita-a-declarar-a-trump-por-atentado-y-revela-detalles-sobre-el-tirador-muy-inteligente\\\/\"]}]},{\"@type\":\"ImageObject\",\"inLanguage\":\"es\",\"@id\":\"https:\\\/\\\/fuentesfidedignas.com.mx\\\/index.php\\\/2024\\\/07\\\/29\\\/fbi-cita-a-declarar-a-trump-por-atentado-y-revela-detalles-sobre-el-tirador-muy-inteligente\\\/#primaryimage\",\"url\":\"https:\\\/\\\/fuentesfidedignas.com.mx\\\/wp-content\\\/uploads\\\/2024\\\/07\\\/trump-tiroteo-7.jpg\",\"contentUrl\":\"https:\\\/\\\/fuentesfidedignas.com.mx\\\/wp-content\\\/uploads\\\/2024\\\/07\\\/trump-tiroteo-7.jpg\",\"width\":650,\"height\":433},{\"@type\":\"BreadcrumbList\",\"@id\":\"https:\\\/\\\/fuentesfidedignas.com.mx\\\/index.php\\\/2024\\\/07\\\/29\\\/fbi-cita-a-declarar-a-trump-por-atentado-y-revela-detalles-sobre-el-tirador-muy-inteligente\\\/#breadcrumb\",\"itemListElement\":[{\"@type\":\"ListItem\",\"position\":1,\"name\":\"Inicio\",\"item\":\"https:\\\/\\\/fuentesfidedignas.com.mx\\\/\"},{\"@type\":\"ListItem\",\"position\":2,\"name\":\"FBI cita a declarar a Trump por atentado y revela detalles sobre el tirador &#8220;muy inteligente&#8221;\"}]},{\"@type\":\"WebSite\",\"@id\":\"https:\\\/\\\/fuentesfidedignas.com.mx\\\/#website\",\"url\":\"https:\\\/\\\/fuentesfidedignas.com.mx\\\/\",\"name\":\"Fuentes Fidedignas\",\"description\":\"Otro sitio realizado con WordPress\",\"publisher\":{\"@id\":\"https:\\\/\\\/fuentesfidedignas.com.mx\\\/#organization\"},\"potentialAction\":[{\"@type\":\"SearchAction\",\"target\":{\"@type\":\"EntryPoint\",\"urlTemplate\":\"https:\\\/\\\/fuentesfidedignas.com.mx\\\/?s={search_term_string}\"},\"query-input\":{\"@type\":\"PropertyValueSpecification\",\"valueRequired\":true,\"valueName\":\"search_term_string\"}}],\"inLanguage\":\"es\"},{\"@type\":\"Organization\",\"@id\":\"https:\\\/\\\/fuentesfidedignas.com.mx\\\/#organization\",\"name\":\"Fuentes Fidedignas\",\"url\":\"https:\\\/\\\/fuentesfidedignas.com.mx\\\/\",\"logo\":{\"@type\":\"ImageObject\",\"inLanguage\":\"es\",\"@id\":\"https:\\\/\\\/fuentesfidedignas.com.mx\\\/#\\\/schema\\\/logo\\\/image\\\/\",\"url\":\"https:\\\/\\\/fuentesfidedignas.com.mx\\\/wp-content\\\/uploads\\\/2021\\\/04\\\/logo-retina.png\",\"contentUrl\":\"https:\\\/\\\/fuentesfidedignas.com.mx\\\/wp-content\\\/uploads\\\/2021\\\/04\\\/logo-retina.png\",\"width\":280,\"height\":51,\"caption\":\"Fuentes Fidedignas\"},\"image\":{\"@id\":\"https:\\\/\\\/fuentesfidedignas.com.mx\\\/#\\\/schema\\\/logo\\\/image\\\/\"},\"sameAs\":[\"https:\\\/\\\/www.facebook.com\\\/Fuentes-Fidedignas-368234489921644\",\"https:\\\/\\\/x.com\\\/fidedignas\"]},{\"@type\":\"Person\",\"@id\":\"https:\\\/\\\/fuentesfidedignas.com.mx\\\/#\\\/schema\\\/person\\\/47ec0135738f4b0c7495f06a77a2c976\",\"name\":\"Milenio\",\"image\":{\"@type\":\"ImageObject\",\"inLanguage\":\"es\",\"@id\":\"https:\\\/\\\/secure.gravatar.com\\\/avatar\\\/acabf7b54753e51c2c76457954577c236b3b764789b19879565769739d1e4a75?s=96&d=mm&r=g\",\"url\":\"https:\\\/\\\/secure.gravatar.com\\\/avatar\\\/acabf7b54753e51c2c76457954577c236b3b764789b19879565769739d1e4a75?s=96&d=mm&r=g\",\"contentUrl\":\"https:\\\/\\\/secure.gravatar.com\\\/avatar\\\/acabf7b54753e51c2c76457954577c236b3b764789b19879565769739d1e4a75?s=96&d=mm&r=g\",\"caption\":\"Milenio\"},\"url\":\"https:\\\/\\\/fuentesfidedignas.com.mx\\\/index.php\\\/author\\\/milenio\\\/\"}]}<\/script>\n<!-- \/ Yoast SEO plugin. -->","yoast_head_json":{"title":"FBI cita a declarar a Trump por atentado y revela detalles sobre el tirador \"muy inteligente\" - Fuentes Fidedignas","robots":{"index":"index","follow":"follow","max-snippet":"max-snippet:-1","max-image-preview":"max-image-preview:large","max-video-preview":"max-video-preview:-1"},"canonical":"https:\/\/fuentesfidedignas.com.mx\/index.php\/2024\/07\/29\/fbi-cita-a-declarar-a-trump-por-atentado-y-revela-detalles-sobre-el-tirador-muy-inteligente\/","og_locale":"es_MX","og_type":"article","og_title":"FBI cita a declarar a Trump por atentado y revela detalles sobre el tirador \"muy inteligente\" - Fuentes Fidedignas","og_description":"El protocolo de la investigaci\u00f3n incluye un interrogatorio a v\u00edctimas de cr\u00edmenes federales. El ex presidente Donald Trump acept\u00f3 ser entrevistado por el FBI como parte de la investigaci\u00f3n sobre el intento de asesinato en Pensilvania a principios de este mes, inform\u00f3 un funcionario el lunes. La esperada entrevista con el candidato presidencial republicano en [&hellip;]","og_url":"https:\/\/fuentesfidedignas.com.mx\/index.php\/2024\/07\/29\/fbi-cita-a-declarar-a-trump-por-atentado-y-revela-detalles-sobre-el-tirador-muy-inteligente\/","og_site_name":"Fuentes Fidedignas","article_publisher":"https:\/\/www.facebook.com\/Fuentes-Fidedignas-368234489921644","article_published_time":"2024-07-29T18:56:45+00:00","article_modified_time":"2024-07-29T18:56:46+00:00","og_image":[{"width":650,"height":433,"url":"https:\/\/fuentesfidedignas.com.mx\/wp-content\/uploads\/2024\/07\/trump-tiroteo-7.jpg","type":"image\/jpeg"}],"author":"Milenio","twitter_card":"summary_large_image","twitter_creator":"@fidedignas","twitter_site":"@fidedignas","twitter_misc":{"Escrito por":"Milenio","Tiempo de lectura":"2 minutos"},"schema":{"@context":"https:\/\/schema.org","@graph":[{"@type":"Article","@id":"https:\/\/fuentesfidedignas.com.mx\/index.php\/2024\/07\/29\/fbi-cita-a-declarar-a-trump-por-atentado-y-revela-detalles-sobre-el-tirador-muy-inteligente\/#article","isPartOf":{"@id":"https:\/\/fuentesfidedignas.com.mx\/index.php\/2024\/07\/29\/fbi-cita-a-declarar-a-trump-por-atentado-y-revela-detalles-sobre-el-tirador-muy-inteligente\/"},"author":{"name":"Milenio","@id":"https:\/\/fuentesfidedignas.com.mx\/#\/schema\/person\/47ec0135738f4b0c7495f06a77a2c976"},"headline":"FBI cita a declarar a Trump por atentado y revela detalles sobre el tirador &#8220;muy inteligente&#8221;","datePublished":"2024-07-29T18:56:45+00:00","dateModified":"2024-07-29T18:56:46+00:00","mainEntityOfPage":{"@id":"https:\/\/fuentesfidedignas.com.mx\/index.php\/2024\/07\/29\/fbi-cita-a-declarar-a-trump-por-atentado-y-revela-detalles-sobre-el-tirador-muy-inteligente\/"},"wordCount":460,"commentCount":0,"publisher":{"@id":"https:\/\/fuentesfidedignas.com.mx\/#organization"},"image":{"@id":"https:\/\/fuentesfidedignas.com.mx\/index.php\/2024\/07\/29\/fbi-cita-a-declarar-a-trump-por-atentado-y-revela-detalles-sobre-el-tirador-muy-inteligente\/#primaryimage"},"thumbnailUrl":"https:\/\/fuentesfidedignas.com.mx\/wp-content\/uploads\/2024\/07\/trump-tiroteo-7.jpg","articleSection":["NOTICIAS NACIONALES"],"inLanguage":"es","potentialAction":[{"@type":"CommentAction","name":"Comment","target":["https:\/\/fuentesfidedignas.com.mx\/index.php\/2024\/07\/29\/fbi-cita-a-declarar-a-trump-por-atentado-y-revela-detalles-sobre-el-tirador-muy-inteligente\/#respond"]}]},{"@type":"WebPage","@id":"https:\/\/fuentesfidedignas.com.mx\/index.php\/2024\/07\/29\/fbi-cita-a-declarar-a-trump-por-atentado-y-revela-detalles-sobre-el-tirador-muy-inteligente\/","url":"https:\/\/fuentesfidedignas.com.mx\/index.php\/2024\/07\/29\/fbi-cita-a-declarar-a-trump-por-atentado-y-revela-detalles-sobre-el-tirador-muy-inteligente\/","name":"FBI cita a declarar a Trump por atentado y revela detalles sobre el tirador \"muy inteligente\" - Fuentes Fidedignas","isPartOf":{"@id":"https:\/\/fuentesfidedignas.com.mx\/#website"},"primaryImageOfPage":{"@id":"https:\/\/fuentesfidedignas.com.mx\/index.php\/2024\/07\/29\/fbi-cita-a-declarar-a-trump-por-atentado-y-revela-detalles-sobre-el-tirador-muy-inteligente\/#primaryimage"},"image":{"@id":"https:\/\/fuentesfidedignas.com.mx\/index.php\/2024\/07\/29\/fbi-cita-a-declarar-a-trump-por-atentado-y-revela-detalles-sobre-el-tirador-muy-inteligente\/#primaryimage"},"thumbnailUrl":"https:\/\/fuentesfidedignas.com.mx\/wp-content\/uploads\/2024\/07\/trump-tiroteo-7.jpg","datePublished":"2024-07-29T18:56:45+00:00","dateModified":"2024-07-29T18:56:46+00:00","breadcrumb":{"@id":"https:\/\/fuentesfidedignas.com.mx\/index.php\/2024\/07\/29\/fbi-cita-a-declarar-a-trump-por-atentado-y-revela-detalles-sobre-el-tirador-muy-inteligente\/#breadcrumb"},"inLanguage":"es","potentialAction":[{"@type":"ReadAction","target":["https:\/\/fuentesfidedignas.com.mx\/index.php\/2024\/07\/29\/fbi-cita-a-declarar-a-trump-por-atentado-y-revela-detalles-sobre-el-tirador-muy-inteligente\/"]}]},{"@type":"ImageObject","inLanguage":"es","@id":"https:\/\/fuentesfidedignas.com.mx\/index.php\/2024\/07\/29\/fbi-cita-a-declarar-a-trump-por-atentado-y-revela-detalles-sobre-el-tirador-muy-inteligente\/#primaryimage","url":"https:\/\/fuentesfidedignas.com.mx\/wp-content\/uploads\/2024\/07\/trump-tiroteo-7.jpg","contentUrl":"https:\/\/fuentesfidedignas.com.mx\/wp-content\/uploads\/2024\/07\/trump-tiroteo-7.jpg","width":650,"height":433},{"@type":"BreadcrumbList","@id":"https:\/\/fuentesfidedignas.com.mx\/index.php\/2024\/07\/29\/fbi-cita-a-declarar-a-trump-por-atentado-y-revela-detalles-sobre-el-tirador-muy-inteligente\/#breadcrumb","itemListElement":[{"@type":"ListItem","position":1,"name":"Inicio","item":"https:\/\/fuentesfidedignas.com.mx\/"},{"@type":"ListItem","position":2,"name":"FBI cita a declarar a Trump por atentado y revela detalles sobre el tirador &#8220;muy inteligente&#8221;"}]},{"@type":"WebSite","@id":"https:\/\/fuentesfidedignas.com.mx\/#website","url":"https:\/\/fuentesfidedignas.com.mx\/","name":"Fuentes Fidedignas","description":"Otro sitio realizado con WordPress","publisher":{"@id":"https:\/\/fuentesfidedignas.com.mx\/#organization"},"potentialAction":[{"@type":"SearchAction","target":{"@type":"EntryPoint","urlTemplate":"https:\/\/fuentesfidedignas.com.mx\/?s={search_term_string}"},"query-input":{"@type":"PropertyValueSpecification","valueRequired":true,"valueName":"search_term_string"}}],"inLanguage":"es"},{"@type":"Organization","@id":"https:\/\/fuentesfidedignas.com.mx\/#organization","name":"Fuentes Fidedignas","url":"https:\/\/fuentesfidedignas.com.mx\/","logo":{"@type":"ImageObject","inLanguage":"es","@id":"https:\/\/fuentesfidedignas.com.mx\/#\/schema\/logo\/image\/","url":"https:\/\/fuentesfidedignas.com.mx\/wp-content\/uploads\/2021\/04\/logo-retina.png","contentUrl":"https:\/\/fuentesfidedignas.com.mx\/wp-content\/uploads\/2021\/04\/logo-retina.png","width":280,"height":51,"caption":"Fuentes Fidedignas"},"image":{"@id":"https:\/\/fuentesfidedignas.com.mx\/#\/schema\/logo\/image\/"},"sameAs":["https:\/\/www.facebook.com\/Fuentes-Fidedignas-368234489921644","https:\/\/x.com\/fidedignas"]},{"@type":"Person","@id":"https:\/\/fuentesfidedignas.com.mx\/#\/schema\/person\/47ec0135738f4b0c7495f06a77a2c976","name":"Milenio","image":{"@type":"ImageObject","inLanguage":"es","@id":"https:\/\/secure.gravatar.com\/avatar\/acabf7b54753e51c2c76457954577c236b3b764789b19879565769739d1e4a75?s=96&d=mm&r=g","url":"https:\/\/secure.gravatar.com\/avatar\/acabf7b54753e51c2c76457954577c236b3b764789b19879565769739d1e4a75?s=96&d=mm&r=g","contentUrl":"https:\/\/secure.gravatar.com\/avatar\/acabf7b54753e51c2c76457954577c236b3b764789b19879565769739d1e4a75?s=96&d=mm&r=g","caption":"Milenio"},"url":"https:\/\/fuentesfidedignas.com.mx\/index.php\/author\/milenio\/"}]}},"_links":{"self":[{"href":"https:\/\/fuentesfidedignas.com.mx\/index.php\/wp-json\/wp\/v2\/posts\/87595","targetHints":{"allow":["GET"]}}],"collection":[{"href":"https:\/\/fuentesfidedignas.com.mx\/index.php\/wp-json\/wp\/v2\/posts"}],"about":[{"href":"https:\/\/fuentesfidedignas.com.mx\/index.php\/wp-json\/wp\/v2\/types\/post"}],"author":[{"embeddable":true,"href":"https:\/\/fuentesfidedignas.com.mx\/index.php\/wp-json\/wp\/v2\/users\/9"}],"replies":[{"embeddable":true,"href":"https:\/\/fuentesfidedignas.com.mx\/index.php\/wp-json\/wp\/v2\/comments?post=87595"}],"version-history":[{"count":1,"href":"https:\/\/fuentesfidedignas.com.mx\/index.php\/wp-json\/wp\/v2\/posts\/87595\/revisions"}],"predecessor-version":[{"id":87596,"href":"https:\/\/fuentesfidedignas.com.mx\/index.php\/wp-json\/wp\/v2\/posts\/87595\/revisions\/87596"}],"wp:featuredmedia":[{"embeddable":true,"href":"https:\/\/fuentesfidedignas.com.mx\/index.php\/wp-json\/wp\/v2\/media\/86392"}],"wp:attachment":[{"href":"https:\/\/fuentesfidedignas.com.mx\/index.php\/wp-json\/wp\/v2\/media?parent=87595"}],"wp:term":[{"taxonomy":"category","embeddable":true,"href":"https:\/\/fuentesfidedignas.com.mx\/index.php\/wp-json\/wp\/v2\/categories?post=87595"},{"taxonomy":"post_tag","embeddable":true,"href":"https:\/\/fuentesfidedignas.com.mx\/index.php\/wp-json\/wp\/v2\/tags?post=87595"}],"curies":[{"name":"wp","href":"https:\/\/api.w.org\/{rel}","templated":true}]}}