{"id":87541,"date":"2024-07-29T00:04:00","date_gmt":"2024-07-29T07:04:00","guid":{"rendered":"https:\/\/fuentesfidedignas.com.mx\/?p=87541"},"modified":"2024-07-28T14:12:24","modified_gmt":"2024-07-28T21:12:24","slug":"abuelita-celebra-su-cumpleanos-y-ponen-95-velitas-en-el-pastel-casi-termina-en-incendio","status":"publish","type":"post","link":"https:\/\/fuentesfidedignas.com.mx\/index.php\/2024\/07\/29\/abuelita-celebra-su-cumpleanos-y-ponen-95-velitas-en-el-pastel-casi-termina-en-incendio\/","title":{"rendered":"Abuelita celebra su cumplea\u00f1os y ponen 95 velitas en el pastel; casi termina en INCENDIO"},"content":{"rendered":"\n<p><strong><em>En redes sociales se ha vuelto viral la historia de una celebraci\u00f3n de cumplea\u00f1os que estuvo a punto de terminar en un peligroso incendio luego de que los familiares de la mujer decidieran poner un gran n\u00famero de velas en el pastel.<\/em><\/strong><\/p>\n\n\n\n<p>Cumplir a\u00f1os es uno de los momentos m\u00e1s emocionantes para la mayor\u00eda de las personas, m\u00e1s a\u00fan cuando se puede llegar a m\u00e1s de 9 d\u00e9cadas de vida. Tal es el caso de una abuelita que se ha vuelto viral tras su celebraci\u00f3n de cumplea\u00f1os n\u00famero 95 y por el detalle que tuvieron sus familiares de poner en el pastel 95 velitas para conmemorar as\u00ed la edad de la mujer.<\/p>\n\n\n\n<p>En la plataforma X, antes conocida como Twitter, se comparti\u00f3 la historia de la abuelita que estuvo a punto de terminar en tragedia pues debido a la cantidad de velitas un incendio pudo haber ocurrido.<\/p>\n\n\n\n<p>En la red social X, -@jabulani-, la presunta nieta de la abuelita cumplea\u00f1era comparti\u00f3 detalles de la celebraci\u00f3n por el cumplea\u00f1os 95 de la adulta mayor:&nbsp;&#8220;Mi abuela cumpli\u00f3 95 a\u00f1os y a mi familia se le ocurri\u00f3 poner 95 velas&#8221;, escribi\u00f3 en la publicaci\u00f3n.<\/p>\n\n\n\n<p>A ra\u00edz de la cantidad de velitas que pusieron en el pastel se provoc\u00f3 un ligero susto durante la celebraci\u00f3n pues el pastel pr\u00e1cticamente se incendi\u00f3.<\/p>\n\n\n\n<p>&#8220;Nadie pens\u00f3 que capaz se iba a prender fuego la torta&#8221;, finaliz\u00f3 la joven junto a varias im\u00e1genes del momento ca\u00f3tico.<\/p>\n\n\n\n<blockquote class=\"twitter-tweet\"><p lang=\"es\" dir=\"ltr\">mi abuela cumplio 95 a\u00f1os y a mi familia se le ocurrio poner 95 velas y nadie penso q capaz se iba a re prender fuego la torta y la abuela dksjsksjsk <a href=\"https:\/\/t.co\/JMr1PyguT5\">pic.twitter.com\/JMr1PyguT5<\/a><\/p>&mdash; jabulani (@1924_2004) <a href=\"https:\/\/twitter.com\/1924_2004\/status\/1814757377352048836?ref_src=twsrc%5Etfw\">July 20, 2024<\/a><\/blockquote> <script async src=\"https:\/\/platform.twitter.com\/widgets.js\" charset=\"utf-8\"><\/script>\n\n\n\n<p>Luego de mostrar algunas de las fotograf\u00edas del pastel lleno de fuego por las 95 velitas, la joven decidi\u00f3 compartir, a petici\u00f3n de los internautas, el video de los hechos.<\/p>\n\n\n\n<p>En el clip se puede ver a la abuela sentada frente al pastel y detr\u00e1s&nbsp;de ella, unos globos con el n\u00famero que representaba la edad&nbsp;que cumpl\u00eda y su familia y seres queridos estaban alrededor de ella cantando la canci\u00f3n de cumplea\u00f1os.<\/p>\n\n\n\n<p>El pastel brillaba m\u00e1s de lo usual e iluminaba toda la habitaci\u00f3n. De repente, la llama creci\u00f3 m\u00e1s de lo esperado y por lo que la se\u00f1ora intent\u00f3 soplar las velas para apagarlas.<\/p>\n\n\n\n<p>Al final, las cosas no pasaron a mayores y ni la abuelita ni los asistentes resultaron heridos pues el fuego se pudo controlar. La joven que public\u00f3 la historia dio a conocer que quitaron todas las velas y aunque la parte superior del pastel qued\u00f3 llena de cera, la removieron y pudieron comer del postre.<\/p>\n\n\n\n<p>Adem\u00e1s comparti\u00f3 que fueron seis personas las encargadas de prender casi 100 velas.<\/p>\n\n\n\n<figure class=\"wp-block-embed is-type-rich is-provider-twitter wp-block-embed-twitter\"><div class=\"wp-block-embed__wrapper\">\n<blockquote class=\"twitter-tweet\" data-width=\"550\" data-dnt=\"true\"><p lang=\"qme\" dir=\"ltr\">\ud83e\uddd8\u200d\u2640\ufe0f\ud83e\uddd8\u200d\u2640\ufe0f\ud83e\uddd8\u200d\u2640\ufe0f <a href=\"https:\/\/t.co\/WOPO9pZm9n\">pic.twitter.com\/WOPO9pZm9n<\/a><\/p>&mdash; jabulani (@1924_2004) <a href=\"https:\/\/twitter.com\/1924_2004\/status\/1814767465403986354?ref_src=twsrc%5Etfw\">July 20, 2024<\/a><\/blockquote><script async src=\"https:\/\/platform.twitter.com\/widgets.js\" charset=\"utf-8\"><\/script>\n<\/div><\/figure>\n","protected":false},"excerpt":{"rendered":"<p>En redes sociales se ha vuelto viral la historia de una celebraci\u00f3n de cumplea\u00f1os que estuvo a punto de terminar en un peligroso incendio luego de que los familiares de la mujer decidieran poner un gran n\u00famero de velas en el pastel. Cumplir a\u00f1os es uno de los momentos m\u00e1s emocionantes para la mayor\u00eda de [&hellip;]<\/p>\n","protected":false},"author":9,"featured_media":87542,"comment_status":"open","ping_status":"open","sticky":false,"template":"","format":"standard","meta":{"tdm_status":"","tdm_grid_status":"","footnotes":""},"categories":[40],"tags":[],"class_list":{"0":"post-87541","1":"post","2":"type-post","3":"status-publish","4":"format-standard","5":"has-post-thumbnail","7":"category-las-asombrosas"},"yoast_head":"<!-- This site is optimized with the Yoast SEO plugin v27.5 - https:\/\/yoast.com\/product\/yoast-seo-wordpress\/ -->\n<title>Abuelita celebra su cumplea\u00f1os y ponen 95 velitas en el pastel; casi termina en INCENDIO - Fuentes Fidedignas<\/title>\n<meta name=\"robots\" content=\"index, follow, max-snippet:-1, max-image-preview:large, max-video-preview:-1\" \/>\n<link rel=\"canonical\" href=\"https:\/\/fuentesfidedignas.com.mx\/index.php\/2024\/07\/29\/abuelita-celebra-su-cumpleanos-y-ponen-95-velitas-en-el-pastel-casi-termina-en-incendio\/\" \/>\n<meta property=\"og:locale\" content=\"es_MX\" \/>\n<meta property=\"og:type\" content=\"article\" \/>\n<meta property=\"og:title\" content=\"Abuelita celebra su cumplea\u00f1os y ponen 95 velitas en el pastel; casi termina en INCENDIO - Fuentes Fidedignas\" \/>\n<meta property=\"og:description\" content=\"En redes sociales se ha vuelto viral la historia de una celebraci\u00f3n de cumplea\u00f1os que estuvo a punto de terminar en un peligroso incendio luego de que los familiares de la mujer decidieran poner un gran n\u00famero de velas en el pastel. Cumplir a\u00f1os es uno de los momentos m\u00e1s emocionantes para la mayor\u00eda de [&hellip;]\" \/>\n<meta property=\"og:url\" content=\"https:\/\/fuentesfidedignas.com.mx\/index.php\/2024\/07\/29\/abuelita-celebra-su-cumpleanos-y-ponen-95-velitas-en-el-pastel-casi-termina-en-incendio\/\" \/>\n<meta property=\"og:site_name\" content=\"Fuentes Fidedignas\" \/>\n<meta property=\"article:publisher\" content=\"https:\/\/www.facebook.com\/Fuentes-Fidedignas-368234489921644\" \/>\n<meta property=\"article:published_time\" content=\"2024-07-29T07:04:00+00:00\" \/>\n<meta property=\"og:image\" content=\"https:\/\/fuentesfidedignas.com.mx\/wp-content\/uploads\/2024\/07\/abuelita-con-pastel.jpg\" \/>\n\t<meta property=\"og:image:width\" content=\"650\" \/>\n\t<meta property=\"og:image:height\" content=\"414\" \/>\n\t<meta property=\"og:image:type\" content=\"image\/jpeg\" \/>\n<meta name=\"author\" content=\"Milenio\" \/>\n<meta name=\"twitter:card\" content=\"summary_large_image\" \/>\n<meta name=\"twitter:creator\" content=\"@fidedignas\" \/>\n<meta name=\"twitter:site\" content=\"@fidedignas\" \/>\n<meta name=\"twitter:label1\" content=\"Escrito por\" \/>\n\t<meta name=\"twitter:data1\" content=\"Milenio\" \/>\n\t<meta name=\"twitter:label2\" content=\"Tiempo de lectura\" \/>\n\t<meta name=\"twitter:data2\" content=\"3 minutos\" \/>\n<script type=\"application\/ld+json\" class=\"yoast-schema-graph\">{\"@context\":\"https:\\\/\\\/schema.org\",\"@graph\":[{\"@type\":\"Article\",\"@id\":\"https:\\\/\\\/fuentesfidedignas.com.mx\\\/index.php\\\/2024\\\/07\\\/29\\\/abuelita-celebra-su-cumpleanos-y-ponen-95-velitas-en-el-pastel-casi-termina-en-incendio\\\/#article\",\"isPartOf\":{\"@id\":\"https:\\\/\\\/fuentesfidedignas.com.mx\\\/index.php\\\/2024\\\/07\\\/29\\\/abuelita-celebra-su-cumpleanos-y-ponen-95-velitas-en-el-pastel-casi-termina-en-incendio\\\/\"},\"author\":{\"name\":\"Milenio\",\"@id\":\"https:\\\/\\\/fuentesfidedignas.com.mx\\\/#\\\/schema\\\/person\\\/47ec0135738f4b0c7495f06a77a2c976\"},\"headline\":\"Abuelita celebra su cumplea\u00f1os y ponen 95 velitas en el pastel; casi termina en INCENDIO\",\"datePublished\":\"2024-07-29T07:04:00+00:00\",\"mainEntityOfPage\":{\"@id\":\"https:\\\/\\\/fuentesfidedignas.com.mx\\\/index.php\\\/2024\\\/07\\\/29\\\/abuelita-celebra-su-cumpleanos-y-ponen-95-velitas-en-el-pastel-casi-termina-en-incendio\\\/\"},\"wordCount\":503,\"commentCount\":0,\"publisher\":{\"@id\":\"https:\\\/\\\/fuentesfidedignas.com.mx\\\/#organization\"},\"image\":{\"@id\":\"https:\\\/\\\/fuentesfidedignas.com.mx\\\/index.php\\\/2024\\\/07\\\/29\\\/abuelita-celebra-su-cumpleanos-y-ponen-95-velitas-en-el-pastel-casi-termina-en-incendio\\\/#primaryimage\"},\"thumbnailUrl\":\"https:\\\/\\\/fuentesfidedignas.com.mx\\\/wp-content\\\/uploads\\\/2024\\\/07\\\/abuelita-con-pastel.jpg\",\"articleSection\":[\"LAS ASOMBROSAS\"],\"inLanguage\":\"es\",\"potentialAction\":[{\"@type\":\"CommentAction\",\"name\":\"Comment\",\"target\":[\"https:\\\/\\\/fuentesfidedignas.com.mx\\\/index.php\\\/2024\\\/07\\\/29\\\/abuelita-celebra-su-cumpleanos-y-ponen-95-velitas-en-el-pastel-casi-termina-en-incendio\\\/#respond\"]}]},{\"@type\":\"WebPage\",\"@id\":\"https:\\\/\\\/fuentesfidedignas.com.mx\\\/index.php\\\/2024\\\/07\\\/29\\\/abuelita-celebra-su-cumpleanos-y-ponen-95-velitas-en-el-pastel-casi-termina-en-incendio\\\/\",\"url\":\"https:\\\/\\\/fuentesfidedignas.com.mx\\\/index.php\\\/2024\\\/07\\\/29\\\/abuelita-celebra-su-cumpleanos-y-ponen-95-velitas-en-el-pastel-casi-termina-en-incendio\\\/\",\"name\":\"Abuelita celebra su cumplea\u00f1os y ponen 95 velitas en el pastel; casi termina en INCENDIO - Fuentes Fidedignas\",\"isPartOf\":{\"@id\":\"https:\\\/\\\/fuentesfidedignas.com.mx\\\/#website\"},\"primaryImageOfPage\":{\"@id\":\"https:\\\/\\\/fuentesfidedignas.com.mx\\\/index.php\\\/2024\\\/07\\\/29\\\/abuelita-celebra-su-cumpleanos-y-ponen-95-velitas-en-el-pastel-casi-termina-en-incendio\\\/#primaryimage\"},\"image\":{\"@id\":\"https:\\\/\\\/fuentesfidedignas.com.mx\\\/index.php\\\/2024\\\/07\\\/29\\\/abuelita-celebra-su-cumpleanos-y-ponen-95-velitas-en-el-pastel-casi-termina-en-incendio\\\/#primaryimage\"},\"thumbnailUrl\":\"https:\\\/\\\/fuentesfidedignas.com.mx\\\/wp-content\\\/uploads\\\/2024\\\/07\\\/abuelita-con-pastel.jpg\",\"datePublished\":\"2024-07-29T07:04:00+00:00\",\"breadcrumb\":{\"@id\":\"https:\\\/\\\/fuentesfidedignas.com.mx\\\/index.php\\\/2024\\\/07\\\/29\\\/abuelita-celebra-su-cumpleanos-y-ponen-95-velitas-en-el-pastel-casi-termina-en-incendio\\\/#breadcrumb\"},\"inLanguage\":\"es\",\"potentialAction\":[{\"@type\":\"ReadAction\",\"target\":[\"https:\\\/\\\/fuentesfidedignas.com.mx\\\/index.php\\\/2024\\\/07\\\/29\\\/abuelita-celebra-su-cumpleanos-y-ponen-95-velitas-en-el-pastel-casi-termina-en-incendio\\\/\"]}]},{\"@type\":\"ImageObject\",\"inLanguage\":\"es\",\"@id\":\"https:\\\/\\\/fuentesfidedignas.com.mx\\\/index.php\\\/2024\\\/07\\\/29\\\/abuelita-celebra-su-cumpleanos-y-ponen-95-velitas-en-el-pastel-casi-termina-en-incendio\\\/#primaryimage\",\"url\":\"https:\\\/\\\/fuentesfidedignas.com.mx\\\/wp-content\\\/uploads\\\/2024\\\/07\\\/abuelita-con-pastel.jpg\",\"contentUrl\":\"https:\\\/\\\/fuentesfidedignas.com.mx\\\/wp-content\\\/uploads\\\/2024\\\/07\\\/abuelita-con-pastel.jpg\",\"width\":650,\"height\":414},{\"@type\":\"BreadcrumbList\",\"@id\":\"https:\\\/\\\/fuentesfidedignas.com.mx\\\/index.php\\\/2024\\\/07\\\/29\\\/abuelita-celebra-su-cumpleanos-y-ponen-95-velitas-en-el-pastel-casi-termina-en-incendio\\\/#breadcrumb\",\"itemListElement\":[{\"@type\":\"ListItem\",\"position\":1,\"name\":\"Inicio\",\"item\":\"https:\\\/\\\/fuentesfidedignas.com.mx\\\/\"},{\"@type\":\"ListItem\",\"position\":2,\"name\":\"Abuelita celebra su cumplea\u00f1os y ponen 95 velitas en el pastel; casi termina en INCENDIO\"}]},{\"@type\":\"WebSite\",\"@id\":\"https:\\\/\\\/fuentesfidedignas.com.mx\\\/#website\",\"url\":\"https:\\\/\\\/fuentesfidedignas.com.mx\\\/\",\"name\":\"Fuentes Fidedignas\",\"description\":\"Otro sitio realizado con WordPress\",\"publisher\":{\"@id\":\"https:\\\/\\\/fuentesfidedignas.com.mx\\\/#organization\"},\"potentialAction\":[{\"@type\":\"SearchAction\",\"target\":{\"@type\":\"EntryPoint\",\"urlTemplate\":\"https:\\\/\\\/fuentesfidedignas.com.mx\\\/?s={search_term_string}\"},\"query-input\":{\"@type\":\"PropertyValueSpecification\",\"valueRequired\":true,\"valueName\":\"search_term_string\"}}],\"inLanguage\":\"es\"},{\"@type\":\"Organization\",\"@id\":\"https:\\\/\\\/fuentesfidedignas.com.mx\\\/#organization\",\"name\":\"Fuentes Fidedignas\",\"url\":\"https:\\\/\\\/fuentesfidedignas.com.mx\\\/\",\"logo\":{\"@type\":\"ImageObject\",\"inLanguage\":\"es\",\"@id\":\"https:\\\/\\\/fuentesfidedignas.com.mx\\\/#\\\/schema\\\/logo\\\/image\\\/\",\"url\":\"https:\\\/\\\/fuentesfidedignas.com.mx\\\/wp-content\\\/uploads\\\/2021\\\/04\\\/logo-retina.png\",\"contentUrl\":\"https:\\\/\\\/fuentesfidedignas.com.mx\\\/wp-content\\\/uploads\\\/2021\\\/04\\\/logo-retina.png\",\"width\":280,\"height\":51,\"caption\":\"Fuentes Fidedignas\"},\"image\":{\"@id\":\"https:\\\/\\\/fuentesfidedignas.com.mx\\\/#\\\/schema\\\/logo\\\/image\\\/\"},\"sameAs\":[\"https:\\\/\\\/www.facebook.com\\\/Fuentes-Fidedignas-368234489921644\",\"https:\\\/\\\/x.com\\\/fidedignas\"]},{\"@type\":\"Person\",\"@id\":\"https:\\\/\\\/fuentesfidedignas.com.mx\\\/#\\\/schema\\\/person\\\/47ec0135738f4b0c7495f06a77a2c976\",\"name\":\"Milenio\",\"image\":{\"@type\":\"ImageObject\",\"inLanguage\":\"es\",\"@id\":\"https:\\\/\\\/secure.gravatar.com\\\/avatar\\\/acabf7b54753e51c2c76457954577c236b3b764789b19879565769739d1e4a75?s=96&d=mm&r=g\",\"url\":\"https:\\\/\\\/secure.gravatar.com\\\/avatar\\\/acabf7b54753e51c2c76457954577c236b3b764789b19879565769739d1e4a75?s=96&d=mm&r=g\",\"contentUrl\":\"https:\\\/\\\/secure.gravatar.com\\\/avatar\\\/acabf7b54753e51c2c76457954577c236b3b764789b19879565769739d1e4a75?s=96&d=mm&r=g\",\"caption\":\"Milenio\"},\"url\":\"https:\\\/\\\/fuentesfidedignas.com.mx\\\/index.php\\\/author\\\/milenio\\\/\"}]}<\/script>\n<!-- \/ Yoast SEO plugin. -->","yoast_head_json":{"title":"Abuelita celebra su cumplea\u00f1os y ponen 95 velitas en el pastel; casi termina en INCENDIO - Fuentes Fidedignas","robots":{"index":"index","follow":"follow","max-snippet":"max-snippet:-1","max-image-preview":"max-image-preview:large","max-video-preview":"max-video-preview:-1"},"canonical":"https:\/\/fuentesfidedignas.com.mx\/index.php\/2024\/07\/29\/abuelita-celebra-su-cumpleanos-y-ponen-95-velitas-en-el-pastel-casi-termina-en-incendio\/","og_locale":"es_MX","og_type":"article","og_title":"Abuelita celebra su cumplea\u00f1os y ponen 95 velitas en el pastel; casi termina en INCENDIO - Fuentes Fidedignas","og_description":"En redes sociales se ha vuelto viral la historia de una celebraci\u00f3n de cumplea\u00f1os que estuvo a punto de terminar en un peligroso incendio luego de que los familiares de la mujer decidieran poner un gran n\u00famero de velas en el pastel. Cumplir a\u00f1os es uno de los momentos m\u00e1s emocionantes para la mayor\u00eda de [&hellip;]","og_url":"https:\/\/fuentesfidedignas.com.mx\/index.php\/2024\/07\/29\/abuelita-celebra-su-cumpleanos-y-ponen-95-velitas-en-el-pastel-casi-termina-en-incendio\/","og_site_name":"Fuentes Fidedignas","article_publisher":"https:\/\/www.facebook.com\/Fuentes-Fidedignas-368234489921644","article_published_time":"2024-07-29T07:04:00+00:00","og_image":[{"width":650,"height":414,"url":"https:\/\/fuentesfidedignas.com.mx\/wp-content\/uploads\/2024\/07\/abuelita-con-pastel.jpg","type":"image\/jpeg"}],"author":"Milenio","twitter_card":"summary_large_image","twitter_creator":"@fidedignas","twitter_site":"@fidedignas","twitter_misc":{"Escrito por":"Milenio","Tiempo de lectura":"3 minutos"},"schema":{"@context":"https:\/\/schema.org","@graph":[{"@type":"Article","@id":"https:\/\/fuentesfidedignas.com.mx\/index.php\/2024\/07\/29\/abuelita-celebra-su-cumpleanos-y-ponen-95-velitas-en-el-pastel-casi-termina-en-incendio\/#article","isPartOf":{"@id":"https:\/\/fuentesfidedignas.com.mx\/index.php\/2024\/07\/29\/abuelita-celebra-su-cumpleanos-y-ponen-95-velitas-en-el-pastel-casi-termina-en-incendio\/"},"author":{"name":"Milenio","@id":"https:\/\/fuentesfidedignas.com.mx\/#\/schema\/person\/47ec0135738f4b0c7495f06a77a2c976"},"headline":"Abuelita celebra su cumplea\u00f1os y ponen 95 velitas en el pastel; casi termina en INCENDIO","datePublished":"2024-07-29T07:04:00+00:00","mainEntityOfPage":{"@id":"https:\/\/fuentesfidedignas.com.mx\/index.php\/2024\/07\/29\/abuelita-celebra-su-cumpleanos-y-ponen-95-velitas-en-el-pastel-casi-termina-en-incendio\/"},"wordCount":503,"commentCount":0,"publisher":{"@id":"https:\/\/fuentesfidedignas.com.mx\/#organization"},"image":{"@id":"https:\/\/fuentesfidedignas.com.mx\/index.php\/2024\/07\/29\/abuelita-celebra-su-cumpleanos-y-ponen-95-velitas-en-el-pastel-casi-termina-en-incendio\/#primaryimage"},"thumbnailUrl":"https:\/\/fuentesfidedignas.com.mx\/wp-content\/uploads\/2024\/07\/abuelita-con-pastel.jpg","articleSection":["LAS ASOMBROSAS"],"inLanguage":"es","potentialAction":[{"@type":"CommentAction","name":"Comment","target":["https:\/\/fuentesfidedignas.com.mx\/index.php\/2024\/07\/29\/abuelita-celebra-su-cumpleanos-y-ponen-95-velitas-en-el-pastel-casi-termina-en-incendio\/#respond"]}]},{"@type":"WebPage","@id":"https:\/\/fuentesfidedignas.com.mx\/index.php\/2024\/07\/29\/abuelita-celebra-su-cumpleanos-y-ponen-95-velitas-en-el-pastel-casi-termina-en-incendio\/","url":"https:\/\/fuentesfidedignas.com.mx\/index.php\/2024\/07\/29\/abuelita-celebra-su-cumpleanos-y-ponen-95-velitas-en-el-pastel-casi-termina-en-incendio\/","name":"Abuelita celebra su cumplea\u00f1os y ponen 95 velitas en el pastel; casi termina en INCENDIO - Fuentes Fidedignas","isPartOf":{"@id":"https:\/\/fuentesfidedignas.com.mx\/#website"},"primaryImageOfPage":{"@id":"https:\/\/fuentesfidedignas.com.mx\/index.php\/2024\/07\/29\/abuelita-celebra-su-cumpleanos-y-ponen-95-velitas-en-el-pastel-casi-termina-en-incendio\/#primaryimage"},"image":{"@id":"https:\/\/fuentesfidedignas.com.mx\/index.php\/2024\/07\/29\/abuelita-celebra-su-cumpleanos-y-ponen-95-velitas-en-el-pastel-casi-termina-en-incendio\/#primaryimage"},"thumbnailUrl":"https:\/\/fuentesfidedignas.com.mx\/wp-content\/uploads\/2024\/07\/abuelita-con-pastel.jpg","datePublished":"2024-07-29T07:04:00+00:00","breadcrumb":{"@id":"https:\/\/fuentesfidedignas.com.mx\/index.php\/2024\/07\/29\/abuelita-celebra-su-cumpleanos-y-ponen-95-velitas-en-el-pastel-casi-termina-en-incendio\/#breadcrumb"},"inLanguage":"es","potentialAction":[{"@type":"ReadAction","target":["https:\/\/fuentesfidedignas.com.mx\/index.php\/2024\/07\/29\/abuelita-celebra-su-cumpleanos-y-ponen-95-velitas-en-el-pastel-casi-termina-en-incendio\/"]}]},{"@type":"ImageObject","inLanguage":"es","@id":"https:\/\/fuentesfidedignas.com.mx\/index.php\/2024\/07\/29\/abuelita-celebra-su-cumpleanos-y-ponen-95-velitas-en-el-pastel-casi-termina-en-incendio\/#primaryimage","url":"https:\/\/fuentesfidedignas.com.mx\/wp-content\/uploads\/2024\/07\/abuelita-con-pastel.jpg","contentUrl":"https:\/\/fuentesfidedignas.com.mx\/wp-content\/uploads\/2024\/07\/abuelita-con-pastel.jpg","width":650,"height":414},{"@type":"BreadcrumbList","@id":"https:\/\/fuentesfidedignas.com.mx\/index.php\/2024\/07\/29\/abuelita-celebra-su-cumpleanos-y-ponen-95-velitas-en-el-pastel-casi-termina-en-incendio\/#breadcrumb","itemListElement":[{"@type":"ListItem","position":1,"name":"Inicio","item":"https:\/\/fuentesfidedignas.com.mx\/"},{"@type":"ListItem","position":2,"name":"Abuelita celebra su cumplea\u00f1os y ponen 95 velitas en el pastel; casi termina en INCENDIO"}]},{"@type":"WebSite","@id":"https:\/\/fuentesfidedignas.com.mx\/#website","url":"https:\/\/fuentesfidedignas.com.mx\/","name":"Fuentes Fidedignas","description":"Otro sitio realizado con WordPress","publisher":{"@id":"https:\/\/fuentesfidedignas.com.mx\/#organization"},"potentialAction":[{"@type":"SearchAction","target":{"@type":"EntryPoint","urlTemplate":"https:\/\/fuentesfidedignas.com.mx\/?s={search_term_string}"},"query-input":{"@type":"PropertyValueSpecification","valueRequired":true,"valueName":"search_term_string"}}],"inLanguage":"es"},{"@type":"Organization","@id":"https:\/\/fuentesfidedignas.com.mx\/#organization","name":"Fuentes Fidedignas","url":"https:\/\/fuentesfidedignas.com.mx\/","logo":{"@type":"ImageObject","inLanguage":"es","@id":"https:\/\/fuentesfidedignas.com.mx\/#\/schema\/logo\/image\/","url":"https:\/\/fuentesfidedignas.com.mx\/wp-content\/uploads\/2021\/04\/logo-retina.png","contentUrl":"https:\/\/fuentesfidedignas.com.mx\/wp-content\/uploads\/2021\/04\/logo-retina.png","width":280,"height":51,"caption":"Fuentes Fidedignas"},"image":{"@id":"https:\/\/fuentesfidedignas.com.mx\/#\/schema\/logo\/image\/"},"sameAs":["https:\/\/www.facebook.com\/Fuentes-Fidedignas-368234489921644","https:\/\/x.com\/fidedignas"]},{"@type":"Person","@id":"https:\/\/fuentesfidedignas.com.mx\/#\/schema\/person\/47ec0135738f4b0c7495f06a77a2c976","name":"Milenio","image":{"@type":"ImageObject","inLanguage":"es","@id":"https:\/\/secure.gravatar.com\/avatar\/acabf7b54753e51c2c76457954577c236b3b764789b19879565769739d1e4a75?s=96&d=mm&r=g","url":"https:\/\/secure.gravatar.com\/avatar\/acabf7b54753e51c2c76457954577c236b3b764789b19879565769739d1e4a75?s=96&d=mm&r=g","contentUrl":"https:\/\/secure.gravatar.com\/avatar\/acabf7b54753e51c2c76457954577c236b3b764789b19879565769739d1e4a75?s=96&d=mm&r=g","caption":"Milenio"},"url":"https:\/\/fuentesfidedignas.com.mx\/index.php\/author\/milenio\/"}]}},"_links":{"self":[{"href":"https:\/\/fuentesfidedignas.com.mx\/index.php\/wp-json\/wp\/v2\/posts\/87541","targetHints":{"allow":["GET"]}}],"collection":[{"href":"https:\/\/fuentesfidedignas.com.mx\/index.php\/wp-json\/wp\/v2\/posts"}],"about":[{"href":"https:\/\/fuentesfidedignas.com.mx\/index.php\/wp-json\/wp\/v2\/types\/post"}],"author":[{"embeddable":true,"href":"https:\/\/fuentesfidedignas.com.mx\/index.php\/wp-json\/wp\/v2\/users\/9"}],"replies":[{"embeddable":true,"href":"https:\/\/fuentesfidedignas.com.mx\/index.php\/wp-json\/wp\/v2\/comments?post=87541"}],"version-history":[{"count":1,"href":"https:\/\/fuentesfidedignas.com.mx\/index.php\/wp-json\/wp\/v2\/posts\/87541\/revisions"}],"predecessor-version":[{"id":87543,"href":"https:\/\/fuentesfidedignas.com.mx\/index.php\/wp-json\/wp\/v2\/posts\/87541\/revisions\/87543"}],"wp:featuredmedia":[{"embeddable":true,"href":"https:\/\/fuentesfidedignas.com.mx\/index.php\/wp-json\/wp\/v2\/media\/87542"}],"wp:attachment":[{"href":"https:\/\/fuentesfidedignas.com.mx\/index.php\/wp-json\/wp\/v2\/media?parent=87541"}],"wp:term":[{"taxonomy":"category","embeddable":true,"href":"https:\/\/fuentesfidedignas.com.mx\/index.php\/wp-json\/wp\/v2\/categories?post=87541"},{"taxonomy":"post_tag","embeddable":true,"href":"https:\/\/fuentesfidedignas.com.mx\/index.php\/wp-json\/wp\/v2\/tags?post=87541"}],"curies":[{"name":"wp","href":"https:\/\/api.w.org\/{rel}","templated":true}]}}