{"id":87520,"date":"2024-07-28T09:39:10","date_gmt":"2024-07-28T16:39:10","guid":{"rendered":"https:\/\/fuentesfidedignas.com.mx\/?p=87520"},"modified":"2024-07-28T09:39:12","modified_gmt":"2024-07-28T16:39:12","slug":"llegan-fuerzas-de-elite-a-sinaloa-para-reforzar-seguridad-tras-detencion-de-el-mayo","status":"publish","type":"post","link":"https:\/\/fuentesfidedignas.com.mx\/index.php\/2024\/07\/28\/llegan-fuerzas-de-elite-a-sinaloa-para-reforzar-seguridad-tras-detencion-de-el-mayo\/","title":{"rendered":"Llegan fuerzas de \u00e9lite a Sinaloa para reforzar seguridad tras detenci\u00f3n de &#8216;El Mayo&#8217;"},"content":{"rendered":"\n<p><em><strong>A dos d\u00edas del arribo de 200 elementos de las Fuerzas Especiales, m\u00e1s efectivos castrenses arrobaron a la regi\u00f3n.<\/strong><\/em><\/p>\n\n\n\n<p>La ma\u00f1ana de este domingo llegaron por v\u00eda a\u00e9rea m\u00e1s militares a Sinaloa, para reforzar la seguridad ante posibles brotes de violencia que pudieran surgir debido a los reacomodos en el C\u00e1rtel de Sinaloa tras la captura de Ismael El Mayo Zambada, uno de sus l\u00edderes m\u00e1s notorios en los \u00faltimos 40 a\u00f1os.<\/p>\n\n\n\n<p>Este nuevo arribo se da a dos d\u00edas de la llegada de 200 efectivos de las Fuerzas Especiales a la regi\u00f3n, quienes a decir de las propias autoridades militares operar\u00e1n tambi\u00e9n en zonas urbanas.<\/p>\n\n\n\n<p>Los efectivos castrenses arribaron al Aeropuerto Internacional de&nbsp;Culiac\u00e1n en dos aeronaves, una de la Guardia Nacional y otra de la Fuerza A\u00e9rea Mexicana, con el fin de contribuir a inhibir las actividades il\u00edcitas de grupos delictivos con presencia en citada entidad federativa, as\u00ed como&nbsp;preservar y garantizar la libertad, el orden y la paz p\u00fablica de los habitantes&nbsp;de esa regi\u00f3n del pa\u00eds.<\/p>\n\n\n\n<p>Las unidades de Fuerzas Especiales y Fusileros Paracaidistas se\u00a0caracterizan por su rapidez, movilidad, capacidad de despliegue y reacci\u00f3n,\u00a0que les permite generar y explotar con eficacia productos de inteligencia, contando con gran variedad de armamento, material, equipo, aeronaves y adiestramiento especializado para operar en cualquier ambienten\u00a0geogr\u00e1fico.<\/p>\n\n\n\n<p><\/p>\n","protected":false},"excerpt":{"rendered":"<p>A dos d\u00edas del arribo de 200 elementos de las Fuerzas Especiales, m\u00e1s efectivos castrenses arrobaron a la regi\u00f3n. La ma\u00f1ana de este domingo llegaron por v\u00eda a\u00e9rea m\u00e1s militares a Sinaloa, para reforzar la seguridad ante posibles brotes de violencia que pudieran surgir debido a los reacomodos en el C\u00e1rtel de Sinaloa tras la [&hellip;]<\/p>\n","protected":false},"author":9,"featured_media":60024,"comment_status":"open","ping_status":"open","sticky":false,"template":"","format":"standard","meta":{"tdm_status":"","tdm_grid_status":"","footnotes":""},"categories":[37],"tags":[],"class_list":{"0":"post-87520","1":"post","2":"type-post","3":"status-publish","4":"format-standard","5":"has-post-thumbnail","7":"category-nota-principal"},"yoast_head":"<!-- This site is optimized with the Yoast SEO plugin v27.5 - https:\/\/yoast.com\/product\/yoast-seo-wordpress\/ -->\n<title>Llegan fuerzas de \u00e9lite a Sinaloa para reforzar seguridad tras detenci\u00f3n de &#039;El Mayo&#039; - Fuentes Fidedignas<\/title>\n<meta name=\"robots\" content=\"index, follow, max-snippet:-1, max-image-preview:large, max-video-preview:-1\" \/>\n<link rel=\"canonical\" href=\"https:\/\/fuentesfidedignas.com.mx\/index.php\/2024\/07\/28\/llegan-fuerzas-de-elite-a-sinaloa-para-reforzar-seguridad-tras-detencion-de-el-mayo\/\" \/>\n<meta property=\"og:locale\" content=\"es_MX\" \/>\n<meta property=\"og:type\" content=\"article\" \/>\n<meta property=\"og:title\" content=\"Llegan fuerzas de \u00e9lite a Sinaloa para reforzar seguridad tras detenci\u00f3n de &#039;El Mayo&#039; - Fuentes Fidedignas\" \/>\n<meta property=\"og:description\" content=\"A dos d\u00edas del arribo de 200 elementos de las Fuerzas Especiales, m\u00e1s efectivos castrenses arrobaron a la regi\u00f3n. La ma\u00f1ana de este domingo llegaron por v\u00eda a\u00e9rea m\u00e1s militares a Sinaloa, para reforzar la seguridad ante posibles brotes de violencia que pudieran surgir debido a los reacomodos en el C\u00e1rtel de Sinaloa tras la [&hellip;]\" \/>\n<meta property=\"og:url\" content=\"https:\/\/fuentesfidedignas.com.mx\/index.php\/2024\/07\/28\/llegan-fuerzas-de-elite-a-sinaloa-para-reforzar-seguridad-tras-detencion-de-el-mayo\/\" \/>\n<meta property=\"og:site_name\" content=\"Fuentes Fidedignas\" \/>\n<meta property=\"article:publisher\" content=\"https:\/\/www.facebook.com\/Fuentes-Fidedignas-368234489921644\" \/>\n<meta property=\"article:published_time\" content=\"2024-07-28T16:39:10+00:00\" \/>\n<meta property=\"article:modified_time\" content=\"2024-07-28T16:39:12+00:00\" \/>\n<meta property=\"og:image\" content=\"https:\/\/fuentesfidedignas.com.mx\/wp-content\/uploads\/2023\/09\/MILITARES.jpg\" \/>\n\t<meta property=\"og:image:width\" content=\"1117\" \/>\n\t<meta property=\"og:image:height\" content=\"744\" \/>\n\t<meta property=\"og:image:type\" content=\"image\/jpeg\" \/>\n<meta name=\"author\" content=\"Milenio\" \/>\n<meta name=\"twitter:card\" content=\"summary_large_image\" \/>\n<meta name=\"twitter:creator\" content=\"@fidedignas\" \/>\n<meta name=\"twitter:site\" content=\"@fidedignas\" \/>\n<meta name=\"twitter:label1\" content=\"Escrito por\" \/>\n\t<meta name=\"twitter:data1\" content=\"Milenio\" \/>\n\t<meta name=\"twitter:label2\" content=\"Tiempo de lectura\" \/>\n\t<meta name=\"twitter:data2\" content=\"2 minutos\" \/>\n<script type=\"application\/ld+json\" class=\"yoast-schema-graph\">{\"@context\":\"https:\\\/\\\/schema.org\",\"@graph\":[{\"@type\":\"Article\",\"@id\":\"https:\\\/\\\/fuentesfidedignas.com.mx\\\/index.php\\\/2024\\\/07\\\/28\\\/llegan-fuerzas-de-elite-a-sinaloa-para-reforzar-seguridad-tras-detencion-de-el-mayo\\\/#article\",\"isPartOf\":{\"@id\":\"https:\\\/\\\/fuentesfidedignas.com.mx\\\/index.php\\\/2024\\\/07\\\/28\\\/llegan-fuerzas-de-elite-a-sinaloa-para-reforzar-seguridad-tras-detencion-de-el-mayo\\\/\"},\"author\":{\"name\":\"Milenio\",\"@id\":\"https:\\\/\\\/fuentesfidedignas.com.mx\\\/#\\\/schema\\\/person\\\/47ec0135738f4b0c7495f06a77a2c976\"},\"headline\":\"Llegan fuerzas de \u00e9lite a Sinaloa para reforzar seguridad tras detenci\u00f3n de &#8216;El Mayo&#8217;\",\"datePublished\":\"2024-07-28T16:39:10+00:00\",\"dateModified\":\"2024-07-28T16:39:12+00:00\",\"mainEntityOfPage\":{\"@id\":\"https:\\\/\\\/fuentesfidedignas.com.mx\\\/index.php\\\/2024\\\/07\\\/28\\\/llegan-fuerzas-de-elite-a-sinaloa-para-reforzar-seguridad-tras-detencion-de-el-mayo\\\/\"},\"wordCount\":256,\"commentCount\":0,\"publisher\":{\"@id\":\"https:\\\/\\\/fuentesfidedignas.com.mx\\\/#organization\"},\"image\":{\"@id\":\"https:\\\/\\\/fuentesfidedignas.com.mx\\\/index.php\\\/2024\\\/07\\\/28\\\/llegan-fuerzas-de-elite-a-sinaloa-para-reforzar-seguridad-tras-detencion-de-el-mayo\\\/#primaryimage\"},\"thumbnailUrl\":\"https:\\\/\\\/fuentesfidedignas.com.mx\\\/wp-content\\\/uploads\\\/2023\\\/09\\\/MILITARES.jpg\",\"articleSection\":[\"NOTA PRINCIPAL\"],\"inLanguage\":\"es\",\"potentialAction\":[{\"@type\":\"CommentAction\",\"name\":\"Comment\",\"target\":[\"https:\\\/\\\/fuentesfidedignas.com.mx\\\/index.php\\\/2024\\\/07\\\/28\\\/llegan-fuerzas-de-elite-a-sinaloa-para-reforzar-seguridad-tras-detencion-de-el-mayo\\\/#respond\"]}]},{\"@type\":\"WebPage\",\"@id\":\"https:\\\/\\\/fuentesfidedignas.com.mx\\\/index.php\\\/2024\\\/07\\\/28\\\/llegan-fuerzas-de-elite-a-sinaloa-para-reforzar-seguridad-tras-detencion-de-el-mayo\\\/\",\"url\":\"https:\\\/\\\/fuentesfidedignas.com.mx\\\/index.php\\\/2024\\\/07\\\/28\\\/llegan-fuerzas-de-elite-a-sinaloa-para-reforzar-seguridad-tras-detencion-de-el-mayo\\\/\",\"name\":\"Llegan fuerzas de \u00e9lite a Sinaloa para reforzar seguridad tras detenci\u00f3n de 'El Mayo' - Fuentes Fidedignas\",\"isPartOf\":{\"@id\":\"https:\\\/\\\/fuentesfidedignas.com.mx\\\/#website\"},\"primaryImageOfPage\":{\"@id\":\"https:\\\/\\\/fuentesfidedignas.com.mx\\\/index.php\\\/2024\\\/07\\\/28\\\/llegan-fuerzas-de-elite-a-sinaloa-para-reforzar-seguridad-tras-detencion-de-el-mayo\\\/#primaryimage\"},\"image\":{\"@id\":\"https:\\\/\\\/fuentesfidedignas.com.mx\\\/index.php\\\/2024\\\/07\\\/28\\\/llegan-fuerzas-de-elite-a-sinaloa-para-reforzar-seguridad-tras-detencion-de-el-mayo\\\/#primaryimage\"},\"thumbnailUrl\":\"https:\\\/\\\/fuentesfidedignas.com.mx\\\/wp-content\\\/uploads\\\/2023\\\/09\\\/MILITARES.jpg\",\"datePublished\":\"2024-07-28T16:39:10+00:00\",\"dateModified\":\"2024-07-28T16:39:12+00:00\",\"breadcrumb\":{\"@id\":\"https:\\\/\\\/fuentesfidedignas.com.mx\\\/index.php\\\/2024\\\/07\\\/28\\\/llegan-fuerzas-de-elite-a-sinaloa-para-reforzar-seguridad-tras-detencion-de-el-mayo\\\/#breadcrumb\"},\"inLanguage\":\"es\",\"potentialAction\":[{\"@type\":\"ReadAction\",\"target\":[\"https:\\\/\\\/fuentesfidedignas.com.mx\\\/index.php\\\/2024\\\/07\\\/28\\\/llegan-fuerzas-de-elite-a-sinaloa-para-reforzar-seguridad-tras-detencion-de-el-mayo\\\/\"]}]},{\"@type\":\"ImageObject\",\"inLanguage\":\"es\",\"@id\":\"https:\\\/\\\/fuentesfidedignas.com.mx\\\/index.php\\\/2024\\\/07\\\/28\\\/llegan-fuerzas-de-elite-a-sinaloa-para-reforzar-seguridad-tras-detencion-de-el-mayo\\\/#primaryimage\",\"url\":\"https:\\\/\\\/fuentesfidedignas.com.mx\\\/wp-content\\\/uploads\\\/2023\\\/09\\\/MILITARES.jpg\",\"contentUrl\":\"https:\\\/\\\/fuentesfidedignas.com.mx\\\/wp-content\\\/uploads\\\/2023\\\/09\\\/MILITARES.jpg\",\"width\":1117,\"height\":744},{\"@type\":\"BreadcrumbList\",\"@id\":\"https:\\\/\\\/fuentesfidedignas.com.mx\\\/index.php\\\/2024\\\/07\\\/28\\\/llegan-fuerzas-de-elite-a-sinaloa-para-reforzar-seguridad-tras-detencion-de-el-mayo\\\/#breadcrumb\",\"itemListElement\":[{\"@type\":\"ListItem\",\"position\":1,\"name\":\"Inicio\",\"item\":\"https:\\\/\\\/fuentesfidedignas.com.mx\\\/\"},{\"@type\":\"ListItem\",\"position\":2,\"name\":\"Llegan fuerzas de \u00e9lite a Sinaloa para reforzar seguridad tras detenci\u00f3n de &#8216;El Mayo&#8217;\"}]},{\"@type\":\"WebSite\",\"@id\":\"https:\\\/\\\/fuentesfidedignas.com.mx\\\/#website\",\"url\":\"https:\\\/\\\/fuentesfidedignas.com.mx\\\/\",\"name\":\"Fuentes Fidedignas\",\"description\":\"Otro sitio realizado con WordPress\",\"publisher\":{\"@id\":\"https:\\\/\\\/fuentesfidedignas.com.mx\\\/#organization\"},\"potentialAction\":[{\"@type\":\"SearchAction\",\"target\":{\"@type\":\"EntryPoint\",\"urlTemplate\":\"https:\\\/\\\/fuentesfidedignas.com.mx\\\/?s={search_term_string}\"},\"query-input\":{\"@type\":\"PropertyValueSpecification\",\"valueRequired\":true,\"valueName\":\"search_term_string\"}}],\"inLanguage\":\"es\"},{\"@type\":\"Organization\",\"@id\":\"https:\\\/\\\/fuentesfidedignas.com.mx\\\/#organization\",\"name\":\"Fuentes Fidedignas\",\"url\":\"https:\\\/\\\/fuentesfidedignas.com.mx\\\/\",\"logo\":{\"@type\":\"ImageObject\",\"inLanguage\":\"es\",\"@id\":\"https:\\\/\\\/fuentesfidedignas.com.mx\\\/#\\\/schema\\\/logo\\\/image\\\/\",\"url\":\"https:\\\/\\\/fuentesfidedignas.com.mx\\\/wp-content\\\/uploads\\\/2021\\\/04\\\/logo-retina.png\",\"contentUrl\":\"https:\\\/\\\/fuentesfidedignas.com.mx\\\/wp-content\\\/uploads\\\/2021\\\/04\\\/logo-retina.png\",\"width\":280,\"height\":51,\"caption\":\"Fuentes Fidedignas\"},\"image\":{\"@id\":\"https:\\\/\\\/fuentesfidedignas.com.mx\\\/#\\\/schema\\\/logo\\\/image\\\/\"},\"sameAs\":[\"https:\\\/\\\/www.facebook.com\\\/Fuentes-Fidedignas-368234489921644\",\"https:\\\/\\\/x.com\\\/fidedignas\"]},{\"@type\":\"Person\",\"@id\":\"https:\\\/\\\/fuentesfidedignas.com.mx\\\/#\\\/schema\\\/person\\\/47ec0135738f4b0c7495f06a77a2c976\",\"name\":\"Milenio\",\"image\":{\"@type\":\"ImageObject\",\"inLanguage\":\"es\",\"@id\":\"https:\\\/\\\/secure.gravatar.com\\\/avatar\\\/acabf7b54753e51c2c76457954577c236b3b764789b19879565769739d1e4a75?s=96&d=mm&r=g\",\"url\":\"https:\\\/\\\/secure.gravatar.com\\\/avatar\\\/acabf7b54753e51c2c76457954577c236b3b764789b19879565769739d1e4a75?s=96&d=mm&r=g\",\"contentUrl\":\"https:\\\/\\\/secure.gravatar.com\\\/avatar\\\/acabf7b54753e51c2c76457954577c236b3b764789b19879565769739d1e4a75?s=96&d=mm&r=g\",\"caption\":\"Milenio\"},\"url\":\"https:\\\/\\\/fuentesfidedignas.com.mx\\\/index.php\\\/author\\\/milenio\\\/\"}]}<\/script>\n<!-- \/ Yoast SEO plugin. -->","yoast_head_json":{"title":"Llegan fuerzas de \u00e9lite a Sinaloa para reforzar seguridad tras detenci\u00f3n de 'El Mayo' - Fuentes Fidedignas","robots":{"index":"index","follow":"follow","max-snippet":"max-snippet:-1","max-image-preview":"max-image-preview:large","max-video-preview":"max-video-preview:-1"},"canonical":"https:\/\/fuentesfidedignas.com.mx\/index.php\/2024\/07\/28\/llegan-fuerzas-de-elite-a-sinaloa-para-reforzar-seguridad-tras-detencion-de-el-mayo\/","og_locale":"es_MX","og_type":"article","og_title":"Llegan fuerzas de \u00e9lite a Sinaloa para reforzar seguridad tras detenci\u00f3n de 'El Mayo' - Fuentes Fidedignas","og_description":"A dos d\u00edas del arribo de 200 elementos de las Fuerzas Especiales, m\u00e1s efectivos castrenses arrobaron a la regi\u00f3n. La ma\u00f1ana de este domingo llegaron por v\u00eda a\u00e9rea m\u00e1s militares a Sinaloa, para reforzar la seguridad ante posibles brotes de violencia que pudieran surgir debido a los reacomodos en el C\u00e1rtel de Sinaloa tras la [&hellip;]","og_url":"https:\/\/fuentesfidedignas.com.mx\/index.php\/2024\/07\/28\/llegan-fuerzas-de-elite-a-sinaloa-para-reforzar-seguridad-tras-detencion-de-el-mayo\/","og_site_name":"Fuentes Fidedignas","article_publisher":"https:\/\/www.facebook.com\/Fuentes-Fidedignas-368234489921644","article_published_time":"2024-07-28T16:39:10+00:00","article_modified_time":"2024-07-28T16:39:12+00:00","og_image":[{"width":1117,"height":744,"url":"https:\/\/fuentesfidedignas.com.mx\/wp-content\/uploads\/2023\/09\/MILITARES.jpg","type":"image\/jpeg"}],"author":"Milenio","twitter_card":"summary_large_image","twitter_creator":"@fidedignas","twitter_site":"@fidedignas","twitter_misc":{"Escrito por":"Milenio","Tiempo de lectura":"2 minutos"},"schema":{"@context":"https:\/\/schema.org","@graph":[{"@type":"Article","@id":"https:\/\/fuentesfidedignas.com.mx\/index.php\/2024\/07\/28\/llegan-fuerzas-de-elite-a-sinaloa-para-reforzar-seguridad-tras-detencion-de-el-mayo\/#article","isPartOf":{"@id":"https:\/\/fuentesfidedignas.com.mx\/index.php\/2024\/07\/28\/llegan-fuerzas-de-elite-a-sinaloa-para-reforzar-seguridad-tras-detencion-de-el-mayo\/"},"author":{"name":"Milenio","@id":"https:\/\/fuentesfidedignas.com.mx\/#\/schema\/person\/47ec0135738f4b0c7495f06a77a2c976"},"headline":"Llegan fuerzas de \u00e9lite a Sinaloa para reforzar seguridad tras detenci\u00f3n de &#8216;El Mayo&#8217;","datePublished":"2024-07-28T16:39:10+00:00","dateModified":"2024-07-28T16:39:12+00:00","mainEntityOfPage":{"@id":"https:\/\/fuentesfidedignas.com.mx\/index.php\/2024\/07\/28\/llegan-fuerzas-de-elite-a-sinaloa-para-reforzar-seguridad-tras-detencion-de-el-mayo\/"},"wordCount":256,"commentCount":0,"publisher":{"@id":"https:\/\/fuentesfidedignas.com.mx\/#organization"},"image":{"@id":"https:\/\/fuentesfidedignas.com.mx\/index.php\/2024\/07\/28\/llegan-fuerzas-de-elite-a-sinaloa-para-reforzar-seguridad-tras-detencion-de-el-mayo\/#primaryimage"},"thumbnailUrl":"https:\/\/fuentesfidedignas.com.mx\/wp-content\/uploads\/2023\/09\/MILITARES.jpg","articleSection":["NOTA PRINCIPAL"],"inLanguage":"es","potentialAction":[{"@type":"CommentAction","name":"Comment","target":["https:\/\/fuentesfidedignas.com.mx\/index.php\/2024\/07\/28\/llegan-fuerzas-de-elite-a-sinaloa-para-reforzar-seguridad-tras-detencion-de-el-mayo\/#respond"]}]},{"@type":"WebPage","@id":"https:\/\/fuentesfidedignas.com.mx\/index.php\/2024\/07\/28\/llegan-fuerzas-de-elite-a-sinaloa-para-reforzar-seguridad-tras-detencion-de-el-mayo\/","url":"https:\/\/fuentesfidedignas.com.mx\/index.php\/2024\/07\/28\/llegan-fuerzas-de-elite-a-sinaloa-para-reforzar-seguridad-tras-detencion-de-el-mayo\/","name":"Llegan fuerzas de \u00e9lite a Sinaloa para reforzar seguridad tras detenci\u00f3n de 'El Mayo' - Fuentes Fidedignas","isPartOf":{"@id":"https:\/\/fuentesfidedignas.com.mx\/#website"},"primaryImageOfPage":{"@id":"https:\/\/fuentesfidedignas.com.mx\/index.php\/2024\/07\/28\/llegan-fuerzas-de-elite-a-sinaloa-para-reforzar-seguridad-tras-detencion-de-el-mayo\/#primaryimage"},"image":{"@id":"https:\/\/fuentesfidedignas.com.mx\/index.php\/2024\/07\/28\/llegan-fuerzas-de-elite-a-sinaloa-para-reforzar-seguridad-tras-detencion-de-el-mayo\/#primaryimage"},"thumbnailUrl":"https:\/\/fuentesfidedignas.com.mx\/wp-content\/uploads\/2023\/09\/MILITARES.jpg","datePublished":"2024-07-28T16:39:10+00:00","dateModified":"2024-07-28T16:39:12+00:00","breadcrumb":{"@id":"https:\/\/fuentesfidedignas.com.mx\/index.php\/2024\/07\/28\/llegan-fuerzas-de-elite-a-sinaloa-para-reforzar-seguridad-tras-detencion-de-el-mayo\/#breadcrumb"},"inLanguage":"es","potentialAction":[{"@type":"ReadAction","target":["https:\/\/fuentesfidedignas.com.mx\/index.php\/2024\/07\/28\/llegan-fuerzas-de-elite-a-sinaloa-para-reforzar-seguridad-tras-detencion-de-el-mayo\/"]}]},{"@type":"ImageObject","inLanguage":"es","@id":"https:\/\/fuentesfidedignas.com.mx\/index.php\/2024\/07\/28\/llegan-fuerzas-de-elite-a-sinaloa-para-reforzar-seguridad-tras-detencion-de-el-mayo\/#primaryimage","url":"https:\/\/fuentesfidedignas.com.mx\/wp-content\/uploads\/2023\/09\/MILITARES.jpg","contentUrl":"https:\/\/fuentesfidedignas.com.mx\/wp-content\/uploads\/2023\/09\/MILITARES.jpg","width":1117,"height":744},{"@type":"BreadcrumbList","@id":"https:\/\/fuentesfidedignas.com.mx\/index.php\/2024\/07\/28\/llegan-fuerzas-de-elite-a-sinaloa-para-reforzar-seguridad-tras-detencion-de-el-mayo\/#breadcrumb","itemListElement":[{"@type":"ListItem","position":1,"name":"Inicio","item":"https:\/\/fuentesfidedignas.com.mx\/"},{"@type":"ListItem","position":2,"name":"Llegan fuerzas de \u00e9lite a Sinaloa para reforzar seguridad tras detenci\u00f3n de &#8216;El Mayo&#8217;"}]},{"@type":"WebSite","@id":"https:\/\/fuentesfidedignas.com.mx\/#website","url":"https:\/\/fuentesfidedignas.com.mx\/","name":"Fuentes Fidedignas","description":"Otro sitio realizado con WordPress","publisher":{"@id":"https:\/\/fuentesfidedignas.com.mx\/#organization"},"potentialAction":[{"@type":"SearchAction","target":{"@type":"EntryPoint","urlTemplate":"https:\/\/fuentesfidedignas.com.mx\/?s={search_term_string}"},"query-input":{"@type":"PropertyValueSpecification","valueRequired":true,"valueName":"search_term_string"}}],"inLanguage":"es"},{"@type":"Organization","@id":"https:\/\/fuentesfidedignas.com.mx\/#organization","name":"Fuentes Fidedignas","url":"https:\/\/fuentesfidedignas.com.mx\/","logo":{"@type":"ImageObject","inLanguage":"es","@id":"https:\/\/fuentesfidedignas.com.mx\/#\/schema\/logo\/image\/","url":"https:\/\/fuentesfidedignas.com.mx\/wp-content\/uploads\/2021\/04\/logo-retina.png","contentUrl":"https:\/\/fuentesfidedignas.com.mx\/wp-content\/uploads\/2021\/04\/logo-retina.png","width":280,"height":51,"caption":"Fuentes Fidedignas"},"image":{"@id":"https:\/\/fuentesfidedignas.com.mx\/#\/schema\/logo\/image\/"},"sameAs":["https:\/\/www.facebook.com\/Fuentes-Fidedignas-368234489921644","https:\/\/x.com\/fidedignas"]},{"@type":"Person","@id":"https:\/\/fuentesfidedignas.com.mx\/#\/schema\/person\/47ec0135738f4b0c7495f06a77a2c976","name":"Milenio","image":{"@type":"ImageObject","inLanguage":"es","@id":"https:\/\/secure.gravatar.com\/avatar\/acabf7b54753e51c2c76457954577c236b3b764789b19879565769739d1e4a75?s=96&d=mm&r=g","url":"https:\/\/secure.gravatar.com\/avatar\/acabf7b54753e51c2c76457954577c236b3b764789b19879565769739d1e4a75?s=96&d=mm&r=g","contentUrl":"https:\/\/secure.gravatar.com\/avatar\/acabf7b54753e51c2c76457954577c236b3b764789b19879565769739d1e4a75?s=96&d=mm&r=g","caption":"Milenio"},"url":"https:\/\/fuentesfidedignas.com.mx\/index.php\/author\/milenio\/"}]}},"_links":{"self":[{"href":"https:\/\/fuentesfidedignas.com.mx\/index.php\/wp-json\/wp\/v2\/posts\/87520","targetHints":{"allow":["GET"]}}],"collection":[{"href":"https:\/\/fuentesfidedignas.com.mx\/index.php\/wp-json\/wp\/v2\/posts"}],"about":[{"href":"https:\/\/fuentesfidedignas.com.mx\/index.php\/wp-json\/wp\/v2\/types\/post"}],"author":[{"embeddable":true,"href":"https:\/\/fuentesfidedignas.com.mx\/index.php\/wp-json\/wp\/v2\/users\/9"}],"replies":[{"embeddable":true,"href":"https:\/\/fuentesfidedignas.com.mx\/index.php\/wp-json\/wp\/v2\/comments?post=87520"}],"version-history":[{"count":1,"href":"https:\/\/fuentesfidedignas.com.mx\/index.php\/wp-json\/wp\/v2\/posts\/87520\/revisions"}],"predecessor-version":[{"id":87521,"href":"https:\/\/fuentesfidedignas.com.mx\/index.php\/wp-json\/wp\/v2\/posts\/87520\/revisions\/87521"}],"wp:featuredmedia":[{"embeddable":true,"href":"https:\/\/fuentesfidedignas.com.mx\/index.php\/wp-json\/wp\/v2\/media\/60024"}],"wp:attachment":[{"href":"https:\/\/fuentesfidedignas.com.mx\/index.php\/wp-json\/wp\/v2\/media?parent=87520"}],"wp:term":[{"taxonomy":"category","embeddable":true,"href":"https:\/\/fuentesfidedignas.com.mx\/index.php\/wp-json\/wp\/v2\/categories?post=87520"},{"taxonomy":"post_tag","embeddable":true,"href":"https:\/\/fuentesfidedignas.com.mx\/index.php\/wp-json\/wp\/v2\/tags?post=87520"}],"curies":[{"name":"wp","href":"https:\/\/api.w.org\/{rel}","templated":true}]}}