{"id":87389,"date":"2024-07-26T08:48:14","date_gmt":"2024-07-26T15:48:14","guid":{"rendered":"https:\/\/fuentesfidedignas.com.mx\/?p=87389"},"modified":"2024-07-26T15:13:41","modified_gmt":"2024-07-26T22:13:41","slug":"amlo-lamenta-el-asesinato-de-hector-melesio-cuen-en-sinaloa","status":"publish","type":"post","link":"https:\/\/fuentesfidedignas.com.mx\/index.php\/2024\/07\/26\/amlo-lamenta-el-asesinato-de-hector-melesio-cuen-en-sinaloa\/","title":{"rendered":"AMLO lamenta el asesinato de H\u00e9ctor Melesio Cu\u00e9n en Sinaloa"},"content":{"rendered":"\n<p><strong><em>El presidente L\u00f3pez Obrador indic\u00f3 que se va a investigar el homicidio del exrector del UAS y fundador del PAS, H\u00e9ctor Melesio Cu\u00e9n<\/em><\/strong><\/p>\n\n\n\n<p>Ciudad de M\u00e9xico.- El presidente Andr\u00e9s Manuel L\u00f3pez Obrador lament\u00f3 el asesinato de H\u00e9ctor Melesio Cu\u00e9n, exrector de la UAS, fundador del Partido Sinaloense y diputado electo.<\/p>\n\n\n\n<p>En la conferencia matutina de Palacio Nacional, L\u00f3pez Obrador envi\u00f3 el p\u00e9same a familiares de Cu\u00e9n Ojeda, amigos, alumnos y miembros de su organizaci\u00f3n pol\u00edtica.<\/p>\n\n\n\n<p>\u201cNos enteramos en la ma\u00f1ana de este caso muy lamentable, s\u00ed est\u00e1 confirmado el asesinato del exrector de la Universidad de Sinaloa, pero tambi\u00e9n diputado electo por un distrito de Sinaloa. Se est\u00e1 solicitando informaci\u00f3n\u201d, dijo.<\/p>\n\n\n\n<p>Yo expres\u00f3 mi p\u00e9same a sus familiares, a sus amigos, a los alumnos y maestros de la Universidad de Sinaloa, a los militantes de su partido, porque era dirigente de una organizaci\u00f3n pol\u00edtica \u201c, se\u00f1al\u00f3.<\/p>\n\n\n\n<p>\u201cVamos a investigar c\u00f3mo se dieron los hechos, No tenemos mucha informaci\u00f3n porque parece que fue anoche ya tarde, pero vamos a informar el d\u00eda de hoy\u201d, puntualiz\u00f3.<\/p>\n\n\n\n<p>El pol\u00edtico sinaloense H\u00e9ctor Melesio Cu\u00e9n Ojeda fue asesinado la noche del jueves en una localidad de Culiac\u00e1n.<\/p>\n\n\n\n<p>El homicidio fue confirmado por la fiscal estatal Sara Bruna Qui\u00f1\u00f3nez Estrada por medio de un mensaje en redes sociales.<\/p>\n\n\n\n<p>\u201cLa noche de este jueves 25 de julio, H\u00e9ctor Melesio Cu\u00e9n Ojeda, exrector de la UAS y fundador del PAS fue v\u00edctima al parecer de una agresi\u00f3n con arma de fuego a consecuencia de cuyas heridas lamentablemente perdi\u00f3 la vida con posterioridad en una cl\u00ednica particular en esta ciudad\u201d, explic\u00f3.<\/p>\n\n\n\n<p>Seg\u00fan medios locales, el pol\u00edtico sinaloense fue atacado a balazos en el poblado La Presita, al norte de Culiac\u00e1n. Fue llevado a un hospital de la ciudad, donde muri\u00f3.<\/p>\n\n\n\n<p>Rub\u00e9n Rocha Moya, gobernador, de Sinaloa, pidi\u00f3 una investigaci\u00f3n exhaustiva por el homicidio de H\u00e9ctor Melesio Cu\u00e9n.<\/p>\n","protected":false},"excerpt":{"rendered":"<p>El presidente L\u00f3pez Obrador indic\u00f3 que se va a investigar el homicidio del exrector del UAS y fundador del PAS, H\u00e9ctor Melesio Cu\u00e9n Ciudad de M\u00e9xico.- El presidente Andr\u00e9s Manuel L\u00f3pez Obrador lament\u00f3 el asesinato de H\u00e9ctor Melesio Cu\u00e9n, exrector de la UAS, fundador del Partido Sinaloense y diputado electo. En la conferencia matutina de [&hellip;]<\/p>\n","protected":false},"author":47,"featured_media":86577,"comment_status":"open","ping_status":"open","sticky":false,"template":"","format":"standard","meta":{"tdm_status":"","tdm_grid_status":"","footnotes":""},"categories":[39],"tags":[],"class_list":{"0":"post-87389","1":"post","2":"type-post","3":"status-publish","4":"format-standard","5":"has-post-thumbnail","7":"category-noticias-nacionales"},"yoast_head":"<!-- This site is optimized with the Yoast SEO plugin v27.5 - https:\/\/yoast.com\/product\/yoast-seo-wordpress\/ -->\n<title>AMLO lamenta el asesinato de H\u00e9ctor Melesio Cu\u00e9n en Sinaloa - Fuentes Fidedignas<\/title>\n<meta name=\"robots\" content=\"index, follow, max-snippet:-1, max-image-preview:large, max-video-preview:-1\" \/>\n<link rel=\"canonical\" href=\"https:\/\/fuentesfidedignas.com.mx\/index.php\/2024\/07\/26\/amlo-lamenta-el-asesinato-de-hector-melesio-cuen-en-sinaloa\/\" \/>\n<meta property=\"og:locale\" content=\"es_MX\" \/>\n<meta property=\"og:type\" content=\"article\" \/>\n<meta property=\"og:title\" content=\"AMLO lamenta el asesinato de H\u00e9ctor Melesio Cu\u00e9n en Sinaloa - Fuentes Fidedignas\" \/>\n<meta property=\"og:description\" content=\"El presidente L\u00f3pez Obrador indic\u00f3 que se va a investigar el homicidio del exrector del UAS y fundador del PAS, H\u00e9ctor Melesio Cu\u00e9n Ciudad de M\u00e9xico.- El presidente Andr\u00e9s Manuel L\u00f3pez Obrador lament\u00f3 el asesinato de H\u00e9ctor Melesio Cu\u00e9n, exrector de la UAS, fundador del Partido Sinaloense y diputado electo. En la conferencia matutina de [&hellip;]\" \/>\n<meta property=\"og:url\" content=\"https:\/\/fuentesfidedignas.com.mx\/index.php\/2024\/07\/26\/amlo-lamenta-el-asesinato-de-hector-melesio-cuen-en-sinaloa\/\" \/>\n<meta property=\"og:site_name\" content=\"Fuentes Fidedignas\" \/>\n<meta property=\"article:publisher\" content=\"https:\/\/www.facebook.com\/Fuentes-Fidedignas-368234489921644\" \/>\n<meta property=\"article:published_time\" content=\"2024-07-26T15:48:14+00:00\" \/>\n<meta property=\"article:modified_time\" content=\"2024-07-26T22:13:41+00:00\" \/>\n<meta property=\"og:image\" content=\"https:\/\/fuentesfidedignas.com.mx\/wp-content\/uploads\/2024\/07\/amlo-mananera.jpg\" \/>\n\t<meta property=\"og:image:width\" content=\"650\" \/>\n\t<meta property=\"og:image:height\" content=\"322\" \/>\n\t<meta property=\"og:image:type\" content=\"image\/jpeg\" \/>\n<meta name=\"author\" content=\"L\u00f3pez D\u00f3riga\" \/>\n<meta name=\"twitter:card\" content=\"summary_large_image\" \/>\n<meta name=\"twitter:creator\" content=\"@fidedignas\" \/>\n<meta name=\"twitter:site\" content=\"@fidedignas\" \/>\n<meta name=\"twitter:label1\" content=\"Escrito por\" \/>\n\t<meta name=\"twitter:data1\" content=\"L\u00f3pez D\u00f3riga\" \/>\n\t<meta name=\"twitter:label2\" content=\"Tiempo de lectura\" \/>\n\t<meta name=\"twitter:data2\" content=\"2 minutos\" \/>\n<script type=\"application\/ld+json\" class=\"yoast-schema-graph\">{\"@context\":\"https:\\\/\\\/schema.org\",\"@graph\":[{\"@type\":\"Article\",\"@id\":\"https:\\\/\\\/fuentesfidedignas.com.mx\\\/index.php\\\/2024\\\/07\\\/26\\\/amlo-lamenta-el-asesinato-de-hector-melesio-cuen-en-sinaloa\\\/#article\",\"isPartOf\":{\"@id\":\"https:\\\/\\\/fuentesfidedignas.com.mx\\\/index.php\\\/2024\\\/07\\\/26\\\/amlo-lamenta-el-asesinato-de-hector-melesio-cuen-en-sinaloa\\\/\"},\"author\":{\"name\":\"L\u00f3pez D\u00f3riga\",\"@id\":\"https:\\\/\\\/fuentesfidedignas.com.mx\\\/#\\\/schema\\\/person\\\/67d852f0557c8509146a4b9ddebd543a\"},\"headline\":\"AMLO lamenta el asesinato de H\u00e9ctor Melesio Cu\u00e9n en Sinaloa\",\"datePublished\":\"2024-07-26T15:48:14+00:00\",\"dateModified\":\"2024-07-26T22:13:41+00:00\",\"mainEntityOfPage\":{\"@id\":\"https:\\\/\\\/fuentesfidedignas.com.mx\\\/index.php\\\/2024\\\/07\\\/26\\\/amlo-lamenta-el-asesinato-de-hector-melesio-cuen-en-sinaloa\\\/\"},\"wordCount\":359,\"commentCount\":0,\"publisher\":{\"@id\":\"https:\\\/\\\/fuentesfidedignas.com.mx\\\/#organization\"},\"image\":{\"@id\":\"https:\\\/\\\/fuentesfidedignas.com.mx\\\/index.php\\\/2024\\\/07\\\/26\\\/amlo-lamenta-el-asesinato-de-hector-melesio-cuen-en-sinaloa\\\/#primaryimage\"},\"thumbnailUrl\":\"https:\\\/\\\/fuentesfidedignas.com.mx\\\/wp-content\\\/uploads\\\/2024\\\/07\\\/amlo-mananera.jpg\",\"articleSection\":[\"NOTICIAS NACIONALES\"],\"inLanguage\":\"es\",\"potentialAction\":[{\"@type\":\"CommentAction\",\"name\":\"Comment\",\"target\":[\"https:\\\/\\\/fuentesfidedignas.com.mx\\\/index.php\\\/2024\\\/07\\\/26\\\/amlo-lamenta-el-asesinato-de-hector-melesio-cuen-en-sinaloa\\\/#respond\"]}]},{\"@type\":\"WebPage\",\"@id\":\"https:\\\/\\\/fuentesfidedignas.com.mx\\\/index.php\\\/2024\\\/07\\\/26\\\/amlo-lamenta-el-asesinato-de-hector-melesio-cuen-en-sinaloa\\\/\",\"url\":\"https:\\\/\\\/fuentesfidedignas.com.mx\\\/index.php\\\/2024\\\/07\\\/26\\\/amlo-lamenta-el-asesinato-de-hector-melesio-cuen-en-sinaloa\\\/\",\"name\":\"AMLO lamenta el asesinato de H\u00e9ctor Melesio Cu\u00e9n en Sinaloa - Fuentes Fidedignas\",\"isPartOf\":{\"@id\":\"https:\\\/\\\/fuentesfidedignas.com.mx\\\/#website\"},\"primaryImageOfPage\":{\"@id\":\"https:\\\/\\\/fuentesfidedignas.com.mx\\\/index.php\\\/2024\\\/07\\\/26\\\/amlo-lamenta-el-asesinato-de-hector-melesio-cuen-en-sinaloa\\\/#primaryimage\"},\"image\":{\"@id\":\"https:\\\/\\\/fuentesfidedignas.com.mx\\\/index.php\\\/2024\\\/07\\\/26\\\/amlo-lamenta-el-asesinato-de-hector-melesio-cuen-en-sinaloa\\\/#primaryimage\"},\"thumbnailUrl\":\"https:\\\/\\\/fuentesfidedignas.com.mx\\\/wp-content\\\/uploads\\\/2024\\\/07\\\/amlo-mananera.jpg\",\"datePublished\":\"2024-07-26T15:48:14+00:00\",\"dateModified\":\"2024-07-26T22:13:41+00:00\",\"breadcrumb\":{\"@id\":\"https:\\\/\\\/fuentesfidedignas.com.mx\\\/index.php\\\/2024\\\/07\\\/26\\\/amlo-lamenta-el-asesinato-de-hector-melesio-cuen-en-sinaloa\\\/#breadcrumb\"},\"inLanguage\":\"es\",\"potentialAction\":[{\"@type\":\"ReadAction\",\"target\":[\"https:\\\/\\\/fuentesfidedignas.com.mx\\\/index.php\\\/2024\\\/07\\\/26\\\/amlo-lamenta-el-asesinato-de-hector-melesio-cuen-en-sinaloa\\\/\"]}]},{\"@type\":\"ImageObject\",\"inLanguage\":\"es\",\"@id\":\"https:\\\/\\\/fuentesfidedignas.com.mx\\\/index.php\\\/2024\\\/07\\\/26\\\/amlo-lamenta-el-asesinato-de-hector-melesio-cuen-en-sinaloa\\\/#primaryimage\",\"url\":\"https:\\\/\\\/fuentesfidedignas.com.mx\\\/wp-content\\\/uploads\\\/2024\\\/07\\\/amlo-mananera.jpg\",\"contentUrl\":\"https:\\\/\\\/fuentesfidedignas.com.mx\\\/wp-content\\\/uploads\\\/2024\\\/07\\\/amlo-mananera.jpg\",\"width\":650,\"height\":322},{\"@type\":\"BreadcrumbList\",\"@id\":\"https:\\\/\\\/fuentesfidedignas.com.mx\\\/index.php\\\/2024\\\/07\\\/26\\\/amlo-lamenta-el-asesinato-de-hector-melesio-cuen-en-sinaloa\\\/#breadcrumb\",\"itemListElement\":[{\"@type\":\"ListItem\",\"position\":1,\"name\":\"Inicio\",\"item\":\"https:\\\/\\\/fuentesfidedignas.com.mx\\\/\"},{\"@type\":\"ListItem\",\"position\":2,\"name\":\"AMLO lamenta el asesinato de H\u00e9ctor Melesio Cu\u00e9n en Sinaloa\"}]},{\"@type\":\"WebSite\",\"@id\":\"https:\\\/\\\/fuentesfidedignas.com.mx\\\/#website\",\"url\":\"https:\\\/\\\/fuentesfidedignas.com.mx\\\/\",\"name\":\"Fuentes Fidedignas\",\"description\":\"Otro sitio realizado con WordPress\",\"publisher\":{\"@id\":\"https:\\\/\\\/fuentesfidedignas.com.mx\\\/#organization\"},\"potentialAction\":[{\"@type\":\"SearchAction\",\"target\":{\"@type\":\"EntryPoint\",\"urlTemplate\":\"https:\\\/\\\/fuentesfidedignas.com.mx\\\/?s={search_term_string}\"},\"query-input\":{\"@type\":\"PropertyValueSpecification\",\"valueRequired\":true,\"valueName\":\"search_term_string\"}}],\"inLanguage\":\"es\"},{\"@type\":\"Organization\",\"@id\":\"https:\\\/\\\/fuentesfidedignas.com.mx\\\/#organization\",\"name\":\"Fuentes Fidedignas\",\"url\":\"https:\\\/\\\/fuentesfidedignas.com.mx\\\/\",\"logo\":{\"@type\":\"ImageObject\",\"inLanguage\":\"es\",\"@id\":\"https:\\\/\\\/fuentesfidedignas.com.mx\\\/#\\\/schema\\\/logo\\\/image\\\/\",\"url\":\"https:\\\/\\\/fuentesfidedignas.com.mx\\\/wp-content\\\/uploads\\\/2021\\\/04\\\/logo-retina.png\",\"contentUrl\":\"https:\\\/\\\/fuentesfidedignas.com.mx\\\/wp-content\\\/uploads\\\/2021\\\/04\\\/logo-retina.png\",\"width\":280,\"height\":51,\"caption\":\"Fuentes Fidedignas\"},\"image\":{\"@id\":\"https:\\\/\\\/fuentesfidedignas.com.mx\\\/#\\\/schema\\\/logo\\\/image\\\/\"},\"sameAs\":[\"https:\\\/\\\/www.facebook.com\\\/Fuentes-Fidedignas-368234489921644\",\"https:\\\/\\\/x.com\\\/fidedignas\"]},{\"@type\":\"Person\",\"@id\":\"https:\\\/\\\/fuentesfidedignas.com.mx\\\/#\\\/schema\\\/person\\\/67d852f0557c8509146a4b9ddebd543a\",\"name\":\"L\u00f3pez D\u00f3riga\",\"image\":{\"@type\":\"ImageObject\",\"inLanguage\":\"es\",\"@id\":\"https:\\\/\\\/secure.gravatar.com\\\/avatar\\\/e525b06574ca18b33cded59dfe5778d6c823b9513154eff47da551b0551bdd1e?s=96&d=mm&r=g\",\"url\":\"https:\\\/\\\/secure.gravatar.com\\\/avatar\\\/e525b06574ca18b33cded59dfe5778d6c823b9513154eff47da551b0551bdd1e?s=96&d=mm&r=g\",\"contentUrl\":\"https:\\\/\\\/secure.gravatar.com\\\/avatar\\\/e525b06574ca18b33cded59dfe5778d6c823b9513154eff47da551b0551bdd1e?s=96&d=mm&r=g\",\"caption\":\"L\u00f3pez D\u00f3riga\"},\"url\":\"https:\\\/\\\/fuentesfidedignas.com.mx\\\/index.php\\\/author\\\/doriga\\\/\"}]}<\/script>\n<!-- \/ Yoast SEO plugin. -->","yoast_head_json":{"title":"AMLO lamenta el asesinato de H\u00e9ctor Melesio Cu\u00e9n en Sinaloa - Fuentes Fidedignas","robots":{"index":"index","follow":"follow","max-snippet":"max-snippet:-1","max-image-preview":"max-image-preview:large","max-video-preview":"max-video-preview:-1"},"canonical":"https:\/\/fuentesfidedignas.com.mx\/index.php\/2024\/07\/26\/amlo-lamenta-el-asesinato-de-hector-melesio-cuen-en-sinaloa\/","og_locale":"es_MX","og_type":"article","og_title":"AMLO lamenta el asesinato de H\u00e9ctor Melesio Cu\u00e9n en Sinaloa - Fuentes Fidedignas","og_description":"El presidente L\u00f3pez Obrador indic\u00f3 que se va a investigar el homicidio del exrector del UAS y fundador del PAS, H\u00e9ctor Melesio Cu\u00e9n Ciudad de M\u00e9xico.- El presidente Andr\u00e9s Manuel L\u00f3pez Obrador lament\u00f3 el asesinato de H\u00e9ctor Melesio Cu\u00e9n, exrector de la UAS, fundador del Partido Sinaloense y diputado electo. En la conferencia matutina de [&hellip;]","og_url":"https:\/\/fuentesfidedignas.com.mx\/index.php\/2024\/07\/26\/amlo-lamenta-el-asesinato-de-hector-melesio-cuen-en-sinaloa\/","og_site_name":"Fuentes Fidedignas","article_publisher":"https:\/\/www.facebook.com\/Fuentes-Fidedignas-368234489921644","article_published_time":"2024-07-26T15:48:14+00:00","article_modified_time":"2024-07-26T22:13:41+00:00","og_image":[{"width":650,"height":322,"url":"https:\/\/fuentesfidedignas.com.mx\/wp-content\/uploads\/2024\/07\/amlo-mananera.jpg","type":"image\/jpeg"}],"author":"L\u00f3pez D\u00f3riga","twitter_card":"summary_large_image","twitter_creator":"@fidedignas","twitter_site":"@fidedignas","twitter_misc":{"Escrito por":"L\u00f3pez D\u00f3riga","Tiempo de lectura":"2 minutos"},"schema":{"@context":"https:\/\/schema.org","@graph":[{"@type":"Article","@id":"https:\/\/fuentesfidedignas.com.mx\/index.php\/2024\/07\/26\/amlo-lamenta-el-asesinato-de-hector-melesio-cuen-en-sinaloa\/#article","isPartOf":{"@id":"https:\/\/fuentesfidedignas.com.mx\/index.php\/2024\/07\/26\/amlo-lamenta-el-asesinato-de-hector-melesio-cuen-en-sinaloa\/"},"author":{"name":"L\u00f3pez D\u00f3riga","@id":"https:\/\/fuentesfidedignas.com.mx\/#\/schema\/person\/67d852f0557c8509146a4b9ddebd543a"},"headline":"AMLO lamenta el asesinato de H\u00e9ctor Melesio Cu\u00e9n en Sinaloa","datePublished":"2024-07-26T15:48:14+00:00","dateModified":"2024-07-26T22:13:41+00:00","mainEntityOfPage":{"@id":"https:\/\/fuentesfidedignas.com.mx\/index.php\/2024\/07\/26\/amlo-lamenta-el-asesinato-de-hector-melesio-cuen-en-sinaloa\/"},"wordCount":359,"commentCount":0,"publisher":{"@id":"https:\/\/fuentesfidedignas.com.mx\/#organization"},"image":{"@id":"https:\/\/fuentesfidedignas.com.mx\/index.php\/2024\/07\/26\/amlo-lamenta-el-asesinato-de-hector-melesio-cuen-en-sinaloa\/#primaryimage"},"thumbnailUrl":"https:\/\/fuentesfidedignas.com.mx\/wp-content\/uploads\/2024\/07\/amlo-mananera.jpg","articleSection":["NOTICIAS NACIONALES"],"inLanguage":"es","potentialAction":[{"@type":"CommentAction","name":"Comment","target":["https:\/\/fuentesfidedignas.com.mx\/index.php\/2024\/07\/26\/amlo-lamenta-el-asesinato-de-hector-melesio-cuen-en-sinaloa\/#respond"]}]},{"@type":"WebPage","@id":"https:\/\/fuentesfidedignas.com.mx\/index.php\/2024\/07\/26\/amlo-lamenta-el-asesinato-de-hector-melesio-cuen-en-sinaloa\/","url":"https:\/\/fuentesfidedignas.com.mx\/index.php\/2024\/07\/26\/amlo-lamenta-el-asesinato-de-hector-melesio-cuen-en-sinaloa\/","name":"AMLO lamenta el asesinato de H\u00e9ctor Melesio Cu\u00e9n en Sinaloa - Fuentes Fidedignas","isPartOf":{"@id":"https:\/\/fuentesfidedignas.com.mx\/#website"},"primaryImageOfPage":{"@id":"https:\/\/fuentesfidedignas.com.mx\/index.php\/2024\/07\/26\/amlo-lamenta-el-asesinato-de-hector-melesio-cuen-en-sinaloa\/#primaryimage"},"image":{"@id":"https:\/\/fuentesfidedignas.com.mx\/index.php\/2024\/07\/26\/amlo-lamenta-el-asesinato-de-hector-melesio-cuen-en-sinaloa\/#primaryimage"},"thumbnailUrl":"https:\/\/fuentesfidedignas.com.mx\/wp-content\/uploads\/2024\/07\/amlo-mananera.jpg","datePublished":"2024-07-26T15:48:14+00:00","dateModified":"2024-07-26T22:13:41+00:00","breadcrumb":{"@id":"https:\/\/fuentesfidedignas.com.mx\/index.php\/2024\/07\/26\/amlo-lamenta-el-asesinato-de-hector-melesio-cuen-en-sinaloa\/#breadcrumb"},"inLanguage":"es","potentialAction":[{"@type":"ReadAction","target":["https:\/\/fuentesfidedignas.com.mx\/index.php\/2024\/07\/26\/amlo-lamenta-el-asesinato-de-hector-melesio-cuen-en-sinaloa\/"]}]},{"@type":"ImageObject","inLanguage":"es","@id":"https:\/\/fuentesfidedignas.com.mx\/index.php\/2024\/07\/26\/amlo-lamenta-el-asesinato-de-hector-melesio-cuen-en-sinaloa\/#primaryimage","url":"https:\/\/fuentesfidedignas.com.mx\/wp-content\/uploads\/2024\/07\/amlo-mananera.jpg","contentUrl":"https:\/\/fuentesfidedignas.com.mx\/wp-content\/uploads\/2024\/07\/amlo-mananera.jpg","width":650,"height":322},{"@type":"BreadcrumbList","@id":"https:\/\/fuentesfidedignas.com.mx\/index.php\/2024\/07\/26\/amlo-lamenta-el-asesinato-de-hector-melesio-cuen-en-sinaloa\/#breadcrumb","itemListElement":[{"@type":"ListItem","position":1,"name":"Inicio","item":"https:\/\/fuentesfidedignas.com.mx\/"},{"@type":"ListItem","position":2,"name":"AMLO lamenta el asesinato de H\u00e9ctor Melesio Cu\u00e9n en Sinaloa"}]},{"@type":"WebSite","@id":"https:\/\/fuentesfidedignas.com.mx\/#website","url":"https:\/\/fuentesfidedignas.com.mx\/","name":"Fuentes Fidedignas","description":"Otro sitio realizado con WordPress","publisher":{"@id":"https:\/\/fuentesfidedignas.com.mx\/#organization"},"potentialAction":[{"@type":"SearchAction","target":{"@type":"EntryPoint","urlTemplate":"https:\/\/fuentesfidedignas.com.mx\/?s={search_term_string}"},"query-input":{"@type":"PropertyValueSpecification","valueRequired":true,"valueName":"search_term_string"}}],"inLanguage":"es"},{"@type":"Organization","@id":"https:\/\/fuentesfidedignas.com.mx\/#organization","name":"Fuentes Fidedignas","url":"https:\/\/fuentesfidedignas.com.mx\/","logo":{"@type":"ImageObject","inLanguage":"es","@id":"https:\/\/fuentesfidedignas.com.mx\/#\/schema\/logo\/image\/","url":"https:\/\/fuentesfidedignas.com.mx\/wp-content\/uploads\/2021\/04\/logo-retina.png","contentUrl":"https:\/\/fuentesfidedignas.com.mx\/wp-content\/uploads\/2021\/04\/logo-retina.png","width":280,"height":51,"caption":"Fuentes Fidedignas"},"image":{"@id":"https:\/\/fuentesfidedignas.com.mx\/#\/schema\/logo\/image\/"},"sameAs":["https:\/\/www.facebook.com\/Fuentes-Fidedignas-368234489921644","https:\/\/x.com\/fidedignas"]},{"@type":"Person","@id":"https:\/\/fuentesfidedignas.com.mx\/#\/schema\/person\/67d852f0557c8509146a4b9ddebd543a","name":"L\u00f3pez D\u00f3riga","image":{"@type":"ImageObject","inLanguage":"es","@id":"https:\/\/secure.gravatar.com\/avatar\/e525b06574ca18b33cded59dfe5778d6c823b9513154eff47da551b0551bdd1e?s=96&d=mm&r=g","url":"https:\/\/secure.gravatar.com\/avatar\/e525b06574ca18b33cded59dfe5778d6c823b9513154eff47da551b0551bdd1e?s=96&d=mm&r=g","contentUrl":"https:\/\/secure.gravatar.com\/avatar\/e525b06574ca18b33cded59dfe5778d6c823b9513154eff47da551b0551bdd1e?s=96&d=mm&r=g","caption":"L\u00f3pez D\u00f3riga"},"url":"https:\/\/fuentesfidedignas.com.mx\/index.php\/author\/doriga\/"}]}},"_links":{"self":[{"href":"https:\/\/fuentesfidedignas.com.mx\/index.php\/wp-json\/wp\/v2\/posts\/87389","targetHints":{"allow":["GET"]}}],"collection":[{"href":"https:\/\/fuentesfidedignas.com.mx\/index.php\/wp-json\/wp\/v2\/posts"}],"about":[{"href":"https:\/\/fuentesfidedignas.com.mx\/index.php\/wp-json\/wp\/v2\/types\/post"}],"author":[{"embeddable":true,"href":"https:\/\/fuentesfidedignas.com.mx\/index.php\/wp-json\/wp\/v2\/users\/47"}],"replies":[{"embeddable":true,"href":"https:\/\/fuentesfidedignas.com.mx\/index.php\/wp-json\/wp\/v2\/comments?post=87389"}],"version-history":[{"count":1,"href":"https:\/\/fuentesfidedignas.com.mx\/index.php\/wp-json\/wp\/v2\/posts\/87389\/revisions"}],"predecessor-version":[{"id":87390,"href":"https:\/\/fuentesfidedignas.com.mx\/index.php\/wp-json\/wp\/v2\/posts\/87389\/revisions\/87390"}],"wp:featuredmedia":[{"embeddable":true,"href":"https:\/\/fuentesfidedignas.com.mx\/index.php\/wp-json\/wp\/v2\/media\/86577"}],"wp:attachment":[{"href":"https:\/\/fuentesfidedignas.com.mx\/index.php\/wp-json\/wp\/v2\/media?parent=87389"}],"wp:term":[{"taxonomy":"category","embeddable":true,"href":"https:\/\/fuentesfidedignas.com.mx\/index.php\/wp-json\/wp\/v2\/categories?post=87389"},{"taxonomy":"post_tag","embeddable":true,"href":"https:\/\/fuentesfidedignas.com.mx\/index.php\/wp-json\/wp\/v2\/tags?post=87389"}],"curies":[{"name":"wp","href":"https:\/\/api.w.org\/{rel}","templated":true}]}}